{"id":319795,"date":"2026-02-16T16:37:36","date_gmt":"2026-02-16T19:37:36","guid":{"rendered":"https:\/\/diariotextual.com\/inicio\/?p=319795"},"modified":"2026-02-17T11:26:53","modified_gmt":"2026-02-17T14:26:53","slug":"la-cgt-convoco-a-un-paro-general-para-cuando-se-trate-la-reforma-laboral-en-diputados","status":"publish","type":"post","link":"https:\/\/diariotextual.com\/inicio\/index.php\/2026\/02\/16\/la-cgt-convoco-a-un-paro-general-para-cuando-se-trate-la-reforma-laboral-en-diputados\/","title":{"rendered":"La CGT convoc\u00f3 a un paro general para cuando se trate la reforma laboral en Diputados"},"content":{"rendered":"\n<p>La c\u00fapula directiva de la <strong>Confederaci\u00f3n General del Trabajo (CGT)<\/strong> convoc\u00f3 este lunes a un <strong>paro general<\/strong> sin movilizaci\u00f3n para la jornada en la que se discuta la <strong>reforma laboral<\/strong> en la C\u00e1mara de Diputados.<\/p>\n\n\n\n<p>La decisi\u00f3n se conoci\u00f3 luego de una reuni\u00f3n virtual entre los cotitulares de la central obrera, Octavio Arg\u00fcello (Camioneros), Jorge Sola (Seguro) y Cristian Jer\u00f3nimo (empleados del vidrio).<\/p>\n\n\n\n<p>Seg\u00fan indicaron fuentes de la CGT a la Agencia Noticias Argentinas, la central realizar\u00e1 un <strong>paro nacional<\/strong> el d\u00eda en que se trate el proyecto en Diputados, con adhesi\u00f3n de todos los gremios del transporte, aunque sin una movilizaci\u00f3n convocada de manera org\u00e1nica. De todos modos, habr\u00e1 \u201c<strong>libertad de acci\u00f3n<\/strong>\u201d para los sindicatos del sector.<\/p>\n\n\n\n<p>La medida fue definida por el consejo directivo de la entidad luego de una reuni\u00f3n por Zoom que se inici\u00f3 al mediod\u00eda y concluy\u00f3 minutos antes de las 14.<\/p>\n\n\n\n<p>El mi\u00e9rcoles a las 11, en tanto, la CGT brindar\u00e1 una <strong>conferencia de prensa<\/strong> en la sede de Azopardo para ampliar declaraciones.<\/p>\n\n\n\n<p>El malestar sindical se profundiz\u00f3 luego de la aprobaci\u00f3n en el Senado del <strong>art\u00edculo 44<\/strong> de la reforma laboral, que limita el derecho a percibir el salario completo durante una licencia por enfermedad o accidente no relacionado con la actividad laboral.<\/p>\n\n\n\n<p>Seg\u00fan el texto, los trabajadores afectados recibir\u00e1n un <strong>50% del salario<\/strong>, con la opci\u00f3n de alcanzar un <strong>75%<\/strong> si la situaci\u00f3n no se debe a una acci\u00f3n voluntaria ni a un conocimiento previo del riesgo.<\/p>\n\n\n\n<p>Este recorte, seg\u00fan fuentes oficiales, no hab\u00eda formado parte del debate original y gener\u00f3 cr\u00edticas internas y externas dentro de la CGT.<\/p>\n\n\n\n<p><\/p>\n","protected":false},"excerpt":{"rendered":"<p>La c\u00fapula directiva de la Confederaci\u00f3n General del Trabajo (CGT) convoc\u00f3 este lunes a un paro general sin movilizaci\u00f3n para la jornada en la que se discuta la reforma laboral&hellip;<\/p>\n","protected":false},"author":3,"featured_media":297265,"comment_status":"closed","ping_status":"open","sticky":false,"template":"","format":"standard","meta":{"_acf_changed":false,"footnotes":""},"categories":[1,8],"tags":[],"class_list":["post-319795","post","type-post","status-publish","format-standard","has-post-thumbnail","hentry","category-es-noticia","category-politica"],"acf":[],"yoast_head":"<!-- This site is optimized with the Yoast SEO plugin v27.5 - https:\/\/yoast.com\/product\/yoast-seo-wordpress\/ -->\n<title>La CGT convoc\u00f3 a un paro general para cuando se trate la reforma laboral en Diputados - Diario Textual<\/title>\n<meta name=\"robots\" content=\"index, follow, max-snippet:-1, max-image-preview:large, max-video-preview:-1\" \/>\n<link rel=\"canonical\" href=\"https:\/\/diariotextual.com\/inicio\/index.php\/2026\/02\/16\/la-cgt-convoco-a-un-paro-general-para-cuando-se-trate-la-reforma-laboral-en-diputados\/\" \/>\n<meta property=\"og:locale\" content=\"es_ES\" \/>\n<meta property=\"og:type\" content=\"article\" \/>\n<meta property=\"og:title\" content=\"La CGT convoc\u00f3 a un paro general para cuando se trate la reforma laboral en Diputados - Diario Textual\" \/>\n<meta property=\"og:description\" content=\"La c\u00fapula directiva de la Confederaci\u00f3n General del Trabajo (CGT) convoc\u00f3 este lunes a un paro general sin movilizaci\u00f3n para la jornada en la que se discuta la reforma laboral&hellip;\" \/>\n<meta property=\"og:url\" content=\"https:\/\/diariotextual.com\/inicio\/index.php\/2026\/02\/16\/la-cgt-convoco-a-un-paro-general-para-cuando-se-trate-la-reforma-laboral-en-diputados\/\" \/>\n<meta property=\"og:site_name\" content=\"Diario Textual\" \/>\n<meta property=\"article:publisher\" content=\"https:\/\/www.facebook.com\/eltextual\" \/>\n<meta property=\"article:published_time\" content=\"2026-02-16T19:37:36+00:00\" \/>\n<meta property=\"article:modified_time\" content=\"2026-02-17T14:26:53+00:00\" \/>\n<meta property=\"og:image\" content=\"https:\/\/diariotextual.com\/inicio\/wp-content\/uploads\/2025\/05\/cgtmovilizacion2025.webp\" \/>\n\t<meta property=\"og:image:width\" content=\"1400\" \/>\n\t<meta property=\"og:image:height\" content=\"934\" \/>\n\t<meta property=\"og:image:type\" content=\"image\/webp\" \/>\n<meta name=\"author\" content=\"Diario1 Diario1\" \/>\n<meta name=\"twitter:card\" content=\"summary_large_image\" \/>\n<meta name=\"twitter:creator\" content=\"@eltextual\" \/>\n<meta name=\"twitter:site\" content=\"@eltextual\" \/>\n<meta name=\"twitter:label1\" content=\"Escrito por\" \/>\n\t<meta name=\"twitter:data1\" content=\"Diario1 Diario1\" \/>\n\t<meta name=\"twitter:label2\" content=\"Tiempo de lectura\" \/>\n\t<meta name=\"twitter:data2\" content=\"2 minutos\" \/>\n<script type=\"application\/ld+json\" class=\"yoast-schema-graph\">{\"@context\":\"https:\\\/\\\/schema.org\",\"@graph\":[{\"@type\":\"Article\",\"@id\":\"https:\\\/\\\/diariotextual.com\\\/inicio\\\/index.php\\\/2026\\\/02\\\/16\\\/la-cgt-convoco-a-un-paro-general-para-cuando-se-trate-la-reforma-laboral-en-diputados\\\/#article\",\"isPartOf\":{\"@id\":\"https:\\\/\\\/diariotextual.com\\\/inicio\\\/index.php\\\/2026\\\/02\\\/16\\\/la-cgt-convoco-a-un-paro-general-para-cuando-se-trate-la-reforma-laboral-en-diputados\\\/\"},\"author\":{\"name\":\"Diario1 Diario1\",\"@id\":\"https:\\\/\\\/diariotextual.com\\\/inicio\\\/#\\\/schema\\\/person\\\/418fc4093c33e86ed41562db3508f958\"},\"headline\":\"La CGT convoc\u00f3 a un paro general para cuando se trate la reforma laboral en Diputados\",\"datePublished\":\"2026-02-16T19:37:36+00:00\",\"dateModified\":\"2026-02-17T14:26:53+00:00\",\"mainEntityOfPage\":{\"@id\":\"https:\\\/\\\/diariotextual.com\\\/inicio\\\/index.php\\\/2026\\\/02\\\/16\\\/la-cgt-convoco-a-un-paro-general-para-cuando-se-trate-la-reforma-laboral-en-diputados\\\/\"},\"wordCount\":305,\"publisher\":{\"@id\":\"https:\\\/\\\/diariotextual.com\\\/inicio\\\/#organization\"},\"image\":{\"@id\":\"https:\\\/\\\/diariotextual.com\\\/inicio\\\/index.php\\\/2026\\\/02\\\/16\\\/la-cgt-convoco-a-un-paro-general-para-cuando-se-trate-la-reforma-laboral-en-diputados\\\/#primaryimage\"},\"thumbnailUrl\":\"https:\\\/\\\/diariotextual.com\\\/inicio\\\/wp-content\\\/uploads\\\/2025\\\/05\\\/cgtmovilizacion2025.webp\",\"articleSection\":[\"A - ES NOTICIA (van abajo)\",\"POLITICA\"],\"inLanguage\":\"es\"},{\"@type\":\"WebPage\",\"@id\":\"https:\\\/\\\/diariotextual.com\\\/inicio\\\/index.php\\\/2026\\\/02\\\/16\\\/la-cgt-convoco-a-un-paro-general-para-cuando-se-trate-la-reforma-laboral-en-diputados\\\/\",\"url\":\"https:\\\/\\\/diariotextual.com\\\/inicio\\\/index.php\\\/2026\\\/02\\\/16\\\/la-cgt-convoco-a-un-paro-general-para-cuando-se-trate-la-reforma-laboral-en-diputados\\\/\",\"name\":\"La CGT convoc\u00f3 a un paro general para cuando se trate la reforma laboral en Diputados - Diario Textual\",\"isPartOf\":{\"@id\":\"https:\\\/\\\/diariotextual.com\\\/inicio\\\/#website\"},\"primaryImageOfPage\":{\"@id\":\"https:\\\/\\\/diariotextual.com\\\/inicio\\\/index.php\\\/2026\\\/02\\\/16\\\/la-cgt-convoco-a-un-paro-general-para-cuando-se-trate-la-reforma-laboral-en-diputados\\\/#primaryimage\"},\"image\":{\"@id\":\"https:\\\/\\\/diariotextual.com\\\/inicio\\\/index.php\\\/2026\\\/02\\\/16\\\/la-cgt-convoco-a-un-paro-general-para-cuando-se-trate-la-reforma-laboral-en-diputados\\\/#primaryimage\"},\"thumbnailUrl\":\"https:\\\/\\\/diariotextual.com\\\/inicio\\\/wp-content\\\/uploads\\\/2025\\\/05\\\/cgtmovilizacion2025.webp\",\"datePublished\":\"2026-02-16T19:37:36+00:00\",\"dateModified\":\"2026-02-17T14:26:53+00:00\",\"breadcrumb\":{\"@id\":\"https:\\\/\\\/diariotextual.com\\\/inicio\\\/index.php\\\/2026\\\/02\\\/16\\\/la-cgt-convoco-a-un-paro-general-para-cuando-se-trate-la-reforma-laboral-en-diputados\\\/#breadcrumb\"},\"inLanguage\":\"es\",\"potentialAction\":[{\"@type\":\"ReadAction\",\"target\":[\"https:\\\/\\\/diariotextual.com\\\/inicio\\\/index.php\\\/2026\\\/02\\\/16\\\/la-cgt-convoco-a-un-paro-general-para-cuando-se-trate-la-reforma-laboral-en-diputados\\\/\"]}]},{\"@type\":\"ImageObject\",\"inLanguage\":\"es\",\"@id\":\"https:\\\/\\\/diariotextual.com\\\/inicio\\\/index.php\\\/2026\\\/02\\\/16\\\/la-cgt-convoco-a-un-paro-general-para-cuando-se-trate-la-reforma-laboral-en-diputados\\\/#primaryimage\",\"url\":\"https:\\\/\\\/diariotextual.com\\\/inicio\\\/wp-content\\\/uploads\\\/2025\\\/05\\\/cgtmovilizacion2025.webp\",\"contentUrl\":\"https:\\\/\\\/diariotextual.com\\\/inicio\\\/wp-content\\\/uploads\\\/2025\\\/05\\\/cgtmovilizacion2025.webp\",\"width\":1400,\"height\":934},{\"@type\":\"BreadcrumbList\",\"@id\":\"https:\\\/\\\/diariotextual.com\\\/inicio\\\/index.php\\\/2026\\\/02\\\/16\\\/la-cgt-convoco-a-un-paro-general-para-cuando-se-trate-la-reforma-laboral-en-diputados\\\/#breadcrumb\",\"itemListElement\":[{\"@type\":\"ListItem\",\"position\":1,\"name\":\"Portada\",\"item\":\"https:\\\/\\\/diariotextual.com\\\/inicio\\\/\"},{\"@type\":\"ListItem\",\"position\":2,\"name\":\"La CGT convoc\u00f3 a un paro general para cuando se trate la reforma laboral en Diputados\"}]},{\"@type\":\"WebSite\",\"@id\":\"https:\\\/\\\/diariotextual.com\\\/inicio\\\/#website\",\"url\":\"https:\\\/\\\/diariotextual.com\\\/inicio\\\/\",\"name\":\"Diario Textual\",\"description\":\"\",\"publisher\":{\"@id\":\"https:\\\/\\\/diariotextual.com\\\/inicio\\\/#organization\"},\"potentialAction\":[{\"@type\":\"SearchAction\",\"target\":{\"@type\":\"EntryPoint\",\"urlTemplate\":\"https:\\\/\\\/diariotextual.com\\\/inicio\\\/?s={search_term_string}\"},\"query-input\":{\"@type\":\"PropertyValueSpecification\",\"valueRequired\":true,\"valueName\":\"search_term_string\"}}],\"inLanguage\":\"es\"},{\"@type\":\"Organization\",\"@id\":\"https:\\\/\\\/diariotextual.com\\\/inicio\\\/#organization\",\"name\":\"Diario Textual\",\"url\":\"https:\\\/\\\/diariotextual.com\\\/inicio\\\/\",\"logo\":{\"@type\":\"ImageObject\",\"inLanguage\":\"es\",\"@id\":\"https:\\\/\\\/diariotextual.com\\\/inicio\\\/#\\\/schema\\\/logo\\\/image\\\/\",\"url\":\"https:\\\/\\\/diariotextual.com\\\/inicio\\\/wp-content\\\/uploads\\\/2023\\\/05\\\/logotextual1.jpg\",\"contentUrl\":\"https:\\\/\\\/diariotextual.com\\\/inicio\\\/wp-content\\\/uploads\\\/2023\\\/05\\\/logotextual1.jpg\",\"width\":516,\"height\":76,\"caption\":\"Diario Textual\"},\"image\":{\"@id\":\"https:\\\/\\\/diariotextual.com\\\/inicio\\\/#\\\/schema\\\/logo\\\/image\\\/\"},\"sameAs\":[\"https:\\\/\\\/www.facebook.com\\\/eltextual\",\"https:\\\/\\\/x.com\\\/eltextual\",\"http:\\\/\\\/www.instagram.com\\\/eltextual\"]},{\"@type\":\"Person\",\"@id\":\"https:\\\/\\\/diariotextual.com\\\/inicio\\\/#\\\/schema\\\/person\\\/418fc4093c33e86ed41562db3508f958\",\"name\":\"Diario1 Diario1\",\"image\":{\"@type\":\"ImageObject\",\"inLanguage\":\"es\",\"@id\":\"https:\\\/\\\/secure.gravatar.com\\\/avatar\\\/9167d280179c85bc18be67aa7eda765854300033af4896dd779b608640f2ef7a?s=96&d=mm&r=g\",\"url\":\"https:\\\/\\\/secure.gravatar.com\\\/avatar\\\/9167d280179c85bc18be67aa7eda765854300033af4896dd779b608640f2ef7a?s=96&d=mm&r=g\",\"contentUrl\":\"https:\\\/\\\/secure.gravatar.com\\\/avatar\\\/9167d280179c85bc18be67aa7eda765854300033af4896dd779b608640f2ef7a?s=96&d=mm&r=g\",\"caption\":\"Diario1 Diario1\"},\"url\":\"https:\\\/\\\/diariotextual.com\\\/inicio\\\/index.php\\\/author\\\/diario1\\\/\"}]}<\/script>\n<!-- \/ Yoast SEO plugin. -->","yoast_head_json":{"title":"La CGT convoc\u00f3 a un paro general para cuando se trate la reforma laboral en Diputados - Diario Textual","robots":{"index":"index","follow":"follow","max-snippet":"max-snippet:-1","max-image-preview":"max-image-preview:large","max-video-preview":"max-video-preview:-1"},"canonical":"https:\/\/diariotextual.com\/inicio\/index.php\/2026\/02\/16\/la-cgt-convoco-a-un-paro-general-para-cuando-se-trate-la-reforma-laboral-en-diputados\/","og_locale":"es_ES","og_type":"article","og_title":"La CGT convoc\u00f3 a un paro general para cuando se trate la reforma laboral en Diputados - Diario Textual","og_description":"La c\u00fapula directiva de la Confederaci\u00f3n General del Trabajo (CGT) convoc\u00f3 este lunes a un paro general sin movilizaci\u00f3n para la jornada en la que se discuta la reforma laboral&hellip;","og_url":"https:\/\/diariotextual.com\/inicio\/index.php\/2026\/02\/16\/la-cgt-convoco-a-un-paro-general-para-cuando-se-trate-la-reforma-laboral-en-diputados\/","og_site_name":"Diario Textual","article_publisher":"https:\/\/www.facebook.com\/eltextual","article_published_time":"2026-02-16T19:37:36+00:00","article_modified_time":"2026-02-17T14:26:53+00:00","og_image":[{"width":1400,"height":934,"url":"https:\/\/diariotextual.com\/inicio\/wp-content\/uploads\/2025\/05\/cgtmovilizacion2025.webp","type":"image\/webp"}],"author":"Diario1 Diario1","twitter_card":"summary_large_image","twitter_creator":"@eltextual","twitter_site":"@eltextual","twitter_misc":{"Escrito por":"Diario1 Diario1","Tiempo de lectura":"2 minutos"},"schema":{"@context":"https:\/\/schema.org","@graph":[{"@type":"Article","@id":"https:\/\/diariotextual.com\/inicio\/index.php\/2026\/02\/16\/la-cgt-convoco-a-un-paro-general-para-cuando-se-trate-la-reforma-laboral-en-diputados\/#article","isPartOf":{"@id":"https:\/\/diariotextual.com\/inicio\/index.php\/2026\/02\/16\/la-cgt-convoco-a-un-paro-general-para-cuando-se-trate-la-reforma-laboral-en-diputados\/"},"author":{"name":"Diario1 Diario1","@id":"https:\/\/diariotextual.com\/inicio\/#\/schema\/person\/418fc4093c33e86ed41562db3508f958"},"headline":"La CGT convoc\u00f3 a un paro general para cuando se trate la reforma laboral en Diputados","datePublished":"2026-02-16T19:37:36+00:00","dateModified":"2026-02-17T14:26:53+00:00","mainEntityOfPage":{"@id":"https:\/\/diariotextual.com\/inicio\/index.php\/2026\/02\/16\/la-cgt-convoco-a-un-paro-general-para-cuando-se-trate-la-reforma-laboral-en-diputados\/"},"wordCount":305,"publisher":{"@id":"https:\/\/diariotextual.com\/inicio\/#organization"},"image":{"@id":"https:\/\/diariotextual.com\/inicio\/index.php\/2026\/02\/16\/la-cgt-convoco-a-un-paro-general-para-cuando-se-trate-la-reforma-laboral-en-diputados\/#primaryimage"},"thumbnailUrl":"https:\/\/diariotextual.com\/inicio\/wp-content\/uploads\/2025\/05\/cgtmovilizacion2025.webp","articleSection":["A - ES NOTICIA (van abajo)","POLITICA"],"inLanguage":"es"},{"@type":"WebPage","@id":"https:\/\/diariotextual.com\/inicio\/index.php\/2026\/02\/16\/la-cgt-convoco-a-un-paro-general-para-cuando-se-trate-la-reforma-laboral-en-diputados\/","url":"https:\/\/diariotextual.com\/inicio\/index.php\/2026\/02\/16\/la-cgt-convoco-a-un-paro-general-para-cuando-se-trate-la-reforma-laboral-en-diputados\/","name":"La CGT convoc\u00f3 a un paro general para cuando se trate la reforma laboral en Diputados - Diario Textual","isPartOf":{"@id":"https:\/\/diariotextual.com\/inicio\/#website"},"primaryImageOfPage":{"@id":"https:\/\/diariotextual.com\/inicio\/index.php\/2026\/02\/16\/la-cgt-convoco-a-un-paro-general-para-cuando-se-trate-la-reforma-laboral-en-diputados\/#primaryimage"},"image":{"@id":"https:\/\/diariotextual.com\/inicio\/index.php\/2026\/02\/16\/la-cgt-convoco-a-un-paro-general-para-cuando-se-trate-la-reforma-laboral-en-diputados\/#primaryimage"},"thumbnailUrl":"https:\/\/diariotextual.com\/inicio\/wp-content\/uploads\/2025\/05\/cgtmovilizacion2025.webp","datePublished":"2026-02-16T19:37:36+00:00","dateModified":"2026-02-17T14:26:53+00:00","breadcrumb":{"@id":"https:\/\/diariotextual.com\/inicio\/index.php\/2026\/02\/16\/la-cgt-convoco-a-un-paro-general-para-cuando-se-trate-la-reforma-laboral-en-diputados\/#breadcrumb"},"inLanguage":"es","potentialAction":[{"@type":"ReadAction","target":["https:\/\/diariotextual.com\/inicio\/index.php\/2026\/02\/16\/la-cgt-convoco-a-un-paro-general-para-cuando-se-trate-la-reforma-laboral-en-diputados\/"]}]},{"@type":"ImageObject","inLanguage":"es","@id":"https:\/\/diariotextual.com\/inicio\/index.php\/2026\/02\/16\/la-cgt-convoco-a-un-paro-general-para-cuando-se-trate-la-reforma-laboral-en-diputados\/#primaryimage","url":"https:\/\/diariotextual.com\/inicio\/wp-content\/uploads\/2025\/05\/cgtmovilizacion2025.webp","contentUrl":"https:\/\/diariotextual.com\/inicio\/wp-content\/uploads\/2025\/05\/cgtmovilizacion2025.webp","width":1400,"height":934},{"@type":"BreadcrumbList","@id":"https:\/\/diariotextual.com\/inicio\/index.php\/2026\/02\/16\/la-cgt-convoco-a-un-paro-general-para-cuando-se-trate-la-reforma-laboral-en-diputados\/#breadcrumb","itemListElement":[{"@type":"ListItem","position":1,"name":"Portada","item":"https:\/\/diariotextual.com\/inicio\/"},{"@type":"ListItem","position":2,"name":"La CGT convoc\u00f3 a un paro general para cuando se trate la reforma laboral en Diputados"}]},{"@type":"WebSite","@id":"https:\/\/diariotextual.com\/inicio\/#website","url":"https:\/\/diariotextual.com\/inicio\/","name":"Diario Textual","description":"","publisher":{"@id":"https:\/\/diariotextual.com\/inicio\/#organization"},"potentialAction":[{"@type":"SearchAction","target":{"@type":"EntryPoint","urlTemplate":"https:\/\/diariotextual.com\/inicio\/?s={search_term_string}"},"query-input":{"@type":"PropertyValueSpecification","valueRequired":true,"valueName":"search_term_string"}}],"inLanguage":"es"},{"@type":"Organization","@id":"https:\/\/diariotextual.com\/inicio\/#organization","name":"Diario Textual","url":"https:\/\/diariotextual.com\/inicio\/","logo":{"@type":"ImageObject","inLanguage":"es","@id":"https:\/\/diariotextual.com\/inicio\/#\/schema\/logo\/image\/","url":"https:\/\/diariotextual.com\/inicio\/wp-content\/uploads\/2023\/05\/logotextual1.jpg","contentUrl":"https:\/\/diariotextual.com\/inicio\/wp-content\/uploads\/2023\/05\/logotextual1.jpg","width":516,"height":76,"caption":"Diario Textual"},"image":{"@id":"https:\/\/diariotextual.com\/inicio\/#\/schema\/logo\/image\/"},"sameAs":["https:\/\/www.facebook.com\/eltextual","https:\/\/x.com\/eltextual","http:\/\/www.instagram.com\/eltextual"]},{"@type":"Person","@id":"https:\/\/diariotextual.com\/inicio\/#\/schema\/person\/418fc4093c33e86ed41562db3508f958","name":"Diario1 Diario1","image":{"@type":"ImageObject","inLanguage":"es","@id":"https:\/\/secure.gravatar.com\/avatar\/9167d280179c85bc18be67aa7eda765854300033af4896dd779b608640f2ef7a?s=96&d=mm&r=g","url":"https:\/\/secure.gravatar.com\/avatar\/9167d280179c85bc18be67aa7eda765854300033af4896dd779b608640f2ef7a?s=96&d=mm&r=g","contentUrl":"https:\/\/secure.gravatar.com\/avatar\/9167d280179c85bc18be67aa7eda765854300033af4896dd779b608640f2ef7a?s=96&d=mm&r=g","caption":"Diario1 Diario1"},"url":"https:\/\/diariotextual.com\/inicio\/index.php\/author\/diario1\/"}]}},"_links":{"self":[{"href":"https:\/\/diariotextual.com\/inicio\/index.php\/wp-json\/wp\/v2\/posts\/319795","targetHints":{"allow":["GET"]}}],"collection":[{"href":"https:\/\/diariotextual.com\/inicio\/index.php\/wp-json\/wp\/v2\/posts"}],"about":[{"href":"https:\/\/diariotextual.com\/inicio\/index.php\/wp-json\/wp\/v2\/types\/post"}],"author":[{"embeddable":true,"href":"https:\/\/diariotextual.com\/inicio\/index.php\/wp-json\/wp\/v2\/users\/3"}],"replies":[{"embeddable":true,"href":"https:\/\/diariotextual.com\/inicio\/index.php\/wp-json\/wp\/v2\/comments?post=319795"}],"version-history":[{"count":2,"href":"https:\/\/diariotextual.com\/inicio\/index.php\/wp-json\/wp\/v2\/posts\/319795\/revisions"}],"predecessor-version":[{"id":319797,"href":"https:\/\/diariotextual.com\/inicio\/index.php\/wp-json\/wp\/v2\/posts\/319795\/revisions\/319797"}],"wp:featuredmedia":[{"embeddable":true,"href":"https:\/\/diariotextual.com\/inicio\/index.php\/wp-json\/wp\/v2\/media\/297265"}],"wp:attachment":[{"href":"https:\/\/diariotextual.com\/inicio\/index.php\/wp-json\/wp\/v2\/media?parent=319795"}],"wp:term":[{"taxonomy":"category","embeddable":true,"href":"https:\/\/diariotextual.com\/inicio\/index.php\/wp-json\/wp\/v2\/categories?post=319795"},{"taxonomy":"post_tag","embeddable":true,"href":"https:\/\/diariotextual.com\/inicio\/index.php\/wp-json\/wp\/v2\/tags?post=319795"}],"curies":[{"name":"wp","href":"https:\/\/api.w.org\/{rel}","templated":true}]}}