{"id":319798,"date":"2026-02-16T17:26:43","date_gmt":"2026-02-16T20:26:43","guid":{"rendered":"https:\/\/diariotextual.com\/inicio\/?p=319798"},"modified":"2026-02-16T17:26:47","modified_gmt":"2026-02-16T20:26:47","slug":"denuncia-penal-a-sturzenegger-por-contrato-de-114-millones-de-pesos-con-la-aaci","status":"publish","type":"post","link":"https:\/\/diariotextual.com\/inicio\/index.php\/2026\/02\/16\/denuncia-penal-a-sturzenegger-por-contrato-de-114-millones-de-pesos-con-la-aaci\/","title":{"rendered":"Denuncia penal a Sturzenegger por contrato de 114 millones de pesos con la AACI"},"content":{"rendered":"\n<p>Los abogados Jos\u00e9 Lucas Magioncalda y Juan Mart\u00edn Fazio presentaron este lunes una denuncia penal para sorteo ante la C\u00e1mara Criminal y Correccional Federal contra el ministro de Desregulaci\u00f3n y Transformaci\u00f3n del Estado, Federico Sturzenegger, y otros funcionarios por la presunta omisi\u00f3n de publicaci\u00f3n en la web de la Oficina Anticorrupci\u00f3n (OA), prevista en el Decreto 202\/2017, en el marco de la contrataci\u00f3n de Canciller\u00eda con la Asociaci\u00f3n Argentina de Cultura Inglesa (AACI).<\/p>\n\n\n\n<p>Seg\u00fan la Agencia Noticias Argentinas, la constancia de presentaci\u00f3n indica que la denuncia fue remitida el 16 de febrero de 2026 a las 13:55 al correo de sorteos de la C\u00e1mara, junto al escrito adjunto \u201cDENUNCIA PUBLICACI\u00d3N STURZENEGGER Y OTROS\u201d.<\/p>\n\n\n\n<p>En el escrito, los denunciantes \u2014que pidieron ser identificados como integrantes de Reset Republicano, \u201cuna agrupaci\u00f3n pol\u00edtica del centro republicano comprometida con la lucha anticorrupci\u00f3n y la construcci\u00f3n de una alternativa pol\u00edtica moderada\u201d\u2014 solicitaron tambi\u00e9n que se investigue la conducta de Mar\u00eda Josefina Rouillet, c\u00f3nyuge del ministro y directiva de la entidad adjudicataria.<\/p>\n\n\n\n<p>La presentaci\u00f3n menciona que la Subsecretar\u00eda de Coordinaci\u00f3n y Administraci\u00f3n Exterior dict\u00f3 la Disposici\u00f3n 21\/2026 (DI-2026-21-APN-SSCYAE#MRE) el 19 de enero de 2026, por la cual se adjudic\u00f3 a la AACI la Adjudicaci\u00f3n Simple por Especialidad N\u00b0 26-0033-CDI25 por $114.044.133, con opci\u00f3n de pr\u00f3rroga, para la continuidad del servicio de capacitaci\u00f3n en ingl\u00e9s del personal de Canciller\u00eda, en el marco del Plan Estrat\u00e9gico de Capacitaci\u00f3n (PEC) 2025\u20132027.<\/p>\n\n\n\n<p>Seg\u00fan el texto, la propia disposici\u00f3n consign\u00f3 que de la Declaraci\u00f3n Jurada de Intereses surgi\u00f3 un \u201cv\u00ednculo positivo\u201d entre Rouillet y Sturzenegger, y que se activaron los procedimientos del art\u00edculo 4\u00b0 del decreto: comunicaci\u00f3n a OA y SIGEN, sugerencia de un Pacto de Integridad y publicaci\u00f3n de actuaciones en el sitio del ministerio.<\/p>\n\n\n\n<p>Sin embargo, los denunciantes afirmaron que, al consultar el buscador de \u201cCasos informados a la OA\u201d, constataron que, al 15 de febrero de 2026, no figuraban publicaciones registradas sobre la recepci\u00f3n de la declaraci\u00f3n jurada correspondiente al caso y sostuvieron que esa presunta omisi\u00f3n afect\u00f3 un requisito \u201cclave\u201d de transparencia.<\/p>\n\n\n\n<p>En el cap\u00edtulo \u201cDerecho\u201d, el escrito encuadr\u00f3 los hechos en los posibles delitos de incumplimiento de deberes (art. 248 del C\u00f3digo Penal) y negociaciones incompatibles (art. 265), y se\u00f1al\u00f3 que el tema tom\u00f3 dimensi\u00f3n p\u00fablica porque fue noticia en distintos medios, como la Agencia Noticias Argentinas, que la denuncia menciona expresamente.<\/p>\n\n\n\n<p>En la presentaci\u00f3n tambi\u00e9n introdujo un antecedente: se asegur\u00f3 que en 2024 estuvo vigente otro contrato entre \u201cid\u00e9nticos contratantes\u201d y se pidi\u00f3 verificar si correspond\u00eda una actualizaci\u00f3n de la declaraci\u00f3n jurada dentro del plazo que prev\u00e9 el decreto, y si esa actualizaci\u00f3n fue publicada en el sitio de la OA.<\/p>\n\n\n\n<p>La denuncia lleg\u00f3 luego de una investigaci\u00f3n period\u00edstica de la Agencia Noticias Argentinas que revel\u00f3 la adjudicaci\u00f3n de $114.044.133 a la entidad dirigida por Rouillet y el posterior cruce p\u00fablico: el canciller Pablo Quirno neg\u00f3 irregularidades, afirm\u00f3 que la Canciller\u00eda contrata a la AACI \u201cdesde 2018\u201d y sostuvo que, por existir v\u00ednculo familiar, se activ\u00f3 el procedimiento de integridad con intervenci\u00f3n de OA y SIGEN.<\/p>\n\n\n\n<figure class=\"wp-block-embed is-type-wp-embed is-provider-diario-textual wp-block-embed-diario-textual\"><div class=\"wp-block-embed__wrapper\">\n<blockquote class=\"wp-embedded-content\" data-secret=\"0jeyE1DNSm\"><a href=\"https:\/\/diariotextual.com\/inicio\/index.php\/2026\/02\/15\/cancilleria-adjudico-114-millones-a-ong-de-esposa-de-sturzenegger-pagan-la-hora-mucho-mas-que-el-salario-de-un-docente-universitario\/\">Canciller\u00eda adjudic\u00f3 $114 millones a ONG de esposa de Sturzenegger: pagan la hora mucho m\u00e1s que el salario de un docente universitario<\/a><\/blockquote><iframe class=\"wp-embedded-content\" sandbox=\"allow-scripts\" security=\"restricted\" style=\"position: absolute; visibility: hidden;\" title=\"\u00abCanciller\u00eda adjudic\u00f3 $114 millones a ONG de esposa de Sturzenegger: pagan la hora mucho m\u00e1s que el salario de un docente universitario\u00bb \u2014 Diario Textual\" src=\"https:\/\/diariotextual.com\/inicio\/index.php\/2026\/02\/15\/cancilleria-adjudico-114-millones-a-ong-de-esposa-de-sturzenegger-pagan-la-hora-mucho-mas-que-el-salario-de-un-docente-universitario\/embed\/#?secret=rO3c3SPEWz#?secret=0jeyE1DNSm\" data-secret=\"0jeyE1DNSm\" width=\"600\" height=\"338\" frameborder=\"0\" marginwidth=\"0\" marginheight=\"0\" scrolling=\"no\"><\/iframe>\n<\/div><\/figure>\n","protected":false},"excerpt":{"rendered":"<p>Los abogados Jos\u00e9 Lucas Magioncalda y Juan Mart\u00edn Fazio presentaron este lunes una denuncia penal para sorteo ante la C\u00e1mara Criminal y Correccional Federal contra el ministro de Desregulaci\u00f3n y&hellip;<\/p>\n","protected":false},"author":5,"featured_media":283042,"comment_status":"closed","ping_status":"open","sticky":false,"template":"","format":"standard","meta":{"_acf_changed":false,"footnotes":""},"categories":[1,8],"tags":[],"class_list":["post-319798","post","type-post","status-publish","format-standard","has-post-thumbnail","hentry","category-es-noticia","category-politica"],"acf":[],"yoast_head":"<!-- This site is optimized with the Yoast SEO plugin v27.4 - https:\/\/yoast.com\/product\/yoast-seo-wordpress\/ -->\n<title>Denuncia penal a Sturzenegger por contrato de 114 millones de pesos con la AACI - Diario Textual<\/title>\n<meta name=\"robots\" content=\"index, follow, max-snippet:-1, max-image-preview:large, max-video-preview:-1\" \/>\n<link rel=\"canonical\" href=\"https:\/\/diariotextual.com\/inicio\/index.php\/2026\/02\/16\/denuncia-penal-a-sturzenegger-por-contrato-de-114-millones-de-pesos-con-la-aaci\/\" \/>\n<meta property=\"og:locale\" content=\"es_ES\" \/>\n<meta property=\"og:type\" content=\"article\" \/>\n<meta property=\"og:title\" content=\"Denuncia penal a Sturzenegger por contrato de 114 millones de pesos con la AACI - Diario Textual\" \/>\n<meta property=\"og:description\" content=\"Los abogados Jos\u00e9 Lucas Magioncalda y Juan Mart\u00edn Fazio presentaron este lunes una denuncia penal para sorteo ante la C\u00e1mara Criminal y Correccional Federal contra el ministro de Desregulaci\u00f3n y&hellip;\" \/>\n<meta property=\"og:url\" content=\"https:\/\/diariotextual.com\/inicio\/index.php\/2026\/02\/16\/denuncia-penal-a-sturzenegger-por-contrato-de-114-millones-de-pesos-con-la-aaci\/\" \/>\n<meta property=\"og:site_name\" content=\"Diario Textual\" \/>\n<meta property=\"article:publisher\" content=\"https:\/\/www.facebook.com\/eltextual\" \/>\n<meta property=\"article:published_time\" content=\"2026-02-16T20:26:43+00:00\" \/>\n<meta property=\"article:modified_time\" content=\"2026-02-16T20:26:47+00:00\" \/>\n<meta property=\"og:image\" content=\"https:\/\/diariotextual.com\/inicio\/wp-content\/uploads\/2024\/12\/sturzeneggerfederico2024.webp\" \/>\n\t<meta property=\"og:image:width\" content=\"1280\" \/>\n\t<meta property=\"og:image:height\" content=\"720\" \/>\n\t<meta property=\"og:image:type\" content=\"image\/webp\" \/>\n<meta name=\"author\" content=\"diario3\" \/>\n<meta name=\"twitter:card\" content=\"summary_large_image\" \/>\n<meta name=\"twitter:creator\" content=\"@eltextual\" \/>\n<meta name=\"twitter:site\" content=\"@eltextual\" \/>\n<meta name=\"twitter:label1\" content=\"Escrito por\" \/>\n\t<meta name=\"twitter:data1\" content=\"diario3\" \/>\n\t<meta name=\"twitter:label2\" content=\"Tiempo de lectura\" \/>\n\t<meta name=\"twitter:data2\" content=\"3 minutos\" \/>\n<script type=\"application\/ld+json\" class=\"yoast-schema-graph\">{\"@context\":\"https:\\\/\\\/schema.org\",\"@graph\":[{\"@type\":\"Article\",\"@id\":\"https:\\\/\\\/diariotextual.com\\\/inicio\\\/index.php\\\/2026\\\/02\\\/16\\\/denuncia-penal-a-sturzenegger-por-contrato-de-114-millones-de-pesos-con-la-aaci\\\/#article\",\"isPartOf\":{\"@id\":\"https:\\\/\\\/diariotextual.com\\\/inicio\\\/index.php\\\/2026\\\/02\\\/16\\\/denuncia-penal-a-sturzenegger-por-contrato-de-114-millones-de-pesos-con-la-aaci\\\/\"},\"author\":{\"name\":\"diario3\",\"@id\":\"https:\\\/\\\/diariotextual.com\\\/inicio\\\/#\\\/schema\\\/person\\\/a1b6f563e0ee944c60f98119389a4d9f\"},\"headline\":\"Denuncia penal a Sturzenegger por contrato de 114 millones de pesos con la AACI\",\"datePublished\":\"2026-02-16T20:26:43+00:00\",\"dateModified\":\"2026-02-16T20:26:47+00:00\",\"mainEntityOfPage\":{\"@id\":\"https:\\\/\\\/diariotextual.com\\\/inicio\\\/index.php\\\/2026\\\/02\\\/16\\\/denuncia-penal-a-sturzenegger-por-contrato-de-114-millones-de-pesos-con-la-aaci\\\/\"},\"wordCount\":573,\"publisher\":{\"@id\":\"https:\\\/\\\/diariotextual.com\\\/inicio\\\/#organization\"},\"image\":{\"@id\":\"https:\\\/\\\/diariotextual.com\\\/inicio\\\/index.php\\\/2026\\\/02\\\/16\\\/denuncia-penal-a-sturzenegger-por-contrato-de-114-millones-de-pesos-con-la-aaci\\\/#primaryimage\"},\"thumbnailUrl\":\"https:\\\/\\\/diariotextual.com\\\/inicio\\\/wp-content\\\/uploads\\\/2024\\\/12\\\/sturzeneggerfederico2024.webp\",\"articleSection\":[\"A - ES NOTICIA (van abajo)\",\"POLITICA\"],\"inLanguage\":\"es\"},{\"@type\":\"WebPage\",\"@id\":\"https:\\\/\\\/diariotextual.com\\\/inicio\\\/index.php\\\/2026\\\/02\\\/16\\\/denuncia-penal-a-sturzenegger-por-contrato-de-114-millones-de-pesos-con-la-aaci\\\/\",\"url\":\"https:\\\/\\\/diariotextual.com\\\/inicio\\\/index.php\\\/2026\\\/02\\\/16\\\/denuncia-penal-a-sturzenegger-por-contrato-de-114-millones-de-pesos-con-la-aaci\\\/\",\"name\":\"Denuncia penal a Sturzenegger por contrato de 114 millones de pesos con la AACI - Diario Textual\",\"isPartOf\":{\"@id\":\"https:\\\/\\\/diariotextual.com\\\/inicio\\\/#website\"},\"primaryImageOfPage\":{\"@id\":\"https:\\\/\\\/diariotextual.com\\\/inicio\\\/index.php\\\/2026\\\/02\\\/16\\\/denuncia-penal-a-sturzenegger-por-contrato-de-114-millones-de-pesos-con-la-aaci\\\/#primaryimage\"},\"image\":{\"@id\":\"https:\\\/\\\/diariotextual.com\\\/inicio\\\/index.php\\\/2026\\\/02\\\/16\\\/denuncia-penal-a-sturzenegger-por-contrato-de-114-millones-de-pesos-con-la-aaci\\\/#primaryimage\"},\"thumbnailUrl\":\"https:\\\/\\\/diariotextual.com\\\/inicio\\\/wp-content\\\/uploads\\\/2024\\\/12\\\/sturzeneggerfederico2024.webp\",\"datePublished\":\"2026-02-16T20:26:43+00:00\",\"dateModified\":\"2026-02-16T20:26:47+00:00\",\"breadcrumb\":{\"@id\":\"https:\\\/\\\/diariotextual.com\\\/inicio\\\/index.php\\\/2026\\\/02\\\/16\\\/denuncia-penal-a-sturzenegger-por-contrato-de-114-millones-de-pesos-con-la-aaci\\\/#breadcrumb\"},\"inLanguage\":\"es\",\"potentialAction\":[{\"@type\":\"ReadAction\",\"target\":[\"https:\\\/\\\/diariotextual.com\\\/inicio\\\/index.php\\\/2026\\\/02\\\/16\\\/denuncia-penal-a-sturzenegger-por-contrato-de-114-millones-de-pesos-con-la-aaci\\\/\"]}]},{\"@type\":\"ImageObject\",\"inLanguage\":\"es\",\"@id\":\"https:\\\/\\\/diariotextual.com\\\/inicio\\\/index.php\\\/2026\\\/02\\\/16\\\/denuncia-penal-a-sturzenegger-por-contrato-de-114-millones-de-pesos-con-la-aaci\\\/#primaryimage\",\"url\":\"https:\\\/\\\/diariotextual.com\\\/inicio\\\/wp-content\\\/uploads\\\/2024\\\/12\\\/sturzeneggerfederico2024.webp\",\"contentUrl\":\"https:\\\/\\\/diariotextual.com\\\/inicio\\\/wp-content\\\/uploads\\\/2024\\\/12\\\/sturzeneggerfederico2024.webp\",\"width\":1280,\"height\":720},{\"@type\":\"BreadcrumbList\",\"@id\":\"https:\\\/\\\/diariotextual.com\\\/inicio\\\/index.php\\\/2026\\\/02\\\/16\\\/denuncia-penal-a-sturzenegger-por-contrato-de-114-millones-de-pesos-con-la-aaci\\\/#breadcrumb\",\"itemListElement\":[{\"@type\":\"ListItem\",\"position\":1,\"name\":\"Portada\",\"item\":\"https:\\\/\\\/diariotextual.com\\\/inicio\\\/\"},{\"@type\":\"ListItem\",\"position\":2,\"name\":\"Denuncia penal a Sturzenegger por contrato de 114 millones de pesos con la AACI\"}]},{\"@type\":\"WebSite\",\"@id\":\"https:\\\/\\\/diariotextual.com\\\/inicio\\\/#website\",\"url\":\"https:\\\/\\\/diariotextual.com\\\/inicio\\\/\",\"name\":\"Diario Textual\",\"description\":\"\",\"publisher\":{\"@id\":\"https:\\\/\\\/diariotextual.com\\\/inicio\\\/#organization\"},\"potentialAction\":[{\"@type\":\"SearchAction\",\"target\":{\"@type\":\"EntryPoint\",\"urlTemplate\":\"https:\\\/\\\/diariotextual.com\\\/inicio\\\/?s={search_term_string}\"},\"query-input\":{\"@type\":\"PropertyValueSpecification\",\"valueRequired\":true,\"valueName\":\"search_term_string\"}}],\"inLanguage\":\"es\"},{\"@type\":\"Organization\",\"@id\":\"https:\\\/\\\/diariotextual.com\\\/inicio\\\/#organization\",\"name\":\"Diario Textual\",\"url\":\"https:\\\/\\\/diariotextual.com\\\/inicio\\\/\",\"logo\":{\"@type\":\"ImageObject\",\"inLanguage\":\"es\",\"@id\":\"https:\\\/\\\/diariotextual.com\\\/inicio\\\/#\\\/schema\\\/logo\\\/image\\\/\",\"url\":\"https:\\\/\\\/diariotextual.com\\\/inicio\\\/wp-content\\\/uploads\\\/2023\\\/05\\\/logotextual1.jpg\",\"contentUrl\":\"https:\\\/\\\/diariotextual.com\\\/inicio\\\/wp-content\\\/uploads\\\/2023\\\/05\\\/logotextual1.jpg\",\"width\":516,\"height\":76,\"caption\":\"Diario Textual\"},\"image\":{\"@id\":\"https:\\\/\\\/diariotextual.com\\\/inicio\\\/#\\\/schema\\\/logo\\\/image\\\/\"},\"sameAs\":[\"https:\\\/\\\/www.facebook.com\\\/eltextual\",\"https:\\\/\\\/x.com\\\/eltextual\",\"http:\\\/\\\/www.instagram.com\\\/eltextual\"]},{\"@type\":\"Person\",\"@id\":\"https:\\\/\\\/diariotextual.com\\\/inicio\\\/#\\\/schema\\\/person\\\/a1b6f563e0ee944c60f98119389a4d9f\",\"name\":\"diario3\",\"image\":{\"@type\":\"ImageObject\",\"inLanguage\":\"es\",\"@id\":\"https:\\\/\\\/secure.gravatar.com\\\/avatar\\\/5e7ee62c82fc04d9dd79d746a390d93c69c43223e5faeeb3ea9461ef752bfc5d?s=96&d=mm&r=g\",\"url\":\"https:\\\/\\\/secure.gravatar.com\\\/avatar\\\/5e7ee62c82fc04d9dd79d746a390d93c69c43223e5faeeb3ea9461ef752bfc5d?s=96&d=mm&r=g\",\"contentUrl\":\"https:\\\/\\\/secure.gravatar.com\\\/avatar\\\/5e7ee62c82fc04d9dd79d746a390d93c69c43223e5faeeb3ea9461ef752bfc5d?s=96&d=mm&r=g\",\"caption\":\"diario3\"},\"url\":\"https:\\\/\\\/diariotextual.com\\\/inicio\\\/index.php\\\/author\\\/diario3\\\/\"}]}<\/script>\n<!-- \/ Yoast SEO plugin. -->","yoast_head_json":{"title":"Denuncia penal a Sturzenegger por contrato de 114 millones de pesos con la AACI - Diario Textual","robots":{"index":"index","follow":"follow","max-snippet":"max-snippet:-1","max-image-preview":"max-image-preview:large","max-video-preview":"max-video-preview:-1"},"canonical":"https:\/\/diariotextual.com\/inicio\/index.php\/2026\/02\/16\/denuncia-penal-a-sturzenegger-por-contrato-de-114-millones-de-pesos-con-la-aaci\/","og_locale":"es_ES","og_type":"article","og_title":"Denuncia penal a Sturzenegger por contrato de 114 millones de pesos con la AACI - Diario Textual","og_description":"Los abogados Jos\u00e9 Lucas Magioncalda y Juan Mart\u00edn Fazio presentaron este lunes una denuncia penal para sorteo ante la C\u00e1mara Criminal y Correccional Federal contra el ministro de Desregulaci\u00f3n y&hellip;","og_url":"https:\/\/diariotextual.com\/inicio\/index.php\/2026\/02\/16\/denuncia-penal-a-sturzenegger-por-contrato-de-114-millones-de-pesos-con-la-aaci\/","og_site_name":"Diario Textual","article_publisher":"https:\/\/www.facebook.com\/eltextual","article_published_time":"2026-02-16T20:26:43+00:00","article_modified_time":"2026-02-16T20:26:47+00:00","og_image":[{"width":1280,"height":720,"url":"https:\/\/diariotextual.com\/inicio\/wp-content\/uploads\/2024\/12\/sturzeneggerfederico2024.webp","type":"image\/webp"}],"author":"diario3","twitter_card":"summary_large_image","twitter_creator":"@eltextual","twitter_site":"@eltextual","twitter_misc":{"Escrito por":"diario3","Tiempo de lectura":"3 minutos"},"schema":{"@context":"https:\/\/schema.org","@graph":[{"@type":"Article","@id":"https:\/\/diariotextual.com\/inicio\/index.php\/2026\/02\/16\/denuncia-penal-a-sturzenegger-por-contrato-de-114-millones-de-pesos-con-la-aaci\/#article","isPartOf":{"@id":"https:\/\/diariotextual.com\/inicio\/index.php\/2026\/02\/16\/denuncia-penal-a-sturzenegger-por-contrato-de-114-millones-de-pesos-con-la-aaci\/"},"author":{"name":"diario3","@id":"https:\/\/diariotextual.com\/inicio\/#\/schema\/person\/a1b6f563e0ee944c60f98119389a4d9f"},"headline":"Denuncia penal a Sturzenegger por contrato de 114 millones de pesos con la AACI","datePublished":"2026-02-16T20:26:43+00:00","dateModified":"2026-02-16T20:26:47+00:00","mainEntityOfPage":{"@id":"https:\/\/diariotextual.com\/inicio\/index.php\/2026\/02\/16\/denuncia-penal-a-sturzenegger-por-contrato-de-114-millones-de-pesos-con-la-aaci\/"},"wordCount":573,"publisher":{"@id":"https:\/\/diariotextual.com\/inicio\/#organization"},"image":{"@id":"https:\/\/diariotextual.com\/inicio\/index.php\/2026\/02\/16\/denuncia-penal-a-sturzenegger-por-contrato-de-114-millones-de-pesos-con-la-aaci\/#primaryimage"},"thumbnailUrl":"https:\/\/diariotextual.com\/inicio\/wp-content\/uploads\/2024\/12\/sturzeneggerfederico2024.webp","articleSection":["A - ES NOTICIA (van abajo)","POLITICA"],"inLanguage":"es"},{"@type":"WebPage","@id":"https:\/\/diariotextual.com\/inicio\/index.php\/2026\/02\/16\/denuncia-penal-a-sturzenegger-por-contrato-de-114-millones-de-pesos-con-la-aaci\/","url":"https:\/\/diariotextual.com\/inicio\/index.php\/2026\/02\/16\/denuncia-penal-a-sturzenegger-por-contrato-de-114-millones-de-pesos-con-la-aaci\/","name":"Denuncia penal a Sturzenegger por contrato de 114 millones de pesos con la AACI - Diario Textual","isPartOf":{"@id":"https:\/\/diariotextual.com\/inicio\/#website"},"primaryImageOfPage":{"@id":"https:\/\/diariotextual.com\/inicio\/index.php\/2026\/02\/16\/denuncia-penal-a-sturzenegger-por-contrato-de-114-millones-de-pesos-con-la-aaci\/#primaryimage"},"image":{"@id":"https:\/\/diariotextual.com\/inicio\/index.php\/2026\/02\/16\/denuncia-penal-a-sturzenegger-por-contrato-de-114-millones-de-pesos-con-la-aaci\/#primaryimage"},"thumbnailUrl":"https:\/\/diariotextual.com\/inicio\/wp-content\/uploads\/2024\/12\/sturzeneggerfederico2024.webp","datePublished":"2026-02-16T20:26:43+00:00","dateModified":"2026-02-16T20:26:47+00:00","breadcrumb":{"@id":"https:\/\/diariotextual.com\/inicio\/index.php\/2026\/02\/16\/denuncia-penal-a-sturzenegger-por-contrato-de-114-millones-de-pesos-con-la-aaci\/#breadcrumb"},"inLanguage":"es","potentialAction":[{"@type":"ReadAction","target":["https:\/\/diariotextual.com\/inicio\/index.php\/2026\/02\/16\/denuncia-penal-a-sturzenegger-por-contrato-de-114-millones-de-pesos-con-la-aaci\/"]}]},{"@type":"ImageObject","inLanguage":"es","@id":"https:\/\/diariotextual.com\/inicio\/index.php\/2026\/02\/16\/denuncia-penal-a-sturzenegger-por-contrato-de-114-millones-de-pesos-con-la-aaci\/#primaryimage","url":"https:\/\/diariotextual.com\/inicio\/wp-content\/uploads\/2024\/12\/sturzeneggerfederico2024.webp","contentUrl":"https:\/\/diariotextual.com\/inicio\/wp-content\/uploads\/2024\/12\/sturzeneggerfederico2024.webp","width":1280,"height":720},{"@type":"BreadcrumbList","@id":"https:\/\/diariotextual.com\/inicio\/index.php\/2026\/02\/16\/denuncia-penal-a-sturzenegger-por-contrato-de-114-millones-de-pesos-con-la-aaci\/#breadcrumb","itemListElement":[{"@type":"ListItem","position":1,"name":"Portada","item":"https:\/\/diariotextual.com\/inicio\/"},{"@type":"ListItem","position":2,"name":"Denuncia penal a Sturzenegger por contrato de 114 millones de pesos con la AACI"}]},{"@type":"WebSite","@id":"https:\/\/diariotextual.com\/inicio\/#website","url":"https:\/\/diariotextual.com\/inicio\/","name":"Diario Textual","description":"","publisher":{"@id":"https:\/\/diariotextual.com\/inicio\/#organization"},"potentialAction":[{"@type":"SearchAction","target":{"@type":"EntryPoint","urlTemplate":"https:\/\/diariotextual.com\/inicio\/?s={search_term_string}"},"query-input":{"@type":"PropertyValueSpecification","valueRequired":true,"valueName":"search_term_string"}}],"inLanguage":"es"},{"@type":"Organization","@id":"https:\/\/diariotextual.com\/inicio\/#organization","name":"Diario Textual","url":"https:\/\/diariotextual.com\/inicio\/","logo":{"@type":"ImageObject","inLanguage":"es","@id":"https:\/\/diariotextual.com\/inicio\/#\/schema\/logo\/image\/","url":"https:\/\/diariotextual.com\/inicio\/wp-content\/uploads\/2023\/05\/logotextual1.jpg","contentUrl":"https:\/\/diariotextual.com\/inicio\/wp-content\/uploads\/2023\/05\/logotextual1.jpg","width":516,"height":76,"caption":"Diario Textual"},"image":{"@id":"https:\/\/diariotextual.com\/inicio\/#\/schema\/logo\/image\/"},"sameAs":["https:\/\/www.facebook.com\/eltextual","https:\/\/x.com\/eltextual","http:\/\/www.instagram.com\/eltextual"]},{"@type":"Person","@id":"https:\/\/diariotextual.com\/inicio\/#\/schema\/person\/a1b6f563e0ee944c60f98119389a4d9f","name":"diario3","image":{"@type":"ImageObject","inLanguage":"es","@id":"https:\/\/secure.gravatar.com\/avatar\/5e7ee62c82fc04d9dd79d746a390d93c69c43223e5faeeb3ea9461ef752bfc5d?s=96&d=mm&r=g","url":"https:\/\/secure.gravatar.com\/avatar\/5e7ee62c82fc04d9dd79d746a390d93c69c43223e5faeeb3ea9461ef752bfc5d?s=96&d=mm&r=g","contentUrl":"https:\/\/secure.gravatar.com\/avatar\/5e7ee62c82fc04d9dd79d746a390d93c69c43223e5faeeb3ea9461ef752bfc5d?s=96&d=mm&r=g","caption":"diario3"},"url":"https:\/\/diariotextual.com\/inicio\/index.php\/author\/diario3\/"}]}},"_links":{"self":[{"href":"https:\/\/diariotextual.com\/inicio\/index.php\/wp-json\/wp\/v2\/posts\/319798","targetHints":{"allow":["GET"]}}],"collection":[{"href":"https:\/\/diariotextual.com\/inicio\/index.php\/wp-json\/wp\/v2\/posts"}],"about":[{"href":"https:\/\/diariotextual.com\/inicio\/index.php\/wp-json\/wp\/v2\/types\/post"}],"author":[{"embeddable":true,"href":"https:\/\/diariotextual.com\/inicio\/index.php\/wp-json\/wp\/v2\/users\/5"}],"replies":[{"embeddable":true,"href":"https:\/\/diariotextual.com\/inicio\/index.php\/wp-json\/wp\/v2\/comments?post=319798"}],"version-history":[{"count":1,"href":"https:\/\/diariotextual.com\/inicio\/index.php\/wp-json\/wp\/v2\/posts\/319798\/revisions"}],"predecessor-version":[{"id":319799,"href":"https:\/\/diariotextual.com\/inicio\/index.php\/wp-json\/wp\/v2\/posts\/319798\/revisions\/319799"}],"wp:featuredmedia":[{"embeddable":true,"href":"https:\/\/diariotextual.com\/inicio\/index.php\/wp-json\/wp\/v2\/media\/283042"}],"wp:attachment":[{"href":"https:\/\/diariotextual.com\/inicio\/index.php\/wp-json\/wp\/v2\/media?parent=319798"}],"wp:term":[{"taxonomy":"category","embeddable":true,"href":"https:\/\/diariotextual.com\/inicio\/index.php\/wp-json\/wp\/v2\/categories?post=319798"},{"taxonomy":"post_tag","embeddable":true,"href":"https:\/\/diariotextual.com\/inicio\/index.php\/wp-json\/wp\/v2\/tags?post=319798"}],"curies":[{"name":"wp","href":"https:\/\/api.w.org\/{rel}","templated":true}]}}