{"id":319802,"date":"2026-02-16T18:17:04","date_gmt":"2026-02-16T21:17:04","guid":{"rendered":"https:\/\/diariotextual.com\/inicio\/?p=319802"},"modified":"2026-02-18T08:42:58","modified_gmt":"2026-02-18T11:42:58","slug":"pago-de-ayuda-escolar-y-promociones-del-blp-impulsaron-las-ventas-en-librerias","status":"publish","type":"post","link":"https:\/\/diariotextual.com\/inicio\/index.php\/2026\/02\/16\/pago-de-ayuda-escolar-y-promociones-del-blp-impulsaron-las-ventas-en-librerias\/","title":{"rendered":"Pago de Ayuda Escolar y promociones del BLP impulsaron las ventas en librer\u00edas"},"content":{"rendered":"\n<p>Comerciantes de <strong>distintas localidades pampeanas reflejaron que a partir de la liquidaci\u00f3n anticipada, pago de la Ayuda Escolar y Material Did\u00e1ctico (para docentes)<\/strong>, hecha por el Gobierno provincial las ventas se incrementaron notablemente y se suma la influencia de las promociones del Banco de La Pampa.<\/p>\n\n\n\n<p>En una recorrida de la Agencia Provincial de Noticias por distintos comercios de <strong>Santa Rosa, General Pico y Toay <\/strong>permiti\u00f3 conocer de primera mano la realidad que se vive en los comercios a partir de la liquidaci\u00f3n complementaria hecha el jueves pasado por el Ministerio de Hacienda y Finanzas.<\/p>\n\n\n\n<p>La <strong>liquidaci\u00f3n complementaria, que se hizo efectiva el jueves 12, consisti\u00f3 en un pago de 275.000 pesos por alumno (se aplic\u00f3 el 42,5 % de aumento al monto pagado en 2025) y de 287.849 pesos por material did\u00e1ctico para los docentes<\/strong> (monto surgido de un porcentaje del salario b\u00e1sico docente y que corresponde a la cuota de febrero; en julio se abonar\u00e1 la segunda).<\/p>\n\n\n\n<p>\u201cEnero fue un mes tranquilo. La gente esper\u00f3 para hacer sus compras y ahora, a partir del cobro de la ayuda escolar, se produjo un incremento significativo en las ventas\u201d, asegur\u00f3 <strong>Claudia Salazar, propietaria de una librer\u00eda en el centro de General Pico.<\/strong><\/p>\n\n\n\n<p>Y agreg\u00f3: \u201cLa gente pudo acceder a la canasta escolar de cara al ciclo lectivo que se avecina\u201d. Tambi\u00e9n destac\u00f3 que el personal docente, a partir de la percepci\u00f3n del monto para material did\u00e1ctico, tambi\u00e9n se volc\u00f3 a adquirir los elementos necesarios para el a\u00f1o escolar que se avecina.<\/p>\n\n\n\n<p>La comerciante tambi\u00e9n puso \u00e9nfasis en la ayuda que representan las promociones del Banco de La Pampa: \u201cSiempre est\u00e1n presentes y permiten comprar en 4 cuotas sin inter\u00e9s todos los d\u00edas de la semana. Los jueves se suma un descuento especial para librer\u00edas del mismo Banco\u201d.<\/p>\n\n\n\n<p><strong>Dami\u00e1n Fritz, propietario de Don Papel, en el centro de Toay<\/strong>, reflej\u00f3 que \u201clas ventas se incrementaron en los \u00faltimos d\u00edas\u201d a ra\u00edz de los pagos de ayuda escolar y material did\u00e1ctico. \u201cHay gente que busca todo el tiempo el mejor precio y se interesa por las promociones\u201d, destac\u00f3.<\/p>\n\n\n\n<p>En Santa Rosa, los comerciantes tambi\u00e9n marcaron un aumento en las ventas a partir de la liquidaci\u00f3n complementaria hecha por el Gobierno Provincial.<\/p>\n\n\n\n<p>El pago de la ayuda escolar y el material did\u00e1ctico se adelanta para facilitar la planificaci\u00f3n familiar y docente y el monto correspondiente a esos conceptos fue depositado el 12 de febrero, a fin de permitir que padres, madres y personal docente pueda hacer una planificaci\u00f3n ordenada e ir adquiriendo los \u00fatiles y materiales necesarios para el inicio del Ciclo Lectivo 2026.<\/p>\n\n\n\n<p>En cuanto a los <strong>sueldos de febrero, se inform\u00f3 que tendr\u00e1n un incremento por el monto de inflaci\u00f3n que determine el INDEC para el mes de enero<\/strong>, a tono con la \u00faltima decisi\u00f3n paritaria.<\/p>\n","protected":false},"excerpt":{"rendered":"<p>Comerciantes de distintas localidades pampeanas reflejaron que a partir de la liquidaci\u00f3n anticipada, pago de la Ayuda Escolar y Material Did\u00e1ctico (para docentes), hecha por el Gobierno provincial las ventas&hellip;<\/p>\n","protected":false},"author":5,"featured_media":319803,"comment_status":"closed","ping_status":"open","sticky":false,"template":"","format":"standard","meta":{"_acf_changed":false,"footnotes":""},"categories":[1,12],"tags":[],"class_list":["post-319802","post","type-post","status-publish","format-standard","has-post-thumbnail","hentry","category-es-noticia","category-sociedad"],"acf":[],"yoast_head":"<!-- This site is optimized with the Yoast SEO plugin v27.4 - https:\/\/yoast.com\/product\/yoast-seo-wordpress\/ -->\n<title>Pago de Ayuda Escolar y promociones del BLP impulsaron las ventas en librer\u00edas - Diario Textual<\/title>\n<meta name=\"robots\" content=\"index, follow, max-snippet:-1, max-image-preview:large, max-video-preview:-1\" \/>\n<link rel=\"canonical\" href=\"https:\/\/diariotextual.com\/inicio\/index.php\/2026\/02\/16\/pago-de-ayuda-escolar-y-promociones-del-blp-impulsaron-las-ventas-en-librerias\/\" \/>\n<meta property=\"og:locale\" content=\"es_ES\" \/>\n<meta property=\"og:type\" content=\"article\" \/>\n<meta property=\"og:title\" content=\"Pago de Ayuda Escolar y promociones del BLP impulsaron las ventas en librer\u00edas - Diario Textual\" \/>\n<meta property=\"og:description\" content=\"Comerciantes de distintas localidades pampeanas reflejaron que a partir de la liquidaci\u00f3n anticipada, pago de la Ayuda Escolar y Material Did\u00e1ctico (para docentes), hecha por el Gobierno provincial las ventas&hellip;\" \/>\n<meta property=\"og:url\" content=\"https:\/\/diariotextual.com\/inicio\/index.php\/2026\/02\/16\/pago-de-ayuda-escolar-y-promociones-del-blp-impulsaron-las-ventas-en-librerias\/\" \/>\n<meta property=\"og:site_name\" content=\"Diario Textual\" \/>\n<meta property=\"article:publisher\" content=\"https:\/\/www.facebook.com\/eltextual\" \/>\n<meta property=\"article:published_time\" content=\"2026-02-16T21:17:04+00:00\" \/>\n<meta property=\"article:modified_time\" content=\"2026-02-18T11:42:58+00:00\" \/>\n<meta property=\"og:image\" content=\"https:\/\/diariotextual.com\/inicio\/wp-content\/uploads\/2026\/02\/libreriaescolar2026.jpg\" \/>\n\t<meta property=\"og:image:width\" content=\"933\" \/>\n\t<meta property=\"og:image:height\" content=\"700\" \/>\n\t<meta property=\"og:image:type\" content=\"image\/jpeg\" \/>\n<meta name=\"author\" content=\"diario3\" \/>\n<meta name=\"twitter:card\" content=\"summary_large_image\" \/>\n<meta name=\"twitter:creator\" content=\"@eltextual\" \/>\n<meta name=\"twitter:site\" content=\"@eltextual\" \/>\n<meta name=\"twitter:label1\" content=\"Escrito por\" \/>\n\t<meta name=\"twitter:data1\" content=\"diario3\" \/>\n\t<meta name=\"twitter:label2\" content=\"Tiempo de lectura\" \/>\n\t<meta name=\"twitter:data2\" content=\"3 minutos\" \/>\n<script type=\"application\/ld+json\" class=\"yoast-schema-graph\">{\"@context\":\"https:\\\/\\\/schema.org\",\"@graph\":[{\"@type\":\"Article\",\"@id\":\"https:\\\/\\\/diariotextual.com\\\/inicio\\\/index.php\\\/2026\\\/02\\\/16\\\/pago-de-ayuda-escolar-y-promociones-del-blp-impulsaron-las-ventas-en-librerias\\\/#article\",\"isPartOf\":{\"@id\":\"https:\\\/\\\/diariotextual.com\\\/inicio\\\/index.php\\\/2026\\\/02\\\/16\\\/pago-de-ayuda-escolar-y-promociones-del-blp-impulsaron-las-ventas-en-librerias\\\/\"},\"author\":{\"name\":\"diario3\",\"@id\":\"https:\\\/\\\/diariotextual.com\\\/inicio\\\/#\\\/schema\\\/person\\\/a1b6f563e0ee944c60f98119389a4d9f\"},\"headline\":\"Pago de Ayuda Escolar y promociones del BLP impulsaron las ventas en librer\u00edas\",\"datePublished\":\"2026-02-16T21:17:04+00:00\",\"dateModified\":\"2026-02-18T11:42:58+00:00\",\"mainEntityOfPage\":{\"@id\":\"https:\\\/\\\/diariotextual.com\\\/inicio\\\/index.php\\\/2026\\\/02\\\/16\\\/pago-de-ayuda-escolar-y-promociones-del-blp-impulsaron-las-ventas-en-librerias\\\/\"},\"wordCount\":499,\"publisher\":{\"@id\":\"https:\\\/\\\/diariotextual.com\\\/inicio\\\/#organization\"},\"image\":{\"@id\":\"https:\\\/\\\/diariotextual.com\\\/inicio\\\/index.php\\\/2026\\\/02\\\/16\\\/pago-de-ayuda-escolar-y-promociones-del-blp-impulsaron-las-ventas-en-librerias\\\/#primaryimage\"},\"thumbnailUrl\":\"https:\\\/\\\/diariotextual.com\\\/inicio\\\/wp-content\\\/uploads\\\/2026\\\/02\\\/libreriaescolar2026.jpg\",\"articleSection\":[\"A - ES NOTICIA (van abajo)\",\"SOCIEDAD\"],\"inLanguage\":\"es\"},{\"@type\":\"WebPage\",\"@id\":\"https:\\\/\\\/diariotextual.com\\\/inicio\\\/index.php\\\/2026\\\/02\\\/16\\\/pago-de-ayuda-escolar-y-promociones-del-blp-impulsaron-las-ventas-en-librerias\\\/\",\"url\":\"https:\\\/\\\/diariotextual.com\\\/inicio\\\/index.php\\\/2026\\\/02\\\/16\\\/pago-de-ayuda-escolar-y-promociones-del-blp-impulsaron-las-ventas-en-librerias\\\/\",\"name\":\"Pago de Ayuda Escolar y promociones del BLP impulsaron las ventas en librer\u00edas - Diario Textual\",\"isPartOf\":{\"@id\":\"https:\\\/\\\/diariotextual.com\\\/inicio\\\/#website\"},\"primaryImageOfPage\":{\"@id\":\"https:\\\/\\\/diariotextual.com\\\/inicio\\\/index.php\\\/2026\\\/02\\\/16\\\/pago-de-ayuda-escolar-y-promociones-del-blp-impulsaron-las-ventas-en-librerias\\\/#primaryimage\"},\"image\":{\"@id\":\"https:\\\/\\\/diariotextual.com\\\/inicio\\\/index.php\\\/2026\\\/02\\\/16\\\/pago-de-ayuda-escolar-y-promociones-del-blp-impulsaron-las-ventas-en-librerias\\\/#primaryimage\"},\"thumbnailUrl\":\"https:\\\/\\\/diariotextual.com\\\/inicio\\\/wp-content\\\/uploads\\\/2026\\\/02\\\/libreriaescolar2026.jpg\",\"datePublished\":\"2026-02-16T21:17:04+00:00\",\"dateModified\":\"2026-02-18T11:42:58+00:00\",\"breadcrumb\":{\"@id\":\"https:\\\/\\\/diariotextual.com\\\/inicio\\\/index.php\\\/2026\\\/02\\\/16\\\/pago-de-ayuda-escolar-y-promociones-del-blp-impulsaron-las-ventas-en-librerias\\\/#breadcrumb\"},\"inLanguage\":\"es\",\"potentialAction\":[{\"@type\":\"ReadAction\",\"target\":[\"https:\\\/\\\/diariotextual.com\\\/inicio\\\/index.php\\\/2026\\\/02\\\/16\\\/pago-de-ayuda-escolar-y-promociones-del-blp-impulsaron-las-ventas-en-librerias\\\/\"]}]},{\"@type\":\"ImageObject\",\"inLanguage\":\"es\",\"@id\":\"https:\\\/\\\/diariotextual.com\\\/inicio\\\/index.php\\\/2026\\\/02\\\/16\\\/pago-de-ayuda-escolar-y-promociones-del-blp-impulsaron-las-ventas-en-librerias\\\/#primaryimage\",\"url\":\"https:\\\/\\\/diariotextual.com\\\/inicio\\\/wp-content\\\/uploads\\\/2026\\\/02\\\/libreriaescolar2026.jpg\",\"contentUrl\":\"https:\\\/\\\/diariotextual.com\\\/inicio\\\/wp-content\\\/uploads\\\/2026\\\/02\\\/libreriaescolar2026.jpg\",\"width\":933,\"height\":700},{\"@type\":\"BreadcrumbList\",\"@id\":\"https:\\\/\\\/diariotextual.com\\\/inicio\\\/index.php\\\/2026\\\/02\\\/16\\\/pago-de-ayuda-escolar-y-promociones-del-blp-impulsaron-las-ventas-en-librerias\\\/#breadcrumb\",\"itemListElement\":[{\"@type\":\"ListItem\",\"position\":1,\"name\":\"Portada\",\"item\":\"https:\\\/\\\/diariotextual.com\\\/inicio\\\/\"},{\"@type\":\"ListItem\",\"position\":2,\"name\":\"Pago de Ayuda Escolar y promociones del BLP impulsaron las ventas en librer\u00edas\"}]},{\"@type\":\"WebSite\",\"@id\":\"https:\\\/\\\/diariotextual.com\\\/inicio\\\/#website\",\"url\":\"https:\\\/\\\/diariotextual.com\\\/inicio\\\/\",\"name\":\"Diario Textual\",\"description\":\"\",\"publisher\":{\"@id\":\"https:\\\/\\\/diariotextual.com\\\/inicio\\\/#organization\"},\"potentialAction\":[{\"@type\":\"SearchAction\",\"target\":{\"@type\":\"EntryPoint\",\"urlTemplate\":\"https:\\\/\\\/diariotextual.com\\\/inicio\\\/?s={search_term_string}\"},\"query-input\":{\"@type\":\"PropertyValueSpecification\",\"valueRequired\":true,\"valueName\":\"search_term_string\"}}],\"inLanguage\":\"es\"},{\"@type\":\"Organization\",\"@id\":\"https:\\\/\\\/diariotextual.com\\\/inicio\\\/#organization\",\"name\":\"Diario Textual\",\"url\":\"https:\\\/\\\/diariotextual.com\\\/inicio\\\/\",\"logo\":{\"@type\":\"ImageObject\",\"inLanguage\":\"es\",\"@id\":\"https:\\\/\\\/diariotextual.com\\\/inicio\\\/#\\\/schema\\\/logo\\\/image\\\/\",\"url\":\"https:\\\/\\\/diariotextual.com\\\/inicio\\\/wp-content\\\/uploads\\\/2023\\\/05\\\/logotextual1.jpg\",\"contentUrl\":\"https:\\\/\\\/diariotextual.com\\\/inicio\\\/wp-content\\\/uploads\\\/2023\\\/05\\\/logotextual1.jpg\",\"width\":516,\"height\":76,\"caption\":\"Diario Textual\"},\"image\":{\"@id\":\"https:\\\/\\\/diariotextual.com\\\/inicio\\\/#\\\/schema\\\/logo\\\/image\\\/\"},\"sameAs\":[\"https:\\\/\\\/www.facebook.com\\\/eltextual\",\"https:\\\/\\\/x.com\\\/eltextual\",\"http:\\\/\\\/www.instagram.com\\\/eltextual\"]},{\"@type\":\"Person\",\"@id\":\"https:\\\/\\\/diariotextual.com\\\/inicio\\\/#\\\/schema\\\/person\\\/a1b6f563e0ee944c60f98119389a4d9f\",\"name\":\"diario3\",\"image\":{\"@type\":\"ImageObject\",\"inLanguage\":\"es\",\"@id\":\"https:\\\/\\\/secure.gravatar.com\\\/avatar\\\/5e7ee62c82fc04d9dd79d746a390d93c69c43223e5faeeb3ea9461ef752bfc5d?s=96&d=mm&r=g\",\"url\":\"https:\\\/\\\/secure.gravatar.com\\\/avatar\\\/5e7ee62c82fc04d9dd79d746a390d93c69c43223e5faeeb3ea9461ef752bfc5d?s=96&d=mm&r=g\",\"contentUrl\":\"https:\\\/\\\/secure.gravatar.com\\\/avatar\\\/5e7ee62c82fc04d9dd79d746a390d93c69c43223e5faeeb3ea9461ef752bfc5d?s=96&d=mm&r=g\",\"caption\":\"diario3\"},\"url\":\"https:\\\/\\\/diariotextual.com\\\/inicio\\\/index.php\\\/author\\\/diario3\\\/\"}]}<\/script>\n<!-- \/ Yoast SEO plugin. -->","yoast_head_json":{"title":"Pago de Ayuda Escolar y promociones del BLP impulsaron las ventas en librer\u00edas - Diario Textual","robots":{"index":"index","follow":"follow","max-snippet":"max-snippet:-1","max-image-preview":"max-image-preview:large","max-video-preview":"max-video-preview:-1"},"canonical":"https:\/\/diariotextual.com\/inicio\/index.php\/2026\/02\/16\/pago-de-ayuda-escolar-y-promociones-del-blp-impulsaron-las-ventas-en-librerias\/","og_locale":"es_ES","og_type":"article","og_title":"Pago de Ayuda Escolar y promociones del BLP impulsaron las ventas en librer\u00edas - Diario Textual","og_description":"Comerciantes de distintas localidades pampeanas reflejaron que a partir de la liquidaci\u00f3n anticipada, pago de la Ayuda Escolar y Material Did\u00e1ctico (para docentes), hecha por el Gobierno provincial las ventas&hellip;","og_url":"https:\/\/diariotextual.com\/inicio\/index.php\/2026\/02\/16\/pago-de-ayuda-escolar-y-promociones-del-blp-impulsaron-las-ventas-en-librerias\/","og_site_name":"Diario Textual","article_publisher":"https:\/\/www.facebook.com\/eltextual","article_published_time":"2026-02-16T21:17:04+00:00","article_modified_time":"2026-02-18T11:42:58+00:00","og_image":[{"width":933,"height":700,"url":"https:\/\/diariotextual.com\/inicio\/wp-content\/uploads\/2026\/02\/libreriaescolar2026.jpg","type":"image\/jpeg"}],"author":"diario3","twitter_card":"summary_large_image","twitter_creator":"@eltextual","twitter_site":"@eltextual","twitter_misc":{"Escrito por":"diario3","Tiempo de lectura":"3 minutos"},"schema":{"@context":"https:\/\/schema.org","@graph":[{"@type":"Article","@id":"https:\/\/diariotextual.com\/inicio\/index.php\/2026\/02\/16\/pago-de-ayuda-escolar-y-promociones-del-blp-impulsaron-las-ventas-en-librerias\/#article","isPartOf":{"@id":"https:\/\/diariotextual.com\/inicio\/index.php\/2026\/02\/16\/pago-de-ayuda-escolar-y-promociones-del-blp-impulsaron-las-ventas-en-librerias\/"},"author":{"name":"diario3","@id":"https:\/\/diariotextual.com\/inicio\/#\/schema\/person\/a1b6f563e0ee944c60f98119389a4d9f"},"headline":"Pago de Ayuda Escolar y promociones del BLP impulsaron las ventas en librer\u00edas","datePublished":"2026-02-16T21:17:04+00:00","dateModified":"2026-02-18T11:42:58+00:00","mainEntityOfPage":{"@id":"https:\/\/diariotextual.com\/inicio\/index.php\/2026\/02\/16\/pago-de-ayuda-escolar-y-promociones-del-blp-impulsaron-las-ventas-en-librerias\/"},"wordCount":499,"publisher":{"@id":"https:\/\/diariotextual.com\/inicio\/#organization"},"image":{"@id":"https:\/\/diariotextual.com\/inicio\/index.php\/2026\/02\/16\/pago-de-ayuda-escolar-y-promociones-del-blp-impulsaron-las-ventas-en-librerias\/#primaryimage"},"thumbnailUrl":"https:\/\/diariotextual.com\/inicio\/wp-content\/uploads\/2026\/02\/libreriaescolar2026.jpg","articleSection":["A - ES NOTICIA (van abajo)","SOCIEDAD"],"inLanguage":"es"},{"@type":"WebPage","@id":"https:\/\/diariotextual.com\/inicio\/index.php\/2026\/02\/16\/pago-de-ayuda-escolar-y-promociones-del-blp-impulsaron-las-ventas-en-librerias\/","url":"https:\/\/diariotextual.com\/inicio\/index.php\/2026\/02\/16\/pago-de-ayuda-escolar-y-promociones-del-blp-impulsaron-las-ventas-en-librerias\/","name":"Pago de Ayuda Escolar y promociones del BLP impulsaron las ventas en librer\u00edas - Diario Textual","isPartOf":{"@id":"https:\/\/diariotextual.com\/inicio\/#website"},"primaryImageOfPage":{"@id":"https:\/\/diariotextual.com\/inicio\/index.php\/2026\/02\/16\/pago-de-ayuda-escolar-y-promociones-del-blp-impulsaron-las-ventas-en-librerias\/#primaryimage"},"image":{"@id":"https:\/\/diariotextual.com\/inicio\/index.php\/2026\/02\/16\/pago-de-ayuda-escolar-y-promociones-del-blp-impulsaron-las-ventas-en-librerias\/#primaryimage"},"thumbnailUrl":"https:\/\/diariotextual.com\/inicio\/wp-content\/uploads\/2026\/02\/libreriaescolar2026.jpg","datePublished":"2026-02-16T21:17:04+00:00","dateModified":"2026-02-18T11:42:58+00:00","breadcrumb":{"@id":"https:\/\/diariotextual.com\/inicio\/index.php\/2026\/02\/16\/pago-de-ayuda-escolar-y-promociones-del-blp-impulsaron-las-ventas-en-librerias\/#breadcrumb"},"inLanguage":"es","potentialAction":[{"@type":"ReadAction","target":["https:\/\/diariotextual.com\/inicio\/index.php\/2026\/02\/16\/pago-de-ayuda-escolar-y-promociones-del-blp-impulsaron-las-ventas-en-librerias\/"]}]},{"@type":"ImageObject","inLanguage":"es","@id":"https:\/\/diariotextual.com\/inicio\/index.php\/2026\/02\/16\/pago-de-ayuda-escolar-y-promociones-del-blp-impulsaron-las-ventas-en-librerias\/#primaryimage","url":"https:\/\/diariotextual.com\/inicio\/wp-content\/uploads\/2026\/02\/libreriaescolar2026.jpg","contentUrl":"https:\/\/diariotextual.com\/inicio\/wp-content\/uploads\/2026\/02\/libreriaescolar2026.jpg","width":933,"height":700},{"@type":"BreadcrumbList","@id":"https:\/\/diariotextual.com\/inicio\/index.php\/2026\/02\/16\/pago-de-ayuda-escolar-y-promociones-del-blp-impulsaron-las-ventas-en-librerias\/#breadcrumb","itemListElement":[{"@type":"ListItem","position":1,"name":"Portada","item":"https:\/\/diariotextual.com\/inicio\/"},{"@type":"ListItem","position":2,"name":"Pago de Ayuda Escolar y promociones del BLP impulsaron las ventas en librer\u00edas"}]},{"@type":"WebSite","@id":"https:\/\/diariotextual.com\/inicio\/#website","url":"https:\/\/diariotextual.com\/inicio\/","name":"Diario Textual","description":"","publisher":{"@id":"https:\/\/diariotextual.com\/inicio\/#organization"},"potentialAction":[{"@type":"SearchAction","target":{"@type":"EntryPoint","urlTemplate":"https:\/\/diariotextual.com\/inicio\/?s={search_term_string}"},"query-input":{"@type":"PropertyValueSpecification","valueRequired":true,"valueName":"search_term_string"}}],"inLanguage":"es"},{"@type":"Organization","@id":"https:\/\/diariotextual.com\/inicio\/#organization","name":"Diario Textual","url":"https:\/\/diariotextual.com\/inicio\/","logo":{"@type":"ImageObject","inLanguage":"es","@id":"https:\/\/diariotextual.com\/inicio\/#\/schema\/logo\/image\/","url":"https:\/\/diariotextual.com\/inicio\/wp-content\/uploads\/2023\/05\/logotextual1.jpg","contentUrl":"https:\/\/diariotextual.com\/inicio\/wp-content\/uploads\/2023\/05\/logotextual1.jpg","width":516,"height":76,"caption":"Diario Textual"},"image":{"@id":"https:\/\/diariotextual.com\/inicio\/#\/schema\/logo\/image\/"},"sameAs":["https:\/\/www.facebook.com\/eltextual","https:\/\/x.com\/eltextual","http:\/\/www.instagram.com\/eltextual"]},{"@type":"Person","@id":"https:\/\/diariotextual.com\/inicio\/#\/schema\/person\/a1b6f563e0ee944c60f98119389a4d9f","name":"diario3","image":{"@type":"ImageObject","inLanguage":"es","@id":"https:\/\/secure.gravatar.com\/avatar\/5e7ee62c82fc04d9dd79d746a390d93c69c43223e5faeeb3ea9461ef752bfc5d?s=96&d=mm&r=g","url":"https:\/\/secure.gravatar.com\/avatar\/5e7ee62c82fc04d9dd79d746a390d93c69c43223e5faeeb3ea9461ef752bfc5d?s=96&d=mm&r=g","contentUrl":"https:\/\/secure.gravatar.com\/avatar\/5e7ee62c82fc04d9dd79d746a390d93c69c43223e5faeeb3ea9461ef752bfc5d?s=96&d=mm&r=g","caption":"diario3"},"url":"https:\/\/diariotextual.com\/inicio\/index.php\/author\/diario3\/"}]}},"_links":{"self":[{"href":"https:\/\/diariotextual.com\/inicio\/index.php\/wp-json\/wp\/v2\/posts\/319802","targetHints":{"allow":["GET"]}}],"collection":[{"href":"https:\/\/diariotextual.com\/inicio\/index.php\/wp-json\/wp\/v2\/posts"}],"about":[{"href":"https:\/\/diariotextual.com\/inicio\/index.php\/wp-json\/wp\/v2\/types\/post"}],"author":[{"embeddable":true,"href":"https:\/\/diariotextual.com\/inicio\/index.php\/wp-json\/wp\/v2\/users\/5"}],"replies":[{"embeddable":true,"href":"https:\/\/diariotextual.com\/inicio\/index.php\/wp-json\/wp\/v2\/comments?post=319802"}],"version-history":[{"count":1,"href":"https:\/\/diariotextual.com\/inicio\/index.php\/wp-json\/wp\/v2\/posts\/319802\/revisions"}],"predecessor-version":[{"id":319804,"href":"https:\/\/diariotextual.com\/inicio\/index.php\/wp-json\/wp\/v2\/posts\/319802\/revisions\/319804"}],"wp:featuredmedia":[{"embeddable":true,"href":"https:\/\/diariotextual.com\/inicio\/index.php\/wp-json\/wp\/v2\/media\/319803"}],"wp:attachment":[{"href":"https:\/\/diariotextual.com\/inicio\/index.php\/wp-json\/wp\/v2\/media?parent=319802"}],"wp:term":[{"taxonomy":"category","embeddable":true,"href":"https:\/\/diariotextual.com\/inicio\/index.php\/wp-json\/wp\/v2\/categories?post=319802"},{"taxonomy":"post_tag","embeddable":true,"href":"https:\/\/diariotextual.com\/inicio\/index.php\/wp-json\/wp\/v2\/tags?post=319802"}],"curies":[{"name":"wp","href":"https:\/\/api.w.org\/{rel}","templated":true}]}}