{"id":319813,"date":"2026-02-17T00:04:00","date_gmt":"2026-02-17T03:04:00","guid":{"rendered":"https:\/\/diariotextual.com\/inicio\/?p=319813"},"modified":"2026-02-17T09:55:20","modified_gmt":"2026-02-17T12:55:20","slug":"denuncian-penalmente-a-sturzenegger-y-a-autoridades-de-la-oa-por-una-contratacion-millonaria-vinculada-a-su-esposa","status":"publish","type":"post","link":"https:\/\/diariotextual.com\/inicio\/index.php\/2026\/02\/17\/denuncian-penalmente-a-sturzenegger-y-a-autoridades-de-la-oa-por-una-contratacion-millonaria-vinculada-a-su-esposa\/","title":{"rendered":"Denuncian penalmente a\u00a0Sturzenegger\u00a0y a autoridades de la OA por una contrataci\u00f3n millonaria vinculada a su esposa"},"content":{"rendered":"\n<p>Una denuncia penal presentada por los abogados&nbsp;<strong>Jos\u00e9 Lucas Magioncalda&nbsp;<\/strong>y&nbsp;<strong>Juan Mart\u00edn Fazio<\/strong>, integrantes de la agrupaci\u00f3n RESET Republicano, apunta contra el ministro de Desregulaci\u00f3n y Transformaci\u00f3n del Estado,&nbsp;<strong>Federico Sturzenegger<\/strong>; la subsecretaria de Coordinaci\u00f3n y Administraci\u00f3n Exterior de la Canciller\u00eda,&nbsp;<strong>Mar\u00eda Cristina Dellepiane<\/strong>; el titular de la Oficina Anticorrupci\u00f3n (OA),&nbsp;<strong>Alejandro Melik<\/strong>; y el director nacional de \u00c9tica P\u00fablica,&nbsp;<strong>Leopoldo Giupponi<\/strong>,&nbsp;<strong>por la presunta comisi\u00f3n de los delitos de incumplimiento de deberes de funcionario p\u00fablico y negociaciones incompatibles con la funci\u00f3n p\u00fablica.<\/strong><\/p>\n\n\n\n<p>La presentaci\u00f3n tambi\u00e9n pide que se analice la conducta de&nbsp;<strong>Mar\u00eda Josefina Rouillet<\/strong>, esposa del ministro, quien se desempe\u00f1a como directiva de la Asociaci\u00f3n Argentina de Cultura Inglesa.<\/p>\n\n\n\n<p>El eje de la denuncia es la Disposici\u00f3n 21\/2026 de la Subsecretar\u00eda de Coordinaci\u00f3n y Administraci\u00f3n Exterior, fechada el 19 de enero de 2026, que adjudic\u00f3 a la Asociaci\u00f3n Argentina de Cultura Inglesa la contrataci\u00f3n directa por especialidad N\u00b0 26-0033-CDI25 por un total de $114.044.133, con opci\u00f3n a pr\u00f3rroga, para brindar capacitaci\u00f3n en ingl\u00e9s al personal del Ministerio de Relaciones Exteriores, Comercio Internacional y Culto en el marco del Plan Estrat\u00e9gico de Capacitaci\u00f3n 2025-2027.<\/p>\n\n\n\n<p>Seg\u00fan surge del propio acto administrativo, en la \u201cDeclaraci\u00f3n Jurada de Intereses\u201d prevista por el Decreto 202\/2017 se detect\u00f3 \u201cun v\u00ednculo positivo\u201d entre Rouillet y el ministro Sturzenegger.<\/p>\n\n\n\n<p>A partir de ello, seg\u00fan se consign\u00f3, \u201cse aplicaron los tr\u00e1mites y procedimientos previstos para estos casos en el Art\u00edculo 4\u00b0 del Decreto N\u00b0 202\/17\u201d, comunicando la situaci\u00f3n a la Oficina Anticorrupci\u00f3n y a la Sindicatura General de la Naci\u00f3n, y sugiriendo la suscripci\u00f3n de un pacto de integridad.<\/p>\n\n\n\n<p>Adem\u00e1s, la disposici\u00f3n sostiene que la Direcci\u00f3n Nacional de \u00c9tica P\u00fablica dictamin\u00f3 que \u201cse han cumplido las previsiones establecidas en el Decreto N\u00b0 202\/17\u201d.<\/p>\n\n\n\n<p>El punto central de la acusaci\u00f3n es que, pese a lo afirmado en la disposici\u00f3n, no existir\u00eda constancia p\u00fablica en el sitio web de la Oficina Anticorrupci\u00f3n sobre la publicaci\u00f3n obligatoria del caso, tal como exige el art\u00edculo 4\u00b0, inciso b, del Decreto 202\/2017 cuando hay v\u00ednculos entre funcionarios con poder de decisi\u00f3n y personas o entidades contratadas por el Estado.<\/p>\n\n\n\n<p><strong>Los denunciantes aseguran que, al consultar el buscador de \u201cCasos informados a la OA\u201d, \u201cno hay publicaciones registradas sobre la recepci\u00f3n de la declaraci\u00f3n jurada de intereses\u201d correspondiente a la vinculaci\u00f3n entre Rouillet y Sturzenegger.<\/strong><\/p>\n\n\n\n<p>En ese marco, sostienen que se habr\u00eda omitido \u201cuna publicaci\u00f3n relativa a un procedimiento obligatorio de transparencia, impidiendo el conocimiento p\u00fablico de posibles riesgos de inter\u00e9s\u201d. Esa omisi\u00f3n \u2014afirman\u2014 ser\u00eda atribuible al titular de la OA, Alejandro Melik, y al director nacional de \u00c9tica P\u00fablica, Leopoldo Giupponi.<\/p>\n\n\n\n<p>Tambi\u00e9n cuestionan que se haya adjudicado y aprobado la contrataci\u00f3n&nbsp;<strong>\u201cexistiendo un v\u00ednculo con un funcionario con rango de ministro, incumpliendo un requisito de transparencia y publicidad clave\u201d<\/strong>, decisi\u00f3n que atribuyen a Dellepiane.<\/p>\n\n\n\n<p><\/p>\n","protected":false},"excerpt":{"rendered":"<p>Una denuncia penal presentada por los abogados&nbsp;Jos\u00e9 Lucas Magioncalda&nbsp;y&nbsp;Juan Mart\u00edn Fazio, integrantes de la agrupaci\u00f3n RESET Republicano, apunta contra el ministro de Desregulaci\u00f3n y Transformaci\u00f3n del Estado,&nbsp;Federico Sturzenegger; la subsecretaria&hellip;<\/p>\n","protected":false},"author":3,"featured_media":316690,"comment_status":"closed","ping_status":"open","sticky":false,"template":"","format":"standard","meta":{"_acf_changed":false,"footnotes":""},"categories":[1,8],"tags":[],"class_list":["post-319813","post","type-post","status-publish","format-standard","has-post-thumbnail","hentry","category-es-noticia","category-politica"],"acf":[],"yoast_head":"<!-- This site is optimized with the Yoast SEO plugin v27.5 - https:\/\/yoast.com\/product\/yoast-seo-wordpress\/ -->\n<title>Denuncian penalmente a\u00a0Sturzenegger\u00a0y a autoridades de la OA por una contrataci\u00f3n millonaria vinculada a su esposa - Diario Textual<\/title>\n<meta name=\"robots\" content=\"index, follow, max-snippet:-1, max-image-preview:large, max-video-preview:-1\" \/>\n<link rel=\"canonical\" href=\"https:\/\/diariotextual.com\/inicio\/index.php\/2026\/02\/17\/denuncian-penalmente-a-sturzenegger-y-a-autoridades-de-la-oa-por-una-contratacion-millonaria-vinculada-a-su-esposa\/\" \/>\n<meta property=\"og:locale\" content=\"es_ES\" \/>\n<meta property=\"og:type\" content=\"article\" \/>\n<meta property=\"og:title\" content=\"Denuncian penalmente a\u00a0Sturzenegger\u00a0y a autoridades de la OA por una contrataci\u00f3n millonaria vinculada a su esposa - Diario Textual\" \/>\n<meta property=\"og:description\" content=\"Una denuncia penal presentada por los abogados&nbsp;Jos\u00e9 Lucas Magioncalda&nbsp;y&nbsp;Juan Mart\u00edn Fazio, integrantes de la agrupaci\u00f3n RESET Republicano, apunta contra el ministro de Desregulaci\u00f3n y Transformaci\u00f3n del Estado,&nbsp;Federico Sturzenegger; la subsecretaria&hellip;\" \/>\n<meta property=\"og:url\" content=\"https:\/\/diariotextual.com\/inicio\/index.php\/2026\/02\/17\/denuncian-penalmente-a-sturzenegger-y-a-autoridades-de-la-oa-por-una-contratacion-millonaria-vinculada-a-su-esposa\/\" \/>\n<meta property=\"og:site_name\" content=\"Diario Textual\" \/>\n<meta property=\"article:publisher\" content=\"https:\/\/www.facebook.com\/eltextual\" \/>\n<meta property=\"article:published_time\" content=\"2026-02-17T03:04:00+00:00\" \/>\n<meta property=\"article:modified_time\" content=\"2026-02-17T12:55:20+00:00\" \/>\n<meta property=\"og:image\" content=\"https:\/\/diariotextual.com\/inicio\/wp-content\/uploads\/2025\/12\/sturzeneggerfederico2026-7.webp\" \/>\n\t<meta property=\"og:image:width\" content=\"1080\" \/>\n\t<meta property=\"og:image:height\" content=\"720\" \/>\n\t<meta property=\"og:image:type\" content=\"image\/webp\" \/>\n<meta name=\"author\" content=\"Diario1 Diario1\" \/>\n<meta name=\"twitter:card\" content=\"summary_large_image\" \/>\n<meta name=\"twitter:creator\" content=\"@eltextual\" \/>\n<meta name=\"twitter:site\" content=\"@eltextual\" \/>\n<meta name=\"twitter:label1\" content=\"Escrito por\" \/>\n\t<meta name=\"twitter:data1\" content=\"Diario1 Diario1\" \/>\n\t<meta name=\"twitter:label2\" content=\"Tiempo de lectura\" \/>\n\t<meta name=\"twitter:data2\" content=\"3 minutos\" \/>\n<script type=\"application\/ld+json\" class=\"yoast-schema-graph\">{\"@context\":\"https:\\\/\\\/schema.org\",\"@graph\":[{\"@type\":\"Article\",\"@id\":\"https:\\\/\\\/diariotextual.com\\\/inicio\\\/index.php\\\/2026\\\/02\\\/17\\\/denuncian-penalmente-a-sturzenegger-y-a-autoridades-de-la-oa-por-una-contratacion-millonaria-vinculada-a-su-esposa\\\/#article\",\"isPartOf\":{\"@id\":\"https:\\\/\\\/diariotextual.com\\\/inicio\\\/index.php\\\/2026\\\/02\\\/17\\\/denuncian-penalmente-a-sturzenegger-y-a-autoridades-de-la-oa-por-una-contratacion-millonaria-vinculada-a-su-esposa\\\/\"},\"author\":{\"name\":\"Diario1 Diario1\",\"@id\":\"https:\\\/\\\/diariotextual.com\\\/inicio\\\/#\\\/schema\\\/person\\\/418fc4093c33e86ed41562db3508f958\"},\"headline\":\"Denuncian penalmente a\u00a0Sturzenegger\u00a0y a autoridades de la OA por una contrataci\u00f3n millonaria vinculada a su esposa\",\"datePublished\":\"2026-02-17T03:04:00+00:00\",\"dateModified\":\"2026-02-17T12:55:20+00:00\",\"mainEntityOfPage\":{\"@id\":\"https:\\\/\\\/diariotextual.com\\\/inicio\\\/index.php\\\/2026\\\/02\\\/17\\\/denuncian-penalmente-a-sturzenegger-y-a-autoridades-de-la-oa-por-una-contratacion-millonaria-vinculada-a-su-esposa\\\/\"},\"wordCount\":551,\"publisher\":{\"@id\":\"https:\\\/\\\/diariotextual.com\\\/inicio\\\/#organization\"},\"image\":{\"@id\":\"https:\\\/\\\/diariotextual.com\\\/inicio\\\/index.php\\\/2026\\\/02\\\/17\\\/denuncian-penalmente-a-sturzenegger-y-a-autoridades-de-la-oa-por-una-contratacion-millonaria-vinculada-a-su-esposa\\\/#primaryimage\"},\"thumbnailUrl\":\"https:\\\/\\\/diariotextual.com\\\/inicio\\\/wp-content\\\/uploads\\\/2025\\\/12\\\/sturzeneggerfederico2026-7.webp\",\"articleSection\":[\"A - ES NOTICIA (van abajo)\",\"POLITICA\"],\"inLanguage\":\"es\"},{\"@type\":\"WebPage\",\"@id\":\"https:\\\/\\\/diariotextual.com\\\/inicio\\\/index.php\\\/2026\\\/02\\\/17\\\/denuncian-penalmente-a-sturzenegger-y-a-autoridades-de-la-oa-por-una-contratacion-millonaria-vinculada-a-su-esposa\\\/\",\"url\":\"https:\\\/\\\/diariotextual.com\\\/inicio\\\/index.php\\\/2026\\\/02\\\/17\\\/denuncian-penalmente-a-sturzenegger-y-a-autoridades-de-la-oa-por-una-contratacion-millonaria-vinculada-a-su-esposa\\\/\",\"name\":\"Denuncian penalmente a\u00a0Sturzenegger\u00a0y a autoridades de la OA por una contrataci\u00f3n millonaria vinculada a su esposa - Diario Textual\",\"isPartOf\":{\"@id\":\"https:\\\/\\\/diariotextual.com\\\/inicio\\\/#website\"},\"primaryImageOfPage\":{\"@id\":\"https:\\\/\\\/diariotextual.com\\\/inicio\\\/index.php\\\/2026\\\/02\\\/17\\\/denuncian-penalmente-a-sturzenegger-y-a-autoridades-de-la-oa-por-una-contratacion-millonaria-vinculada-a-su-esposa\\\/#primaryimage\"},\"image\":{\"@id\":\"https:\\\/\\\/diariotextual.com\\\/inicio\\\/index.php\\\/2026\\\/02\\\/17\\\/denuncian-penalmente-a-sturzenegger-y-a-autoridades-de-la-oa-por-una-contratacion-millonaria-vinculada-a-su-esposa\\\/#primaryimage\"},\"thumbnailUrl\":\"https:\\\/\\\/diariotextual.com\\\/inicio\\\/wp-content\\\/uploads\\\/2025\\\/12\\\/sturzeneggerfederico2026-7.webp\",\"datePublished\":\"2026-02-17T03:04:00+00:00\",\"dateModified\":\"2026-02-17T12:55:20+00:00\",\"breadcrumb\":{\"@id\":\"https:\\\/\\\/diariotextual.com\\\/inicio\\\/index.php\\\/2026\\\/02\\\/17\\\/denuncian-penalmente-a-sturzenegger-y-a-autoridades-de-la-oa-por-una-contratacion-millonaria-vinculada-a-su-esposa\\\/#breadcrumb\"},\"inLanguage\":\"es\",\"potentialAction\":[{\"@type\":\"ReadAction\",\"target\":[\"https:\\\/\\\/diariotextual.com\\\/inicio\\\/index.php\\\/2026\\\/02\\\/17\\\/denuncian-penalmente-a-sturzenegger-y-a-autoridades-de-la-oa-por-una-contratacion-millonaria-vinculada-a-su-esposa\\\/\"]}]},{\"@type\":\"ImageObject\",\"inLanguage\":\"es\",\"@id\":\"https:\\\/\\\/diariotextual.com\\\/inicio\\\/index.php\\\/2026\\\/02\\\/17\\\/denuncian-penalmente-a-sturzenegger-y-a-autoridades-de-la-oa-por-una-contratacion-millonaria-vinculada-a-su-esposa\\\/#primaryimage\",\"url\":\"https:\\\/\\\/diariotextual.com\\\/inicio\\\/wp-content\\\/uploads\\\/2025\\\/12\\\/sturzeneggerfederico2026-7.webp\",\"contentUrl\":\"https:\\\/\\\/diariotextual.com\\\/inicio\\\/wp-content\\\/uploads\\\/2025\\\/12\\\/sturzeneggerfederico2026-7.webp\",\"width\":1080,\"height\":720},{\"@type\":\"BreadcrumbList\",\"@id\":\"https:\\\/\\\/diariotextual.com\\\/inicio\\\/index.php\\\/2026\\\/02\\\/17\\\/denuncian-penalmente-a-sturzenegger-y-a-autoridades-de-la-oa-por-una-contratacion-millonaria-vinculada-a-su-esposa\\\/#breadcrumb\",\"itemListElement\":[{\"@type\":\"ListItem\",\"position\":1,\"name\":\"Portada\",\"item\":\"https:\\\/\\\/diariotextual.com\\\/inicio\\\/\"},{\"@type\":\"ListItem\",\"position\":2,\"name\":\"Denuncian penalmente a\u00a0Sturzenegger\u00a0y a autoridades de la OA por una contrataci\u00f3n millonaria vinculada a su esposa\"}]},{\"@type\":\"WebSite\",\"@id\":\"https:\\\/\\\/diariotextual.com\\\/inicio\\\/#website\",\"url\":\"https:\\\/\\\/diariotextual.com\\\/inicio\\\/\",\"name\":\"Diario Textual\",\"description\":\"\",\"publisher\":{\"@id\":\"https:\\\/\\\/diariotextual.com\\\/inicio\\\/#organization\"},\"potentialAction\":[{\"@type\":\"SearchAction\",\"target\":{\"@type\":\"EntryPoint\",\"urlTemplate\":\"https:\\\/\\\/diariotextual.com\\\/inicio\\\/?s={search_term_string}\"},\"query-input\":{\"@type\":\"PropertyValueSpecification\",\"valueRequired\":true,\"valueName\":\"search_term_string\"}}],\"inLanguage\":\"es\"},{\"@type\":\"Organization\",\"@id\":\"https:\\\/\\\/diariotextual.com\\\/inicio\\\/#organization\",\"name\":\"Diario Textual\",\"url\":\"https:\\\/\\\/diariotextual.com\\\/inicio\\\/\",\"logo\":{\"@type\":\"ImageObject\",\"inLanguage\":\"es\",\"@id\":\"https:\\\/\\\/diariotextual.com\\\/inicio\\\/#\\\/schema\\\/logo\\\/image\\\/\",\"url\":\"https:\\\/\\\/diariotextual.com\\\/inicio\\\/wp-content\\\/uploads\\\/2023\\\/05\\\/logotextual1.jpg\",\"contentUrl\":\"https:\\\/\\\/diariotextual.com\\\/inicio\\\/wp-content\\\/uploads\\\/2023\\\/05\\\/logotextual1.jpg\",\"width\":516,\"height\":76,\"caption\":\"Diario Textual\"},\"image\":{\"@id\":\"https:\\\/\\\/diariotextual.com\\\/inicio\\\/#\\\/schema\\\/logo\\\/image\\\/\"},\"sameAs\":[\"https:\\\/\\\/www.facebook.com\\\/eltextual\",\"https:\\\/\\\/x.com\\\/eltextual\",\"http:\\\/\\\/www.instagram.com\\\/eltextual\"]},{\"@type\":\"Person\",\"@id\":\"https:\\\/\\\/diariotextual.com\\\/inicio\\\/#\\\/schema\\\/person\\\/418fc4093c33e86ed41562db3508f958\",\"name\":\"Diario1 Diario1\",\"image\":{\"@type\":\"ImageObject\",\"inLanguage\":\"es\",\"@id\":\"https:\\\/\\\/secure.gravatar.com\\\/avatar\\\/9167d280179c85bc18be67aa7eda765854300033af4896dd779b608640f2ef7a?s=96&d=mm&r=g\",\"url\":\"https:\\\/\\\/secure.gravatar.com\\\/avatar\\\/9167d280179c85bc18be67aa7eda765854300033af4896dd779b608640f2ef7a?s=96&d=mm&r=g\",\"contentUrl\":\"https:\\\/\\\/secure.gravatar.com\\\/avatar\\\/9167d280179c85bc18be67aa7eda765854300033af4896dd779b608640f2ef7a?s=96&d=mm&r=g\",\"caption\":\"Diario1 Diario1\"},\"url\":\"https:\\\/\\\/diariotextual.com\\\/inicio\\\/index.php\\\/author\\\/diario1\\\/\"}]}<\/script>\n<!-- \/ Yoast SEO plugin. -->","yoast_head_json":{"title":"Denuncian penalmente a\u00a0Sturzenegger\u00a0y a autoridades de la OA por una contrataci\u00f3n millonaria vinculada a su esposa - Diario Textual","robots":{"index":"index","follow":"follow","max-snippet":"max-snippet:-1","max-image-preview":"max-image-preview:large","max-video-preview":"max-video-preview:-1"},"canonical":"https:\/\/diariotextual.com\/inicio\/index.php\/2026\/02\/17\/denuncian-penalmente-a-sturzenegger-y-a-autoridades-de-la-oa-por-una-contratacion-millonaria-vinculada-a-su-esposa\/","og_locale":"es_ES","og_type":"article","og_title":"Denuncian penalmente a\u00a0Sturzenegger\u00a0y a autoridades de la OA por una contrataci\u00f3n millonaria vinculada a su esposa - Diario Textual","og_description":"Una denuncia penal presentada por los abogados&nbsp;Jos\u00e9 Lucas Magioncalda&nbsp;y&nbsp;Juan Mart\u00edn Fazio, integrantes de la agrupaci\u00f3n RESET Republicano, apunta contra el ministro de Desregulaci\u00f3n y Transformaci\u00f3n del Estado,&nbsp;Federico Sturzenegger; la subsecretaria&hellip;","og_url":"https:\/\/diariotextual.com\/inicio\/index.php\/2026\/02\/17\/denuncian-penalmente-a-sturzenegger-y-a-autoridades-de-la-oa-por-una-contratacion-millonaria-vinculada-a-su-esposa\/","og_site_name":"Diario Textual","article_publisher":"https:\/\/www.facebook.com\/eltextual","article_published_time":"2026-02-17T03:04:00+00:00","article_modified_time":"2026-02-17T12:55:20+00:00","og_image":[{"width":1080,"height":720,"url":"https:\/\/diariotextual.com\/inicio\/wp-content\/uploads\/2025\/12\/sturzeneggerfederico2026-7.webp","type":"image\/webp"}],"author":"Diario1 Diario1","twitter_card":"summary_large_image","twitter_creator":"@eltextual","twitter_site":"@eltextual","twitter_misc":{"Escrito por":"Diario1 Diario1","Tiempo de lectura":"3 minutos"},"schema":{"@context":"https:\/\/schema.org","@graph":[{"@type":"Article","@id":"https:\/\/diariotextual.com\/inicio\/index.php\/2026\/02\/17\/denuncian-penalmente-a-sturzenegger-y-a-autoridades-de-la-oa-por-una-contratacion-millonaria-vinculada-a-su-esposa\/#article","isPartOf":{"@id":"https:\/\/diariotextual.com\/inicio\/index.php\/2026\/02\/17\/denuncian-penalmente-a-sturzenegger-y-a-autoridades-de-la-oa-por-una-contratacion-millonaria-vinculada-a-su-esposa\/"},"author":{"name":"Diario1 Diario1","@id":"https:\/\/diariotextual.com\/inicio\/#\/schema\/person\/418fc4093c33e86ed41562db3508f958"},"headline":"Denuncian penalmente a\u00a0Sturzenegger\u00a0y a autoridades de la OA por una contrataci\u00f3n millonaria vinculada a su esposa","datePublished":"2026-02-17T03:04:00+00:00","dateModified":"2026-02-17T12:55:20+00:00","mainEntityOfPage":{"@id":"https:\/\/diariotextual.com\/inicio\/index.php\/2026\/02\/17\/denuncian-penalmente-a-sturzenegger-y-a-autoridades-de-la-oa-por-una-contratacion-millonaria-vinculada-a-su-esposa\/"},"wordCount":551,"publisher":{"@id":"https:\/\/diariotextual.com\/inicio\/#organization"},"image":{"@id":"https:\/\/diariotextual.com\/inicio\/index.php\/2026\/02\/17\/denuncian-penalmente-a-sturzenegger-y-a-autoridades-de-la-oa-por-una-contratacion-millonaria-vinculada-a-su-esposa\/#primaryimage"},"thumbnailUrl":"https:\/\/diariotextual.com\/inicio\/wp-content\/uploads\/2025\/12\/sturzeneggerfederico2026-7.webp","articleSection":["A - ES NOTICIA (van abajo)","POLITICA"],"inLanguage":"es"},{"@type":"WebPage","@id":"https:\/\/diariotextual.com\/inicio\/index.php\/2026\/02\/17\/denuncian-penalmente-a-sturzenegger-y-a-autoridades-de-la-oa-por-una-contratacion-millonaria-vinculada-a-su-esposa\/","url":"https:\/\/diariotextual.com\/inicio\/index.php\/2026\/02\/17\/denuncian-penalmente-a-sturzenegger-y-a-autoridades-de-la-oa-por-una-contratacion-millonaria-vinculada-a-su-esposa\/","name":"Denuncian penalmente a\u00a0Sturzenegger\u00a0y a autoridades de la OA por una contrataci\u00f3n millonaria vinculada a su esposa - Diario Textual","isPartOf":{"@id":"https:\/\/diariotextual.com\/inicio\/#website"},"primaryImageOfPage":{"@id":"https:\/\/diariotextual.com\/inicio\/index.php\/2026\/02\/17\/denuncian-penalmente-a-sturzenegger-y-a-autoridades-de-la-oa-por-una-contratacion-millonaria-vinculada-a-su-esposa\/#primaryimage"},"image":{"@id":"https:\/\/diariotextual.com\/inicio\/index.php\/2026\/02\/17\/denuncian-penalmente-a-sturzenegger-y-a-autoridades-de-la-oa-por-una-contratacion-millonaria-vinculada-a-su-esposa\/#primaryimage"},"thumbnailUrl":"https:\/\/diariotextual.com\/inicio\/wp-content\/uploads\/2025\/12\/sturzeneggerfederico2026-7.webp","datePublished":"2026-02-17T03:04:00+00:00","dateModified":"2026-02-17T12:55:20+00:00","breadcrumb":{"@id":"https:\/\/diariotextual.com\/inicio\/index.php\/2026\/02\/17\/denuncian-penalmente-a-sturzenegger-y-a-autoridades-de-la-oa-por-una-contratacion-millonaria-vinculada-a-su-esposa\/#breadcrumb"},"inLanguage":"es","potentialAction":[{"@type":"ReadAction","target":["https:\/\/diariotextual.com\/inicio\/index.php\/2026\/02\/17\/denuncian-penalmente-a-sturzenegger-y-a-autoridades-de-la-oa-por-una-contratacion-millonaria-vinculada-a-su-esposa\/"]}]},{"@type":"ImageObject","inLanguage":"es","@id":"https:\/\/diariotextual.com\/inicio\/index.php\/2026\/02\/17\/denuncian-penalmente-a-sturzenegger-y-a-autoridades-de-la-oa-por-una-contratacion-millonaria-vinculada-a-su-esposa\/#primaryimage","url":"https:\/\/diariotextual.com\/inicio\/wp-content\/uploads\/2025\/12\/sturzeneggerfederico2026-7.webp","contentUrl":"https:\/\/diariotextual.com\/inicio\/wp-content\/uploads\/2025\/12\/sturzeneggerfederico2026-7.webp","width":1080,"height":720},{"@type":"BreadcrumbList","@id":"https:\/\/diariotextual.com\/inicio\/index.php\/2026\/02\/17\/denuncian-penalmente-a-sturzenegger-y-a-autoridades-de-la-oa-por-una-contratacion-millonaria-vinculada-a-su-esposa\/#breadcrumb","itemListElement":[{"@type":"ListItem","position":1,"name":"Portada","item":"https:\/\/diariotextual.com\/inicio\/"},{"@type":"ListItem","position":2,"name":"Denuncian penalmente a\u00a0Sturzenegger\u00a0y a autoridades de la OA por una contrataci\u00f3n millonaria vinculada a su esposa"}]},{"@type":"WebSite","@id":"https:\/\/diariotextual.com\/inicio\/#website","url":"https:\/\/diariotextual.com\/inicio\/","name":"Diario Textual","description":"","publisher":{"@id":"https:\/\/diariotextual.com\/inicio\/#organization"},"potentialAction":[{"@type":"SearchAction","target":{"@type":"EntryPoint","urlTemplate":"https:\/\/diariotextual.com\/inicio\/?s={search_term_string}"},"query-input":{"@type":"PropertyValueSpecification","valueRequired":true,"valueName":"search_term_string"}}],"inLanguage":"es"},{"@type":"Organization","@id":"https:\/\/diariotextual.com\/inicio\/#organization","name":"Diario Textual","url":"https:\/\/diariotextual.com\/inicio\/","logo":{"@type":"ImageObject","inLanguage":"es","@id":"https:\/\/diariotextual.com\/inicio\/#\/schema\/logo\/image\/","url":"https:\/\/diariotextual.com\/inicio\/wp-content\/uploads\/2023\/05\/logotextual1.jpg","contentUrl":"https:\/\/diariotextual.com\/inicio\/wp-content\/uploads\/2023\/05\/logotextual1.jpg","width":516,"height":76,"caption":"Diario Textual"},"image":{"@id":"https:\/\/diariotextual.com\/inicio\/#\/schema\/logo\/image\/"},"sameAs":["https:\/\/www.facebook.com\/eltextual","https:\/\/x.com\/eltextual","http:\/\/www.instagram.com\/eltextual"]},{"@type":"Person","@id":"https:\/\/diariotextual.com\/inicio\/#\/schema\/person\/418fc4093c33e86ed41562db3508f958","name":"Diario1 Diario1","image":{"@type":"ImageObject","inLanguage":"es","@id":"https:\/\/secure.gravatar.com\/avatar\/9167d280179c85bc18be67aa7eda765854300033af4896dd779b608640f2ef7a?s=96&d=mm&r=g","url":"https:\/\/secure.gravatar.com\/avatar\/9167d280179c85bc18be67aa7eda765854300033af4896dd779b608640f2ef7a?s=96&d=mm&r=g","contentUrl":"https:\/\/secure.gravatar.com\/avatar\/9167d280179c85bc18be67aa7eda765854300033af4896dd779b608640f2ef7a?s=96&d=mm&r=g","caption":"Diario1 Diario1"},"url":"https:\/\/diariotextual.com\/inicio\/index.php\/author\/diario1\/"}]}},"_links":{"self":[{"href":"https:\/\/diariotextual.com\/inicio\/index.php\/wp-json\/wp\/v2\/posts\/319813","targetHints":{"allow":["GET"]}}],"collection":[{"href":"https:\/\/diariotextual.com\/inicio\/index.php\/wp-json\/wp\/v2\/posts"}],"about":[{"href":"https:\/\/diariotextual.com\/inicio\/index.php\/wp-json\/wp\/v2\/types\/post"}],"author":[{"embeddable":true,"href":"https:\/\/diariotextual.com\/inicio\/index.php\/wp-json\/wp\/v2\/users\/3"}],"replies":[{"embeddable":true,"href":"https:\/\/diariotextual.com\/inicio\/index.php\/wp-json\/wp\/v2\/comments?post=319813"}],"version-history":[{"count":3,"href":"https:\/\/diariotextual.com\/inicio\/index.php\/wp-json\/wp\/v2\/posts\/319813\/revisions"}],"predecessor-version":[{"id":319816,"href":"https:\/\/diariotextual.com\/inicio\/index.php\/wp-json\/wp\/v2\/posts\/319813\/revisions\/319816"}],"wp:featuredmedia":[{"embeddable":true,"href":"https:\/\/diariotextual.com\/inicio\/index.php\/wp-json\/wp\/v2\/media\/316690"}],"wp:attachment":[{"href":"https:\/\/diariotextual.com\/inicio\/index.php\/wp-json\/wp\/v2\/media?parent=319813"}],"wp:term":[{"taxonomy":"category","embeddable":true,"href":"https:\/\/diariotextual.com\/inicio\/index.php\/wp-json\/wp\/v2\/categories?post=319813"},{"taxonomy":"post_tag","embeddable":true,"href":"https:\/\/diariotextual.com\/inicio\/index.php\/wp-json\/wp\/v2\/tags?post=319813"}],"curies":[{"name":"wp","href":"https:\/\/api.w.org\/{rel}","templated":true}]}}