{"id":319830,"date":"2026-02-17T09:55:01","date_gmt":"2026-02-17T12:55:01","guid":{"rendered":"https:\/\/diariotextual.com\/inicio\/?p=319830"},"modified":"2026-02-17T09:55:03","modified_gmt":"2026-02-17T12:55:03","slug":"bullrich-admitio-un-error-en-la-reforma-laboral-por-no-diferenciar-enfermedades-graves-y-leves","status":"publish","type":"post","link":"https:\/\/diariotextual.com\/inicio\/index.php\/2026\/02\/17\/bullrich-admitio-un-error-en-la-reforma-laboral-por-no-diferenciar-enfermedades-graves-y-leves\/","title":{"rendered":"Bullrich admiti\u00f3 un \u201cerror\u201d en la reforma laboral por no diferenciar enfermedades graves y leves"},"content":{"rendered":"\n<p>La jefa del bloque de senadores de La Libertad Avanza, <strong>Patricia Bullrich<\/strong>, reconoci\u00f3 que fue \u201cun error\u201d no diferenciar enfermedades graves y leves en el proyecto de reforma laboral, que reduce el pago de licencias por enfermedad o accidentes no laborales.<\/p>\n\n\n\n<p>En declaraciones a TN, la legisladora sostuvo que \u201cel error no fue haber aclarado las enfermedades severas, degenerativas o irrecuperables. Nos falt\u00f3 eso y lo vamos a arreglar\u201d, y anticip\u00f3 que el oficialismo impulsar\u00e1 modificaciones cuando la iniciativa se discuta en la C\u00e1mara de Diputados.<\/p>\n\n\n\n<p>Bullrich explic\u00f3 que \u201ceso puede pasar cuando ten\u00e9s m\u00e1s de 200 art\u00edculos\u201d y asegur\u00f3 que el problema surgi\u00f3 porque la ley original \u201cno distingue entre un esguince y un c\u00e1ncer\u201d.<\/p>\n\n\n\n<p>Seg\u00fan supo la Agencia Noticias Argentinas, la modificaci\u00f3n de ese art\u00edculo obligar\u00e1 a que el proyecto regrese al Senado, ya que los bloques dialoguistas no aceptaron que se corrija mediante una ley complementaria o a trav\u00e9s de la reglamentaci\u00f3n, como pretend\u00eda el oficialismo.<\/p>\n\n\n\n<div style=\"height:100px\" aria-hidden=\"true\" class=\"wp-block-spacer\"><\/div>\n\n\n\n<p><strong>El art\u00edculo cuestionado<\/strong><\/p>\n\n\n\n<p>El art\u00edculo 44 establece que se pagar\u00e1 el <strong>50% del sueldo<\/strong> en el caso de licencias por enfermedades o accidentes ajenas al \u00e1mbito laboral, y el <strong>75%<\/strong> cuando se trate de personas con familiares a cargo.<\/p>\n\n\n\n<p>El Senado dio media sanci\u00f3n el jueves pasado al proyecto de reforma laboral del presidente Javier Milei. Desde entonces, se intensific\u00f3 la discusi\u00f3n entre legisladores, abogados, funcionarios y especialistas por los cambios que la iniciativa introduce en el r\u00e9gimen de licencias m\u00e9dicas.<\/p>\n\n\n\n<p>En ese contexto, el ministro de Desregulaci\u00f3n y Transformaci\u00f3n del Estado, Federico Sturzenegger, sali\u00f3 a explicar los alcances de la norma y las herramientas que podr\u00eda tener el empleador ante una licencia por enfermedad.<\/p>\n\n\n\n<div style=\"height:100px\" aria-hidden=\"true\" class=\"wp-block-spacer\"><\/div>\n\n\n\n<p><strong>Qu\u00e9 dice la ley vigente y qu\u00e9 propone la reforma<\/strong><\/p>\n\n\n\n<p>Bajo la <strong>Ley de Contrato de Trabajo<\/strong> vigente, los trabajadores que contraen una enfermedad o sufren un accidente fuera del horario laboral tienen derecho a percibir el <strong>100% del salario<\/strong> durante el per\u00edodo legal de licencia.<\/p>\n\n\n\n<p>Ese plazo var\u00eda seg\u00fan la antig\u00fcedad: hasta <strong>tres meses<\/strong> para quienes tienen menos de cinco a\u00f1os, y hasta <strong>seis meses<\/strong> para quienes superan ese umbral, con reserva del puesto durante ese tiempo.<\/p>\n\n\n\n<p>En cambio, el proyecto aprobado por el Senado introduce un sistema escalonado en el pago de licencias m\u00e9dicas por enfermedad o accidente no laboral.<\/p>\n\n\n\n<p>Seg\u00fan el texto reformado, se abonar\u00e1 el <strong>50% del salario<\/strong> si el empleador determina que la incapacidad se origin\u00f3 en una \u201cactividad voluntaria y consciente que implicara alg\u00fan riesgo para la salud\u201d, como una lesi\u00f3n practicando deportes de riesgo.<\/p>\n\n\n\n<p>En el resto de los casos, el trabajador percibir\u00eda el <strong>75% del sueldo<\/strong>, lo que representa un recorte frente al esquema vigente.<\/p>\n\n\n\n<p>Adem\u00e1s, la iniciativa prev\u00e9 la presentaci\u00f3n de <strong>certificados m\u00e9dicos detallados<\/strong>, la posibilidad de que el empleador solicite <strong>controles propios<\/strong> y, ante discrepancias, la intervenci\u00f3n de juntas m\u00e9dicas con costo a cargo de la empresa.<\/p>\n\n\n\n<p><\/p>\n","protected":false},"excerpt":{"rendered":"<p>La jefa del bloque de senadores de La Libertad Avanza, Patricia Bullrich, reconoci\u00f3 que fue \u201cun error\u201d no diferenciar enfermedades graves y leves en el proyecto de reforma laboral, que&hellip;<\/p>\n","protected":false},"author":3,"featured_media":319773,"comment_status":"closed","ping_status":"open","sticky":false,"template":"","format":"standard","meta":{"_acf_changed":false,"footnotes":""},"categories":[9,8],"tags":[],"class_list":["post-319830","post","type-post","status-publish","format-standard","has-post-thumbnail","hentry","category-portada","category-politica"],"acf":[],"yoast_head":"<!-- This site is optimized with the Yoast SEO plugin v27.5 - https:\/\/yoast.com\/product\/yoast-seo-wordpress\/ -->\n<title>Bullrich admiti\u00f3 un \u201cerror\u201d en la reforma laboral por no diferenciar enfermedades graves y leves - Diario Textual<\/title>\n<meta name=\"robots\" content=\"index, follow, max-snippet:-1, max-image-preview:large, max-video-preview:-1\" \/>\n<link rel=\"canonical\" href=\"https:\/\/diariotextual.com\/inicio\/index.php\/2026\/02\/17\/bullrich-admitio-un-error-en-la-reforma-laboral-por-no-diferenciar-enfermedades-graves-y-leves\/\" \/>\n<meta property=\"og:locale\" content=\"es_ES\" \/>\n<meta property=\"og:type\" content=\"article\" \/>\n<meta property=\"og:title\" content=\"Bullrich admiti\u00f3 un \u201cerror\u201d en la reforma laboral por no diferenciar enfermedades graves y leves - Diario Textual\" \/>\n<meta property=\"og:description\" content=\"La jefa del bloque de senadores de La Libertad Avanza, Patricia Bullrich, reconoci\u00f3 que fue \u201cun error\u201d no diferenciar enfermedades graves y leves en el proyecto de reforma laboral, que&hellip;\" \/>\n<meta property=\"og:url\" content=\"https:\/\/diariotextual.com\/inicio\/index.php\/2026\/02\/17\/bullrich-admitio-un-error-en-la-reforma-laboral-por-no-diferenciar-enfermedades-graves-y-leves\/\" \/>\n<meta property=\"og:site_name\" content=\"Diario Textual\" \/>\n<meta property=\"article:publisher\" content=\"https:\/\/www.facebook.com\/eltextual\" \/>\n<meta property=\"article:published_time\" content=\"2026-02-17T12:55:01+00:00\" \/>\n<meta property=\"article:modified_time\" content=\"2026-02-17T12:55:03+00:00\" \/>\n<meta property=\"og:image\" content=\"https:\/\/diariotextual.com\/inicio\/wp-content\/uploads\/2026\/02\/bullrichpatricia2026-1.jpg\" \/>\n\t<meta property=\"og:image:width\" content=\"1200\" \/>\n\t<meta property=\"og:image:height\" content=\"800\" \/>\n\t<meta property=\"og:image:type\" content=\"image\/jpeg\" \/>\n<meta name=\"author\" content=\"Diario1 Diario1\" \/>\n<meta name=\"twitter:card\" content=\"summary_large_image\" \/>\n<meta name=\"twitter:creator\" content=\"@eltextual\" \/>\n<meta name=\"twitter:site\" content=\"@eltextual\" \/>\n<meta name=\"twitter:label1\" content=\"Escrito por\" \/>\n\t<meta name=\"twitter:data1\" content=\"Diario1 Diario1\" \/>\n\t<meta name=\"twitter:label2\" content=\"Tiempo de lectura\" \/>\n\t<meta name=\"twitter:data2\" content=\"3 minutos\" \/>\n<script type=\"application\/ld+json\" class=\"yoast-schema-graph\">{\"@context\":\"https:\\\/\\\/schema.org\",\"@graph\":[{\"@type\":\"Article\",\"@id\":\"https:\\\/\\\/diariotextual.com\\\/inicio\\\/index.php\\\/2026\\\/02\\\/17\\\/bullrich-admitio-un-error-en-la-reforma-laboral-por-no-diferenciar-enfermedades-graves-y-leves\\\/#article\",\"isPartOf\":{\"@id\":\"https:\\\/\\\/diariotextual.com\\\/inicio\\\/index.php\\\/2026\\\/02\\\/17\\\/bullrich-admitio-un-error-en-la-reforma-laboral-por-no-diferenciar-enfermedades-graves-y-leves\\\/\"},\"author\":{\"name\":\"Diario1 Diario1\",\"@id\":\"https:\\\/\\\/diariotextual.com\\\/inicio\\\/#\\\/schema\\\/person\\\/418fc4093c33e86ed41562db3508f958\"},\"headline\":\"Bullrich admiti\u00f3 un \u201cerror\u201d en la reforma laboral por no diferenciar enfermedades graves y leves\",\"datePublished\":\"2026-02-17T12:55:01+00:00\",\"dateModified\":\"2026-02-17T12:55:03+00:00\",\"mainEntityOfPage\":{\"@id\":\"https:\\\/\\\/diariotextual.com\\\/inicio\\\/index.php\\\/2026\\\/02\\\/17\\\/bullrich-admitio-un-error-en-la-reforma-laboral-por-no-diferenciar-enfermedades-graves-y-leves\\\/\"},\"wordCount\":514,\"publisher\":{\"@id\":\"https:\\\/\\\/diariotextual.com\\\/inicio\\\/#organization\"},\"image\":{\"@id\":\"https:\\\/\\\/diariotextual.com\\\/inicio\\\/index.php\\\/2026\\\/02\\\/17\\\/bullrich-admitio-un-error-en-la-reforma-laboral-por-no-diferenciar-enfermedades-graves-y-leves\\\/#primaryimage\"},\"thumbnailUrl\":\"https:\\\/\\\/diariotextual.com\\\/inicio\\\/wp-content\\\/uploads\\\/2026\\\/02\\\/bullrichpatricia2026-1.jpg\",\"articleSection\":[\"A - PORTADA\",\"POLITICA\"],\"inLanguage\":\"es\"},{\"@type\":\"WebPage\",\"@id\":\"https:\\\/\\\/diariotextual.com\\\/inicio\\\/index.php\\\/2026\\\/02\\\/17\\\/bullrich-admitio-un-error-en-la-reforma-laboral-por-no-diferenciar-enfermedades-graves-y-leves\\\/\",\"url\":\"https:\\\/\\\/diariotextual.com\\\/inicio\\\/index.php\\\/2026\\\/02\\\/17\\\/bullrich-admitio-un-error-en-la-reforma-laboral-por-no-diferenciar-enfermedades-graves-y-leves\\\/\",\"name\":\"Bullrich admiti\u00f3 un \u201cerror\u201d en la reforma laboral por no diferenciar enfermedades graves y leves - Diario Textual\",\"isPartOf\":{\"@id\":\"https:\\\/\\\/diariotextual.com\\\/inicio\\\/#website\"},\"primaryImageOfPage\":{\"@id\":\"https:\\\/\\\/diariotextual.com\\\/inicio\\\/index.php\\\/2026\\\/02\\\/17\\\/bullrich-admitio-un-error-en-la-reforma-laboral-por-no-diferenciar-enfermedades-graves-y-leves\\\/#primaryimage\"},\"image\":{\"@id\":\"https:\\\/\\\/diariotextual.com\\\/inicio\\\/index.php\\\/2026\\\/02\\\/17\\\/bullrich-admitio-un-error-en-la-reforma-laboral-por-no-diferenciar-enfermedades-graves-y-leves\\\/#primaryimage\"},\"thumbnailUrl\":\"https:\\\/\\\/diariotextual.com\\\/inicio\\\/wp-content\\\/uploads\\\/2026\\\/02\\\/bullrichpatricia2026-1.jpg\",\"datePublished\":\"2026-02-17T12:55:01+00:00\",\"dateModified\":\"2026-02-17T12:55:03+00:00\",\"breadcrumb\":{\"@id\":\"https:\\\/\\\/diariotextual.com\\\/inicio\\\/index.php\\\/2026\\\/02\\\/17\\\/bullrich-admitio-un-error-en-la-reforma-laboral-por-no-diferenciar-enfermedades-graves-y-leves\\\/#breadcrumb\"},\"inLanguage\":\"es\",\"potentialAction\":[{\"@type\":\"ReadAction\",\"target\":[\"https:\\\/\\\/diariotextual.com\\\/inicio\\\/index.php\\\/2026\\\/02\\\/17\\\/bullrich-admitio-un-error-en-la-reforma-laboral-por-no-diferenciar-enfermedades-graves-y-leves\\\/\"]}]},{\"@type\":\"ImageObject\",\"inLanguage\":\"es\",\"@id\":\"https:\\\/\\\/diariotextual.com\\\/inicio\\\/index.php\\\/2026\\\/02\\\/17\\\/bullrich-admitio-un-error-en-la-reforma-laboral-por-no-diferenciar-enfermedades-graves-y-leves\\\/#primaryimage\",\"url\":\"https:\\\/\\\/diariotextual.com\\\/inicio\\\/wp-content\\\/uploads\\\/2026\\\/02\\\/bullrichpatricia2026-1.jpg\",\"contentUrl\":\"https:\\\/\\\/diariotextual.com\\\/inicio\\\/wp-content\\\/uploads\\\/2026\\\/02\\\/bullrichpatricia2026-1.jpg\",\"width\":1200,\"height\":800},{\"@type\":\"BreadcrumbList\",\"@id\":\"https:\\\/\\\/diariotextual.com\\\/inicio\\\/index.php\\\/2026\\\/02\\\/17\\\/bullrich-admitio-un-error-en-la-reforma-laboral-por-no-diferenciar-enfermedades-graves-y-leves\\\/#breadcrumb\",\"itemListElement\":[{\"@type\":\"ListItem\",\"position\":1,\"name\":\"Portada\",\"item\":\"https:\\\/\\\/diariotextual.com\\\/inicio\\\/\"},{\"@type\":\"ListItem\",\"position\":2,\"name\":\"Bullrich admiti\u00f3 un \u201cerror\u201d en la reforma laboral por no diferenciar enfermedades graves y leves\"}]},{\"@type\":\"WebSite\",\"@id\":\"https:\\\/\\\/diariotextual.com\\\/inicio\\\/#website\",\"url\":\"https:\\\/\\\/diariotextual.com\\\/inicio\\\/\",\"name\":\"Diario Textual\",\"description\":\"\",\"publisher\":{\"@id\":\"https:\\\/\\\/diariotextual.com\\\/inicio\\\/#organization\"},\"potentialAction\":[{\"@type\":\"SearchAction\",\"target\":{\"@type\":\"EntryPoint\",\"urlTemplate\":\"https:\\\/\\\/diariotextual.com\\\/inicio\\\/?s={search_term_string}\"},\"query-input\":{\"@type\":\"PropertyValueSpecification\",\"valueRequired\":true,\"valueName\":\"search_term_string\"}}],\"inLanguage\":\"es\"},{\"@type\":\"Organization\",\"@id\":\"https:\\\/\\\/diariotextual.com\\\/inicio\\\/#organization\",\"name\":\"Diario Textual\",\"url\":\"https:\\\/\\\/diariotextual.com\\\/inicio\\\/\",\"logo\":{\"@type\":\"ImageObject\",\"inLanguage\":\"es\",\"@id\":\"https:\\\/\\\/diariotextual.com\\\/inicio\\\/#\\\/schema\\\/logo\\\/image\\\/\",\"url\":\"https:\\\/\\\/diariotextual.com\\\/inicio\\\/wp-content\\\/uploads\\\/2023\\\/05\\\/logotextual1.jpg\",\"contentUrl\":\"https:\\\/\\\/diariotextual.com\\\/inicio\\\/wp-content\\\/uploads\\\/2023\\\/05\\\/logotextual1.jpg\",\"width\":516,\"height\":76,\"caption\":\"Diario Textual\"},\"image\":{\"@id\":\"https:\\\/\\\/diariotextual.com\\\/inicio\\\/#\\\/schema\\\/logo\\\/image\\\/\"},\"sameAs\":[\"https:\\\/\\\/www.facebook.com\\\/eltextual\",\"https:\\\/\\\/x.com\\\/eltextual\",\"http:\\\/\\\/www.instagram.com\\\/eltextual\"]},{\"@type\":\"Person\",\"@id\":\"https:\\\/\\\/diariotextual.com\\\/inicio\\\/#\\\/schema\\\/person\\\/418fc4093c33e86ed41562db3508f958\",\"name\":\"Diario1 Diario1\",\"image\":{\"@type\":\"ImageObject\",\"inLanguage\":\"es\",\"@id\":\"https:\\\/\\\/secure.gravatar.com\\\/avatar\\\/9167d280179c85bc18be67aa7eda765854300033af4896dd779b608640f2ef7a?s=96&d=mm&r=g\",\"url\":\"https:\\\/\\\/secure.gravatar.com\\\/avatar\\\/9167d280179c85bc18be67aa7eda765854300033af4896dd779b608640f2ef7a?s=96&d=mm&r=g\",\"contentUrl\":\"https:\\\/\\\/secure.gravatar.com\\\/avatar\\\/9167d280179c85bc18be67aa7eda765854300033af4896dd779b608640f2ef7a?s=96&d=mm&r=g\",\"caption\":\"Diario1 Diario1\"},\"url\":\"https:\\\/\\\/diariotextual.com\\\/inicio\\\/index.php\\\/author\\\/diario1\\\/\"}]}<\/script>\n<!-- \/ Yoast SEO plugin. -->","yoast_head_json":{"title":"Bullrich admiti\u00f3 un \u201cerror\u201d en la reforma laboral por no diferenciar enfermedades graves y leves - Diario Textual","robots":{"index":"index","follow":"follow","max-snippet":"max-snippet:-1","max-image-preview":"max-image-preview:large","max-video-preview":"max-video-preview:-1"},"canonical":"https:\/\/diariotextual.com\/inicio\/index.php\/2026\/02\/17\/bullrich-admitio-un-error-en-la-reforma-laboral-por-no-diferenciar-enfermedades-graves-y-leves\/","og_locale":"es_ES","og_type":"article","og_title":"Bullrich admiti\u00f3 un \u201cerror\u201d en la reforma laboral por no diferenciar enfermedades graves y leves - Diario Textual","og_description":"La jefa del bloque de senadores de La Libertad Avanza, Patricia Bullrich, reconoci\u00f3 que fue \u201cun error\u201d no diferenciar enfermedades graves y leves en el proyecto de reforma laboral, que&hellip;","og_url":"https:\/\/diariotextual.com\/inicio\/index.php\/2026\/02\/17\/bullrich-admitio-un-error-en-la-reforma-laboral-por-no-diferenciar-enfermedades-graves-y-leves\/","og_site_name":"Diario Textual","article_publisher":"https:\/\/www.facebook.com\/eltextual","article_published_time":"2026-02-17T12:55:01+00:00","article_modified_time":"2026-02-17T12:55:03+00:00","og_image":[{"width":1200,"height":800,"url":"https:\/\/diariotextual.com\/inicio\/wp-content\/uploads\/2026\/02\/bullrichpatricia2026-1.jpg","type":"image\/jpeg"}],"author":"Diario1 Diario1","twitter_card":"summary_large_image","twitter_creator":"@eltextual","twitter_site":"@eltextual","twitter_misc":{"Escrito por":"Diario1 Diario1","Tiempo de lectura":"3 minutos"},"schema":{"@context":"https:\/\/schema.org","@graph":[{"@type":"Article","@id":"https:\/\/diariotextual.com\/inicio\/index.php\/2026\/02\/17\/bullrich-admitio-un-error-en-la-reforma-laboral-por-no-diferenciar-enfermedades-graves-y-leves\/#article","isPartOf":{"@id":"https:\/\/diariotextual.com\/inicio\/index.php\/2026\/02\/17\/bullrich-admitio-un-error-en-la-reforma-laboral-por-no-diferenciar-enfermedades-graves-y-leves\/"},"author":{"name":"Diario1 Diario1","@id":"https:\/\/diariotextual.com\/inicio\/#\/schema\/person\/418fc4093c33e86ed41562db3508f958"},"headline":"Bullrich admiti\u00f3 un \u201cerror\u201d en la reforma laboral por no diferenciar enfermedades graves y leves","datePublished":"2026-02-17T12:55:01+00:00","dateModified":"2026-02-17T12:55:03+00:00","mainEntityOfPage":{"@id":"https:\/\/diariotextual.com\/inicio\/index.php\/2026\/02\/17\/bullrich-admitio-un-error-en-la-reforma-laboral-por-no-diferenciar-enfermedades-graves-y-leves\/"},"wordCount":514,"publisher":{"@id":"https:\/\/diariotextual.com\/inicio\/#organization"},"image":{"@id":"https:\/\/diariotextual.com\/inicio\/index.php\/2026\/02\/17\/bullrich-admitio-un-error-en-la-reforma-laboral-por-no-diferenciar-enfermedades-graves-y-leves\/#primaryimage"},"thumbnailUrl":"https:\/\/diariotextual.com\/inicio\/wp-content\/uploads\/2026\/02\/bullrichpatricia2026-1.jpg","articleSection":["A - PORTADA","POLITICA"],"inLanguage":"es"},{"@type":"WebPage","@id":"https:\/\/diariotextual.com\/inicio\/index.php\/2026\/02\/17\/bullrich-admitio-un-error-en-la-reforma-laboral-por-no-diferenciar-enfermedades-graves-y-leves\/","url":"https:\/\/diariotextual.com\/inicio\/index.php\/2026\/02\/17\/bullrich-admitio-un-error-en-la-reforma-laboral-por-no-diferenciar-enfermedades-graves-y-leves\/","name":"Bullrich admiti\u00f3 un \u201cerror\u201d en la reforma laboral por no diferenciar enfermedades graves y leves - Diario Textual","isPartOf":{"@id":"https:\/\/diariotextual.com\/inicio\/#website"},"primaryImageOfPage":{"@id":"https:\/\/diariotextual.com\/inicio\/index.php\/2026\/02\/17\/bullrich-admitio-un-error-en-la-reforma-laboral-por-no-diferenciar-enfermedades-graves-y-leves\/#primaryimage"},"image":{"@id":"https:\/\/diariotextual.com\/inicio\/index.php\/2026\/02\/17\/bullrich-admitio-un-error-en-la-reforma-laboral-por-no-diferenciar-enfermedades-graves-y-leves\/#primaryimage"},"thumbnailUrl":"https:\/\/diariotextual.com\/inicio\/wp-content\/uploads\/2026\/02\/bullrichpatricia2026-1.jpg","datePublished":"2026-02-17T12:55:01+00:00","dateModified":"2026-02-17T12:55:03+00:00","breadcrumb":{"@id":"https:\/\/diariotextual.com\/inicio\/index.php\/2026\/02\/17\/bullrich-admitio-un-error-en-la-reforma-laboral-por-no-diferenciar-enfermedades-graves-y-leves\/#breadcrumb"},"inLanguage":"es","potentialAction":[{"@type":"ReadAction","target":["https:\/\/diariotextual.com\/inicio\/index.php\/2026\/02\/17\/bullrich-admitio-un-error-en-la-reforma-laboral-por-no-diferenciar-enfermedades-graves-y-leves\/"]}]},{"@type":"ImageObject","inLanguage":"es","@id":"https:\/\/diariotextual.com\/inicio\/index.php\/2026\/02\/17\/bullrich-admitio-un-error-en-la-reforma-laboral-por-no-diferenciar-enfermedades-graves-y-leves\/#primaryimage","url":"https:\/\/diariotextual.com\/inicio\/wp-content\/uploads\/2026\/02\/bullrichpatricia2026-1.jpg","contentUrl":"https:\/\/diariotextual.com\/inicio\/wp-content\/uploads\/2026\/02\/bullrichpatricia2026-1.jpg","width":1200,"height":800},{"@type":"BreadcrumbList","@id":"https:\/\/diariotextual.com\/inicio\/index.php\/2026\/02\/17\/bullrich-admitio-un-error-en-la-reforma-laboral-por-no-diferenciar-enfermedades-graves-y-leves\/#breadcrumb","itemListElement":[{"@type":"ListItem","position":1,"name":"Portada","item":"https:\/\/diariotextual.com\/inicio\/"},{"@type":"ListItem","position":2,"name":"Bullrich admiti\u00f3 un \u201cerror\u201d en la reforma laboral por no diferenciar enfermedades graves y leves"}]},{"@type":"WebSite","@id":"https:\/\/diariotextual.com\/inicio\/#website","url":"https:\/\/diariotextual.com\/inicio\/","name":"Diario Textual","description":"","publisher":{"@id":"https:\/\/diariotextual.com\/inicio\/#organization"},"potentialAction":[{"@type":"SearchAction","target":{"@type":"EntryPoint","urlTemplate":"https:\/\/diariotextual.com\/inicio\/?s={search_term_string}"},"query-input":{"@type":"PropertyValueSpecification","valueRequired":true,"valueName":"search_term_string"}}],"inLanguage":"es"},{"@type":"Organization","@id":"https:\/\/diariotextual.com\/inicio\/#organization","name":"Diario Textual","url":"https:\/\/diariotextual.com\/inicio\/","logo":{"@type":"ImageObject","inLanguage":"es","@id":"https:\/\/diariotextual.com\/inicio\/#\/schema\/logo\/image\/","url":"https:\/\/diariotextual.com\/inicio\/wp-content\/uploads\/2023\/05\/logotextual1.jpg","contentUrl":"https:\/\/diariotextual.com\/inicio\/wp-content\/uploads\/2023\/05\/logotextual1.jpg","width":516,"height":76,"caption":"Diario Textual"},"image":{"@id":"https:\/\/diariotextual.com\/inicio\/#\/schema\/logo\/image\/"},"sameAs":["https:\/\/www.facebook.com\/eltextual","https:\/\/x.com\/eltextual","http:\/\/www.instagram.com\/eltextual"]},{"@type":"Person","@id":"https:\/\/diariotextual.com\/inicio\/#\/schema\/person\/418fc4093c33e86ed41562db3508f958","name":"Diario1 Diario1","image":{"@type":"ImageObject","inLanguage":"es","@id":"https:\/\/secure.gravatar.com\/avatar\/9167d280179c85bc18be67aa7eda765854300033af4896dd779b608640f2ef7a?s=96&d=mm&r=g","url":"https:\/\/secure.gravatar.com\/avatar\/9167d280179c85bc18be67aa7eda765854300033af4896dd779b608640f2ef7a?s=96&d=mm&r=g","contentUrl":"https:\/\/secure.gravatar.com\/avatar\/9167d280179c85bc18be67aa7eda765854300033af4896dd779b608640f2ef7a?s=96&d=mm&r=g","caption":"Diario1 Diario1"},"url":"https:\/\/diariotextual.com\/inicio\/index.php\/author\/diario1\/"}]}},"_links":{"self":[{"href":"https:\/\/diariotextual.com\/inicio\/index.php\/wp-json\/wp\/v2\/posts\/319830","targetHints":{"allow":["GET"]}}],"collection":[{"href":"https:\/\/diariotextual.com\/inicio\/index.php\/wp-json\/wp\/v2\/posts"}],"about":[{"href":"https:\/\/diariotextual.com\/inicio\/index.php\/wp-json\/wp\/v2\/types\/post"}],"author":[{"embeddable":true,"href":"https:\/\/diariotextual.com\/inicio\/index.php\/wp-json\/wp\/v2\/users\/3"}],"replies":[{"embeddable":true,"href":"https:\/\/diariotextual.com\/inicio\/index.php\/wp-json\/wp\/v2\/comments?post=319830"}],"version-history":[{"count":2,"href":"https:\/\/diariotextual.com\/inicio\/index.php\/wp-json\/wp\/v2\/posts\/319830\/revisions"}],"predecessor-version":[{"id":319832,"href":"https:\/\/diariotextual.com\/inicio\/index.php\/wp-json\/wp\/v2\/posts\/319830\/revisions\/319832"}],"wp:featuredmedia":[{"embeddable":true,"href":"https:\/\/diariotextual.com\/inicio\/index.php\/wp-json\/wp\/v2\/media\/319773"}],"wp:attachment":[{"href":"https:\/\/diariotextual.com\/inicio\/index.php\/wp-json\/wp\/v2\/media?parent=319830"}],"wp:term":[{"taxonomy":"category","embeddable":true,"href":"https:\/\/diariotextual.com\/inicio\/index.php\/wp-json\/wp\/v2\/categories?post=319830"},{"taxonomy":"post_tag","embeddable":true,"href":"https:\/\/diariotextual.com\/inicio\/index.php\/wp-json\/wp\/v2\/tags?post=319830"}],"curies":[{"name":"wp","href":"https:\/\/api.w.org\/{rel}","templated":true}]}}