{"id":319841,"date":"2026-02-17T12:06:17","date_gmt":"2026-02-17T15:06:17","guid":{"rendered":"https:\/\/diariotextual.com\/inicio\/?p=319841"},"modified":"2026-02-17T12:07:01","modified_gmt":"2026-02-17T15:07:01","slug":"el-gobierno-nacional-les-descontara-el-dia-a-los-empleados-publicos-que-adhieran-al-paro-de-la-cgt","status":"publish","type":"post","link":"https:\/\/diariotextual.com\/inicio\/index.php\/2026\/02\/17\/el-gobierno-nacional-les-descontara-el-dia-a-los-empleados-publicos-que-adhieran-al-paro-de-la-cgt\/","title":{"rendered":"El Gobierno nacional les descontar\u00e1 el d\u00eda a los empleados p\u00fablicos que adhieran al paro de la CGT"},"content":{"rendered":"\n<p>El Gobierno le descontar\u00e1 el d\u00eda a los empleados estatales que se adhieran al paro general que la CGT convoc\u00f3 para este jueves 19 de febrero contra la reforma laboral. La respuesta del oficialismo lleg\u00f3 luego de la decisi\u00f3n de la central obrera de realizar una huelga nacional.&nbsp;<\/p>\n\n\n\n<p>La decisi\u00f3n no es nueva: el Ejecutivo ya aplic\u00f3 descuentos en anteriores paros convocados por la central obrera. Sin embargo, esta vez el escenario log\u00edstico es m\u00e1s complejo ya que los sindicatos del transporte anunciaron que no habr\u00e1 colectivos, trenes, subtes ni taxis, lo que dificultar\u00e1 el traslado incluso de quienes no adhieran formalmente a la medida.<\/p>\n\n\n\n<p>En tanto, desde la UOM y La Fraternidad presionan a la CGT para impulsar un paro activo contra la reforma laboral. \u201cNo sirve hacer un paro dominguero\u201d, asegur\u00f3 el titular de la Uni\u00f3n Obrera Metal\u00fargica seccional C\u00f3rdoba, Rub\u00e9n Urbano.&nbsp;<\/p>\n\n\n\n<p>\u201c<strong>No nos sirve hacer un paro dominguero, porque ac\u00e1 no se trata que se firme o no un aumento salarial<\/strong>,&nbsp;<strong>sino se trata la quita de derechos de todos los trabajadores<\/strong>. Hay que hacer un paro con movilizaci\u00f3n y por tiempo indeterminado\u201d, afirm\u00f3 en di\u00e1logo con&nbsp;<em>radio Mitre<\/em>.&nbsp;<\/p>\n","protected":false},"excerpt":{"rendered":"<p>El Gobierno le descontar\u00e1 el d\u00eda a los empleados estatales que se adhieran al paro general que la CGT convoc\u00f3 para este jueves 19 de febrero contra la reforma laboral.&hellip;<\/p>\n","protected":false},"author":3,"featured_media":9175,"comment_status":"closed","ping_status":"open","sticky":false,"template":"","format":"standard","meta":{"_acf_changed":false,"footnotes":""},"categories":[1,8],"tags":[],"class_list":["post-319841","post","type-post","status-publish","format-standard","has-post-thumbnail","hentry","category-es-noticia","category-politica"],"acf":[],"yoast_head":"<!-- This site is optimized with the Yoast SEO plugin v27.5 - https:\/\/yoast.com\/product\/yoast-seo-wordpress\/ -->\n<title>El Gobierno nacional les descontar\u00e1 el d\u00eda a los empleados p\u00fablicos que adhieran al paro de la CGT - Diario Textual<\/title>\n<meta name=\"robots\" content=\"index, follow, max-snippet:-1, max-image-preview:large, max-video-preview:-1\" \/>\n<link rel=\"canonical\" href=\"https:\/\/diariotextual.com\/inicio\/index.php\/2026\/02\/17\/el-gobierno-nacional-les-descontara-el-dia-a-los-empleados-publicos-que-adhieran-al-paro-de-la-cgt\/\" \/>\n<meta property=\"og:locale\" content=\"es_ES\" \/>\n<meta property=\"og:type\" content=\"article\" \/>\n<meta property=\"og:title\" content=\"El Gobierno nacional les descontar\u00e1 el d\u00eda a los empleados p\u00fablicos que adhieran al paro de la CGT - Diario Textual\" \/>\n<meta property=\"og:description\" content=\"El Gobierno le descontar\u00e1 el d\u00eda a los empleados estatales que se adhieran al paro general que la CGT convoc\u00f3 para este jueves 19 de febrero contra la reforma laboral.&hellip;\" \/>\n<meta property=\"og:url\" content=\"https:\/\/diariotextual.com\/inicio\/index.php\/2026\/02\/17\/el-gobierno-nacional-les-descontara-el-dia-a-los-empleados-publicos-que-adhieran-al-paro-de-la-cgt\/\" \/>\n<meta property=\"og:site_name\" content=\"Diario Textual\" \/>\n<meta property=\"article:publisher\" content=\"https:\/\/www.facebook.com\/eltextual\" \/>\n<meta property=\"article:published_time\" content=\"2026-02-17T15:06:17+00:00\" \/>\n<meta property=\"article:modified_time\" content=\"2026-02-17T15:07:01+00:00\" \/>\n<meta property=\"og:image\" content=\"https:\/\/diariotextual.com\/inicio\/wp-content\/uploads\/2018\/06\/parogeneralcgt7777.jpg\" \/>\n\t<meta property=\"og:image:width\" content=\"893\" \/>\n\t<meta property=\"og:image:height\" content=\"541\" \/>\n\t<meta property=\"og:image:type\" content=\"image\/jpeg\" \/>\n<meta name=\"author\" content=\"Diario1 Diario1\" \/>\n<meta name=\"twitter:card\" content=\"summary_large_image\" \/>\n<meta name=\"twitter:creator\" content=\"@eltextual\" \/>\n<meta name=\"twitter:site\" content=\"@eltextual\" \/>\n<meta name=\"twitter:label1\" content=\"Escrito por\" \/>\n\t<meta name=\"twitter:data1\" content=\"Diario1 Diario1\" \/>\n\t<meta name=\"twitter:label2\" content=\"Tiempo de lectura\" \/>\n\t<meta name=\"twitter:data2\" content=\"1 minuto\" \/>\n<script type=\"application\/ld+json\" class=\"yoast-schema-graph\">{\"@context\":\"https:\\\/\\\/schema.org\",\"@graph\":[{\"@type\":\"Article\",\"@id\":\"https:\\\/\\\/diariotextual.com\\\/inicio\\\/index.php\\\/2026\\\/02\\\/17\\\/el-gobierno-nacional-les-descontara-el-dia-a-los-empleados-publicos-que-adhieran-al-paro-de-la-cgt\\\/#article\",\"isPartOf\":{\"@id\":\"https:\\\/\\\/diariotextual.com\\\/inicio\\\/index.php\\\/2026\\\/02\\\/17\\\/el-gobierno-nacional-les-descontara-el-dia-a-los-empleados-publicos-que-adhieran-al-paro-de-la-cgt\\\/\"},\"author\":{\"name\":\"Diario1 Diario1\",\"@id\":\"https:\\\/\\\/diariotextual.com\\\/inicio\\\/#\\\/schema\\\/person\\\/418fc4093c33e86ed41562db3508f958\"},\"headline\":\"El Gobierno nacional les descontar\u00e1 el d\u00eda a los empleados p\u00fablicos que adhieran al paro de la CGT\",\"datePublished\":\"2026-02-17T15:06:17+00:00\",\"dateModified\":\"2026-02-17T15:07:01+00:00\",\"mainEntityOfPage\":{\"@id\":\"https:\\\/\\\/diariotextual.com\\\/inicio\\\/index.php\\\/2026\\\/02\\\/17\\\/el-gobierno-nacional-les-descontara-el-dia-a-los-empleados-publicos-que-adhieran-al-paro-de-la-cgt\\\/\"},\"wordCount\":227,\"publisher\":{\"@id\":\"https:\\\/\\\/diariotextual.com\\\/inicio\\\/#organization\"},\"image\":{\"@id\":\"https:\\\/\\\/diariotextual.com\\\/inicio\\\/index.php\\\/2026\\\/02\\\/17\\\/el-gobierno-nacional-les-descontara-el-dia-a-los-empleados-publicos-que-adhieran-al-paro-de-la-cgt\\\/#primaryimage\"},\"thumbnailUrl\":\"https:\\\/\\\/diariotextual.com\\\/inicio\\\/wp-content\\\/uploads\\\/2018\\\/06\\\/parogeneralcgt7777.jpg\",\"articleSection\":[\"A - ES NOTICIA (van abajo)\",\"POLITICA\"],\"inLanguage\":\"es\"},{\"@type\":\"WebPage\",\"@id\":\"https:\\\/\\\/diariotextual.com\\\/inicio\\\/index.php\\\/2026\\\/02\\\/17\\\/el-gobierno-nacional-les-descontara-el-dia-a-los-empleados-publicos-que-adhieran-al-paro-de-la-cgt\\\/\",\"url\":\"https:\\\/\\\/diariotextual.com\\\/inicio\\\/index.php\\\/2026\\\/02\\\/17\\\/el-gobierno-nacional-les-descontara-el-dia-a-los-empleados-publicos-que-adhieran-al-paro-de-la-cgt\\\/\",\"name\":\"El Gobierno nacional les descontar\u00e1 el d\u00eda a los empleados p\u00fablicos que adhieran al paro de la CGT - Diario Textual\",\"isPartOf\":{\"@id\":\"https:\\\/\\\/diariotextual.com\\\/inicio\\\/#website\"},\"primaryImageOfPage\":{\"@id\":\"https:\\\/\\\/diariotextual.com\\\/inicio\\\/index.php\\\/2026\\\/02\\\/17\\\/el-gobierno-nacional-les-descontara-el-dia-a-los-empleados-publicos-que-adhieran-al-paro-de-la-cgt\\\/#primaryimage\"},\"image\":{\"@id\":\"https:\\\/\\\/diariotextual.com\\\/inicio\\\/index.php\\\/2026\\\/02\\\/17\\\/el-gobierno-nacional-les-descontara-el-dia-a-los-empleados-publicos-que-adhieran-al-paro-de-la-cgt\\\/#primaryimage\"},\"thumbnailUrl\":\"https:\\\/\\\/diariotextual.com\\\/inicio\\\/wp-content\\\/uploads\\\/2018\\\/06\\\/parogeneralcgt7777.jpg\",\"datePublished\":\"2026-02-17T15:06:17+00:00\",\"dateModified\":\"2026-02-17T15:07:01+00:00\",\"breadcrumb\":{\"@id\":\"https:\\\/\\\/diariotextual.com\\\/inicio\\\/index.php\\\/2026\\\/02\\\/17\\\/el-gobierno-nacional-les-descontara-el-dia-a-los-empleados-publicos-que-adhieran-al-paro-de-la-cgt\\\/#breadcrumb\"},\"inLanguage\":\"es\",\"potentialAction\":[{\"@type\":\"ReadAction\",\"target\":[\"https:\\\/\\\/diariotextual.com\\\/inicio\\\/index.php\\\/2026\\\/02\\\/17\\\/el-gobierno-nacional-les-descontara-el-dia-a-los-empleados-publicos-que-adhieran-al-paro-de-la-cgt\\\/\"]}]},{\"@type\":\"ImageObject\",\"inLanguage\":\"es\",\"@id\":\"https:\\\/\\\/diariotextual.com\\\/inicio\\\/index.php\\\/2026\\\/02\\\/17\\\/el-gobierno-nacional-les-descontara-el-dia-a-los-empleados-publicos-que-adhieran-al-paro-de-la-cgt\\\/#primaryimage\",\"url\":\"https:\\\/\\\/diariotextual.com\\\/inicio\\\/wp-content\\\/uploads\\\/2018\\\/06\\\/parogeneralcgt7777.jpg\",\"contentUrl\":\"https:\\\/\\\/diariotextual.com\\\/inicio\\\/wp-content\\\/uploads\\\/2018\\\/06\\\/parogeneralcgt7777.jpg\",\"width\":893,\"height\":541},{\"@type\":\"BreadcrumbList\",\"@id\":\"https:\\\/\\\/diariotextual.com\\\/inicio\\\/index.php\\\/2026\\\/02\\\/17\\\/el-gobierno-nacional-les-descontara-el-dia-a-los-empleados-publicos-que-adhieran-al-paro-de-la-cgt\\\/#breadcrumb\",\"itemListElement\":[{\"@type\":\"ListItem\",\"position\":1,\"name\":\"Portada\",\"item\":\"https:\\\/\\\/diariotextual.com\\\/inicio\\\/\"},{\"@type\":\"ListItem\",\"position\":2,\"name\":\"El Gobierno nacional les descontar\u00e1 el d\u00eda a los empleados p\u00fablicos que adhieran al paro de la CGT\"}]},{\"@type\":\"WebSite\",\"@id\":\"https:\\\/\\\/diariotextual.com\\\/inicio\\\/#website\",\"url\":\"https:\\\/\\\/diariotextual.com\\\/inicio\\\/\",\"name\":\"Diario Textual\",\"description\":\"\",\"publisher\":{\"@id\":\"https:\\\/\\\/diariotextual.com\\\/inicio\\\/#organization\"},\"potentialAction\":[{\"@type\":\"SearchAction\",\"target\":{\"@type\":\"EntryPoint\",\"urlTemplate\":\"https:\\\/\\\/diariotextual.com\\\/inicio\\\/?s={search_term_string}\"},\"query-input\":{\"@type\":\"PropertyValueSpecification\",\"valueRequired\":true,\"valueName\":\"search_term_string\"}}],\"inLanguage\":\"es\"},{\"@type\":\"Organization\",\"@id\":\"https:\\\/\\\/diariotextual.com\\\/inicio\\\/#organization\",\"name\":\"Diario Textual\",\"url\":\"https:\\\/\\\/diariotextual.com\\\/inicio\\\/\",\"logo\":{\"@type\":\"ImageObject\",\"inLanguage\":\"es\",\"@id\":\"https:\\\/\\\/diariotextual.com\\\/inicio\\\/#\\\/schema\\\/logo\\\/image\\\/\",\"url\":\"https:\\\/\\\/diariotextual.com\\\/inicio\\\/wp-content\\\/uploads\\\/2023\\\/05\\\/logotextual1.jpg\",\"contentUrl\":\"https:\\\/\\\/diariotextual.com\\\/inicio\\\/wp-content\\\/uploads\\\/2023\\\/05\\\/logotextual1.jpg\",\"width\":516,\"height\":76,\"caption\":\"Diario Textual\"},\"image\":{\"@id\":\"https:\\\/\\\/diariotextual.com\\\/inicio\\\/#\\\/schema\\\/logo\\\/image\\\/\"},\"sameAs\":[\"https:\\\/\\\/www.facebook.com\\\/eltextual\",\"https:\\\/\\\/x.com\\\/eltextual\",\"http:\\\/\\\/www.instagram.com\\\/eltextual\"]},{\"@type\":\"Person\",\"@id\":\"https:\\\/\\\/diariotextual.com\\\/inicio\\\/#\\\/schema\\\/person\\\/418fc4093c33e86ed41562db3508f958\",\"name\":\"Diario1 Diario1\",\"image\":{\"@type\":\"ImageObject\",\"inLanguage\":\"es\",\"@id\":\"https:\\\/\\\/secure.gravatar.com\\\/avatar\\\/9167d280179c85bc18be67aa7eda765854300033af4896dd779b608640f2ef7a?s=96&d=mm&r=g\",\"url\":\"https:\\\/\\\/secure.gravatar.com\\\/avatar\\\/9167d280179c85bc18be67aa7eda765854300033af4896dd779b608640f2ef7a?s=96&d=mm&r=g\",\"contentUrl\":\"https:\\\/\\\/secure.gravatar.com\\\/avatar\\\/9167d280179c85bc18be67aa7eda765854300033af4896dd779b608640f2ef7a?s=96&d=mm&r=g\",\"caption\":\"Diario1 Diario1\"},\"url\":\"https:\\\/\\\/diariotextual.com\\\/inicio\\\/index.php\\\/author\\\/diario1\\\/\"}]}<\/script>\n<!-- \/ Yoast SEO plugin. -->","yoast_head_json":{"title":"El Gobierno nacional les descontar\u00e1 el d\u00eda a los empleados p\u00fablicos que adhieran al paro de la CGT - Diario Textual","robots":{"index":"index","follow":"follow","max-snippet":"max-snippet:-1","max-image-preview":"max-image-preview:large","max-video-preview":"max-video-preview:-1"},"canonical":"https:\/\/diariotextual.com\/inicio\/index.php\/2026\/02\/17\/el-gobierno-nacional-les-descontara-el-dia-a-los-empleados-publicos-que-adhieran-al-paro-de-la-cgt\/","og_locale":"es_ES","og_type":"article","og_title":"El Gobierno nacional les descontar\u00e1 el d\u00eda a los empleados p\u00fablicos que adhieran al paro de la CGT - Diario Textual","og_description":"El Gobierno le descontar\u00e1 el d\u00eda a los empleados estatales que se adhieran al paro general que la CGT convoc\u00f3 para este jueves 19 de febrero contra la reforma laboral.&hellip;","og_url":"https:\/\/diariotextual.com\/inicio\/index.php\/2026\/02\/17\/el-gobierno-nacional-les-descontara-el-dia-a-los-empleados-publicos-que-adhieran-al-paro-de-la-cgt\/","og_site_name":"Diario Textual","article_publisher":"https:\/\/www.facebook.com\/eltextual","article_published_time":"2026-02-17T15:06:17+00:00","article_modified_time":"2026-02-17T15:07:01+00:00","og_image":[{"width":893,"height":541,"url":"https:\/\/diariotextual.com\/inicio\/wp-content\/uploads\/2018\/06\/parogeneralcgt7777.jpg","type":"image\/jpeg"}],"author":"Diario1 Diario1","twitter_card":"summary_large_image","twitter_creator":"@eltextual","twitter_site":"@eltextual","twitter_misc":{"Escrito por":"Diario1 Diario1","Tiempo de lectura":"1 minuto"},"schema":{"@context":"https:\/\/schema.org","@graph":[{"@type":"Article","@id":"https:\/\/diariotextual.com\/inicio\/index.php\/2026\/02\/17\/el-gobierno-nacional-les-descontara-el-dia-a-los-empleados-publicos-que-adhieran-al-paro-de-la-cgt\/#article","isPartOf":{"@id":"https:\/\/diariotextual.com\/inicio\/index.php\/2026\/02\/17\/el-gobierno-nacional-les-descontara-el-dia-a-los-empleados-publicos-que-adhieran-al-paro-de-la-cgt\/"},"author":{"name":"Diario1 Diario1","@id":"https:\/\/diariotextual.com\/inicio\/#\/schema\/person\/418fc4093c33e86ed41562db3508f958"},"headline":"El Gobierno nacional les descontar\u00e1 el d\u00eda a los empleados p\u00fablicos que adhieran al paro de la CGT","datePublished":"2026-02-17T15:06:17+00:00","dateModified":"2026-02-17T15:07:01+00:00","mainEntityOfPage":{"@id":"https:\/\/diariotextual.com\/inicio\/index.php\/2026\/02\/17\/el-gobierno-nacional-les-descontara-el-dia-a-los-empleados-publicos-que-adhieran-al-paro-de-la-cgt\/"},"wordCount":227,"publisher":{"@id":"https:\/\/diariotextual.com\/inicio\/#organization"},"image":{"@id":"https:\/\/diariotextual.com\/inicio\/index.php\/2026\/02\/17\/el-gobierno-nacional-les-descontara-el-dia-a-los-empleados-publicos-que-adhieran-al-paro-de-la-cgt\/#primaryimage"},"thumbnailUrl":"https:\/\/diariotextual.com\/inicio\/wp-content\/uploads\/2018\/06\/parogeneralcgt7777.jpg","articleSection":["A - ES NOTICIA (van abajo)","POLITICA"],"inLanguage":"es"},{"@type":"WebPage","@id":"https:\/\/diariotextual.com\/inicio\/index.php\/2026\/02\/17\/el-gobierno-nacional-les-descontara-el-dia-a-los-empleados-publicos-que-adhieran-al-paro-de-la-cgt\/","url":"https:\/\/diariotextual.com\/inicio\/index.php\/2026\/02\/17\/el-gobierno-nacional-les-descontara-el-dia-a-los-empleados-publicos-que-adhieran-al-paro-de-la-cgt\/","name":"El Gobierno nacional les descontar\u00e1 el d\u00eda a los empleados p\u00fablicos que adhieran al paro de la CGT - Diario Textual","isPartOf":{"@id":"https:\/\/diariotextual.com\/inicio\/#website"},"primaryImageOfPage":{"@id":"https:\/\/diariotextual.com\/inicio\/index.php\/2026\/02\/17\/el-gobierno-nacional-les-descontara-el-dia-a-los-empleados-publicos-que-adhieran-al-paro-de-la-cgt\/#primaryimage"},"image":{"@id":"https:\/\/diariotextual.com\/inicio\/index.php\/2026\/02\/17\/el-gobierno-nacional-les-descontara-el-dia-a-los-empleados-publicos-que-adhieran-al-paro-de-la-cgt\/#primaryimage"},"thumbnailUrl":"https:\/\/diariotextual.com\/inicio\/wp-content\/uploads\/2018\/06\/parogeneralcgt7777.jpg","datePublished":"2026-02-17T15:06:17+00:00","dateModified":"2026-02-17T15:07:01+00:00","breadcrumb":{"@id":"https:\/\/diariotextual.com\/inicio\/index.php\/2026\/02\/17\/el-gobierno-nacional-les-descontara-el-dia-a-los-empleados-publicos-que-adhieran-al-paro-de-la-cgt\/#breadcrumb"},"inLanguage":"es","potentialAction":[{"@type":"ReadAction","target":["https:\/\/diariotextual.com\/inicio\/index.php\/2026\/02\/17\/el-gobierno-nacional-les-descontara-el-dia-a-los-empleados-publicos-que-adhieran-al-paro-de-la-cgt\/"]}]},{"@type":"ImageObject","inLanguage":"es","@id":"https:\/\/diariotextual.com\/inicio\/index.php\/2026\/02\/17\/el-gobierno-nacional-les-descontara-el-dia-a-los-empleados-publicos-que-adhieran-al-paro-de-la-cgt\/#primaryimage","url":"https:\/\/diariotextual.com\/inicio\/wp-content\/uploads\/2018\/06\/parogeneralcgt7777.jpg","contentUrl":"https:\/\/diariotextual.com\/inicio\/wp-content\/uploads\/2018\/06\/parogeneralcgt7777.jpg","width":893,"height":541},{"@type":"BreadcrumbList","@id":"https:\/\/diariotextual.com\/inicio\/index.php\/2026\/02\/17\/el-gobierno-nacional-les-descontara-el-dia-a-los-empleados-publicos-que-adhieran-al-paro-de-la-cgt\/#breadcrumb","itemListElement":[{"@type":"ListItem","position":1,"name":"Portada","item":"https:\/\/diariotextual.com\/inicio\/"},{"@type":"ListItem","position":2,"name":"El Gobierno nacional les descontar\u00e1 el d\u00eda a los empleados p\u00fablicos que adhieran al paro de la CGT"}]},{"@type":"WebSite","@id":"https:\/\/diariotextual.com\/inicio\/#website","url":"https:\/\/diariotextual.com\/inicio\/","name":"Diario Textual","description":"","publisher":{"@id":"https:\/\/diariotextual.com\/inicio\/#organization"},"potentialAction":[{"@type":"SearchAction","target":{"@type":"EntryPoint","urlTemplate":"https:\/\/diariotextual.com\/inicio\/?s={search_term_string}"},"query-input":{"@type":"PropertyValueSpecification","valueRequired":true,"valueName":"search_term_string"}}],"inLanguage":"es"},{"@type":"Organization","@id":"https:\/\/diariotextual.com\/inicio\/#organization","name":"Diario Textual","url":"https:\/\/diariotextual.com\/inicio\/","logo":{"@type":"ImageObject","inLanguage":"es","@id":"https:\/\/diariotextual.com\/inicio\/#\/schema\/logo\/image\/","url":"https:\/\/diariotextual.com\/inicio\/wp-content\/uploads\/2023\/05\/logotextual1.jpg","contentUrl":"https:\/\/diariotextual.com\/inicio\/wp-content\/uploads\/2023\/05\/logotextual1.jpg","width":516,"height":76,"caption":"Diario Textual"},"image":{"@id":"https:\/\/diariotextual.com\/inicio\/#\/schema\/logo\/image\/"},"sameAs":["https:\/\/www.facebook.com\/eltextual","https:\/\/x.com\/eltextual","http:\/\/www.instagram.com\/eltextual"]},{"@type":"Person","@id":"https:\/\/diariotextual.com\/inicio\/#\/schema\/person\/418fc4093c33e86ed41562db3508f958","name":"Diario1 Diario1","image":{"@type":"ImageObject","inLanguage":"es","@id":"https:\/\/secure.gravatar.com\/avatar\/9167d280179c85bc18be67aa7eda765854300033af4896dd779b608640f2ef7a?s=96&d=mm&r=g","url":"https:\/\/secure.gravatar.com\/avatar\/9167d280179c85bc18be67aa7eda765854300033af4896dd779b608640f2ef7a?s=96&d=mm&r=g","contentUrl":"https:\/\/secure.gravatar.com\/avatar\/9167d280179c85bc18be67aa7eda765854300033af4896dd779b608640f2ef7a?s=96&d=mm&r=g","caption":"Diario1 Diario1"},"url":"https:\/\/diariotextual.com\/inicio\/index.php\/author\/diario1\/"}]}},"_links":{"self":[{"href":"https:\/\/diariotextual.com\/inicio\/index.php\/wp-json\/wp\/v2\/posts\/319841","targetHints":{"allow":["GET"]}}],"collection":[{"href":"https:\/\/diariotextual.com\/inicio\/index.php\/wp-json\/wp\/v2\/posts"}],"about":[{"href":"https:\/\/diariotextual.com\/inicio\/index.php\/wp-json\/wp\/v2\/types\/post"}],"author":[{"embeddable":true,"href":"https:\/\/diariotextual.com\/inicio\/index.php\/wp-json\/wp\/v2\/users\/3"}],"replies":[{"embeddable":true,"href":"https:\/\/diariotextual.com\/inicio\/index.php\/wp-json\/wp\/v2\/comments?post=319841"}],"version-history":[{"count":4,"href":"https:\/\/diariotextual.com\/inicio\/index.php\/wp-json\/wp\/v2\/posts\/319841\/revisions"}],"predecessor-version":[{"id":319845,"href":"https:\/\/diariotextual.com\/inicio\/index.php\/wp-json\/wp\/v2\/posts\/319841\/revisions\/319845"}],"wp:featuredmedia":[{"embeddable":true,"href":"https:\/\/diariotextual.com\/inicio\/index.php\/wp-json\/wp\/v2\/media\/9175"}],"wp:attachment":[{"href":"https:\/\/diariotextual.com\/inicio\/index.php\/wp-json\/wp\/v2\/media?parent=319841"}],"wp:term":[{"taxonomy":"category","embeddable":true,"href":"https:\/\/diariotextual.com\/inicio\/index.php\/wp-json\/wp\/v2\/categories?post=319841"},{"taxonomy":"post_tag","embeddable":true,"href":"https:\/\/diariotextual.com\/inicio\/index.php\/wp-json\/wp\/v2\/tags?post=319841"}],"curies":[{"name":"wp","href":"https:\/\/api.w.org\/{rel}","templated":true}]}}