{"id":319850,"date":"2026-02-17T19:53:25","date_gmt":"2026-02-17T22:53:25","guid":{"rendered":"https:\/\/diariotextual.com\/inicio\/?p=319850"},"modified":"2026-02-18T17:42:15","modified_gmt":"2026-02-18T20:42:15","slug":"el-intendente-de-la-ucr-mas-vernista-y-un-posteo-con-verna-volvemos","status":"publish","type":"post","link":"https:\/\/diariotextual.com\/inicio\/index.php\/2026\/02\/17\/el-intendente-de-la-ucr-mas-vernista-y-un-posteo-con-verna-volvemos\/","title":{"rendered":"El intendente de la UCR m\u00e1s vernista y un posteo con Verna: \u201cVolvemos\u201d"},"content":{"rendered":"\n<p>El intendente de Bernardo Larroud\u00e9, <strong>Jos\u00e9 Luis <strong>\u201cBora\u201d<\/strong><\/strong> <strong>Gallotti<\/strong> (UCR), sali\u00f3 a saludar por redes sociales la posibilidad de que el exgobernador <strong>Carlos Verna<\/strong> (PJ) intente regresar a la Gobernaci\u00f3n en 2027. Gallotti es uno de los <strong>intendentes radicales<\/strong> que, a la vez,<strong> mantiene una relaci\u00f3n de amistad <\/strong>con el exmandatario provincial. En \u00e1mbitos pol\u00edticos es considerado \u201c<strong>el intendente radical m\u00e1s vernista<\/strong>\u201d, por su cercan\u00eda con uno de los principales l\u00edderes del peronismo pampeano.<\/p>\n\n\n\n<figure class=\"wp-block-image size-large\"><img fetchpriority=\"high\" decoding=\"async\" width=\"1024\" height=\"653\" src=\"https:\/\/diariotextual.com\/inicio\/wp-content\/uploads\/2026\/02\/gallottijoseluisvernacarlosameos2026-1-1024x653.jpg\" alt=\"\" class=\"wp-image-319858\" srcset=\"https:\/\/diariotextual.com\/inicio\/wp-content\/uploads\/2026\/02\/gallottijoseluisvernacarlosameos2026-1-1024x653.jpg 1024w, https:\/\/diariotextual.com\/inicio\/wp-content\/uploads\/2026\/02\/gallottijoseluisvernacarlosameos2026-1-300x191.jpg 300w, https:\/\/diariotextual.com\/inicio\/wp-content\/uploads\/2026\/02\/gallottijoseluisvernacarlosameos2026-1-768x490.jpg 768w, https:\/\/diariotextual.com\/inicio\/wp-content\/uploads\/2026\/02\/gallottijoseluisvernacarlosameos2026-1-1170x746.jpg 1170w, https:\/\/diariotextual.com\/inicio\/wp-content\/uploads\/2026\/02\/gallottijoseluisvernacarlosameos2026-1-585x373.jpg 585w, https:\/\/diariotextual.com\/inicio\/wp-content\/uploads\/2026\/02\/gallottijoseluisvernacarlosameos2026-1.jpg 1300w\" sizes=\"(max-width: 1024px) 100vw, 1024px\" \/><\/figure>\n\n\n\n<p><strong>\u201cVolveremos\u201d,<\/strong> escribi\u00f3 el intendente norte\u00f1o, en un estado de su Whatsapp. Hace pocos d\u00edas, se hab\u00eda mostrado con otras dos dirigentes vernistas: <strong>Alicia Mayoral <\/strong>-hoy a cargo del Ejecutivo provincial, por licencia de<strong> Sergio Ziliotto<\/strong>&#8211; y <strong>Fernanda Alonso.<\/strong><\/p>\n\n\n\n<p><strong>La publicaci\u00f3n de Gallotti gener\u00f3 cierto ruido dentro de la UCR, <\/strong>en momentos en que<strong> sus principales dirigentes intentan mostrar un perfil antiperonista <\/strong>y<strong> se avanza con los primeros contactos con La Libertad Avanza para tratar de hacer un frente que termine con cuatro d\u00e9cadas de gobernadores del PJ.<\/strong> De hecho, en el partido <strong>dan por perdida la posibilidad de que \u201cel Bora\u201d haga campa\u00f1a en contra del peronismo ante una eventual candidatura de su amigo Verna.<\/strong><\/p>\n\n\n\n<p>La relaci\u00f3n entre Gallotti y Verna se forj\u00f3 desde 2015 y se mantuvo con el correr de los a\u00f1os. En las \u00faltimas semanas, <strong>el jefe comunal de Larroud\u00e9 fue uno de los dirigentes que dej\u00f3 correr el rumor sobre un eventual regreso del exgobernador a la arena electoral.<\/strong> <\/p>\n\n\n\n<p>Como public\u00f3 <strong><a href=\"https:\/\/diariotextual.com\/inicio\/index.php\/2026\/02\/17\/el-vernismo-deja-correr-la-operacion-verna-gobernador\/\" target=\"_blank\" rel=\"noreferrer noopener\">Diario Textual<\/a><\/strong>, sectores del <strong>vernismo<\/strong> activaron en los \u00faltimos meses una estrategia pol\u00edtica y medi\u00e1tica para instalar la posibilidad de que Verna vuelva a competir por la gobernaci\u00f3n en 2027. Las versiones comenzaron a circular a fines de 2025 y se amplificaron luego de comentarios deslizados desde el propio entorno del exmandatario ante periodistas y dirigentes.<\/p>\n\n\n\n<p>En las \u00faltimas semanas, esos comentarios se reactivaron, aunque dentro del peronismo persiste la duda sobre si se trata solo de \u201chumo\u201d o si existe una intenci\u00f3n real.<\/p>\n\n\n\n<p>La maniobra parece apuntar a posicionar a Verna dentro del escenario interno del peronismo pampeano, de cara a la sucesi\u00f3n en 2027. Incluso, en caso de no encabezar la boleta, la estrategia buscar\u00eda ubicarlo como actor central en la definici\u00f3n del candidato del oficialismo.<\/p>\n\n\n\n<figure class=\"wp-block-embed is-type-wp-embed is-provider-diario-textual wp-block-embed-diario-textual\"><div class=\"wp-block-embed__wrapper\">\n<blockquote class=\"wp-embedded-content\" data-secret=\"rpkW4CZ9zT\"><a href=\"https:\/\/diariotextual.com\/inicio\/index.php\/2026\/02\/17\/el-vernismo-deja-correr-la-operacion-verna-gobernador\/\">El vernismo deja correr la operaci\u00f3n \u201cVerna gobernador\u201d<\/a><\/blockquote><iframe class=\"wp-embedded-content\" sandbox=\"allow-scripts\" security=\"restricted\" style=\"position: absolute; visibility: hidden;\" title=\"\u00abEl vernismo deja correr la operaci\u00f3n \u201cVerna gobernador\u201d\u00bb \u2014 Diario Textual\" src=\"https:\/\/diariotextual.com\/inicio\/index.php\/2026\/02\/17\/el-vernismo-deja-correr-la-operacion-verna-gobernador\/embed\/#?secret=kkORz2hIUQ#?secret=rpkW4CZ9zT\" data-secret=\"rpkW4CZ9zT\" width=\"600\" height=\"338\" frameborder=\"0\" marginwidth=\"0\" marginheight=\"0\" scrolling=\"no\"><\/iframe>\n<\/div><\/figure>\n\n\n\n<p>El movimiento se da en un contexto en el que el gobernador <strong>Sergio Ziliotto<\/strong> no puede buscar un tercer mandato y ya dej\u00f3 en claro que tendr\u00e1 un rol decisivo en la elecci\u00f3n de su sucesor dentro del espacio.<\/p>\n\n\n\n<p>En ese marco,<strong> la reaparici\u00f3n del nombre de Verna tensiona la discusi\u00f3n interna y reordena el tablero del PJ provincial.<\/strong><\/p>\n\n\n\n<p>Los primeros indicios de esta operaci\u00f3n pol\u00edtica pueden rastrearse hacia fines de 2025, cuando dirigentes cercanos al exgobernador comenzaron a mencionar la posibilidad de su regreso. En ese listado aparecen, seg\u00fan se menciona entre militantes y algunos dirigentes, el intendente de Lonquimay, <strong>Manuel Feito<\/strong>; la intendenta de Winifreda, <strong>Adriana Garc\u00eda<\/strong>; y el propio Gallotti.<\/p>\n\n\n\n<p>En \u00e1mbitos pol\u00edticos se interpreta que no se trata de un operativo clamor como el que precedi\u00f3 su candidatura en 2015, cuando varios intendentes impulsaron abiertamente su postulaci\u00f3n. El escenario actual es diferente: la mayor\u00eda de los jefes comunales asumieron durante las gestiones de Ziliotto y no responden org\u00e1nicamente al vernismo.<\/p>\n\n\n\n<p>En ese mapa, <strong>General Pico<\/strong> aparece como uno de los pocos bastiones con mayor afinidad al exmandatario.<\/p>\n\n\n\n<p>Sectores del peronismo no alineados con Verna y referentes de la oposici\u00f3n relativizan la posibilidad de una candidatura. Consideran que la instalaci\u00f3n p\u00fablica del nombre responde m\u00e1s a una estrategia de acumulaci\u00f3n de poder interno que a una decisi\u00f3n electoral firme.<\/p>\n\n\n\n<p>Entre los factores que, seg\u00fan estas miradas, juegan en contra de una eventual postulaci\u00f3n se mencionan cuestiones etarias, de salud y pol\u00edticas. Verna supera los <strong>80 a\u00f1os<\/strong> y, adem\u00e1s, ya se alej\u00f3 de la competencia en 2019 por una enfermedad que, seg\u00fan se indic\u00f3 en su momento, se encuentra controlada.<\/p>\n\n\n\n<p>Desde entonces, se recluy\u00f3 en su casa de General Pico y solo realiz\u00f3 apariciones muy espor\u00e1dicas.<\/p>\n\n\n\n<p>En paralelo, dentro del propio peronismo se instal\u00f3 la discusi\u00f3n sobre una renovaci\u00f3n generacional. Tambi\u00e9n se menciona que, cuando llegue 2027, habr\u00e1n transcurrido ocho a\u00f1os desde que dej\u00f3 la gobernaci\u00f3n, lo que podr\u00eda impactar en su nivel de conocimiento entre votantes m\u00e1s j\u00f3venes.<\/p>\n\n\n\n<figure class=\"wp-block-embed is-type-wp-embed is-provider-diario-textual wp-block-embed-diario-textual\"><div class=\"wp-block-embed__wrapper\">\n<blockquote class=\"wp-embedded-content\" data-secret=\"VFRAwliKAh\"><a href=\"https:\/\/diariotextual.com\/inicio\/index.php\/2026\/02\/17\/ya-se-piensa-en-mayo-de-2027-dirigentes-con-expectativas-en-la-pampa-hacen-cuentas-ante-un-posible-desdoblamiento-electoral\/\">Ya se piensa en mayo de 2027: dirigentes con expectativas en La Pampa hacen cuentas ante un posible desdoblamiento electoral<\/a><\/blockquote><iframe class=\"wp-embedded-content\" sandbox=\"allow-scripts\" security=\"restricted\" style=\"position: absolute; visibility: hidden;\" title=\"\u00abYa se piensa en mayo de 2027: dirigentes con expectativas en La Pampa hacen cuentas ante un posible desdoblamiento electoral\u00bb \u2014 Diario Textual\" src=\"https:\/\/diariotextual.com\/inicio\/index.php\/2026\/02\/17\/ya-se-piensa-en-mayo-de-2027-dirigentes-con-expectativas-en-la-pampa-hacen-cuentas-ante-un-posible-desdoblamiento-electoral\/embed\/#?secret=ATzpwQsYzd#?secret=VFRAwliKAh\" data-secret=\"VFRAwliKAh\" width=\"600\" height=\"338\" frameborder=\"0\" marginwidth=\"0\" marginheight=\"0\" scrolling=\"no\"><\/iframe>\n<\/div><\/figure>\n\n\n\n<p>De todos modos, encuestas recientes muestran que conserva una imagen positiva, aunque con menor nivel de instalaci\u00f3n que en etapas anteriores.<\/p>\n\n\n\n<p>La discusi\u00f3n reci\u00e9n comienza, pero la operaci\u00f3n \u201c<strong>Verna gobernador<\/strong>\u201d ya puso en marcha el debate interno en el oficialismo pampeano y anticipa una disputa que se proyecta hacia 2027.<\/p>\n\n\n\n<p><\/p>\n","protected":false},"excerpt":{"rendered":"<p>El intendente de Bernardo Larroud\u00e9, Jos\u00e9 Luis \u201cBora\u201d Gallotti (UCR), sali\u00f3 a saludar por redes sociales la posibilidad de que el exgobernador Carlos Verna (PJ) intente regresar a la Gobernaci\u00f3n&hellip;<\/p>\n","protected":false},"author":3,"featured_media":167107,"comment_status":"closed","ping_status":"open","sticky":false,"template":"","format":"standard","meta":{"_acf_changed":false,"footnotes":""},"categories":[1,8],"tags":[],"class_list":["post-319850","post","type-post","status-publish","format-standard","has-post-thumbnail","hentry","category-es-noticia","category-politica"],"acf":[],"yoast_head":"<!-- This site is optimized with the Yoast SEO plugin v27.5 - https:\/\/yoast.com\/product\/yoast-seo-wordpress\/ -->\n<title>El intendente de la UCR m\u00e1s vernista y un posteo con Verna: \u201cVolvemos\u201d - Diario Textual<\/title>\n<meta name=\"robots\" content=\"index, follow, max-snippet:-1, max-image-preview:large, max-video-preview:-1\" \/>\n<link rel=\"canonical\" href=\"https:\/\/diariotextual.com\/inicio\/index.php\/2026\/02\/17\/el-intendente-de-la-ucr-mas-vernista-y-un-posteo-con-verna-volvemos\/\" \/>\n<meta property=\"og:locale\" content=\"es_ES\" \/>\n<meta property=\"og:type\" content=\"article\" \/>\n<meta property=\"og:title\" content=\"El intendente de la UCR m\u00e1s vernista y un posteo con Verna: \u201cVolvemos\u201d - Diario Textual\" \/>\n<meta property=\"og:description\" content=\"El intendente de Bernardo Larroud\u00e9, Jos\u00e9 Luis \u201cBora\u201d Gallotti (UCR), sali\u00f3 a saludar por redes sociales la posibilidad de que el exgobernador Carlos Verna (PJ) intente regresar a la Gobernaci\u00f3n&hellip;\" \/>\n<meta property=\"og:url\" content=\"https:\/\/diariotextual.com\/inicio\/index.php\/2026\/02\/17\/el-intendente-de-la-ucr-mas-vernista-y-un-posteo-con-verna-volvemos\/\" \/>\n<meta property=\"og:site_name\" content=\"Diario Textual\" \/>\n<meta property=\"article:publisher\" content=\"https:\/\/www.facebook.com\/eltextual\" \/>\n<meta property=\"article:published_time\" content=\"2026-02-17T22:53:25+00:00\" \/>\n<meta property=\"article:modified_time\" content=\"2026-02-18T20:42:15+00:00\" \/>\n<meta property=\"og:image\" content=\"https:\/\/diariotextual.com\/inicio\/wp-content\/uploads\/2021\/10\/vernagallotti2021-1.jpg\" \/>\n\t<meta property=\"og:image:width\" content=\"690\" \/>\n\t<meta property=\"og:image:height\" content=\"443\" \/>\n\t<meta property=\"og:image:type\" content=\"image\/jpeg\" \/>\n<meta name=\"author\" content=\"Diario1 Diario1\" \/>\n<meta name=\"twitter:card\" content=\"summary_large_image\" \/>\n<meta name=\"twitter:creator\" content=\"@eltextual\" \/>\n<meta name=\"twitter:site\" content=\"@eltextual\" \/>\n<meta name=\"twitter:label1\" content=\"Escrito por\" \/>\n\t<meta name=\"twitter:data1\" content=\"Diario1 Diario1\" \/>\n\t<meta name=\"twitter:label2\" content=\"Tiempo de lectura\" \/>\n\t<meta name=\"twitter:data2\" content=\"4 minutos\" \/>\n<script type=\"application\/ld+json\" class=\"yoast-schema-graph\">{\"@context\":\"https:\\\/\\\/schema.org\",\"@graph\":[{\"@type\":\"Article\",\"@id\":\"https:\\\/\\\/diariotextual.com\\\/inicio\\\/index.php\\\/2026\\\/02\\\/17\\\/el-intendente-de-la-ucr-mas-vernista-y-un-posteo-con-verna-volvemos\\\/#article\",\"isPartOf\":{\"@id\":\"https:\\\/\\\/diariotextual.com\\\/inicio\\\/index.php\\\/2026\\\/02\\\/17\\\/el-intendente-de-la-ucr-mas-vernista-y-un-posteo-con-verna-volvemos\\\/\"},\"author\":{\"name\":\"Diario1 Diario1\",\"@id\":\"https:\\\/\\\/diariotextual.com\\\/inicio\\\/#\\\/schema\\\/person\\\/418fc4093c33e86ed41562db3508f958\"},\"headline\":\"El intendente de la UCR m\u00e1s vernista y un posteo con Verna: \u201cVolvemos\u201d\",\"datePublished\":\"2026-02-17T22:53:25+00:00\",\"dateModified\":\"2026-02-18T20:42:15+00:00\",\"mainEntityOfPage\":{\"@id\":\"https:\\\/\\\/diariotextual.com\\\/inicio\\\/index.php\\\/2026\\\/02\\\/17\\\/el-intendente-de-la-ucr-mas-vernista-y-un-posteo-con-verna-volvemos\\\/\"},\"wordCount\":824,\"publisher\":{\"@id\":\"https:\\\/\\\/diariotextual.com\\\/inicio\\\/#organization\"},\"image\":{\"@id\":\"https:\\\/\\\/diariotextual.com\\\/inicio\\\/index.php\\\/2026\\\/02\\\/17\\\/el-intendente-de-la-ucr-mas-vernista-y-un-posteo-con-verna-volvemos\\\/#primaryimage\"},\"thumbnailUrl\":\"https:\\\/\\\/diariotextual.com\\\/inicio\\\/wp-content\\\/uploads\\\/2021\\\/10\\\/vernagallotti2021-1.jpg\",\"articleSection\":[\"A - ES NOTICIA (van abajo)\",\"POLITICA\"],\"inLanguage\":\"es\"},{\"@type\":\"WebPage\",\"@id\":\"https:\\\/\\\/diariotextual.com\\\/inicio\\\/index.php\\\/2026\\\/02\\\/17\\\/el-intendente-de-la-ucr-mas-vernista-y-un-posteo-con-verna-volvemos\\\/\",\"url\":\"https:\\\/\\\/diariotextual.com\\\/inicio\\\/index.php\\\/2026\\\/02\\\/17\\\/el-intendente-de-la-ucr-mas-vernista-y-un-posteo-con-verna-volvemos\\\/\",\"name\":\"El intendente de la UCR m\u00e1s vernista y un posteo con Verna: \u201cVolvemos\u201d - Diario Textual\",\"isPartOf\":{\"@id\":\"https:\\\/\\\/diariotextual.com\\\/inicio\\\/#website\"},\"primaryImageOfPage\":{\"@id\":\"https:\\\/\\\/diariotextual.com\\\/inicio\\\/index.php\\\/2026\\\/02\\\/17\\\/el-intendente-de-la-ucr-mas-vernista-y-un-posteo-con-verna-volvemos\\\/#primaryimage\"},\"image\":{\"@id\":\"https:\\\/\\\/diariotextual.com\\\/inicio\\\/index.php\\\/2026\\\/02\\\/17\\\/el-intendente-de-la-ucr-mas-vernista-y-un-posteo-con-verna-volvemos\\\/#primaryimage\"},\"thumbnailUrl\":\"https:\\\/\\\/diariotextual.com\\\/inicio\\\/wp-content\\\/uploads\\\/2021\\\/10\\\/vernagallotti2021-1.jpg\",\"datePublished\":\"2026-02-17T22:53:25+00:00\",\"dateModified\":\"2026-02-18T20:42:15+00:00\",\"breadcrumb\":{\"@id\":\"https:\\\/\\\/diariotextual.com\\\/inicio\\\/index.php\\\/2026\\\/02\\\/17\\\/el-intendente-de-la-ucr-mas-vernista-y-un-posteo-con-verna-volvemos\\\/#breadcrumb\"},\"inLanguage\":\"es\",\"potentialAction\":[{\"@type\":\"ReadAction\",\"target\":[\"https:\\\/\\\/diariotextual.com\\\/inicio\\\/index.php\\\/2026\\\/02\\\/17\\\/el-intendente-de-la-ucr-mas-vernista-y-un-posteo-con-verna-volvemos\\\/\"]}]},{\"@type\":\"ImageObject\",\"inLanguage\":\"es\",\"@id\":\"https:\\\/\\\/diariotextual.com\\\/inicio\\\/index.php\\\/2026\\\/02\\\/17\\\/el-intendente-de-la-ucr-mas-vernista-y-un-posteo-con-verna-volvemos\\\/#primaryimage\",\"url\":\"https:\\\/\\\/diariotextual.com\\\/inicio\\\/wp-content\\\/uploads\\\/2021\\\/10\\\/vernagallotti2021-1.jpg\",\"contentUrl\":\"https:\\\/\\\/diariotextual.com\\\/inicio\\\/wp-content\\\/uploads\\\/2021\\\/10\\\/vernagallotti2021-1.jpg\",\"width\":690,\"height\":443},{\"@type\":\"BreadcrumbList\",\"@id\":\"https:\\\/\\\/diariotextual.com\\\/inicio\\\/index.php\\\/2026\\\/02\\\/17\\\/el-intendente-de-la-ucr-mas-vernista-y-un-posteo-con-verna-volvemos\\\/#breadcrumb\",\"itemListElement\":[{\"@type\":\"ListItem\",\"position\":1,\"name\":\"Portada\",\"item\":\"https:\\\/\\\/diariotextual.com\\\/inicio\\\/\"},{\"@type\":\"ListItem\",\"position\":2,\"name\":\"El intendente de la UCR m\u00e1s vernista y un posteo con Verna: \u201cVolvemos\u201d\"}]},{\"@type\":\"WebSite\",\"@id\":\"https:\\\/\\\/diariotextual.com\\\/inicio\\\/#website\",\"url\":\"https:\\\/\\\/diariotextual.com\\\/inicio\\\/\",\"name\":\"Diario Textual\",\"description\":\"\",\"publisher\":{\"@id\":\"https:\\\/\\\/diariotextual.com\\\/inicio\\\/#organization\"},\"potentialAction\":[{\"@type\":\"SearchAction\",\"target\":{\"@type\":\"EntryPoint\",\"urlTemplate\":\"https:\\\/\\\/diariotextual.com\\\/inicio\\\/?s={search_term_string}\"},\"query-input\":{\"@type\":\"PropertyValueSpecification\",\"valueRequired\":true,\"valueName\":\"search_term_string\"}}],\"inLanguage\":\"es\"},{\"@type\":\"Organization\",\"@id\":\"https:\\\/\\\/diariotextual.com\\\/inicio\\\/#organization\",\"name\":\"Diario Textual\",\"url\":\"https:\\\/\\\/diariotextual.com\\\/inicio\\\/\",\"logo\":{\"@type\":\"ImageObject\",\"inLanguage\":\"es\",\"@id\":\"https:\\\/\\\/diariotextual.com\\\/inicio\\\/#\\\/schema\\\/logo\\\/image\\\/\",\"url\":\"https:\\\/\\\/diariotextual.com\\\/inicio\\\/wp-content\\\/uploads\\\/2023\\\/05\\\/logotextual1.jpg\",\"contentUrl\":\"https:\\\/\\\/diariotextual.com\\\/inicio\\\/wp-content\\\/uploads\\\/2023\\\/05\\\/logotextual1.jpg\",\"width\":516,\"height\":76,\"caption\":\"Diario Textual\"},\"image\":{\"@id\":\"https:\\\/\\\/diariotextual.com\\\/inicio\\\/#\\\/schema\\\/logo\\\/image\\\/\"},\"sameAs\":[\"https:\\\/\\\/www.facebook.com\\\/eltextual\",\"https:\\\/\\\/x.com\\\/eltextual\",\"http:\\\/\\\/www.instagram.com\\\/eltextual\"]},{\"@type\":\"Person\",\"@id\":\"https:\\\/\\\/diariotextual.com\\\/inicio\\\/#\\\/schema\\\/person\\\/418fc4093c33e86ed41562db3508f958\",\"name\":\"Diario1 Diario1\",\"image\":{\"@type\":\"ImageObject\",\"inLanguage\":\"es\",\"@id\":\"https:\\\/\\\/secure.gravatar.com\\\/avatar\\\/9167d280179c85bc18be67aa7eda765854300033af4896dd779b608640f2ef7a?s=96&d=mm&r=g\",\"url\":\"https:\\\/\\\/secure.gravatar.com\\\/avatar\\\/9167d280179c85bc18be67aa7eda765854300033af4896dd779b608640f2ef7a?s=96&d=mm&r=g\",\"contentUrl\":\"https:\\\/\\\/secure.gravatar.com\\\/avatar\\\/9167d280179c85bc18be67aa7eda765854300033af4896dd779b608640f2ef7a?s=96&d=mm&r=g\",\"caption\":\"Diario1 Diario1\"},\"url\":\"https:\\\/\\\/diariotextual.com\\\/inicio\\\/index.php\\\/author\\\/diario1\\\/\"}]}<\/script>\n<!-- \/ Yoast SEO plugin. -->","yoast_head_json":{"title":"El intendente de la UCR m\u00e1s vernista y un posteo con Verna: \u201cVolvemos\u201d - Diario Textual","robots":{"index":"index","follow":"follow","max-snippet":"max-snippet:-1","max-image-preview":"max-image-preview:large","max-video-preview":"max-video-preview:-1"},"canonical":"https:\/\/diariotextual.com\/inicio\/index.php\/2026\/02\/17\/el-intendente-de-la-ucr-mas-vernista-y-un-posteo-con-verna-volvemos\/","og_locale":"es_ES","og_type":"article","og_title":"El intendente de la UCR m\u00e1s vernista y un posteo con Verna: \u201cVolvemos\u201d - Diario Textual","og_description":"El intendente de Bernardo Larroud\u00e9, Jos\u00e9 Luis \u201cBora\u201d Gallotti (UCR), sali\u00f3 a saludar por redes sociales la posibilidad de que el exgobernador Carlos Verna (PJ) intente regresar a la Gobernaci\u00f3n&hellip;","og_url":"https:\/\/diariotextual.com\/inicio\/index.php\/2026\/02\/17\/el-intendente-de-la-ucr-mas-vernista-y-un-posteo-con-verna-volvemos\/","og_site_name":"Diario Textual","article_publisher":"https:\/\/www.facebook.com\/eltextual","article_published_time":"2026-02-17T22:53:25+00:00","article_modified_time":"2026-02-18T20:42:15+00:00","og_image":[{"width":690,"height":443,"url":"https:\/\/diariotextual.com\/inicio\/wp-content\/uploads\/2021\/10\/vernagallotti2021-1.jpg","type":"image\/jpeg"}],"author":"Diario1 Diario1","twitter_card":"summary_large_image","twitter_creator":"@eltextual","twitter_site":"@eltextual","twitter_misc":{"Escrito por":"Diario1 Diario1","Tiempo de lectura":"4 minutos"},"schema":{"@context":"https:\/\/schema.org","@graph":[{"@type":"Article","@id":"https:\/\/diariotextual.com\/inicio\/index.php\/2026\/02\/17\/el-intendente-de-la-ucr-mas-vernista-y-un-posteo-con-verna-volvemos\/#article","isPartOf":{"@id":"https:\/\/diariotextual.com\/inicio\/index.php\/2026\/02\/17\/el-intendente-de-la-ucr-mas-vernista-y-un-posteo-con-verna-volvemos\/"},"author":{"name":"Diario1 Diario1","@id":"https:\/\/diariotextual.com\/inicio\/#\/schema\/person\/418fc4093c33e86ed41562db3508f958"},"headline":"El intendente de la UCR m\u00e1s vernista y un posteo con Verna: \u201cVolvemos\u201d","datePublished":"2026-02-17T22:53:25+00:00","dateModified":"2026-02-18T20:42:15+00:00","mainEntityOfPage":{"@id":"https:\/\/diariotextual.com\/inicio\/index.php\/2026\/02\/17\/el-intendente-de-la-ucr-mas-vernista-y-un-posteo-con-verna-volvemos\/"},"wordCount":824,"publisher":{"@id":"https:\/\/diariotextual.com\/inicio\/#organization"},"image":{"@id":"https:\/\/diariotextual.com\/inicio\/index.php\/2026\/02\/17\/el-intendente-de-la-ucr-mas-vernista-y-un-posteo-con-verna-volvemos\/#primaryimage"},"thumbnailUrl":"https:\/\/diariotextual.com\/inicio\/wp-content\/uploads\/2021\/10\/vernagallotti2021-1.jpg","articleSection":["A - ES NOTICIA (van abajo)","POLITICA"],"inLanguage":"es"},{"@type":"WebPage","@id":"https:\/\/diariotextual.com\/inicio\/index.php\/2026\/02\/17\/el-intendente-de-la-ucr-mas-vernista-y-un-posteo-con-verna-volvemos\/","url":"https:\/\/diariotextual.com\/inicio\/index.php\/2026\/02\/17\/el-intendente-de-la-ucr-mas-vernista-y-un-posteo-con-verna-volvemos\/","name":"El intendente de la UCR m\u00e1s vernista y un posteo con Verna: \u201cVolvemos\u201d - Diario Textual","isPartOf":{"@id":"https:\/\/diariotextual.com\/inicio\/#website"},"primaryImageOfPage":{"@id":"https:\/\/diariotextual.com\/inicio\/index.php\/2026\/02\/17\/el-intendente-de-la-ucr-mas-vernista-y-un-posteo-con-verna-volvemos\/#primaryimage"},"image":{"@id":"https:\/\/diariotextual.com\/inicio\/index.php\/2026\/02\/17\/el-intendente-de-la-ucr-mas-vernista-y-un-posteo-con-verna-volvemos\/#primaryimage"},"thumbnailUrl":"https:\/\/diariotextual.com\/inicio\/wp-content\/uploads\/2021\/10\/vernagallotti2021-1.jpg","datePublished":"2026-02-17T22:53:25+00:00","dateModified":"2026-02-18T20:42:15+00:00","breadcrumb":{"@id":"https:\/\/diariotextual.com\/inicio\/index.php\/2026\/02\/17\/el-intendente-de-la-ucr-mas-vernista-y-un-posteo-con-verna-volvemos\/#breadcrumb"},"inLanguage":"es","potentialAction":[{"@type":"ReadAction","target":["https:\/\/diariotextual.com\/inicio\/index.php\/2026\/02\/17\/el-intendente-de-la-ucr-mas-vernista-y-un-posteo-con-verna-volvemos\/"]}]},{"@type":"ImageObject","inLanguage":"es","@id":"https:\/\/diariotextual.com\/inicio\/index.php\/2026\/02\/17\/el-intendente-de-la-ucr-mas-vernista-y-un-posteo-con-verna-volvemos\/#primaryimage","url":"https:\/\/diariotextual.com\/inicio\/wp-content\/uploads\/2021\/10\/vernagallotti2021-1.jpg","contentUrl":"https:\/\/diariotextual.com\/inicio\/wp-content\/uploads\/2021\/10\/vernagallotti2021-1.jpg","width":690,"height":443},{"@type":"BreadcrumbList","@id":"https:\/\/diariotextual.com\/inicio\/index.php\/2026\/02\/17\/el-intendente-de-la-ucr-mas-vernista-y-un-posteo-con-verna-volvemos\/#breadcrumb","itemListElement":[{"@type":"ListItem","position":1,"name":"Portada","item":"https:\/\/diariotextual.com\/inicio\/"},{"@type":"ListItem","position":2,"name":"El intendente de la UCR m\u00e1s vernista y un posteo con Verna: \u201cVolvemos\u201d"}]},{"@type":"WebSite","@id":"https:\/\/diariotextual.com\/inicio\/#website","url":"https:\/\/diariotextual.com\/inicio\/","name":"Diario Textual","description":"","publisher":{"@id":"https:\/\/diariotextual.com\/inicio\/#organization"},"potentialAction":[{"@type":"SearchAction","target":{"@type":"EntryPoint","urlTemplate":"https:\/\/diariotextual.com\/inicio\/?s={search_term_string}"},"query-input":{"@type":"PropertyValueSpecification","valueRequired":true,"valueName":"search_term_string"}}],"inLanguage":"es"},{"@type":"Organization","@id":"https:\/\/diariotextual.com\/inicio\/#organization","name":"Diario Textual","url":"https:\/\/diariotextual.com\/inicio\/","logo":{"@type":"ImageObject","inLanguage":"es","@id":"https:\/\/diariotextual.com\/inicio\/#\/schema\/logo\/image\/","url":"https:\/\/diariotextual.com\/inicio\/wp-content\/uploads\/2023\/05\/logotextual1.jpg","contentUrl":"https:\/\/diariotextual.com\/inicio\/wp-content\/uploads\/2023\/05\/logotextual1.jpg","width":516,"height":76,"caption":"Diario Textual"},"image":{"@id":"https:\/\/diariotextual.com\/inicio\/#\/schema\/logo\/image\/"},"sameAs":["https:\/\/www.facebook.com\/eltextual","https:\/\/x.com\/eltextual","http:\/\/www.instagram.com\/eltextual"]},{"@type":"Person","@id":"https:\/\/diariotextual.com\/inicio\/#\/schema\/person\/418fc4093c33e86ed41562db3508f958","name":"Diario1 Diario1","image":{"@type":"ImageObject","inLanguage":"es","@id":"https:\/\/secure.gravatar.com\/avatar\/9167d280179c85bc18be67aa7eda765854300033af4896dd779b608640f2ef7a?s=96&d=mm&r=g","url":"https:\/\/secure.gravatar.com\/avatar\/9167d280179c85bc18be67aa7eda765854300033af4896dd779b608640f2ef7a?s=96&d=mm&r=g","contentUrl":"https:\/\/secure.gravatar.com\/avatar\/9167d280179c85bc18be67aa7eda765854300033af4896dd779b608640f2ef7a?s=96&d=mm&r=g","caption":"Diario1 Diario1"},"url":"https:\/\/diariotextual.com\/inicio\/index.php\/author\/diario1\/"}]}},"_links":{"self":[{"href":"https:\/\/diariotextual.com\/inicio\/index.php\/wp-json\/wp\/v2\/posts\/319850","targetHints":{"allow":["GET"]}}],"collection":[{"href":"https:\/\/diariotextual.com\/inicio\/index.php\/wp-json\/wp\/v2\/posts"}],"about":[{"href":"https:\/\/diariotextual.com\/inicio\/index.php\/wp-json\/wp\/v2\/types\/post"}],"author":[{"embeddable":true,"href":"https:\/\/diariotextual.com\/inicio\/index.php\/wp-json\/wp\/v2\/users\/3"}],"replies":[{"embeddable":true,"href":"https:\/\/diariotextual.com\/inicio\/index.php\/wp-json\/wp\/v2\/comments?post=319850"}],"version-history":[{"count":8,"href":"https:\/\/diariotextual.com\/inicio\/index.php\/wp-json\/wp\/v2\/posts\/319850\/revisions"}],"predecessor-version":[{"id":319859,"href":"https:\/\/diariotextual.com\/inicio\/index.php\/wp-json\/wp\/v2\/posts\/319850\/revisions\/319859"}],"wp:featuredmedia":[{"embeddable":true,"href":"https:\/\/diariotextual.com\/inicio\/index.php\/wp-json\/wp\/v2\/media\/167107"}],"wp:attachment":[{"href":"https:\/\/diariotextual.com\/inicio\/index.php\/wp-json\/wp\/v2\/media?parent=319850"}],"wp:term":[{"taxonomy":"category","embeddable":true,"href":"https:\/\/diariotextual.com\/inicio\/index.php\/wp-json\/wp\/v2\/categories?post=319850"},{"taxonomy":"post_tag","embeddable":true,"href":"https:\/\/diariotextual.com\/inicio\/index.php\/wp-json\/wp\/v2\/tags?post=319850"}],"curies":[{"name":"wp","href":"https:\/\/api.w.org\/{rel}","templated":true}]}}