{"id":319860,"date":"2026-02-18T06:47:01","date_gmt":"2026-02-18T09:47:01","guid":{"rendered":"https:\/\/diariotextual.com\/inicio\/?p=319860"},"modified":"2026-02-19T18:13:33","modified_gmt":"2026-02-19T21:13:33","slug":"verano-de-politica-anestesiada-en-la-pampa-empezo-a-sacudirse-la-modorra","status":"publish","type":"post","link":"https:\/\/diariotextual.com\/inicio\/index.php\/2026\/02\/18\/verano-de-politica-anestesiada-en-la-pampa-empezo-a-sacudirse-la-modorra\/","title":{"rendered":"Verano de pol\u00edtica anestesiada en La Pampa: \u00bfempez\u00f3 a sacudirse la modorra?"},"content":{"rendered":"\n<h2 class=\"wp-block-heading\">Por Norberto G. Asquini<\/h2>\n\n\n\n<p><br><strong>El verano dej\u00f3 a la pol\u00edtica pampeana en un estado que excedi\u00f3 la habitual modorra estival. <\/strong>No solo baj\u00f3 el ritmo, como ocurre cada temporada, sino que qued\u00f3<strong> anestesiada.<\/strong> La met\u00e1fora no resulta exagerada si se observa que, <strong>mientras en el Congreso se discut\u00edan temas de fondo para la sociedad, la percepci\u00f3n social apenas registr\u00f3 lo que estaba en juego. <\/strong>Ahora, con <strong>versiones de que el ex mandatario Carlos Verna querr\u00eda presentarse en 2027, tal vez empiece a sacudirse un poco el escenario.<\/strong><\/p>\n\n\n\n<p><br>El <strong>parate estival<\/strong> se not\u00f3 en todos los campamentos. Quienes proyectan la sucesi\u00f3n del gobernador <strong>Sergio Ziliotto<\/strong> frenaron movimientos y guardaron se\u00f1ales. <strong>Solamente mantuvo su \u00edmpetu con la promoci\u00f3n de las actividades de verano el intendente santarrose\u00f1o Luciano Di N\u00e1poli.<\/strong> La agenda p\u00fablica provincial qued\u00f3 adormecida. Muestra del freno fue que el que m\u00e1s repercusi\u00f3n medi\u00e1tica tuvo fue el del aventurero <strong>Javier Catoni<\/strong>, un empresario que se autopostul\u00f3 como candidato de los libertarios y recibi\u00f3 de inmediato la r\u00e9plica del propio espacio, que se apur\u00f3 a bajarle el precio.<strong> El Ricardo Fort santarrose\u00f1o tuvo su minuto de espuma y nada m\u00e1s.<\/strong><\/p>\n\n\n\n<p><br>Pero ahora, mediados de febrero, algo comenz\u00f3 a moverse. <strong>Algunos medios se hicieron eco de una operaci\u00f3n nacida desde el vernismo sobre una posible candidatura a gobernador de Verna. <\/strong>Los rumores, lejos de los operativos clamor de otros tiempos, alentados por dirigentes vernista,s hab\u00edan nacido a fines de diciembre, pero ning\u00fan periodista los hab\u00eda tomado en serio, y finalmente algunos medios piquenses le hicieron el juego. <strong>La mayor\u00eda analiz\u00f3 la operaci\u00f3n como una estrategia de Verna para posicionarse o alinear a su tropa<\/strong>, ya que el contexto hace algo improbable que llegue a concretarse. Igual, <strong>con Verna nunca se sabe.<\/strong><\/p>\n\n\n\n<p><br><strong>El contexto econ\u00f3mico tambi\u00e9n aport\u00f3 al anestesiamiento. <\/strong>Vacaciones, d\u00f3lar frenado e inflaci\u00f3n creciente pero todav\u00eda tolerable para el n\u00facleo que apoya el rumbo oficial conformaron un clima de suspensi\u00f3n. En ese marco, la ofensiva del gobierno nacional avanz\u00f3 casi sin resistencia. Como sintetiz\u00f3 la periodista <strong>Gabriela Pepe<\/strong>, en 24 horas <strong>Javier Milei<\/strong> se anot\u00f3 la semana pasada dos triunfos pol\u00edticos con la reforma laboral y la baja en la edad de imputabilidad: <strong>se comi\u00f3 a los gobernadores, al PRO y a la UCR, dej\u00f3 expuesta la debilidad del peronismo y cumpli\u00f3 con su electorado de derecha. Todos, grogui.<\/strong><\/p>\n\n\n\n<p><br>La anestesia se mide tambi\u00e9n por lo que no gener\u00f3 reacci\u00f3n. O la debida reacci\u00f3n. <strong>Algunos no tomaron cuenta la reducci\u00f3n del 75 por ciento del sueldo b\u00e1sico, repito b\u00e1sico, por licencias de tratamientos por enfermedades, hasta que se comenz\u00f3 a generalizar su rechazo.<\/strong> Tampoco impact\u00f3 lo suficiente que la esposa del ministro<strong> Federico Sturzenegger<\/strong> recibiera una licitaci\u00f3n de 114 millones de pesos para su instituto privado, con universidades p\u00fablicas que ofrecen el mismo servicio a menor costo. La sociedad observa, calcula y sigue ajena a algunos debates. <strong>La pol\u00edtica hace mutis. <\/strong>Apenas se escuch\u00f3 al senador peronista Daniel Bensus\u00e1n oponerse a las leyes libertarias.<\/p>\n\n\n\n<p><br>Lo que s\u00ed se hace cada vez m\u00e1s evidente son las tendencias que se vienen.<strong> La polarizaci\u00f3n entre La Libertad Avanza y el peronismo ordena presente y futuro<\/strong>. Las encuestas ubican all\u00ed el poder. El PRO se diluye, el federalismo ex Cambiemos no entusiasma y cualquier opci\u00f3n fuera de esa grieta asoma testimonial hacia 2027. Ese cuadro condiciona las estrategias de 2026, en especial para el radicalismo pampeano, que aparece en tr\u00e1nsito hacia un pragmatismo de alianza con los libertarios. <\/p>\n\n\n\n<p>El voto del senador <strong>Daniel Kroneberger<\/strong>, alineado con la reforma laboral (\u00bfley\u00f3 el proyecto?) y sin objeciones a la eliminaci\u00f3n por ejemplo del estatuto del periodista, marca hacia d\u00f3nde va el radicalismo pampeano. <strong>El PRO ya parece abducido por La Libertad Avanza; la UCR ensaya su propio acercamiento.<\/strong><br><\/p>\n\n\n\n<p>Desde el 26 de octubre, <strong>Milei acumul\u00f3 victorias pol\u00edticas y simb\u00f3licas<\/strong>. En la econom\u00eda real y el humor social, en cambio, persisten la ca\u00edda del consumo, el endeudamiento familiar y la contracci\u00f3n del empleo. Ese contraste convive con el anestesiamiento medi\u00e1tico y digital que amortigua costos. La pregunta pendiente es qu\u00e9 har\u00e1 el peronismo, sobre todo provincial.<\/p>\n\n\n\n<p><br>En ese tel\u00f3n de fondo, la consagraci\u00f3n de<strong> Axel Kicillof<\/strong> en la conducci\u00f3n del PJ bonaerense se\u00f1ala una b\u00fasqueda de renovaci\u00f3n. <strong>En La Pampa, algunos sectores a\u00fan erosionan las posibilidades propias con disputas menores, en un momento delicado para la gesti\u00f3n. La pol\u00edtica parece que empieza a moverse, nadie sabe para d\u00f3nde va a arrancar.<\/strong><\/p>\n","protected":false},"excerpt":{"rendered":"<p>Por Norberto G. Asquini El verano dej\u00f3 a la pol\u00edtica pampeana en un estado que excedi\u00f3 la habitual modorra estival. No solo baj\u00f3 el ritmo, como ocurre cada temporada, sino&hellip;<\/p>\n","protected":false},"author":3,"featured_media":200256,"comment_status":"closed","ping_status":"open","sticky":false,"template":"","format":"standard","meta":{"_acf_changed":false,"footnotes":""},"categories":[1,8],"tags":[],"class_list":["post-319860","post","type-post","status-publish","format-standard","has-post-thumbnail","hentry","category-es-noticia","category-politica"],"acf":[],"yoast_head":"<!-- This site is optimized with the Yoast SEO plugin v27.5 - https:\/\/yoast.com\/product\/yoast-seo-wordpress\/ -->\n<title>Verano de pol\u00edtica anestesiada en La Pampa: \u00bfempez\u00f3 a sacudirse la modorra? - Diario Textual<\/title>\n<meta name=\"robots\" content=\"index, follow, max-snippet:-1, max-image-preview:large, max-video-preview:-1\" \/>\n<link rel=\"canonical\" href=\"https:\/\/diariotextual.com\/inicio\/index.php\/2026\/02\/18\/verano-de-politica-anestesiada-en-la-pampa-empezo-a-sacudirse-la-modorra\/\" \/>\n<meta property=\"og:locale\" content=\"es_ES\" \/>\n<meta property=\"og:type\" content=\"article\" \/>\n<meta property=\"og:title\" content=\"Verano de pol\u00edtica anestesiada en La Pampa: \u00bfempez\u00f3 a sacudirse la modorra? - Diario Textual\" \/>\n<meta property=\"og:description\" content=\"Por Norberto G. Asquini El verano dej\u00f3 a la pol\u00edtica pampeana en un estado que excedi\u00f3 la habitual modorra estival. No solo baj\u00f3 el ritmo, como ocurre cada temporada, sino&hellip;\" \/>\n<meta property=\"og:url\" content=\"https:\/\/diariotextual.com\/inicio\/index.php\/2026\/02\/18\/verano-de-politica-anestesiada-en-la-pampa-empezo-a-sacudirse-la-modorra\/\" \/>\n<meta property=\"og:site_name\" content=\"Diario Textual\" \/>\n<meta property=\"article:publisher\" content=\"https:\/\/www.facebook.com\/eltextual\" \/>\n<meta property=\"article:published_time\" content=\"2026-02-18T09:47:01+00:00\" \/>\n<meta property=\"article:modified_time\" content=\"2026-02-19T21:13:33+00:00\" \/>\n<meta property=\"og:image\" content=\"https:\/\/diariotextual.com\/inicio\/wp-content\/uploads\/2022\/09\/casadegobiernolp6378.jpg\" \/>\n\t<meta property=\"og:image:width\" content=\"1000\" \/>\n\t<meta property=\"og:image:height\" content=\"588\" \/>\n\t<meta property=\"og:image:type\" content=\"image\/jpeg\" \/>\n<meta name=\"author\" content=\"Diario1 Diario1\" \/>\n<meta name=\"twitter:card\" content=\"summary_large_image\" \/>\n<meta name=\"twitter:creator\" content=\"@eltextual\" \/>\n<meta name=\"twitter:site\" content=\"@eltextual\" \/>\n<meta name=\"twitter:label1\" content=\"Escrito por\" \/>\n\t<meta name=\"twitter:data1\" content=\"Diario1 Diario1\" \/>\n\t<meta name=\"twitter:label2\" content=\"Tiempo de lectura\" \/>\n\t<meta name=\"twitter:data2\" content=\"4 minutos\" \/>\n<script type=\"application\/ld+json\" class=\"yoast-schema-graph\">{\"@context\":\"https:\\\/\\\/schema.org\",\"@graph\":[{\"@type\":\"Article\",\"@id\":\"https:\\\/\\\/diariotextual.com\\\/inicio\\\/index.php\\\/2026\\\/02\\\/18\\\/verano-de-politica-anestesiada-en-la-pampa-empezo-a-sacudirse-la-modorra\\\/#article\",\"isPartOf\":{\"@id\":\"https:\\\/\\\/diariotextual.com\\\/inicio\\\/index.php\\\/2026\\\/02\\\/18\\\/verano-de-politica-anestesiada-en-la-pampa-empezo-a-sacudirse-la-modorra\\\/\"},\"author\":{\"name\":\"Diario1 Diario1\",\"@id\":\"https:\\\/\\\/diariotextual.com\\\/inicio\\\/#\\\/schema\\\/person\\\/418fc4093c33e86ed41562db3508f958\"},\"headline\":\"Verano de pol\u00edtica anestesiada en La Pampa: \u00bfempez\u00f3 a sacudirse la modorra?\",\"datePublished\":\"2026-02-18T09:47:01+00:00\",\"dateModified\":\"2026-02-19T21:13:33+00:00\",\"mainEntityOfPage\":{\"@id\":\"https:\\\/\\\/diariotextual.com\\\/inicio\\\/index.php\\\/2026\\\/02\\\/18\\\/verano-de-politica-anestesiada-en-la-pampa-empezo-a-sacudirse-la-modorra\\\/\"},\"wordCount\":801,\"publisher\":{\"@id\":\"https:\\\/\\\/diariotextual.com\\\/inicio\\\/#organization\"},\"image\":{\"@id\":\"https:\\\/\\\/diariotextual.com\\\/inicio\\\/index.php\\\/2026\\\/02\\\/18\\\/verano-de-politica-anestesiada-en-la-pampa-empezo-a-sacudirse-la-modorra\\\/#primaryimage\"},\"thumbnailUrl\":\"https:\\\/\\\/diariotextual.com\\\/inicio\\\/wp-content\\\/uploads\\\/2022\\\/09\\\/casadegobiernolp6378.jpg\",\"articleSection\":[\"A - ES NOTICIA (van abajo)\",\"POLITICA\"],\"inLanguage\":\"es\"},{\"@type\":\"WebPage\",\"@id\":\"https:\\\/\\\/diariotextual.com\\\/inicio\\\/index.php\\\/2026\\\/02\\\/18\\\/verano-de-politica-anestesiada-en-la-pampa-empezo-a-sacudirse-la-modorra\\\/\",\"url\":\"https:\\\/\\\/diariotextual.com\\\/inicio\\\/index.php\\\/2026\\\/02\\\/18\\\/verano-de-politica-anestesiada-en-la-pampa-empezo-a-sacudirse-la-modorra\\\/\",\"name\":\"Verano de pol\u00edtica anestesiada en La Pampa: \u00bfempez\u00f3 a sacudirse la modorra? - Diario Textual\",\"isPartOf\":{\"@id\":\"https:\\\/\\\/diariotextual.com\\\/inicio\\\/#website\"},\"primaryImageOfPage\":{\"@id\":\"https:\\\/\\\/diariotextual.com\\\/inicio\\\/index.php\\\/2026\\\/02\\\/18\\\/verano-de-politica-anestesiada-en-la-pampa-empezo-a-sacudirse-la-modorra\\\/#primaryimage\"},\"image\":{\"@id\":\"https:\\\/\\\/diariotextual.com\\\/inicio\\\/index.php\\\/2026\\\/02\\\/18\\\/verano-de-politica-anestesiada-en-la-pampa-empezo-a-sacudirse-la-modorra\\\/#primaryimage\"},\"thumbnailUrl\":\"https:\\\/\\\/diariotextual.com\\\/inicio\\\/wp-content\\\/uploads\\\/2022\\\/09\\\/casadegobiernolp6378.jpg\",\"datePublished\":\"2026-02-18T09:47:01+00:00\",\"dateModified\":\"2026-02-19T21:13:33+00:00\",\"breadcrumb\":{\"@id\":\"https:\\\/\\\/diariotextual.com\\\/inicio\\\/index.php\\\/2026\\\/02\\\/18\\\/verano-de-politica-anestesiada-en-la-pampa-empezo-a-sacudirse-la-modorra\\\/#breadcrumb\"},\"inLanguage\":\"es\",\"potentialAction\":[{\"@type\":\"ReadAction\",\"target\":[\"https:\\\/\\\/diariotextual.com\\\/inicio\\\/index.php\\\/2026\\\/02\\\/18\\\/verano-de-politica-anestesiada-en-la-pampa-empezo-a-sacudirse-la-modorra\\\/\"]}]},{\"@type\":\"ImageObject\",\"inLanguage\":\"es\",\"@id\":\"https:\\\/\\\/diariotextual.com\\\/inicio\\\/index.php\\\/2026\\\/02\\\/18\\\/verano-de-politica-anestesiada-en-la-pampa-empezo-a-sacudirse-la-modorra\\\/#primaryimage\",\"url\":\"https:\\\/\\\/diariotextual.com\\\/inicio\\\/wp-content\\\/uploads\\\/2022\\\/09\\\/casadegobiernolp6378.jpg\",\"contentUrl\":\"https:\\\/\\\/diariotextual.com\\\/inicio\\\/wp-content\\\/uploads\\\/2022\\\/09\\\/casadegobiernolp6378.jpg\",\"width\":1000,\"height\":588},{\"@type\":\"BreadcrumbList\",\"@id\":\"https:\\\/\\\/diariotextual.com\\\/inicio\\\/index.php\\\/2026\\\/02\\\/18\\\/verano-de-politica-anestesiada-en-la-pampa-empezo-a-sacudirse-la-modorra\\\/#breadcrumb\",\"itemListElement\":[{\"@type\":\"ListItem\",\"position\":1,\"name\":\"Portada\",\"item\":\"https:\\\/\\\/diariotextual.com\\\/inicio\\\/\"},{\"@type\":\"ListItem\",\"position\":2,\"name\":\"Verano de pol\u00edtica anestesiada en La Pampa: \u00bfempez\u00f3 a sacudirse la modorra?\"}]},{\"@type\":\"WebSite\",\"@id\":\"https:\\\/\\\/diariotextual.com\\\/inicio\\\/#website\",\"url\":\"https:\\\/\\\/diariotextual.com\\\/inicio\\\/\",\"name\":\"Diario Textual\",\"description\":\"\",\"publisher\":{\"@id\":\"https:\\\/\\\/diariotextual.com\\\/inicio\\\/#organization\"},\"potentialAction\":[{\"@type\":\"SearchAction\",\"target\":{\"@type\":\"EntryPoint\",\"urlTemplate\":\"https:\\\/\\\/diariotextual.com\\\/inicio\\\/?s={search_term_string}\"},\"query-input\":{\"@type\":\"PropertyValueSpecification\",\"valueRequired\":true,\"valueName\":\"search_term_string\"}}],\"inLanguage\":\"es\"},{\"@type\":\"Organization\",\"@id\":\"https:\\\/\\\/diariotextual.com\\\/inicio\\\/#organization\",\"name\":\"Diario Textual\",\"url\":\"https:\\\/\\\/diariotextual.com\\\/inicio\\\/\",\"logo\":{\"@type\":\"ImageObject\",\"inLanguage\":\"es\",\"@id\":\"https:\\\/\\\/diariotextual.com\\\/inicio\\\/#\\\/schema\\\/logo\\\/image\\\/\",\"url\":\"https:\\\/\\\/diariotextual.com\\\/inicio\\\/wp-content\\\/uploads\\\/2023\\\/05\\\/logotextual1.jpg\",\"contentUrl\":\"https:\\\/\\\/diariotextual.com\\\/inicio\\\/wp-content\\\/uploads\\\/2023\\\/05\\\/logotextual1.jpg\",\"width\":516,\"height\":76,\"caption\":\"Diario Textual\"},\"image\":{\"@id\":\"https:\\\/\\\/diariotextual.com\\\/inicio\\\/#\\\/schema\\\/logo\\\/image\\\/\"},\"sameAs\":[\"https:\\\/\\\/www.facebook.com\\\/eltextual\",\"https:\\\/\\\/x.com\\\/eltextual\",\"http:\\\/\\\/www.instagram.com\\\/eltextual\"]},{\"@type\":\"Person\",\"@id\":\"https:\\\/\\\/diariotextual.com\\\/inicio\\\/#\\\/schema\\\/person\\\/418fc4093c33e86ed41562db3508f958\",\"name\":\"Diario1 Diario1\",\"image\":{\"@type\":\"ImageObject\",\"inLanguage\":\"es\",\"@id\":\"https:\\\/\\\/secure.gravatar.com\\\/avatar\\\/9167d280179c85bc18be67aa7eda765854300033af4896dd779b608640f2ef7a?s=96&d=mm&r=g\",\"url\":\"https:\\\/\\\/secure.gravatar.com\\\/avatar\\\/9167d280179c85bc18be67aa7eda765854300033af4896dd779b608640f2ef7a?s=96&d=mm&r=g\",\"contentUrl\":\"https:\\\/\\\/secure.gravatar.com\\\/avatar\\\/9167d280179c85bc18be67aa7eda765854300033af4896dd779b608640f2ef7a?s=96&d=mm&r=g\",\"caption\":\"Diario1 Diario1\"},\"url\":\"https:\\\/\\\/diariotextual.com\\\/inicio\\\/index.php\\\/author\\\/diario1\\\/\"}]}<\/script>\n<!-- \/ Yoast SEO plugin. -->","yoast_head_json":{"title":"Verano de pol\u00edtica anestesiada en La Pampa: \u00bfempez\u00f3 a sacudirse la modorra? - Diario Textual","robots":{"index":"index","follow":"follow","max-snippet":"max-snippet:-1","max-image-preview":"max-image-preview:large","max-video-preview":"max-video-preview:-1"},"canonical":"https:\/\/diariotextual.com\/inicio\/index.php\/2026\/02\/18\/verano-de-politica-anestesiada-en-la-pampa-empezo-a-sacudirse-la-modorra\/","og_locale":"es_ES","og_type":"article","og_title":"Verano de pol\u00edtica anestesiada en La Pampa: \u00bfempez\u00f3 a sacudirse la modorra? - Diario Textual","og_description":"Por Norberto G. Asquini El verano dej\u00f3 a la pol\u00edtica pampeana en un estado que excedi\u00f3 la habitual modorra estival. No solo baj\u00f3 el ritmo, como ocurre cada temporada, sino&hellip;","og_url":"https:\/\/diariotextual.com\/inicio\/index.php\/2026\/02\/18\/verano-de-politica-anestesiada-en-la-pampa-empezo-a-sacudirse-la-modorra\/","og_site_name":"Diario Textual","article_publisher":"https:\/\/www.facebook.com\/eltextual","article_published_time":"2026-02-18T09:47:01+00:00","article_modified_time":"2026-02-19T21:13:33+00:00","og_image":[{"url":"https:\/\/diariotextual.com\/inicio\/wp-content\/uploads\/2022\/09\/casadegobiernolp6378.jpg","width":1000,"height":588,"type":"image\/jpeg"}],"author":"Diario1 Diario1","twitter_card":"summary_large_image","twitter_creator":"@eltextual","twitter_site":"@eltextual","twitter_misc":{"Escrito por":"Diario1 Diario1","Tiempo de lectura":"4 minutos"},"schema":{"@context":"https:\/\/schema.org","@graph":[{"@type":"Article","@id":"https:\/\/diariotextual.com\/inicio\/index.php\/2026\/02\/18\/verano-de-politica-anestesiada-en-la-pampa-empezo-a-sacudirse-la-modorra\/#article","isPartOf":{"@id":"https:\/\/diariotextual.com\/inicio\/index.php\/2026\/02\/18\/verano-de-politica-anestesiada-en-la-pampa-empezo-a-sacudirse-la-modorra\/"},"author":{"name":"Diario1 Diario1","@id":"https:\/\/diariotextual.com\/inicio\/#\/schema\/person\/418fc4093c33e86ed41562db3508f958"},"headline":"Verano de pol\u00edtica anestesiada en La Pampa: \u00bfempez\u00f3 a sacudirse la modorra?","datePublished":"2026-02-18T09:47:01+00:00","dateModified":"2026-02-19T21:13:33+00:00","mainEntityOfPage":{"@id":"https:\/\/diariotextual.com\/inicio\/index.php\/2026\/02\/18\/verano-de-politica-anestesiada-en-la-pampa-empezo-a-sacudirse-la-modorra\/"},"wordCount":801,"publisher":{"@id":"https:\/\/diariotextual.com\/inicio\/#organization"},"image":{"@id":"https:\/\/diariotextual.com\/inicio\/index.php\/2026\/02\/18\/verano-de-politica-anestesiada-en-la-pampa-empezo-a-sacudirse-la-modorra\/#primaryimage"},"thumbnailUrl":"https:\/\/diariotextual.com\/inicio\/wp-content\/uploads\/2022\/09\/casadegobiernolp6378.jpg","articleSection":["A - ES NOTICIA (van abajo)","POLITICA"],"inLanguage":"es"},{"@type":"WebPage","@id":"https:\/\/diariotextual.com\/inicio\/index.php\/2026\/02\/18\/verano-de-politica-anestesiada-en-la-pampa-empezo-a-sacudirse-la-modorra\/","url":"https:\/\/diariotextual.com\/inicio\/index.php\/2026\/02\/18\/verano-de-politica-anestesiada-en-la-pampa-empezo-a-sacudirse-la-modorra\/","name":"Verano de pol\u00edtica anestesiada en La Pampa: \u00bfempez\u00f3 a sacudirse la modorra? - Diario Textual","isPartOf":{"@id":"https:\/\/diariotextual.com\/inicio\/#website"},"primaryImageOfPage":{"@id":"https:\/\/diariotextual.com\/inicio\/index.php\/2026\/02\/18\/verano-de-politica-anestesiada-en-la-pampa-empezo-a-sacudirse-la-modorra\/#primaryimage"},"image":{"@id":"https:\/\/diariotextual.com\/inicio\/index.php\/2026\/02\/18\/verano-de-politica-anestesiada-en-la-pampa-empezo-a-sacudirse-la-modorra\/#primaryimage"},"thumbnailUrl":"https:\/\/diariotextual.com\/inicio\/wp-content\/uploads\/2022\/09\/casadegobiernolp6378.jpg","datePublished":"2026-02-18T09:47:01+00:00","dateModified":"2026-02-19T21:13:33+00:00","breadcrumb":{"@id":"https:\/\/diariotextual.com\/inicio\/index.php\/2026\/02\/18\/verano-de-politica-anestesiada-en-la-pampa-empezo-a-sacudirse-la-modorra\/#breadcrumb"},"inLanguage":"es","potentialAction":[{"@type":"ReadAction","target":["https:\/\/diariotextual.com\/inicio\/index.php\/2026\/02\/18\/verano-de-politica-anestesiada-en-la-pampa-empezo-a-sacudirse-la-modorra\/"]}]},{"@type":"ImageObject","inLanguage":"es","@id":"https:\/\/diariotextual.com\/inicio\/index.php\/2026\/02\/18\/verano-de-politica-anestesiada-en-la-pampa-empezo-a-sacudirse-la-modorra\/#primaryimage","url":"https:\/\/diariotextual.com\/inicio\/wp-content\/uploads\/2022\/09\/casadegobiernolp6378.jpg","contentUrl":"https:\/\/diariotextual.com\/inicio\/wp-content\/uploads\/2022\/09\/casadegobiernolp6378.jpg","width":1000,"height":588},{"@type":"BreadcrumbList","@id":"https:\/\/diariotextual.com\/inicio\/index.php\/2026\/02\/18\/verano-de-politica-anestesiada-en-la-pampa-empezo-a-sacudirse-la-modorra\/#breadcrumb","itemListElement":[{"@type":"ListItem","position":1,"name":"Portada","item":"https:\/\/diariotextual.com\/inicio\/"},{"@type":"ListItem","position":2,"name":"Verano de pol\u00edtica anestesiada en La Pampa: \u00bfempez\u00f3 a sacudirse la modorra?"}]},{"@type":"WebSite","@id":"https:\/\/diariotextual.com\/inicio\/#website","url":"https:\/\/diariotextual.com\/inicio\/","name":"Diario Textual","description":"","publisher":{"@id":"https:\/\/diariotextual.com\/inicio\/#organization"},"potentialAction":[{"@type":"SearchAction","target":{"@type":"EntryPoint","urlTemplate":"https:\/\/diariotextual.com\/inicio\/?s={search_term_string}"},"query-input":{"@type":"PropertyValueSpecification","valueRequired":true,"valueName":"search_term_string"}}],"inLanguage":"es"},{"@type":"Organization","@id":"https:\/\/diariotextual.com\/inicio\/#organization","name":"Diario Textual","url":"https:\/\/diariotextual.com\/inicio\/","logo":{"@type":"ImageObject","inLanguage":"es","@id":"https:\/\/diariotextual.com\/inicio\/#\/schema\/logo\/image\/","url":"https:\/\/diariotextual.com\/inicio\/wp-content\/uploads\/2023\/05\/logotextual1.jpg","contentUrl":"https:\/\/diariotextual.com\/inicio\/wp-content\/uploads\/2023\/05\/logotextual1.jpg","width":516,"height":76,"caption":"Diario Textual"},"image":{"@id":"https:\/\/diariotextual.com\/inicio\/#\/schema\/logo\/image\/"},"sameAs":["https:\/\/www.facebook.com\/eltextual","https:\/\/x.com\/eltextual","http:\/\/www.instagram.com\/eltextual"]},{"@type":"Person","@id":"https:\/\/diariotextual.com\/inicio\/#\/schema\/person\/418fc4093c33e86ed41562db3508f958","name":"Diario1 Diario1","image":{"@type":"ImageObject","inLanguage":"es","@id":"https:\/\/secure.gravatar.com\/avatar\/9167d280179c85bc18be67aa7eda765854300033af4896dd779b608640f2ef7a?s=96&d=mm&r=g","url":"https:\/\/secure.gravatar.com\/avatar\/9167d280179c85bc18be67aa7eda765854300033af4896dd779b608640f2ef7a?s=96&d=mm&r=g","contentUrl":"https:\/\/secure.gravatar.com\/avatar\/9167d280179c85bc18be67aa7eda765854300033af4896dd779b608640f2ef7a?s=96&d=mm&r=g","caption":"Diario1 Diario1"},"url":"https:\/\/diariotextual.com\/inicio\/index.php\/author\/diario1\/"}]}},"_links":{"self":[{"href":"https:\/\/diariotextual.com\/inicio\/index.php\/wp-json\/wp\/v2\/posts\/319860","targetHints":{"allow":["GET"]}}],"collection":[{"href":"https:\/\/diariotextual.com\/inicio\/index.php\/wp-json\/wp\/v2\/posts"}],"about":[{"href":"https:\/\/diariotextual.com\/inicio\/index.php\/wp-json\/wp\/v2\/types\/post"}],"author":[{"embeddable":true,"href":"https:\/\/diariotextual.com\/inicio\/index.php\/wp-json\/wp\/v2\/users\/3"}],"replies":[{"embeddable":true,"href":"https:\/\/diariotextual.com\/inicio\/index.php\/wp-json\/wp\/v2\/comments?post=319860"}],"version-history":[{"count":2,"href":"https:\/\/diariotextual.com\/inicio\/index.php\/wp-json\/wp\/v2\/posts\/319860\/revisions"}],"predecessor-version":[{"id":319875,"href":"https:\/\/diariotextual.com\/inicio\/index.php\/wp-json\/wp\/v2\/posts\/319860\/revisions\/319875"}],"wp:featuredmedia":[{"embeddable":true,"href":"https:\/\/diariotextual.com\/inicio\/index.php\/wp-json\/wp\/v2\/media\/200256"}],"wp:attachment":[{"href":"https:\/\/diariotextual.com\/inicio\/index.php\/wp-json\/wp\/v2\/media?parent=319860"}],"wp:term":[{"taxonomy":"category","embeddable":true,"href":"https:\/\/diariotextual.com\/inicio\/index.php\/wp-json\/wp\/v2\/categories?post=319860"},{"taxonomy":"post_tag","embeddable":true,"href":"https:\/\/diariotextual.com\/inicio\/index.php\/wp-json\/wp\/v2\/tags?post=319860"}],"curies":[{"name":"wp","href":"https:\/\/api.w.org\/{rel}","templated":true}]}}