{"id":319862,"date":"2026-02-17T21:25:42","date_gmt":"2026-02-18T00:25:42","guid":{"rendered":"https:\/\/diariotextual.com\/inicio\/?p=319862"},"modified":"2026-02-18T06:41:56","modified_gmt":"2026-02-18T09:41:56","slug":"explosion-de-alegria-en-toda-la-provincia-el-carnaval-empujaron-un-buen-fin-de-semana-largo","status":"publish","type":"post","link":"https:\/\/diariotextual.com\/inicio\/index.php\/2026\/02\/17\/explosion-de-alegria-en-toda-la-provincia-el-carnaval-empujaron-un-buen-fin-de-semana-largo\/","title":{"rendered":"Explosi\u00f3n de alegr\u00eda en toda la provincia: el carnaval empuj\u00f3 un buen fin de semana largo"},"content":{"rendered":"\n<p>Durante el fin de semana largo, distintas localidades de La Pampa realizaron festejos de <strong>carnaval<\/strong> con buena concurrencia y un movimiento tur\u00edstico, recreativo y sociocultural que aport\u00f3 al desarrollo local.<\/p>\n\n\n\n<p>Tambi\u00e9n se registr\u00f3 un buen flujo de tr\u00e1nsito en los principales corredores tur\u00edsticos nacionales y una gran afluencia de automovilistas. En l\u00edneas generales, el nivel de ocupaci\u00f3n promedio en la provincia fue del <strong>65%<\/strong>.<\/p>\n\n\n\n<p>El turismo es una actividad importante para las localidades, por su impacto econ\u00f3mico y su rol sociocultural en el desarrollo provincial.<\/p>\n\n\n\n<p>En la <strong>Reserva Parque Luro<\/strong> se registraron <strong>1.222 visitantes<\/strong> durante el fin de semana largo, mientras que <strong>221<\/strong> realizaron la visita guiada al Museo <strong>El Castillo<\/strong>. Adem\u00e1s, hubo una alta demanda en los servicios de pileta.<\/p>\n\n\n\n<p>En <strong>Santa Rosa<\/strong>, la ocupaci\u00f3n de alojamientos promedi\u00f3 el <strong>65%<\/strong> en los cuatro d\u00edas feriados.<\/p>\n\n\n\n<p>En <strong>Anguil<\/strong> se realizaron festejos de Carnaval con una convocatoria estimada en <strong>2.000 personas<\/strong>. Participaron comparsas, batucadas y murgas de distintas localidades pampeanas. Se destac\u00f3 la autogesti\u00f3n del centro cultural <strong>Ida y Vuelta<\/strong>.<\/p>\n\n\n\n<p>En <strong>Bernardo Larroud\u00e9<\/strong>, las termas y alojamientos trabajaron con una ocupaci\u00f3n promedio del <strong>80%<\/strong>. Tambi\u00e9n se observ\u00f3 un fuerte movimiento de turistas por el corredor de la <strong>ruta nacional 188<\/strong>.<\/p>\n\n\n\n<p>En <strong>Realic\u00f3<\/strong> se report\u00f3 un intenso movimiento tur\u00edstico en las <strong>rutas nacionales 35 y 188<\/strong>, con viajeros de paso. Sin embargo, muchos decidieron pernoctar y los hoteles alcanzaron un <strong>90%<\/strong> de ocupaci\u00f3n promedio. La gastronom\u00eda registr\u00f3 buenos niveles de venta. Adem\u00e1s, se realizaron dos pe\u00f1as folcl\u00f3ricas con buena participaci\u00f3n.<\/p>\n\n\n\n<p>En <strong>General Pico<\/strong>, la ocupaci\u00f3n promedio fue del <strong>50%<\/strong>. En <strong>Intendente Alvear<\/strong>, los alojamientos promediaron un <strong>50%<\/strong> de ocupaci\u00f3n. Y en <strong>La Maruja<\/strong>, la ocupaci\u00f3n promedio fue del <strong>30%<\/strong>.<\/p>\n\n\n\n<p>En <strong>Eduardo Castex<\/strong>, la ocupaci\u00f3n hotelera promedi\u00f3 un <strong>80%<\/strong>. Se realizaron los carnavales en el polideportivo con buena convocatoria. Tambi\u00e9n hubo eventos privados de car\u00e1cter social que generaron pernoctaciones y consumos.<\/p>\n\n\n\n<p>En <strong>Winifreda<\/strong>, el Parque Acu\u00e1tico recibi\u00f3 unas <strong>2.500 personas<\/strong> durante el fin de semana largo. Los alojamientos alcanzaron una ocupaci\u00f3n promedio del <strong>85%<\/strong>.<\/p>\n\n\n\n<figure class=\"wp-block-image size-large\"><img fetchpriority=\"high\" decoding=\"async\" width=\"1024\" height=\"576\" src=\"https:\/\/diariotextual.com\/inicio\/wp-content\/uploads\/2026\/02\/carnavalespampeanos2026-1-1024x576.jpg\" alt=\"\" class=\"wp-image-319865\" srcset=\"https:\/\/diariotextual.com\/inicio\/wp-content\/uploads\/2026\/02\/carnavalespampeanos2026-1-1024x576.jpg 1024w, https:\/\/diariotextual.com\/inicio\/wp-content\/uploads\/2026\/02\/carnavalespampeanos2026-1-300x169.jpg 300w, https:\/\/diariotextual.com\/inicio\/wp-content\/uploads\/2026\/02\/carnavalespampeanos2026-1-768x432.jpg 768w, https:\/\/diariotextual.com\/inicio\/wp-content\/uploads\/2026\/02\/carnavalespampeanos2026-1-1536x864.jpg 1536w, https:\/\/diariotextual.com\/inicio\/wp-content\/uploads\/2026\/02\/carnavalespampeanos2026-1-1170x658.jpg 1170w, https:\/\/diariotextual.com\/inicio\/wp-content\/uploads\/2026\/02\/carnavalespampeanos2026-1-585x329.jpg 585w, https:\/\/diariotextual.com\/inicio\/wp-content\/uploads\/2026\/02\/carnavalespampeanos2026-1.jpg 1600w\" sizes=\"(max-width: 1024px) 100vw, 1024px\" \/><\/figure>\n\n\n\n<p>En <strong>Colonia Bar\u00f3n<\/strong>, el balneario recibi\u00f3 alrededor de <strong>500 personas<\/strong>. El camping registr\u00f3 <strong>320 acampantes<\/strong>. Tambi\u00e9n se realiz\u00f3 un baile de Carnaval con una participaci\u00f3n estimada en <strong>300 personas<\/strong>.<\/p>\n\n\n\n<p>En <strong>Quem\u00fa Quem\u00fa<\/strong> se desarroll\u00f3 el Encuentro de la Sociedad Rural en el Centro Gaucho <strong>Fort\u00edn Pampa<\/strong>, con una asistencia de unas <strong>2.500 personas<\/strong>.<\/p>\n\n\n\n<p>En <strong>Victorica<\/strong>, los alojamientos registraron una ocupaci\u00f3n promedio del <strong>70%<\/strong>. En el centro de informes tur\u00edsticos se recibieron pocas consultas.<\/p>\n\n\n\n<p>En <strong>Tel\u00e9n<\/strong>, se informaron unas <strong>240 personas<\/strong> en el Parque Acu\u00e1tico.<\/p>\n\n\n\n<p>En <strong>General Acha<\/strong>, el cierre del programa <strong>Noches de Verano<\/strong> se realiz\u00f3 con la plaza colmada, con una estimaci\u00f3n de <strong>6.000 personas<\/strong>. Adem\u00e1s, los carnavales reunieron a m\u00e1s de <strong>1.500 personas<\/strong> con artistas locales y regionales. Tambi\u00e9n se realiz\u00f3 el evento \u201c<strong>Noche del 2000<\/strong>\u201d, organizado por UPS! (boliche local), con show en vivo y una convocatoria estimada en <strong>400 personas<\/strong>. La ocupaci\u00f3n hotelera promedi\u00f3 el <strong>95%<\/strong>, con buen nivel de actividad gastron\u00f3mica.<\/p>\n\n\n\n<p>En <strong>Macach\u00edn<\/strong>, la ocupaci\u00f3n promedio fue del <strong>70%<\/strong>. Adem\u00e1s, se registraron visitas a <strong>Salinas Grandes<\/strong> y recorridos por el circuito cultural vasco.<\/p>\n\n\n\n<figure class=\"wp-block-image size-large\"><img decoding=\"async\" width=\"1024\" height=\"576\" src=\"https:\/\/diariotextual.com\/inicio\/wp-content\/uploads\/2026\/02\/carnavalespampeanos2026-2-1024x576.jpg\" alt=\"\" class=\"wp-image-319866\" srcset=\"https:\/\/diariotextual.com\/inicio\/wp-content\/uploads\/2026\/02\/carnavalespampeanos2026-2-1024x576.jpg 1024w, https:\/\/diariotextual.com\/inicio\/wp-content\/uploads\/2026\/02\/carnavalespampeanos2026-2-300x169.jpg 300w, https:\/\/diariotextual.com\/inicio\/wp-content\/uploads\/2026\/02\/carnavalespampeanos2026-2-768x432.jpg 768w, https:\/\/diariotextual.com\/inicio\/wp-content\/uploads\/2026\/02\/carnavalespampeanos2026-2-1536x864.jpg 1536w, https:\/\/diariotextual.com\/inicio\/wp-content\/uploads\/2026\/02\/carnavalespampeanos2026-2-1170x658.jpg 1170w, https:\/\/diariotextual.com\/inicio\/wp-content\/uploads\/2026\/02\/carnavalespampeanos2026-2-585x329.jpg 585w, https:\/\/diariotextual.com\/inicio\/wp-content\/uploads\/2026\/02\/carnavalespampeanos2026-2.jpg 1600w\" sizes=\"(max-width: 1024px) 100vw, 1024px\" \/><\/figure>\n\n\n\n<p><\/p>\n\n\n\n<p>En <strong>Alpachiri<\/strong>, los festejos de Carnaval reunieron a <strong>2.000 personas<\/strong>, con carrozas, murgas y un encuentro de artesanos y emprendedores. Tambi\u00e9n se realizaron shows musicales de <strong>Poca Soda<\/strong> y DJ <strong>Mocho<\/strong>.<\/p>\n\n\n\n<p>En <strong>Gobernador Duval<\/strong>, se registraron unos <strong>510 turistas<\/strong> en el balneario y el r\u00edo Colorado.<\/p>\n\n\n\n<p>En la villa tur\u00edstica <strong>Casa de Piedra<\/strong>, la ocupaci\u00f3n promedio fue del <strong>77%<\/strong>, con familias que disfrutaron de las playas.<\/p>\n\n\n\n<p>En <strong>25 de Mayo<\/strong>, se realizaron diversas actividades con alta participaci\u00f3n. El Encuentro de <strong>Mujeres Asadoras de Chivo 2026<\/strong> reuni\u00f3 a <strong>3.500 personas<\/strong>, mientras que los carnavales convocaron a unas <strong>5.500<\/strong>. En las oficinas de informes tur\u00edsticos se registraron consultas, principalmente por alojamiento y estado de rutas.<\/p>\n\n\n\n<p><\/p>\n","protected":false},"excerpt":{"rendered":"<p>Durante el fin de semana largo, distintas localidades de La Pampa realizaron festejos de carnaval con buena concurrencia y un movimiento tur\u00edstico, recreativo y sociocultural que aport\u00f3 al desarrollo local.&hellip;<\/p>\n","protected":false},"author":3,"featured_media":319868,"comment_status":"closed","ping_status":"open","sticky":false,"template":"","format":"standard","meta":{"_acf_changed":false,"footnotes":""},"categories":[1,12],"tags":[],"class_list":["post-319862","post","type-post","status-publish","format-standard","has-post-thumbnail","hentry","category-es-noticia","category-sociedad"],"acf":[],"yoast_head":"<!-- This site is optimized with the Yoast SEO plugin v27.5 - https:\/\/yoast.com\/product\/yoast-seo-wordpress\/ -->\n<title>Explosi\u00f3n de alegr\u00eda en toda la provincia: el carnaval empuj\u00f3 un buen fin de semana largo - Diario Textual<\/title>\n<meta name=\"robots\" content=\"index, follow, max-snippet:-1, max-image-preview:large, max-video-preview:-1\" \/>\n<link rel=\"canonical\" href=\"https:\/\/diariotextual.com\/inicio\/index.php\/2026\/02\/17\/explosion-de-alegria-en-toda-la-provincia-el-carnaval-empujaron-un-buen-fin-de-semana-largo\/\" \/>\n<meta property=\"og:locale\" content=\"es_ES\" \/>\n<meta property=\"og:type\" content=\"article\" \/>\n<meta property=\"og:title\" content=\"Explosi\u00f3n de alegr\u00eda en toda la provincia: el carnaval empuj\u00f3 un buen fin de semana largo - Diario Textual\" \/>\n<meta property=\"og:description\" content=\"Durante el fin de semana largo, distintas localidades de La Pampa realizaron festejos de carnaval con buena concurrencia y un movimiento tur\u00edstico, recreativo y sociocultural que aport\u00f3 al desarrollo local.&hellip;\" \/>\n<meta property=\"og:url\" content=\"https:\/\/diariotextual.com\/inicio\/index.php\/2026\/02\/17\/explosion-de-alegria-en-toda-la-provincia-el-carnaval-empujaron-un-buen-fin-de-semana-largo\/\" \/>\n<meta property=\"og:site_name\" content=\"Diario Textual\" \/>\n<meta property=\"article:publisher\" content=\"https:\/\/www.facebook.com\/eltextual\" \/>\n<meta property=\"article:published_time\" content=\"2026-02-18T00:25:42+00:00\" \/>\n<meta property=\"article:modified_time\" content=\"2026-02-18T09:41:56+00:00\" \/>\n<meta property=\"og:image\" content=\"https:\/\/diariotextual.com\/inicio\/wp-content\/uploads\/2026\/02\/carnavalespampeanos2026-3.jpg\" \/>\n\t<meta property=\"og:image:width\" content=\"1300\" \/>\n\t<meta property=\"og:image:height\" content=\"731\" \/>\n\t<meta property=\"og:image:type\" content=\"image\/jpeg\" \/>\n<meta name=\"author\" content=\"Diario1 Diario1\" \/>\n<meta name=\"twitter:card\" content=\"summary_large_image\" \/>\n<meta name=\"twitter:creator\" content=\"@eltextual\" \/>\n<meta name=\"twitter:site\" content=\"@eltextual\" \/>\n<meta name=\"twitter:label1\" content=\"Escrito por\" \/>\n\t<meta name=\"twitter:data1\" content=\"Diario1 Diario1\" \/>\n\t<meta name=\"twitter:label2\" content=\"Tiempo de lectura\" \/>\n\t<meta name=\"twitter:data2\" content=\"4 minutos\" \/>\n<script type=\"application\/ld+json\" class=\"yoast-schema-graph\">{\"@context\":\"https:\\\/\\\/schema.org\",\"@graph\":[{\"@type\":\"Article\",\"@id\":\"https:\\\/\\\/diariotextual.com\\\/inicio\\\/index.php\\\/2026\\\/02\\\/17\\\/explosion-de-alegria-en-toda-la-provincia-el-carnaval-empujaron-un-buen-fin-de-semana-largo\\\/#article\",\"isPartOf\":{\"@id\":\"https:\\\/\\\/diariotextual.com\\\/inicio\\\/index.php\\\/2026\\\/02\\\/17\\\/explosion-de-alegria-en-toda-la-provincia-el-carnaval-empujaron-un-buen-fin-de-semana-largo\\\/\"},\"author\":{\"name\":\"Diario1 Diario1\",\"@id\":\"https:\\\/\\\/diariotextual.com\\\/inicio\\\/#\\\/schema\\\/person\\\/418fc4093c33e86ed41562db3508f958\"},\"headline\":\"Explosi\u00f3n de alegr\u00eda en toda la provincia: el carnaval empuj\u00f3 un buen fin de semana largo\",\"datePublished\":\"2026-02-18T00:25:42+00:00\",\"dateModified\":\"2026-02-18T09:41:56+00:00\",\"mainEntityOfPage\":{\"@id\":\"https:\\\/\\\/diariotextual.com\\\/inicio\\\/index.php\\\/2026\\\/02\\\/17\\\/explosion-de-alegria-en-toda-la-provincia-el-carnaval-empujaron-un-buen-fin-de-semana-largo\\\/\"},\"wordCount\":656,\"publisher\":{\"@id\":\"https:\\\/\\\/diariotextual.com\\\/inicio\\\/#organization\"},\"image\":{\"@id\":\"https:\\\/\\\/diariotextual.com\\\/inicio\\\/index.php\\\/2026\\\/02\\\/17\\\/explosion-de-alegria-en-toda-la-provincia-el-carnaval-empujaron-un-buen-fin-de-semana-largo\\\/#primaryimage\"},\"thumbnailUrl\":\"https:\\\/\\\/diariotextual.com\\\/inicio\\\/wp-content\\\/uploads\\\/2026\\\/02\\\/carnavalespampeanos2026-3.jpg\",\"articleSection\":[\"A - ES NOTICIA (van abajo)\",\"SOCIEDAD\"],\"inLanguage\":\"es\"},{\"@type\":\"WebPage\",\"@id\":\"https:\\\/\\\/diariotextual.com\\\/inicio\\\/index.php\\\/2026\\\/02\\\/17\\\/explosion-de-alegria-en-toda-la-provincia-el-carnaval-empujaron-un-buen-fin-de-semana-largo\\\/\",\"url\":\"https:\\\/\\\/diariotextual.com\\\/inicio\\\/index.php\\\/2026\\\/02\\\/17\\\/explosion-de-alegria-en-toda-la-provincia-el-carnaval-empujaron-un-buen-fin-de-semana-largo\\\/\",\"name\":\"Explosi\u00f3n de alegr\u00eda en toda la provincia: el carnaval empuj\u00f3 un buen fin de semana largo - Diario Textual\",\"isPartOf\":{\"@id\":\"https:\\\/\\\/diariotextual.com\\\/inicio\\\/#website\"},\"primaryImageOfPage\":{\"@id\":\"https:\\\/\\\/diariotextual.com\\\/inicio\\\/index.php\\\/2026\\\/02\\\/17\\\/explosion-de-alegria-en-toda-la-provincia-el-carnaval-empujaron-un-buen-fin-de-semana-largo\\\/#primaryimage\"},\"image\":{\"@id\":\"https:\\\/\\\/diariotextual.com\\\/inicio\\\/index.php\\\/2026\\\/02\\\/17\\\/explosion-de-alegria-en-toda-la-provincia-el-carnaval-empujaron-un-buen-fin-de-semana-largo\\\/#primaryimage\"},\"thumbnailUrl\":\"https:\\\/\\\/diariotextual.com\\\/inicio\\\/wp-content\\\/uploads\\\/2026\\\/02\\\/carnavalespampeanos2026-3.jpg\",\"datePublished\":\"2026-02-18T00:25:42+00:00\",\"dateModified\":\"2026-02-18T09:41:56+00:00\",\"breadcrumb\":{\"@id\":\"https:\\\/\\\/diariotextual.com\\\/inicio\\\/index.php\\\/2026\\\/02\\\/17\\\/explosion-de-alegria-en-toda-la-provincia-el-carnaval-empujaron-un-buen-fin-de-semana-largo\\\/#breadcrumb\"},\"inLanguage\":\"es\",\"potentialAction\":[{\"@type\":\"ReadAction\",\"target\":[\"https:\\\/\\\/diariotextual.com\\\/inicio\\\/index.php\\\/2026\\\/02\\\/17\\\/explosion-de-alegria-en-toda-la-provincia-el-carnaval-empujaron-un-buen-fin-de-semana-largo\\\/\"]}]},{\"@type\":\"ImageObject\",\"inLanguage\":\"es\",\"@id\":\"https:\\\/\\\/diariotextual.com\\\/inicio\\\/index.php\\\/2026\\\/02\\\/17\\\/explosion-de-alegria-en-toda-la-provincia-el-carnaval-empujaron-un-buen-fin-de-semana-largo\\\/#primaryimage\",\"url\":\"https:\\\/\\\/diariotextual.com\\\/inicio\\\/wp-content\\\/uploads\\\/2026\\\/02\\\/carnavalespampeanos2026-3.jpg\",\"contentUrl\":\"https:\\\/\\\/diariotextual.com\\\/inicio\\\/wp-content\\\/uploads\\\/2026\\\/02\\\/carnavalespampeanos2026-3.jpg\",\"width\":1300,\"height\":731},{\"@type\":\"BreadcrumbList\",\"@id\":\"https:\\\/\\\/diariotextual.com\\\/inicio\\\/index.php\\\/2026\\\/02\\\/17\\\/explosion-de-alegria-en-toda-la-provincia-el-carnaval-empujaron-un-buen-fin-de-semana-largo\\\/#breadcrumb\",\"itemListElement\":[{\"@type\":\"ListItem\",\"position\":1,\"name\":\"Portada\",\"item\":\"https:\\\/\\\/diariotextual.com\\\/inicio\\\/\"},{\"@type\":\"ListItem\",\"position\":2,\"name\":\"Explosi\u00f3n de alegr\u00eda en toda la provincia: el carnaval empuj\u00f3 un buen fin de semana largo\"}]},{\"@type\":\"WebSite\",\"@id\":\"https:\\\/\\\/diariotextual.com\\\/inicio\\\/#website\",\"url\":\"https:\\\/\\\/diariotextual.com\\\/inicio\\\/\",\"name\":\"Diario Textual\",\"description\":\"\",\"publisher\":{\"@id\":\"https:\\\/\\\/diariotextual.com\\\/inicio\\\/#organization\"},\"potentialAction\":[{\"@type\":\"SearchAction\",\"target\":{\"@type\":\"EntryPoint\",\"urlTemplate\":\"https:\\\/\\\/diariotextual.com\\\/inicio\\\/?s={search_term_string}\"},\"query-input\":{\"@type\":\"PropertyValueSpecification\",\"valueRequired\":true,\"valueName\":\"search_term_string\"}}],\"inLanguage\":\"es\"},{\"@type\":\"Organization\",\"@id\":\"https:\\\/\\\/diariotextual.com\\\/inicio\\\/#organization\",\"name\":\"Diario Textual\",\"url\":\"https:\\\/\\\/diariotextual.com\\\/inicio\\\/\",\"logo\":{\"@type\":\"ImageObject\",\"inLanguage\":\"es\",\"@id\":\"https:\\\/\\\/diariotextual.com\\\/inicio\\\/#\\\/schema\\\/logo\\\/image\\\/\",\"url\":\"https:\\\/\\\/diariotextual.com\\\/inicio\\\/wp-content\\\/uploads\\\/2023\\\/05\\\/logotextual1.jpg\",\"contentUrl\":\"https:\\\/\\\/diariotextual.com\\\/inicio\\\/wp-content\\\/uploads\\\/2023\\\/05\\\/logotextual1.jpg\",\"width\":516,\"height\":76,\"caption\":\"Diario Textual\"},\"image\":{\"@id\":\"https:\\\/\\\/diariotextual.com\\\/inicio\\\/#\\\/schema\\\/logo\\\/image\\\/\"},\"sameAs\":[\"https:\\\/\\\/www.facebook.com\\\/eltextual\",\"https:\\\/\\\/x.com\\\/eltextual\",\"http:\\\/\\\/www.instagram.com\\\/eltextual\"]},{\"@type\":\"Person\",\"@id\":\"https:\\\/\\\/diariotextual.com\\\/inicio\\\/#\\\/schema\\\/person\\\/418fc4093c33e86ed41562db3508f958\",\"name\":\"Diario1 Diario1\",\"image\":{\"@type\":\"ImageObject\",\"inLanguage\":\"es\",\"@id\":\"https:\\\/\\\/secure.gravatar.com\\\/avatar\\\/9167d280179c85bc18be67aa7eda765854300033af4896dd779b608640f2ef7a?s=96&d=mm&r=g\",\"url\":\"https:\\\/\\\/secure.gravatar.com\\\/avatar\\\/9167d280179c85bc18be67aa7eda765854300033af4896dd779b608640f2ef7a?s=96&d=mm&r=g\",\"contentUrl\":\"https:\\\/\\\/secure.gravatar.com\\\/avatar\\\/9167d280179c85bc18be67aa7eda765854300033af4896dd779b608640f2ef7a?s=96&d=mm&r=g\",\"caption\":\"Diario1 Diario1\"},\"url\":\"https:\\\/\\\/diariotextual.com\\\/inicio\\\/index.php\\\/author\\\/diario1\\\/\"}]}<\/script>\n<!-- \/ Yoast SEO plugin. -->","yoast_head_json":{"title":"Explosi\u00f3n de alegr\u00eda en toda la provincia: el carnaval empuj\u00f3 un buen fin de semana largo - Diario Textual","robots":{"index":"index","follow":"follow","max-snippet":"max-snippet:-1","max-image-preview":"max-image-preview:large","max-video-preview":"max-video-preview:-1"},"canonical":"https:\/\/diariotextual.com\/inicio\/index.php\/2026\/02\/17\/explosion-de-alegria-en-toda-la-provincia-el-carnaval-empujaron-un-buen-fin-de-semana-largo\/","og_locale":"es_ES","og_type":"article","og_title":"Explosi\u00f3n de alegr\u00eda en toda la provincia: el carnaval empuj\u00f3 un buen fin de semana largo - Diario Textual","og_description":"Durante el fin de semana largo, distintas localidades de La Pampa realizaron festejos de carnaval con buena concurrencia y un movimiento tur\u00edstico, recreativo y sociocultural que aport\u00f3 al desarrollo local.&hellip;","og_url":"https:\/\/diariotextual.com\/inicio\/index.php\/2026\/02\/17\/explosion-de-alegria-en-toda-la-provincia-el-carnaval-empujaron-un-buen-fin-de-semana-largo\/","og_site_name":"Diario Textual","article_publisher":"https:\/\/www.facebook.com\/eltextual","article_published_time":"2026-02-18T00:25:42+00:00","article_modified_time":"2026-02-18T09:41:56+00:00","og_image":[{"width":1300,"height":731,"url":"https:\/\/diariotextual.com\/inicio\/wp-content\/uploads\/2026\/02\/carnavalespampeanos2026-3.jpg","type":"image\/jpeg"}],"author":"Diario1 Diario1","twitter_card":"summary_large_image","twitter_creator":"@eltextual","twitter_site":"@eltextual","twitter_misc":{"Escrito por":"Diario1 Diario1","Tiempo de lectura":"4 minutos"},"schema":{"@context":"https:\/\/schema.org","@graph":[{"@type":"Article","@id":"https:\/\/diariotextual.com\/inicio\/index.php\/2026\/02\/17\/explosion-de-alegria-en-toda-la-provincia-el-carnaval-empujaron-un-buen-fin-de-semana-largo\/#article","isPartOf":{"@id":"https:\/\/diariotextual.com\/inicio\/index.php\/2026\/02\/17\/explosion-de-alegria-en-toda-la-provincia-el-carnaval-empujaron-un-buen-fin-de-semana-largo\/"},"author":{"name":"Diario1 Diario1","@id":"https:\/\/diariotextual.com\/inicio\/#\/schema\/person\/418fc4093c33e86ed41562db3508f958"},"headline":"Explosi\u00f3n de alegr\u00eda en toda la provincia: el carnaval empuj\u00f3 un buen fin de semana largo","datePublished":"2026-02-18T00:25:42+00:00","dateModified":"2026-02-18T09:41:56+00:00","mainEntityOfPage":{"@id":"https:\/\/diariotextual.com\/inicio\/index.php\/2026\/02\/17\/explosion-de-alegria-en-toda-la-provincia-el-carnaval-empujaron-un-buen-fin-de-semana-largo\/"},"wordCount":656,"publisher":{"@id":"https:\/\/diariotextual.com\/inicio\/#organization"},"image":{"@id":"https:\/\/diariotextual.com\/inicio\/index.php\/2026\/02\/17\/explosion-de-alegria-en-toda-la-provincia-el-carnaval-empujaron-un-buen-fin-de-semana-largo\/#primaryimage"},"thumbnailUrl":"https:\/\/diariotextual.com\/inicio\/wp-content\/uploads\/2026\/02\/carnavalespampeanos2026-3.jpg","articleSection":["A - ES NOTICIA (van abajo)","SOCIEDAD"],"inLanguage":"es"},{"@type":"WebPage","@id":"https:\/\/diariotextual.com\/inicio\/index.php\/2026\/02\/17\/explosion-de-alegria-en-toda-la-provincia-el-carnaval-empujaron-un-buen-fin-de-semana-largo\/","url":"https:\/\/diariotextual.com\/inicio\/index.php\/2026\/02\/17\/explosion-de-alegria-en-toda-la-provincia-el-carnaval-empujaron-un-buen-fin-de-semana-largo\/","name":"Explosi\u00f3n de alegr\u00eda en toda la provincia: el carnaval empuj\u00f3 un buen fin de semana largo - Diario Textual","isPartOf":{"@id":"https:\/\/diariotextual.com\/inicio\/#website"},"primaryImageOfPage":{"@id":"https:\/\/diariotextual.com\/inicio\/index.php\/2026\/02\/17\/explosion-de-alegria-en-toda-la-provincia-el-carnaval-empujaron-un-buen-fin-de-semana-largo\/#primaryimage"},"image":{"@id":"https:\/\/diariotextual.com\/inicio\/index.php\/2026\/02\/17\/explosion-de-alegria-en-toda-la-provincia-el-carnaval-empujaron-un-buen-fin-de-semana-largo\/#primaryimage"},"thumbnailUrl":"https:\/\/diariotextual.com\/inicio\/wp-content\/uploads\/2026\/02\/carnavalespampeanos2026-3.jpg","datePublished":"2026-02-18T00:25:42+00:00","dateModified":"2026-02-18T09:41:56+00:00","breadcrumb":{"@id":"https:\/\/diariotextual.com\/inicio\/index.php\/2026\/02\/17\/explosion-de-alegria-en-toda-la-provincia-el-carnaval-empujaron-un-buen-fin-de-semana-largo\/#breadcrumb"},"inLanguage":"es","potentialAction":[{"@type":"ReadAction","target":["https:\/\/diariotextual.com\/inicio\/index.php\/2026\/02\/17\/explosion-de-alegria-en-toda-la-provincia-el-carnaval-empujaron-un-buen-fin-de-semana-largo\/"]}]},{"@type":"ImageObject","inLanguage":"es","@id":"https:\/\/diariotextual.com\/inicio\/index.php\/2026\/02\/17\/explosion-de-alegria-en-toda-la-provincia-el-carnaval-empujaron-un-buen-fin-de-semana-largo\/#primaryimage","url":"https:\/\/diariotextual.com\/inicio\/wp-content\/uploads\/2026\/02\/carnavalespampeanos2026-3.jpg","contentUrl":"https:\/\/diariotextual.com\/inicio\/wp-content\/uploads\/2026\/02\/carnavalespampeanos2026-3.jpg","width":1300,"height":731},{"@type":"BreadcrumbList","@id":"https:\/\/diariotextual.com\/inicio\/index.php\/2026\/02\/17\/explosion-de-alegria-en-toda-la-provincia-el-carnaval-empujaron-un-buen-fin-de-semana-largo\/#breadcrumb","itemListElement":[{"@type":"ListItem","position":1,"name":"Portada","item":"https:\/\/diariotextual.com\/inicio\/"},{"@type":"ListItem","position":2,"name":"Explosi\u00f3n de alegr\u00eda en toda la provincia: el carnaval empuj\u00f3 un buen fin de semana largo"}]},{"@type":"WebSite","@id":"https:\/\/diariotextual.com\/inicio\/#website","url":"https:\/\/diariotextual.com\/inicio\/","name":"Diario Textual","description":"","publisher":{"@id":"https:\/\/diariotextual.com\/inicio\/#organization"},"potentialAction":[{"@type":"SearchAction","target":{"@type":"EntryPoint","urlTemplate":"https:\/\/diariotextual.com\/inicio\/?s={search_term_string}"},"query-input":{"@type":"PropertyValueSpecification","valueRequired":true,"valueName":"search_term_string"}}],"inLanguage":"es"},{"@type":"Organization","@id":"https:\/\/diariotextual.com\/inicio\/#organization","name":"Diario Textual","url":"https:\/\/diariotextual.com\/inicio\/","logo":{"@type":"ImageObject","inLanguage":"es","@id":"https:\/\/diariotextual.com\/inicio\/#\/schema\/logo\/image\/","url":"https:\/\/diariotextual.com\/inicio\/wp-content\/uploads\/2023\/05\/logotextual1.jpg","contentUrl":"https:\/\/diariotextual.com\/inicio\/wp-content\/uploads\/2023\/05\/logotextual1.jpg","width":516,"height":76,"caption":"Diario Textual"},"image":{"@id":"https:\/\/diariotextual.com\/inicio\/#\/schema\/logo\/image\/"},"sameAs":["https:\/\/www.facebook.com\/eltextual","https:\/\/x.com\/eltextual","http:\/\/www.instagram.com\/eltextual"]},{"@type":"Person","@id":"https:\/\/diariotextual.com\/inicio\/#\/schema\/person\/418fc4093c33e86ed41562db3508f958","name":"Diario1 Diario1","image":{"@type":"ImageObject","inLanguage":"es","@id":"https:\/\/secure.gravatar.com\/avatar\/9167d280179c85bc18be67aa7eda765854300033af4896dd779b608640f2ef7a?s=96&d=mm&r=g","url":"https:\/\/secure.gravatar.com\/avatar\/9167d280179c85bc18be67aa7eda765854300033af4896dd779b608640f2ef7a?s=96&d=mm&r=g","contentUrl":"https:\/\/secure.gravatar.com\/avatar\/9167d280179c85bc18be67aa7eda765854300033af4896dd779b608640f2ef7a?s=96&d=mm&r=g","caption":"Diario1 Diario1"},"url":"https:\/\/diariotextual.com\/inicio\/index.php\/author\/diario1\/"}]}},"_links":{"self":[{"href":"https:\/\/diariotextual.com\/inicio\/index.php\/wp-json\/wp\/v2\/posts\/319862","targetHints":{"allow":["GET"]}}],"collection":[{"href":"https:\/\/diariotextual.com\/inicio\/index.php\/wp-json\/wp\/v2\/posts"}],"about":[{"href":"https:\/\/diariotextual.com\/inicio\/index.php\/wp-json\/wp\/v2\/types\/post"}],"author":[{"embeddable":true,"href":"https:\/\/diariotextual.com\/inicio\/index.php\/wp-json\/wp\/v2\/users\/3"}],"replies":[{"embeddable":true,"href":"https:\/\/diariotextual.com\/inicio\/index.php\/wp-json\/wp\/v2\/comments?post=319862"}],"version-history":[{"count":5,"href":"https:\/\/diariotextual.com\/inicio\/index.php\/wp-json\/wp\/v2\/posts\/319862\/revisions"}],"predecessor-version":[{"id":319870,"href":"https:\/\/diariotextual.com\/inicio\/index.php\/wp-json\/wp\/v2\/posts\/319862\/revisions\/319870"}],"wp:featuredmedia":[{"embeddable":true,"href":"https:\/\/diariotextual.com\/inicio\/index.php\/wp-json\/wp\/v2\/media\/319868"}],"wp:attachment":[{"href":"https:\/\/diariotextual.com\/inicio\/index.php\/wp-json\/wp\/v2\/media?parent=319862"}],"wp:term":[{"taxonomy":"category","embeddable":true,"href":"https:\/\/diariotextual.com\/inicio\/index.php\/wp-json\/wp\/v2\/categories?post=319862"},{"taxonomy":"post_tag","embeddable":true,"href":"https:\/\/diariotextual.com\/inicio\/index.php\/wp-json\/wp\/v2\/tags?post=319862"}],"curies":[{"name":"wp","href":"https:\/\/api.w.org\/{rel}","templated":true}]}}