{"id":319876,"date":"2026-02-18T07:00:17","date_gmt":"2026-02-18T10:00:17","guid":{"rendered":"https:\/\/diariotextual.com\/inicio\/?p=319876"},"modified":"2026-02-18T07:00:19","modified_gmt":"2026-02-18T10:00:19","slug":"diputados-piden-explicaciones-por-la-contratacion-de-cancilleria-a-la-asociacion-de-la-esposa-de-sturzenegger","status":"publish","type":"post","link":"https:\/\/diariotextual.com\/inicio\/index.php\/2026\/02\/18\/diputados-piden-explicaciones-por-la-contratacion-de-cancilleria-a-la-asociacion-de-la-esposa-de-sturzenegger\/","title":{"rendered":"Diputados piden explicaciones por la contrataci\u00f3n de Canciller\u00eda\u00a0a la asociaci\u00f3n de la esposa de Sturzenegger"},"content":{"rendered":"\n<p>Un proyecto presentado en la C\u00e1mara de Diputados reclama al Poder Ejecutivo que remita \u201cen forma urgente y detallada\u201d toda la informaci\u00f3n y documentaci\u00f3n respaldatoria de la contrataci\u00f3n millonaria de la asociaci\u00f3n que preside la esposa del ministro<strong> Federico Sturzenegger.<\/strong> Concretamente, de la contrataci\u00f3n aprobada por la\u00a0<strong>Disposici\u00f3n DI-2026-21-APN-SSCYAE#MRE<\/strong>, vinculada a la\u00a0<strong>Adjudicaci\u00f3n Simple por Especialidad N\u00b0 26-0033-CDI25<\/strong>\u00a0para capacitaci\u00f3n en idioma ingl\u00e9s del personal de Canciller\u00eda.<\/p>\n\n\n\n<p>Seg\u00fan supo la <strong>Agencia Noticias Argentinas<\/strong>, la iniciativa solicita, entre otros puntos, el n\u00famero completo de expediente, la normativa invocada y los fundamentos t\u00e9cnicos y jur\u00eddicos que justificaron encuadrar el procedimiento en el art\u00edculo 25 inciso d) apartado 2 del Decreto 1023\/01, adem\u00e1s de fechas clave (convocatoria, apertura, adjudicaci\u00f3n) y la emisi\u00f3n de la orden de compra.<\/p>\n\n\n\n<p>Tambi\u00e9n pide conocer si el Ministerio realiz\u00f3&nbsp;<strong>estudios comparativos o relevamientos<\/strong>&nbsp;para sostener el supuesto de \u201cespecialidad\u201d y la&nbsp;<strong>inexistencia de otros prestadores id\u00f3neos<\/strong>, as\u00ed como la identificaci\u00f3n completa del adjudicatario, autoridades vigentes y antecedentes contractuales con Canciller\u00eda en los \u00faltimos diez a\u00f1os.<\/p>\n\n\n\n<p>En los fundamentos, la diputada&nbsp;<strong>Roxana Monz\u00f3n<\/strong>&nbsp;sostiene que la contrataci\u00f3n adjudic\u00f3&nbsp;<strong>$114.044.133<\/strong>&nbsp;a la&nbsp;<strong>Asociaci\u00f3n Argentina de Cultura Inglesa (CUIT 30-52550539-8)<\/strong>&nbsp;por&nbsp;<strong>nueve meses<\/strong>, con opci\u00f3n de pr\u00f3rroga por un per\u00edodo equivalente.<\/p>\n\n\n\n<p>El texto agrega que, seg\u00fan el acto administrativo, se justific\u00f3 la decisi\u00f3n bajo el argumento de que la entidad ser\u00eda el&nbsp;<strong>\u201c\u00fanico prestador\u201d<\/strong>&nbsp;capaz de garantizar la continuidad de un plan de capacitaci\u00f3n iniciado en 2018 y desarrollado durante ocho a\u00f1os.<\/p>\n\n\n\n<p>En ese marco, el proyecto menciona la controversia p\u00fablica: se\u00f1ala que \u201cdistintos medios period\u00edsticos\u201d informaron que la AACI es presidida por&nbsp;<strong>Mar\u00eda Josefina Rouillet<\/strong>, esposa del ministro&nbsp;<strong>Federico Sturzenegger<\/strong>, y afirma que las actuaciones administrativas reconocen la existencia de un&nbsp;<strong>\u201cv\u00ednculo positivo\u201d<\/strong>&nbsp;entre una de las directoras de la asociaci\u00f3n y el ministro.<\/p>\n\n\n\n<p><strong>La resoluci\u00f3n subraya que se trat\u00f3 de un procedimiento de excepci\u00f3n que \u201crestringe la concurrencia y competencia\u201d y reclama conocer los criterios t\u00e9cnicos concretos que sostuvieron la supuesta falta de oferentes alternativos, al tratarse \u2014seg\u00fan plantea\u2014 de un servicio educativo con amplia oferta en el mercado.<\/strong><\/p>\n\n\n\n<p>Finalmente, el texto pone el foco en el contexto fiscal (\u201cno hay plata\u201d) y contrapone el gasto comprometido \u2014imputado a 2026\u2014 con el deterioro presupuestario de \u00e1reas sensibles, para cerrar con un pedido de&nbsp;<strong>transparencia<\/strong>&nbsp;y acceso p\u00fablico a los criterios, montos y fundamentos de la contrataci\u00f3n.<\/p>\n\n\n\n<p><\/p>\n","protected":false},"excerpt":{"rendered":"<p>Un proyecto presentado en la C\u00e1mara de Diputados reclama al Poder Ejecutivo que remita \u201cen forma urgente y detallada\u201d toda la informaci\u00f3n y documentaci\u00f3n respaldatoria de la contrataci\u00f3n millonaria de&hellip;<\/p>\n","protected":false},"author":3,"featured_media":290361,"comment_status":"closed","ping_status":"open","sticky":false,"template":"","format":"standard","meta":{"_acf_changed":false,"footnotes":""},"categories":[1,8],"tags":[],"class_list":["post-319876","post","type-post","status-publish","format-standard","has-post-thumbnail","hentry","category-es-noticia","category-politica"],"acf":[],"yoast_head":"<!-- This site is optimized with the Yoast SEO plugin v27.5 - https:\/\/yoast.com\/product\/yoast-seo-wordpress\/ -->\n<title>Diputados piden explicaciones por la contrataci\u00f3n de Canciller\u00eda\u00a0a la asociaci\u00f3n de la esposa de Sturzenegger - Diario Textual<\/title>\n<meta name=\"robots\" content=\"index, follow, max-snippet:-1, max-image-preview:large, max-video-preview:-1\" \/>\n<link rel=\"canonical\" href=\"https:\/\/diariotextual.com\/inicio\/index.php\/2026\/02\/18\/diputados-piden-explicaciones-por-la-contratacion-de-cancilleria-a-la-asociacion-de-la-esposa-de-sturzenegger\/\" \/>\n<meta property=\"og:locale\" content=\"es_ES\" \/>\n<meta property=\"og:type\" content=\"article\" \/>\n<meta property=\"og:title\" content=\"Diputados piden explicaciones por la contrataci\u00f3n de Canciller\u00eda\u00a0a la asociaci\u00f3n de la esposa de Sturzenegger - Diario Textual\" \/>\n<meta property=\"og:description\" content=\"Un proyecto presentado en la C\u00e1mara de Diputados reclama al Poder Ejecutivo que remita \u201cen forma urgente y detallada\u201d toda la informaci\u00f3n y documentaci\u00f3n respaldatoria de la contrataci\u00f3n millonaria de&hellip;\" \/>\n<meta property=\"og:url\" content=\"https:\/\/diariotextual.com\/inicio\/index.php\/2026\/02\/18\/diputados-piden-explicaciones-por-la-contratacion-de-cancilleria-a-la-asociacion-de-la-esposa-de-sturzenegger\/\" \/>\n<meta property=\"og:site_name\" content=\"Diario Textual\" \/>\n<meta property=\"article:publisher\" content=\"https:\/\/www.facebook.com\/eltextual\" \/>\n<meta property=\"article:published_time\" content=\"2026-02-18T10:00:17+00:00\" \/>\n<meta property=\"article:modified_time\" content=\"2026-02-18T10:00:19+00:00\" \/>\n<meta property=\"og:image\" content=\"https:\/\/diariotextual.com\/inicio\/wp-content\/uploads\/2025\/03\/sturzeneggerfederico2025-0011.webp\" \/>\n\t<meta property=\"og:image:width\" content=\"1200\" \/>\n\t<meta property=\"og:image:height\" content=\"675\" \/>\n\t<meta property=\"og:image:type\" content=\"image\/webp\" \/>\n<meta name=\"author\" content=\"Diario1 Diario1\" \/>\n<meta name=\"twitter:card\" content=\"summary_large_image\" \/>\n<meta name=\"twitter:creator\" content=\"@eltextual\" \/>\n<meta name=\"twitter:site\" content=\"@eltextual\" \/>\n<meta name=\"twitter:label1\" content=\"Escrito por\" \/>\n\t<meta name=\"twitter:data1\" content=\"Diario1 Diario1\" \/>\n\t<meta name=\"twitter:label2\" content=\"Tiempo de lectura\" \/>\n\t<meta name=\"twitter:data2\" content=\"2 minutos\" \/>\n<script type=\"application\/ld+json\" class=\"yoast-schema-graph\">{\"@context\":\"https:\\\/\\\/schema.org\",\"@graph\":[{\"@type\":\"Article\",\"@id\":\"https:\\\/\\\/diariotextual.com\\\/inicio\\\/index.php\\\/2026\\\/02\\\/18\\\/diputados-piden-explicaciones-por-la-contratacion-de-cancilleria-a-la-asociacion-de-la-esposa-de-sturzenegger\\\/#article\",\"isPartOf\":{\"@id\":\"https:\\\/\\\/diariotextual.com\\\/inicio\\\/index.php\\\/2026\\\/02\\\/18\\\/diputados-piden-explicaciones-por-la-contratacion-de-cancilleria-a-la-asociacion-de-la-esposa-de-sturzenegger\\\/\"},\"author\":{\"name\":\"Diario1 Diario1\",\"@id\":\"https:\\\/\\\/diariotextual.com\\\/inicio\\\/#\\\/schema\\\/person\\\/418fc4093c33e86ed41562db3508f958\"},\"headline\":\"Diputados piden explicaciones por la contrataci\u00f3n de Canciller\u00eda\u00a0a la asociaci\u00f3n de la esposa de Sturzenegger\",\"datePublished\":\"2026-02-18T10:00:17+00:00\",\"dateModified\":\"2026-02-18T10:00:19+00:00\",\"mainEntityOfPage\":{\"@id\":\"https:\\\/\\\/diariotextual.com\\\/inicio\\\/index.php\\\/2026\\\/02\\\/18\\\/diputados-piden-explicaciones-por-la-contratacion-de-cancilleria-a-la-asociacion-de-la-esposa-de-sturzenegger\\\/\"},\"wordCount\":470,\"publisher\":{\"@id\":\"https:\\\/\\\/diariotextual.com\\\/inicio\\\/#organization\"},\"image\":{\"@id\":\"https:\\\/\\\/diariotextual.com\\\/inicio\\\/index.php\\\/2026\\\/02\\\/18\\\/diputados-piden-explicaciones-por-la-contratacion-de-cancilleria-a-la-asociacion-de-la-esposa-de-sturzenegger\\\/#primaryimage\"},\"thumbnailUrl\":\"https:\\\/\\\/diariotextual.com\\\/inicio\\\/wp-content\\\/uploads\\\/2025\\\/03\\\/sturzeneggerfederico2025-0011.webp\",\"articleSection\":[\"A - ES NOTICIA (van abajo)\",\"POLITICA\"],\"inLanguage\":\"es\"},{\"@type\":\"WebPage\",\"@id\":\"https:\\\/\\\/diariotextual.com\\\/inicio\\\/index.php\\\/2026\\\/02\\\/18\\\/diputados-piden-explicaciones-por-la-contratacion-de-cancilleria-a-la-asociacion-de-la-esposa-de-sturzenegger\\\/\",\"url\":\"https:\\\/\\\/diariotextual.com\\\/inicio\\\/index.php\\\/2026\\\/02\\\/18\\\/diputados-piden-explicaciones-por-la-contratacion-de-cancilleria-a-la-asociacion-de-la-esposa-de-sturzenegger\\\/\",\"name\":\"Diputados piden explicaciones por la contrataci\u00f3n de Canciller\u00eda\u00a0a la asociaci\u00f3n de la esposa de Sturzenegger - Diario Textual\",\"isPartOf\":{\"@id\":\"https:\\\/\\\/diariotextual.com\\\/inicio\\\/#website\"},\"primaryImageOfPage\":{\"@id\":\"https:\\\/\\\/diariotextual.com\\\/inicio\\\/index.php\\\/2026\\\/02\\\/18\\\/diputados-piden-explicaciones-por-la-contratacion-de-cancilleria-a-la-asociacion-de-la-esposa-de-sturzenegger\\\/#primaryimage\"},\"image\":{\"@id\":\"https:\\\/\\\/diariotextual.com\\\/inicio\\\/index.php\\\/2026\\\/02\\\/18\\\/diputados-piden-explicaciones-por-la-contratacion-de-cancilleria-a-la-asociacion-de-la-esposa-de-sturzenegger\\\/#primaryimage\"},\"thumbnailUrl\":\"https:\\\/\\\/diariotextual.com\\\/inicio\\\/wp-content\\\/uploads\\\/2025\\\/03\\\/sturzeneggerfederico2025-0011.webp\",\"datePublished\":\"2026-02-18T10:00:17+00:00\",\"dateModified\":\"2026-02-18T10:00:19+00:00\",\"breadcrumb\":{\"@id\":\"https:\\\/\\\/diariotextual.com\\\/inicio\\\/index.php\\\/2026\\\/02\\\/18\\\/diputados-piden-explicaciones-por-la-contratacion-de-cancilleria-a-la-asociacion-de-la-esposa-de-sturzenegger\\\/#breadcrumb\"},\"inLanguage\":\"es\",\"potentialAction\":[{\"@type\":\"ReadAction\",\"target\":[\"https:\\\/\\\/diariotextual.com\\\/inicio\\\/index.php\\\/2026\\\/02\\\/18\\\/diputados-piden-explicaciones-por-la-contratacion-de-cancilleria-a-la-asociacion-de-la-esposa-de-sturzenegger\\\/\"]}]},{\"@type\":\"ImageObject\",\"inLanguage\":\"es\",\"@id\":\"https:\\\/\\\/diariotextual.com\\\/inicio\\\/index.php\\\/2026\\\/02\\\/18\\\/diputados-piden-explicaciones-por-la-contratacion-de-cancilleria-a-la-asociacion-de-la-esposa-de-sturzenegger\\\/#primaryimage\",\"url\":\"https:\\\/\\\/diariotextual.com\\\/inicio\\\/wp-content\\\/uploads\\\/2025\\\/03\\\/sturzeneggerfederico2025-0011.webp\",\"contentUrl\":\"https:\\\/\\\/diariotextual.com\\\/inicio\\\/wp-content\\\/uploads\\\/2025\\\/03\\\/sturzeneggerfederico2025-0011.webp\",\"width\":1200,\"height\":675},{\"@type\":\"BreadcrumbList\",\"@id\":\"https:\\\/\\\/diariotextual.com\\\/inicio\\\/index.php\\\/2026\\\/02\\\/18\\\/diputados-piden-explicaciones-por-la-contratacion-de-cancilleria-a-la-asociacion-de-la-esposa-de-sturzenegger\\\/#breadcrumb\",\"itemListElement\":[{\"@type\":\"ListItem\",\"position\":1,\"name\":\"Portada\",\"item\":\"https:\\\/\\\/diariotextual.com\\\/inicio\\\/\"},{\"@type\":\"ListItem\",\"position\":2,\"name\":\"Diputados piden explicaciones por la contrataci\u00f3n de Canciller\u00eda\u00a0a la asociaci\u00f3n de la esposa de Sturzenegger\"}]},{\"@type\":\"WebSite\",\"@id\":\"https:\\\/\\\/diariotextual.com\\\/inicio\\\/#website\",\"url\":\"https:\\\/\\\/diariotextual.com\\\/inicio\\\/\",\"name\":\"Diario Textual\",\"description\":\"\",\"publisher\":{\"@id\":\"https:\\\/\\\/diariotextual.com\\\/inicio\\\/#organization\"},\"potentialAction\":[{\"@type\":\"SearchAction\",\"target\":{\"@type\":\"EntryPoint\",\"urlTemplate\":\"https:\\\/\\\/diariotextual.com\\\/inicio\\\/?s={search_term_string}\"},\"query-input\":{\"@type\":\"PropertyValueSpecification\",\"valueRequired\":true,\"valueName\":\"search_term_string\"}}],\"inLanguage\":\"es\"},{\"@type\":\"Organization\",\"@id\":\"https:\\\/\\\/diariotextual.com\\\/inicio\\\/#organization\",\"name\":\"Diario Textual\",\"url\":\"https:\\\/\\\/diariotextual.com\\\/inicio\\\/\",\"logo\":{\"@type\":\"ImageObject\",\"inLanguage\":\"es\",\"@id\":\"https:\\\/\\\/diariotextual.com\\\/inicio\\\/#\\\/schema\\\/logo\\\/image\\\/\",\"url\":\"https:\\\/\\\/diariotextual.com\\\/inicio\\\/wp-content\\\/uploads\\\/2023\\\/05\\\/logotextual1.jpg\",\"contentUrl\":\"https:\\\/\\\/diariotextual.com\\\/inicio\\\/wp-content\\\/uploads\\\/2023\\\/05\\\/logotextual1.jpg\",\"width\":516,\"height\":76,\"caption\":\"Diario Textual\"},\"image\":{\"@id\":\"https:\\\/\\\/diariotextual.com\\\/inicio\\\/#\\\/schema\\\/logo\\\/image\\\/\"},\"sameAs\":[\"https:\\\/\\\/www.facebook.com\\\/eltextual\",\"https:\\\/\\\/x.com\\\/eltextual\",\"http:\\\/\\\/www.instagram.com\\\/eltextual\"]},{\"@type\":\"Person\",\"@id\":\"https:\\\/\\\/diariotextual.com\\\/inicio\\\/#\\\/schema\\\/person\\\/418fc4093c33e86ed41562db3508f958\",\"name\":\"Diario1 Diario1\",\"image\":{\"@type\":\"ImageObject\",\"inLanguage\":\"es\",\"@id\":\"https:\\\/\\\/secure.gravatar.com\\\/avatar\\\/9167d280179c85bc18be67aa7eda765854300033af4896dd779b608640f2ef7a?s=96&d=mm&r=g\",\"url\":\"https:\\\/\\\/secure.gravatar.com\\\/avatar\\\/9167d280179c85bc18be67aa7eda765854300033af4896dd779b608640f2ef7a?s=96&d=mm&r=g\",\"contentUrl\":\"https:\\\/\\\/secure.gravatar.com\\\/avatar\\\/9167d280179c85bc18be67aa7eda765854300033af4896dd779b608640f2ef7a?s=96&d=mm&r=g\",\"caption\":\"Diario1 Diario1\"},\"url\":\"https:\\\/\\\/diariotextual.com\\\/inicio\\\/index.php\\\/author\\\/diario1\\\/\"}]}<\/script>\n<!-- \/ Yoast SEO plugin. -->","yoast_head_json":{"title":"Diputados piden explicaciones por la contrataci\u00f3n de Canciller\u00eda\u00a0a la asociaci\u00f3n de la esposa de Sturzenegger - Diario Textual","robots":{"index":"index","follow":"follow","max-snippet":"max-snippet:-1","max-image-preview":"max-image-preview:large","max-video-preview":"max-video-preview:-1"},"canonical":"https:\/\/diariotextual.com\/inicio\/index.php\/2026\/02\/18\/diputados-piden-explicaciones-por-la-contratacion-de-cancilleria-a-la-asociacion-de-la-esposa-de-sturzenegger\/","og_locale":"es_ES","og_type":"article","og_title":"Diputados piden explicaciones por la contrataci\u00f3n de Canciller\u00eda\u00a0a la asociaci\u00f3n de la esposa de Sturzenegger - Diario Textual","og_description":"Un proyecto presentado en la C\u00e1mara de Diputados reclama al Poder Ejecutivo que remita \u201cen forma urgente y detallada\u201d toda la informaci\u00f3n y documentaci\u00f3n respaldatoria de la contrataci\u00f3n millonaria de&hellip;","og_url":"https:\/\/diariotextual.com\/inicio\/index.php\/2026\/02\/18\/diputados-piden-explicaciones-por-la-contratacion-de-cancilleria-a-la-asociacion-de-la-esposa-de-sturzenegger\/","og_site_name":"Diario Textual","article_publisher":"https:\/\/www.facebook.com\/eltextual","article_published_time":"2026-02-18T10:00:17+00:00","article_modified_time":"2026-02-18T10:00:19+00:00","og_image":[{"width":1200,"height":675,"url":"https:\/\/diariotextual.com\/inicio\/wp-content\/uploads\/2025\/03\/sturzeneggerfederico2025-0011.webp","type":"image\/webp"}],"author":"Diario1 Diario1","twitter_card":"summary_large_image","twitter_creator":"@eltextual","twitter_site":"@eltextual","twitter_misc":{"Escrito por":"Diario1 Diario1","Tiempo de lectura":"2 minutos"},"schema":{"@context":"https:\/\/schema.org","@graph":[{"@type":"Article","@id":"https:\/\/diariotextual.com\/inicio\/index.php\/2026\/02\/18\/diputados-piden-explicaciones-por-la-contratacion-de-cancilleria-a-la-asociacion-de-la-esposa-de-sturzenegger\/#article","isPartOf":{"@id":"https:\/\/diariotextual.com\/inicio\/index.php\/2026\/02\/18\/diputados-piden-explicaciones-por-la-contratacion-de-cancilleria-a-la-asociacion-de-la-esposa-de-sturzenegger\/"},"author":{"name":"Diario1 Diario1","@id":"https:\/\/diariotextual.com\/inicio\/#\/schema\/person\/418fc4093c33e86ed41562db3508f958"},"headline":"Diputados piden explicaciones por la contrataci\u00f3n de Canciller\u00eda\u00a0a la asociaci\u00f3n de la esposa de Sturzenegger","datePublished":"2026-02-18T10:00:17+00:00","dateModified":"2026-02-18T10:00:19+00:00","mainEntityOfPage":{"@id":"https:\/\/diariotextual.com\/inicio\/index.php\/2026\/02\/18\/diputados-piden-explicaciones-por-la-contratacion-de-cancilleria-a-la-asociacion-de-la-esposa-de-sturzenegger\/"},"wordCount":470,"publisher":{"@id":"https:\/\/diariotextual.com\/inicio\/#organization"},"image":{"@id":"https:\/\/diariotextual.com\/inicio\/index.php\/2026\/02\/18\/diputados-piden-explicaciones-por-la-contratacion-de-cancilleria-a-la-asociacion-de-la-esposa-de-sturzenegger\/#primaryimage"},"thumbnailUrl":"https:\/\/diariotextual.com\/inicio\/wp-content\/uploads\/2025\/03\/sturzeneggerfederico2025-0011.webp","articleSection":["A - ES NOTICIA (van abajo)","POLITICA"],"inLanguage":"es"},{"@type":"WebPage","@id":"https:\/\/diariotextual.com\/inicio\/index.php\/2026\/02\/18\/diputados-piden-explicaciones-por-la-contratacion-de-cancilleria-a-la-asociacion-de-la-esposa-de-sturzenegger\/","url":"https:\/\/diariotextual.com\/inicio\/index.php\/2026\/02\/18\/diputados-piden-explicaciones-por-la-contratacion-de-cancilleria-a-la-asociacion-de-la-esposa-de-sturzenegger\/","name":"Diputados piden explicaciones por la contrataci\u00f3n de Canciller\u00eda\u00a0a la asociaci\u00f3n de la esposa de Sturzenegger - Diario Textual","isPartOf":{"@id":"https:\/\/diariotextual.com\/inicio\/#website"},"primaryImageOfPage":{"@id":"https:\/\/diariotextual.com\/inicio\/index.php\/2026\/02\/18\/diputados-piden-explicaciones-por-la-contratacion-de-cancilleria-a-la-asociacion-de-la-esposa-de-sturzenegger\/#primaryimage"},"image":{"@id":"https:\/\/diariotextual.com\/inicio\/index.php\/2026\/02\/18\/diputados-piden-explicaciones-por-la-contratacion-de-cancilleria-a-la-asociacion-de-la-esposa-de-sturzenegger\/#primaryimage"},"thumbnailUrl":"https:\/\/diariotextual.com\/inicio\/wp-content\/uploads\/2025\/03\/sturzeneggerfederico2025-0011.webp","datePublished":"2026-02-18T10:00:17+00:00","dateModified":"2026-02-18T10:00:19+00:00","breadcrumb":{"@id":"https:\/\/diariotextual.com\/inicio\/index.php\/2026\/02\/18\/diputados-piden-explicaciones-por-la-contratacion-de-cancilleria-a-la-asociacion-de-la-esposa-de-sturzenegger\/#breadcrumb"},"inLanguage":"es","potentialAction":[{"@type":"ReadAction","target":["https:\/\/diariotextual.com\/inicio\/index.php\/2026\/02\/18\/diputados-piden-explicaciones-por-la-contratacion-de-cancilleria-a-la-asociacion-de-la-esposa-de-sturzenegger\/"]}]},{"@type":"ImageObject","inLanguage":"es","@id":"https:\/\/diariotextual.com\/inicio\/index.php\/2026\/02\/18\/diputados-piden-explicaciones-por-la-contratacion-de-cancilleria-a-la-asociacion-de-la-esposa-de-sturzenegger\/#primaryimage","url":"https:\/\/diariotextual.com\/inicio\/wp-content\/uploads\/2025\/03\/sturzeneggerfederico2025-0011.webp","contentUrl":"https:\/\/diariotextual.com\/inicio\/wp-content\/uploads\/2025\/03\/sturzeneggerfederico2025-0011.webp","width":1200,"height":675},{"@type":"BreadcrumbList","@id":"https:\/\/diariotextual.com\/inicio\/index.php\/2026\/02\/18\/diputados-piden-explicaciones-por-la-contratacion-de-cancilleria-a-la-asociacion-de-la-esposa-de-sturzenegger\/#breadcrumb","itemListElement":[{"@type":"ListItem","position":1,"name":"Portada","item":"https:\/\/diariotextual.com\/inicio\/"},{"@type":"ListItem","position":2,"name":"Diputados piden explicaciones por la contrataci\u00f3n de Canciller\u00eda\u00a0a la asociaci\u00f3n de la esposa de Sturzenegger"}]},{"@type":"WebSite","@id":"https:\/\/diariotextual.com\/inicio\/#website","url":"https:\/\/diariotextual.com\/inicio\/","name":"Diario Textual","description":"","publisher":{"@id":"https:\/\/diariotextual.com\/inicio\/#organization"},"potentialAction":[{"@type":"SearchAction","target":{"@type":"EntryPoint","urlTemplate":"https:\/\/diariotextual.com\/inicio\/?s={search_term_string}"},"query-input":{"@type":"PropertyValueSpecification","valueRequired":true,"valueName":"search_term_string"}}],"inLanguage":"es"},{"@type":"Organization","@id":"https:\/\/diariotextual.com\/inicio\/#organization","name":"Diario Textual","url":"https:\/\/diariotextual.com\/inicio\/","logo":{"@type":"ImageObject","inLanguage":"es","@id":"https:\/\/diariotextual.com\/inicio\/#\/schema\/logo\/image\/","url":"https:\/\/diariotextual.com\/inicio\/wp-content\/uploads\/2023\/05\/logotextual1.jpg","contentUrl":"https:\/\/diariotextual.com\/inicio\/wp-content\/uploads\/2023\/05\/logotextual1.jpg","width":516,"height":76,"caption":"Diario Textual"},"image":{"@id":"https:\/\/diariotextual.com\/inicio\/#\/schema\/logo\/image\/"},"sameAs":["https:\/\/www.facebook.com\/eltextual","https:\/\/x.com\/eltextual","http:\/\/www.instagram.com\/eltextual"]},{"@type":"Person","@id":"https:\/\/diariotextual.com\/inicio\/#\/schema\/person\/418fc4093c33e86ed41562db3508f958","name":"Diario1 Diario1","image":{"@type":"ImageObject","inLanguage":"es","@id":"https:\/\/secure.gravatar.com\/avatar\/9167d280179c85bc18be67aa7eda765854300033af4896dd779b608640f2ef7a?s=96&d=mm&r=g","url":"https:\/\/secure.gravatar.com\/avatar\/9167d280179c85bc18be67aa7eda765854300033af4896dd779b608640f2ef7a?s=96&d=mm&r=g","contentUrl":"https:\/\/secure.gravatar.com\/avatar\/9167d280179c85bc18be67aa7eda765854300033af4896dd779b608640f2ef7a?s=96&d=mm&r=g","caption":"Diario1 Diario1"},"url":"https:\/\/diariotextual.com\/inicio\/index.php\/author\/diario1\/"}]}},"_links":{"self":[{"href":"https:\/\/diariotextual.com\/inicio\/index.php\/wp-json\/wp\/v2\/posts\/319876","targetHints":{"allow":["GET"]}}],"collection":[{"href":"https:\/\/diariotextual.com\/inicio\/index.php\/wp-json\/wp\/v2\/posts"}],"about":[{"href":"https:\/\/diariotextual.com\/inicio\/index.php\/wp-json\/wp\/v2\/types\/post"}],"author":[{"embeddable":true,"href":"https:\/\/diariotextual.com\/inicio\/index.php\/wp-json\/wp\/v2\/users\/3"}],"replies":[{"embeddable":true,"href":"https:\/\/diariotextual.com\/inicio\/index.php\/wp-json\/wp\/v2\/comments?post=319876"}],"version-history":[{"count":1,"href":"https:\/\/diariotextual.com\/inicio\/index.php\/wp-json\/wp\/v2\/posts\/319876\/revisions"}],"predecessor-version":[{"id":319877,"href":"https:\/\/diariotextual.com\/inicio\/index.php\/wp-json\/wp\/v2\/posts\/319876\/revisions\/319877"}],"wp:featuredmedia":[{"embeddable":true,"href":"https:\/\/diariotextual.com\/inicio\/index.php\/wp-json\/wp\/v2\/media\/290361"}],"wp:attachment":[{"href":"https:\/\/diariotextual.com\/inicio\/index.php\/wp-json\/wp\/v2\/media?parent=319876"}],"wp:term":[{"taxonomy":"category","embeddable":true,"href":"https:\/\/diariotextual.com\/inicio\/index.php\/wp-json\/wp\/v2\/categories?post=319876"},{"taxonomy":"post_tag","embeddable":true,"href":"https:\/\/diariotextual.com\/inicio\/index.php\/wp-json\/wp\/v2\/tags?post=319876"}],"curies":[{"name":"wp","href":"https:\/\/api.w.org\/{rel}","templated":true}]}}