{"id":319888,"date":"2026-02-18T09:05:28","date_gmt":"2026-02-18T12:05:28","guid":{"rendered":"https:\/\/diariotextual.com\/inicio\/?p=319888"},"modified":"2026-02-18T18:15:38","modified_gmt":"2026-02-18T21:15:38","slug":"en-dos-anos-de-gobierno-de-milei-la-pampa-perdio-250-empleadores","status":"publish","type":"post","link":"https:\/\/diariotextual.com\/inicio\/index.php\/2026\/02\/18\/en-dos-anos-de-gobierno-de-milei-la-pampa-perdio-250-empleadores\/","title":{"rendered":"La Pampa perdi\u00f3 250 empleadores en dos a\u00f1os de Gobierno de Javier Milei"},"content":{"rendered":"\n<p>En los dos \u00faltimos a\u00f1os, s\u00f3lo Neuqu\u00e9n mostr\u00f3 alzas de empresas empleadoras (+1,8%); en el resto de las provincias hubo retrocesos de distinta magnitud. En La Pampa la ca\u00edda fue del 3,9%, lo que en n\u00fameros equivale a 250 empleadores menos. <\/p>\n\n\n\n<p>El dato surge de un informe de Politikon Chaco basado en datos oficiales de la Superintendencia de Riesgos del Trabajo (SRT). La consultora relev\u00f3 la cantidad de empresas empleadoras por provincia comparando datos de noviembre de 2023 con igual mes de 2025, es decir, durante los dos a\u00f1os de gesti\u00f3n que lleva el Gobierno libertario.<\/p>\n\n\n\n<figure class=\"wp-block-image size-large\"><img fetchpriority=\"high\" decoding=\"async\" width=\"819\" height=\"1024\" src=\"https:\/\/diariotextual.com\/inicio\/wp-content\/uploads\/2026\/02\/empresasempleadorasenprovincias2026-819x1024.jpg\" alt=\"\" class=\"wp-image-319893\" srcset=\"https:\/\/diariotextual.com\/inicio\/wp-content\/uploads\/2026\/02\/empresasempleadorasenprovincias2026-819x1024.jpg 819w, https:\/\/diariotextual.com\/inicio\/wp-content\/uploads\/2026\/02\/empresasempleadorasenprovincias2026-240x300.jpg 240w, https:\/\/diariotextual.com\/inicio\/wp-content\/uploads\/2026\/02\/empresasempleadorasenprovincias2026-768x960.jpg 768w, https:\/\/diariotextual.com\/inicio\/wp-content\/uploads\/2026\/02\/empresasempleadorasenprovincias2026-585x731.jpg 585w, https:\/\/diariotextual.com\/inicio\/wp-content\/uploads\/2026\/02\/empresasempleadorasenprovincias2026.jpg 1080w\" sizes=\"(max-width: 819px) 100vw, 819px\" \/><\/figure>\n\n\n\n<p>A nivel pa\u00eds, el ajuste ha significado la p\u00e9rdida de\u00a021.339 empresas\u00a0en dos a\u00f1os. <\/p>\n\n\n\n<p>El director de la consultora, Alejandro Pegoraro, explic\u00f3 que el sector m\u00e1s afectado es el de los empleadores con 10 o menos empleados, es decir, las micro y peque\u00f1as empresas. <\/p>\n\n\n\n<p>\u201cHay muchas pymes que brindan servicios o que son comerciales. Entonces, una ca\u00edda muy fuerte de la demanda lleva a que las ventas no se muevan y haya m\u00e1s posibilidad de cierre, sobre todo en empresas de uno o dos empleados\u201d, dijo.<\/p>\n\n\n\n<p>\u201cEl problema de fondo es que la econom\u00eda real no se reactiva\u201d, agreg\u00f3.<\/p>\n","protected":false},"excerpt":{"rendered":"<p>En los dos \u00faltimos a\u00f1os, s\u00f3lo Neuqu\u00e9n mostr\u00f3 alzas de empresas empleadoras (+1,8%); en el resto de las provincias hubo retrocesos de distinta magnitud. En La Pampa la ca\u00edda fue&hellip;<\/p>\n","protected":false},"author":7,"featured_media":159979,"comment_status":"closed","ping_status":"open","sticky":false,"template":"","format":"standard","meta":{"_acf_changed":false,"footnotes":""},"categories":[10,12],"tags":[],"class_list":["post-319888","post","type-post","status-publish","format-standard","has-post-thumbnail","hentry","category-portada-2","category-sociedad"],"acf":[],"yoast_head":"<!-- This site is optimized with the Yoast SEO plugin v27.5 - https:\/\/yoast.com\/product\/yoast-seo-wordpress\/ -->\n<title>La Pampa perdi\u00f3 250 empleadores en dos a\u00f1os de Gobierno de Javier Milei - Diario Textual<\/title>\n<meta name=\"robots\" content=\"index, follow, max-snippet:-1, max-image-preview:large, max-video-preview:-1\" \/>\n<link rel=\"canonical\" href=\"https:\/\/diariotextual.com\/inicio\/index.php\/2026\/02\/18\/en-dos-anos-de-gobierno-de-milei-la-pampa-perdio-250-empleadores\/\" \/>\n<meta property=\"og:locale\" content=\"es_ES\" \/>\n<meta property=\"og:type\" content=\"article\" \/>\n<meta property=\"og:title\" content=\"La Pampa perdi\u00f3 250 empleadores en dos a\u00f1os de Gobierno de Javier Milei - Diario Textual\" \/>\n<meta property=\"og:description\" content=\"En los dos \u00faltimos a\u00f1os, s\u00f3lo Neuqu\u00e9n mostr\u00f3 alzas de empresas empleadoras (+1,8%); en el resto de las provincias hubo retrocesos de distinta magnitud. En La Pampa la ca\u00edda fue&hellip;\" \/>\n<meta property=\"og:url\" content=\"https:\/\/diariotextual.com\/inicio\/index.php\/2026\/02\/18\/en-dos-anos-de-gobierno-de-milei-la-pampa-perdio-250-empleadores\/\" \/>\n<meta property=\"og:site_name\" content=\"Diario Textual\" \/>\n<meta property=\"article:publisher\" content=\"https:\/\/www.facebook.com\/eltextual\" \/>\n<meta property=\"article:published_time\" content=\"2026-02-18T12:05:28+00:00\" \/>\n<meta property=\"article:modified_time\" content=\"2026-02-18T21:15:38+00:00\" \/>\n<meta property=\"og:image\" content=\"https:\/\/diariotextual.com\/inicio\/wp-content\/uploads\/2021\/09\/empleotrabajador.jpg\" \/>\n\t<meta property=\"og:image:width\" content=\"1004\" \/>\n\t<meta property=\"og:image:height\" content=\"565\" \/>\n\t<meta property=\"og:image:type\" content=\"image\/jpeg\" \/>\n<meta name=\"author\" content=\"diario5\" \/>\n<meta name=\"twitter:card\" content=\"summary_large_image\" \/>\n<meta name=\"twitter:creator\" content=\"@eltextual\" \/>\n<meta name=\"twitter:site\" content=\"@eltextual\" \/>\n<meta name=\"twitter:label1\" content=\"Escrito por\" \/>\n\t<meta name=\"twitter:data1\" content=\"diario5\" \/>\n\t<meta name=\"twitter:label2\" content=\"Tiempo de lectura\" \/>\n\t<meta name=\"twitter:data2\" content=\"2 minutos\" \/>\n<script type=\"application\/ld+json\" class=\"yoast-schema-graph\">{\"@context\":\"https:\\\/\\\/schema.org\",\"@graph\":[{\"@type\":\"Article\",\"@id\":\"https:\\\/\\\/diariotextual.com\\\/inicio\\\/index.php\\\/2026\\\/02\\\/18\\\/en-dos-anos-de-gobierno-de-milei-la-pampa-perdio-250-empleadores\\\/#article\",\"isPartOf\":{\"@id\":\"https:\\\/\\\/diariotextual.com\\\/inicio\\\/index.php\\\/2026\\\/02\\\/18\\\/en-dos-anos-de-gobierno-de-milei-la-pampa-perdio-250-empleadores\\\/\"},\"author\":{\"name\":\"diario5\",\"@id\":\"https:\\\/\\\/diariotextual.com\\\/inicio\\\/#\\\/schema\\\/person\\\/c7834961ad8b29b1d9cdbf4571299067\"},\"headline\":\"La Pampa perdi\u00f3 250 empleadores en dos a\u00f1os de Gobierno de Javier Milei\",\"datePublished\":\"2026-02-18T12:05:28+00:00\",\"dateModified\":\"2026-02-18T21:15:38+00:00\",\"mainEntityOfPage\":{\"@id\":\"https:\\\/\\\/diariotextual.com\\\/inicio\\\/index.php\\\/2026\\\/02\\\/18\\\/en-dos-anos-de-gobierno-de-milei-la-pampa-perdio-250-empleadores\\\/\"},\"wordCount\":217,\"publisher\":{\"@id\":\"https:\\\/\\\/diariotextual.com\\\/inicio\\\/#organization\"},\"image\":{\"@id\":\"https:\\\/\\\/diariotextual.com\\\/inicio\\\/index.php\\\/2026\\\/02\\\/18\\\/en-dos-anos-de-gobierno-de-milei-la-pampa-perdio-250-empleadores\\\/#primaryimage\"},\"thumbnailUrl\":\"https:\\\/\\\/diariotextual.com\\\/inicio\\\/wp-content\\\/uploads\\\/2021\\\/09\\\/empleotrabajador.jpg\",\"articleSection\":[\"A - PORTADA2\",\"SOCIEDAD\"],\"inLanguage\":\"es\"},{\"@type\":\"WebPage\",\"@id\":\"https:\\\/\\\/diariotextual.com\\\/inicio\\\/index.php\\\/2026\\\/02\\\/18\\\/en-dos-anos-de-gobierno-de-milei-la-pampa-perdio-250-empleadores\\\/\",\"url\":\"https:\\\/\\\/diariotextual.com\\\/inicio\\\/index.php\\\/2026\\\/02\\\/18\\\/en-dos-anos-de-gobierno-de-milei-la-pampa-perdio-250-empleadores\\\/\",\"name\":\"La Pampa perdi\u00f3 250 empleadores en dos a\u00f1os de Gobierno de Javier Milei - Diario Textual\",\"isPartOf\":{\"@id\":\"https:\\\/\\\/diariotextual.com\\\/inicio\\\/#website\"},\"primaryImageOfPage\":{\"@id\":\"https:\\\/\\\/diariotextual.com\\\/inicio\\\/index.php\\\/2026\\\/02\\\/18\\\/en-dos-anos-de-gobierno-de-milei-la-pampa-perdio-250-empleadores\\\/#primaryimage\"},\"image\":{\"@id\":\"https:\\\/\\\/diariotextual.com\\\/inicio\\\/index.php\\\/2026\\\/02\\\/18\\\/en-dos-anos-de-gobierno-de-milei-la-pampa-perdio-250-empleadores\\\/#primaryimage\"},\"thumbnailUrl\":\"https:\\\/\\\/diariotextual.com\\\/inicio\\\/wp-content\\\/uploads\\\/2021\\\/09\\\/empleotrabajador.jpg\",\"datePublished\":\"2026-02-18T12:05:28+00:00\",\"dateModified\":\"2026-02-18T21:15:38+00:00\",\"breadcrumb\":{\"@id\":\"https:\\\/\\\/diariotextual.com\\\/inicio\\\/index.php\\\/2026\\\/02\\\/18\\\/en-dos-anos-de-gobierno-de-milei-la-pampa-perdio-250-empleadores\\\/#breadcrumb\"},\"inLanguage\":\"es\",\"potentialAction\":[{\"@type\":\"ReadAction\",\"target\":[\"https:\\\/\\\/diariotextual.com\\\/inicio\\\/index.php\\\/2026\\\/02\\\/18\\\/en-dos-anos-de-gobierno-de-milei-la-pampa-perdio-250-empleadores\\\/\"]}]},{\"@type\":\"ImageObject\",\"inLanguage\":\"es\",\"@id\":\"https:\\\/\\\/diariotextual.com\\\/inicio\\\/index.php\\\/2026\\\/02\\\/18\\\/en-dos-anos-de-gobierno-de-milei-la-pampa-perdio-250-empleadores\\\/#primaryimage\",\"url\":\"https:\\\/\\\/diariotextual.com\\\/inicio\\\/wp-content\\\/uploads\\\/2021\\\/09\\\/empleotrabajador.jpg\",\"contentUrl\":\"https:\\\/\\\/diariotextual.com\\\/inicio\\\/wp-content\\\/uploads\\\/2021\\\/09\\\/empleotrabajador.jpg\",\"width\":1004,\"height\":565},{\"@type\":\"BreadcrumbList\",\"@id\":\"https:\\\/\\\/diariotextual.com\\\/inicio\\\/index.php\\\/2026\\\/02\\\/18\\\/en-dos-anos-de-gobierno-de-milei-la-pampa-perdio-250-empleadores\\\/#breadcrumb\",\"itemListElement\":[{\"@type\":\"ListItem\",\"position\":1,\"name\":\"Portada\",\"item\":\"https:\\\/\\\/diariotextual.com\\\/inicio\\\/\"},{\"@type\":\"ListItem\",\"position\":2,\"name\":\"La Pampa perdi\u00f3 250 empleadores en dos a\u00f1os de Gobierno de Javier Milei\"}]},{\"@type\":\"WebSite\",\"@id\":\"https:\\\/\\\/diariotextual.com\\\/inicio\\\/#website\",\"url\":\"https:\\\/\\\/diariotextual.com\\\/inicio\\\/\",\"name\":\"Diario Textual\",\"description\":\"\",\"publisher\":{\"@id\":\"https:\\\/\\\/diariotextual.com\\\/inicio\\\/#organization\"},\"potentialAction\":[{\"@type\":\"SearchAction\",\"target\":{\"@type\":\"EntryPoint\",\"urlTemplate\":\"https:\\\/\\\/diariotextual.com\\\/inicio\\\/?s={search_term_string}\"},\"query-input\":{\"@type\":\"PropertyValueSpecification\",\"valueRequired\":true,\"valueName\":\"search_term_string\"}}],\"inLanguage\":\"es\"},{\"@type\":\"Organization\",\"@id\":\"https:\\\/\\\/diariotextual.com\\\/inicio\\\/#organization\",\"name\":\"Diario Textual\",\"url\":\"https:\\\/\\\/diariotextual.com\\\/inicio\\\/\",\"logo\":{\"@type\":\"ImageObject\",\"inLanguage\":\"es\",\"@id\":\"https:\\\/\\\/diariotextual.com\\\/inicio\\\/#\\\/schema\\\/logo\\\/image\\\/\",\"url\":\"https:\\\/\\\/diariotextual.com\\\/inicio\\\/wp-content\\\/uploads\\\/2023\\\/05\\\/logotextual1.jpg\",\"contentUrl\":\"https:\\\/\\\/diariotextual.com\\\/inicio\\\/wp-content\\\/uploads\\\/2023\\\/05\\\/logotextual1.jpg\",\"width\":516,\"height\":76,\"caption\":\"Diario Textual\"},\"image\":{\"@id\":\"https:\\\/\\\/diariotextual.com\\\/inicio\\\/#\\\/schema\\\/logo\\\/image\\\/\"},\"sameAs\":[\"https:\\\/\\\/www.facebook.com\\\/eltextual\",\"https:\\\/\\\/x.com\\\/eltextual\",\"http:\\\/\\\/www.instagram.com\\\/eltextual\"]},{\"@type\":\"Person\",\"@id\":\"https:\\\/\\\/diariotextual.com\\\/inicio\\\/#\\\/schema\\\/person\\\/c7834961ad8b29b1d9cdbf4571299067\",\"name\":\"diario5\",\"image\":{\"@type\":\"ImageObject\",\"inLanguage\":\"es\",\"@id\":\"https:\\\/\\\/secure.gravatar.com\\\/avatar\\\/948c893b847ca6df68216ead81b63f363408ec9b0f600fefc0641ce78613b111?s=96&d=mm&r=g\",\"url\":\"https:\\\/\\\/secure.gravatar.com\\\/avatar\\\/948c893b847ca6df68216ead81b63f363408ec9b0f600fefc0641ce78613b111?s=96&d=mm&r=g\",\"contentUrl\":\"https:\\\/\\\/secure.gravatar.com\\\/avatar\\\/948c893b847ca6df68216ead81b63f363408ec9b0f600fefc0641ce78613b111?s=96&d=mm&r=g\",\"caption\":\"diario5\"},\"url\":\"https:\\\/\\\/diariotextual.com\\\/inicio\\\/index.php\\\/author\\\/diario5\\\/\"}]}<\/script>\n<!-- \/ Yoast SEO plugin. -->","yoast_head_json":{"title":"La Pampa perdi\u00f3 250 empleadores en dos a\u00f1os de Gobierno de Javier Milei - Diario Textual","robots":{"index":"index","follow":"follow","max-snippet":"max-snippet:-1","max-image-preview":"max-image-preview:large","max-video-preview":"max-video-preview:-1"},"canonical":"https:\/\/diariotextual.com\/inicio\/index.php\/2026\/02\/18\/en-dos-anos-de-gobierno-de-milei-la-pampa-perdio-250-empleadores\/","og_locale":"es_ES","og_type":"article","og_title":"La Pampa perdi\u00f3 250 empleadores en dos a\u00f1os de Gobierno de Javier Milei - Diario Textual","og_description":"En los dos \u00faltimos a\u00f1os, s\u00f3lo Neuqu\u00e9n mostr\u00f3 alzas de empresas empleadoras (+1,8%); en el resto de las provincias hubo retrocesos de distinta magnitud. En La Pampa la ca\u00edda fue&hellip;","og_url":"https:\/\/diariotextual.com\/inicio\/index.php\/2026\/02\/18\/en-dos-anos-de-gobierno-de-milei-la-pampa-perdio-250-empleadores\/","og_site_name":"Diario Textual","article_publisher":"https:\/\/www.facebook.com\/eltextual","article_published_time":"2026-02-18T12:05:28+00:00","article_modified_time":"2026-02-18T21:15:38+00:00","og_image":[{"width":1004,"height":565,"url":"https:\/\/diariotextual.com\/inicio\/wp-content\/uploads\/2021\/09\/empleotrabajador.jpg","type":"image\/jpeg"}],"author":"diario5","twitter_card":"summary_large_image","twitter_creator":"@eltextual","twitter_site":"@eltextual","twitter_misc":{"Escrito por":"diario5","Tiempo de lectura":"2 minutos"},"schema":{"@context":"https:\/\/schema.org","@graph":[{"@type":"Article","@id":"https:\/\/diariotextual.com\/inicio\/index.php\/2026\/02\/18\/en-dos-anos-de-gobierno-de-milei-la-pampa-perdio-250-empleadores\/#article","isPartOf":{"@id":"https:\/\/diariotextual.com\/inicio\/index.php\/2026\/02\/18\/en-dos-anos-de-gobierno-de-milei-la-pampa-perdio-250-empleadores\/"},"author":{"name":"diario5","@id":"https:\/\/diariotextual.com\/inicio\/#\/schema\/person\/c7834961ad8b29b1d9cdbf4571299067"},"headline":"La Pampa perdi\u00f3 250 empleadores en dos a\u00f1os de Gobierno de Javier Milei","datePublished":"2026-02-18T12:05:28+00:00","dateModified":"2026-02-18T21:15:38+00:00","mainEntityOfPage":{"@id":"https:\/\/diariotextual.com\/inicio\/index.php\/2026\/02\/18\/en-dos-anos-de-gobierno-de-milei-la-pampa-perdio-250-empleadores\/"},"wordCount":217,"publisher":{"@id":"https:\/\/diariotextual.com\/inicio\/#organization"},"image":{"@id":"https:\/\/diariotextual.com\/inicio\/index.php\/2026\/02\/18\/en-dos-anos-de-gobierno-de-milei-la-pampa-perdio-250-empleadores\/#primaryimage"},"thumbnailUrl":"https:\/\/diariotextual.com\/inicio\/wp-content\/uploads\/2021\/09\/empleotrabajador.jpg","articleSection":["A - PORTADA2","SOCIEDAD"],"inLanguage":"es"},{"@type":"WebPage","@id":"https:\/\/diariotextual.com\/inicio\/index.php\/2026\/02\/18\/en-dos-anos-de-gobierno-de-milei-la-pampa-perdio-250-empleadores\/","url":"https:\/\/diariotextual.com\/inicio\/index.php\/2026\/02\/18\/en-dos-anos-de-gobierno-de-milei-la-pampa-perdio-250-empleadores\/","name":"La Pampa perdi\u00f3 250 empleadores en dos a\u00f1os de Gobierno de Javier Milei - Diario Textual","isPartOf":{"@id":"https:\/\/diariotextual.com\/inicio\/#website"},"primaryImageOfPage":{"@id":"https:\/\/diariotextual.com\/inicio\/index.php\/2026\/02\/18\/en-dos-anos-de-gobierno-de-milei-la-pampa-perdio-250-empleadores\/#primaryimage"},"image":{"@id":"https:\/\/diariotextual.com\/inicio\/index.php\/2026\/02\/18\/en-dos-anos-de-gobierno-de-milei-la-pampa-perdio-250-empleadores\/#primaryimage"},"thumbnailUrl":"https:\/\/diariotextual.com\/inicio\/wp-content\/uploads\/2021\/09\/empleotrabajador.jpg","datePublished":"2026-02-18T12:05:28+00:00","dateModified":"2026-02-18T21:15:38+00:00","breadcrumb":{"@id":"https:\/\/diariotextual.com\/inicio\/index.php\/2026\/02\/18\/en-dos-anos-de-gobierno-de-milei-la-pampa-perdio-250-empleadores\/#breadcrumb"},"inLanguage":"es","potentialAction":[{"@type":"ReadAction","target":["https:\/\/diariotextual.com\/inicio\/index.php\/2026\/02\/18\/en-dos-anos-de-gobierno-de-milei-la-pampa-perdio-250-empleadores\/"]}]},{"@type":"ImageObject","inLanguage":"es","@id":"https:\/\/diariotextual.com\/inicio\/index.php\/2026\/02\/18\/en-dos-anos-de-gobierno-de-milei-la-pampa-perdio-250-empleadores\/#primaryimage","url":"https:\/\/diariotextual.com\/inicio\/wp-content\/uploads\/2021\/09\/empleotrabajador.jpg","contentUrl":"https:\/\/diariotextual.com\/inicio\/wp-content\/uploads\/2021\/09\/empleotrabajador.jpg","width":1004,"height":565},{"@type":"BreadcrumbList","@id":"https:\/\/diariotextual.com\/inicio\/index.php\/2026\/02\/18\/en-dos-anos-de-gobierno-de-milei-la-pampa-perdio-250-empleadores\/#breadcrumb","itemListElement":[{"@type":"ListItem","position":1,"name":"Portada","item":"https:\/\/diariotextual.com\/inicio\/"},{"@type":"ListItem","position":2,"name":"La Pampa perdi\u00f3 250 empleadores en dos a\u00f1os de Gobierno de Javier Milei"}]},{"@type":"WebSite","@id":"https:\/\/diariotextual.com\/inicio\/#website","url":"https:\/\/diariotextual.com\/inicio\/","name":"Diario Textual","description":"","publisher":{"@id":"https:\/\/diariotextual.com\/inicio\/#organization"},"potentialAction":[{"@type":"SearchAction","target":{"@type":"EntryPoint","urlTemplate":"https:\/\/diariotextual.com\/inicio\/?s={search_term_string}"},"query-input":{"@type":"PropertyValueSpecification","valueRequired":true,"valueName":"search_term_string"}}],"inLanguage":"es"},{"@type":"Organization","@id":"https:\/\/diariotextual.com\/inicio\/#organization","name":"Diario Textual","url":"https:\/\/diariotextual.com\/inicio\/","logo":{"@type":"ImageObject","inLanguage":"es","@id":"https:\/\/diariotextual.com\/inicio\/#\/schema\/logo\/image\/","url":"https:\/\/diariotextual.com\/inicio\/wp-content\/uploads\/2023\/05\/logotextual1.jpg","contentUrl":"https:\/\/diariotextual.com\/inicio\/wp-content\/uploads\/2023\/05\/logotextual1.jpg","width":516,"height":76,"caption":"Diario Textual"},"image":{"@id":"https:\/\/diariotextual.com\/inicio\/#\/schema\/logo\/image\/"},"sameAs":["https:\/\/www.facebook.com\/eltextual","https:\/\/x.com\/eltextual","http:\/\/www.instagram.com\/eltextual"]},{"@type":"Person","@id":"https:\/\/diariotextual.com\/inicio\/#\/schema\/person\/c7834961ad8b29b1d9cdbf4571299067","name":"diario5","image":{"@type":"ImageObject","inLanguage":"es","@id":"https:\/\/secure.gravatar.com\/avatar\/948c893b847ca6df68216ead81b63f363408ec9b0f600fefc0641ce78613b111?s=96&d=mm&r=g","url":"https:\/\/secure.gravatar.com\/avatar\/948c893b847ca6df68216ead81b63f363408ec9b0f600fefc0641ce78613b111?s=96&d=mm&r=g","contentUrl":"https:\/\/secure.gravatar.com\/avatar\/948c893b847ca6df68216ead81b63f363408ec9b0f600fefc0641ce78613b111?s=96&d=mm&r=g","caption":"diario5"},"url":"https:\/\/diariotextual.com\/inicio\/index.php\/author\/diario5\/"}]}},"_links":{"self":[{"href":"https:\/\/diariotextual.com\/inicio\/index.php\/wp-json\/wp\/v2\/posts\/319888","targetHints":{"allow":["GET"]}}],"collection":[{"href":"https:\/\/diariotextual.com\/inicio\/index.php\/wp-json\/wp\/v2\/posts"}],"about":[{"href":"https:\/\/diariotextual.com\/inicio\/index.php\/wp-json\/wp\/v2\/types\/post"}],"author":[{"embeddable":true,"href":"https:\/\/diariotextual.com\/inicio\/index.php\/wp-json\/wp\/v2\/users\/7"}],"replies":[{"embeddable":true,"href":"https:\/\/diariotextual.com\/inicio\/index.php\/wp-json\/wp\/v2\/comments?post=319888"}],"version-history":[{"count":2,"href":"https:\/\/diariotextual.com\/inicio\/index.php\/wp-json\/wp\/v2\/posts\/319888\/revisions"}],"predecessor-version":[{"id":319897,"href":"https:\/\/diariotextual.com\/inicio\/index.php\/wp-json\/wp\/v2\/posts\/319888\/revisions\/319897"}],"wp:featuredmedia":[{"embeddable":true,"href":"https:\/\/diariotextual.com\/inicio\/index.php\/wp-json\/wp\/v2\/media\/159979"}],"wp:attachment":[{"href":"https:\/\/diariotextual.com\/inicio\/index.php\/wp-json\/wp\/v2\/media?parent=319888"}],"wp:term":[{"taxonomy":"category","embeddable":true,"href":"https:\/\/diariotextual.com\/inicio\/index.php\/wp-json\/wp\/v2\/categories?post=319888"},{"taxonomy":"post_tag","embeddable":true,"href":"https:\/\/diariotextual.com\/inicio\/index.php\/wp-json\/wp\/v2\/tags?post=319888"}],"curies":[{"name":"wp","href":"https:\/\/api.w.org\/{rel}","templated":true}]}}