{"id":319889,"date":"2026-02-18T08:59:22","date_gmt":"2026-02-18T11:59:22","guid":{"rendered":"https:\/\/diariotextual.com\/inicio\/?p=319889"},"modified":"2026-02-19T16:23:16","modified_gmt":"2026-02-19T19:23:16","slug":"el-gremio-docente-de-utelpa-se-sumo-el-paro-nacional-contra-la-reforma-laboral","status":"publish","type":"post","link":"https:\/\/diariotextual.com\/inicio\/index.php\/2026\/02\/18\/el-gremio-docente-de-utelpa-se-sumo-el-paro-nacional-contra-la-reforma-laboral\/","title":{"rendered":"El gremio docente de Utelpa se sum\u00f3 el paro nacional contra la reforma laboral"},"content":{"rendered":"\n<p>La <strong>Uni\u00f3n de Trabajadores de la Educaci\u00f3n de La Pampa (Utelpa) <\/strong>anunci\u00f3 este mi\u00e9rcoles que <strong>adhiere al paro nacional contra la reforma laboral.<\/strong> \u201cEn defensa de los derechos laborales y de la educaci\u00f3n p\u00fablica, UTELPA junto a CTERA adhiere al Paro Nacional convocado por la CTA de los Trabajadores y la CTA Aut\u00f3noma que ese d\u00eda movilizar\u00e1n al Congreso de la Naci\u00f3n\u201d, comunic\u00f3 el sindicato.<\/p>\n\n\n\n<p>\u201cLa jornada de lucha en todo el pa\u00eds se convoca en coincidencia con el tratamiento del proyecto de reforma laboral en la C\u00e1mara de Diputados, para expresar el rechazo de las y los trabajadores a una reforma que atenta contra los derechos hist\u00f3ricamente conquistados y que profundiza el ajuste contra la educaci\u00f3n p\u00fablica\u201d, agreg\u00f3.<\/p>\n\n\n\n<p>Sectores sindicales, sociales, educativos, se expresar\u00e1n en esta jornada de paro y lucha:<\/p>\n\n\n\n<p>&#8211; Contra la reforma laboral<\/p>\n\n\n\n<p>-En defensa de los derechos laborales y previsionales de las y los trabajadores.<\/p>\n\n\n\n<p>&#8211; Por salarios dignos, paritarias libres y condiciones laborales justas.<\/p>\n\n\n\n<p>&#8211; En defensa de la educaci\u00f3n p\u00fablica, gratuita y de calidad.<\/p>\n\n\n\n<p>&#8211; Contra el ajuste, el desfinanciamiento educativo y la precarizaci\u00f3n laboral.<\/p>\n\n\n\n<p>&#8211; Por el derecho social a la educaci\u00f3n y el futuro de nuestras infancias y juventudes.<\/p>\n\n\n\n<p><\/p>\n","protected":false},"excerpt":{"rendered":"<p>La Uni\u00f3n de Trabajadores de la Educaci\u00f3n de La Pampa (Utelpa) anunci\u00f3 este mi\u00e9rcoles que adhiere al paro nacional contra la reforma laboral. \u201cEn defensa de los derechos laborales y&hellip;<\/p>\n","protected":false},"author":3,"featured_media":314599,"comment_status":"closed","ping_status":"open","sticky":false,"template":"","format":"standard","meta":{"_acf_changed":false,"footnotes":""},"categories":[8],"tags":[],"class_list":["post-319889","post","type-post","status-publish","format-standard","has-post-thumbnail","hentry","category-politica"],"acf":[],"yoast_head":"<!-- This site is optimized with the Yoast SEO plugin v27.5 - https:\/\/yoast.com\/product\/yoast-seo-wordpress\/ -->\n<title>El gremio docente de Utelpa se sum\u00f3 el paro nacional contra la reforma laboral - Diario Textual<\/title>\n<meta name=\"robots\" content=\"index, follow, max-snippet:-1, max-image-preview:large, max-video-preview:-1\" \/>\n<link rel=\"canonical\" href=\"https:\/\/diariotextual.com\/inicio\/index.php\/2026\/02\/18\/el-gremio-docente-de-utelpa-se-sumo-el-paro-nacional-contra-la-reforma-laboral\/\" \/>\n<meta property=\"og:locale\" content=\"es_ES\" \/>\n<meta property=\"og:type\" content=\"article\" \/>\n<meta property=\"og:title\" content=\"El gremio docente de Utelpa se sum\u00f3 el paro nacional contra la reforma laboral - Diario Textual\" \/>\n<meta property=\"og:description\" content=\"La Uni\u00f3n de Trabajadores de la Educaci\u00f3n de La Pampa (Utelpa) anunci\u00f3 este mi\u00e9rcoles que adhiere al paro nacional contra la reforma laboral. \u201cEn defensa de los derechos laborales y&hellip;\" \/>\n<meta property=\"og:url\" content=\"https:\/\/diariotextual.com\/inicio\/index.php\/2026\/02\/18\/el-gremio-docente-de-utelpa-se-sumo-el-paro-nacional-contra-la-reforma-laboral\/\" \/>\n<meta property=\"og:site_name\" content=\"Diario Textual\" \/>\n<meta property=\"article:publisher\" content=\"https:\/\/www.facebook.com\/eltextual\" \/>\n<meta property=\"article:published_time\" content=\"2026-02-18T11:59:22+00:00\" \/>\n<meta property=\"article:modified_time\" content=\"2026-02-19T19:23:16+00:00\" \/>\n<meta property=\"og:image\" content=\"https:\/\/diariotextual.com\/inicio\/wp-content\/uploads\/2025\/12\/utelpamanifestacionparoutelpa4diciembre2025-2.jpg\" \/>\n\t<meta property=\"og:image:width\" content=\"1179\" \/>\n\t<meta property=\"og:image:height\" content=\"705\" \/>\n\t<meta property=\"og:image:type\" content=\"image\/jpeg\" \/>\n<meta name=\"author\" content=\"Diario1 Diario1\" \/>\n<meta name=\"twitter:card\" content=\"summary_large_image\" \/>\n<meta name=\"twitter:creator\" content=\"@eltextual\" \/>\n<meta name=\"twitter:site\" content=\"@eltextual\" \/>\n<meta name=\"twitter:label1\" content=\"Escrito por\" \/>\n\t<meta name=\"twitter:data1\" content=\"Diario1 Diario1\" \/>\n\t<meta name=\"twitter:label2\" content=\"Tiempo de lectura\" \/>\n\t<meta name=\"twitter:data2\" content=\"2 minutos\" \/>\n<script type=\"application\/ld+json\" class=\"yoast-schema-graph\">{\"@context\":\"https:\\\/\\\/schema.org\",\"@graph\":[{\"@type\":\"Article\",\"@id\":\"https:\\\/\\\/diariotextual.com\\\/inicio\\\/index.php\\\/2026\\\/02\\\/18\\\/el-gremio-docente-de-utelpa-se-sumo-el-paro-nacional-contra-la-reforma-laboral\\\/#article\",\"isPartOf\":{\"@id\":\"https:\\\/\\\/diariotextual.com\\\/inicio\\\/index.php\\\/2026\\\/02\\\/18\\\/el-gremio-docente-de-utelpa-se-sumo-el-paro-nacional-contra-la-reforma-laboral\\\/\"},\"author\":{\"name\":\"Diario1 Diario1\",\"@id\":\"https:\\\/\\\/diariotextual.com\\\/inicio\\\/#\\\/schema\\\/person\\\/418fc4093c33e86ed41562db3508f958\"},\"headline\":\"El gremio docente de Utelpa se sum\u00f3 el paro nacional contra la reforma laboral\",\"datePublished\":\"2026-02-18T11:59:22+00:00\",\"dateModified\":\"2026-02-19T19:23:16+00:00\",\"mainEntityOfPage\":{\"@id\":\"https:\\\/\\\/diariotextual.com\\\/inicio\\\/index.php\\\/2026\\\/02\\\/18\\\/el-gremio-docente-de-utelpa-se-sumo-el-paro-nacional-contra-la-reforma-laboral\\\/\"},\"wordCount\":231,\"publisher\":{\"@id\":\"https:\\\/\\\/diariotextual.com\\\/inicio\\\/#organization\"},\"image\":{\"@id\":\"https:\\\/\\\/diariotextual.com\\\/inicio\\\/index.php\\\/2026\\\/02\\\/18\\\/el-gremio-docente-de-utelpa-se-sumo-el-paro-nacional-contra-la-reforma-laboral\\\/#primaryimage\"},\"thumbnailUrl\":\"https:\\\/\\\/diariotextual.com\\\/inicio\\\/wp-content\\\/uploads\\\/2025\\\/12\\\/utelpamanifestacionparoutelpa4diciembre2025-2.jpg\",\"articleSection\":[\"POLITICA\"],\"inLanguage\":\"es\"},{\"@type\":\"WebPage\",\"@id\":\"https:\\\/\\\/diariotextual.com\\\/inicio\\\/index.php\\\/2026\\\/02\\\/18\\\/el-gremio-docente-de-utelpa-se-sumo-el-paro-nacional-contra-la-reforma-laboral\\\/\",\"url\":\"https:\\\/\\\/diariotextual.com\\\/inicio\\\/index.php\\\/2026\\\/02\\\/18\\\/el-gremio-docente-de-utelpa-se-sumo-el-paro-nacional-contra-la-reforma-laboral\\\/\",\"name\":\"El gremio docente de Utelpa se sum\u00f3 el paro nacional contra la reforma laboral - Diario Textual\",\"isPartOf\":{\"@id\":\"https:\\\/\\\/diariotextual.com\\\/inicio\\\/#website\"},\"primaryImageOfPage\":{\"@id\":\"https:\\\/\\\/diariotextual.com\\\/inicio\\\/index.php\\\/2026\\\/02\\\/18\\\/el-gremio-docente-de-utelpa-se-sumo-el-paro-nacional-contra-la-reforma-laboral\\\/#primaryimage\"},\"image\":{\"@id\":\"https:\\\/\\\/diariotextual.com\\\/inicio\\\/index.php\\\/2026\\\/02\\\/18\\\/el-gremio-docente-de-utelpa-se-sumo-el-paro-nacional-contra-la-reforma-laboral\\\/#primaryimage\"},\"thumbnailUrl\":\"https:\\\/\\\/diariotextual.com\\\/inicio\\\/wp-content\\\/uploads\\\/2025\\\/12\\\/utelpamanifestacionparoutelpa4diciembre2025-2.jpg\",\"datePublished\":\"2026-02-18T11:59:22+00:00\",\"dateModified\":\"2026-02-19T19:23:16+00:00\",\"breadcrumb\":{\"@id\":\"https:\\\/\\\/diariotextual.com\\\/inicio\\\/index.php\\\/2026\\\/02\\\/18\\\/el-gremio-docente-de-utelpa-se-sumo-el-paro-nacional-contra-la-reforma-laboral\\\/#breadcrumb\"},\"inLanguage\":\"es\",\"potentialAction\":[{\"@type\":\"ReadAction\",\"target\":[\"https:\\\/\\\/diariotextual.com\\\/inicio\\\/index.php\\\/2026\\\/02\\\/18\\\/el-gremio-docente-de-utelpa-se-sumo-el-paro-nacional-contra-la-reforma-laboral\\\/\"]}]},{\"@type\":\"ImageObject\",\"inLanguage\":\"es\",\"@id\":\"https:\\\/\\\/diariotextual.com\\\/inicio\\\/index.php\\\/2026\\\/02\\\/18\\\/el-gremio-docente-de-utelpa-se-sumo-el-paro-nacional-contra-la-reforma-laboral\\\/#primaryimage\",\"url\":\"https:\\\/\\\/diariotextual.com\\\/inicio\\\/wp-content\\\/uploads\\\/2025\\\/12\\\/utelpamanifestacionparoutelpa4diciembre2025-2.jpg\",\"contentUrl\":\"https:\\\/\\\/diariotextual.com\\\/inicio\\\/wp-content\\\/uploads\\\/2025\\\/12\\\/utelpamanifestacionparoutelpa4diciembre2025-2.jpg\",\"width\":1179,\"height\":705},{\"@type\":\"BreadcrumbList\",\"@id\":\"https:\\\/\\\/diariotextual.com\\\/inicio\\\/index.php\\\/2026\\\/02\\\/18\\\/el-gremio-docente-de-utelpa-se-sumo-el-paro-nacional-contra-la-reforma-laboral\\\/#breadcrumb\",\"itemListElement\":[{\"@type\":\"ListItem\",\"position\":1,\"name\":\"Portada\",\"item\":\"https:\\\/\\\/diariotextual.com\\\/inicio\\\/\"},{\"@type\":\"ListItem\",\"position\":2,\"name\":\"El gremio docente de Utelpa se sum\u00f3 el paro nacional contra la reforma laboral\"}]},{\"@type\":\"WebSite\",\"@id\":\"https:\\\/\\\/diariotextual.com\\\/inicio\\\/#website\",\"url\":\"https:\\\/\\\/diariotextual.com\\\/inicio\\\/\",\"name\":\"Diario Textual\",\"description\":\"\",\"publisher\":{\"@id\":\"https:\\\/\\\/diariotextual.com\\\/inicio\\\/#organization\"},\"potentialAction\":[{\"@type\":\"SearchAction\",\"target\":{\"@type\":\"EntryPoint\",\"urlTemplate\":\"https:\\\/\\\/diariotextual.com\\\/inicio\\\/?s={search_term_string}\"},\"query-input\":{\"@type\":\"PropertyValueSpecification\",\"valueRequired\":true,\"valueName\":\"search_term_string\"}}],\"inLanguage\":\"es\"},{\"@type\":\"Organization\",\"@id\":\"https:\\\/\\\/diariotextual.com\\\/inicio\\\/#organization\",\"name\":\"Diario Textual\",\"url\":\"https:\\\/\\\/diariotextual.com\\\/inicio\\\/\",\"logo\":{\"@type\":\"ImageObject\",\"inLanguage\":\"es\",\"@id\":\"https:\\\/\\\/diariotextual.com\\\/inicio\\\/#\\\/schema\\\/logo\\\/image\\\/\",\"url\":\"https:\\\/\\\/diariotextual.com\\\/inicio\\\/wp-content\\\/uploads\\\/2023\\\/05\\\/logotextual1.jpg\",\"contentUrl\":\"https:\\\/\\\/diariotextual.com\\\/inicio\\\/wp-content\\\/uploads\\\/2023\\\/05\\\/logotextual1.jpg\",\"width\":516,\"height\":76,\"caption\":\"Diario Textual\"},\"image\":{\"@id\":\"https:\\\/\\\/diariotextual.com\\\/inicio\\\/#\\\/schema\\\/logo\\\/image\\\/\"},\"sameAs\":[\"https:\\\/\\\/www.facebook.com\\\/eltextual\",\"https:\\\/\\\/x.com\\\/eltextual\",\"http:\\\/\\\/www.instagram.com\\\/eltextual\"]},{\"@type\":\"Person\",\"@id\":\"https:\\\/\\\/diariotextual.com\\\/inicio\\\/#\\\/schema\\\/person\\\/418fc4093c33e86ed41562db3508f958\",\"name\":\"Diario1 Diario1\",\"image\":{\"@type\":\"ImageObject\",\"inLanguage\":\"es\",\"@id\":\"https:\\\/\\\/secure.gravatar.com\\\/avatar\\\/9167d280179c85bc18be67aa7eda765854300033af4896dd779b608640f2ef7a?s=96&d=mm&r=g\",\"url\":\"https:\\\/\\\/secure.gravatar.com\\\/avatar\\\/9167d280179c85bc18be67aa7eda765854300033af4896dd779b608640f2ef7a?s=96&d=mm&r=g\",\"contentUrl\":\"https:\\\/\\\/secure.gravatar.com\\\/avatar\\\/9167d280179c85bc18be67aa7eda765854300033af4896dd779b608640f2ef7a?s=96&d=mm&r=g\",\"caption\":\"Diario1 Diario1\"},\"url\":\"https:\\\/\\\/diariotextual.com\\\/inicio\\\/index.php\\\/author\\\/diario1\\\/\"}]}<\/script>\n<!-- \/ Yoast SEO plugin. -->","yoast_head_json":{"title":"El gremio docente de Utelpa se sum\u00f3 el paro nacional contra la reforma laboral - Diario Textual","robots":{"index":"index","follow":"follow","max-snippet":"max-snippet:-1","max-image-preview":"max-image-preview:large","max-video-preview":"max-video-preview:-1"},"canonical":"https:\/\/diariotextual.com\/inicio\/index.php\/2026\/02\/18\/el-gremio-docente-de-utelpa-se-sumo-el-paro-nacional-contra-la-reforma-laboral\/","og_locale":"es_ES","og_type":"article","og_title":"El gremio docente de Utelpa se sum\u00f3 el paro nacional contra la reforma laboral - Diario Textual","og_description":"La Uni\u00f3n de Trabajadores de la Educaci\u00f3n de La Pampa (Utelpa) anunci\u00f3 este mi\u00e9rcoles que adhiere al paro nacional contra la reforma laboral. \u201cEn defensa de los derechos laborales y&hellip;","og_url":"https:\/\/diariotextual.com\/inicio\/index.php\/2026\/02\/18\/el-gremio-docente-de-utelpa-se-sumo-el-paro-nacional-contra-la-reforma-laboral\/","og_site_name":"Diario Textual","article_publisher":"https:\/\/www.facebook.com\/eltextual","article_published_time":"2026-02-18T11:59:22+00:00","article_modified_time":"2026-02-19T19:23:16+00:00","og_image":[{"width":1179,"height":705,"url":"https:\/\/diariotextual.com\/inicio\/wp-content\/uploads\/2025\/12\/utelpamanifestacionparoutelpa4diciembre2025-2.jpg","type":"image\/jpeg"}],"author":"Diario1 Diario1","twitter_card":"summary_large_image","twitter_creator":"@eltextual","twitter_site":"@eltextual","twitter_misc":{"Escrito por":"Diario1 Diario1","Tiempo de lectura":"2 minutos"},"schema":{"@context":"https:\/\/schema.org","@graph":[{"@type":"Article","@id":"https:\/\/diariotextual.com\/inicio\/index.php\/2026\/02\/18\/el-gremio-docente-de-utelpa-se-sumo-el-paro-nacional-contra-la-reforma-laboral\/#article","isPartOf":{"@id":"https:\/\/diariotextual.com\/inicio\/index.php\/2026\/02\/18\/el-gremio-docente-de-utelpa-se-sumo-el-paro-nacional-contra-la-reforma-laboral\/"},"author":{"name":"Diario1 Diario1","@id":"https:\/\/diariotextual.com\/inicio\/#\/schema\/person\/418fc4093c33e86ed41562db3508f958"},"headline":"El gremio docente de Utelpa se sum\u00f3 el paro nacional contra la reforma laboral","datePublished":"2026-02-18T11:59:22+00:00","dateModified":"2026-02-19T19:23:16+00:00","mainEntityOfPage":{"@id":"https:\/\/diariotextual.com\/inicio\/index.php\/2026\/02\/18\/el-gremio-docente-de-utelpa-se-sumo-el-paro-nacional-contra-la-reforma-laboral\/"},"wordCount":231,"publisher":{"@id":"https:\/\/diariotextual.com\/inicio\/#organization"},"image":{"@id":"https:\/\/diariotextual.com\/inicio\/index.php\/2026\/02\/18\/el-gremio-docente-de-utelpa-se-sumo-el-paro-nacional-contra-la-reforma-laboral\/#primaryimage"},"thumbnailUrl":"https:\/\/diariotextual.com\/inicio\/wp-content\/uploads\/2025\/12\/utelpamanifestacionparoutelpa4diciembre2025-2.jpg","articleSection":["POLITICA"],"inLanguage":"es"},{"@type":"WebPage","@id":"https:\/\/diariotextual.com\/inicio\/index.php\/2026\/02\/18\/el-gremio-docente-de-utelpa-se-sumo-el-paro-nacional-contra-la-reforma-laboral\/","url":"https:\/\/diariotextual.com\/inicio\/index.php\/2026\/02\/18\/el-gremio-docente-de-utelpa-se-sumo-el-paro-nacional-contra-la-reforma-laboral\/","name":"El gremio docente de Utelpa se sum\u00f3 el paro nacional contra la reforma laboral - Diario Textual","isPartOf":{"@id":"https:\/\/diariotextual.com\/inicio\/#website"},"primaryImageOfPage":{"@id":"https:\/\/diariotextual.com\/inicio\/index.php\/2026\/02\/18\/el-gremio-docente-de-utelpa-se-sumo-el-paro-nacional-contra-la-reforma-laboral\/#primaryimage"},"image":{"@id":"https:\/\/diariotextual.com\/inicio\/index.php\/2026\/02\/18\/el-gremio-docente-de-utelpa-se-sumo-el-paro-nacional-contra-la-reforma-laboral\/#primaryimage"},"thumbnailUrl":"https:\/\/diariotextual.com\/inicio\/wp-content\/uploads\/2025\/12\/utelpamanifestacionparoutelpa4diciembre2025-2.jpg","datePublished":"2026-02-18T11:59:22+00:00","dateModified":"2026-02-19T19:23:16+00:00","breadcrumb":{"@id":"https:\/\/diariotextual.com\/inicio\/index.php\/2026\/02\/18\/el-gremio-docente-de-utelpa-se-sumo-el-paro-nacional-contra-la-reforma-laboral\/#breadcrumb"},"inLanguage":"es","potentialAction":[{"@type":"ReadAction","target":["https:\/\/diariotextual.com\/inicio\/index.php\/2026\/02\/18\/el-gremio-docente-de-utelpa-se-sumo-el-paro-nacional-contra-la-reforma-laboral\/"]}]},{"@type":"ImageObject","inLanguage":"es","@id":"https:\/\/diariotextual.com\/inicio\/index.php\/2026\/02\/18\/el-gremio-docente-de-utelpa-se-sumo-el-paro-nacional-contra-la-reforma-laboral\/#primaryimage","url":"https:\/\/diariotextual.com\/inicio\/wp-content\/uploads\/2025\/12\/utelpamanifestacionparoutelpa4diciembre2025-2.jpg","contentUrl":"https:\/\/diariotextual.com\/inicio\/wp-content\/uploads\/2025\/12\/utelpamanifestacionparoutelpa4diciembre2025-2.jpg","width":1179,"height":705},{"@type":"BreadcrumbList","@id":"https:\/\/diariotextual.com\/inicio\/index.php\/2026\/02\/18\/el-gremio-docente-de-utelpa-se-sumo-el-paro-nacional-contra-la-reforma-laboral\/#breadcrumb","itemListElement":[{"@type":"ListItem","position":1,"name":"Portada","item":"https:\/\/diariotextual.com\/inicio\/"},{"@type":"ListItem","position":2,"name":"El gremio docente de Utelpa se sum\u00f3 el paro nacional contra la reforma laboral"}]},{"@type":"WebSite","@id":"https:\/\/diariotextual.com\/inicio\/#website","url":"https:\/\/diariotextual.com\/inicio\/","name":"Diario Textual","description":"","publisher":{"@id":"https:\/\/diariotextual.com\/inicio\/#organization"},"potentialAction":[{"@type":"SearchAction","target":{"@type":"EntryPoint","urlTemplate":"https:\/\/diariotextual.com\/inicio\/?s={search_term_string}"},"query-input":{"@type":"PropertyValueSpecification","valueRequired":true,"valueName":"search_term_string"}}],"inLanguage":"es"},{"@type":"Organization","@id":"https:\/\/diariotextual.com\/inicio\/#organization","name":"Diario Textual","url":"https:\/\/diariotextual.com\/inicio\/","logo":{"@type":"ImageObject","inLanguage":"es","@id":"https:\/\/diariotextual.com\/inicio\/#\/schema\/logo\/image\/","url":"https:\/\/diariotextual.com\/inicio\/wp-content\/uploads\/2023\/05\/logotextual1.jpg","contentUrl":"https:\/\/diariotextual.com\/inicio\/wp-content\/uploads\/2023\/05\/logotextual1.jpg","width":516,"height":76,"caption":"Diario Textual"},"image":{"@id":"https:\/\/diariotextual.com\/inicio\/#\/schema\/logo\/image\/"},"sameAs":["https:\/\/www.facebook.com\/eltextual","https:\/\/x.com\/eltextual","http:\/\/www.instagram.com\/eltextual"]},{"@type":"Person","@id":"https:\/\/diariotextual.com\/inicio\/#\/schema\/person\/418fc4093c33e86ed41562db3508f958","name":"Diario1 Diario1","image":{"@type":"ImageObject","inLanguage":"es","@id":"https:\/\/secure.gravatar.com\/avatar\/9167d280179c85bc18be67aa7eda765854300033af4896dd779b608640f2ef7a?s=96&d=mm&r=g","url":"https:\/\/secure.gravatar.com\/avatar\/9167d280179c85bc18be67aa7eda765854300033af4896dd779b608640f2ef7a?s=96&d=mm&r=g","contentUrl":"https:\/\/secure.gravatar.com\/avatar\/9167d280179c85bc18be67aa7eda765854300033af4896dd779b608640f2ef7a?s=96&d=mm&r=g","caption":"Diario1 Diario1"},"url":"https:\/\/diariotextual.com\/inicio\/index.php\/author\/diario1\/"}]}},"_links":{"self":[{"href":"https:\/\/diariotextual.com\/inicio\/index.php\/wp-json\/wp\/v2\/posts\/319889","targetHints":{"allow":["GET"]}}],"collection":[{"href":"https:\/\/diariotextual.com\/inicio\/index.php\/wp-json\/wp\/v2\/posts"}],"about":[{"href":"https:\/\/diariotextual.com\/inicio\/index.php\/wp-json\/wp\/v2\/types\/post"}],"author":[{"embeddable":true,"href":"https:\/\/diariotextual.com\/inicio\/index.php\/wp-json\/wp\/v2\/users\/3"}],"replies":[{"embeddable":true,"href":"https:\/\/diariotextual.com\/inicio\/index.php\/wp-json\/wp\/v2\/comments?post=319889"}],"version-history":[{"count":2,"href":"https:\/\/diariotextual.com\/inicio\/index.php\/wp-json\/wp\/v2\/posts\/319889\/revisions"}],"predecessor-version":[{"id":319892,"href":"https:\/\/diariotextual.com\/inicio\/index.php\/wp-json\/wp\/v2\/posts\/319889\/revisions\/319892"}],"wp:featuredmedia":[{"embeddable":true,"href":"https:\/\/diariotextual.com\/inicio\/index.php\/wp-json\/wp\/v2\/media\/314599"}],"wp:attachment":[{"href":"https:\/\/diariotextual.com\/inicio\/index.php\/wp-json\/wp\/v2\/media?parent=319889"}],"wp:term":[{"taxonomy":"category","embeddable":true,"href":"https:\/\/diariotextual.com\/inicio\/index.php\/wp-json\/wp\/v2\/categories?post=319889"},{"taxonomy":"post_tag","embeddable":true,"href":"https:\/\/diariotextual.com\/inicio\/index.php\/wp-json\/wp\/v2\/tags?post=319889"}],"curies":[{"name":"wp","href":"https:\/\/api.w.org\/{rel}","templated":true}]}}