{"id":319895,"date":"2026-02-18T09:18:48","date_gmt":"2026-02-18T12:18:48","guid":{"rendered":"https:\/\/diariotextual.com\/inicio\/?p=319895"},"modified":"2026-02-18T17:42:01","modified_gmt":"2026-02-18T20:42:01","slug":"en-trenel-protestan-trabajadores-despedidos-del-frigorifico","status":"publish","type":"post","link":"https:\/\/diariotextual.com\/inicio\/index.php\/2026\/02\/18\/en-trenel-protestan-trabajadores-despedidos-del-frigorifico\/","title":{"rendered":"En Trenel protestaron trabajadores despedidos del frigor\u00edfico"},"content":{"rendered":"\n<p>La localidad de <strong>Trenel<\/strong> est\u00e1 en la calle. Este mi\u00e9rcoles se registra una protesta por el conflicto del <strong>Frigor\u00edfico Pico<\/strong>, en medio de la paralizaci\u00f3n de la actividad y los <strong>despidos masivos de 194 empleados. <\/strong> Estuvieron acompa\u00f1ados por los intendentes<strong> Horacio Lorenzo (Trenel), Henso Sosa (Arata) y Gustavo Cein (La Maruja).<\/strong><\/p>\n\n\n\n<p>La manifestaci\u00f3n se desarroll\u00f3 desde las <strong>7.30 a las 10 horas<\/strong> frente al establecimiento de faena, en la intersecci\u00f3n del acceso <strong>Presidente Per\u00f3n<\/strong> y la <strong>ruta provincial 4<\/strong>. \u201c<strong>No a los despidos del Frigor\u00edfico Pico<\/strong>\u201d, fue la consigna.<\/p>\n\n\n\n<p>Desde las <strong>7.30<\/strong>, comenzaron a concentrarse los empleados despedidos, que aguardaban la presencia de los propietarios de la firma o de representantes que pudieran aportar definiciones sobre el futuro de la empresa. Finalmente no hubo reuniones.<\/p>\n\n\n\n<p>Los trabajadores reclaman, seg\u00fan los casos, el <strong>pago de indemnizaciones<\/strong> o la <strong>restituci\u00f3n de los puestos laborales<\/strong>.<\/p>\n\n\n\n<p>En la protesta estuvo presente el intendente de Trenel, <strong>Horacio Lorenzo<\/strong>, quien expres\u00f3 su acompa\u00f1amiento a los trabajadores. Tambi\u00e9n participaron representantes de municipalidades de la zona.<\/p>\n\n\n\n<p>Los despedidos se movilizaron junto a sus familias y reiteraron el pedido de respuestas concretas y soluciones. Tambi\u00e9n hubo actuales empleados.<\/p>\n\n\n\n<div style=\"height:100px\" aria-hidden=\"true\" class=\"wp-block-spacer\"><\/div>\n\n\n\n<p><strong>Loza habl\u00f3 de 190 despidos y una presentaci\u00f3n urgente<\/strong><\/p>\n\n\n\n<p>El viernes pasado, el Sindicato de Trabajadores de la Carne de La Pampa sali\u00f3 a dar explicaciones luego de los cuestionamientos de empleados de los frigor\u00edficos de <strong>Trenel<\/strong> y <strong>General Pico<\/strong> por la falta de informaci\u00f3n en medio de los despidos.<\/p>\n\n\n\n<p>\u201c<strong>Unos 190 despidos ocurrieron hace una semana<\/strong>\u201d, afirm\u00f3 el secretario general del gremio, <strong>Antonio Loza<\/strong>, durante una conferencia de prensa.<\/p>\n\n\n\n<p>Loza sostuvo que el jueves 12 se cumpli\u00f3 el plazo para el pago de las indemnizaciones y que eso no ocurri\u00f3. \u201cEntonces, (&#8230;) hicimos una presentaci\u00f3n en <strong>Relaciones Laborales<\/strong> para que tome intervenci\u00f3n urgente\u201d, se\u00f1al\u00f3. Seg\u00fan explic\u00f3, el objetivo de esa presentaci\u00f3n fue que se cite a la empresa para que informe por qu\u00e9 no abon\u00f3 las indemnizaciones y cu\u00e1l ser\u00e1 la continuidad, teniendo en cuenta que todav\u00eda hay <strong>400 trabajadores<\/strong> en relaci\u00f3n de dependencia, pese a que la planta no est\u00e1 operativa.<\/p>\n\n\n\n<div style=\"height:100px\" aria-hidden=\"true\" class=\"wp-block-spacer\"><\/div>\n\n\n\n<p><strong>Actividad paralizada desde el 1\u00b0 de enero<\/strong><\/p>\n\n\n\n<p>El conflicto se desarrolla en un contexto de <strong>paralizaci\u00f3n total<\/strong> de la actividad desde el <strong>1\u00b0 de enero<\/strong>, seg\u00fan indic\u00f3 el gremio.<\/p>\n\n\n\n<p>Los despidos fueron notificados bajo el <strong>art\u00edculo 247<\/strong> de la Ley de Contrato de Trabajo, que prev\u00e9 <strong>indemnizaciones reducidas<\/strong> (generalmente al 50%) ante casos de fuerza mayor o falta o disminuci\u00f3n de trabajo no imputable al empleador.<\/p>\n\n\n\n<p>Hace meses que no se realizan faenas de vacunos en la planta de General Pico. Sin embargo, los empresarios usaban esas instalaciones para tareas de <strong>desposte y envasado<\/strong>, mientras que la faena se concentraba en Trenel.<\/p>\n\n\n\n<p>Desde comienzos de a\u00f1o no hay actividad y, hace unos 15 d\u00edas, comenzaron a llegar los telegramas de despido.<\/p>\n\n\n\n<p><\/p>\n\n\n\n<p><\/p>\n","protected":false},"excerpt":{"rendered":"<p>La localidad de Trenel est\u00e1 en la calle. Este mi\u00e9rcoles se registra una protesta por el conflicto del Frigor\u00edfico Pico, en medio de la paralizaci\u00f3n de la actividad y los&hellip;<\/p>\n","protected":false},"author":3,"featured_media":319905,"comment_status":"closed","ping_status":"open","sticky":false,"template":"","format":"standard","meta":{"_acf_changed":false,"footnotes":""},"categories":[10,20],"tags":[],"class_list":["post-319895","post","type-post","status-publish","format-standard","has-post-thumbnail","hentry","category-portada-2","category-campo"],"acf":[],"yoast_head":"<!-- This site is optimized with the Yoast SEO plugin v27.5 - https:\/\/yoast.com\/product\/yoast-seo-wordpress\/ -->\n<title>En Trenel protestaron trabajadores despedidos del frigor\u00edfico - Diario Textual<\/title>\n<meta name=\"robots\" content=\"index, follow, max-snippet:-1, max-image-preview:large, max-video-preview:-1\" \/>\n<link rel=\"canonical\" href=\"https:\/\/diariotextual.com\/inicio\/index.php\/2026\/02\/18\/en-trenel-protestan-trabajadores-despedidos-del-frigorifico\/\" \/>\n<meta property=\"og:locale\" content=\"es_ES\" \/>\n<meta property=\"og:type\" content=\"article\" \/>\n<meta property=\"og:title\" content=\"En Trenel protestaron trabajadores despedidos del frigor\u00edfico - Diario Textual\" \/>\n<meta property=\"og:description\" content=\"La localidad de Trenel est\u00e1 en la calle. Este mi\u00e9rcoles se registra una protesta por el conflicto del Frigor\u00edfico Pico, en medio de la paralizaci\u00f3n de la actividad y los&hellip;\" \/>\n<meta property=\"og:url\" content=\"https:\/\/diariotextual.com\/inicio\/index.php\/2026\/02\/18\/en-trenel-protestan-trabajadores-despedidos-del-frigorifico\/\" \/>\n<meta property=\"og:site_name\" content=\"Diario Textual\" \/>\n<meta property=\"article:publisher\" content=\"https:\/\/www.facebook.com\/eltextual\" \/>\n<meta property=\"article:published_time\" content=\"2026-02-18T12:18:48+00:00\" \/>\n<meta property=\"article:modified_time\" content=\"2026-02-18T20:42:01+00:00\" \/>\n<meta property=\"og:image\" content=\"https:\/\/diariotextual.com\/inicio\/wp-content\/uploads\/2026\/02\/frigorificopicofrigorificotreneldespidostextual2026-21.jpg\" \/>\n\t<meta property=\"og:image:width\" content=\"1200\" \/>\n\t<meta property=\"og:image:height\" content=\"767\" \/>\n\t<meta property=\"og:image:type\" content=\"image\/jpeg\" \/>\n<meta name=\"author\" content=\"Diario1 Diario1\" \/>\n<meta name=\"twitter:card\" content=\"summary_large_image\" \/>\n<meta name=\"twitter:creator\" content=\"@eltextual\" \/>\n<meta name=\"twitter:site\" content=\"@eltextual\" \/>\n<meta name=\"twitter:label1\" content=\"Escrito por\" \/>\n\t<meta name=\"twitter:data1\" content=\"Diario1 Diario1\" \/>\n\t<meta name=\"twitter:label2\" content=\"Tiempo de lectura\" \/>\n\t<meta name=\"twitter:data2\" content=\"1 minuto\" \/>\n<script type=\"application\/ld+json\" class=\"yoast-schema-graph\">{\"@context\":\"https:\\\/\\\/schema.org\",\"@graph\":[{\"@type\":\"Article\",\"@id\":\"https:\\\/\\\/diariotextual.com\\\/inicio\\\/index.php\\\/2026\\\/02\\\/18\\\/en-trenel-protestan-trabajadores-despedidos-del-frigorifico\\\/#article\",\"isPartOf\":{\"@id\":\"https:\\\/\\\/diariotextual.com\\\/inicio\\\/index.php\\\/2026\\\/02\\\/18\\\/en-trenel-protestan-trabajadores-despedidos-del-frigorifico\\\/\"},\"author\":{\"name\":\"Diario1 Diario1\",\"@id\":\"https:\\\/\\\/diariotextual.com\\\/inicio\\\/#\\\/schema\\\/person\\\/418fc4093c33e86ed41562db3508f958\"},\"headline\":\"En Trenel protestaron trabajadores despedidos del frigor\u00edfico\",\"datePublished\":\"2026-02-18T12:18:48+00:00\",\"dateModified\":\"2026-02-18T20:42:01+00:00\",\"mainEntityOfPage\":{\"@id\":\"https:\\\/\\\/diariotextual.com\\\/inicio\\\/index.php\\\/2026\\\/02\\\/18\\\/en-trenel-protestan-trabajadores-despedidos-del-frigorifico\\\/\"},\"wordCount\":486,\"publisher\":{\"@id\":\"https:\\\/\\\/diariotextual.com\\\/inicio\\\/#organization\"},\"image\":{\"@id\":\"https:\\\/\\\/diariotextual.com\\\/inicio\\\/index.php\\\/2026\\\/02\\\/18\\\/en-trenel-protestan-trabajadores-despedidos-del-frigorifico\\\/#primaryimage\"},\"thumbnailUrl\":\"https:\\\/\\\/diariotextual.com\\\/inicio\\\/wp-content\\\/uploads\\\/2026\\\/02\\\/frigorificopicofrigorificotreneldespidostextual2026-21.jpg\",\"articleSection\":[\"A - PORTADA2\",\"CAMPO\"],\"inLanguage\":\"es\"},{\"@type\":\"WebPage\",\"@id\":\"https:\\\/\\\/diariotextual.com\\\/inicio\\\/index.php\\\/2026\\\/02\\\/18\\\/en-trenel-protestan-trabajadores-despedidos-del-frigorifico\\\/\",\"url\":\"https:\\\/\\\/diariotextual.com\\\/inicio\\\/index.php\\\/2026\\\/02\\\/18\\\/en-trenel-protestan-trabajadores-despedidos-del-frigorifico\\\/\",\"name\":\"En Trenel protestaron trabajadores despedidos del frigor\u00edfico - Diario Textual\",\"isPartOf\":{\"@id\":\"https:\\\/\\\/diariotextual.com\\\/inicio\\\/#website\"},\"primaryImageOfPage\":{\"@id\":\"https:\\\/\\\/diariotextual.com\\\/inicio\\\/index.php\\\/2026\\\/02\\\/18\\\/en-trenel-protestan-trabajadores-despedidos-del-frigorifico\\\/#primaryimage\"},\"image\":{\"@id\":\"https:\\\/\\\/diariotextual.com\\\/inicio\\\/index.php\\\/2026\\\/02\\\/18\\\/en-trenel-protestan-trabajadores-despedidos-del-frigorifico\\\/#primaryimage\"},\"thumbnailUrl\":\"https:\\\/\\\/diariotextual.com\\\/inicio\\\/wp-content\\\/uploads\\\/2026\\\/02\\\/frigorificopicofrigorificotreneldespidostextual2026-21.jpg\",\"datePublished\":\"2026-02-18T12:18:48+00:00\",\"dateModified\":\"2026-02-18T20:42:01+00:00\",\"breadcrumb\":{\"@id\":\"https:\\\/\\\/diariotextual.com\\\/inicio\\\/index.php\\\/2026\\\/02\\\/18\\\/en-trenel-protestan-trabajadores-despedidos-del-frigorifico\\\/#breadcrumb\"},\"inLanguage\":\"es\",\"potentialAction\":[{\"@type\":\"ReadAction\",\"target\":[\"https:\\\/\\\/diariotextual.com\\\/inicio\\\/index.php\\\/2026\\\/02\\\/18\\\/en-trenel-protestan-trabajadores-despedidos-del-frigorifico\\\/\"]}]},{\"@type\":\"ImageObject\",\"inLanguage\":\"es\",\"@id\":\"https:\\\/\\\/diariotextual.com\\\/inicio\\\/index.php\\\/2026\\\/02\\\/18\\\/en-trenel-protestan-trabajadores-despedidos-del-frigorifico\\\/#primaryimage\",\"url\":\"https:\\\/\\\/diariotextual.com\\\/inicio\\\/wp-content\\\/uploads\\\/2026\\\/02\\\/frigorificopicofrigorificotreneldespidostextual2026-21.jpg\",\"contentUrl\":\"https:\\\/\\\/diariotextual.com\\\/inicio\\\/wp-content\\\/uploads\\\/2026\\\/02\\\/frigorificopicofrigorificotreneldespidostextual2026-21.jpg\",\"width\":1200,\"height\":767},{\"@type\":\"BreadcrumbList\",\"@id\":\"https:\\\/\\\/diariotextual.com\\\/inicio\\\/index.php\\\/2026\\\/02\\\/18\\\/en-trenel-protestan-trabajadores-despedidos-del-frigorifico\\\/#breadcrumb\",\"itemListElement\":[{\"@type\":\"ListItem\",\"position\":1,\"name\":\"Portada\",\"item\":\"https:\\\/\\\/diariotextual.com\\\/inicio\\\/\"},{\"@type\":\"ListItem\",\"position\":2,\"name\":\"En Trenel protestaron trabajadores despedidos del frigor\u00edfico\"}]},{\"@type\":\"WebSite\",\"@id\":\"https:\\\/\\\/diariotextual.com\\\/inicio\\\/#website\",\"url\":\"https:\\\/\\\/diariotextual.com\\\/inicio\\\/\",\"name\":\"Diario Textual\",\"description\":\"\",\"publisher\":{\"@id\":\"https:\\\/\\\/diariotextual.com\\\/inicio\\\/#organization\"},\"potentialAction\":[{\"@type\":\"SearchAction\",\"target\":{\"@type\":\"EntryPoint\",\"urlTemplate\":\"https:\\\/\\\/diariotextual.com\\\/inicio\\\/?s={search_term_string}\"},\"query-input\":{\"@type\":\"PropertyValueSpecification\",\"valueRequired\":true,\"valueName\":\"search_term_string\"}}],\"inLanguage\":\"es\"},{\"@type\":\"Organization\",\"@id\":\"https:\\\/\\\/diariotextual.com\\\/inicio\\\/#organization\",\"name\":\"Diario Textual\",\"url\":\"https:\\\/\\\/diariotextual.com\\\/inicio\\\/\",\"logo\":{\"@type\":\"ImageObject\",\"inLanguage\":\"es\",\"@id\":\"https:\\\/\\\/diariotextual.com\\\/inicio\\\/#\\\/schema\\\/logo\\\/image\\\/\",\"url\":\"https:\\\/\\\/diariotextual.com\\\/inicio\\\/wp-content\\\/uploads\\\/2023\\\/05\\\/logotextual1.jpg\",\"contentUrl\":\"https:\\\/\\\/diariotextual.com\\\/inicio\\\/wp-content\\\/uploads\\\/2023\\\/05\\\/logotextual1.jpg\",\"width\":516,\"height\":76,\"caption\":\"Diario Textual\"},\"image\":{\"@id\":\"https:\\\/\\\/diariotextual.com\\\/inicio\\\/#\\\/schema\\\/logo\\\/image\\\/\"},\"sameAs\":[\"https:\\\/\\\/www.facebook.com\\\/eltextual\",\"https:\\\/\\\/x.com\\\/eltextual\",\"http:\\\/\\\/www.instagram.com\\\/eltextual\"]},{\"@type\":\"Person\",\"@id\":\"https:\\\/\\\/diariotextual.com\\\/inicio\\\/#\\\/schema\\\/person\\\/418fc4093c33e86ed41562db3508f958\",\"name\":\"Diario1 Diario1\",\"image\":{\"@type\":\"ImageObject\",\"inLanguage\":\"es\",\"@id\":\"https:\\\/\\\/secure.gravatar.com\\\/avatar\\\/9167d280179c85bc18be67aa7eda765854300033af4896dd779b608640f2ef7a?s=96&d=mm&r=g\",\"url\":\"https:\\\/\\\/secure.gravatar.com\\\/avatar\\\/9167d280179c85bc18be67aa7eda765854300033af4896dd779b608640f2ef7a?s=96&d=mm&r=g\",\"contentUrl\":\"https:\\\/\\\/secure.gravatar.com\\\/avatar\\\/9167d280179c85bc18be67aa7eda765854300033af4896dd779b608640f2ef7a?s=96&d=mm&r=g\",\"caption\":\"Diario1 Diario1\"},\"url\":\"https:\\\/\\\/diariotextual.com\\\/inicio\\\/index.php\\\/author\\\/diario1\\\/\"}]}<\/script>\n<!-- \/ Yoast SEO plugin. -->","yoast_head_json":{"title":"En Trenel protestaron trabajadores despedidos del frigor\u00edfico - Diario Textual","robots":{"index":"index","follow":"follow","max-snippet":"max-snippet:-1","max-image-preview":"max-image-preview:large","max-video-preview":"max-video-preview:-1"},"canonical":"https:\/\/diariotextual.com\/inicio\/index.php\/2026\/02\/18\/en-trenel-protestan-trabajadores-despedidos-del-frigorifico\/","og_locale":"es_ES","og_type":"article","og_title":"En Trenel protestaron trabajadores despedidos del frigor\u00edfico - Diario Textual","og_description":"La localidad de Trenel est\u00e1 en la calle. Este mi\u00e9rcoles se registra una protesta por el conflicto del Frigor\u00edfico Pico, en medio de la paralizaci\u00f3n de la actividad y los&hellip;","og_url":"https:\/\/diariotextual.com\/inicio\/index.php\/2026\/02\/18\/en-trenel-protestan-trabajadores-despedidos-del-frigorifico\/","og_site_name":"Diario Textual","article_publisher":"https:\/\/www.facebook.com\/eltextual","article_published_time":"2026-02-18T12:18:48+00:00","article_modified_time":"2026-02-18T20:42:01+00:00","og_image":[{"width":1200,"height":767,"url":"https:\/\/diariotextual.com\/inicio\/wp-content\/uploads\/2026\/02\/frigorificopicofrigorificotreneldespidostextual2026-21.jpg","type":"image\/jpeg"}],"author":"Diario1 Diario1","twitter_card":"summary_large_image","twitter_creator":"@eltextual","twitter_site":"@eltextual","twitter_misc":{"Escrito por":"Diario1 Diario1","Tiempo de lectura":"1 minuto"},"schema":{"@context":"https:\/\/schema.org","@graph":[{"@type":"Article","@id":"https:\/\/diariotextual.com\/inicio\/index.php\/2026\/02\/18\/en-trenel-protestan-trabajadores-despedidos-del-frigorifico\/#article","isPartOf":{"@id":"https:\/\/diariotextual.com\/inicio\/index.php\/2026\/02\/18\/en-trenel-protestan-trabajadores-despedidos-del-frigorifico\/"},"author":{"name":"Diario1 Diario1","@id":"https:\/\/diariotextual.com\/inicio\/#\/schema\/person\/418fc4093c33e86ed41562db3508f958"},"headline":"En Trenel protestaron trabajadores despedidos del frigor\u00edfico","datePublished":"2026-02-18T12:18:48+00:00","dateModified":"2026-02-18T20:42:01+00:00","mainEntityOfPage":{"@id":"https:\/\/diariotextual.com\/inicio\/index.php\/2026\/02\/18\/en-trenel-protestan-trabajadores-despedidos-del-frigorifico\/"},"wordCount":486,"publisher":{"@id":"https:\/\/diariotextual.com\/inicio\/#organization"},"image":{"@id":"https:\/\/diariotextual.com\/inicio\/index.php\/2026\/02\/18\/en-trenel-protestan-trabajadores-despedidos-del-frigorifico\/#primaryimage"},"thumbnailUrl":"https:\/\/diariotextual.com\/inicio\/wp-content\/uploads\/2026\/02\/frigorificopicofrigorificotreneldespidostextual2026-21.jpg","articleSection":["A - PORTADA2","CAMPO"],"inLanguage":"es"},{"@type":"WebPage","@id":"https:\/\/diariotextual.com\/inicio\/index.php\/2026\/02\/18\/en-trenel-protestan-trabajadores-despedidos-del-frigorifico\/","url":"https:\/\/diariotextual.com\/inicio\/index.php\/2026\/02\/18\/en-trenel-protestan-trabajadores-despedidos-del-frigorifico\/","name":"En Trenel protestaron trabajadores despedidos del frigor\u00edfico - Diario Textual","isPartOf":{"@id":"https:\/\/diariotextual.com\/inicio\/#website"},"primaryImageOfPage":{"@id":"https:\/\/diariotextual.com\/inicio\/index.php\/2026\/02\/18\/en-trenel-protestan-trabajadores-despedidos-del-frigorifico\/#primaryimage"},"image":{"@id":"https:\/\/diariotextual.com\/inicio\/index.php\/2026\/02\/18\/en-trenel-protestan-trabajadores-despedidos-del-frigorifico\/#primaryimage"},"thumbnailUrl":"https:\/\/diariotextual.com\/inicio\/wp-content\/uploads\/2026\/02\/frigorificopicofrigorificotreneldespidostextual2026-21.jpg","datePublished":"2026-02-18T12:18:48+00:00","dateModified":"2026-02-18T20:42:01+00:00","breadcrumb":{"@id":"https:\/\/diariotextual.com\/inicio\/index.php\/2026\/02\/18\/en-trenel-protestan-trabajadores-despedidos-del-frigorifico\/#breadcrumb"},"inLanguage":"es","potentialAction":[{"@type":"ReadAction","target":["https:\/\/diariotextual.com\/inicio\/index.php\/2026\/02\/18\/en-trenel-protestan-trabajadores-despedidos-del-frigorifico\/"]}]},{"@type":"ImageObject","inLanguage":"es","@id":"https:\/\/diariotextual.com\/inicio\/index.php\/2026\/02\/18\/en-trenel-protestan-trabajadores-despedidos-del-frigorifico\/#primaryimage","url":"https:\/\/diariotextual.com\/inicio\/wp-content\/uploads\/2026\/02\/frigorificopicofrigorificotreneldespidostextual2026-21.jpg","contentUrl":"https:\/\/diariotextual.com\/inicio\/wp-content\/uploads\/2026\/02\/frigorificopicofrigorificotreneldespidostextual2026-21.jpg","width":1200,"height":767},{"@type":"BreadcrumbList","@id":"https:\/\/diariotextual.com\/inicio\/index.php\/2026\/02\/18\/en-trenel-protestan-trabajadores-despedidos-del-frigorifico\/#breadcrumb","itemListElement":[{"@type":"ListItem","position":1,"name":"Portada","item":"https:\/\/diariotextual.com\/inicio\/"},{"@type":"ListItem","position":2,"name":"En Trenel protestaron trabajadores despedidos del frigor\u00edfico"}]},{"@type":"WebSite","@id":"https:\/\/diariotextual.com\/inicio\/#website","url":"https:\/\/diariotextual.com\/inicio\/","name":"Diario Textual","description":"","publisher":{"@id":"https:\/\/diariotextual.com\/inicio\/#organization"},"potentialAction":[{"@type":"SearchAction","target":{"@type":"EntryPoint","urlTemplate":"https:\/\/diariotextual.com\/inicio\/?s={search_term_string}"},"query-input":{"@type":"PropertyValueSpecification","valueRequired":true,"valueName":"search_term_string"}}],"inLanguage":"es"},{"@type":"Organization","@id":"https:\/\/diariotextual.com\/inicio\/#organization","name":"Diario Textual","url":"https:\/\/diariotextual.com\/inicio\/","logo":{"@type":"ImageObject","inLanguage":"es","@id":"https:\/\/diariotextual.com\/inicio\/#\/schema\/logo\/image\/","url":"https:\/\/diariotextual.com\/inicio\/wp-content\/uploads\/2023\/05\/logotextual1.jpg","contentUrl":"https:\/\/diariotextual.com\/inicio\/wp-content\/uploads\/2023\/05\/logotextual1.jpg","width":516,"height":76,"caption":"Diario Textual"},"image":{"@id":"https:\/\/diariotextual.com\/inicio\/#\/schema\/logo\/image\/"},"sameAs":["https:\/\/www.facebook.com\/eltextual","https:\/\/x.com\/eltextual","http:\/\/www.instagram.com\/eltextual"]},{"@type":"Person","@id":"https:\/\/diariotextual.com\/inicio\/#\/schema\/person\/418fc4093c33e86ed41562db3508f958","name":"Diario1 Diario1","image":{"@type":"ImageObject","inLanguage":"es","@id":"https:\/\/secure.gravatar.com\/avatar\/9167d280179c85bc18be67aa7eda765854300033af4896dd779b608640f2ef7a?s=96&d=mm&r=g","url":"https:\/\/secure.gravatar.com\/avatar\/9167d280179c85bc18be67aa7eda765854300033af4896dd779b608640f2ef7a?s=96&d=mm&r=g","contentUrl":"https:\/\/secure.gravatar.com\/avatar\/9167d280179c85bc18be67aa7eda765854300033af4896dd779b608640f2ef7a?s=96&d=mm&r=g","caption":"Diario1 Diario1"},"url":"https:\/\/diariotextual.com\/inicio\/index.php\/author\/diario1\/"}]}},"_links":{"self":[{"href":"https:\/\/diariotextual.com\/inicio\/index.php\/wp-json\/wp\/v2\/posts\/319895","targetHints":{"allow":["GET"]}}],"collection":[{"href":"https:\/\/diariotextual.com\/inicio\/index.php\/wp-json\/wp\/v2\/posts"}],"about":[{"href":"https:\/\/diariotextual.com\/inicio\/index.php\/wp-json\/wp\/v2\/types\/post"}],"author":[{"embeddable":true,"href":"https:\/\/diariotextual.com\/inicio\/index.php\/wp-json\/wp\/v2\/users\/3"}],"replies":[{"embeddable":true,"href":"https:\/\/diariotextual.com\/inicio\/index.php\/wp-json\/wp\/v2\/comments?post=319895"}],"version-history":[{"count":6,"href":"https:\/\/diariotextual.com\/inicio\/index.php\/wp-json\/wp\/v2\/posts\/319895\/revisions"}],"predecessor-version":[{"id":319909,"href":"https:\/\/diariotextual.com\/inicio\/index.php\/wp-json\/wp\/v2\/posts\/319895\/revisions\/319909"}],"wp:featuredmedia":[{"embeddable":true,"href":"https:\/\/diariotextual.com\/inicio\/index.php\/wp-json\/wp\/v2\/media\/319905"}],"wp:attachment":[{"href":"https:\/\/diariotextual.com\/inicio\/index.php\/wp-json\/wp\/v2\/media?parent=319895"}],"wp:term":[{"taxonomy":"category","embeddable":true,"href":"https:\/\/diariotextual.com\/inicio\/index.php\/wp-json\/wp\/v2\/categories?post=319895"},{"taxonomy":"post_tag","embeddable":true,"href":"https:\/\/diariotextual.com\/inicio\/index.php\/wp-json\/wp\/v2\/tags?post=319895"}],"curies":[{"name":"wp","href":"https:\/\/api.w.org\/{rel}","templated":true}]}}