{"id":319914,"date":"2026-02-18T11:20:51","date_gmt":"2026-02-18T14:20:51","guid":{"rendered":"https:\/\/diariotextual.com\/inicio\/?p=319914"},"modified":"2026-02-18T15:23:12","modified_gmt":"2026-02-18T18:23:12","slug":"ziliotto-kicillof-y-otros-gobernadores-del-pj-dicen-que-la-reforma-laboral-de-miel-agrava-los-problemas-de-empleo","status":"publish","type":"post","link":"https:\/\/diariotextual.com\/inicio\/index.php\/2026\/02\/18\/ziliotto-kicillof-y-otros-gobernadores-del-pj-dicen-que-la-reforma-laboral-de-miel-agrava-los-problemas-de-empleo\/","title":{"rendered":"Ziliotto, Kicillof y otros gobernadores del PJ dicen que la reforma laboral de Milei agrava los problemas de empleo"},"content":{"rendered":"\n<p>Los gobernadores <strong>Sergio Ziliotto<\/strong> (La Pampa) y <strong>Axel Kicillof<\/strong> (Buenos Aires), junto a mandatarios de otras provincias, expresaron su <strong>rechazo<\/strong> al proyecto de <strong>reforma laboral<\/strong> impulsado por el presidente <strong>Javier Milei<\/strong> y advirtieron que la iniciativa <strong>debilita derechos<\/strong> y se impulsa en un contexto econ\u00f3mico que provoca <strong>cierre de empresas<\/strong>, <strong>aumento del desempleo<\/strong> y <strong>precarizaci\u00f3n<\/strong>.<\/p>\n\n\n\n<p><\/p>\n\n\n\n<blockquote class=\"twitter-tweet\"><p lang=\"es\" dir=\"ltr\">La Argentina necesita modernizar su legislaci\u00f3n laboral para ampliar derechos y promover el trabajo formal, no para retroceder en materia de protecci\u00f3n.<br><br>El futuro se construye asegurando derechos, progreso y desarrollo. <a href=\"https:\/\/t.co\/po5t2wvhRT\">pic.twitter.com\/po5t2wvhRT<\/a><\/p>&mdash; Sergio Ziliotto (@ZiliottoSergio) <a href=\"https:\/\/twitter.com\/ZiliottoSergio\/status\/2024125363249414584?ref_src=twsrc%5Etfw\">February 18, 2026<\/a><\/blockquote> <script async src=\"https:\/\/platform.twitter.com\/widgets.js\" charset=\"utf-8\"><\/script>\n\n\n\n<p>En un documento conjunto, los gobernadores de La Pampa, Buenos Aires, Tierra del Fuego, Formosa, Santiago del Estero y La Rioja se\u00f1alaron que la legislaci\u00f3n laboral debe actualizarse frente a los cambios tecnol\u00f3gicos, productivos y sociales, pero remarcaron que ninguna reforma puede orientarse al <strong>desmantelamiento de derechos conquistados<\/strong> ni a la reducci\u00f3n de protecciones.<\/p>\n\n\n\n<p>En el texto, los mandatarios sostuvieron que la propuesta oficial, presentada como una modernizaci\u00f3n, en realidad \u201c<strong>debilita derechos individuales y colectivos<\/strong>\u201d en un escenario nacional y mundial de creciente incertidumbre laboral.<\/p>\n\n\n\n<p>Tambi\u00e9n afirmaron que el proyecto se impulsa junto a una pol\u00edtica econ\u00f3mica que, seg\u00fan el documento, gener\u00f3 <strong>ca\u00edda de la actividad<\/strong>, <strong>retracci\u00f3n del consumo<\/strong>, <strong>cierre de empresas<\/strong> y un incremento del <strong>desempleo<\/strong> y la <strong>precarizaci\u00f3n<\/strong>.<\/p>\n\n\n\n<p>Los gobernadores aseguraron que, en ese contexto, el proyecto no aborda los problemas estructurales del empleo y que, por el contrario, <strong>los agrava<\/strong>.<\/p>\n\n\n\n<p>Por \u00faltimo, aclararon que no se oponen a todo cambio, pero s\u00ed a un paquete de reformas que, a su criterio, \u201cnada tiene de moderno\u201d y consolida un esquema de <strong>desprotecci\u00f3n laboral<\/strong>.<\/p>\n\n\n\n<div style=\"height:100px\" aria-hidden=\"true\" class=\"wp-block-spacer\"><\/div>\n\n\n\n<p><strong>Llamado a rechazar la iniciativa<\/strong><\/p>\n\n\n\n<p>\u201cLlamamos a las distintas fuerzas pol\u00edticas a votar en contra de esta iniciativa\u201d, dijeron en el documento.<\/p>\n\n\n\n<p>\u201cEstamos convencidos de la necesidad de encarar reformas y transformaciones en los marcos normativos que regulen el mundo del trabajo. La legislaci\u00f3n laboral debe actualizarse frente a los cambios tecnol\u00f3gicos, productivos y sociales que atraviesan nuestras sociedades. Sin embargo, ninguna reforma puede orientarse al desmantelamiento de derechos conquistados ni a la reducci\u00f3n de protecciones, sino por el contrario, reconocer nuevas garant\u00edas en un mercado laboral crecientemente inestable\u201d, expresaron.<\/p>\n\n\n\n<p>\u201cLa propuesta oficial, presentada como modernizaci\u00f3n, debilita derechos individuales y colectivos en un contexto nacional y mundial de creciente incertidumbre laboral. Se impulsa adem\u00e1s en el marco de una pol\u00edtica econ\u00f3mica que ha provocado ca\u00edda de actividad, retracci\u00f3n del consumo, cierre de empresas y aumento de desempleo y la precarizaci\u00f3n. En este escenario, lejos de resolver los problemas estructurales del empleo, el proyecto los agrava. No nos oponemos, como sostienen los supuestos modernizadores, a todo cambio. Nos oponemos a este paquete de cambios que nada tiene de moderno, sino que simplemente consolida la desprotecci\u00f3n\u201d, manifestaron.<\/p>\n\n\n\n<div style=\"height:100px\" aria-hidden=\"true\" class=\"wp-block-spacer\"><\/div>\n\n\n\n<p><strong>\u201cAntifederal\u201d<\/strong><\/p>\n\n\n\n<p>\u201cAsimismo, se trata de una reforma profundamente antifederal\u201d, resaltaron. \u201cSus efectos impactar\u00e1n de manera directa sobre las ya golpeadas econom\u00edas regionales y las provincias productivas, sin contemplar sus particularidades ni abrir instancias de di\u00e1logo con los gobiernos subnacionales. En un pa\u00eds federal, las transformaciones estructurales requieren consensos amplios y respeto por la diversidad territorial\u201d, sostuvieron.<\/p>\n\n\n\n<p>\u201cLa informalidad laboral, problema central de la Argentina, no se resuelve recortando derechos a quienes los tienen. Se aborda mediante pol\u00edticas activas de desarrollo productivo, incentivos a la formalizaci\u00f3n, innovaci\u00f3n normativa y una estrategia econ\u00f3mica que promueva la producci\u00f3n, el mercado interno y la generaci\u00f3n de empleo de calidad\u201d, manifestaron los mandatarios.<\/p>\n\n\n\n<p>\u201cDesde que lleg\u00f3 el actual gobierno, su plan econ\u00f3mico pulveriz\u00f3 21 mil empresas y casi 300 mil puestos de trabajo, con los niveles m\u00e1s bajos de utilizaci\u00f3n de la capacidad instalada y, por primera vez, inversi\u00f3n extranjera negativa. Para crear trabajo, en un mundo hoy proteccionista, hace falta emprender pol\u00edticas federales de desarrollo e industrializaci\u00f3n\u201d, resaltaron.<\/p>\n\n\n\n<p>\u201cPor todo lo expuesto, reiteramos nuestro rechazo a la reforma laboral del gobierno nacional y a la orientaci\u00f3n econ\u00f3mica que la sustenta. Convocamos a todas las fuerzas pol\u00edticas a defender un activo central de la sociedad argentina: el sistema de derechos sociales y laborales construido a lo largo de d\u00e9cadas con el aporte de distintos espacios pol\u00edticos y actores sociales\u201d, dijeron.<\/p>\n\n\n\n<p>\u201cLa Argentina necesita modernizar su legislaci\u00f3n laboral para ampliar derechos y promover el trabajo formal, no para retroceder en materia de protecci\u00f3n. El futuro se construye asegurando derechos, progreso y desarrollo. Ese es el camino que proponemos y que estamos dispuestos a debatir en el marco del di\u00e1logo democr\u00e1tico y el respeto institucional\u201d, finalizaron.<\/p>\n\n\n\n<p><\/p>\n\n\n\n<figure class=\"wp-block-embed is-type-wp-embed is-provider-diario-textual wp-block-embed-diario-textual\"><div class=\"wp-block-embed__wrapper\">\n<blockquote class=\"wp-embedded-content\" data-secret=\"1nHvW5wJ0h\"><a href=\"https:\/\/diariotextual.com\/inicio\/index.php\/2026\/02\/18\/en-dos-anos-de-gobierno-de-milei-la-pampa-perdio-250-empleadores\/\">La Pampa perdi\u00f3 250 empleadores en dos a\u00f1os de Gobierno de Javier Milei<\/a><\/blockquote><iframe class=\"wp-embedded-content\" sandbox=\"allow-scripts\" security=\"restricted\" style=\"position: absolute; visibility: hidden;\" title=\"\u00abLa Pampa perdi\u00f3 250 empleadores en dos a\u00f1os de Gobierno de Javier Milei\u00bb \u2014 Diario Textual\" src=\"https:\/\/diariotextual.com\/inicio\/index.php\/2026\/02\/18\/en-dos-anos-de-gobierno-de-milei-la-pampa-perdio-250-empleadores\/embed\/#?secret=34zhEaCHeR#?secret=1nHvW5wJ0h\" data-secret=\"1nHvW5wJ0h\" width=\"600\" height=\"338\" frameborder=\"0\" marginwidth=\"0\" marginheight=\"0\" scrolling=\"no\"><\/iframe>\n<\/div><\/figure>\n","protected":false},"excerpt":{"rendered":"<p>Los gobernadores Sergio Ziliotto (La Pampa) y Axel Kicillof (Buenos Aires), junto a mandatarios de otras provincias, expresaron su rechazo al proyecto de reforma laboral impulsado por el presidente Javier&hellip;<\/p>\n","protected":false},"author":3,"featured_media":267907,"comment_status":"closed","ping_status":"open","sticky":false,"template":"","format":"standard","meta":{"_acf_changed":false,"footnotes":""},"categories":[1,11,8],"tags":[],"class_list":["post-319914","post","type-post","status-publish","format-standard","has-post-thumbnail","hentry","category-es-noticia","category-que-pasa","category-politica"],"acf":[],"yoast_head":"<!-- This site is optimized with the Yoast SEO plugin v27.5 - https:\/\/yoast.com\/product\/yoast-seo-wordpress\/ -->\n<title>Ziliotto, Kicillof y otros gobernadores del PJ dicen que la reforma laboral de Milei agrava los problemas de empleo - Diario Textual<\/title>\n<meta name=\"robots\" content=\"index, follow, max-snippet:-1, max-image-preview:large, max-video-preview:-1\" \/>\n<link rel=\"canonical\" href=\"https:\/\/diariotextual.com\/inicio\/index.php\/2026\/02\/18\/ziliotto-kicillof-y-otros-gobernadores-del-pj-dicen-que-la-reforma-laboral-de-miel-agrava-los-problemas-de-empleo\/\" \/>\n<meta property=\"og:locale\" content=\"es_ES\" \/>\n<meta property=\"og:type\" content=\"article\" \/>\n<meta property=\"og:title\" content=\"Ziliotto, Kicillof y otros gobernadores del PJ dicen que la reforma laboral de Milei agrava los problemas de empleo - Diario Textual\" \/>\n<meta property=\"og:description\" content=\"Los gobernadores Sergio Ziliotto (La Pampa) y Axel Kicillof (Buenos Aires), junto a mandatarios de otras provincias, expresaron su rechazo al proyecto de reforma laboral impulsado por el presidente Javier&hellip;\" \/>\n<meta property=\"og:url\" content=\"https:\/\/diariotextual.com\/inicio\/index.php\/2026\/02\/18\/ziliotto-kicillof-y-otros-gobernadores-del-pj-dicen-que-la-reforma-laboral-de-miel-agrava-los-problemas-de-empleo\/\" \/>\n<meta property=\"og:site_name\" content=\"Diario Textual\" \/>\n<meta property=\"article:publisher\" content=\"https:\/\/www.facebook.com\/eltextual\" \/>\n<meta property=\"article:published_time\" content=\"2026-02-18T14:20:51+00:00\" \/>\n<meta property=\"article:modified_time\" content=\"2026-02-18T18:23:12+00:00\" \/>\n<meta property=\"og:image\" content=\"https:\/\/diariotextual.com\/inicio\/wp-content\/uploads\/2024\/06\/ziliottosergiokicillofaxel2024-5.jpg\" \/>\n\t<meta property=\"og:image:width\" content=\"1500\" \/>\n\t<meta property=\"og:image:height\" content=\"1000\" \/>\n\t<meta property=\"og:image:type\" content=\"image\/jpeg\" \/>\n<meta name=\"author\" content=\"Diario1 Diario1\" \/>\n<meta name=\"twitter:card\" content=\"summary_large_image\" \/>\n<meta name=\"twitter:creator\" content=\"@eltextual\" \/>\n<meta name=\"twitter:site\" content=\"@eltextual\" \/>\n<meta name=\"twitter:label1\" content=\"Escrito por\" \/>\n\t<meta name=\"twitter:data1\" content=\"Diario1 Diario1\" \/>\n\t<meta name=\"twitter:label2\" content=\"Tiempo de lectura\" \/>\n\t<meta name=\"twitter:data2\" content=\"4 minutos\" \/>\n<script type=\"application\/ld+json\" class=\"yoast-schema-graph\">{\"@context\":\"https:\\\/\\\/schema.org\",\"@graph\":[{\"@type\":\"Article\",\"@id\":\"https:\\\/\\\/diariotextual.com\\\/inicio\\\/index.php\\\/2026\\\/02\\\/18\\\/ziliotto-kicillof-y-otros-gobernadores-del-pj-dicen-que-la-reforma-laboral-de-miel-agrava-los-problemas-de-empleo\\\/#article\",\"isPartOf\":{\"@id\":\"https:\\\/\\\/diariotextual.com\\\/inicio\\\/index.php\\\/2026\\\/02\\\/18\\\/ziliotto-kicillof-y-otros-gobernadores-del-pj-dicen-que-la-reforma-laboral-de-miel-agrava-los-problemas-de-empleo\\\/\"},\"author\":{\"name\":\"Diario1 Diario1\",\"@id\":\"https:\\\/\\\/diariotextual.com\\\/inicio\\\/#\\\/schema\\\/person\\\/418fc4093c33e86ed41562db3508f958\"},\"headline\":\"Ziliotto, Kicillof y otros gobernadores del PJ dicen que la reforma laboral de Milei agrava los problemas de empleo\",\"datePublished\":\"2026-02-18T14:20:51+00:00\",\"dateModified\":\"2026-02-18T18:23:12+00:00\",\"mainEntityOfPage\":{\"@id\":\"https:\\\/\\\/diariotextual.com\\\/inicio\\\/index.php\\\/2026\\\/02\\\/18\\\/ziliotto-kicillof-y-otros-gobernadores-del-pj-dicen-que-la-reforma-laboral-de-miel-agrava-los-problemas-de-empleo\\\/\"},\"wordCount\":816,\"publisher\":{\"@id\":\"https:\\\/\\\/diariotextual.com\\\/inicio\\\/#organization\"},\"image\":{\"@id\":\"https:\\\/\\\/diariotextual.com\\\/inicio\\\/index.php\\\/2026\\\/02\\\/18\\\/ziliotto-kicillof-y-otros-gobernadores-del-pj-dicen-que-la-reforma-laboral-de-miel-agrava-los-problemas-de-empleo\\\/#primaryimage\"},\"thumbnailUrl\":\"https:\\\/\\\/diariotextual.com\\\/inicio\\\/wp-content\\\/uploads\\\/2024\\\/06\\\/ziliottosergiokicillofaxel2024-5.jpg\",\"articleSection\":[\"A - ES NOTICIA (van abajo)\",\"A - QUE PASA (al costado)\",\"POLITICA\"],\"inLanguage\":\"es\"},{\"@type\":\"WebPage\",\"@id\":\"https:\\\/\\\/diariotextual.com\\\/inicio\\\/index.php\\\/2026\\\/02\\\/18\\\/ziliotto-kicillof-y-otros-gobernadores-del-pj-dicen-que-la-reforma-laboral-de-miel-agrava-los-problemas-de-empleo\\\/\",\"url\":\"https:\\\/\\\/diariotextual.com\\\/inicio\\\/index.php\\\/2026\\\/02\\\/18\\\/ziliotto-kicillof-y-otros-gobernadores-del-pj-dicen-que-la-reforma-laboral-de-miel-agrava-los-problemas-de-empleo\\\/\",\"name\":\"Ziliotto, Kicillof y otros gobernadores del PJ dicen que la reforma laboral de Milei agrava los problemas de empleo - Diario Textual\",\"isPartOf\":{\"@id\":\"https:\\\/\\\/diariotextual.com\\\/inicio\\\/#website\"},\"primaryImageOfPage\":{\"@id\":\"https:\\\/\\\/diariotextual.com\\\/inicio\\\/index.php\\\/2026\\\/02\\\/18\\\/ziliotto-kicillof-y-otros-gobernadores-del-pj-dicen-que-la-reforma-laboral-de-miel-agrava-los-problemas-de-empleo\\\/#primaryimage\"},\"image\":{\"@id\":\"https:\\\/\\\/diariotextual.com\\\/inicio\\\/index.php\\\/2026\\\/02\\\/18\\\/ziliotto-kicillof-y-otros-gobernadores-del-pj-dicen-que-la-reforma-laboral-de-miel-agrava-los-problemas-de-empleo\\\/#primaryimage\"},\"thumbnailUrl\":\"https:\\\/\\\/diariotextual.com\\\/inicio\\\/wp-content\\\/uploads\\\/2024\\\/06\\\/ziliottosergiokicillofaxel2024-5.jpg\",\"datePublished\":\"2026-02-18T14:20:51+00:00\",\"dateModified\":\"2026-02-18T18:23:12+00:00\",\"breadcrumb\":{\"@id\":\"https:\\\/\\\/diariotextual.com\\\/inicio\\\/index.php\\\/2026\\\/02\\\/18\\\/ziliotto-kicillof-y-otros-gobernadores-del-pj-dicen-que-la-reforma-laboral-de-miel-agrava-los-problemas-de-empleo\\\/#breadcrumb\"},\"inLanguage\":\"es\",\"potentialAction\":[{\"@type\":\"ReadAction\",\"target\":[\"https:\\\/\\\/diariotextual.com\\\/inicio\\\/index.php\\\/2026\\\/02\\\/18\\\/ziliotto-kicillof-y-otros-gobernadores-del-pj-dicen-que-la-reforma-laboral-de-miel-agrava-los-problemas-de-empleo\\\/\"]}]},{\"@type\":\"ImageObject\",\"inLanguage\":\"es\",\"@id\":\"https:\\\/\\\/diariotextual.com\\\/inicio\\\/index.php\\\/2026\\\/02\\\/18\\\/ziliotto-kicillof-y-otros-gobernadores-del-pj-dicen-que-la-reforma-laboral-de-miel-agrava-los-problemas-de-empleo\\\/#primaryimage\",\"url\":\"https:\\\/\\\/diariotextual.com\\\/inicio\\\/wp-content\\\/uploads\\\/2024\\\/06\\\/ziliottosergiokicillofaxel2024-5.jpg\",\"contentUrl\":\"https:\\\/\\\/diariotextual.com\\\/inicio\\\/wp-content\\\/uploads\\\/2024\\\/06\\\/ziliottosergiokicillofaxel2024-5.jpg\",\"width\":1500,\"height\":1000},{\"@type\":\"BreadcrumbList\",\"@id\":\"https:\\\/\\\/diariotextual.com\\\/inicio\\\/index.php\\\/2026\\\/02\\\/18\\\/ziliotto-kicillof-y-otros-gobernadores-del-pj-dicen-que-la-reforma-laboral-de-miel-agrava-los-problemas-de-empleo\\\/#breadcrumb\",\"itemListElement\":[{\"@type\":\"ListItem\",\"position\":1,\"name\":\"Portada\",\"item\":\"https:\\\/\\\/diariotextual.com\\\/inicio\\\/\"},{\"@type\":\"ListItem\",\"position\":2,\"name\":\"Ziliotto, Kicillof y otros gobernadores del PJ dicen que la reforma laboral de Milei agrava los problemas de empleo\"}]},{\"@type\":\"WebSite\",\"@id\":\"https:\\\/\\\/diariotextual.com\\\/inicio\\\/#website\",\"url\":\"https:\\\/\\\/diariotextual.com\\\/inicio\\\/\",\"name\":\"Diario Textual\",\"description\":\"\",\"publisher\":{\"@id\":\"https:\\\/\\\/diariotextual.com\\\/inicio\\\/#organization\"},\"potentialAction\":[{\"@type\":\"SearchAction\",\"target\":{\"@type\":\"EntryPoint\",\"urlTemplate\":\"https:\\\/\\\/diariotextual.com\\\/inicio\\\/?s={search_term_string}\"},\"query-input\":{\"@type\":\"PropertyValueSpecification\",\"valueRequired\":true,\"valueName\":\"search_term_string\"}}],\"inLanguage\":\"es\"},{\"@type\":\"Organization\",\"@id\":\"https:\\\/\\\/diariotextual.com\\\/inicio\\\/#organization\",\"name\":\"Diario Textual\",\"url\":\"https:\\\/\\\/diariotextual.com\\\/inicio\\\/\",\"logo\":{\"@type\":\"ImageObject\",\"inLanguage\":\"es\",\"@id\":\"https:\\\/\\\/diariotextual.com\\\/inicio\\\/#\\\/schema\\\/logo\\\/image\\\/\",\"url\":\"https:\\\/\\\/diariotextual.com\\\/inicio\\\/wp-content\\\/uploads\\\/2023\\\/05\\\/logotextual1.jpg\",\"contentUrl\":\"https:\\\/\\\/diariotextual.com\\\/inicio\\\/wp-content\\\/uploads\\\/2023\\\/05\\\/logotextual1.jpg\",\"width\":516,\"height\":76,\"caption\":\"Diario Textual\"},\"image\":{\"@id\":\"https:\\\/\\\/diariotextual.com\\\/inicio\\\/#\\\/schema\\\/logo\\\/image\\\/\"},\"sameAs\":[\"https:\\\/\\\/www.facebook.com\\\/eltextual\",\"https:\\\/\\\/x.com\\\/eltextual\",\"http:\\\/\\\/www.instagram.com\\\/eltextual\"]},{\"@type\":\"Person\",\"@id\":\"https:\\\/\\\/diariotextual.com\\\/inicio\\\/#\\\/schema\\\/person\\\/418fc4093c33e86ed41562db3508f958\",\"name\":\"Diario1 Diario1\",\"image\":{\"@type\":\"ImageObject\",\"inLanguage\":\"es\",\"@id\":\"https:\\\/\\\/secure.gravatar.com\\\/avatar\\\/9167d280179c85bc18be67aa7eda765854300033af4896dd779b608640f2ef7a?s=96&d=mm&r=g\",\"url\":\"https:\\\/\\\/secure.gravatar.com\\\/avatar\\\/9167d280179c85bc18be67aa7eda765854300033af4896dd779b608640f2ef7a?s=96&d=mm&r=g\",\"contentUrl\":\"https:\\\/\\\/secure.gravatar.com\\\/avatar\\\/9167d280179c85bc18be67aa7eda765854300033af4896dd779b608640f2ef7a?s=96&d=mm&r=g\",\"caption\":\"Diario1 Diario1\"},\"url\":\"https:\\\/\\\/diariotextual.com\\\/inicio\\\/index.php\\\/author\\\/diario1\\\/\"}]}<\/script>\n<!-- \/ Yoast SEO plugin. -->","yoast_head_json":{"title":"Ziliotto, Kicillof y otros gobernadores del PJ dicen que la reforma laboral de Milei agrava los problemas de empleo - Diario Textual","robots":{"index":"index","follow":"follow","max-snippet":"max-snippet:-1","max-image-preview":"max-image-preview:large","max-video-preview":"max-video-preview:-1"},"canonical":"https:\/\/diariotextual.com\/inicio\/index.php\/2026\/02\/18\/ziliotto-kicillof-y-otros-gobernadores-del-pj-dicen-que-la-reforma-laboral-de-miel-agrava-los-problemas-de-empleo\/","og_locale":"es_ES","og_type":"article","og_title":"Ziliotto, Kicillof y otros gobernadores del PJ dicen que la reforma laboral de Milei agrava los problemas de empleo - Diario Textual","og_description":"Los gobernadores Sergio Ziliotto (La Pampa) y Axel Kicillof (Buenos Aires), junto a mandatarios de otras provincias, expresaron su rechazo al proyecto de reforma laboral impulsado por el presidente Javier&hellip;","og_url":"https:\/\/diariotextual.com\/inicio\/index.php\/2026\/02\/18\/ziliotto-kicillof-y-otros-gobernadores-del-pj-dicen-que-la-reforma-laboral-de-miel-agrava-los-problemas-de-empleo\/","og_site_name":"Diario Textual","article_publisher":"https:\/\/www.facebook.com\/eltextual","article_published_time":"2026-02-18T14:20:51+00:00","article_modified_time":"2026-02-18T18:23:12+00:00","og_image":[{"width":1500,"height":1000,"url":"https:\/\/diariotextual.com\/inicio\/wp-content\/uploads\/2024\/06\/ziliottosergiokicillofaxel2024-5.jpg","type":"image\/jpeg"}],"author":"Diario1 Diario1","twitter_card":"summary_large_image","twitter_creator":"@eltextual","twitter_site":"@eltextual","twitter_misc":{"Escrito por":"Diario1 Diario1","Tiempo de lectura":"4 minutos"},"schema":{"@context":"https:\/\/schema.org","@graph":[{"@type":"Article","@id":"https:\/\/diariotextual.com\/inicio\/index.php\/2026\/02\/18\/ziliotto-kicillof-y-otros-gobernadores-del-pj-dicen-que-la-reforma-laboral-de-miel-agrava-los-problemas-de-empleo\/#article","isPartOf":{"@id":"https:\/\/diariotextual.com\/inicio\/index.php\/2026\/02\/18\/ziliotto-kicillof-y-otros-gobernadores-del-pj-dicen-que-la-reforma-laboral-de-miel-agrava-los-problemas-de-empleo\/"},"author":{"name":"Diario1 Diario1","@id":"https:\/\/diariotextual.com\/inicio\/#\/schema\/person\/418fc4093c33e86ed41562db3508f958"},"headline":"Ziliotto, Kicillof y otros gobernadores del PJ dicen que la reforma laboral de Milei agrava los problemas de empleo","datePublished":"2026-02-18T14:20:51+00:00","dateModified":"2026-02-18T18:23:12+00:00","mainEntityOfPage":{"@id":"https:\/\/diariotextual.com\/inicio\/index.php\/2026\/02\/18\/ziliotto-kicillof-y-otros-gobernadores-del-pj-dicen-que-la-reforma-laboral-de-miel-agrava-los-problemas-de-empleo\/"},"wordCount":816,"publisher":{"@id":"https:\/\/diariotextual.com\/inicio\/#organization"},"image":{"@id":"https:\/\/diariotextual.com\/inicio\/index.php\/2026\/02\/18\/ziliotto-kicillof-y-otros-gobernadores-del-pj-dicen-que-la-reforma-laboral-de-miel-agrava-los-problemas-de-empleo\/#primaryimage"},"thumbnailUrl":"https:\/\/diariotextual.com\/inicio\/wp-content\/uploads\/2024\/06\/ziliottosergiokicillofaxel2024-5.jpg","articleSection":["A - ES NOTICIA (van abajo)","A - QUE PASA (al costado)","POLITICA"],"inLanguage":"es"},{"@type":"WebPage","@id":"https:\/\/diariotextual.com\/inicio\/index.php\/2026\/02\/18\/ziliotto-kicillof-y-otros-gobernadores-del-pj-dicen-que-la-reforma-laboral-de-miel-agrava-los-problemas-de-empleo\/","url":"https:\/\/diariotextual.com\/inicio\/index.php\/2026\/02\/18\/ziliotto-kicillof-y-otros-gobernadores-del-pj-dicen-que-la-reforma-laboral-de-miel-agrava-los-problemas-de-empleo\/","name":"Ziliotto, Kicillof y otros gobernadores del PJ dicen que la reforma laboral de Milei agrava los problemas de empleo - Diario Textual","isPartOf":{"@id":"https:\/\/diariotextual.com\/inicio\/#website"},"primaryImageOfPage":{"@id":"https:\/\/diariotextual.com\/inicio\/index.php\/2026\/02\/18\/ziliotto-kicillof-y-otros-gobernadores-del-pj-dicen-que-la-reforma-laboral-de-miel-agrava-los-problemas-de-empleo\/#primaryimage"},"image":{"@id":"https:\/\/diariotextual.com\/inicio\/index.php\/2026\/02\/18\/ziliotto-kicillof-y-otros-gobernadores-del-pj-dicen-que-la-reforma-laboral-de-miel-agrava-los-problemas-de-empleo\/#primaryimage"},"thumbnailUrl":"https:\/\/diariotextual.com\/inicio\/wp-content\/uploads\/2024\/06\/ziliottosergiokicillofaxel2024-5.jpg","datePublished":"2026-02-18T14:20:51+00:00","dateModified":"2026-02-18T18:23:12+00:00","breadcrumb":{"@id":"https:\/\/diariotextual.com\/inicio\/index.php\/2026\/02\/18\/ziliotto-kicillof-y-otros-gobernadores-del-pj-dicen-que-la-reforma-laboral-de-miel-agrava-los-problemas-de-empleo\/#breadcrumb"},"inLanguage":"es","potentialAction":[{"@type":"ReadAction","target":["https:\/\/diariotextual.com\/inicio\/index.php\/2026\/02\/18\/ziliotto-kicillof-y-otros-gobernadores-del-pj-dicen-que-la-reforma-laboral-de-miel-agrava-los-problemas-de-empleo\/"]}]},{"@type":"ImageObject","inLanguage":"es","@id":"https:\/\/diariotextual.com\/inicio\/index.php\/2026\/02\/18\/ziliotto-kicillof-y-otros-gobernadores-del-pj-dicen-que-la-reforma-laboral-de-miel-agrava-los-problemas-de-empleo\/#primaryimage","url":"https:\/\/diariotextual.com\/inicio\/wp-content\/uploads\/2024\/06\/ziliottosergiokicillofaxel2024-5.jpg","contentUrl":"https:\/\/diariotextual.com\/inicio\/wp-content\/uploads\/2024\/06\/ziliottosergiokicillofaxel2024-5.jpg","width":1500,"height":1000},{"@type":"BreadcrumbList","@id":"https:\/\/diariotextual.com\/inicio\/index.php\/2026\/02\/18\/ziliotto-kicillof-y-otros-gobernadores-del-pj-dicen-que-la-reforma-laboral-de-miel-agrava-los-problemas-de-empleo\/#breadcrumb","itemListElement":[{"@type":"ListItem","position":1,"name":"Portada","item":"https:\/\/diariotextual.com\/inicio\/"},{"@type":"ListItem","position":2,"name":"Ziliotto, Kicillof y otros gobernadores del PJ dicen que la reforma laboral de Milei agrava los problemas de empleo"}]},{"@type":"WebSite","@id":"https:\/\/diariotextual.com\/inicio\/#website","url":"https:\/\/diariotextual.com\/inicio\/","name":"Diario Textual","description":"","publisher":{"@id":"https:\/\/diariotextual.com\/inicio\/#organization"},"potentialAction":[{"@type":"SearchAction","target":{"@type":"EntryPoint","urlTemplate":"https:\/\/diariotextual.com\/inicio\/?s={search_term_string}"},"query-input":{"@type":"PropertyValueSpecification","valueRequired":true,"valueName":"search_term_string"}}],"inLanguage":"es"},{"@type":"Organization","@id":"https:\/\/diariotextual.com\/inicio\/#organization","name":"Diario Textual","url":"https:\/\/diariotextual.com\/inicio\/","logo":{"@type":"ImageObject","inLanguage":"es","@id":"https:\/\/diariotextual.com\/inicio\/#\/schema\/logo\/image\/","url":"https:\/\/diariotextual.com\/inicio\/wp-content\/uploads\/2023\/05\/logotextual1.jpg","contentUrl":"https:\/\/diariotextual.com\/inicio\/wp-content\/uploads\/2023\/05\/logotextual1.jpg","width":516,"height":76,"caption":"Diario Textual"},"image":{"@id":"https:\/\/diariotextual.com\/inicio\/#\/schema\/logo\/image\/"},"sameAs":["https:\/\/www.facebook.com\/eltextual","https:\/\/x.com\/eltextual","http:\/\/www.instagram.com\/eltextual"]},{"@type":"Person","@id":"https:\/\/diariotextual.com\/inicio\/#\/schema\/person\/418fc4093c33e86ed41562db3508f958","name":"Diario1 Diario1","image":{"@type":"ImageObject","inLanguage":"es","@id":"https:\/\/secure.gravatar.com\/avatar\/9167d280179c85bc18be67aa7eda765854300033af4896dd779b608640f2ef7a?s=96&d=mm&r=g","url":"https:\/\/secure.gravatar.com\/avatar\/9167d280179c85bc18be67aa7eda765854300033af4896dd779b608640f2ef7a?s=96&d=mm&r=g","contentUrl":"https:\/\/secure.gravatar.com\/avatar\/9167d280179c85bc18be67aa7eda765854300033af4896dd779b608640f2ef7a?s=96&d=mm&r=g","caption":"Diario1 Diario1"},"url":"https:\/\/diariotextual.com\/inicio\/index.php\/author\/diario1\/"}]}},"_links":{"self":[{"href":"https:\/\/diariotextual.com\/inicio\/index.php\/wp-json\/wp\/v2\/posts\/319914","targetHints":{"allow":["GET"]}}],"collection":[{"href":"https:\/\/diariotextual.com\/inicio\/index.php\/wp-json\/wp\/v2\/posts"}],"about":[{"href":"https:\/\/diariotextual.com\/inicio\/index.php\/wp-json\/wp\/v2\/types\/post"}],"author":[{"embeddable":true,"href":"https:\/\/diariotextual.com\/inicio\/index.php\/wp-json\/wp\/v2\/users\/3"}],"replies":[{"embeddable":true,"href":"https:\/\/diariotextual.com\/inicio\/index.php\/wp-json\/wp\/v2\/comments?post=319914"}],"version-history":[{"count":6,"href":"https:\/\/diariotextual.com\/inicio\/index.php\/wp-json\/wp\/v2\/posts\/319914\/revisions"}],"predecessor-version":[{"id":319921,"href":"https:\/\/diariotextual.com\/inicio\/index.php\/wp-json\/wp\/v2\/posts\/319914\/revisions\/319921"}],"wp:featuredmedia":[{"embeddable":true,"href":"https:\/\/diariotextual.com\/inicio\/index.php\/wp-json\/wp\/v2\/media\/267907"}],"wp:attachment":[{"href":"https:\/\/diariotextual.com\/inicio\/index.php\/wp-json\/wp\/v2\/media?parent=319914"}],"wp:term":[{"taxonomy":"category","embeddable":true,"href":"https:\/\/diariotextual.com\/inicio\/index.php\/wp-json\/wp\/v2\/categories?post=319914"},{"taxonomy":"post_tag","embeddable":true,"href":"https:\/\/diariotextual.com\/inicio\/index.php\/wp-json\/wp\/v2\/tags?post=319914"}],"curies":[{"name":"wp","href":"https:\/\/api.w.org\/{rel}","templated":true}]}}