{"id":319926,"date":"2026-02-18T12:37:40","date_gmt":"2026-02-18T15:37:40","guid":{"rendered":"https:\/\/diariotextual.com\/inicio\/?p=319926"},"modified":"2026-02-18T12:39:13","modified_gmt":"2026-02-18T15:39:13","slug":"santa-rosa-la-municipalidad-continua-con-el-control-preventivo-de-insectos-voladores-y-rastreros-en-el-espacio-publico","status":"publish","type":"post","link":"https:\/\/diariotextual.com\/inicio\/index.php\/2026\/02\/18\/santa-rosa-la-municipalidad-continua-con-el-control-preventivo-de-insectos-voladores-y-rastreros-en-el-espacio-publico\/","title":{"rendered":"Santa Rosa: la municipalidad contin\u00faa con el control preventivo de insectos voladores y rastreros en el espacio p\u00fablico"},"content":{"rendered":"\n<p>La Municipalidad de Santa Rosa contin\u00faa, durante el mes de febrero, con las tareas de control de insectos voladores y rastreros en distintos espacios p\u00fablicos de la ciudad como plazas, parques y sectores de uso comunitario.&nbsp;<\/p>\n\n\n\n<p>\u201cEstas acciones forman parte de una estrategia preventiva orientada al cuidado de la salud p\u00fablica y a la mejora de la calidad de vida de vecinas y vecinos. A la vez, permite que la comunidad pueda disfrutar de los espacios al aire libre de manera m\u00e1s tranquila y segura\u201d, comunicaron desde la intendencia.&nbsp;<\/p>\n\n\n\n<p>Las aplicaciones se realizan en el Natatorio Municipal, el Parque Lineal, la Laguna Don Tom\u00e1s y los cuencos de Malvinas, Escondido, Procrear, Villa Germinal y Villa Elisa, en el sector ubicado detr\u00e1s de la cancha Sarmiento, entre otros espacios de la ciudad. La presencia de insectos no s\u00f3lo genera molestias, sino que tambi\u00e9n puede implicar riesgos sanitarios. Estas acciones municipales apuntan a evitar la transmisi\u00f3n de enfermedades, las picaduras y las reacciones al\u00e9rgicas en personas y mascotas.&nbsp;<\/p>\n\n\n\n<p>El calendario de trabajos contempla los principales cuencos, canales y espacios verdes de Santa Rosa, especialmente en esta \u00e9poca del a\u00f1o, cuando la actividad de insectos es mayor. \u201cUn control adecuado permite mantener estos lugares en condiciones m\u00e1s seguras, higi\u00e9nicas y agradables para el uso recreativo y el encuentro de la comunidad\u201d, dijeron.<\/p>\n\n\n\n<p>\u201cLos productos utilizados son plaguicidas de uso profesional, debidamente registrados y autorizados por la ANMAT (Administraci\u00f3n Nacional de Medicamentos, Alimentos y Tecnolog\u00eda M\u00e9dica), lo que garantiza que han sido evaluados en t\u00e9rminos de eficacia y seguridad. Las aplicaciones son prescriptas por un profesional matriculado en el CIALP (Colegio de Ingenieros Agr\u00f3nomos de la Provincia de La Pampa) y se realizan siguiendo normas t\u00e9cnicas y buenas pr\u00e1cticas, respetando las dosis y los momentos adecuados, con el objetivo de minimizar cualquier riesgo para las personas, los animales y el ambiente\u201d, resaltaron. &nbsp;\u201cAs\u00ed, el Municipio reafirma su compromiso con el manejo responsable de plagas en los espacios p\u00fablicos, como una acci\u00f3n preventiva fundamental para proteger la salud de la poblaci\u00f3n y conservar entornos urbanos m\u00e1s limpios, seguros y disfrutables para todas y todos\u201d, finalizaron.<\/p>\n\n\n\n<p><\/p>\n","protected":false},"excerpt":{"rendered":"<p>La Municipalidad de Santa Rosa contin\u00faa, durante el mes de febrero, con las tareas de control de insectos voladores y rastreros en distintos espacios p\u00fablicos de la ciudad como plazas,&hellip;<\/p>\n","protected":false},"author":3,"featured_media":319929,"comment_status":"closed","ping_status":"open","sticky":false,"template":"","format":"standard","meta":{"_acf_changed":false,"footnotes":""},"categories":[1,12],"tags":[],"class_list":["post-319926","post","type-post","status-publish","format-standard","has-post-thumbnail","hentry","category-es-noticia","category-sociedad"],"acf":[],"yoast_head":"<!-- This site is optimized with the Yoast SEO plugin v27.5 - https:\/\/yoast.com\/product\/yoast-seo-wordpress\/ -->\n<title>Santa Rosa: la municipalidad contin\u00faa con el control preventivo de insectos voladores y rastreros en el espacio p\u00fablico - Diario Textual<\/title>\n<meta name=\"robots\" content=\"index, follow, max-snippet:-1, max-image-preview:large, max-video-preview:-1\" \/>\n<link rel=\"canonical\" href=\"https:\/\/diariotextual.com\/inicio\/index.php\/2026\/02\/18\/santa-rosa-la-municipalidad-continua-con-el-control-preventivo-de-insectos-voladores-y-rastreros-en-el-espacio-publico\/\" \/>\n<meta property=\"og:locale\" content=\"es_ES\" \/>\n<meta property=\"og:type\" content=\"article\" \/>\n<meta property=\"og:title\" content=\"Santa Rosa: la municipalidad contin\u00faa con el control preventivo de insectos voladores y rastreros en el espacio p\u00fablico - Diario Textual\" \/>\n<meta property=\"og:description\" content=\"La Municipalidad de Santa Rosa contin\u00faa, durante el mes de febrero, con las tareas de control de insectos voladores y rastreros en distintos espacios p\u00fablicos de la ciudad como plazas,&hellip;\" \/>\n<meta property=\"og:url\" content=\"https:\/\/diariotextual.com\/inicio\/index.php\/2026\/02\/18\/santa-rosa-la-municipalidad-continua-con-el-control-preventivo-de-insectos-voladores-y-rastreros-en-el-espacio-publico\/\" \/>\n<meta property=\"og:site_name\" content=\"Diario Textual\" \/>\n<meta property=\"article:publisher\" content=\"https:\/\/www.facebook.com\/eltextual\" \/>\n<meta property=\"article:published_time\" content=\"2026-02-18T15:37:40+00:00\" \/>\n<meta property=\"article:modified_time\" content=\"2026-02-18T15:39:13+00:00\" \/>\n<meta property=\"og:image\" content=\"https:\/\/diariotextual.com\/inicio\/wp-content\/uploads\/2026\/02\/pulverizacionesinsectosfumigacionessantarosa2026-77.jpg\" \/>\n\t<meta property=\"og:image:width\" content=\"900\" \/>\n\t<meta property=\"og:image:height\" content=\"618\" \/>\n\t<meta property=\"og:image:type\" content=\"image\/jpeg\" \/>\n<meta name=\"author\" content=\"Diario1 Diario1\" \/>\n<meta name=\"twitter:card\" content=\"summary_large_image\" \/>\n<meta name=\"twitter:creator\" content=\"@eltextual\" \/>\n<meta name=\"twitter:site\" content=\"@eltextual\" \/>\n<meta name=\"twitter:label1\" content=\"Escrito por\" \/>\n\t<meta name=\"twitter:data1\" content=\"Diario1 Diario1\" \/>\n\t<meta name=\"twitter:label2\" content=\"Tiempo de lectura\" \/>\n\t<meta name=\"twitter:data2\" content=\"2 minutos\" \/>\n<script type=\"application\/ld+json\" class=\"yoast-schema-graph\">{\"@context\":\"https:\\\/\\\/schema.org\",\"@graph\":[{\"@type\":\"Article\",\"@id\":\"https:\\\/\\\/diariotextual.com\\\/inicio\\\/index.php\\\/2026\\\/02\\\/18\\\/santa-rosa-la-municipalidad-continua-con-el-control-preventivo-de-insectos-voladores-y-rastreros-en-el-espacio-publico\\\/#article\",\"isPartOf\":{\"@id\":\"https:\\\/\\\/diariotextual.com\\\/inicio\\\/index.php\\\/2026\\\/02\\\/18\\\/santa-rosa-la-municipalidad-continua-con-el-control-preventivo-de-insectos-voladores-y-rastreros-en-el-espacio-publico\\\/\"},\"author\":{\"name\":\"Diario1 Diario1\",\"@id\":\"https:\\\/\\\/diariotextual.com\\\/inicio\\\/#\\\/schema\\\/person\\\/418fc4093c33e86ed41562db3508f958\"},\"headline\":\"Santa Rosa: la municipalidad contin\u00faa con el control preventivo de insectos voladores y rastreros en el espacio p\u00fablico\",\"datePublished\":\"2026-02-18T15:37:40+00:00\",\"dateModified\":\"2026-02-18T15:39:13+00:00\",\"mainEntityOfPage\":{\"@id\":\"https:\\\/\\\/diariotextual.com\\\/inicio\\\/index.php\\\/2026\\\/02\\\/18\\\/santa-rosa-la-municipalidad-continua-con-el-control-preventivo-de-insectos-voladores-y-rastreros-en-el-espacio-publico\\\/\"},\"wordCount\":398,\"publisher\":{\"@id\":\"https:\\\/\\\/diariotextual.com\\\/inicio\\\/#organization\"},\"image\":{\"@id\":\"https:\\\/\\\/diariotextual.com\\\/inicio\\\/index.php\\\/2026\\\/02\\\/18\\\/santa-rosa-la-municipalidad-continua-con-el-control-preventivo-de-insectos-voladores-y-rastreros-en-el-espacio-publico\\\/#primaryimage\"},\"thumbnailUrl\":\"https:\\\/\\\/diariotextual.com\\\/inicio\\\/wp-content\\\/uploads\\\/2026\\\/02\\\/pulverizacionesinsectosfumigacionessantarosa2026-77.jpg\",\"articleSection\":[\"A - ES NOTICIA (van abajo)\",\"SOCIEDAD\"],\"inLanguage\":\"es\"},{\"@type\":\"WebPage\",\"@id\":\"https:\\\/\\\/diariotextual.com\\\/inicio\\\/index.php\\\/2026\\\/02\\\/18\\\/santa-rosa-la-municipalidad-continua-con-el-control-preventivo-de-insectos-voladores-y-rastreros-en-el-espacio-publico\\\/\",\"url\":\"https:\\\/\\\/diariotextual.com\\\/inicio\\\/index.php\\\/2026\\\/02\\\/18\\\/santa-rosa-la-municipalidad-continua-con-el-control-preventivo-de-insectos-voladores-y-rastreros-en-el-espacio-publico\\\/\",\"name\":\"Santa Rosa: la municipalidad contin\u00faa con el control preventivo de insectos voladores y rastreros en el espacio p\u00fablico - Diario Textual\",\"isPartOf\":{\"@id\":\"https:\\\/\\\/diariotextual.com\\\/inicio\\\/#website\"},\"primaryImageOfPage\":{\"@id\":\"https:\\\/\\\/diariotextual.com\\\/inicio\\\/index.php\\\/2026\\\/02\\\/18\\\/santa-rosa-la-municipalidad-continua-con-el-control-preventivo-de-insectos-voladores-y-rastreros-en-el-espacio-publico\\\/#primaryimage\"},\"image\":{\"@id\":\"https:\\\/\\\/diariotextual.com\\\/inicio\\\/index.php\\\/2026\\\/02\\\/18\\\/santa-rosa-la-municipalidad-continua-con-el-control-preventivo-de-insectos-voladores-y-rastreros-en-el-espacio-publico\\\/#primaryimage\"},\"thumbnailUrl\":\"https:\\\/\\\/diariotextual.com\\\/inicio\\\/wp-content\\\/uploads\\\/2026\\\/02\\\/pulverizacionesinsectosfumigacionessantarosa2026-77.jpg\",\"datePublished\":\"2026-02-18T15:37:40+00:00\",\"dateModified\":\"2026-02-18T15:39:13+00:00\",\"breadcrumb\":{\"@id\":\"https:\\\/\\\/diariotextual.com\\\/inicio\\\/index.php\\\/2026\\\/02\\\/18\\\/santa-rosa-la-municipalidad-continua-con-el-control-preventivo-de-insectos-voladores-y-rastreros-en-el-espacio-publico\\\/#breadcrumb\"},\"inLanguage\":\"es\",\"potentialAction\":[{\"@type\":\"ReadAction\",\"target\":[\"https:\\\/\\\/diariotextual.com\\\/inicio\\\/index.php\\\/2026\\\/02\\\/18\\\/santa-rosa-la-municipalidad-continua-con-el-control-preventivo-de-insectos-voladores-y-rastreros-en-el-espacio-publico\\\/\"]}]},{\"@type\":\"ImageObject\",\"inLanguage\":\"es\",\"@id\":\"https:\\\/\\\/diariotextual.com\\\/inicio\\\/index.php\\\/2026\\\/02\\\/18\\\/santa-rosa-la-municipalidad-continua-con-el-control-preventivo-de-insectos-voladores-y-rastreros-en-el-espacio-publico\\\/#primaryimage\",\"url\":\"https:\\\/\\\/diariotextual.com\\\/inicio\\\/wp-content\\\/uploads\\\/2026\\\/02\\\/pulverizacionesinsectosfumigacionessantarosa2026-77.jpg\",\"contentUrl\":\"https:\\\/\\\/diariotextual.com\\\/inicio\\\/wp-content\\\/uploads\\\/2026\\\/02\\\/pulverizacionesinsectosfumigacionessantarosa2026-77.jpg\",\"width\":900,\"height\":618},{\"@type\":\"BreadcrumbList\",\"@id\":\"https:\\\/\\\/diariotextual.com\\\/inicio\\\/index.php\\\/2026\\\/02\\\/18\\\/santa-rosa-la-municipalidad-continua-con-el-control-preventivo-de-insectos-voladores-y-rastreros-en-el-espacio-publico\\\/#breadcrumb\",\"itemListElement\":[{\"@type\":\"ListItem\",\"position\":1,\"name\":\"Portada\",\"item\":\"https:\\\/\\\/diariotextual.com\\\/inicio\\\/\"},{\"@type\":\"ListItem\",\"position\":2,\"name\":\"Santa Rosa: la municipalidad contin\u00faa con el control preventivo de insectos voladores y rastreros en el espacio p\u00fablico\"}]},{\"@type\":\"WebSite\",\"@id\":\"https:\\\/\\\/diariotextual.com\\\/inicio\\\/#website\",\"url\":\"https:\\\/\\\/diariotextual.com\\\/inicio\\\/\",\"name\":\"Diario Textual\",\"description\":\"\",\"publisher\":{\"@id\":\"https:\\\/\\\/diariotextual.com\\\/inicio\\\/#organization\"},\"potentialAction\":[{\"@type\":\"SearchAction\",\"target\":{\"@type\":\"EntryPoint\",\"urlTemplate\":\"https:\\\/\\\/diariotextual.com\\\/inicio\\\/?s={search_term_string}\"},\"query-input\":{\"@type\":\"PropertyValueSpecification\",\"valueRequired\":true,\"valueName\":\"search_term_string\"}}],\"inLanguage\":\"es\"},{\"@type\":\"Organization\",\"@id\":\"https:\\\/\\\/diariotextual.com\\\/inicio\\\/#organization\",\"name\":\"Diario Textual\",\"url\":\"https:\\\/\\\/diariotextual.com\\\/inicio\\\/\",\"logo\":{\"@type\":\"ImageObject\",\"inLanguage\":\"es\",\"@id\":\"https:\\\/\\\/diariotextual.com\\\/inicio\\\/#\\\/schema\\\/logo\\\/image\\\/\",\"url\":\"https:\\\/\\\/diariotextual.com\\\/inicio\\\/wp-content\\\/uploads\\\/2023\\\/05\\\/logotextual1.jpg\",\"contentUrl\":\"https:\\\/\\\/diariotextual.com\\\/inicio\\\/wp-content\\\/uploads\\\/2023\\\/05\\\/logotextual1.jpg\",\"width\":516,\"height\":76,\"caption\":\"Diario Textual\"},\"image\":{\"@id\":\"https:\\\/\\\/diariotextual.com\\\/inicio\\\/#\\\/schema\\\/logo\\\/image\\\/\"},\"sameAs\":[\"https:\\\/\\\/www.facebook.com\\\/eltextual\",\"https:\\\/\\\/x.com\\\/eltextual\",\"http:\\\/\\\/www.instagram.com\\\/eltextual\"]},{\"@type\":\"Person\",\"@id\":\"https:\\\/\\\/diariotextual.com\\\/inicio\\\/#\\\/schema\\\/person\\\/418fc4093c33e86ed41562db3508f958\",\"name\":\"Diario1 Diario1\",\"image\":{\"@type\":\"ImageObject\",\"inLanguage\":\"es\",\"@id\":\"https:\\\/\\\/secure.gravatar.com\\\/avatar\\\/9167d280179c85bc18be67aa7eda765854300033af4896dd779b608640f2ef7a?s=96&d=mm&r=g\",\"url\":\"https:\\\/\\\/secure.gravatar.com\\\/avatar\\\/9167d280179c85bc18be67aa7eda765854300033af4896dd779b608640f2ef7a?s=96&d=mm&r=g\",\"contentUrl\":\"https:\\\/\\\/secure.gravatar.com\\\/avatar\\\/9167d280179c85bc18be67aa7eda765854300033af4896dd779b608640f2ef7a?s=96&d=mm&r=g\",\"caption\":\"Diario1 Diario1\"},\"url\":\"https:\\\/\\\/diariotextual.com\\\/inicio\\\/index.php\\\/author\\\/diario1\\\/\"}]}<\/script>\n<!-- \/ Yoast SEO plugin. -->","yoast_head_json":{"title":"Santa Rosa: la municipalidad contin\u00faa con el control preventivo de insectos voladores y rastreros en el espacio p\u00fablico - Diario Textual","robots":{"index":"index","follow":"follow","max-snippet":"max-snippet:-1","max-image-preview":"max-image-preview:large","max-video-preview":"max-video-preview:-1"},"canonical":"https:\/\/diariotextual.com\/inicio\/index.php\/2026\/02\/18\/santa-rosa-la-municipalidad-continua-con-el-control-preventivo-de-insectos-voladores-y-rastreros-en-el-espacio-publico\/","og_locale":"es_ES","og_type":"article","og_title":"Santa Rosa: la municipalidad contin\u00faa con el control preventivo de insectos voladores y rastreros en el espacio p\u00fablico - Diario Textual","og_description":"La Municipalidad de Santa Rosa contin\u00faa, durante el mes de febrero, con las tareas de control de insectos voladores y rastreros en distintos espacios p\u00fablicos de la ciudad como plazas,&hellip;","og_url":"https:\/\/diariotextual.com\/inicio\/index.php\/2026\/02\/18\/santa-rosa-la-municipalidad-continua-con-el-control-preventivo-de-insectos-voladores-y-rastreros-en-el-espacio-publico\/","og_site_name":"Diario Textual","article_publisher":"https:\/\/www.facebook.com\/eltextual","article_published_time":"2026-02-18T15:37:40+00:00","article_modified_time":"2026-02-18T15:39:13+00:00","og_image":[{"width":900,"height":618,"url":"https:\/\/diariotextual.com\/inicio\/wp-content\/uploads\/2026\/02\/pulverizacionesinsectosfumigacionessantarosa2026-77.jpg","type":"image\/jpeg"}],"author":"Diario1 Diario1","twitter_card":"summary_large_image","twitter_creator":"@eltextual","twitter_site":"@eltextual","twitter_misc":{"Escrito por":"Diario1 Diario1","Tiempo de lectura":"2 minutos"},"schema":{"@context":"https:\/\/schema.org","@graph":[{"@type":"Article","@id":"https:\/\/diariotextual.com\/inicio\/index.php\/2026\/02\/18\/santa-rosa-la-municipalidad-continua-con-el-control-preventivo-de-insectos-voladores-y-rastreros-en-el-espacio-publico\/#article","isPartOf":{"@id":"https:\/\/diariotextual.com\/inicio\/index.php\/2026\/02\/18\/santa-rosa-la-municipalidad-continua-con-el-control-preventivo-de-insectos-voladores-y-rastreros-en-el-espacio-publico\/"},"author":{"name":"Diario1 Diario1","@id":"https:\/\/diariotextual.com\/inicio\/#\/schema\/person\/418fc4093c33e86ed41562db3508f958"},"headline":"Santa Rosa: la municipalidad contin\u00faa con el control preventivo de insectos voladores y rastreros en el espacio p\u00fablico","datePublished":"2026-02-18T15:37:40+00:00","dateModified":"2026-02-18T15:39:13+00:00","mainEntityOfPage":{"@id":"https:\/\/diariotextual.com\/inicio\/index.php\/2026\/02\/18\/santa-rosa-la-municipalidad-continua-con-el-control-preventivo-de-insectos-voladores-y-rastreros-en-el-espacio-publico\/"},"wordCount":398,"publisher":{"@id":"https:\/\/diariotextual.com\/inicio\/#organization"},"image":{"@id":"https:\/\/diariotextual.com\/inicio\/index.php\/2026\/02\/18\/santa-rosa-la-municipalidad-continua-con-el-control-preventivo-de-insectos-voladores-y-rastreros-en-el-espacio-publico\/#primaryimage"},"thumbnailUrl":"https:\/\/diariotextual.com\/inicio\/wp-content\/uploads\/2026\/02\/pulverizacionesinsectosfumigacionessantarosa2026-77.jpg","articleSection":["A - ES NOTICIA (van abajo)","SOCIEDAD"],"inLanguage":"es"},{"@type":"WebPage","@id":"https:\/\/diariotextual.com\/inicio\/index.php\/2026\/02\/18\/santa-rosa-la-municipalidad-continua-con-el-control-preventivo-de-insectos-voladores-y-rastreros-en-el-espacio-publico\/","url":"https:\/\/diariotextual.com\/inicio\/index.php\/2026\/02\/18\/santa-rosa-la-municipalidad-continua-con-el-control-preventivo-de-insectos-voladores-y-rastreros-en-el-espacio-publico\/","name":"Santa Rosa: la municipalidad contin\u00faa con el control preventivo de insectos voladores y rastreros en el espacio p\u00fablico - Diario Textual","isPartOf":{"@id":"https:\/\/diariotextual.com\/inicio\/#website"},"primaryImageOfPage":{"@id":"https:\/\/diariotextual.com\/inicio\/index.php\/2026\/02\/18\/santa-rosa-la-municipalidad-continua-con-el-control-preventivo-de-insectos-voladores-y-rastreros-en-el-espacio-publico\/#primaryimage"},"image":{"@id":"https:\/\/diariotextual.com\/inicio\/index.php\/2026\/02\/18\/santa-rosa-la-municipalidad-continua-con-el-control-preventivo-de-insectos-voladores-y-rastreros-en-el-espacio-publico\/#primaryimage"},"thumbnailUrl":"https:\/\/diariotextual.com\/inicio\/wp-content\/uploads\/2026\/02\/pulverizacionesinsectosfumigacionessantarosa2026-77.jpg","datePublished":"2026-02-18T15:37:40+00:00","dateModified":"2026-02-18T15:39:13+00:00","breadcrumb":{"@id":"https:\/\/diariotextual.com\/inicio\/index.php\/2026\/02\/18\/santa-rosa-la-municipalidad-continua-con-el-control-preventivo-de-insectos-voladores-y-rastreros-en-el-espacio-publico\/#breadcrumb"},"inLanguage":"es","potentialAction":[{"@type":"ReadAction","target":["https:\/\/diariotextual.com\/inicio\/index.php\/2026\/02\/18\/santa-rosa-la-municipalidad-continua-con-el-control-preventivo-de-insectos-voladores-y-rastreros-en-el-espacio-publico\/"]}]},{"@type":"ImageObject","inLanguage":"es","@id":"https:\/\/diariotextual.com\/inicio\/index.php\/2026\/02\/18\/santa-rosa-la-municipalidad-continua-con-el-control-preventivo-de-insectos-voladores-y-rastreros-en-el-espacio-publico\/#primaryimage","url":"https:\/\/diariotextual.com\/inicio\/wp-content\/uploads\/2026\/02\/pulverizacionesinsectosfumigacionessantarosa2026-77.jpg","contentUrl":"https:\/\/diariotextual.com\/inicio\/wp-content\/uploads\/2026\/02\/pulverizacionesinsectosfumigacionessantarosa2026-77.jpg","width":900,"height":618},{"@type":"BreadcrumbList","@id":"https:\/\/diariotextual.com\/inicio\/index.php\/2026\/02\/18\/santa-rosa-la-municipalidad-continua-con-el-control-preventivo-de-insectos-voladores-y-rastreros-en-el-espacio-publico\/#breadcrumb","itemListElement":[{"@type":"ListItem","position":1,"name":"Portada","item":"https:\/\/diariotextual.com\/inicio\/"},{"@type":"ListItem","position":2,"name":"Santa Rosa: la municipalidad contin\u00faa con el control preventivo de insectos voladores y rastreros en el espacio p\u00fablico"}]},{"@type":"WebSite","@id":"https:\/\/diariotextual.com\/inicio\/#website","url":"https:\/\/diariotextual.com\/inicio\/","name":"Diario Textual","description":"","publisher":{"@id":"https:\/\/diariotextual.com\/inicio\/#organization"},"potentialAction":[{"@type":"SearchAction","target":{"@type":"EntryPoint","urlTemplate":"https:\/\/diariotextual.com\/inicio\/?s={search_term_string}"},"query-input":{"@type":"PropertyValueSpecification","valueRequired":true,"valueName":"search_term_string"}}],"inLanguage":"es"},{"@type":"Organization","@id":"https:\/\/diariotextual.com\/inicio\/#organization","name":"Diario Textual","url":"https:\/\/diariotextual.com\/inicio\/","logo":{"@type":"ImageObject","inLanguage":"es","@id":"https:\/\/diariotextual.com\/inicio\/#\/schema\/logo\/image\/","url":"https:\/\/diariotextual.com\/inicio\/wp-content\/uploads\/2023\/05\/logotextual1.jpg","contentUrl":"https:\/\/diariotextual.com\/inicio\/wp-content\/uploads\/2023\/05\/logotextual1.jpg","width":516,"height":76,"caption":"Diario Textual"},"image":{"@id":"https:\/\/diariotextual.com\/inicio\/#\/schema\/logo\/image\/"},"sameAs":["https:\/\/www.facebook.com\/eltextual","https:\/\/x.com\/eltextual","http:\/\/www.instagram.com\/eltextual"]},{"@type":"Person","@id":"https:\/\/diariotextual.com\/inicio\/#\/schema\/person\/418fc4093c33e86ed41562db3508f958","name":"Diario1 Diario1","image":{"@type":"ImageObject","inLanguage":"es","@id":"https:\/\/secure.gravatar.com\/avatar\/9167d280179c85bc18be67aa7eda765854300033af4896dd779b608640f2ef7a?s=96&d=mm&r=g","url":"https:\/\/secure.gravatar.com\/avatar\/9167d280179c85bc18be67aa7eda765854300033af4896dd779b608640f2ef7a?s=96&d=mm&r=g","contentUrl":"https:\/\/secure.gravatar.com\/avatar\/9167d280179c85bc18be67aa7eda765854300033af4896dd779b608640f2ef7a?s=96&d=mm&r=g","caption":"Diario1 Diario1"},"url":"https:\/\/diariotextual.com\/inicio\/index.php\/author\/diario1\/"}]}},"_links":{"self":[{"href":"https:\/\/diariotextual.com\/inicio\/index.php\/wp-json\/wp\/v2\/posts\/319926","targetHints":{"allow":["GET"]}}],"collection":[{"href":"https:\/\/diariotextual.com\/inicio\/index.php\/wp-json\/wp\/v2\/posts"}],"about":[{"href":"https:\/\/diariotextual.com\/inicio\/index.php\/wp-json\/wp\/v2\/types\/post"}],"author":[{"embeddable":true,"href":"https:\/\/diariotextual.com\/inicio\/index.php\/wp-json\/wp\/v2\/users\/3"}],"replies":[{"embeddable":true,"href":"https:\/\/diariotextual.com\/inicio\/index.php\/wp-json\/wp\/v2\/comments?post=319926"}],"version-history":[{"count":2,"href":"https:\/\/diariotextual.com\/inicio\/index.php\/wp-json\/wp\/v2\/posts\/319926\/revisions"}],"predecessor-version":[{"id":319928,"href":"https:\/\/diariotextual.com\/inicio\/index.php\/wp-json\/wp\/v2\/posts\/319926\/revisions\/319928"}],"wp:featuredmedia":[{"embeddable":true,"href":"https:\/\/diariotextual.com\/inicio\/index.php\/wp-json\/wp\/v2\/media\/319929"}],"wp:attachment":[{"href":"https:\/\/diariotextual.com\/inicio\/index.php\/wp-json\/wp\/v2\/media?parent=319926"}],"wp:term":[{"taxonomy":"category","embeddable":true,"href":"https:\/\/diariotextual.com\/inicio\/index.php\/wp-json\/wp\/v2\/categories?post=319926"},{"taxonomy":"post_tag","embeddable":true,"href":"https:\/\/diariotextual.com\/inicio\/index.php\/wp-json\/wp\/v2\/tags?post=319926"}],"curies":[{"name":"wp","href":"https:\/\/api.w.org\/{rel}","templated":true}]}}