{"id":319950,"date":"2026-02-18T19:35:00","date_gmt":"2026-02-18T22:35:00","guid":{"rendered":"https:\/\/diariotextual.com\/inicio\/?p=319950"},"modified":"2026-02-19T07:00:09","modified_gmt":"2026-02-19T10:00:09","slug":"una-tormenta-provoco-destrozos-en-toay-y-santa-rosa","status":"publish","type":"post","link":"https:\/\/diariotextual.com\/inicio\/index.php\/2026\/02\/18\/una-tormenta-provoco-destrozos-en-toay-y-santa-rosa\/","title":{"rendered":"Tormenta y viento de hasta 91 km\/h en Santa Rosa y Toay: voladuras de techos, ca\u00eddas de \u00e1rboles y anegamientos"},"content":{"rendered":"\n<p>Un <strong>gran frente de tormenta<\/strong> avanz\u00f3 este mi\u00e9rcoles por la tarde sobre <strong>Santa Rosa<\/strong>, <strong>Toay<\/strong>, <strong>Anguil<\/strong> y otras localidades de <strong>La Pampa<\/strong>, con <strong>lluvias intensas<\/strong>, <strong>fuertes vientos<\/strong> de hasta 91 km\/h y, en algunos sectores, <strong>ca\u00edda de granizo<\/strong>. Hubo numerosos destrozos: calles anegadas, ca\u00eddas de \u00e1rboles sobre casas y autom\u00f3viles, voladura de techos y paredones derribados. En diversos puntos de la capital se cort\u00f3 la electricidad.<\/p>\n\n\n\n<p><\/p>\n\n\n\n<iframe src=\"https:\/\/www.facebook.com\/plugins\/post.php?href=https%3A%2F%2Fwww.facebook.com%2Feltextual%2Fposts%2Fpfbid02ohFnjiVMbYTgxPf4QWu74jvcqJnFuW7SCBonQ6oPv2WTi8QYhzDopQD2gBdzjXo8l&#038;show_text=true&#038;width=500\" width=\"500\" height=\"250\" style=\"border:none;overflow:hidden\" scrolling=\"no\" frameborder=\"0\" allowfullscreen=\"true\" allow=\"autoplay; clipboard-write; encrypted-media; picture-in-picture; web-share\"><\/iframe>\n\n\n\n<p>El fen\u00f3meno meteorol\u00f3gico se registr\u00f3 en la capital provincial alrededor de las <strong>16.45<\/strong> y, en pocos minutos, provoc\u00f3 <strong>numerosos destrozos<\/strong> en distintos puntos de la ciudad. Seg\u00fan comunic\u00f3 el Servicio Meteorol\u00f3gico Nacional, en Santa Rosa la m\u00e1xima r\u00e1faga fue de 91 km\/h a las 16.52 horas, del sector oeste-sudoeste.<\/p>\n\n\n\n<p>La voladura de <strong>techos<\/strong>, la ca\u00edda de <strong>\u00e1rboles<\/strong>, las <strong>calles anegadas<\/strong> y paredes que no resistieron fueron algunas de las postales de un temporal que, por su intensidad, no se registraba desde hace tiempo en Santa Rosa.<\/p>\n\n\n\n<p><\/p>\n\n\n\n<blockquote class=\"instagram-media\" data-instgrm-captioned data-instgrm-permalink=\"https:\/\/www.instagram.com\/reel\/DU6vEqnDRGs\/?utm_source=ig_embed&amp;utm_campaign=loading\" data-instgrm-version=\"14\" style=\" background:#FFF; border:0; border-radius:3px; box-shadow:0 0 1px 0 rgba(0,0,0,0.5),0 1px 10px 0 rgba(0,0,0,0.15); margin: 1px; max-width:540px; min-width:326px; padding:0; width:99.375%; width:-webkit-calc(100% - 2px); width:calc(100% - 2px);\"><div style=\"padding:16px;\"> <a href=\"https:\/\/www.instagram.com\/reel\/DU6vEqnDRGs\/?utm_source=ig_embed&amp;utm_campaign=loading\" style=\" background:#FFFFFF; line-height:0; padding:0 0; text-align:center; text-decoration:none; width:100%;\" target=\"_blank\"> <div style=\" display: flex; flex-direction: row; align-items: center;\"> <div style=\"background-color: #F4F4F4; border-radius: 50%; flex-grow: 0; height: 40px; margin-right: 14px; width: 40px;\"><\/div> <div style=\"display: flex; flex-direction: column; flex-grow: 1; justify-content: center;\"> <div style=\" background-color: #F4F4F4; border-radius: 4px; flex-grow: 0; height: 14px; margin-bottom: 6px; width: 100px;\"><\/div> <div style=\" background-color: #F4F4F4; border-radius: 4px; flex-grow: 0; height: 14px; width: 60px;\"><\/div><\/div><\/div><div style=\"padding: 19% 0;\"><\/div> <div style=\"display:block; height:50px; margin:0 auto 12px; width:50px;\"><svg width=\"50px\" height=\"50px\" viewBox=\"0 0 60 60\" version=\"1.1\" xmlns=\"https:\/\/www.w3.org\/2000\/svg\" xmlns:xlink=\"https:\/\/www.w3.org\/1999\/xlink\"><g stroke=\"none\" stroke-width=\"1\" fill=\"none\" fill-rule=\"evenodd\"><g transform=\"translate(-511.000000, -20.000000)\" fill=\"#000000\"><g><path d=\"M556.869,30.41 C554.814,30.41 553.148,32.076 553.148,34.131 C553.148,36.186 554.814,37.852 556.869,37.852 C558.924,37.852 560.59,36.186 560.59,34.131 C560.59,32.076 558.924,30.41 556.869,30.41 M541,60.657 C535.114,60.657 530.342,55.887 530.342,50 C530.342,44.114 535.114,39.342 541,39.342 C546.887,39.342 551.658,44.114 551.658,50 C551.658,55.887 546.887,60.657 541,60.657 M541,33.886 C532.1,33.886 524.886,41.1 524.886,50 C524.886,58.899 532.1,66.113 541,66.113 C549.9,66.113 557.115,58.899 557.115,50 C557.115,41.1 549.9,33.886 541,33.886 M565.378,62.101 C565.244,65.022 564.756,66.606 564.346,67.663 C563.803,69.06 563.154,70.057 562.106,71.106 C561.058,72.155 560.06,72.803 558.662,73.347 C557.607,73.757 556.021,74.244 553.102,74.378 C549.944,74.521 548.997,74.552 541,74.552 C533.003,74.552 532.056,74.521 528.898,74.378 C525.979,74.244 524.393,73.757 523.338,73.347 C521.94,72.803 520.942,72.155 519.894,71.106 C518.846,70.057 518.197,69.06 517.654,67.663 C517.244,66.606 516.755,65.022 516.623,62.101 C516.479,58.943 516.448,57.996 516.448,50 C516.448,42.003 516.479,41.056 516.623,37.899 C516.755,34.978 517.244,33.391 517.654,32.338 C518.197,30.938 518.846,29.942 519.894,28.894 C520.942,27.846 521.94,27.196 523.338,26.654 C524.393,26.244 525.979,25.756 528.898,25.623 C532.057,25.479 533.004,25.448 541,25.448 C548.997,25.448 549.943,25.479 553.102,25.623 C556.021,25.756 557.607,26.244 558.662,26.654 C560.06,27.196 561.058,27.846 562.106,28.894 C563.154,29.942 563.803,30.938 564.346,32.338 C564.756,33.391 565.244,34.978 565.378,37.899 C565.522,41.056 565.552,42.003 565.552,50 C565.552,57.996 565.522,58.943 565.378,62.101 M570.82,37.631 C570.674,34.438 570.167,32.258 569.425,30.349 C568.659,28.377 567.633,26.702 565.965,25.035 C564.297,23.368 562.623,22.342 560.652,21.575 C558.743,20.834 556.562,20.326 553.369,20.18 C550.169,20.033 549.148,20 541,20 C532.853,20 531.831,20.033 528.631,20.18 C525.438,20.326 523.257,20.834 521.349,21.575 C519.376,22.342 517.703,23.368 516.035,25.035 C514.368,26.702 513.342,28.377 512.574,30.349 C511.834,32.258 511.326,34.438 511.181,37.631 C511.035,40.831 511,41.851 511,50 C511,58.147 511.035,59.17 511.181,62.369 C511.326,65.562 511.834,67.743 512.574,69.651 C513.342,71.625 514.368,73.296 516.035,74.965 C517.703,76.634 519.376,77.658 521.349,78.425 C523.257,79.167 525.438,79.673 528.631,79.82 C531.831,79.965 532.853,80.001 541,80.001 C549.148,80.001 550.169,79.965 553.369,79.82 C556.562,79.673 558.743,79.167 560.652,78.425 C562.623,77.658 564.297,76.634 565.965,74.965 C567.633,73.296 568.659,71.625 569.425,69.651 C570.167,67.743 570.674,65.562 570.82,62.369 C570.966,59.17 571,58.147 571,50 C571,41.851 570.966,40.831 570.82,37.631\"><\/path><\/g><\/g><\/g><\/svg><\/div><div style=\"padding-top: 8px;\"> <div style=\" color:#3897f0; font-family:Arial,sans-serif; font-size:14px; font-style:normal; font-weight:550; line-height:18px;\">Ver esta publicaci\u00f3n en Instagram<\/div><\/div><div style=\"padding: 12.5% 0;\"><\/div> <div style=\"display: flex; flex-direction: row; margin-bottom: 14px; align-items: center;\"><div> <div style=\"background-color: #F4F4F4; border-radius: 50%; height: 12.5px; width: 12.5px; transform: translateX(0px) translateY(7px);\"><\/div> <div style=\"background-color: #F4F4F4; height: 12.5px; transform: rotate(-45deg) translateX(3px) translateY(1px); width: 12.5px; flex-grow: 0; margin-right: 14px; margin-left: 2px;\"><\/div> <div style=\"background-color: #F4F4F4; border-radius: 50%; height: 12.5px; width: 12.5px; transform: translateX(9px) translateY(-18px);\"><\/div><\/div><div style=\"margin-left: 8px;\"> <div style=\" background-color: #F4F4F4; border-radius: 50%; flex-grow: 0; height: 20px; width: 20px;\"><\/div> <div style=\" width: 0; height: 0; border-top: 2px solid transparent; border-left: 6px solid #f4f4f4; border-bottom: 2px solid transparent; transform: translateX(16px) translateY(-4px) rotate(30deg)\"><\/div><\/div><div style=\"margin-left: auto;\"> <div style=\" width: 0px; border-top: 8px solid #F4F4F4; border-right: 8px solid transparent; transform: translateY(16px);\"><\/div> <div style=\" background-color: #F4F4F4; flex-grow: 0; height: 12px; width: 16px; transform: translateY(-4px);\"><\/div> <div style=\" width: 0; height: 0; border-top: 8px solid #F4F4F4; border-left: 8px solid transparent; transform: translateY(-4px) translateX(8px);\"><\/div><\/div><\/div> <div style=\"display: flex; flex-direction: column; flex-grow: 1; justify-content: center; margin-bottom: 24px;\"> <div style=\" background-color: #F4F4F4; border-radius: 4px; flex-grow: 0; height: 14px; margin-bottom: 6px; width: 224px;\"><\/div> <div style=\" background-color: #F4F4F4; border-radius: 4px; flex-grow: 0; height: 14px; width: 144px;\"><\/div><\/div><\/a><p style=\" color:#c9c8cd; font-family:Arial,sans-serif; font-size:14px; line-height:17px; margin-bottom:0; margin-top:8px; overflow:hidden; padding:8px 0 7px; text-align:center; text-overflow:ellipsis; white-space:nowrap;\"><a href=\"https:\/\/www.instagram.com\/reel\/DU6vEqnDRGs\/?utm_source=ig_embed&amp;utm_campaign=loading\" style=\" color:#c9c8cd; font-family:Arial,sans-serif; font-size:14px; font-style:normal; font-weight:normal; line-height:17px; text-decoration:none;\" target=\"_blank\">Una publicaci\u00f3n compartida de eltextual (@eltextual)<\/a><\/p><\/div><\/blockquote>\n<script async src=\"\/\/www.instagram.com\/embed.js\"><\/script>\n\n\n\n<p><\/p>\n\n\n\n<p>La situaci\u00f3n tambi\u00e9n se replic\u00f3 en algunos sectores de la ciudad de Toay. Principalmente en el barrio Lowo Che, donde el frente de tormenta gener\u00f3 complicaciones similares, con da\u00f1os en viviendas, calles y arbolado. Se reportaron ca\u00eddas de \u00e1rboles en algunas casas.<\/p>\n\n\n\n<p>La <strong>Municipalidad de Santa Rosa<\/strong> pidi\u00f3 a los vecinos permanecer en sus hogares e inform\u00f3 que equipos municipales trabajan de manera articulada con <strong>Defensa Civil provincial<\/strong> para asistir a familias afectadas y despejar la v\u00eda p\u00fablica.<\/p>\n\n\n\n<figure class=\"wp-block-embed is-type-wp-embed is-provider-diario-textual wp-block-embed-diario-textual\"><div class=\"wp-block-embed__wrapper\">\n<blockquote class=\"wp-embedded-content\" data-secret=\"hYKJd9O4wJ\"><a href=\"https:\/\/diariotextual.com\/inicio\/index.php\/2026\/02\/18\/el-gobierno-provincial-articula-acciones-para-atender-los-danos-de-la-tormenta-en-santa-rosa-y-toay\/\">El Gobierno provincial articula acciones para atender los da\u00f1os de la tormenta en Santa Rosa y Toay<\/a><\/blockquote><iframe class=\"wp-embedded-content\" sandbox=\"allow-scripts\" security=\"restricted\" style=\"position: absolute; visibility: hidden;\" title=\"\u00abEl Gobierno provincial articula acciones para atender los da\u00f1os de la tormenta en Santa Rosa y Toay\u00bb \u2014 Diario Textual\" src=\"https:\/\/diariotextual.com\/inicio\/index.php\/2026\/02\/18\/el-gobierno-provincial-articula-acciones-para-atender-los-danos-de-la-tormenta-en-santa-rosa-y-toay\/embed\/#?secret=fwLKen3Nee#?secret=hYKJd9O4wJ\" data-secret=\"hYKJd9O4wJ\" width=\"600\" height=\"338\" frameborder=\"0\" marginwidth=\"0\" marginheight=\"0\" scrolling=\"no\"><\/iframe>\n<\/div><\/figure>\n\n\n\n<div style=\"height:100px\" aria-hidden=\"true\" class=\"wp-block-spacer\"><\/div>\n\n\n\n<p><strong>147<\/strong><\/p>\n\n\n\n<p>Desde el municipio detallaron que se registr\u00f3 ca\u00edda de <strong>postes<\/strong>, <strong>cables sueltos<\/strong> y <strong>\u00e1rboles<\/strong> sobre veh\u00edculos y calles. Tambi\u00e9n se record\u00f3 que el n\u00famero <strong>147<\/strong> se encuentra disponible para recibir avisos, que ser\u00e1n derivados a las \u00e1reas correspondientes para su resoluci\u00f3n.<\/p>\n\n\n\n<div style=\"height:100px\" aria-hidden=\"true\" class=\"wp-block-spacer\"><\/div>\n\n\n\n<p><strong>Refuerzo de seguridad<\/strong><\/p>\n\n\n\n<p>El Gobierno de la Provincia de La Pampa inform\u00f3 que la Polic\u00eda provincial reforz\u00f3 los operativos de seguridad y prevenci\u00f3n durante el horario nocturno en las ciudades de Santa Rosa y Toay, en el marco de la situaci\u00f3n generada por la reciente tormenta. &nbsp;<\/p>\n\n\n\n<p>\u201cLa medida tiene como objetivo intensificar la presencia policial en los barrios y zonas afectadas, prevenir hechos delictivos y brindar mayor tranquilidad a la poblaci\u00f3n mientras contin\u00faan las tareas de asistencia y recuperaci\u00f3n\u201d, comunic\u00f3.<br><br>El dispositivo incluye patrullajes preventivos, controles din\u00e1micos y monitoreo permanente en coordinaci\u00f3n con las \u00e1reas de Seguridad y Justicia.<\/p>\n\n\n\n<p><\/p>\n\n\n\n<figure class=\"wp-block-image size-large\"><img fetchpriority=\"high\" decoding=\"async\" width=\"1024\" height=\"768\" src=\"https:\/\/diariotextual.com\/inicio\/wp-content\/uploads\/2026\/02\/IMG-20260218-WA0042-1024x768.jpg\" alt=\"\" class=\"wp-image-319954\" srcset=\"https:\/\/diariotextual.com\/inicio\/wp-content\/uploads\/2026\/02\/IMG-20260218-WA0042-1024x768.jpg 1024w, https:\/\/diariotextual.com\/inicio\/wp-content\/uploads\/2026\/02\/IMG-20260218-WA0042-300x225.jpg 300w, https:\/\/diariotextual.com\/inicio\/wp-content\/uploads\/2026\/02\/IMG-20260218-WA0042-768x576.jpg 768w, https:\/\/diariotextual.com\/inicio\/wp-content\/uploads\/2026\/02\/IMG-20260218-WA0042-1536x1152.jpg 1536w, https:\/\/diariotextual.com\/inicio\/wp-content\/uploads\/2026\/02\/IMG-20260218-WA0042-1170x878.jpg 1170w, https:\/\/diariotextual.com\/inicio\/wp-content\/uploads\/2026\/02\/IMG-20260218-WA0042-585x439.jpg 585w, https:\/\/diariotextual.com\/inicio\/wp-content\/uploads\/2026\/02\/IMG-20260218-WA0042.jpg 1600w\" sizes=\"(max-width: 1024px) 100vw, 1024px\" \/><\/figure>\n\n\n\n<p><em>La ruta 35, en direcci\u00f3n al sur.<\/em><br><\/p>\n\n\n\n<div style=\"height:100px\" aria-hidden=\"true\" class=\"wp-block-spacer\"><\/div>\n\n\n\n<figure class=\"wp-block-image size-large\"><img decoding=\"async\" width=\"1024\" height=\"576\" src=\"https:\/\/diariotextual.com\/inicio\/wp-content\/uploads\/2026\/02\/IMG-20260218-WA0043-1024x576.jpg\" alt=\"\" class=\"wp-image-319953\" srcset=\"https:\/\/diariotextual.com\/inicio\/wp-content\/uploads\/2026\/02\/IMG-20260218-WA0043-1024x576.jpg 1024w, https:\/\/diariotextual.com\/inicio\/wp-content\/uploads\/2026\/02\/IMG-20260218-WA0043-300x169.jpg 300w, https:\/\/diariotextual.com\/inicio\/wp-content\/uploads\/2026\/02\/IMG-20260218-WA0043-768x432.jpg 768w, https:\/\/diariotextual.com\/inicio\/wp-content\/uploads\/2026\/02\/IMG-20260218-WA0043-1536x864.jpg 1536w, https:\/\/diariotextual.com\/inicio\/wp-content\/uploads\/2026\/02\/IMG-20260218-WA0043-1170x658.jpg 1170w, https:\/\/diariotextual.com\/inicio\/wp-content\/uploads\/2026\/02\/IMG-20260218-WA0043-585x329.jpg 585w, https:\/\/diariotextual.com\/inicio\/wp-content\/uploads\/2026\/02\/IMG-20260218-WA0043.jpg 1600w\" sizes=\"(max-width: 1024px) 100vw, 1024px\" \/><\/figure>\n\n\n\n<p><em>Una calle totalmente anegada, en la capital.<\/em><\/p>\n\n\n\n<div style=\"height:100px\" aria-hidden=\"true\" class=\"wp-block-spacer\"><\/div>\n\n\n\n<figure class=\"wp-block-image size-large\"><img decoding=\"async\" width=\"1024\" height=\"768\" src=\"https:\/\/diariotextual.com\/inicio\/wp-content\/uploads\/2026\/02\/tormentasantarosadestrozosluro2026-7777-1024x768.jpg\" alt=\"\" class=\"wp-image-320021\" srcset=\"https:\/\/diariotextual.com\/inicio\/wp-content\/uploads\/2026\/02\/tormentasantarosadestrozosluro2026-7777-1024x768.jpg 1024w, https:\/\/diariotextual.com\/inicio\/wp-content\/uploads\/2026\/02\/tormentasantarosadestrozosluro2026-7777-300x225.jpg 300w, https:\/\/diariotextual.com\/inicio\/wp-content\/uploads\/2026\/02\/tormentasantarosadestrozosluro2026-7777-768x576.jpg 768w, https:\/\/diariotextual.com\/inicio\/wp-content\/uploads\/2026\/02\/tormentasantarosadestrozosluro2026-7777-1170x878.jpg 1170w, https:\/\/diariotextual.com\/inicio\/wp-content\/uploads\/2026\/02\/tormentasantarosadestrozosluro2026-7777-585x439.jpg 585w, https:\/\/diariotextual.com\/inicio\/wp-content\/uploads\/2026\/02\/tormentasantarosadestrozosluro2026-7777.jpg 1300w\" sizes=\"(max-width: 1024px) 100vw, 1024px\" \/><\/figure>\n\n\n\n<p><em>Un \u00e1rbol ca\u00eddo, en la avenida Luro.<\/em><\/p>\n\n\n\n<div style=\"height:100px\" aria-hidden=\"true\" class=\"wp-block-spacer\"><\/div>\n\n\n\n<p><\/p>\n\n\n\n<figure class=\"wp-block-image size-full\"><img loading=\"lazy\" decoding=\"async\" width=\"900\" height=\"405\" src=\"https:\/\/diariotextual.com\/inicio\/wp-content\/uploads\/2026\/02\/toaytemporal2026.jpg\" alt=\"\" class=\"wp-image-319958\" srcset=\"https:\/\/diariotextual.com\/inicio\/wp-content\/uploads\/2026\/02\/toaytemporal2026.jpg 900w, https:\/\/diariotextual.com\/inicio\/wp-content\/uploads\/2026\/02\/toaytemporal2026-300x135.jpg 300w, https:\/\/diariotextual.com\/inicio\/wp-content\/uploads\/2026\/02\/toaytemporal2026-768x346.jpg 768w, https:\/\/diariotextual.com\/inicio\/wp-content\/uploads\/2026\/02\/toaytemporal2026-585x263.jpg 585w\" sizes=\"(max-width: 900px) 100vw, 900px\" \/><figcaption class=\"wp-element-caption\"><em>El barrio de Lowo Che fue una de las zonas m\u00e1s afectadas en la localidad de Toay.<\/em><\/figcaption><\/figure>\n\n\n\n<div style=\"height:100px\" aria-hidden=\"true\" class=\"wp-block-spacer\"><\/div>\n\n\n\n<p><\/p>\n\n\n\n<figure class=\"wp-block-image size-full\"><img loading=\"lazy\" decoding=\"async\" width=\"900\" height=\"507\" src=\"https:\/\/diariotextual.com\/inicio\/wp-content\/uploads\/2026\/02\/santarosatemporalfebrero12026.jpg\" alt=\"\" class=\"wp-image-319965\" srcset=\"https:\/\/diariotextual.com\/inicio\/wp-content\/uploads\/2026\/02\/santarosatemporalfebrero12026.jpg 900w, https:\/\/diariotextual.com\/inicio\/wp-content\/uploads\/2026\/02\/santarosatemporalfebrero12026-300x169.jpg 300w, https:\/\/diariotextual.com\/inicio\/wp-content\/uploads\/2026\/02\/santarosatemporalfebrero12026-768x433.jpg 768w, https:\/\/diariotextual.com\/inicio\/wp-content\/uploads\/2026\/02\/santarosatemporalfebrero12026-585x330.jpg 585w\" sizes=\"(max-width: 900px) 100vw, 900px\" \/><figcaption class=\"wp-element-caption\"><em>El fen\u00f3meno provoc\u00f3 anegamientos en varias calles de la capital pampeana<\/em>.<\/figcaption><\/figure>\n\n\n\n<div style=\"height:100px\" aria-hidden=\"true\" class=\"wp-block-spacer\"><\/div>\n\n\n\n<pre class=\"wp-block-code\"><code>\n<\/code><\/pre>\n","protected":false},"excerpt":{"rendered":"<p>Un gran frente de tormenta avanz\u00f3 este mi\u00e9rcoles por la tarde sobre Santa Rosa, Toay, Anguil y otras localidades de La Pampa, con lluvias intensas, fuertes vientos de hasta 91&hellip;<\/p>\n","protected":false},"author":3,"featured_media":319961,"comment_status":"closed","ping_status":"open","sticky":false,"template":"","format":"standard","meta":{"_acf_changed":false,"footnotes":""},"categories":[12],"tags":[],"class_list":["post-319950","post","type-post","status-publish","format-standard","has-post-thumbnail","hentry","category-sociedad"],"acf":[],"yoast_head":"<!-- This site is optimized with the Yoast SEO plugin v27.4 - https:\/\/yoast.com\/product\/yoast-seo-wordpress\/ -->\n<title>Tormenta y viento de hasta 91 km\/h en Santa Rosa y Toay: voladuras de techos, ca\u00eddas de \u00e1rboles y anegamientos - Diario Textual<\/title>\n<meta name=\"robots\" content=\"index, follow, max-snippet:-1, max-image-preview:large, max-video-preview:-1\" \/>\n<link rel=\"canonical\" href=\"https:\/\/diariotextual.com\/inicio\/index.php\/2026\/02\/18\/una-tormenta-provoco-destrozos-en-toay-y-santa-rosa\/\" \/>\n<meta property=\"og:locale\" content=\"es_ES\" \/>\n<meta property=\"og:type\" content=\"article\" \/>\n<meta property=\"og:title\" content=\"Tormenta y viento de hasta 91 km\/h en Santa Rosa y Toay: voladuras de techos, ca\u00eddas de \u00e1rboles y anegamientos - Diario Textual\" \/>\n<meta property=\"og:description\" content=\"Un gran frente de tormenta avanz\u00f3 este mi\u00e9rcoles por la tarde sobre Santa Rosa, Toay, Anguil y otras localidades de La Pampa, con lluvias intensas, fuertes vientos de hasta 91&hellip;\" \/>\n<meta property=\"og:url\" content=\"https:\/\/diariotextual.com\/inicio\/index.php\/2026\/02\/18\/una-tormenta-provoco-destrozos-en-toay-y-santa-rosa\/\" \/>\n<meta property=\"og:site_name\" content=\"Diario Textual\" \/>\n<meta property=\"article:publisher\" content=\"https:\/\/www.facebook.com\/eltextual\" \/>\n<meta property=\"article:published_time\" content=\"2026-02-18T22:35:00+00:00\" \/>\n<meta property=\"article:modified_time\" content=\"2026-02-19T10:00:09+00:00\" \/>\n<meta property=\"og:image\" content=\"https:\/\/diariotextual.com\/inicio\/wp-content\/uploads\/2026\/02\/santarosatemporalfebrero2026.jpg\" \/>\n\t<meta property=\"og:image:width\" content=\"745\" \/>\n\t<meta property=\"og:image:height\" content=\"700\" \/>\n\t<meta property=\"og:image:type\" content=\"image\/jpeg\" \/>\n<meta name=\"author\" content=\"Diario1 Diario1\" \/>\n<meta name=\"twitter:card\" content=\"summary_large_image\" \/>\n<meta name=\"twitter:creator\" content=\"@eltextual\" \/>\n<meta name=\"twitter:site\" content=\"@eltextual\" \/>\n<meta name=\"twitter:label1\" content=\"Escrito por\" \/>\n\t<meta name=\"twitter:data1\" content=\"Diario1 Diario1\" \/>\n\t<meta name=\"twitter:label2\" content=\"Tiempo de lectura\" \/>\n\t<meta name=\"twitter:data2\" content=\"4 minutos\" \/>\n<script type=\"application\/ld+json\" class=\"yoast-schema-graph\">{\"@context\":\"https:\\\/\\\/schema.org\",\"@graph\":[{\"@type\":\"Article\",\"@id\":\"https:\\\/\\\/diariotextual.com\\\/inicio\\\/index.php\\\/2026\\\/02\\\/18\\\/una-tormenta-provoco-destrozos-en-toay-y-santa-rosa\\\/#article\",\"isPartOf\":{\"@id\":\"https:\\\/\\\/diariotextual.com\\\/inicio\\\/index.php\\\/2026\\\/02\\\/18\\\/una-tormenta-provoco-destrozos-en-toay-y-santa-rosa\\\/\"},\"author\":{\"name\":\"Diario1 Diario1\",\"@id\":\"https:\\\/\\\/diariotextual.com\\\/inicio\\\/#\\\/schema\\\/person\\\/418fc4093c33e86ed41562db3508f958\"},\"headline\":\"Tormenta y viento de hasta 91 km\\\/h en Santa Rosa y Toay: voladuras de techos, ca\u00eddas de \u00e1rboles y anegamientos\",\"datePublished\":\"2026-02-18T22:35:00+00:00\",\"dateModified\":\"2026-02-19T10:00:09+00:00\",\"mainEntityOfPage\":{\"@id\":\"https:\\\/\\\/diariotextual.com\\\/inicio\\\/index.php\\\/2026\\\/02\\\/18\\\/una-tormenta-provoco-destrozos-en-toay-y-santa-rosa\\\/\"},\"wordCount\":492,\"publisher\":{\"@id\":\"https:\\\/\\\/diariotextual.com\\\/inicio\\\/#organization\"},\"image\":{\"@id\":\"https:\\\/\\\/diariotextual.com\\\/inicio\\\/index.php\\\/2026\\\/02\\\/18\\\/una-tormenta-provoco-destrozos-en-toay-y-santa-rosa\\\/#primaryimage\"},\"thumbnailUrl\":\"https:\\\/\\\/diariotextual.com\\\/inicio\\\/wp-content\\\/uploads\\\/2026\\\/02\\\/santarosatemporalfebrero2026.jpg\",\"articleSection\":[\"SOCIEDAD\"],\"inLanguage\":\"es\"},{\"@type\":\"WebPage\",\"@id\":\"https:\\\/\\\/diariotextual.com\\\/inicio\\\/index.php\\\/2026\\\/02\\\/18\\\/una-tormenta-provoco-destrozos-en-toay-y-santa-rosa\\\/\",\"url\":\"https:\\\/\\\/diariotextual.com\\\/inicio\\\/index.php\\\/2026\\\/02\\\/18\\\/una-tormenta-provoco-destrozos-en-toay-y-santa-rosa\\\/\",\"name\":\"Tormenta y viento de hasta 91 km\\\/h en Santa Rosa y Toay: voladuras de techos, ca\u00eddas de \u00e1rboles y anegamientos - Diario Textual\",\"isPartOf\":{\"@id\":\"https:\\\/\\\/diariotextual.com\\\/inicio\\\/#website\"},\"primaryImageOfPage\":{\"@id\":\"https:\\\/\\\/diariotextual.com\\\/inicio\\\/index.php\\\/2026\\\/02\\\/18\\\/una-tormenta-provoco-destrozos-en-toay-y-santa-rosa\\\/#primaryimage\"},\"image\":{\"@id\":\"https:\\\/\\\/diariotextual.com\\\/inicio\\\/index.php\\\/2026\\\/02\\\/18\\\/una-tormenta-provoco-destrozos-en-toay-y-santa-rosa\\\/#primaryimage\"},\"thumbnailUrl\":\"https:\\\/\\\/diariotextual.com\\\/inicio\\\/wp-content\\\/uploads\\\/2026\\\/02\\\/santarosatemporalfebrero2026.jpg\",\"datePublished\":\"2026-02-18T22:35:00+00:00\",\"dateModified\":\"2026-02-19T10:00:09+00:00\",\"breadcrumb\":{\"@id\":\"https:\\\/\\\/diariotextual.com\\\/inicio\\\/index.php\\\/2026\\\/02\\\/18\\\/una-tormenta-provoco-destrozos-en-toay-y-santa-rosa\\\/#breadcrumb\"},\"inLanguage\":\"es\",\"potentialAction\":[{\"@type\":\"ReadAction\",\"target\":[\"https:\\\/\\\/diariotextual.com\\\/inicio\\\/index.php\\\/2026\\\/02\\\/18\\\/una-tormenta-provoco-destrozos-en-toay-y-santa-rosa\\\/\"]}]},{\"@type\":\"ImageObject\",\"inLanguage\":\"es\",\"@id\":\"https:\\\/\\\/diariotextual.com\\\/inicio\\\/index.php\\\/2026\\\/02\\\/18\\\/una-tormenta-provoco-destrozos-en-toay-y-santa-rosa\\\/#primaryimage\",\"url\":\"https:\\\/\\\/diariotextual.com\\\/inicio\\\/wp-content\\\/uploads\\\/2026\\\/02\\\/santarosatemporalfebrero2026.jpg\",\"contentUrl\":\"https:\\\/\\\/diariotextual.com\\\/inicio\\\/wp-content\\\/uploads\\\/2026\\\/02\\\/santarosatemporalfebrero2026.jpg\",\"width\":745,\"height\":700},{\"@type\":\"BreadcrumbList\",\"@id\":\"https:\\\/\\\/diariotextual.com\\\/inicio\\\/index.php\\\/2026\\\/02\\\/18\\\/una-tormenta-provoco-destrozos-en-toay-y-santa-rosa\\\/#breadcrumb\",\"itemListElement\":[{\"@type\":\"ListItem\",\"position\":1,\"name\":\"Portada\",\"item\":\"https:\\\/\\\/diariotextual.com\\\/inicio\\\/\"},{\"@type\":\"ListItem\",\"position\":2,\"name\":\"Tormenta y viento de hasta 91 km\\\/h en Santa Rosa y Toay: voladuras de techos, ca\u00eddas de \u00e1rboles y anegamientos\"}]},{\"@type\":\"WebSite\",\"@id\":\"https:\\\/\\\/diariotextual.com\\\/inicio\\\/#website\",\"url\":\"https:\\\/\\\/diariotextual.com\\\/inicio\\\/\",\"name\":\"Diario Textual\",\"description\":\"\",\"publisher\":{\"@id\":\"https:\\\/\\\/diariotextual.com\\\/inicio\\\/#organization\"},\"potentialAction\":[{\"@type\":\"SearchAction\",\"target\":{\"@type\":\"EntryPoint\",\"urlTemplate\":\"https:\\\/\\\/diariotextual.com\\\/inicio\\\/?s={search_term_string}\"},\"query-input\":{\"@type\":\"PropertyValueSpecification\",\"valueRequired\":true,\"valueName\":\"search_term_string\"}}],\"inLanguage\":\"es\"},{\"@type\":\"Organization\",\"@id\":\"https:\\\/\\\/diariotextual.com\\\/inicio\\\/#organization\",\"name\":\"Diario Textual\",\"url\":\"https:\\\/\\\/diariotextual.com\\\/inicio\\\/\",\"logo\":{\"@type\":\"ImageObject\",\"inLanguage\":\"es\",\"@id\":\"https:\\\/\\\/diariotextual.com\\\/inicio\\\/#\\\/schema\\\/logo\\\/image\\\/\",\"url\":\"https:\\\/\\\/diariotextual.com\\\/inicio\\\/wp-content\\\/uploads\\\/2023\\\/05\\\/logotextual1.jpg\",\"contentUrl\":\"https:\\\/\\\/diariotextual.com\\\/inicio\\\/wp-content\\\/uploads\\\/2023\\\/05\\\/logotextual1.jpg\",\"width\":516,\"height\":76,\"caption\":\"Diario Textual\"},\"image\":{\"@id\":\"https:\\\/\\\/diariotextual.com\\\/inicio\\\/#\\\/schema\\\/logo\\\/image\\\/\"},\"sameAs\":[\"https:\\\/\\\/www.facebook.com\\\/eltextual\",\"https:\\\/\\\/x.com\\\/eltextual\",\"http:\\\/\\\/www.instagram.com\\\/eltextual\"]},{\"@type\":\"Person\",\"@id\":\"https:\\\/\\\/diariotextual.com\\\/inicio\\\/#\\\/schema\\\/person\\\/418fc4093c33e86ed41562db3508f958\",\"name\":\"Diario1 Diario1\",\"image\":{\"@type\":\"ImageObject\",\"inLanguage\":\"es\",\"@id\":\"https:\\\/\\\/secure.gravatar.com\\\/avatar\\\/9167d280179c85bc18be67aa7eda765854300033af4896dd779b608640f2ef7a?s=96&d=mm&r=g\",\"url\":\"https:\\\/\\\/secure.gravatar.com\\\/avatar\\\/9167d280179c85bc18be67aa7eda765854300033af4896dd779b608640f2ef7a?s=96&d=mm&r=g\",\"contentUrl\":\"https:\\\/\\\/secure.gravatar.com\\\/avatar\\\/9167d280179c85bc18be67aa7eda765854300033af4896dd779b608640f2ef7a?s=96&d=mm&r=g\",\"caption\":\"Diario1 Diario1\"},\"url\":\"https:\\\/\\\/diariotextual.com\\\/inicio\\\/index.php\\\/author\\\/diario1\\\/\"}]}<\/script>\n<!-- \/ Yoast SEO plugin. -->","yoast_head_json":{"title":"Tormenta y viento de hasta 91 km\/h en Santa Rosa y Toay: voladuras de techos, ca\u00eddas de \u00e1rboles y anegamientos - Diario Textual","robots":{"index":"index","follow":"follow","max-snippet":"max-snippet:-1","max-image-preview":"max-image-preview:large","max-video-preview":"max-video-preview:-1"},"canonical":"https:\/\/diariotextual.com\/inicio\/index.php\/2026\/02\/18\/una-tormenta-provoco-destrozos-en-toay-y-santa-rosa\/","og_locale":"es_ES","og_type":"article","og_title":"Tormenta y viento de hasta 91 km\/h en Santa Rosa y Toay: voladuras de techos, ca\u00eddas de \u00e1rboles y anegamientos - Diario Textual","og_description":"Un gran frente de tormenta avanz\u00f3 este mi\u00e9rcoles por la tarde sobre Santa Rosa, Toay, Anguil y otras localidades de La Pampa, con lluvias intensas, fuertes vientos de hasta 91&hellip;","og_url":"https:\/\/diariotextual.com\/inicio\/index.php\/2026\/02\/18\/una-tormenta-provoco-destrozos-en-toay-y-santa-rosa\/","og_site_name":"Diario Textual","article_publisher":"https:\/\/www.facebook.com\/eltextual","article_published_time":"2026-02-18T22:35:00+00:00","article_modified_time":"2026-02-19T10:00:09+00:00","og_image":[{"width":745,"height":700,"url":"https:\/\/diariotextual.com\/inicio\/wp-content\/uploads\/2026\/02\/santarosatemporalfebrero2026.jpg","type":"image\/jpeg"}],"author":"Diario1 Diario1","twitter_card":"summary_large_image","twitter_creator":"@eltextual","twitter_site":"@eltextual","twitter_misc":{"Escrito por":"Diario1 Diario1","Tiempo de lectura":"4 minutos"},"schema":{"@context":"https:\/\/schema.org","@graph":[{"@type":"Article","@id":"https:\/\/diariotextual.com\/inicio\/index.php\/2026\/02\/18\/una-tormenta-provoco-destrozos-en-toay-y-santa-rosa\/#article","isPartOf":{"@id":"https:\/\/diariotextual.com\/inicio\/index.php\/2026\/02\/18\/una-tormenta-provoco-destrozos-en-toay-y-santa-rosa\/"},"author":{"name":"Diario1 Diario1","@id":"https:\/\/diariotextual.com\/inicio\/#\/schema\/person\/418fc4093c33e86ed41562db3508f958"},"headline":"Tormenta y viento de hasta 91 km\/h en Santa Rosa y Toay: voladuras de techos, ca\u00eddas de \u00e1rboles y anegamientos","datePublished":"2026-02-18T22:35:00+00:00","dateModified":"2026-02-19T10:00:09+00:00","mainEntityOfPage":{"@id":"https:\/\/diariotextual.com\/inicio\/index.php\/2026\/02\/18\/una-tormenta-provoco-destrozos-en-toay-y-santa-rosa\/"},"wordCount":492,"publisher":{"@id":"https:\/\/diariotextual.com\/inicio\/#organization"},"image":{"@id":"https:\/\/diariotextual.com\/inicio\/index.php\/2026\/02\/18\/una-tormenta-provoco-destrozos-en-toay-y-santa-rosa\/#primaryimage"},"thumbnailUrl":"https:\/\/diariotextual.com\/inicio\/wp-content\/uploads\/2026\/02\/santarosatemporalfebrero2026.jpg","articleSection":["SOCIEDAD"],"inLanguage":"es"},{"@type":"WebPage","@id":"https:\/\/diariotextual.com\/inicio\/index.php\/2026\/02\/18\/una-tormenta-provoco-destrozos-en-toay-y-santa-rosa\/","url":"https:\/\/diariotextual.com\/inicio\/index.php\/2026\/02\/18\/una-tormenta-provoco-destrozos-en-toay-y-santa-rosa\/","name":"Tormenta y viento de hasta 91 km\/h en Santa Rosa y Toay: voladuras de techos, ca\u00eddas de \u00e1rboles y anegamientos - Diario Textual","isPartOf":{"@id":"https:\/\/diariotextual.com\/inicio\/#website"},"primaryImageOfPage":{"@id":"https:\/\/diariotextual.com\/inicio\/index.php\/2026\/02\/18\/una-tormenta-provoco-destrozos-en-toay-y-santa-rosa\/#primaryimage"},"image":{"@id":"https:\/\/diariotextual.com\/inicio\/index.php\/2026\/02\/18\/una-tormenta-provoco-destrozos-en-toay-y-santa-rosa\/#primaryimage"},"thumbnailUrl":"https:\/\/diariotextual.com\/inicio\/wp-content\/uploads\/2026\/02\/santarosatemporalfebrero2026.jpg","datePublished":"2026-02-18T22:35:00+00:00","dateModified":"2026-02-19T10:00:09+00:00","breadcrumb":{"@id":"https:\/\/diariotextual.com\/inicio\/index.php\/2026\/02\/18\/una-tormenta-provoco-destrozos-en-toay-y-santa-rosa\/#breadcrumb"},"inLanguage":"es","potentialAction":[{"@type":"ReadAction","target":["https:\/\/diariotextual.com\/inicio\/index.php\/2026\/02\/18\/una-tormenta-provoco-destrozos-en-toay-y-santa-rosa\/"]}]},{"@type":"ImageObject","inLanguage":"es","@id":"https:\/\/diariotextual.com\/inicio\/index.php\/2026\/02\/18\/una-tormenta-provoco-destrozos-en-toay-y-santa-rosa\/#primaryimage","url":"https:\/\/diariotextual.com\/inicio\/wp-content\/uploads\/2026\/02\/santarosatemporalfebrero2026.jpg","contentUrl":"https:\/\/diariotextual.com\/inicio\/wp-content\/uploads\/2026\/02\/santarosatemporalfebrero2026.jpg","width":745,"height":700},{"@type":"BreadcrumbList","@id":"https:\/\/diariotextual.com\/inicio\/index.php\/2026\/02\/18\/una-tormenta-provoco-destrozos-en-toay-y-santa-rosa\/#breadcrumb","itemListElement":[{"@type":"ListItem","position":1,"name":"Portada","item":"https:\/\/diariotextual.com\/inicio\/"},{"@type":"ListItem","position":2,"name":"Tormenta y viento de hasta 91 km\/h en Santa Rosa y Toay: voladuras de techos, ca\u00eddas de \u00e1rboles y anegamientos"}]},{"@type":"WebSite","@id":"https:\/\/diariotextual.com\/inicio\/#website","url":"https:\/\/diariotextual.com\/inicio\/","name":"Diario Textual","description":"","publisher":{"@id":"https:\/\/diariotextual.com\/inicio\/#organization"},"potentialAction":[{"@type":"SearchAction","target":{"@type":"EntryPoint","urlTemplate":"https:\/\/diariotextual.com\/inicio\/?s={search_term_string}"},"query-input":{"@type":"PropertyValueSpecification","valueRequired":true,"valueName":"search_term_string"}}],"inLanguage":"es"},{"@type":"Organization","@id":"https:\/\/diariotextual.com\/inicio\/#organization","name":"Diario Textual","url":"https:\/\/diariotextual.com\/inicio\/","logo":{"@type":"ImageObject","inLanguage":"es","@id":"https:\/\/diariotextual.com\/inicio\/#\/schema\/logo\/image\/","url":"https:\/\/diariotextual.com\/inicio\/wp-content\/uploads\/2023\/05\/logotextual1.jpg","contentUrl":"https:\/\/diariotextual.com\/inicio\/wp-content\/uploads\/2023\/05\/logotextual1.jpg","width":516,"height":76,"caption":"Diario Textual"},"image":{"@id":"https:\/\/diariotextual.com\/inicio\/#\/schema\/logo\/image\/"},"sameAs":["https:\/\/www.facebook.com\/eltextual","https:\/\/x.com\/eltextual","http:\/\/www.instagram.com\/eltextual"]},{"@type":"Person","@id":"https:\/\/diariotextual.com\/inicio\/#\/schema\/person\/418fc4093c33e86ed41562db3508f958","name":"Diario1 Diario1","image":{"@type":"ImageObject","inLanguage":"es","@id":"https:\/\/secure.gravatar.com\/avatar\/9167d280179c85bc18be67aa7eda765854300033af4896dd779b608640f2ef7a?s=96&d=mm&r=g","url":"https:\/\/secure.gravatar.com\/avatar\/9167d280179c85bc18be67aa7eda765854300033af4896dd779b608640f2ef7a?s=96&d=mm&r=g","contentUrl":"https:\/\/secure.gravatar.com\/avatar\/9167d280179c85bc18be67aa7eda765854300033af4896dd779b608640f2ef7a?s=96&d=mm&r=g","caption":"Diario1 Diario1"},"url":"https:\/\/diariotextual.com\/inicio\/index.php\/author\/diario1\/"}]}},"_links":{"self":[{"href":"https:\/\/diariotextual.com\/inicio\/index.php\/wp-json\/wp\/v2\/posts\/319950","targetHints":{"allow":["GET"]}}],"collection":[{"href":"https:\/\/diariotextual.com\/inicio\/index.php\/wp-json\/wp\/v2\/posts"}],"about":[{"href":"https:\/\/diariotextual.com\/inicio\/index.php\/wp-json\/wp\/v2\/types\/post"}],"author":[{"embeddable":true,"href":"https:\/\/diariotextual.com\/inicio\/index.php\/wp-json\/wp\/v2\/users\/3"}],"replies":[{"embeddable":true,"href":"https:\/\/diariotextual.com\/inicio\/index.php\/wp-json\/wp\/v2\/comments?post=319950"}],"version-history":[{"count":17,"href":"https:\/\/diariotextual.com\/inicio\/index.php\/wp-json\/wp\/v2\/posts\/319950\/revisions"}],"predecessor-version":[{"id":320026,"href":"https:\/\/diariotextual.com\/inicio\/index.php\/wp-json\/wp\/v2\/posts\/319950\/revisions\/320026"}],"wp:featuredmedia":[{"embeddable":true,"href":"https:\/\/diariotextual.com\/inicio\/index.php\/wp-json\/wp\/v2\/media\/319961"}],"wp:attachment":[{"href":"https:\/\/diariotextual.com\/inicio\/index.php\/wp-json\/wp\/v2\/media?parent=319950"}],"wp:term":[{"taxonomy":"category","embeddable":true,"href":"https:\/\/diariotextual.com\/inicio\/index.php\/wp-json\/wp\/v2\/categories?post=319950"},{"taxonomy":"post_tag","embeddable":true,"href":"https:\/\/diariotextual.com\/inicio\/index.php\/wp-json\/wp\/v2\/tags?post=319950"}],"curies":[{"name":"wp","href":"https:\/\/api.w.org\/{rel}","templated":true}]}}