{"id":319977,"date":"2026-02-18T18:48:06","date_gmt":"2026-02-18T21:48:06","guid":{"rendered":"https:\/\/diariotextual.com\/inicio\/?p=319977"},"modified":"2026-02-18T21:32:14","modified_gmt":"2026-02-19T00:32:14","slug":"las-imagenes-del-desastre-que-dejo-el-temporal-de-viento-y-lluvia-en-la-capital-pampeana","status":"publish","type":"post","link":"https:\/\/diariotextual.com\/inicio\/index.php\/2026\/02\/18\/las-imagenes-del-desastre-que-dejo-el-temporal-de-viento-y-lluvia-en-la-capital-pampeana\/","title":{"rendered":"Las im\u00e1genes del desastre que dej\u00f3 el temporal de viento y lluvia en la capital pampeana"},"content":{"rendered":"\n<p>Voladura de techos, ca\u00edda de plantas, calles anegadas y paredes que no resistieron son las im\u00e1genes de un nuevo temporal como hace tiempo que no afectaba a Santa Rosa. El fen\u00f3meno clim\u00e1tico tambi\u00e9n abarc\u00f3 el barrio Lowo Che en Toay. Seg\u00fan comunic\u00f3 el Servicio Meteorol\u00f3gico Nacional, en Santa Rosa la m\u00e1xima r\u00e1faga fue de 91 km\/h a las 16.52 horas, del sector oeste-sudoeste.<\/p>\n\n\n\n<p><\/p>\n\n\n\n<iframe src=\"https:\/\/www.facebook.com\/plugins\/post.php?href=https%3A%2F%2Fwww.facebook.com%2Feltextual%2Fposts%2Fpfbid0e8MscRDjpZgBgS6yQPacoTkHL6YGyH388iW4o5A4RXRRvFLnDRsmtbfWdHWStYt2l&#038;show_text=true&#038;width=500\" width=\"500\" height=\"250\" style=\"border:none;overflow:hidden\" scrolling=\"no\" frameborder=\"0\" allowfullscreen=\"true\" allow=\"autoplay; clipboard-write; encrypted-media; picture-in-picture; web-share\"><\/iframe>\n\n\n\n<p><\/p>\n\n\n\n<p><\/p>\n\n\n\n<p>El fen\u00f3meno meteorol\u00f3gico se registr\u00f3 en la capital provincial alrededor de las <strong>16.45<\/strong> y, en pocos minutos, provoc\u00f3 <strong>numerosos destrozos<\/strong> en distintos puntos de la ciudad.<\/p>\n\n\n\n<p>La voladura de <strong>techos<\/strong>, la ca\u00edda de <strong>\u00e1rboles<\/strong>, las <strong>calles anegadas<\/strong> y paredes que no resistieron fueron algunas de las postales de un temporal que, por su intensidad, no se registraba desde hace tiempo en Santa Rosa.<\/p>\n\n\n\n<p><\/p>\n\n\n\n<figure class=\"wp-block-image size-full\"><img fetchpriority=\"high\" decoding=\"async\" width=\"663\" height=\"900\" src=\"https:\/\/diariotextual.com\/inicio\/wp-content\/uploads\/2026\/02\/santarosatemporalfebrero32026.jpg\" alt=\"\" class=\"wp-image-319980\" srcset=\"https:\/\/diariotextual.com\/inicio\/wp-content\/uploads\/2026\/02\/santarosatemporalfebrero32026.jpg 663w, https:\/\/diariotextual.com\/inicio\/wp-content\/uploads\/2026\/02\/santarosatemporalfebrero32026-221x300.jpg 221w, https:\/\/diariotextual.com\/inicio\/wp-content\/uploads\/2026\/02\/santarosatemporalfebrero32026-585x794.jpg 585w\" sizes=\"(max-width: 663px) 100vw, 663px\" \/><\/figure>\n\n\n\n<p>La situaci\u00f3n tambi\u00e9n se replic\u00f3 en algunos sectores de la ciudad de Toay. Principalmente en el barrio Lowo Che, donde el frente de tormenta gener\u00f3 complicaciones similares, con da\u00f1os en viviendas, calles y arbolado. Se reportaron ca\u00eddas de \u00e1rboles en algunas casas.<\/p>\n\n\n\n<p>La <strong>Municipalidad de Santa Rosa<\/strong> pidi\u00f3 a los vecinos permanecer en sus hogares e inform\u00f3 que equipos municipales trabajan de manera articulada con <strong>Defensa Civil provincial<\/strong> para asistir a familias afectadas y despejar la v\u00eda p\u00fablica.<\/p>\n\n\n\n<p>Desde el municipio detallaron que se registr\u00f3 ca\u00edda de <strong>postes<\/strong>, <strong>cables sueltos<\/strong> y <strong>\u00e1rboles<\/strong> sobre veh\u00edculos y calles. Tambi\u00e9n se record\u00f3 que el n\u00famero <strong>147<\/strong> se encuentra disponible para recibir avisos, que ser\u00e1n derivados a las \u00e1reas correspondientes para su resoluci\u00f3n.<\/p>\n\n\n\n<p><\/p>\n\n\n\n<p><\/p>\n\n\n\n<p><\/p>\n\n\n\n<figure class=\"wp-block-image size-full\"><img decoding=\"async\" width=\"900\" height=\"506\" src=\"https:\/\/diariotextual.com\/inicio\/wp-content\/uploads\/2026\/02\/santarosatemporal22026-1.jpg\" alt=\"\" class=\"wp-image-319983\" srcset=\"https:\/\/diariotextual.com\/inicio\/wp-content\/uploads\/2026\/02\/santarosatemporal22026-1.jpg 900w, https:\/\/diariotextual.com\/inicio\/wp-content\/uploads\/2026\/02\/santarosatemporal22026-1-300x169.jpg 300w, https:\/\/diariotextual.com\/inicio\/wp-content\/uploads\/2026\/02\/santarosatemporal22026-1-768x432.jpg 768w, https:\/\/diariotextual.com\/inicio\/wp-content\/uploads\/2026\/02\/santarosatemporal22026-1-585x329.jpg 585w\" sizes=\"(max-width: 900px) 100vw, 900px\" \/><\/figure>\n\n\n\n<p><\/p>\n\n\n\n<figure class=\"wp-block-image size-full\"><img decoding=\"async\" width=\"900\" height=\"506\" src=\"https:\/\/diariotextual.com\/inicio\/wp-content\/uploads\/2026\/02\/santarosatemporal62026.jpg\" alt=\"\" class=\"wp-image-319982\" srcset=\"https:\/\/diariotextual.com\/inicio\/wp-content\/uploads\/2026\/02\/santarosatemporal62026.jpg 900w, https:\/\/diariotextual.com\/inicio\/wp-content\/uploads\/2026\/02\/santarosatemporal62026-300x169.jpg 300w, https:\/\/diariotextual.com\/inicio\/wp-content\/uploads\/2026\/02\/santarosatemporal62026-768x432.jpg 768w, https:\/\/diariotextual.com\/inicio\/wp-content\/uploads\/2026\/02\/santarosatemporal62026-585x329.jpg 585w\" sizes=\"(max-width: 900px) 100vw, 900px\" \/><\/figure>\n\n\n\n<p><\/p>\n\n\n\n<p><\/p>\n","protected":false},"excerpt":{"rendered":"<p>Voladura de techos, ca\u00edda de plantas, calles anegadas y paredes que no resistieron son las im\u00e1genes de un nuevo temporal como hace tiempo que no afectaba a Santa Rosa. El&hellip;<\/p>\n","protected":false},"author":5,"featured_media":319978,"comment_status":"closed","ping_status":"open","sticky":false,"template":"","format":"standard","meta":{"_acf_changed":false,"footnotes":""},"categories":[1,12],"tags":[],"class_list":["post-319977","post","type-post","status-publish","format-standard","has-post-thumbnail","hentry","category-es-noticia","category-sociedad"],"acf":[],"yoast_head":"<!-- This site is optimized with the Yoast SEO plugin v27.4 - https:\/\/yoast.com\/product\/yoast-seo-wordpress\/ -->\n<title>Las im\u00e1genes del desastre que dej\u00f3 el temporal de viento y lluvia en la capital pampeana - Diario Textual<\/title>\n<meta name=\"robots\" content=\"index, follow, max-snippet:-1, max-image-preview:large, max-video-preview:-1\" \/>\n<link rel=\"canonical\" href=\"https:\/\/diariotextual.com\/inicio\/index.php\/2026\/02\/18\/las-imagenes-del-desastre-que-dejo-el-temporal-de-viento-y-lluvia-en-la-capital-pampeana\/\" \/>\n<meta property=\"og:locale\" content=\"es_ES\" \/>\n<meta property=\"og:type\" content=\"article\" \/>\n<meta property=\"og:title\" content=\"Las im\u00e1genes del desastre que dej\u00f3 el temporal de viento y lluvia en la capital pampeana - Diario Textual\" \/>\n<meta property=\"og:description\" content=\"Voladura de techos, ca\u00edda de plantas, calles anegadas y paredes que no resistieron son las im\u00e1genes de un nuevo temporal como hace tiempo que no afectaba a Santa Rosa. El&hellip;\" \/>\n<meta property=\"og:url\" content=\"https:\/\/diariotextual.com\/inicio\/index.php\/2026\/02\/18\/las-imagenes-del-desastre-que-dejo-el-temporal-de-viento-y-lluvia-en-la-capital-pampeana\/\" \/>\n<meta property=\"og:site_name\" content=\"Diario Textual\" \/>\n<meta property=\"article:publisher\" content=\"https:\/\/www.facebook.com\/eltextual\" \/>\n<meta property=\"article:published_time\" content=\"2026-02-18T21:48:06+00:00\" \/>\n<meta property=\"article:modified_time\" content=\"2026-02-19T00:32:14+00:00\" \/>\n<meta property=\"og:image\" content=\"https:\/\/diariotextual.com\/inicio\/wp-content\/uploads\/2026\/02\/santarosatemporal42026.jpg\" \/>\n\t<meta property=\"og:image:width\" content=\"900\" \/>\n\t<meta property=\"og:image:height\" content=\"506\" \/>\n\t<meta property=\"og:image:type\" content=\"image\/jpeg\" \/>\n<meta name=\"author\" content=\"diario3\" \/>\n<meta name=\"twitter:card\" content=\"summary_large_image\" \/>\n<meta name=\"twitter:creator\" content=\"@eltextual\" \/>\n<meta name=\"twitter:site\" content=\"@eltextual\" \/>\n<meta name=\"twitter:label1\" content=\"Escrito por\" \/>\n\t<meta name=\"twitter:data1\" content=\"diario3\" \/>\n\t<meta name=\"twitter:label2\" content=\"Tiempo de lectura\" \/>\n\t<meta name=\"twitter:data2\" content=\"2 minutos\" \/>\n<script type=\"application\/ld+json\" class=\"yoast-schema-graph\">{\"@context\":\"https:\\\/\\\/schema.org\",\"@graph\":[{\"@type\":\"Article\",\"@id\":\"https:\\\/\\\/diariotextual.com\\\/inicio\\\/index.php\\\/2026\\\/02\\\/18\\\/las-imagenes-del-desastre-que-dejo-el-temporal-de-viento-y-lluvia-en-la-capital-pampeana\\\/#article\",\"isPartOf\":{\"@id\":\"https:\\\/\\\/diariotextual.com\\\/inicio\\\/index.php\\\/2026\\\/02\\\/18\\\/las-imagenes-del-desastre-que-dejo-el-temporal-de-viento-y-lluvia-en-la-capital-pampeana\\\/\"},\"author\":{\"name\":\"diario3\",\"@id\":\"https:\\\/\\\/diariotextual.com\\\/inicio\\\/#\\\/schema\\\/person\\\/a1b6f563e0ee944c60f98119389a4d9f\"},\"headline\":\"Las im\u00e1genes del desastre que dej\u00f3 el temporal de viento y lluvia en la capital pampeana\",\"datePublished\":\"2026-02-18T21:48:06+00:00\",\"dateModified\":\"2026-02-19T00:32:14+00:00\",\"mainEntityOfPage\":{\"@id\":\"https:\\\/\\\/diariotextual.com\\\/inicio\\\/index.php\\\/2026\\\/02\\\/18\\\/las-imagenes-del-desastre-que-dejo-el-temporal-de-viento-y-lluvia-en-la-capital-pampeana\\\/\"},\"wordCount\":283,\"publisher\":{\"@id\":\"https:\\\/\\\/diariotextual.com\\\/inicio\\\/#organization\"},\"image\":{\"@id\":\"https:\\\/\\\/diariotextual.com\\\/inicio\\\/index.php\\\/2026\\\/02\\\/18\\\/las-imagenes-del-desastre-que-dejo-el-temporal-de-viento-y-lluvia-en-la-capital-pampeana\\\/#primaryimage\"},\"thumbnailUrl\":\"https:\\\/\\\/diariotextual.com\\\/inicio\\\/wp-content\\\/uploads\\\/2026\\\/02\\\/santarosatemporal42026.jpg\",\"articleSection\":[\"A - ES NOTICIA (van abajo)\",\"SOCIEDAD\"],\"inLanguage\":\"es\"},{\"@type\":\"WebPage\",\"@id\":\"https:\\\/\\\/diariotextual.com\\\/inicio\\\/index.php\\\/2026\\\/02\\\/18\\\/las-imagenes-del-desastre-que-dejo-el-temporal-de-viento-y-lluvia-en-la-capital-pampeana\\\/\",\"url\":\"https:\\\/\\\/diariotextual.com\\\/inicio\\\/index.php\\\/2026\\\/02\\\/18\\\/las-imagenes-del-desastre-que-dejo-el-temporal-de-viento-y-lluvia-en-la-capital-pampeana\\\/\",\"name\":\"Las im\u00e1genes del desastre que dej\u00f3 el temporal de viento y lluvia en la capital pampeana - Diario Textual\",\"isPartOf\":{\"@id\":\"https:\\\/\\\/diariotextual.com\\\/inicio\\\/#website\"},\"primaryImageOfPage\":{\"@id\":\"https:\\\/\\\/diariotextual.com\\\/inicio\\\/index.php\\\/2026\\\/02\\\/18\\\/las-imagenes-del-desastre-que-dejo-el-temporal-de-viento-y-lluvia-en-la-capital-pampeana\\\/#primaryimage\"},\"image\":{\"@id\":\"https:\\\/\\\/diariotextual.com\\\/inicio\\\/index.php\\\/2026\\\/02\\\/18\\\/las-imagenes-del-desastre-que-dejo-el-temporal-de-viento-y-lluvia-en-la-capital-pampeana\\\/#primaryimage\"},\"thumbnailUrl\":\"https:\\\/\\\/diariotextual.com\\\/inicio\\\/wp-content\\\/uploads\\\/2026\\\/02\\\/santarosatemporal42026.jpg\",\"datePublished\":\"2026-02-18T21:48:06+00:00\",\"dateModified\":\"2026-02-19T00:32:14+00:00\",\"breadcrumb\":{\"@id\":\"https:\\\/\\\/diariotextual.com\\\/inicio\\\/index.php\\\/2026\\\/02\\\/18\\\/las-imagenes-del-desastre-que-dejo-el-temporal-de-viento-y-lluvia-en-la-capital-pampeana\\\/#breadcrumb\"},\"inLanguage\":\"es\",\"potentialAction\":[{\"@type\":\"ReadAction\",\"target\":[\"https:\\\/\\\/diariotextual.com\\\/inicio\\\/index.php\\\/2026\\\/02\\\/18\\\/las-imagenes-del-desastre-que-dejo-el-temporal-de-viento-y-lluvia-en-la-capital-pampeana\\\/\"]}]},{\"@type\":\"ImageObject\",\"inLanguage\":\"es\",\"@id\":\"https:\\\/\\\/diariotextual.com\\\/inicio\\\/index.php\\\/2026\\\/02\\\/18\\\/las-imagenes-del-desastre-que-dejo-el-temporal-de-viento-y-lluvia-en-la-capital-pampeana\\\/#primaryimage\",\"url\":\"https:\\\/\\\/diariotextual.com\\\/inicio\\\/wp-content\\\/uploads\\\/2026\\\/02\\\/santarosatemporal42026.jpg\",\"contentUrl\":\"https:\\\/\\\/diariotextual.com\\\/inicio\\\/wp-content\\\/uploads\\\/2026\\\/02\\\/santarosatemporal42026.jpg\",\"width\":900,\"height\":506},{\"@type\":\"BreadcrumbList\",\"@id\":\"https:\\\/\\\/diariotextual.com\\\/inicio\\\/index.php\\\/2026\\\/02\\\/18\\\/las-imagenes-del-desastre-que-dejo-el-temporal-de-viento-y-lluvia-en-la-capital-pampeana\\\/#breadcrumb\",\"itemListElement\":[{\"@type\":\"ListItem\",\"position\":1,\"name\":\"Portada\",\"item\":\"https:\\\/\\\/diariotextual.com\\\/inicio\\\/\"},{\"@type\":\"ListItem\",\"position\":2,\"name\":\"Las im\u00e1genes del desastre que dej\u00f3 el temporal de viento y lluvia en la capital pampeana\"}]},{\"@type\":\"WebSite\",\"@id\":\"https:\\\/\\\/diariotextual.com\\\/inicio\\\/#website\",\"url\":\"https:\\\/\\\/diariotextual.com\\\/inicio\\\/\",\"name\":\"Diario Textual\",\"description\":\"\",\"publisher\":{\"@id\":\"https:\\\/\\\/diariotextual.com\\\/inicio\\\/#organization\"},\"potentialAction\":[{\"@type\":\"SearchAction\",\"target\":{\"@type\":\"EntryPoint\",\"urlTemplate\":\"https:\\\/\\\/diariotextual.com\\\/inicio\\\/?s={search_term_string}\"},\"query-input\":{\"@type\":\"PropertyValueSpecification\",\"valueRequired\":true,\"valueName\":\"search_term_string\"}}],\"inLanguage\":\"es\"},{\"@type\":\"Organization\",\"@id\":\"https:\\\/\\\/diariotextual.com\\\/inicio\\\/#organization\",\"name\":\"Diario Textual\",\"url\":\"https:\\\/\\\/diariotextual.com\\\/inicio\\\/\",\"logo\":{\"@type\":\"ImageObject\",\"inLanguage\":\"es\",\"@id\":\"https:\\\/\\\/diariotextual.com\\\/inicio\\\/#\\\/schema\\\/logo\\\/image\\\/\",\"url\":\"https:\\\/\\\/diariotextual.com\\\/inicio\\\/wp-content\\\/uploads\\\/2023\\\/05\\\/logotextual1.jpg\",\"contentUrl\":\"https:\\\/\\\/diariotextual.com\\\/inicio\\\/wp-content\\\/uploads\\\/2023\\\/05\\\/logotextual1.jpg\",\"width\":516,\"height\":76,\"caption\":\"Diario Textual\"},\"image\":{\"@id\":\"https:\\\/\\\/diariotextual.com\\\/inicio\\\/#\\\/schema\\\/logo\\\/image\\\/\"},\"sameAs\":[\"https:\\\/\\\/www.facebook.com\\\/eltextual\",\"https:\\\/\\\/x.com\\\/eltextual\",\"http:\\\/\\\/www.instagram.com\\\/eltextual\"]},{\"@type\":\"Person\",\"@id\":\"https:\\\/\\\/diariotextual.com\\\/inicio\\\/#\\\/schema\\\/person\\\/a1b6f563e0ee944c60f98119389a4d9f\",\"name\":\"diario3\",\"image\":{\"@type\":\"ImageObject\",\"inLanguage\":\"es\",\"@id\":\"https:\\\/\\\/secure.gravatar.com\\\/avatar\\\/5e7ee62c82fc04d9dd79d746a390d93c69c43223e5faeeb3ea9461ef752bfc5d?s=96&d=mm&r=g\",\"url\":\"https:\\\/\\\/secure.gravatar.com\\\/avatar\\\/5e7ee62c82fc04d9dd79d746a390d93c69c43223e5faeeb3ea9461ef752bfc5d?s=96&d=mm&r=g\",\"contentUrl\":\"https:\\\/\\\/secure.gravatar.com\\\/avatar\\\/5e7ee62c82fc04d9dd79d746a390d93c69c43223e5faeeb3ea9461ef752bfc5d?s=96&d=mm&r=g\",\"caption\":\"diario3\"},\"url\":\"https:\\\/\\\/diariotextual.com\\\/inicio\\\/index.php\\\/author\\\/diario3\\\/\"}]}<\/script>\n<!-- \/ Yoast SEO plugin. -->","yoast_head_json":{"title":"Las im\u00e1genes del desastre que dej\u00f3 el temporal de viento y lluvia en la capital pampeana - Diario Textual","robots":{"index":"index","follow":"follow","max-snippet":"max-snippet:-1","max-image-preview":"max-image-preview:large","max-video-preview":"max-video-preview:-1"},"canonical":"https:\/\/diariotextual.com\/inicio\/index.php\/2026\/02\/18\/las-imagenes-del-desastre-que-dejo-el-temporal-de-viento-y-lluvia-en-la-capital-pampeana\/","og_locale":"es_ES","og_type":"article","og_title":"Las im\u00e1genes del desastre que dej\u00f3 el temporal de viento y lluvia en la capital pampeana - Diario Textual","og_description":"Voladura de techos, ca\u00edda de plantas, calles anegadas y paredes que no resistieron son las im\u00e1genes de un nuevo temporal como hace tiempo que no afectaba a Santa Rosa. El&hellip;","og_url":"https:\/\/diariotextual.com\/inicio\/index.php\/2026\/02\/18\/las-imagenes-del-desastre-que-dejo-el-temporal-de-viento-y-lluvia-en-la-capital-pampeana\/","og_site_name":"Diario Textual","article_publisher":"https:\/\/www.facebook.com\/eltextual","article_published_time":"2026-02-18T21:48:06+00:00","article_modified_time":"2026-02-19T00:32:14+00:00","og_image":[{"width":900,"height":506,"url":"https:\/\/diariotextual.com\/inicio\/wp-content\/uploads\/2026\/02\/santarosatemporal42026.jpg","type":"image\/jpeg"}],"author":"diario3","twitter_card":"summary_large_image","twitter_creator":"@eltextual","twitter_site":"@eltextual","twitter_misc":{"Escrito por":"diario3","Tiempo de lectura":"2 minutos"},"schema":{"@context":"https:\/\/schema.org","@graph":[{"@type":"Article","@id":"https:\/\/diariotextual.com\/inicio\/index.php\/2026\/02\/18\/las-imagenes-del-desastre-que-dejo-el-temporal-de-viento-y-lluvia-en-la-capital-pampeana\/#article","isPartOf":{"@id":"https:\/\/diariotextual.com\/inicio\/index.php\/2026\/02\/18\/las-imagenes-del-desastre-que-dejo-el-temporal-de-viento-y-lluvia-en-la-capital-pampeana\/"},"author":{"name":"diario3","@id":"https:\/\/diariotextual.com\/inicio\/#\/schema\/person\/a1b6f563e0ee944c60f98119389a4d9f"},"headline":"Las im\u00e1genes del desastre que dej\u00f3 el temporal de viento y lluvia en la capital pampeana","datePublished":"2026-02-18T21:48:06+00:00","dateModified":"2026-02-19T00:32:14+00:00","mainEntityOfPage":{"@id":"https:\/\/diariotextual.com\/inicio\/index.php\/2026\/02\/18\/las-imagenes-del-desastre-que-dejo-el-temporal-de-viento-y-lluvia-en-la-capital-pampeana\/"},"wordCount":283,"publisher":{"@id":"https:\/\/diariotextual.com\/inicio\/#organization"},"image":{"@id":"https:\/\/diariotextual.com\/inicio\/index.php\/2026\/02\/18\/las-imagenes-del-desastre-que-dejo-el-temporal-de-viento-y-lluvia-en-la-capital-pampeana\/#primaryimage"},"thumbnailUrl":"https:\/\/diariotextual.com\/inicio\/wp-content\/uploads\/2026\/02\/santarosatemporal42026.jpg","articleSection":["A - ES NOTICIA (van abajo)","SOCIEDAD"],"inLanguage":"es"},{"@type":"WebPage","@id":"https:\/\/diariotextual.com\/inicio\/index.php\/2026\/02\/18\/las-imagenes-del-desastre-que-dejo-el-temporal-de-viento-y-lluvia-en-la-capital-pampeana\/","url":"https:\/\/diariotextual.com\/inicio\/index.php\/2026\/02\/18\/las-imagenes-del-desastre-que-dejo-el-temporal-de-viento-y-lluvia-en-la-capital-pampeana\/","name":"Las im\u00e1genes del desastre que dej\u00f3 el temporal de viento y lluvia en la capital pampeana - Diario Textual","isPartOf":{"@id":"https:\/\/diariotextual.com\/inicio\/#website"},"primaryImageOfPage":{"@id":"https:\/\/diariotextual.com\/inicio\/index.php\/2026\/02\/18\/las-imagenes-del-desastre-que-dejo-el-temporal-de-viento-y-lluvia-en-la-capital-pampeana\/#primaryimage"},"image":{"@id":"https:\/\/diariotextual.com\/inicio\/index.php\/2026\/02\/18\/las-imagenes-del-desastre-que-dejo-el-temporal-de-viento-y-lluvia-en-la-capital-pampeana\/#primaryimage"},"thumbnailUrl":"https:\/\/diariotextual.com\/inicio\/wp-content\/uploads\/2026\/02\/santarosatemporal42026.jpg","datePublished":"2026-02-18T21:48:06+00:00","dateModified":"2026-02-19T00:32:14+00:00","breadcrumb":{"@id":"https:\/\/diariotextual.com\/inicio\/index.php\/2026\/02\/18\/las-imagenes-del-desastre-que-dejo-el-temporal-de-viento-y-lluvia-en-la-capital-pampeana\/#breadcrumb"},"inLanguage":"es","potentialAction":[{"@type":"ReadAction","target":["https:\/\/diariotextual.com\/inicio\/index.php\/2026\/02\/18\/las-imagenes-del-desastre-que-dejo-el-temporal-de-viento-y-lluvia-en-la-capital-pampeana\/"]}]},{"@type":"ImageObject","inLanguage":"es","@id":"https:\/\/diariotextual.com\/inicio\/index.php\/2026\/02\/18\/las-imagenes-del-desastre-que-dejo-el-temporal-de-viento-y-lluvia-en-la-capital-pampeana\/#primaryimage","url":"https:\/\/diariotextual.com\/inicio\/wp-content\/uploads\/2026\/02\/santarosatemporal42026.jpg","contentUrl":"https:\/\/diariotextual.com\/inicio\/wp-content\/uploads\/2026\/02\/santarosatemporal42026.jpg","width":900,"height":506},{"@type":"BreadcrumbList","@id":"https:\/\/diariotextual.com\/inicio\/index.php\/2026\/02\/18\/las-imagenes-del-desastre-que-dejo-el-temporal-de-viento-y-lluvia-en-la-capital-pampeana\/#breadcrumb","itemListElement":[{"@type":"ListItem","position":1,"name":"Portada","item":"https:\/\/diariotextual.com\/inicio\/"},{"@type":"ListItem","position":2,"name":"Las im\u00e1genes del desastre que dej\u00f3 el temporal de viento y lluvia en la capital pampeana"}]},{"@type":"WebSite","@id":"https:\/\/diariotextual.com\/inicio\/#website","url":"https:\/\/diariotextual.com\/inicio\/","name":"Diario Textual","description":"","publisher":{"@id":"https:\/\/diariotextual.com\/inicio\/#organization"},"potentialAction":[{"@type":"SearchAction","target":{"@type":"EntryPoint","urlTemplate":"https:\/\/diariotextual.com\/inicio\/?s={search_term_string}"},"query-input":{"@type":"PropertyValueSpecification","valueRequired":true,"valueName":"search_term_string"}}],"inLanguage":"es"},{"@type":"Organization","@id":"https:\/\/diariotextual.com\/inicio\/#organization","name":"Diario Textual","url":"https:\/\/diariotextual.com\/inicio\/","logo":{"@type":"ImageObject","inLanguage":"es","@id":"https:\/\/diariotextual.com\/inicio\/#\/schema\/logo\/image\/","url":"https:\/\/diariotextual.com\/inicio\/wp-content\/uploads\/2023\/05\/logotextual1.jpg","contentUrl":"https:\/\/diariotextual.com\/inicio\/wp-content\/uploads\/2023\/05\/logotextual1.jpg","width":516,"height":76,"caption":"Diario Textual"},"image":{"@id":"https:\/\/diariotextual.com\/inicio\/#\/schema\/logo\/image\/"},"sameAs":["https:\/\/www.facebook.com\/eltextual","https:\/\/x.com\/eltextual","http:\/\/www.instagram.com\/eltextual"]},{"@type":"Person","@id":"https:\/\/diariotextual.com\/inicio\/#\/schema\/person\/a1b6f563e0ee944c60f98119389a4d9f","name":"diario3","image":{"@type":"ImageObject","inLanguage":"es","@id":"https:\/\/secure.gravatar.com\/avatar\/5e7ee62c82fc04d9dd79d746a390d93c69c43223e5faeeb3ea9461ef752bfc5d?s=96&d=mm&r=g","url":"https:\/\/secure.gravatar.com\/avatar\/5e7ee62c82fc04d9dd79d746a390d93c69c43223e5faeeb3ea9461ef752bfc5d?s=96&d=mm&r=g","contentUrl":"https:\/\/secure.gravatar.com\/avatar\/5e7ee62c82fc04d9dd79d746a390d93c69c43223e5faeeb3ea9461ef752bfc5d?s=96&d=mm&r=g","caption":"diario3"},"url":"https:\/\/diariotextual.com\/inicio\/index.php\/author\/diario3\/"}]}},"_links":{"self":[{"href":"https:\/\/diariotextual.com\/inicio\/index.php\/wp-json\/wp\/v2\/posts\/319977","targetHints":{"allow":["GET"]}}],"collection":[{"href":"https:\/\/diariotextual.com\/inicio\/index.php\/wp-json\/wp\/v2\/posts"}],"about":[{"href":"https:\/\/diariotextual.com\/inicio\/index.php\/wp-json\/wp\/v2\/types\/post"}],"author":[{"embeddable":true,"href":"https:\/\/diariotextual.com\/inicio\/index.php\/wp-json\/wp\/v2\/users\/5"}],"replies":[{"embeddable":true,"href":"https:\/\/diariotextual.com\/inicio\/index.php\/wp-json\/wp\/v2\/comments?post=319977"}],"version-history":[{"count":4,"href":"https:\/\/diariotextual.com\/inicio\/index.php\/wp-json\/wp\/v2\/posts\/319977\/revisions"}],"predecessor-version":[{"id":319997,"href":"https:\/\/diariotextual.com\/inicio\/index.php\/wp-json\/wp\/v2\/posts\/319977\/revisions\/319997"}],"wp:featuredmedia":[{"embeddable":true,"href":"https:\/\/diariotextual.com\/inicio\/index.php\/wp-json\/wp\/v2\/media\/319978"}],"wp:attachment":[{"href":"https:\/\/diariotextual.com\/inicio\/index.php\/wp-json\/wp\/v2\/media?parent=319977"}],"wp:term":[{"taxonomy":"category","embeddable":true,"href":"https:\/\/diariotextual.com\/inicio\/index.php\/wp-json\/wp\/v2\/categories?post=319977"},{"taxonomy":"post_tag","embeddable":true,"href":"https:\/\/diariotextual.com\/inicio\/index.php\/wp-json\/wp\/v2\/tags?post=319977"}],"curies":[{"name":"wp","href":"https:\/\/api.w.org\/{rel}","templated":true}]}}