{"id":320031,"date":"2026-02-19T06:20:27","date_gmt":"2026-02-19T09:20:27","guid":{"rendered":"https:\/\/diariotextual.com\/inicio\/?p=320031"},"modified":"2026-02-19T10:34:07","modified_gmt":"2026-02-19T13:34:07","slug":"jueves-sin-colectivos-ni-bancos-en-la-pampa-por-el-paro-nacional-contra-la-reforma-laboral","status":"publish","type":"post","link":"https:\/\/diariotextual.com\/inicio\/index.php\/2026\/02\/19\/jueves-sin-colectivos-ni-bancos-en-la-pampa-por-el-paro-nacional-contra-la-reforma-laboral\/","title":{"rendered":"Jueves sin colectivos ni bancos en La Pampa por el paro nacional contra la reforma laboral"},"content":{"rendered":"\n<p>La <strong>Confederaci\u00f3n General de los Trabajadores (CGT) <\/strong>confirm\u00f3 un paro general de 24 horas para este jueves, jornada en la que la C\u00e1mara de Diputados tiene previsto tratar la reforma laboral impulsada por el gobierno de <strong>Javier Milei. En La Pampa, la medida tendr\u00e1 alto impacto: gremios estatales y docentes ratificaron su adhesi\u00f3n, habr\u00e1 movilizaci\u00f3n en Santa Rosa y no funcionar\u00e1 el transporte p\u00fablico de pasajeros por la adhesi\u00f3n de la Uni\u00f3n Tranviaria Automotor (UTA) ni tampoco los bancos.<\/strong><\/p>\n\n\n\n<p>La CGT convoc\u00f3 a un paro general en rechazo al proyecto impulsado por el Gobierno. Esta ser\u00e1 la\u00a0<strong>cuarta huelga<\/strong>\u00a0general que se realiza durante la gesti\u00f3n de\u00a0<strong>Javier Milei<\/strong>. Se espera una\u00a0<strong>amplia adhesi\u00f3n de la mayor\u00eda de los sindicatos<\/strong>\u00a0a la medida de fuerza que impulsa la central obrera. Esto significa que durante este jueves\u00a0<strong>muchos de los servicios esenciales se ver\u00e1n afectados<\/strong>.<\/p>\n\n\n\n<p><br>A continuaci\u00f3n,<strong>&nbsp;estos son los gremios que confirmaron su adhesi\u00f3n a la huelga general de la CGT&nbsp;<\/strong>durante el d\u00eda en que es el tratamiento de la reforma laboral en Diputados:<\/p>\n\n\n\n<p><strong>-Ugatt&nbsp;<\/strong>(Uni\u00f3n General de Asociaciones de Trabajadores del Transporte): expres\u00f3 a trav\u00e9s de un comunicado que \u201cse adhiere y acata plenamente\u201d el paro general que anunci\u00f3 la CGT. \u201cEn defensa del trabajo argentino y en defensa de nuestro derecho de huelga, el d\u00eda que se trata de la reforma laboral en Diputados, no habr\u00e1 transporte\u201d, detalla el documento.<\/p>\n\n\n\n<p><strong>-CATT<\/strong> (Confederaci\u00f3n Argentina de Trabajadores del Transporte): se\u00f1al\u00f3 a LA NACION que tambi\u00e9n se pliega a la medida de fuerza impulsada por la central obrera.<\/p>\n\n\n\n<p><strong>-La Fraternidad: <\/strong>Omar Maturano, secretario general de La Fraternidad, confirm\u00f3 la decisi\u00f3n de plegarse al paro general. \u201cVamos a parar todos [los gremios de transporte] y vamos a acompa\u00f1ar la decisi\u00f3n de la CGT\u201d, se\u00f1al\u00f3 en di\u00e1logo radial.<\/p>\n\n\n\n<p><strong>-La Uni\u00f3n Ferroviaria:<\/strong> liderada por Sergio Sasia, tambi\u00e9n confirm\u00f3 su adhesi\u00f3n a la huelga.<\/p>\n\n\n\n<p><strong>-UTA (Uni\u00f3n de Transporte Automotor):<\/strong> el sindicato que agrupa a los choferes de colectivos inform\u00f3 su adhesi\u00f3n. Si bien el Ministerio de Capital Humano dict\u00f3 el pasado 11 de febrero una conciliaci\u00f3n obligatoria en el conflicto salarial entre la Uni\u00f3n Tranviarios Automotor (UTA) y la Federaci\u00f3n Argentina de Transportadores por Automotor de Pasajeros (FATAP), que nuclea a empresas de transporte de pasajeros del interior del pa\u00eds, finalmente el sindicato confirm\u00f3 que se suma a la medida de fuerza. Por lo tanto, no habr\u00e1 colectivos.<\/p>\n\n\n\n<p><strong>-Metrodelegados: <\/strong>la Asociaci\u00f3n Gremial de Trabajadores del Subte y el Premetro anunciaron anoche a trav\u00e9s de un comunicado que habr\u00e1 \u201cparo total de subte y Premetro de 0 a 24 horas\u201d, en Buenos Aires. <\/p>\n\n\n\n<p><strong>&#8211; Asociaci\u00f3n de Pilotos de L\u00edneas A\u00e9reas (APLA):<\/strong> inform\u00f3 que son \u201corg\u00e1nicamente parte de la Confederaci\u00f3n\u201d y que seguramente participar\u00e1n de la medida de fuerza. Mientras tanto, Aerol\u00edneas Argentinas inform\u00f3 que m\u00e1s de 31.000 pasajeros se ver\u00e1n afectados por la cancelaci\u00f3n de 255 vuelos en toda su red de operaciones como consecuencia del paro convocado por la CGT. La medida tendr\u00e1 un impacto econ\u00f3mico estimado de USD 3 millones.<\/p>\n\n\n\n<p><strong>-La Asociaci\u00f3n Bancaria: <\/strong>no habr\u00e1 atenci\u00f3n al p\u00fablico en entidades p\u00fablicas ni privadas en todo el pa\u00eds, pero s\u00ed funcionar\u00e1 el servicio de home banking. Sin embargo, desde las entidades nucleadas en la Asociaci\u00f3n de Bancos Argentinos (ADEBA), la Asociaci\u00f3n de Bancos de la Argentina (ABA), la Asociaci\u00f3n de Bancos P\u00fablicos y Privados de la Argentina (ABAPPRA) y la Asociaci\u00f3n de la Banca Especializada (ABE) se\u00f1aron que \u201cintensificar\u00e1n sus esfuerzos para garantizar la continuidad de los servicios financieros presenciales y digitales\u201d.<\/p>\n\n\n\n<p><strong>-Sindicato de Empleados de Comercio: <\/strong>se suma al paro, aunque advierte que la apertura de grandes centros comerciales depender\u00e1, sobre todo, del transporte.<\/p>\n\n\n\n<p><strong>-Uni\u00f3n de Trabajadores del Turismo, Hoteleros y Gastron\u00f3micos: <\/strong>el gremio conducido por Luis Barrionuevo adhiere al paro, pero la asistencia de los trabajadores depender\u00e1 del transporte.<\/p>\n\n\n\n<p><strong>-Camioneros:<\/strong> el gremio que lidera Hugo Moyano participa de la huelga, por lo que no habr\u00e1 recolecci\u00f3n de residuos, correo postal ni transporte de cargas.<\/p>\n\n\n\n<p>-La Asociaci\u00f3n Trabajadores del Estado (ATE) y la Uni\u00f3n del Personal Civil de la Naci\u00f3n (UPCN): ATE convoc\u00f3 a una movilizaci\u00f3n y su titular, Rodolfo Aguiar, critic\u00f3 a la CGT por el \u201cparo dominguero\u201d, sin protesta. El primero tiene peso sobre hospitales p\u00fablicos y m\u00e1s de 800 municipios, mientras el segundo tiene la capacidad de paralizar las \u00e1reas jer\u00e1rquicas del Estado y los organismos p\u00fablicos nacionales. El Gobierno anunci\u00f3 que descontar\u00e1 el sueldo de los empleados que adhieran.<\/p>\n\n\n\n<p><\/p>\n","protected":false},"excerpt":{"rendered":"<p>La Confederaci\u00f3n General de los Trabajadores (CGT) confirm\u00f3 un paro general de 24 horas para este jueves, jornada en la que la C\u00e1mara de Diputados tiene previsto tratar la reforma&hellip;<\/p>\n","protected":false},"author":3,"featured_media":285620,"comment_status":"closed","ping_status":"open","sticky":false,"template":"","format":"standard","meta":{"_acf_changed":false,"footnotes":""},"categories":[12],"tags":[],"class_list":["post-320031","post","type-post","status-publish","format-standard","has-post-thumbnail","hentry","category-sociedad"],"acf":[],"yoast_head":"<!-- This site is optimized with the Yoast SEO plugin v27.5 - https:\/\/yoast.com\/product\/yoast-seo-wordpress\/ -->\n<title>Jueves sin colectivos ni bancos en La Pampa por el paro nacional contra la reforma laboral - Diario Textual<\/title>\n<meta name=\"robots\" content=\"index, follow, max-snippet:-1, max-image-preview:large, max-video-preview:-1\" \/>\n<link rel=\"canonical\" href=\"https:\/\/diariotextual.com\/inicio\/index.php\/2026\/02\/19\/jueves-sin-colectivos-ni-bancos-en-la-pampa-por-el-paro-nacional-contra-la-reforma-laboral\/\" \/>\n<meta property=\"og:locale\" content=\"es_ES\" \/>\n<meta property=\"og:type\" content=\"article\" \/>\n<meta property=\"og:title\" content=\"Jueves sin colectivos ni bancos en La Pampa por el paro nacional contra la reforma laboral - Diario Textual\" \/>\n<meta property=\"og:description\" content=\"La Confederaci\u00f3n General de los Trabajadores (CGT) confirm\u00f3 un paro general de 24 horas para este jueves, jornada en la que la C\u00e1mara de Diputados tiene previsto tratar la reforma&hellip;\" \/>\n<meta property=\"og:url\" content=\"https:\/\/diariotextual.com\/inicio\/index.php\/2026\/02\/19\/jueves-sin-colectivos-ni-bancos-en-la-pampa-por-el-paro-nacional-contra-la-reforma-laboral\/\" \/>\n<meta property=\"og:site_name\" content=\"Diario Textual\" \/>\n<meta property=\"article:publisher\" content=\"https:\/\/www.facebook.com\/eltextual\" \/>\n<meta property=\"article:published_time\" content=\"2026-02-19T09:20:27+00:00\" \/>\n<meta property=\"article:modified_time\" content=\"2026-02-19T13:34:07+00:00\" \/>\n<meta property=\"og:image\" content=\"https:\/\/diariotextual.com\/inicio\/wp-content\/uploads\/2025\/01\/emtucolectivos2025.jpg\" \/>\n\t<meta property=\"og:image:width\" content=\"900\" \/>\n\t<meta property=\"og:image:height\" content=\"499\" \/>\n\t<meta property=\"og:image:type\" content=\"image\/jpeg\" \/>\n<meta name=\"author\" content=\"Diario1 Diario1\" \/>\n<meta name=\"twitter:card\" content=\"summary_large_image\" \/>\n<meta name=\"twitter:creator\" content=\"@eltextual\" \/>\n<meta name=\"twitter:site\" content=\"@eltextual\" \/>\n<meta name=\"twitter:label1\" content=\"Escrito por\" \/>\n\t<meta name=\"twitter:data1\" content=\"Diario1 Diario1\" \/>\n\t<meta name=\"twitter:label2\" content=\"Tiempo de lectura\" \/>\n\t<meta name=\"twitter:data2\" content=\"4 minutos\" \/>\n<script type=\"application\/ld+json\" class=\"yoast-schema-graph\">{\"@context\":\"https:\\\/\\\/schema.org\",\"@graph\":[{\"@type\":\"Article\",\"@id\":\"https:\\\/\\\/diariotextual.com\\\/inicio\\\/index.php\\\/2026\\\/02\\\/19\\\/jueves-sin-colectivos-ni-bancos-en-la-pampa-por-el-paro-nacional-contra-la-reforma-laboral\\\/#article\",\"isPartOf\":{\"@id\":\"https:\\\/\\\/diariotextual.com\\\/inicio\\\/index.php\\\/2026\\\/02\\\/19\\\/jueves-sin-colectivos-ni-bancos-en-la-pampa-por-el-paro-nacional-contra-la-reforma-laboral\\\/\"},\"author\":{\"name\":\"Diario1 Diario1\",\"@id\":\"https:\\\/\\\/diariotextual.com\\\/inicio\\\/#\\\/schema\\\/person\\\/418fc4093c33e86ed41562db3508f958\"},\"headline\":\"Jueves sin colectivos ni bancos en La Pampa por el paro nacional contra la reforma laboral\",\"datePublished\":\"2026-02-19T09:20:27+00:00\",\"dateModified\":\"2026-02-19T13:34:07+00:00\",\"mainEntityOfPage\":{\"@id\":\"https:\\\/\\\/diariotextual.com\\\/inicio\\\/index.php\\\/2026\\\/02\\\/19\\\/jueves-sin-colectivos-ni-bancos-en-la-pampa-por-el-paro-nacional-contra-la-reforma-laboral\\\/\"},\"wordCount\":811,\"publisher\":{\"@id\":\"https:\\\/\\\/diariotextual.com\\\/inicio\\\/#organization\"},\"image\":{\"@id\":\"https:\\\/\\\/diariotextual.com\\\/inicio\\\/index.php\\\/2026\\\/02\\\/19\\\/jueves-sin-colectivos-ni-bancos-en-la-pampa-por-el-paro-nacional-contra-la-reforma-laboral\\\/#primaryimage\"},\"thumbnailUrl\":\"https:\\\/\\\/diariotextual.com\\\/inicio\\\/wp-content\\\/uploads\\\/2025\\\/01\\\/emtucolectivos2025.jpg\",\"articleSection\":[\"SOCIEDAD\"],\"inLanguage\":\"es\"},{\"@type\":\"WebPage\",\"@id\":\"https:\\\/\\\/diariotextual.com\\\/inicio\\\/index.php\\\/2026\\\/02\\\/19\\\/jueves-sin-colectivos-ni-bancos-en-la-pampa-por-el-paro-nacional-contra-la-reforma-laboral\\\/\",\"url\":\"https:\\\/\\\/diariotextual.com\\\/inicio\\\/index.php\\\/2026\\\/02\\\/19\\\/jueves-sin-colectivos-ni-bancos-en-la-pampa-por-el-paro-nacional-contra-la-reforma-laboral\\\/\",\"name\":\"Jueves sin colectivos ni bancos en La Pampa por el paro nacional contra la reforma laboral - Diario Textual\",\"isPartOf\":{\"@id\":\"https:\\\/\\\/diariotextual.com\\\/inicio\\\/#website\"},\"primaryImageOfPage\":{\"@id\":\"https:\\\/\\\/diariotextual.com\\\/inicio\\\/index.php\\\/2026\\\/02\\\/19\\\/jueves-sin-colectivos-ni-bancos-en-la-pampa-por-el-paro-nacional-contra-la-reforma-laboral\\\/#primaryimage\"},\"image\":{\"@id\":\"https:\\\/\\\/diariotextual.com\\\/inicio\\\/index.php\\\/2026\\\/02\\\/19\\\/jueves-sin-colectivos-ni-bancos-en-la-pampa-por-el-paro-nacional-contra-la-reforma-laboral\\\/#primaryimage\"},\"thumbnailUrl\":\"https:\\\/\\\/diariotextual.com\\\/inicio\\\/wp-content\\\/uploads\\\/2025\\\/01\\\/emtucolectivos2025.jpg\",\"datePublished\":\"2026-02-19T09:20:27+00:00\",\"dateModified\":\"2026-02-19T13:34:07+00:00\",\"breadcrumb\":{\"@id\":\"https:\\\/\\\/diariotextual.com\\\/inicio\\\/index.php\\\/2026\\\/02\\\/19\\\/jueves-sin-colectivos-ni-bancos-en-la-pampa-por-el-paro-nacional-contra-la-reforma-laboral\\\/#breadcrumb\"},\"inLanguage\":\"es\",\"potentialAction\":[{\"@type\":\"ReadAction\",\"target\":[\"https:\\\/\\\/diariotextual.com\\\/inicio\\\/index.php\\\/2026\\\/02\\\/19\\\/jueves-sin-colectivos-ni-bancos-en-la-pampa-por-el-paro-nacional-contra-la-reforma-laboral\\\/\"]}]},{\"@type\":\"ImageObject\",\"inLanguage\":\"es\",\"@id\":\"https:\\\/\\\/diariotextual.com\\\/inicio\\\/index.php\\\/2026\\\/02\\\/19\\\/jueves-sin-colectivos-ni-bancos-en-la-pampa-por-el-paro-nacional-contra-la-reforma-laboral\\\/#primaryimage\",\"url\":\"https:\\\/\\\/diariotextual.com\\\/inicio\\\/wp-content\\\/uploads\\\/2025\\\/01\\\/emtucolectivos2025.jpg\",\"contentUrl\":\"https:\\\/\\\/diariotextual.com\\\/inicio\\\/wp-content\\\/uploads\\\/2025\\\/01\\\/emtucolectivos2025.jpg\",\"width\":900,\"height\":499},{\"@type\":\"BreadcrumbList\",\"@id\":\"https:\\\/\\\/diariotextual.com\\\/inicio\\\/index.php\\\/2026\\\/02\\\/19\\\/jueves-sin-colectivos-ni-bancos-en-la-pampa-por-el-paro-nacional-contra-la-reforma-laboral\\\/#breadcrumb\",\"itemListElement\":[{\"@type\":\"ListItem\",\"position\":1,\"name\":\"Portada\",\"item\":\"https:\\\/\\\/diariotextual.com\\\/inicio\\\/\"},{\"@type\":\"ListItem\",\"position\":2,\"name\":\"Jueves sin colectivos ni bancos en La Pampa por el paro nacional contra la reforma laboral\"}]},{\"@type\":\"WebSite\",\"@id\":\"https:\\\/\\\/diariotextual.com\\\/inicio\\\/#website\",\"url\":\"https:\\\/\\\/diariotextual.com\\\/inicio\\\/\",\"name\":\"Diario Textual\",\"description\":\"\",\"publisher\":{\"@id\":\"https:\\\/\\\/diariotextual.com\\\/inicio\\\/#organization\"},\"potentialAction\":[{\"@type\":\"SearchAction\",\"target\":{\"@type\":\"EntryPoint\",\"urlTemplate\":\"https:\\\/\\\/diariotextual.com\\\/inicio\\\/?s={search_term_string}\"},\"query-input\":{\"@type\":\"PropertyValueSpecification\",\"valueRequired\":true,\"valueName\":\"search_term_string\"}}],\"inLanguage\":\"es\"},{\"@type\":\"Organization\",\"@id\":\"https:\\\/\\\/diariotextual.com\\\/inicio\\\/#organization\",\"name\":\"Diario Textual\",\"url\":\"https:\\\/\\\/diariotextual.com\\\/inicio\\\/\",\"logo\":{\"@type\":\"ImageObject\",\"inLanguage\":\"es\",\"@id\":\"https:\\\/\\\/diariotextual.com\\\/inicio\\\/#\\\/schema\\\/logo\\\/image\\\/\",\"url\":\"https:\\\/\\\/diariotextual.com\\\/inicio\\\/wp-content\\\/uploads\\\/2023\\\/05\\\/logotextual1.jpg\",\"contentUrl\":\"https:\\\/\\\/diariotextual.com\\\/inicio\\\/wp-content\\\/uploads\\\/2023\\\/05\\\/logotextual1.jpg\",\"width\":516,\"height\":76,\"caption\":\"Diario Textual\"},\"image\":{\"@id\":\"https:\\\/\\\/diariotextual.com\\\/inicio\\\/#\\\/schema\\\/logo\\\/image\\\/\"},\"sameAs\":[\"https:\\\/\\\/www.facebook.com\\\/eltextual\",\"https:\\\/\\\/x.com\\\/eltextual\",\"http:\\\/\\\/www.instagram.com\\\/eltextual\"]},{\"@type\":\"Person\",\"@id\":\"https:\\\/\\\/diariotextual.com\\\/inicio\\\/#\\\/schema\\\/person\\\/418fc4093c33e86ed41562db3508f958\",\"name\":\"Diario1 Diario1\",\"image\":{\"@type\":\"ImageObject\",\"inLanguage\":\"es\",\"@id\":\"https:\\\/\\\/secure.gravatar.com\\\/avatar\\\/9167d280179c85bc18be67aa7eda765854300033af4896dd779b608640f2ef7a?s=96&d=mm&r=g\",\"url\":\"https:\\\/\\\/secure.gravatar.com\\\/avatar\\\/9167d280179c85bc18be67aa7eda765854300033af4896dd779b608640f2ef7a?s=96&d=mm&r=g\",\"contentUrl\":\"https:\\\/\\\/secure.gravatar.com\\\/avatar\\\/9167d280179c85bc18be67aa7eda765854300033af4896dd779b608640f2ef7a?s=96&d=mm&r=g\",\"caption\":\"Diario1 Diario1\"},\"url\":\"https:\\\/\\\/diariotextual.com\\\/inicio\\\/index.php\\\/author\\\/diario1\\\/\"}]}<\/script>\n<!-- \/ Yoast SEO plugin. -->","yoast_head_json":{"title":"Jueves sin colectivos ni bancos en La Pampa por el paro nacional contra la reforma laboral - Diario Textual","robots":{"index":"index","follow":"follow","max-snippet":"max-snippet:-1","max-image-preview":"max-image-preview:large","max-video-preview":"max-video-preview:-1"},"canonical":"https:\/\/diariotextual.com\/inicio\/index.php\/2026\/02\/19\/jueves-sin-colectivos-ni-bancos-en-la-pampa-por-el-paro-nacional-contra-la-reforma-laboral\/","og_locale":"es_ES","og_type":"article","og_title":"Jueves sin colectivos ni bancos en La Pampa por el paro nacional contra la reforma laboral - Diario Textual","og_description":"La Confederaci\u00f3n General de los Trabajadores (CGT) confirm\u00f3 un paro general de 24 horas para este jueves, jornada en la que la C\u00e1mara de Diputados tiene previsto tratar la reforma&hellip;","og_url":"https:\/\/diariotextual.com\/inicio\/index.php\/2026\/02\/19\/jueves-sin-colectivos-ni-bancos-en-la-pampa-por-el-paro-nacional-contra-la-reforma-laboral\/","og_site_name":"Diario Textual","article_publisher":"https:\/\/www.facebook.com\/eltextual","article_published_time":"2026-02-19T09:20:27+00:00","article_modified_time":"2026-02-19T13:34:07+00:00","og_image":[{"width":900,"height":499,"url":"https:\/\/diariotextual.com\/inicio\/wp-content\/uploads\/2025\/01\/emtucolectivos2025.jpg","type":"image\/jpeg"}],"author":"Diario1 Diario1","twitter_card":"summary_large_image","twitter_creator":"@eltextual","twitter_site":"@eltextual","twitter_misc":{"Escrito por":"Diario1 Diario1","Tiempo de lectura":"4 minutos"},"schema":{"@context":"https:\/\/schema.org","@graph":[{"@type":"Article","@id":"https:\/\/diariotextual.com\/inicio\/index.php\/2026\/02\/19\/jueves-sin-colectivos-ni-bancos-en-la-pampa-por-el-paro-nacional-contra-la-reforma-laboral\/#article","isPartOf":{"@id":"https:\/\/diariotextual.com\/inicio\/index.php\/2026\/02\/19\/jueves-sin-colectivos-ni-bancos-en-la-pampa-por-el-paro-nacional-contra-la-reforma-laboral\/"},"author":{"name":"Diario1 Diario1","@id":"https:\/\/diariotextual.com\/inicio\/#\/schema\/person\/418fc4093c33e86ed41562db3508f958"},"headline":"Jueves sin colectivos ni bancos en La Pampa por el paro nacional contra la reforma laboral","datePublished":"2026-02-19T09:20:27+00:00","dateModified":"2026-02-19T13:34:07+00:00","mainEntityOfPage":{"@id":"https:\/\/diariotextual.com\/inicio\/index.php\/2026\/02\/19\/jueves-sin-colectivos-ni-bancos-en-la-pampa-por-el-paro-nacional-contra-la-reforma-laboral\/"},"wordCount":811,"publisher":{"@id":"https:\/\/diariotextual.com\/inicio\/#organization"},"image":{"@id":"https:\/\/diariotextual.com\/inicio\/index.php\/2026\/02\/19\/jueves-sin-colectivos-ni-bancos-en-la-pampa-por-el-paro-nacional-contra-la-reforma-laboral\/#primaryimage"},"thumbnailUrl":"https:\/\/diariotextual.com\/inicio\/wp-content\/uploads\/2025\/01\/emtucolectivos2025.jpg","articleSection":["SOCIEDAD"],"inLanguage":"es"},{"@type":"WebPage","@id":"https:\/\/diariotextual.com\/inicio\/index.php\/2026\/02\/19\/jueves-sin-colectivos-ni-bancos-en-la-pampa-por-el-paro-nacional-contra-la-reforma-laboral\/","url":"https:\/\/diariotextual.com\/inicio\/index.php\/2026\/02\/19\/jueves-sin-colectivos-ni-bancos-en-la-pampa-por-el-paro-nacional-contra-la-reforma-laboral\/","name":"Jueves sin colectivos ni bancos en La Pampa por el paro nacional contra la reforma laboral - Diario Textual","isPartOf":{"@id":"https:\/\/diariotextual.com\/inicio\/#website"},"primaryImageOfPage":{"@id":"https:\/\/diariotextual.com\/inicio\/index.php\/2026\/02\/19\/jueves-sin-colectivos-ni-bancos-en-la-pampa-por-el-paro-nacional-contra-la-reforma-laboral\/#primaryimage"},"image":{"@id":"https:\/\/diariotextual.com\/inicio\/index.php\/2026\/02\/19\/jueves-sin-colectivos-ni-bancos-en-la-pampa-por-el-paro-nacional-contra-la-reforma-laboral\/#primaryimage"},"thumbnailUrl":"https:\/\/diariotextual.com\/inicio\/wp-content\/uploads\/2025\/01\/emtucolectivos2025.jpg","datePublished":"2026-02-19T09:20:27+00:00","dateModified":"2026-02-19T13:34:07+00:00","breadcrumb":{"@id":"https:\/\/diariotextual.com\/inicio\/index.php\/2026\/02\/19\/jueves-sin-colectivos-ni-bancos-en-la-pampa-por-el-paro-nacional-contra-la-reforma-laboral\/#breadcrumb"},"inLanguage":"es","potentialAction":[{"@type":"ReadAction","target":["https:\/\/diariotextual.com\/inicio\/index.php\/2026\/02\/19\/jueves-sin-colectivos-ni-bancos-en-la-pampa-por-el-paro-nacional-contra-la-reforma-laboral\/"]}]},{"@type":"ImageObject","inLanguage":"es","@id":"https:\/\/diariotextual.com\/inicio\/index.php\/2026\/02\/19\/jueves-sin-colectivos-ni-bancos-en-la-pampa-por-el-paro-nacional-contra-la-reforma-laboral\/#primaryimage","url":"https:\/\/diariotextual.com\/inicio\/wp-content\/uploads\/2025\/01\/emtucolectivos2025.jpg","contentUrl":"https:\/\/diariotextual.com\/inicio\/wp-content\/uploads\/2025\/01\/emtucolectivos2025.jpg","width":900,"height":499},{"@type":"BreadcrumbList","@id":"https:\/\/diariotextual.com\/inicio\/index.php\/2026\/02\/19\/jueves-sin-colectivos-ni-bancos-en-la-pampa-por-el-paro-nacional-contra-la-reforma-laboral\/#breadcrumb","itemListElement":[{"@type":"ListItem","position":1,"name":"Portada","item":"https:\/\/diariotextual.com\/inicio\/"},{"@type":"ListItem","position":2,"name":"Jueves sin colectivos ni bancos en La Pampa por el paro nacional contra la reforma laboral"}]},{"@type":"WebSite","@id":"https:\/\/diariotextual.com\/inicio\/#website","url":"https:\/\/diariotextual.com\/inicio\/","name":"Diario Textual","description":"","publisher":{"@id":"https:\/\/diariotextual.com\/inicio\/#organization"},"potentialAction":[{"@type":"SearchAction","target":{"@type":"EntryPoint","urlTemplate":"https:\/\/diariotextual.com\/inicio\/?s={search_term_string}"},"query-input":{"@type":"PropertyValueSpecification","valueRequired":true,"valueName":"search_term_string"}}],"inLanguage":"es"},{"@type":"Organization","@id":"https:\/\/diariotextual.com\/inicio\/#organization","name":"Diario Textual","url":"https:\/\/diariotextual.com\/inicio\/","logo":{"@type":"ImageObject","inLanguage":"es","@id":"https:\/\/diariotextual.com\/inicio\/#\/schema\/logo\/image\/","url":"https:\/\/diariotextual.com\/inicio\/wp-content\/uploads\/2023\/05\/logotextual1.jpg","contentUrl":"https:\/\/diariotextual.com\/inicio\/wp-content\/uploads\/2023\/05\/logotextual1.jpg","width":516,"height":76,"caption":"Diario Textual"},"image":{"@id":"https:\/\/diariotextual.com\/inicio\/#\/schema\/logo\/image\/"},"sameAs":["https:\/\/www.facebook.com\/eltextual","https:\/\/x.com\/eltextual","http:\/\/www.instagram.com\/eltextual"]},{"@type":"Person","@id":"https:\/\/diariotextual.com\/inicio\/#\/schema\/person\/418fc4093c33e86ed41562db3508f958","name":"Diario1 Diario1","image":{"@type":"ImageObject","inLanguage":"es","@id":"https:\/\/secure.gravatar.com\/avatar\/9167d280179c85bc18be67aa7eda765854300033af4896dd779b608640f2ef7a?s=96&d=mm&r=g","url":"https:\/\/secure.gravatar.com\/avatar\/9167d280179c85bc18be67aa7eda765854300033af4896dd779b608640f2ef7a?s=96&d=mm&r=g","contentUrl":"https:\/\/secure.gravatar.com\/avatar\/9167d280179c85bc18be67aa7eda765854300033af4896dd779b608640f2ef7a?s=96&d=mm&r=g","caption":"Diario1 Diario1"},"url":"https:\/\/diariotextual.com\/inicio\/index.php\/author\/diario1\/"}]}},"_links":{"self":[{"href":"https:\/\/diariotextual.com\/inicio\/index.php\/wp-json\/wp\/v2\/posts\/320031","targetHints":{"allow":["GET"]}}],"collection":[{"href":"https:\/\/diariotextual.com\/inicio\/index.php\/wp-json\/wp\/v2\/posts"}],"about":[{"href":"https:\/\/diariotextual.com\/inicio\/index.php\/wp-json\/wp\/v2\/types\/post"}],"author":[{"embeddable":true,"href":"https:\/\/diariotextual.com\/inicio\/index.php\/wp-json\/wp\/v2\/users\/3"}],"replies":[{"embeddable":true,"href":"https:\/\/diariotextual.com\/inicio\/index.php\/wp-json\/wp\/v2\/comments?post=320031"}],"version-history":[{"count":1,"href":"https:\/\/diariotextual.com\/inicio\/index.php\/wp-json\/wp\/v2\/posts\/320031\/revisions"}],"predecessor-version":[{"id":320032,"href":"https:\/\/diariotextual.com\/inicio\/index.php\/wp-json\/wp\/v2\/posts\/320031\/revisions\/320032"}],"wp:featuredmedia":[{"embeddable":true,"href":"https:\/\/diariotextual.com\/inicio\/index.php\/wp-json\/wp\/v2\/media\/285620"}],"wp:attachment":[{"href":"https:\/\/diariotextual.com\/inicio\/index.php\/wp-json\/wp\/v2\/media?parent=320031"}],"wp:term":[{"taxonomy":"category","embeddable":true,"href":"https:\/\/diariotextual.com\/inicio\/index.php\/wp-json\/wp\/v2\/categories?post=320031"},{"taxonomy":"post_tag","embeddable":true,"href":"https:\/\/diariotextual.com\/inicio\/index.php\/wp-json\/wp\/v2\/tags?post=320031"}],"curies":[{"name":"wp","href":"https:\/\/api.w.org\/{rel}","templated":true}]}}