{"id":320033,"date":"2026-02-19T06:49:58","date_gmt":"2026-02-19T09:49:58","guid":{"rendered":"https:\/\/diariotextual.com\/inicio\/?p=320033"},"modified":"2026-02-19T16:30:32","modified_gmt":"2026-02-19T19:30:32","slug":"temporal-en-santa-rosa-en-el-primer-dia-asistieron-a-34-familias-y-liberaron-a-las-principales-calles-y-avenidas","status":"publish","type":"post","link":"https:\/\/diariotextual.com\/inicio\/index.php\/2026\/02\/19\/temporal-en-santa-rosa-en-el-primer-dia-asistieron-a-34-familias-y-liberaron-a-las-principales-calles-y-avenidas\/","title":{"rendered":"Temporal en Santa Rosa: en el primer d\u00eda asistieron a 34 familias"},"content":{"rendered":"\n<p>La municipalidad de Santa Rosa inform\u00f3 a la comunidad el balance de las primeras horas del operativo de emergencia desplegado durante la tarde y noche del mi\u00e9rcoles y la madrugada de este jueves 19, luego del temporal de extraordinaria magnitud que gener\u00f3 importantes da\u00f1os en toda la ciudad. Asistieron en las primeras horas a 34 familias, algunas que se les inundaron las casas o se les volaron los techos. Hay dos familias evacuadas. En tanto, hay decenas de \u00e1rboles, postes y columnas de cemento que han ca\u00eddo.<\/p>\n\n\n\n<p>Durante toda la jornada de ayer, agentes municipales trabajaron de manera articulada con Defensa Civil de la Provincia y Bomberos, para despejar la v\u00eda p\u00fablica, ordenar el tr\u00e1nsito y asistir a las familias afectadas.<\/p>\n\n\n\n<p>Los equipos del EMHSU, EMTU, Desarrollo Social, Obras P\u00fablicas y Tr\u00e1nsito permanecieron desplegados en toda la ciudad atendiendo las emergencias registradas.<\/p>\n\n\n\n<p>El fen\u00f3meno meteorol\u00f3gico se registr\u00f3 en Santa Rosa alrededor de las <strong>16.45<\/strong> de este mi\u00e9rcoles y, en pocos minutos, gener\u00f3 <strong>numerosos destrozos<\/strong> en distintos puntos de la ciudad. El frente de tormenta avanz\u00f3 con <strong>lluvias intensas<\/strong>, <strong>fuertes vientos<\/strong> con r\u00e1fagas de hasta <strong>91 km\/h<\/strong> y, en algunos sectores, <strong>ca\u00edda de granizo<\/strong>.<\/p>\n\n\n\n<figure class=\"wp-block-image size-full\"><img fetchpriority=\"high\" decoding=\"async\" width=\"720\" height=\"744\" src=\"https:\/\/diariotextual.com\/inicio\/wp-content\/uploads\/2026\/02\/tormentasantarosadestrozos2026-81.jpg\" alt=\"\" class=\"wp-image-320014\" srcset=\"https:\/\/diariotextual.com\/inicio\/wp-content\/uploads\/2026\/02\/tormentasantarosadestrozos2026-81.jpg 720w, https:\/\/diariotextual.com\/inicio\/wp-content\/uploads\/2026\/02\/tormentasantarosadestrozos2026-81-290x300.jpg 290w, https:\/\/diariotextual.com\/inicio\/wp-content\/uploads\/2026\/02\/tormentasantarosadestrozos2026-81-585x605.jpg 585w\" sizes=\"(max-width: 720px) 100vw, 720px\" \/><\/figure>\n\n\n\n<p>Entre las consecuencias se reportaron <strong>calles anegadas<\/strong>, <strong>\u00e1rboles ca\u00eddos<\/strong> sobre viviendas y autom\u00f3viles, <strong>voladura de techos<\/strong> y <strong>paredones derribados<\/strong>. En diversos sectores de la capital provincial tambi\u00e9n se registraron <strong>cortes de electricidad<\/strong>.<\/p>\n\n\n\n<figure class=\"wp-block-embed is-type-wp-embed is-provider-diario-textual wp-block-embed-diario-textual\"><div class=\"wp-block-embed__wrapper\">\n<blockquote class=\"wp-embedded-content\" data-secret=\"gltTHvcz5I\"><a href=\"https:\/\/diariotextual.com\/inicio\/index.php\/2026\/02\/19\/temporal-en-santa-rosa-y-la-zona-ausencia-justificada-para-agentes-publicos-afectados\/\">Temporal en Santa Rosa y la zona: ausencia justificada para los empleados p\u00fablicos afectados<\/a><\/blockquote><iframe class=\"wp-embedded-content\" sandbox=\"allow-scripts\" security=\"restricted\" style=\"position: absolute; visibility: hidden;\" title=\"\u00abTemporal en Santa Rosa y la zona: ausencia justificada para los empleados p\u00fablicos afectados\u00bb \u2014 Diario Textual\" src=\"https:\/\/diariotextual.com\/inicio\/index.php\/2026\/02\/19\/temporal-en-santa-rosa-y-la-zona-ausencia-justificada-para-agentes-publicos-afectados\/embed\/#?secret=XCujaPlcCA#?secret=gltTHvcz5I\" data-secret=\"gltTHvcz5I\" width=\"600\" height=\"338\" frameborder=\"0\" marginwidth=\"0\" marginheight=\"0\" scrolling=\"no\"><\/iframe>\n<\/div><\/figure>\n\n\n\n<div style=\"height:100px\" aria-hidden=\"true\" class=\"wp-block-spacer\"><\/div>\n\n\n\n<p><strong>Asistencia a familias afectadas<\/strong><\/p>\n\n\n\n<p>El \u00e1rea de Desarrollo Social abord\u00f3 34 situaciones en los barrios Matadero, Zona Norte, Villa Parque, Butal\u00f3, Centro Empleados de Comercio, Aeropuerto, Colonia Escalante, El Salitral, Micaela Garc\u00eda y El Amanecer.<\/p>\n\n\n\n<p>Las intervenciones incluyeron casos de voladuras de techo, ca\u00edda de \u00e1rboles sobre viviendas, voladura de tanques de agua y filtraciones. Se entregaron colchones y frazadas a las familias afectadas. Hay 2 familias que fueron evacuadas.<\/p>\n\n\n\n<figure class=\"wp-block-image size-full\"><img decoding=\"async\" width=\"745\" height=\"700\" src=\"https:\/\/diariotextual.com\/inicio\/wp-content\/uploads\/2026\/02\/santarosatemporalfebrero2026-1.jpg\" alt=\"\" class=\"wp-image-319979\" srcset=\"https:\/\/diariotextual.com\/inicio\/wp-content\/uploads\/2026\/02\/santarosatemporalfebrero2026-1.jpg 745w, https:\/\/diariotextual.com\/inicio\/wp-content\/uploads\/2026\/02\/santarosatemporalfebrero2026-1-300x282.jpg 300w, https:\/\/diariotextual.com\/inicio\/wp-content\/uploads\/2026\/02\/santarosatemporalfebrero2026-1-585x550.jpg 585w\" sizes=\"(max-width: 745px) 100vw, 745px\" \/><\/figure>\n\n\n\n<div style=\"height:100px\" aria-hidden=\"true\" class=\"wp-block-spacer\"><\/div>\n\n\n\n<p><strong>Principales arterias liberadas<\/strong><\/p>\n\n\n\n<p>Se restablecieron las condiciones de circulaci\u00f3n en las principales arterias de la ciudad. Entre ellas, las avenidas Spinetto, Edison, Per\u00f3n, Uruguay y Espa\u00f1a, y la avenida circunvalaci\u00f3n Santiago Marzo. Tambi\u00e9n se despejaron las calles Gaich, Liberato Rosas, Cavero y Callegaris.<\/p>\n\n\n\n<figure class=\"wp-block-embed is-type-wp-embed is-provider-diario-textual wp-block-embed-diario-textual\"><div class=\"wp-block-embed__wrapper\">\n<blockquote class=\"wp-embedded-content\" data-secret=\"hTVABWz3zs\"><a href=\"https:\/\/diariotextual.com\/inicio\/index.php\/2026\/02\/19\/santa-rosa-con-decenas-de-arboles-y-columnas-caidas-trabajadores-intentan-restablecer-la-luz-y-telecomunicaciones\/\">Santa Rosa, con decenas de \u00e1rboles y columnas ca\u00eddas: trabajadores intentan restablecer la luz y telecomunicaciones<\/a><\/blockquote><iframe class=\"wp-embedded-content\" sandbox=\"allow-scripts\" security=\"restricted\" style=\"position: absolute; visibility: hidden;\" title=\"\u00abSanta Rosa, con decenas de \u00e1rboles y columnas ca\u00eddas: trabajadores intentan restablecer la luz y telecomunicaciones\u00bb \u2014 Diario Textual\" src=\"https:\/\/diariotextual.com\/inicio\/index.php\/2026\/02\/19\/santa-rosa-con-decenas-de-arboles-y-columnas-caidas-trabajadores-intentan-restablecer-la-luz-y-telecomunicaciones\/embed\/#?secret=mTUxz3wOO0#?secret=hTVABWz3zs\" data-secret=\"hTVABWz3zs\" width=\"600\" height=\"338\" frameborder=\"0\" marginwidth=\"0\" marginheight=\"0\" scrolling=\"no\"><\/iframe>\n<\/div><\/figure>\n\n\n\n<p><\/p>\n\n\n\n<p>En los barrios Fonavi 42, Plan 5000 y Villa Parque se liberaron todos los cortes de calles que se hab\u00edan registrado.<\/p>\n\n\n\n<p>Se normaliz\u00f3 el funcionamiento del sem\u00e1foro de ruta 5 y se mantienen inspectores de tr\u00e1nsito en el cruce de Luro y Valle por falta de funcionamiento del sem\u00e1foro.<\/p>\n\n\n\n<figure class=\"wp-block-image size-full\"><img decoding=\"async\" width=\"900\" height=\"507\" src=\"https:\/\/diariotextual.com\/inicio\/wp-content\/uploads\/2026\/02\/santarosatemporal102026.jpg\" alt=\"\" class=\"wp-image-319992\" srcset=\"https:\/\/diariotextual.com\/inicio\/wp-content\/uploads\/2026\/02\/santarosatemporal102026.jpg 900w, https:\/\/diariotextual.com\/inicio\/wp-content\/uploads\/2026\/02\/santarosatemporal102026-300x169.jpg 300w, https:\/\/diariotextual.com\/inicio\/wp-content\/uploads\/2026\/02\/santarosatemporal102026-768x433.jpg 768w, https:\/\/diariotextual.com\/inicio\/wp-content\/uploads\/2026\/02\/santarosatemporal102026-585x330.jpg 585w\" sizes=\"(max-width: 900px) 100vw, 900px\" \/><\/figure>\n\n\n\n<div style=\"height:100px\" aria-hidden=\"true\" class=\"wp-block-spacer\"><\/div>\n\n\n\n<p><strong>Cortes que permanecen<\/strong><\/p>\n\n\n\n<p>Algunos cortes puntuales permanecen activos por razones de seguridad debido a columnas de luz ca\u00eddas o cables de electricidad en el suelo:<\/p>\n\n\n\n<p>&#8211; Lope de Vega y Roque S\u00e1enz Pe\u00f1a<\/p>\n\n\n\n<p>-9 de Julio y Gonz\u00e1lez<\/p>\n\n\n\n<p>-Avenida San Mart\u00edn entre Pico y Gonz\u00e1lez<\/p>\n\n\n\n<p>&#8211; Lope de Vega y Dante Alighieri<\/p>\n\n\n\n<p>&#8211; Lope de Vega y Leguizam\u00f3n<\/p>\n\n\n\n<p>&#8211; Leguizam\u00f3n entre Civit y Alberdi (media calzada cortada)<\/p>\n\n\n\n<p>\u201cSe trabaja para que estos cortes sean resueltos durante el d\u00eda de hoy a medida que avancen las tareas sobre el tendido el\u00e9ctrico que realiza la CPE\u201d, comunic\u00f3 la intendencia.<\/p>\n\n\n\n<figure class=\"wp-block-image size-full\"><img loading=\"lazy\" decoding=\"async\" width=\"663\" height=\"900\" src=\"https:\/\/diariotextual.com\/inicio\/wp-content\/uploads\/2026\/02\/santarosatemporalfebrero32026.jpg\" alt=\"\" class=\"wp-image-319980\" srcset=\"https:\/\/diariotextual.com\/inicio\/wp-content\/uploads\/2026\/02\/santarosatemporalfebrero32026.jpg 663w, https:\/\/diariotextual.com\/inicio\/wp-content\/uploads\/2026\/02\/santarosatemporalfebrero32026-221x300.jpg 221w, https:\/\/diariotextual.com\/inicio\/wp-content\/uploads\/2026\/02\/santarosatemporalfebrero32026-585x794.jpg 585w\" sizes=\"(max-width: 663px) 100vw, 663px\" \/><\/figure>\n\n\n\n<div style=\"height:100px\" aria-hidden=\"true\" class=\"wp-block-spacer\"><\/div>\n\n\n\n<p><strong>Servicios que se restablecen hoy<\/strong><\/p>\n\n\n\n<p>Se trabaja, adem\u00e1s, para que el servicio de transporte p\u00fablico urbano se restablezca durante la ma\u00f1ana con luz natural, una vez verificadas las condiciones de seguridad en los recorridos. <\/p>\n\n\n\n<p>En tanto, respecto de la normalizaci\u00f3n del servicio de recolecci\u00f3n de residuos, se informar\u00e1 el d\u00eda de hoy el cronograma de emergencia.<\/p>\n\n\n\n<div style=\"height:100px\" aria-hidden=\"true\" class=\"wp-block-spacer\"><\/div>\n\n\n\n<p><strong>Sistema de drenaje operativo<\/strong><\/p>\n\n\n\n<p>El sistema de drenajes, cuencos y bombas de la ciudad funcion\u00f3 correctamente durante todo el temporal, con lo que se permiti\u00f3 el normal escurrimiento de las aguas acumuladas, seg\u00fan inform\u00f3 la intendencia.<\/p>\n\n\n\n<div style=\"height:100px\" aria-hidden=\"true\" class=\"wp-block-spacer\"><\/div>\n\n\n\n<p><strong>Natatorio municipal<\/strong><\/p>\n\n\n\n<p>El natatorio municipal permanecer\u00e1 cerrado durante este jueves 19 de febrero.<\/p>\n\n\n\n<div style=\"height:100px\" aria-hidden=\"true\" class=\"wp-block-spacer\"><\/div>\n\n\n\n<p><strong>Agradecimiento y llamado a la prudencia<\/strong><\/p>\n\n\n\n<p>\u201cAgradecemos a los vecinos por su colaboraci\u00f3n y prudencia durante la emergencia y alertamos que contin\u00faan las precipitaciones y las condiciones meteorol\u00f3gicas adversas pueden volver a presentarse durante la madrugada del jueves\u201d, comunic\u00f3 la intendencia. \u201cReiteramos el llamado a peatones y conductores a transitar con extrema precauci\u00f3n, especialmente en las zonas donde permanecen los cortes por cables, postes y \u00e1rboles ca\u00eddos\u201d.<\/p>\n\n\n\n<p>La l\u00ednea de emergencias 147 contin\u00faa operativa para recibir cualquier consulta o reclamo.<\/p>\n\n\n\n<div style=\"height:100px\" aria-hidden=\"true\" class=\"wp-block-spacer\"><\/div>\n\n\n\n<p><strong>Por el paro, sin atenci\u00f3n presencial en la CPE<\/strong><\/p>\n\n\n\n<p>La CPE inform\u00f3 que, en virtud del paro general de actividades convocado para este jueves 19 de febrero, no habr\u00e1 atenci\u00f3n presencial al p\u00fablico de tr\u00e1mites vinculados a los servicios de energ\u00eda y telecomunicaciones en la ciudad de Santa Rosa. Tampoco abrieron sus puertas los sectores Art\u00edculos del Hogar y Seguros, ni el \u00e1rea de Compras que atiende a proveedores.<\/p>\n\n\n\n<p>Adem\u00e1s, comunicaron, no funcionan los servicios de Ortopedia y la Biblioteca.<\/p>\n\n\n\n<p>Las enfermer\u00edas atender\u00e1n en sus horarios habituales mientras que Planta de Gas no realizar\u00e1 distribuci\u00f3n de garrafas y gas a granel.<\/p>\n","protected":false},"excerpt":{"rendered":"<p>La municipalidad de Santa Rosa inform\u00f3 a la comunidad el balance de las primeras horas del operativo de emergencia desplegado durante la tarde y noche del mi\u00e9rcoles y la madrugada&hellip;<\/p>\n","protected":false},"author":3,"featured_media":320035,"comment_status":"closed","ping_status":"open","sticky":false,"template":"","format":"standard","meta":{"_acf_changed":false,"footnotes":""},"categories":[12],"tags":[],"class_list":["post-320033","post","type-post","status-publish","format-standard","has-post-thumbnail","hentry","category-sociedad"],"acf":[],"yoast_head":"<!-- This site is optimized with the Yoast SEO plugin v27.5 - https:\/\/yoast.com\/product\/yoast-seo-wordpress\/ -->\n<title>Temporal en Santa Rosa: en el primer d\u00eda asistieron a 34 familias - Diario Textual<\/title>\n<meta name=\"robots\" content=\"index, follow, max-snippet:-1, max-image-preview:large, max-video-preview:-1\" \/>\n<link rel=\"canonical\" href=\"https:\/\/diariotextual.com\/inicio\/index.php\/2026\/02\/19\/temporal-en-santa-rosa-en-el-primer-dia-asistieron-a-34-familias-y-liberaron-a-las-principales-calles-y-avenidas\/\" \/>\n<meta property=\"og:locale\" content=\"es_ES\" \/>\n<meta property=\"og:type\" content=\"article\" \/>\n<meta property=\"og:title\" content=\"Temporal en Santa Rosa: en el primer d\u00eda asistieron a 34 familias - Diario Textual\" \/>\n<meta property=\"og:description\" content=\"La municipalidad de Santa Rosa inform\u00f3 a la comunidad el balance de las primeras horas del operativo de emergencia desplegado durante la tarde y noche del mi\u00e9rcoles y la madrugada&hellip;\" \/>\n<meta property=\"og:url\" content=\"https:\/\/diariotextual.com\/inicio\/index.php\/2026\/02\/19\/temporal-en-santa-rosa-en-el-primer-dia-asistieron-a-34-familias-y-liberaron-a-las-principales-calles-y-avenidas\/\" \/>\n<meta property=\"og:site_name\" content=\"Diario Textual\" \/>\n<meta property=\"article:publisher\" content=\"https:\/\/www.facebook.com\/eltextual\" \/>\n<meta property=\"article:published_time\" content=\"2026-02-19T09:49:58+00:00\" \/>\n<meta property=\"article:modified_time\" content=\"2026-02-19T19:30:32+00:00\" \/>\n<meta property=\"og:image\" content=\"https:\/\/diariotextual.com\/inicio\/wp-content\/uploads\/2026\/02\/tormentasantarosatemporaldestrozostormenta18febrero2026-1.jpg\" \/>\n\t<meta property=\"og:image:width\" content=\"1300\" \/>\n\t<meta property=\"og:image:height\" content=\"732\" \/>\n\t<meta property=\"og:image:type\" content=\"image\/jpeg\" \/>\n<meta name=\"author\" content=\"Diario1 Diario1\" \/>\n<meta name=\"twitter:card\" content=\"summary_large_image\" \/>\n<meta name=\"twitter:creator\" content=\"@eltextual\" \/>\n<meta name=\"twitter:site\" content=\"@eltextual\" \/>\n<meta name=\"twitter:label1\" content=\"Escrito por\" \/>\n\t<meta name=\"twitter:data1\" content=\"Diario1 Diario1\" \/>\n\t<meta name=\"twitter:label2\" content=\"Tiempo de lectura\" \/>\n\t<meta name=\"twitter:data2\" content=\"5 minutos\" \/>\n<script type=\"application\/ld+json\" class=\"yoast-schema-graph\">{\"@context\":\"https:\\\/\\\/schema.org\",\"@graph\":[{\"@type\":\"Article\",\"@id\":\"https:\\\/\\\/diariotextual.com\\\/inicio\\\/index.php\\\/2026\\\/02\\\/19\\\/temporal-en-santa-rosa-en-el-primer-dia-asistieron-a-34-familias-y-liberaron-a-las-principales-calles-y-avenidas\\\/#article\",\"isPartOf\":{\"@id\":\"https:\\\/\\\/diariotextual.com\\\/inicio\\\/index.php\\\/2026\\\/02\\\/19\\\/temporal-en-santa-rosa-en-el-primer-dia-asistieron-a-34-familias-y-liberaron-a-las-principales-calles-y-avenidas\\\/\"},\"author\":{\"name\":\"Diario1 Diario1\",\"@id\":\"https:\\\/\\\/diariotextual.com\\\/inicio\\\/#\\\/schema\\\/person\\\/418fc4093c33e86ed41562db3508f958\"},\"headline\":\"Temporal en Santa Rosa: en el primer d\u00eda asistieron a 34 familias\",\"datePublished\":\"2026-02-19T09:49:58+00:00\",\"dateModified\":\"2026-02-19T19:30:32+00:00\",\"mainEntityOfPage\":{\"@id\":\"https:\\\/\\\/diariotextual.com\\\/inicio\\\/index.php\\\/2026\\\/02\\\/19\\\/temporal-en-santa-rosa-en-el-primer-dia-asistieron-a-34-familias-y-liberaron-a-las-principales-calles-y-avenidas\\\/\"},\"wordCount\":846,\"publisher\":{\"@id\":\"https:\\\/\\\/diariotextual.com\\\/inicio\\\/#organization\"},\"image\":{\"@id\":\"https:\\\/\\\/diariotextual.com\\\/inicio\\\/index.php\\\/2026\\\/02\\\/19\\\/temporal-en-santa-rosa-en-el-primer-dia-asistieron-a-34-familias-y-liberaron-a-las-principales-calles-y-avenidas\\\/#primaryimage\"},\"thumbnailUrl\":\"https:\\\/\\\/diariotextual.com\\\/inicio\\\/wp-content\\\/uploads\\\/2026\\\/02\\\/tormentasantarosatemporaldestrozostormenta18febrero2026-1.jpg\",\"articleSection\":[\"SOCIEDAD\"],\"inLanguage\":\"es\"},{\"@type\":\"WebPage\",\"@id\":\"https:\\\/\\\/diariotextual.com\\\/inicio\\\/index.php\\\/2026\\\/02\\\/19\\\/temporal-en-santa-rosa-en-el-primer-dia-asistieron-a-34-familias-y-liberaron-a-las-principales-calles-y-avenidas\\\/\",\"url\":\"https:\\\/\\\/diariotextual.com\\\/inicio\\\/index.php\\\/2026\\\/02\\\/19\\\/temporal-en-santa-rosa-en-el-primer-dia-asistieron-a-34-familias-y-liberaron-a-las-principales-calles-y-avenidas\\\/\",\"name\":\"Temporal en Santa Rosa: en el primer d\u00eda asistieron a 34 familias - Diario Textual\",\"isPartOf\":{\"@id\":\"https:\\\/\\\/diariotextual.com\\\/inicio\\\/#website\"},\"primaryImageOfPage\":{\"@id\":\"https:\\\/\\\/diariotextual.com\\\/inicio\\\/index.php\\\/2026\\\/02\\\/19\\\/temporal-en-santa-rosa-en-el-primer-dia-asistieron-a-34-familias-y-liberaron-a-las-principales-calles-y-avenidas\\\/#primaryimage\"},\"image\":{\"@id\":\"https:\\\/\\\/diariotextual.com\\\/inicio\\\/index.php\\\/2026\\\/02\\\/19\\\/temporal-en-santa-rosa-en-el-primer-dia-asistieron-a-34-familias-y-liberaron-a-las-principales-calles-y-avenidas\\\/#primaryimage\"},\"thumbnailUrl\":\"https:\\\/\\\/diariotextual.com\\\/inicio\\\/wp-content\\\/uploads\\\/2026\\\/02\\\/tormentasantarosatemporaldestrozostormenta18febrero2026-1.jpg\",\"datePublished\":\"2026-02-19T09:49:58+00:00\",\"dateModified\":\"2026-02-19T19:30:32+00:00\",\"breadcrumb\":{\"@id\":\"https:\\\/\\\/diariotextual.com\\\/inicio\\\/index.php\\\/2026\\\/02\\\/19\\\/temporal-en-santa-rosa-en-el-primer-dia-asistieron-a-34-familias-y-liberaron-a-las-principales-calles-y-avenidas\\\/#breadcrumb\"},\"inLanguage\":\"es\",\"potentialAction\":[{\"@type\":\"ReadAction\",\"target\":[\"https:\\\/\\\/diariotextual.com\\\/inicio\\\/index.php\\\/2026\\\/02\\\/19\\\/temporal-en-santa-rosa-en-el-primer-dia-asistieron-a-34-familias-y-liberaron-a-las-principales-calles-y-avenidas\\\/\"]}]},{\"@type\":\"ImageObject\",\"inLanguage\":\"es\",\"@id\":\"https:\\\/\\\/diariotextual.com\\\/inicio\\\/index.php\\\/2026\\\/02\\\/19\\\/temporal-en-santa-rosa-en-el-primer-dia-asistieron-a-34-familias-y-liberaron-a-las-principales-calles-y-avenidas\\\/#primaryimage\",\"url\":\"https:\\\/\\\/diariotextual.com\\\/inicio\\\/wp-content\\\/uploads\\\/2026\\\/02\\\/tormentasantarosatemporaldestrozostormenta18febrero2026-1.jpg\",\"contentUrl\":\"https:\\\/\\\/diariotextual.com\\\/inicio\\\/wp-content\\\/uploads\\\/2026\\\/02\\\/tormentasantarosatemporaldestrozostormenta18febrero2026-1.jpg\",\"width\":1300,\"height\":732},{\"@type\":\"BreadcrumbList\",\"@id\":\"https:\\\/\\\/diariotextual.com\\\/inicio\\\/index.php\\\/2026\\\/02\\\/19\\\/temporal-en-santa-rosa-en-el-primer-dia-asistieron-a-34-familias-y-liberaron-a-las-principales-calles-y-avenidas\\\/#breadcrumb\",\"itemListElement\":[{\"@type\":\"ListItem\",\"position\":1,\"name\":\"Portada\",\"item\":\"https:\\\/\\\/diariotextual.com\\\/inicio\\\/\"},{\"@type\":\"ListItem\",\"position\":2,\"name\":\"Temporal en Santa Rosa: en el primer d\u00eda asistieron a 34 familias\"}]},{\"@type\":\"WebSite\",\"@id\":\"https:\\\/\\\/diariotextual.com\\\/inicio\\\/#website\",\"url\":\"https:\\\/\\\/diariotextual.com\\\/inicio\\\/\",\"name\":\"Diario Textual\",\"description\":\"\",\"publisher\":{\"@id\":\"https:\\\/\\\/diariotextual.com\\\/inicio\\\/#organization\"},\"potentialAction\":[{\"@type\":\"SearchAction\",\"target\":{\"@type\":\"EntryPoint\",\"urlTemplate\":\"https:\\\/\\\/diariotextual.com\\\/inicio\\\/?s={search_term_string}\"},\"query-input\":{\"@type\":\"PropertyValueSpecification\",\"valueRequired\":true,\"valueName\":\"search_term_string\"}}],\"inLanguage\":\"es\"},{\"@type\":\"Organization\",\"@id\":\"https:\\\/\\\/diariotextual.com\\\/inicio\\\/#organization\",\"name\":\"Diario Textual\",\"url\":\"https:\\\/\\\/diariotextual.com\\\/inicio\\\/\",\"logo\":{\"@type\":\"ImageObject\",\"inLanguage\":\"es\",\"@id\":\"https:\\\/\\\/diariotextual.com\\\/inicio\\\/#\\\/schema\\\/logo\\\/image\\\/\",\"url\":\"https:\\\/\\\/diariotextual.com\\\/inicio\\\/wp-content\\\/uploads\\\/2023\\\/05\\\/logotextual1.jpg\",\"contentUrl\":\"https:\\\/\\\/diariotextual.com\\\/inicio\\\/wp-content\\\/uploads\\\/2023\\\/05\\\/logotextual1.jpg\",\"width\":516,\"height\":76,\"caption\":\"Diario Textual\"},\"image\":{\"@id\":\"https:\\\/\\\/diariotextual.com\\\/inicio\\\/#\\\/schema\\\/logo\\\/image\\\/\"},\"sameAs\":[\"https:\\\/\\\/www.facebook.com\\\/eltextual\",\"https:\\\/\\\/x.com\\\/eltextual\",\"http:\\\/\\\/www.instagram.com\\\/eltextual\"]},{\"@type\":\"Person\",\"@id\":\"https:\\\/\\\/diariotextual.com\\\/inicio\\\/#\\\/schema\\\/person\\\/418fc4093c33e86ed41562db3508f958\",\"name\":\"Diario1 Diario1\",\"image\":{\"@type\":\"ImageObject\",\"inLanguage\":\"es\",\"@id\":\"https:\\\/\\\/secure.gravatar.com\\\/avatar\\\/9167d280179c85bc18be67aa7eda765854300033af4896dd779b608640f2ef7a?s=96&d=mm&r=g\",\"url\":\"https:\\\/\\\/secure.gravatar.com\\\/avatar\\\/9167d280179c85bc18be67aa7eda765854300033af4896dd779b608640f2ef7a?s=96&d=mm&r=g\",\"contentUrl\":\"https:\\\/\\\/secure.gravatar.com\\\/avatar\\\/9167d280179c85bc18be67aa7eda765854300033af4896dd779b608640f2ef7a?s=96&d=mm&r=g\",\"caption\":\"Diario1 Diario1\"},\"url\":\"https:\\\/\\\/diariotextual.com\\\/inicio\\\/index.php\\\/author\\\/diario1\\\/\"}]}<\/script>\n<!-- \/ Yoast SEO plugin. -->","yoast_head_json":{"title":"Temporal en Santa Rosa: en el primer d\u00eda asistieron a 34 familias - Diario Textual","robots":{"index":"index","follow":"follow","max-snippet":"max-snippet:-1","max-image-preview":"max-image-preview:large","max-video-preview":"max-video-preview:-1"},"canonical":"https:\/\/diariotextual.com\/inicio\/index.php\/2026\/02\/19\/temporal-en-santa-rosa-en-el-primer-dia-asistieron-a-34-familias-y-liberaron-a-las-principales-calles-y-avenidas\/","og_locale":"es_ES","og_type":"article","og_title":"Temporal en Santa Rosa: en el primer d\u00eda asistieron a 34 familias - Diario Textual","og_description":"La municipalidad de Santa Rosa inform\u00f3 a la comunidad el balance de las primeras horas del operativo de emergencia desplegado durante la tarde y noche del mi\u00e9rcoles y la madrugada&hellip;","og_url":"https:\/\/diariotextual.com\/inicio\/index.php\/2026\/02\/19\/temporal-en-santa-rosa-en-el-primer-dia-asistieron-a-34-familias-y-liberaron-a-las-principales-calles-y-avenidas\/","og_site_name":"Diario Textual","article_publisher":"https:\/\/www.facebook.com\/eltextual","article_published_time":"2026-02-19T09:49:58+00:00","article_modified_time":"2026-02-19T19:30:32+00:00","og_image":[{"width":1300,"height":732,"url":"https:\/\/diariotextual.com\/inicio\/wp-content\/uploads\/2026\/02\/tormentasantarosatemporaldestrozostormenta18febrero2026-1.jpg","type":"image\/jpeg"}],"author":"Diario1 Diario1","twitter_card":"summary_large_image","twitter_creator":"@eltextual","twitter_site":"@eltextual","twitter_misc":{"Escrito por":"Diario1 Diario1","Tiempo de lectura":"5 minutos"},"schema":{"@context":"https:\/\/schema.org","@graph":[{"@type":"Article","@id":"https:\/\/diariotextual.com\/inicio\/index.php\/2026\/02\/19\/temporal-en-santa-rosa-en-el-primer-dia-asistieron-a-34-familias-y-liberaron-a-las-principales-calles-y-avenidas\/#article","isPartOf":{"@id":"https:\/\/diariotextual.com\/inicio\/index.php\/2026\/02\/19\/temporal-en-santa-rosa-en-el-primer-dia-asistieron-a-34-familias-y-liberaron-a-las-principales-calles-y-avenidas\/"},"author":{"name":"Diario1 Diario1","@id":"https:\/\/diariotextual.com\/inicio\/#\/schema\/person\/418fc4093c33e86ed41562db3508f958"},"headline":"Temporal en Santa Rosa: en el primer d\u00eda asistieron a 34 familias","datePublished":"2026-02-19T09:49:58+00:00","dateModified":"2026-02-19T19:30:32+00:00","mainEntityOfPage":{"@id":"https:\/\/diariotextual.com\/inicio\/index.php\/2026\/02\/19\/temporal-en-santa-rosa-en-el-primer-dia-asistieron-a-34-familias-y-liberaron-a-las-principales-calles-y-avenidas\/"},"wordCount":846,"publisher":{"@id":"https:\/\/diariotextual.com\/inicio\/#organization"},"image":{"@id":"https:\/\/diariotextual.com\/inicio\/index.php\/2026\/02\/19\/temporal-en-santa-rosa-en-el-primer-dia-asistieron-a-34-familias-y-liberaron-a-las-principales-calles-y-avenidas\/#primaryimage"},"thumbnailUrl":"https:\/\/diariotextual.com\/inicio\/wp-content\/uploads\/2026\/02\/tormentasantarosatemporaldestrozostormenta18febrero2026-1.jpg","articleSection":["SOCIEDAD"],"inLanguage":"es"},{"@type":"WebPage","@id":"https:\/\/diariotextual.com\/inicio\/index.php\/2026\/02\/19\/temporal-en-santa-rosa-en-el-primer-dia-asistieron-a-34-familias-y-liberaron-a-las-principales-calles-y-avenidas\/","url":"https:\/\/diariotextual.com\/inicio\/index.php\/2026\/02\/19\/temporal-en-santa-rosa-en-el-primer-dia-asistieron-a-34-familias-y-liberaron-a-las-principales-calles-y-avenidas\/","name":"Temporal en Santa Rosa: en el primer d\u00eda asistieron a 34 familias - Diario Textual","isPartOf":{"@id":"https:\/\/diariotextual.com\/inicio\/#website"},"primaryImageOfPage":{"@id":"https:\/\/diariotextual.com\/inicio\/index.php\/2026\/02\/19\/temporal-en-santa-rosa-en-el-primer-dia-asistieron-a-34-familias-y-liberaron-a-las-principales-calles-y-avenidas\/#primaryimage"},"image":{"@id":"https:\/\/diariotextual.com\/inicio\/index.php\/2026\/02\/19\/temporal-en-santa-rosa-en-el-primer-dia-asistieron-a-34-familias-y-liberaron-a-las-principales-calles-y-avenidas\/#primaryimage"},"thumbnailUrl":"https:\/\/diariotextual.com\/inicio\/wp-content\/uploads\/2026\/02\/tormentasantarosatemporaldestrozostormenta18febrero2026-1.jpg","datePublished":"2026-02-19T09:49:58+00:00","dateModified":"2026-02-19T19:30:32+00:00","breadcrumb":{"@id":"https:\/\/diariotextual.com\/inicio\/index.php\/2026\/02\/19\/temporal-en-santa-rosa-en-el-primer-dia-asistieron-a-34-familias-y-liberaron-a-las-principales-calles-y-avenidas\/#breadcrumb"},"inLanguage":"es","potentialAction":[{"@type":"ReadAction","target":["https:\/\/diariotextual.com\/inicio\/index.php\/2026\/02\/19\/temporal-en-santa-rosa-en-el-primer-dia-asistieron-a-34-familias-y-liberaron-a-las-principales-calles-y-avenidas\/"]}]},{"@type":"ImageObject","inLanguage":"es","@id":"https:\/\/diariotextual.com\/inicio\/index.php\/2026\/02\/19\/temporal-en-santa-rosa-en-el-primer-dia-asistieron-a-34-familias-y-liberaron-a-las-principales-calles-y-avenidas\/#primaryimage","url":"https:\/\/diariotextual.com\/inicio\/wp-content\/uploads\/2026\/02\/tormentasantarosatemporaldestrozostormenta18febrero2026-1.jpg","contentUrl":"https:\/\/diariotextual.com\/inicio\/wp-content\/uploads\/2026\/02\/tormentasantarosatemporaldestrozostormenta18febrero2026-1.jpg","width":1300,"height":732},{"@type":"BreadcrumbList","@id":"https:\/\/diariotextual.com\/inicio\/index.php\/2026\/02\/19\/temporal-en-santa-rosa-en-el-primer-dia-asistieron-a-34-familias-y-liberaron-a-las-principales-calles-y-avenidas\/#breadcrumb","itemListElement":[{"@type":"ListItem","position":1,"name":"Portada","item":"https:\/\/diariotextual.com\/inicio\/"},{"@type":"ListItem","position":2,"name":"Temporal en Santa Rosa: en el primer d\u00eda asistieron a 34 familias"}]},{"@type":"WebSite","@id":"https:\/\/diariotextual.com\/inicio\/#website","url":"https:\/\/diariotextual.com\/inicio\/","name":"Diario Textual","description":"","publisher":{"@id":"https:\/\/diariotextual.com\/inicio\/#organization"},"potentialAction":[{"@type":"SearchAction","target":{"@type":"EntryPoint","urlTemplate":"https:\/\/diariotextual.com\/inicio\/?s={search_term_string}"},"query-input":{"@type":"PropertyValueSpecification","valueRequired":true,"valueName":"search_term_string"}}],"inLanguage":"es"},{"@type":"Organization","@id":"https:\/\/diariotextual.com\/inicio\/#organization","name":"Diario Textual","url":"https:\/\/diariotextual.com\/inicio\/","logo":{"@type":"ImageObject","inLanguage":"es","@id":"https:\/\/diariotextual.com\/inicio\/#\/schema\/logo\/image\/","url":"https:\/\/diariotextual.com\/inicio\/wp-content\/uploads\/2023\/05\/logotextual1.jpg","contentUrl":"https:\/\/diariotextual.com\/inicio\/wp-content\/uploads\/2023\/05\/logotextual1.jpg","width":516,"height":76,"caption":"Diario Textual"},"image":{"@id":"https:\/\/diariotextual.com\/inicio\/#\/schema\/logo\/image\/"},"sameAs":["https:\/\/www.facebook.com\/eltextual","https:\/\/x.com\/eltextual","http:\/\/www.instagram.com\/eltextual"]},{"@type":"Person","@id":"https:\/\/diariotextual.com\/inicio\/#\/schema\/person\/418fc4093c33e86ed41562db3508f958","name":"Diario1 Diario1","image":{"@type":"ImageObject","inLanguage":"es","@id":"https:\/\/secure.gravatar.com\/avatar\/9167d280179c85bc18be67aa7eda765854300033af4896dd779b608640f2ef7a?s=96&d=mm&r=g","url":"https:\/\/secure.gravatar.com\/avatar\/9167d280179c85bc18be67aa7eda765854300033af4896dd779b608640f2ef7a?s=96&d=mm&r=g","contentUrl":"https:\/\/secure.gravatar.com\/avatar\/9167d280179c85bc18be67aa7eda765854300033af4896dd779b608640f2ef7a?s=96&d=mm&r=g","caption":"Diario1 Diario1"},"url":"https:\/\/diariotextual.com\/inicio\/index.php\/author\/diario1\/"}]}},"_links":{"self":[{"href":"https:\/\/diariotextual.com\/inicio\/index.php\/wp-json\/wp\/v2\/posts\/320033","targetHints":{"allow":["GET"]}}],"collection":[{"href":"https:\/\/diariotextual.com\/inicio\/index.php\/wp-json\/wp\/v2\/posts"}],"about":[{"href":"https:\/\/diariotextual.com\/inicio\/index.php\/wp-json\/wp\/v2\/types\/post"}],"author":[{"embeddable":true,"href":"https:\/\/diariotextual.com\/inicio\/index.php\/wp-json\/wp\/v2\/users\/3"}],"replies":[{"embeddable":true,"href":"https:\/\/diariotextual.com\/inicio\/index.php\/wp-json\/wp\/v2\/comments?post=320033"}],"version-history":[{"count":5,"href":"https:\/\/diariotextual.com\/inicio\/index.php\/wp-json\/wp\/v2\/posts\/320033\/revisions"}],"predecessor-version":[{"id":320060,"href":"https:\/\/diariotextual.com\/inicio\/index.php\/wp-json\/wp\/v2\/posts\/320033\/revisions\/320060"}],"wp:featuredmedia":[{"embeddable":true,"href":"https:\/\/diariotextual.com\/inicio\/index.php\/wp-json\/wp\/v2\/media\/320035"}],"wp:attachment":[{"href":"https:\/\/diariotextual.com\/inicio\/index.php\/wp-json\/wp\/v2\/media?parent=320033"}],"wp:term":[{"taxonomy":"category","embeddable":true,"href":"https:\/\/diariotextual.com\/inicio\/index.php\/wp-json\/wp\/v2\/categories?post=320033"},{"taxonomy":"post_tag","embeddable":true,"href":"https:\/\/diariotextual.com\/inicio\/index.php\/wp-json\/wp\/v2\/tags?post=320033"}],"curies":[{"name":"wp","href":"https:\/\/api.w.org\/{rel}","templated":true}]}}