{"id":320037,"date":"2026-02-19T06:59:33","date_gmt":"2026-02-19T09:59:33","guid":{"rendered":"https:\/\/diariotextual.com\/inicio\/?p=320037"},"modified":"2026-02-19T11:40:17","modified_gmt":"2026-02-19T14:40:17","slug":"temporal-en-santa-rosa-y-la-zona-ausencia-justificada-para-agentes-publicos-afectados","status":"publish","type":"post","link":"https:\/\/diariotextual.com\/inicio\/index.php\/2026\/02\/19\/temporal-en-santa-rosa-y-la-zona-ausencia-justificada-para-agentes-publicos-afectados\/","title":{"rendered":"Temporal en Santa Rosa y la zona: ausencia justificada para los empleados p\u00fablicos afectados"},"content":{"rendered":"\n<p>El Gobierno de La Pampa inform\u00f3 que, a ra\u00edz de la tormenta que afect\u00f3 en las \u00faltimas horas a la ciudad de Santa Rosa y zonas aleda\u00f1as, las y los agentes de la Administraci\u00f3n P\u00fablica Provincial que hayan visto afectadas sus viviendas y necesiten el d\u00eda jueves 19 para realizar tareas de reparaci\u00f3n, ordenamiento o gestiones vinculadas a los da\u00f1os ocasionados, contar\u00e1n con la ausencia justificada. &nbsp;<\/p>\n\n\n\n<p>\u201cEsta disposici\u00f3n tiene como finalidad acompa\u00f1ar a las y los trabajadores damnificados por el fen\u00f3meno climatol\u00f3gico, brindando contenci\u00f3n y la posibilidad de atender con prioridad la situaci\u00f3n particular derivada de la emergencia, sin que ello implique perjuicio alguno en su situaci\u00f3n laboral\u201d, comunic\u00f3 Casa de Gobierno.<br><br>\u201cEl Gobierno provincial contin\u00faa monitoreando el estado de situaci\u00f3n y trabajando de manera coordinada con los organismos competentes para asistir a las familias afectadas y restablecer la normalidad en el menor tiempo posible\u201d, finaliz\u00f3 en un comunicado de prensa.<\/p>\n\n\n\n<div style=\"height:100px\" aria-hidden=\"true\" class=\"wp-block-spacer\"><\/div>\n\n\n\n<p><strong>Centro Judicial, cerrado<\/strong><\/p>\n\n\n\n<p>El Superior Tribunal de Justicia dispuso para este jueves 19 un \u201casueto judicial\u201d para los organismos que funcionan en el Centro Judicial de Santa Rosa -avenidas Per\u00f3n y Uruguay-, a ra\u00edz de los destrozos por el temporal. El edificio se inund\u00f3 en varios sectores.<\/p>\n\n\n\n<p>\u201cDisponer asueto judicial para el d\u00eda 19 de febrero de 2026, para todos los organismos jurisdiccionales y administrativos de la Primera Circunscripci\u00f3n Judicial que se encuentren ubicados en los edificios del Fuero Civil, Fuero Penal, Procuraci\u00f3n y Ministerios P\u00fablicos, sin perjuicio de la validez de los actos cumplidos; de conformidad a lo dispuesto en los considerados de la presente\u201d, comunic\u00f3 el Poder Judicial.<\/p>\n\n\n\n<div style=\"height:100px\" aria-hidden=\"true\" class=\"wp-block-spacer\"><\/div>\n\n\n\n<p><strong>Escuelas<\/strong><\/p>\n\n\n\n<p>El Ministerio de Educaci\u00f3n de La Pampa inform\u00f3 que se suspenden las clases en la ciudad de Santa Rosa durante la jornada de este jueves, con el prop\u00f3sito de evaluar los da\u00f1os en los establecimientos educativos y realizar las reparaciones necesarias para garantizar condiciones seguras para estudiantes y personal docente y no docente.<\/p>\n\n\n\n<div style=\"height:100px\" aria-hidden=\"true\" class=\"wp-block-spacer\"><\/div>\n\n\n\n<p><strong>Primeras atenciones<\/strong><\/p>\n\n\n\n<p>La municipalidad de Santa Rosa inform\u00f3 a la comunidad el balance de las primeras horas del operativo de emergencia desplegado durante la tarde y noche del mi\u00e9rcoles y la madrugada de este jueves 19, luego del temporal de extraordinaria magnitud que gener\u00f3 importantes da\u00f1os en toda la ciudad. Asistieron en las primeras horas a 34 familias, algunas que se les inundaron las casas o se les volaron los techos. En tanto, permanecen algunos cortes por cables y postes ca\u00eddos.<\/p>\n\n\n\n<p>Durante toda la jornada de ayer, agentes municipales trabajaron de manera articulada con Defensa Civil de la Provincia y Bomberos, para despejar la v\u00eda p\u00fablica, ordenar el tr\u00e1nsito y asistir a las familias afectadas.<\/p>\n\n\n\n<p>Los equipos del EMHSU, EMTU, Desarrollo Social, Obras P\u00fablicas y Tr\u00e1nsito permanecieron desplegados en toda la ciudad atendiendo las emergencias registradas.<\/p>\n\n\n\n<p>El fen\u00f3meno meteorol\u00f3gico se registr\u00f3 en Santa Rosa alrededor de las <strong>16.45<\/strong> y, en pocos minutos, gener\u00f3 <strong>numerosos destrozos<\/strong> en distintos puntos de la ciudad. El frente de tormenta avanz\u00f3 con <strong>lluvias intensas<\/strong>, <strong>fuertes vientos<\/strong> con r\u00e1fagas de hasta <strong>91 km\/h<\/strong> y, en algunos sectores, <strong>ca\u00edda de granizo<\/strong>.<\/p>\n\n\n\n<p>Entre las consecuencias se reportaron <strong>calles anegadas<\/strong>, <strong>\u00e1rboles ca\u00eddos<\/strong> sobre viviendas y autom\u00f3viles, <strong>voladura de techos<\/strong> y <strong>paredones derribados<\/strong>. En diversos sectores de la capital provincial tambi\u00e9n se registraron <strong>cortes de electricidad<\/strong>.<\/p>\n\n\n\n<div style=\"height:100px\" aria-hidden=\"true\" class=\"wp-block-spacer\"><\/div>\n\n\n\n<p><strong>Asistencia a familias afectadas<\/strong><\/p>\n\n\n\n<p>El \u00e1rea de Desarrollo Social abord\u00f3 34 situaciones en los barrios Matadero, Zona Norte, Villa Parque, Butal\u00f3, Centro Empleados de Comercio, Aeropuerto, Colonia Escalante, El Salitral, Micaela Garc\u00eda y El Amanecer.<\/p>\n\n\n\n<p>Las intervenciones incluyeron casos de voladuras de techo, ca\u00edda de \u00e1rboles sobre viviendas, voladura de tanques de agua y filtraciones. Se entregaron colchones y frazadas a las familias afectadas. Hay 2 familias que fueron evacuadas.<\/p>\n\n\n\n<div style=\"height:100px\" aria-hidden=\"true\" class=\"wp-block-spacer\"><\/div>\n\n\n\n<p><strong>Principales arterias liberadas<\/strong><\/p>\n\n\n\n<p>Se restablecieron las condiciones de circulaci\u00f3n en las principales arterias de la ciudad. Entre ellas, las avenidas Spinetto, Edison, Per\u00f3n, Uruguay y Espa\u00f1a, y la avenida circunvalaci\u00f3n Santiago Marzo. Tambi\u00e9n se despejaron las calles Gaich, Liberato Rosas, Cavero y Callegaris.<\/p>\n\n\n\n<p>En los barrios Fonavi 42, Plan 5000 y Villa Parque se liberaron todos los cortes de calles que se hab\u00edan registrado.<\/p>\n\n\n\n<p>Se normaliz\u00f3 el funcionamiento del sem\u00e1foro de ruta 5 y se mantienen inspectores de tr\u00e1nsito en el cruce de Luro y Valle por falta de funcionamiento del sem\u00e1foro.<\/p>\n\n\n\n<p><\/p>\n","protected":false},"excerpt":{"rendered":"<p>El Gobierno de La Pampa inform\u00f3 que, a ra\u00edz de la tormenta que afect\u00f3 en las \u00faltimas horas a la ciudad de Santa Rosa y zonas aleda\u00f1as, las y los&hellip;<\/p>\n","protected":false},"author":3,"featured_media":320021,"comment_status":"closed","ping_status":"open","sticky":false,"template":"","format":"standard","meta":{"_acf_changed":false,"footnotes":""},"categories":[1,12],"tags":[],"class_list":["post-320037","post","type-post","status-publish","format-standard","has-post-thumbnail","hentry","category-es-noticia","category-sociedad"],"acf":[],"yoast_head":"<!-- This site is optimized with the Yoast SEO plugin v27.5 - https:\/\/yoast.com\/product\/yoast-seo-wordpress\/ -->\n<title>Temporal en Santa Rosa y la zona: ausencia justificada para los empleados p\u00fablicos afectados - Diario Textual<\/title>\n<meta name=\"robots\" content=\"index, follow, max-snippet:-1, max-image-preview:large, max-video-preview:-1\" \/>\n<link rel=\"canonical\" href=\"https:\/\/diariotextual.com\/inicio\/index.php\/2026\/02\/19\/temporal-en-santa-rosa-y-la-zona-ausencia-justificada-para-agentes-publicos-afectados\/\" \/>\n<meta property=\"og:locale\" content=\"es_ES\" \/>\n<meta property=\"og:type\" content=\"article\" \/>\n<meta property=\"og:title\" content=\"Temporal en Santa Rosa y la zona: ausencia justificada para los empleados p\u00fablicos afectados - Diario Textual\" \/>\n<meta property=\"og:description\" content=\"El Gobierno de La Pampa inform\u00f3 que, a ra\u00edz de la tormenta que afect\u00f3 en las \u00faltimas horas a la ciudad de Santa Rosa y zonas aleda\u00f1as, las y los&hellip;\" \/>\n<meta property=\"og:url\" content=\"https:\/\/diariotextual.com\/inicio\/index.php\/2026\/02\/19\/temporal-en-santa-rosa-y-la-zona-ausencia-justificada-para-agentes-publicos-afectados\/\" \/>\n<meta property=\"og:site_name\" content=\"Diario Textual\" \/>\n<meta property=\"article:publisher\" content=\"https:\/\/www.facebook.com\/eltextual\" \/>\n<meta property=\"article:published_time\" content=\"2026-02-19T09:59:33+00:00\" \/>\n<meta property=\"article:modified_time\" content=\"2026-02-19T14:40:17+00:00\" \/>\n<meta property=\"og:image\" content=\"https:\/\/diariotextual.com\/inicio\/wp-content\/uploads\/2026\/02\/tormentasantarosadestrozosluro2026-7777.jpg\" \/>\n\t<meta property=\"og:image:width\" content=\"1300\" \/>\n\t<meta property=\"og:image:height\" content=\"975\" \/>\n\t<meta property=\"og:image:type\" content=\"image\/jpeg\" \/>\n<meta name=\"author\" content=\"Diario1 Diario1\" \/>\n<meta name=\"twitter:card\" content=\"summary_large_image\" \/>\n<meta name=\"twitter:creator\" content=\"@eltextual\" \/>\n<meta name=\"twitter:site\" content=\"@eltextual\" \/>\n<meta name=\"twitter:label1\" content=\"Escrito por\" \/>\n\t<meta name=\"twitter:data1\" content=\"Diario1 Diario1\" \/>\n\t<meta name=\"twitter:label2\" content=\"Tiempo de lectura\" \/>\n\t<meta name=\"twitter:data2\" content=\"4 minutos\" \/>\n<script type=\"application\/ld+json\" class=\"yoast-schema-graph\">{\"@context\":\"https:\\\/\\\/schema.org\",\"@graph\":[{\"@type\":\"Article\",\"@id\":\"https:\\\/\\\/diariotextual.com\\\/inicio\\\/index.php\\\/2026\\\/02\\\/19\\\/temporal-en-santa-rosa-y-la-zona-ausencia-justificada-para-agentes-publicos-afectados\\\/#article\",\"isPartOf\":{\"@id\":\"https:\\\/\\\/diariotextual.com\\\/inicio\\\/index.php\\\/2026\\\/02\\\/19\\\/temporal-en-santa-rosa-y-la-zona-ausencia-justificada-para-agentes-publicos-afectados\\\/\"},\"author\":{\"name\":\"Diario1 Diario1\",\"@id\":\"https:\\\/\\\/diariotextual.com\\\/inicio\\\/#\\\/schema\\\/person\\\/418fc4093c33e86ed41562db3508f958\"},\"headline\":\"Temporal en Santa Rosa y la zona: ausencia justificada para los empleados p\u00fablicos afectados\",\"datePublished\":\"2026-02-19T09:59:33+00:00\",\"dateModified\":\"2026-02-19T14:40:17+00:00\",\"mainEntityOfPage\":{\"@id\":\"https:\\\/\\\/diariotextual.com\\\/inicio\\\/index.php\\\/2026\\\/02\\\/19\\\/temporal-en-santa-rosa-y-la-zona-ausencia-justificada-para-agentes-publicos-afectados\\\/\"},\"wordCount\":749,\"publisher\":{\"@id\":\"https:\\\/\\\/diariotextual.com\\\/inicio\\\/#organization\"},\"image\":{\"@id\":\"https:\\\/\\\/diariotextual.com\\\/inicio\\\/index.php\\\/2026\\\/02\\\/19\\\/temporal-en-santa-rosa-y-la-zona-ausencia-justificada-para-agentes-publicos-afectados\\\/#primaryimage\"},\"thumbnailUrl\":\"https:\\\/\\\/diariotextual.com\\\/inicio\\\/wp-content\\\/uploads\\\/2026\\\/02\\\/tormentasantarosadestrozosluro2026-7777.jpg\",\"articleSection\":[\"A - ES NOTICIA (van abajo)\",\"SOCIEDAD\"],\"inLanguage\":\"es\"},{\"@type\":\"WebPage\",\"@id\":\"https:\\\/\\\/diariotextual.com\\\/inicio\\\/index.php\\\/2026\\\/02\\\/19\\\/temporal-en-santa-rosa-y-la-zona-ausencia-justificada-para-agentes-publicos-afectados\\\/\",\"url\":\"https:\\\/\\\/diariotextual.com\\\/inicio\\\/index.php\\\/2026\\\/02\\\/19\\\/temporal-en-santa-rosa-y-la-zona-ausencia-justificada-para-agentes-publicos-afectados\\\/\",\"name\":\"Temporal en Santa Rosa y la zona: ausencia justificada para los empleados p\u00fablicos afectados - Diario Textual\",\"isPartOf\":{\"@id\":\"https:\\\/\\\/diariotextual.com\\\/inicio\\\/#website\"},\"primaryImageOfPage\":{\"@id\":\"https:\\\/\\\/diariotextual.com\\\/inicio\\\/index.php\\\/2026\\\/02\\\/19\\\/temporal-en-santa-rosa-y-la-zona-ausencia-justificada-para-agentes-publicos-afectados\\\/#primaryimage\"},\"image\":{\"@id\":\"https:\\\/\\\/diariotextual.com\\\/inicio\\\/index.php\\\/2026\\\/02\\\/19\\\/temporal-en-santa-rosa-y-la-zona-ausencia-justificada-para-agentes-publicos-afectados\\\/#primaryimage\"},\"thumbnailUrl\":\"https:\\\/\\\/diariotextual.com\\\/inicio\\\/wp-content\\\/uploads\\\/2026\\\/02\\\/tormentasantarosadestrozosluro2026-7777.jpg\",\"datePublished\":\"2026-02-19T09:59:33+00:00\",\"dateModified\":\"2026-02-19T14:40:17+00:00\",\"breadcrumb\":{\"@id\":\"https:\\\/\\\/diariotextual.com\\\/inicio\\\/index.php\\\/2026\\\/02\\\/19\\\/temporal-en-santa-rosa-y-la-zona-ausencia-justificada-para-agentes-publicos-afectados\\\/#breadcrumb\"},\"inLanguage\":\"es\",\"potentialAction\":[{\"@type\":\"ReadAction\",\"target\":[\"https:\\\/\\\/diariotextual.com\\\/inicio\\\/index.php\\\/2026\\\/02\\\/19\\\/temporal-en-santa-rosa-y-la-zona-ausencia-justificada-para-agentes-publicos-afectados\\\/\"]}]},{\"@type\":\"ImageObject\",\"inLanguage\":\"es\",\"@id\":\"https:\\\/\\\/diariotextual.com\\\/inicio\\\/index.php\\\/2026\\\/02\\\/19\\\/temporal-en-santa-rosa-y-la-zona-ausencia-justificada-para-agentes-publicos-afectados\\\/#primaryimage\",\"url\":\"https:\\\/\\\/diariotextual.com\\\/inicio\\\/wp-content\\\/uploads\\\/2026\\\/02\\\/tormentasantarosadestrozosluro2026-7777.jpg\",\"contentUrl\":\"https:\\\/\\\/diariotextual.com\\\/inicio\\\/wp-content\\\/uploads\\\/2026\\\/02\\\/tormentasantarosadestrozosluro2026-7777.jpg\",\"width\":1300,\"height\":975},{\"@type\":\"BreadcrumbList\",\"@id\":\"https:\\\/\\\/diariotextual.com\\\/inicio\\\/index.php\\\/2026\\\/02\\\/19\\\/temporal-en-santa-rosa-y-la-zona-ausencia-justificada-para-agentes-publicos-afectados\\\/#breadcrumb\",\"itemListElement\":[{\"@type\":\"ListItem\",\"position\":1,\"name\":\"Portada\",\"item\":\"https:\\\/\\\/diariotextual.com\\\/inicio\\\/\"},{\"@type\":\"ListItem\",\"position\":2,\"name\":\"Temporal en Santa Rosa y la zona: ausencia justificada para los empleados p\u00fablicos afectados\"}]},{\"@type\":\"WebSite\",\"@id\":\"https:\\\/\\\/diariotextual.com\\\/inicio\\\/#website\",\"url\":\"https:\\\/\\\/diariotextual.com\\\/inicio\\\/\",\"name\":\"Diario Textual\",\"description\":\"\",\"publisher\":{\"@id\":\"https:\\\/\\\/diariotextual.com\\\/inicio\\\/#organization\"},\"potentialAction\":[{\"@type\":\"SearchAction\",\"target\":{\"@type\":\"EntryPoint\",\"urlTemplate\":\"https:\\\/\\\/diariotextual.com\\\/inicio\\\/?s={search_term_string}\"},\"query-input\":{\"@type\":\"PropertyValueSpecification\",\"valueRequired\":true,\"valueName\":\"search_term_string\"}}],\"inLanguage\":\"es\"},{\"@type\":\"Organization\",\"@id\":\"https:\\\/\\\/diariotextual.com\\\/inicio\\\/#organization\",\"name\":\"Diario Textual\",\"url\":\"https:\\\/\\\/diariotextual.com\\\/inicio\\\/\",\"logo\":{\"@type\":\"ImageObject\",\"inLanguage\":\"es\",\"@id\":\"https:\\\/\\\/diariotextual.com\\\/inicio\\\/#\\\/schema\\\/logo\\\/image\\\/\",\"url\":\"https:\\\/\\\/diariotextual.com\\\/inicio\\\/wp-content\\\/uploads\\\/2023\\\/05\\\/logotextual1.jpg\",\"contentUrl\":\"https:\\\/\\\/diariotextual.com\\\/inicio\\\/wp-content\\\/uploads\\\/2023\\\/05\\\/logotextual1.jpg\",\"width\":516,\"height\":76,\"caption\":\"Diario Textual\"},\"image\":{\"@id\":\"https:\\\/\\\/diariotextual.com\\\/inicio\\\/#\\\/schema\\\/logo\\\/image\\\/\"},\"sameAs\":[\"https:\\\/\\\/www.facebook.com\\\/eltextual\",\"https:\\\/\\\/x.com\\\/eltextual\",\"http:\\\/\\\/www.instagram.com\\\/eltextual\"]},{\"@type\":\"Person\",\"@id\":\"https:\\\/\\\/diariotextual.com\\\/inicio\\\/#\\\/schema\\\/person\\\/418fc4093c33e86ed41562db3508f958\",\"name\":\"Diario1 Diario1\",\"image\":{\"@type\":\"ImageObject\",\"inLanguage\":\"es\",\"@id\":\"https:\\\/\\\/secure.gravatar.com\\\/avatar\\\/9167d280179c85bc18be67aa7eda765854300033af4896dd779b608640f2ef7a?s=96&d=mm&r=g\",\"url\":\"https:\\\/\\\/secure.gravatar.com\\\/avatar\\\/9167d280179c85bc18be67aa7eda765854300033af4896dd779b608640f2ef7a?s=96&d=mm&r=g\",\"contentUrl\":\"https:\\\/\\\/secure.gravatar.com\\\/avatar\\\/9167d280179c85bc18be67aa7eda765854300033af4896dd779b608640f2ef7a?s=96&d=mm&r=g\",\"caption\":\"Diario1 Diario1\"},\"url\":\"https:\\\/\\\/diariotextual.com\\\/inicio\\\/index.php\\\/author\\\/diario1\\\/\"}]}<\/script>\n<!-- \/ Yoast SEO plugin. -->","yoast_head_json":{"title":"Temporal en Santa Rosa y la zona: ausencia justificada para los empleados p\u00fablicos afectados - Diario Textual","robots":{"index":"index","follow":"follow","max-snippet":"max-snippet:-1","max-image-preview":"max-image-preview:large","max-video-preview":"max-video-preview:-1"},"canonical":"https:\/\/diariotextual.com\/inicio\/index.php\/2026\/02\/19\/temporal-en-santa-rosa-y-la-zona-ausencia-justificada-para-agentes-publicos-afectados\/","og_locale":"es_ES","og_type":"article","og_title":"Temporal en Santa Rosa y la zona: ausencia justificada para los empleados p\u00fablicos afectados - Diario Textual","og_description":"El Gobierno de La Pampa inform\u00f3 que, a ra\u00edz de la tormenta que afect\u00f3 en las \u00faltimas horas a la ciudad de Santa Rosa y zonas aleda\u00f1as, las y los&hellip;","og_url":"https:\/\/diariotextual.com\/inicio\/index.php\/2026\/02\/19\/temporal-en-santa-rosa-y-la-zona-ausencia-justificada-para-agentes-publicos-afectados\/","og_site_name":"Diario Textual","article_publisher":"https:\/\/www.facebook.com\/eltextual","article_published_time":"2026-02-19T09:59:33+00:00","article_modified_time":"2026-02-19T14:40:17+00:00","og_image":[{"width":1300,"height":975,"url":"https:\/\/diariotextual.com\/inicio\/wp-content\/uploads\/2026\/02\/tormentasantarosadestrozosluro2026-7777.jpg","type":"image\/jpeg"}],"author":"Diario1 Diario1","twitter_card":"summary_large_image","twitter_creator":"@eltextual","twitter_site":"@eltextual","twitter_misc":{"Escrito por":"Diario1 Diario1","Tiempo de lectura":"4 minutos"},"schema":{"@context":"https:\/\/schema.org","@graph":[{"@type":"Article","@id":"https:\/\/diariotextual.com\/inicio\/index.php\/2026\/02\/19\/temporal-en-santa-rosa-y-la-zona-ausencia-justificada-para-agentes-publicos-afectados\/#article","isPartOf":{"@id":"https:\/\/diariotextual.com\/inicio\/index.php\/2026\/02\/19\/temporal-en-santa-rosa-y-la-zona-ausencia-justificada-para-agentes-publicos-afectados\/"},"author":{"name":"Diario1 Diario1","@id":"https:\/\/diariotextual.com\/inicio\/#\/schema\/person\/418fc4093c33e86ed41562db3508f958"},"headline":"Temporal en Santa Rosa y la zona: ausencia justificada para los empleados p\u00fablicos afectados","datePublished":"2026-02-19T09:59:33+00:00","dateModified":"2026-02-19T14:40:17+00:00","mainEntityOfPage":{"@id":"https:\/\/diariotextual.com\/inicio\/index.php\/2026\/02\/19\/temporal-en-santa-rosa-y-la-zona-ausencia-justificada-para-agentes-publicos-afectados\/"},"wordCount":749,"publisher":{"@id":"https:\/\/diariotextual.com\/inicio\/#organization"},"image":{"@id":"https:\/\/diariotextual.com\/inicio\/index.php\/2026\/02\/19\/temporal-en-santa-rosa-y-la-zona-ausencia-justificada-para-agentes-publicos-afectados\/#primaryimage"},"thumbnailUrl":"https:\/\/diariotextual.com\/inicio\/wp-content\/uploads\/2026\/02\/tormentasantarosadestrozosluro2026-7777.jpg","articleSection":["A - ES NOTICIA (van abajo)","SOCIEDAD"],"inLanguage":"es"},{"@type":"WebPage","@id":"https:\/\/diariotextual.com\/inicio\/index.php\/2026\/02\/19\/temporal-en-santa-rosa-y-la-zona-ausencia-justificada-para-agentes-publicos-afectados\/","url":"https:\/\/diariotextual.com\/inicio\/index.php\/2026\/02\/19\/temporal-en-santa-rosa-y-la-zona-ausencia-justificada-para-agentes-publicos-afectados\/","name":"Temporal en Santa Rosa y la zona: ausencia justificada para los empleados p\u00fablicos afectados - Diario Textual","isPartOf":{"@id":"https:\/\/diariotextual.com\/inicio\/#website"},"primaryImageOfPage":{"@id":"https:\/\/diariotextual.com\/inicio\/index.php\/2026\/02\/19\/temporal-en-santa-rosa-y-la-zona-ausencia-justificada-para-agentes-publicos-afectados\/#primaryimage"},"image":{"@id":"https:\/\/diariotextual.com\/inicio\/index.php\/2026\/02\/19\/temporal-en-santa-rosa-y-la-zona-ausencia-justificada-para-agentes-publicos-afectados\/#primaryimage"},"thumbnailUrl":"https:\/\/diariotextual.com\/inicio\/wp-content\/uploads\/2026\/02\/tormentasantarosadestrozosluro2026-7777.jpg","datePublished":"2026-02-19T09:59:33+00:00","dateModified":"2026-02-19T14:40:17+00:00","breadcrumb":{"@id":"https:\/\/diariotextual.com\/inicio\/index.php\/2026\/02\/19\/temporal-en-santa-rosa-y-la-zona-ausencia-justificada-para-agentes-publicos-afectados\/#breadcrumb"},"inLanguage":"es","potentialAction":[{"@type":"ReadAction","target":["https:\/\/diariotextual.com\/inicio\/index.php\/2026\/02\/19\/temporal-en-santa-rosa-y-la-zona-ausencia-justificada-para-agentes-publicos-afectados\/"]}]},{"@type":"ImageObject","inLanguage":"es","@id":"https:\/\/diariotextual.com\/inicio\/index.php\/2026\/02\/19\/temporal-en-santa-rosa-y-la-zona-ausencia-justificada-para-agentes-publicos-afectados\/#primaryimage","url":"https:\/\/diariotextual.com\/inicio\/wp-content\/uploads\/2026\/02\/tormentasantarosadestrozosluro2026-7777.jpg","contentUrl":"https:\/\/diariotextual.com\/inicio\/wp-content\/uploads\/2026\/02\/tormentasantarosadestrozosluro2026-7777.jpg","width":1300,"height":975},{"@type":"BreadcrumbList","@id":"https:\/\/diariotextual.com\/inicio\/index.php\/2026\/02\/19\/temporal-en-santa-rosa-y-la-zona-ausencia-justificada-para-agentes-publicos-afectados\/#breadcrumb","itemListElement":[{"@type":"ListItem","position":1,"name":"Portada","item":"https:\/\/diariotextual.com\/inicio\/"},{"@type":"ListItem","position":2,"name":"Temporal en Santa Rosa y la zona: ausencia justificada para los empleados p\u00fablicos afectados"}]},{"@type":"WebSite","@id":"https:\/\/diariotextual.com\/inicio\/#website","url":"https:\/\/diariotextual.com\/inicio\/","name":"Diario Textual","description":"","publisher":{"@id":"https:\/\/diariotextual.com\/inicio\/#organization"},"potentialAction":[{"@type":"SearchAction","target":{"@type":"EntryPoint","urlTemplate":"https:\/\/diariotextual.com\/inicio\/?s={search_term_string}"},"query-input":{"@type":"PropertyValueSpecification","valueRequired":true,"valueName":"search_term_string"}}],"inLanguage":"es"},{"@type":"Organization","@id":"https:\/\/diariotextual.com\/inicio\/#organization","name":"Diario Textual","url":"https:\/\/diariotextual.com\/inicio\/","logo":{"@type":"ImageObject","inLanguage":"es","@id":"https:\/\/diariotextual.com\/inicio\/#\/schema\/logo\/image\/","url":"https:\/\/diariotextual.com\/inicio\/wp-content\/uploads\/2023\/05\/logotextual1.jpg","contentUrl":"https:\/\/diariotextual.com\/inicio\/wp-content\/uploads\/2023\/05\/logotextual1.jpg","width":516,"height":76,"caption":"Diario Textual"},"image":{"@id":"https:\/\/diariotextual.com\/inicio\/#\/schema\/logo\/image\/"},"sameAs":["https:\/\/www.facebook.com\/eltextual","https:\/\/x.com\/eltextual","http:\/\/www.instagram.com\/eltextual"]},{"@type":"Person","@id":"https:\/\/diariotextual.com\/inicio\/#\/schema\/person\/418fc4093c33e86ed41562db3508f958","name":"Diario1 Diario1","image":{"@type":"ImageObject","inLanguage":"es","@id":"https:\/\/secure.gravatar.com\/avatar\/9167d280179c85bc18be67aa7eda765854300033af4896dd779b608640f2ef7a?s=96&d=mm&r=g","url":"https:\/\/secure.gravatar.com\/avatar\/9167d280179c85bc18be67aa7eda765854300033af4896dd779b608640f2ef7a?s=96&d=mm&r=g","contentUrl":"https:\/\/secure.gravatar.com\/avatar\/9167d280179c85bc18be67aa7eda765854300033af4896dd779b608640f2ef7a?s=96&d=mm&r=g","caption":"Diario1 Diario1"},"url":"https:\/\/diariotextual.com\/inicio\/index.php\/author\/diario1\/"}]}},"_links":{"self":[{"href":"https:\/\/diariotextual.com\/inicio\/index.php\/wp-json\/wp\/v2\/posts\/320037","targetHints":{"allow":["GET"]}}],"collection":[{"href":"https:\/\/diariotextual.com\/inicio\/index.php\/wp-json\/wp\/v2\/posts"}],"about":[{"href":"https:\/\/diariotextual.com\/inicio\/index.php\/wp-json\/wp\/v2\/types\/post"}],"author":[{"embeddable":true,"href":"https:\/\/diariotextual.com\/inicio\/index.php\/wp-json\/wp\/v2\/users\/3"}],"replies":[{"embeddable":true,"href":"https:\/\/diariotextual.com\/inicio\/index.php\/wp-json\/wp\/v2\/comments?post=320037"}],"version-history":[{"count":3,"href":"https:\/\/diariotextual.com\/inicio\/index.php\/wp-json\/wp\/v2\/posts\/320037\/revisions"}],"predecessor-version":[{"id":320041,"href":"https:\/\/diariotextual.com\/inicio\/index.php\/wp-json\/wp\/v2\/posts\/320037\/revisions\/320041"}],"wp:featuredmedia":[{"embeddable":true,"href":"https:\/\/diariotextual.com\/inicio\/index.php\/wp-json\/wp\/v2\/media\/320021"}],"wp:attachment":[{"href":"https:\/\/diariotextual.com\/inicio\/index.php\/wp-json\/wp\/v2\/media?parent=320037"}],"wp:term":[{"taxonomy":"category","embeddable":true,"href":"https:\/\/diariotextual.com\/inicio\/index.php\/wp-json\/wp\/v2\/categories?post=320037"},{"taxonomy":"post_tag","embeddable":true,"href":"https:\/\/diariotextual.com\/inicio\/index.php\/wp-json\/wp\/v2\/tags?post=320037"}],"curies":[{"name":"wp","href":"https:\/\/api.w.org\/{rel}","templated":true}]}}