{"id":320046,"date":"2026-02-19T08:47:36","date_gmt":"2026-02-19T11:47:36","guid":{"rendered":"https:\/\/diariotextual.com\/inicio\/?p=320046"},"modified":"2026-02-19T16:16:51","modified_gmt":"2026-02-19T19:16:51","slug":"santa-rosa-con-decenas-de-arboles-y-columnas-caidas-trabajadores-intentan-restablecer-la-luz-y-telecomunicaciones","status":"publish","type":"post","link":"https:\/\/diariotextual.com\/inicio\/index.php\/2026\/02\/19\/santa-rosa-con-decenas-de-arboles-y-columnas-caidas-trabajadores-intentan-restablecer-la-luz-y-telecomunicaciones\/","title":{"rendered":"Santa Rosa, con decenas de \u00e1rboles y columnas ca\u00eddas: trabajadores intentan restablecer la luz y telecomunicaciones"},"content":{"rendered":"\n<p>Trabajadores de la Cooperativa Popular de Electricidad y de la municipalidad de Santa Rosa, junto a bomberos y cuadrillas de Defensa Civil, est\u00e1n trabajando este jueves para despejar calles, retirar \u00e1rboles y ayudar a las familias afectadas por el temporal de lluvia y viento que afect\u00f3 a Santa Rosa. La municipalidad asisti\u00f3, hasta media ma\u00f1ana, a un total de 60 familias.<\/p>\n\n\n\n<figure class=\"wp-block-image size-large\"><img fetchpriority=\"high\" decoding=\"async\" width=\"1024\" height=\"576\" src=\"https:\/\/diariotextual.com\/inicio\/wp-content\/uploads\/2026\/02\/tormentasantarosatemporaldestrozostormenta18febrero2026-3-1024x576.jpeg\" alt=\"\" class=\"wp-image-320048\" srcset=\"https:\/\/diariotextual.com\/inicio\/wp-content\/uploads\/2026\/02\/tormentasantarosatemporaldestrozostormenta18febrero2026-3-1024x576.jpeg 1024w, https:\/\/diariotextual.com\/inicio\/wp-content\/uploads\/2026\/02\/tormentasantarosatemporaldestrozostormenta18febrero2026-3-300x169.jpeg 300w, https:\/\/diariotextual.com\/inicio\/wp-content\/uploads\/2026\/02\/tormentasantarosatemporaldestrozostormenta18febrero2026-3-768x432.jpeg 768w, https:\/\/diariotextual.com\/inicio\/wp-content\/uploads\/2026\/02\/tormentasantarosatemporaldestrozostormenta18febrero2026-3-1536x864.jpeg 1536w, https:\/\/diariotextual.com\/inicio\/wp-content\/uploads\/2026\/02\/tormentasantarosatemporaldestrozostormenta18febrero2026-3-1170x658.jpeg 1170w, https:\/\/diariotextual.com\/inicio\/wp-content\/uploads\/2026\/02\/tormentasantarosatemporaldestrozostormenta18febrero2026-3-585x329.jpeg 585w, https:\/\/diariotextual.com\/inicio\/wp-content\/uploads\/2026\/02\/tormentasantarosatemporaldestrozostormenta18febrero2026-3.jpeg 1600w\" sizes=\"(max-width: 1024px) 100vw, 1024px\" \/><\/figure>\n\n\n\n<p>Durante toda la jornada de ayer, agentes municipales trabajaron de manera articulada con Defensa Civil de la Provincia y Bomberos, para despejar la v\u00eda p\u00fablica, ordenar el tr\u00e1nsito y asistir a las familias afectadas. Los equipos del EMHSU, EMTU, Desarrollo Social, Obras P\u00fablicas y Tr\u00e1nsito permanecieron desplegados en toda la ciudad atendiendo las emergencias registradas.<\/p>\n\n\n\n<p>Adem\u00e1s, cuadrillas de la municipalidad y de la Cooperativa Popular de Electricidad (CPE), junto a bomberos, trabajan en diferentes sectores de Santa Rosa para despejar las calles de plantas ca\u00eddas, cables y columnas, y restablecer los servicios afectados por el temporal.<\/p>\n\n\n\n<p>Uno de los sectores m\u00e1s afectados se encuentra en la calle Pasteur: hay al menos unas 15 columnas de concreto arrancadas de cuajo. Las tareas de recambio demandar\u00e1n al menos un d\u00eda m\u00e1s.<\/p>\n\n\n\n<p>La CPE inform\u00f3 que al mediod\u00eda de este jueves se registraban cortes del servicio de energ\u00eda el\u00e9ctrica que est\u00e1n afectando partes de los barrios Villa Hualde, Villa del Busto, Aeropuerto, Villa Navarro Sarmiento, Villa Amalia, barrio Nuestra Se\u00f1ora de Luj\u00e1n, Villa Santill\u00e1n, barrio 26 de Septiembre, Inti Hue, varias \u00e1reas del centro de la ciudad de Santa Rosa, y zonas rurales como Barrancas Coloradas, Colonia Lagos y Villa Hilda.<\/p>\n\n\n\n<p>Operarios de la CPE siguen trabajando en la recuperaci\u00f3n del servicio pese al deterioro extendido de postes, columnas y redes de energ\u00eda de media y de baja tensi\u00f3n, producto del violento fen\u00f3meno meteorol\u00f3gico de ayer a la tarde.<\/p>\n\n\n\n<p>En tanto, el \u00e1rea de Telecomunicaciones CPE inform\u00f3 que se registran inconvenientes t\u00e9cnicos en las zonas de Villa Santill\u00e1n, Nuestra Se\u00f1ora de Luj\u00e1n, Fonavi 42, Barrio Sur, barrio 26 de Septiembre y Centro Empleados de Comercio.<\/p>\n\n\n\n<p>Cuadrillas de operarios est\u00e1n trabajando para recuperar los servicios a la mayor brevedad posible. Se inform\u00f3, adem\u00e1s, que se est\u00e1 priorizando la reposici\u00f3n de los servicios ca\u00eddos, por lo que se pospusieron las altas y cambios de tecnolog\u00eda previstos para estos d\u00edas.<\/p>\n\n\n\n<figure class=\"wp-block-image size-large\"><img decoding=\"async\" width=\"1024\" height=\"768\" src=\"https:\/\/diariotextual.com\/inicio\/wp-content\/uploads\/2026\/02\/tormentasantarosatemporaldestrozostormenta18febrero2026-70-1024x768.jpg\" alt=\"\" class=\"wp-image-320061\" srcset=\"https:\/\/diariotextual.com\/inicio\/wp-content\/uploads\/2026\/02\/tormentasantarosatemporaldestrozostormenta18febrero2026-70-1024x768.jpg 1024w, https:\/\/diariotextual.com\/inicio\/wp-content\/uploads\/2026\/02\/tormentasantarosatemporaldestrozostormenta18febrero2026-70-300x225.jpg 300w, https:\/\/diariotextual.com\/inicio\/wp-content\/uploads\/2026\/02\/tormentasantarosatemporaldestrozostormenta18febrero2026-70-768x576.jpg 768w, https:\/\/diariotextual.com\/inicio\/wp-content\/uploads\/2026\/02\/tormentasantarosatemporaldestrozostormenta18febrero2026-70-1170x878.jpg 1170w, https:\/\/diariotextual.com\/inicio\/wp-content\/uploads\/2026\/02\/tormentasantarosatemporaldestrozostormenta18febrero2026-70-585x439.jpg 585w, https:\/\/diariotextual.com\/inicio\/wp-content\/uploads\/2026\/02\/tormentasantarosatemporaldestrozostormenta18febrero2026-70.jpg 1300w\" sizes=\"(max-width: 1024px) 100vw, 1024px\" \/><\/figure>\n\n\n\n<p><\/p>\n\n\n\n<p>El fen\u00f3meno meteorol\u00f3gico se registr\u00f3 en Santa Rosa alrededor de las 16.45 de este mi\u00e9rcoles y, en pocos minutos, gener\u00f3 numerosos destrozos en distintos puntos de la ciudad. El frente de tormenta avanz\u00f3 con lluvias intensas, fuertes vientos con r\u00e1fagas de hasta 91 km\/h y, en algunos sectores, ca\u00edda de granizo.<\/p>\n\n\n\n<p>Entre las consecuencias se reportaron calles anegadas, \u00e1rboles ca\u00eddos sobre viviendas y autom\u00f3viles, voladura de techos y paredones derribados.<\/p>\n\n\n\n<figure class=\"wp-block-image size-large\"><img decoding=\"async\" width=\"1024\" height=\"576\" src=\"https:\/\/diariotextual.com\/inicio\/wp-content\/uploads\/2026\/02\/tormentasantarosatemporaldestrozostormenta18febrero2026-5-1024x576.jpeg\" alt=\"\" class=\"wp-image-320057\" srcset=\"https:\/\/diariotextual.com\/inicio\/wp-content\/uploads\/2026\/02\/tormentasantarosatemporaldestrozostormenta18febrero2026-5-1024x576.jpeg 1024w, https:\/\/diariotextual.com\/inicio\/wp-content\/uploads\/2026\/02\/tormentasantarosatemporaldestrozostormenta18febrero2026-5-300x169.jpeg 300w, https:\/\/diariotextual.com\/inicio\/wp-content\/uploads\/2026\/02\/tormentasantarosatemporaldestrozostormenta18febrero2026-5-768x432.jpeg 768w, https:\/\/diariotextual.com\/inicio\/wp-content\/uploads\/2026\/02\/tormentasantarosatemporaldestrozostormenta18febrero2026-5-1536x864.jpeg 1536w, https:\/\/diariotextual.com\/inicio\/wp-content\/uploads\/2026\/02\/tormentasantarosatemporaldestrozostormenta18febrero2026-5-1170x658.jpeg 1170w, https:\/\/diariotextual.com\/inicio\/wp-content\/uploads\/2026\/02\/tormentasantarosatemporaldestrozostormenta18febrero2026-5-585x329.jpeg 585w, https:\/\/diariotextual.com\/inicio\/wp-content\/uploads\/2026\/02\/tormentasantarosatemporaldestrozostormenta18febrero2026-5.jpeg 1600w\" sizes=\"(max-width: 1024px) 100vw, 1024px\" \/><\/figure>\n\n\n\n<div style=\"height:100px\" aria-hidden=\"true\" class=\"wp-block-spacer\"><\/div>\n\n\n\n<p><strong>Asistencia a familias afectadas<\/strong><\/p>\n\n\n\n<p>El \u00e1rea de Desarrollo Social abord\u00f3 34 situaciones en los barrios Matadero, Zona Norte, Villa Parque, Butal\u00f3, Centro Empleados de Comercio, Aeropuerto, Colonia Escalante, El Salitral, Micaela Garc\u00eda y El Amanecer.<\/p>\n\n\n\n<p>Las intervenciones incluyeron casos de voladuras de techo, ca\u00edda de \u00e1rboles sobre viviendas, voladura de tanques de agua y filtraciones. Se entregaron colchones y frazadas a las familias afectadas. Hay 2 familias que fueron evacuadas.<\/p>\n\n\n\n<p>Ya al mediod\u00eda de este jueves, la cifra super\u00f3 las 60 familias asistidas.<\/p>\n\n\n\n<p><\/p>\n\n\n\n<div style=\"height:100px\" aria-hidden=\"true\" class=\"wp-block-spacer\"><\/div>\n\n\n\n<p><strong>Principales arterias liberadas<\/strong><\/p>\n\n\n\n<p>Se restablecieron las condiciones de circulaci\u00f3n en las principales arterias de la ciudad. Entre ellas, las avenidas Spinetto, Edison, Per\u00f3n, Uruguay y Espa\u00f1a, y la avenida circunvalaci\u00f3n Santiago Marzo. Tambi\u00e9n se despejaron las calles Gaich, Liberato Rosas, Cavero y Callegaris.<\/p>\n\n\n\n<p>En los barrios Fonavi 42, Plan 5000 y Villa Parque se liberaron todos los cortes de calles que se hab\u00edan registrado.<\/p>\n\n\n\n<p>Se normaliz\u00f3 el funcionamiento del sem\u00e1foro de ruta 5 y se mantienen inspectores de tr\u00e1nsito en el cruce de Luro y Valle por falta de funcionamiento del sem\u00e1foro.<\/p>\n\n\n\n<div style=\"height:100px\" aria-hidden=\"true\" class=\"wp-block-spacer\"><\/div>\n\n\n\n<p><strong>Cortes que permanecen<\/strong><\/p>\n\n\n\n<p>Algunos cortes puntuales permanecen activos por razones de seguridad debido a columnas de luz ca\u00eddas o cables de electricidad en el suelo:<\/p>\n\n\n\n<ul class=\"wp-block-list\">\n<li>Lope de Vega y Roque S\u00e1enz Pe\u00f1a<\/li>\n\n\n\n<li>9 de Julio y Gonz\u00e1lez<\/li>\n\n\n\n<li>avenida San Mart\u00edn entre Pico y Gonz\u00e1lez<\/li>\n\n\n\n<li>Lope de Vega y Dante Alighieri<\/li>\n\n\n\n<li>Lope de Vega y Leguizam\u00f3n<\/li>\n\n\n\n<li>Leguizam\u00f3n entre Civit y Alberdi (media calzada cortada)<\/li>\n<\/ul>\n\n\n\n<p>\u201cSe trabaja para que estos cortes sean resueltos durante el d\u00eda de hoy a medida que avancen las tareas sobre el tendido el\u00e9ctrico que realiza la CPE\u201d, comunic\u00f3 la intendencia.<\/p>\n\n\n\n<div style=\"height:100px\" aria-hidden=\"true\" class=\"wp-block-spacer\"><\/div>\n\n\n\n<p><strong>Servicios que se restablecen hoy<\/strong><\/p>\n\n\n\n<p>Se trabaja, adem\u00e1s, para que el servicio de transporte p\u00fablico urbano se restablezca durante la ma\u00f1ana con luz natural, una vez verificadas las condiciones de seguridad en los recorridos.<\/p>\n\n\n\n<p>Respecto de la normalizaci\u00f3n del servicio de recolecci\u00f3n de residuos se informar\u00e1 el d\u00eda de hoy el cronograma de emergencia.<\/p>\n\n\n\n<div style=\"height:100px\" aria-hidden=\"true\" class=\"wp-block-spacer\"><\/div>\n\n\n\n<p><strong>Sistema de drenaje operativo<\/strong><\/p>\n\n\n\n<p>El sistema de drenajes, cuencos y bombas de la ciudad funcion\u00f3 correctamente durante todo el temporal, lo que permiti\u00f3 el normal escurrimiento de las aguas acumuladas, inform\u00f3 la intendencia.<\/p>\n\n\n\n<div style=\"height:100px\" aria-hidden=\"true\" class=\"wp-block-spacer\"><\/div>\n\n\n\n<p><strong>Natatorio municipal<\/strong><\/p>\n\n\n\n<p>El natatorio municipal permanecer\u00e1 cerrado durante este jueves 19 de febrero.<\/p>\n\n\n\n<div style=\"height:100px\" aria-hidden=\"true\" class=\"wp-block-spacer\"><\/div>\n\n\n\n<p><strong>Agradecimiento y llamado a la prudencia<\/strong><\/p>\n\n\n\n<p>\u201cAgradecemos a los vecinos por su colaboraci\u00f3n y prudencia durante la emergencia y alertamos que contin\u00faan las precipitaciones y las condiciones meteorol\u00f3gicas adversas pueden volver a presentarse durante la madrugada del jueves\u201d, comunic\u00f3 la intendencia. \u201cReiteramos el llamado a peatones y conductores a transitar con extrema precauci\u00f3n, especialmente en las zonas donde permanecen los cortes por cables, postes y \u00e1rboles ca\u00eddos\u201d.<\/p>\n\n\n\n<p>La l\u00ednea de emergencias 147 contin\u00faa operativa para recibir cualquier consulta o reclamo.<\/p>\n\n\n\n<div style=\"height:100px\" aria-hidden=\"true\" class=\"wp-block-spacer\"><\/div>\n\n\n\n<p><strong>Por el paro, sin atenci\u00f3n presencial en la CPE<\/strong><\/p>\n\n\n\n<p>La CPE inform\u00f3 que, en virtud del paro general de actividades convocado para este jueves 19 de febrero, no habr\u00e1 atenci\u00f3n presencial al p\u00fablico de tr\u00e1mites vinculados a los servicios de energ\u00eda y telecomunicaciones en la ciudad de Santa Rosa. Tampoco abrieron sus puertas los sectores Art\u00edculos del Hogar y Seguros, ni el \u00e1rea de Compras que atiende a proveedores.<\/p>\n\n\n\n<p>Adem\u00e1s, comunicaron, no funcionan los servicios de Ortopedia y la Biblioteca.<\/p>\n\n\n\n<p>Las enfermer\u00edas atender\u00e1n en sus horarios habituales mientras que Planta de Gas no realizar\u00e1 distribuci\u00f3n de garrafas y gas a granel.<\/p>\n\n\n\n<p>De todas maneras, las cuadrillas de la CPE est\u00e1n trabajando para retirar y colocar nuevas columnas. Tambi\u00e9n cableando.<\/p>\n\n\n\n<p><\/p>\n","protected":false},"excerpt":{"rendered":"<p>Trabajadores de la Cooperativa Popular de Electricidad y de la municipalidad de Santa Rosa, junto a bomberos y cuadrillas de Defensa Civil, est\u00e1n trabajando este jueves para despejar calles, retirar&hellip;<\/p>\n","protected":false},"author":3,"featured_media":320051,"comment_status":"closed","ping_status":"open","sticky":false,"template":"","format":"standard","meta":{"_acf_changed":false,"footnotes":""},"categories":[12],"tags":[],"class_list":["post-320046","post","type-post","status-publish","format-standard","has-post-thumbnail","hentry","category-sociedad"],"acf":[],"yoast_head":"<!-- This site is optimized with the Yoast SEO plugin v27.5 - https:\/\/yoast.com\/product\/yoast-seo-wordpress\/ -->\n<title>Santa Rosa, con decenas de \u00e1rboles y columnas ca\u00eddas: trabajadores intentan restablecer la luz y telecomunicaciones - Diario Textual<\/title>\n<meta name=\"robots\" content=\"index, follow, max-snippet:-1, max-image-preview:large, max-video-preview:-1\" \/>\n<link rel=\"canonical\" href=\"https:\/\/diariotextual.com\/inicio\/index.php\/2026\/02\/19\/santa-rosa-con-decenas-de-arboles-y-columnas-caidas-trabajadores-intentan-restablecer-la-luz-y-telecomunicaciones\/\" \/>\n<meta property=\"og:locale\" content=\"es_ES\" \/>\n<meta property=\"og:type\" content=\"article\" \/>\n<meta property=\"og:title\" content=\"Santa Rosa, con decenas de \u00e1rboles y columnas ca\u00eddas: trabajadores intentan restablecer la luz y telecomunicaciones - Diario Textual\" \/>\n<meta property=\"og:description\" content=\"Trabajadores de la Cooperativa Popular de Electricidad y de la municipalidad de Santa Rosa, junto a bomberos y cuadrillas de Defensa Civil, est\u00e1n trabajando este jueves para despejar calles, retirar&hellip;\" \/>\n<meta property=\"og:url\" content=\"https:\/\/diariotextual.com\/inicio\/index.php\/2026\/02\/19\/santa-rosa-con-decenas-de-arboles-y-columnas-caidas-trabajadores-intentan-restablecer-la-luz-y-telecomunicaciones\/\" \/>\n<meta property=\"og:site_name\" content=\"Diario Textual\" \/>\n<meta property=\"article:publisher\" content=\"https:\/\/www.facebook.com\/eltextual\" \/>\n<meta property=\"article:published_time\" content=\"2026-02-19T11:47:36+00:00\" \/>\n<meta property=\"article:modified_time\" content=\"2026-02-19T19:16:51+00:00\" \/>\n<meta property=\"og:image\" content=\"https:\/\/diariotextual.com\/inicio\/wp-content\/uploads\/2026\/02\/tormentasantarosatemporaldestrozostormenta18febrero2026-4.jpeg\" \/>\n\t<meta property=\"og:image:width\" content=\"1600\" \/>\n\t<meta property=\"og:image:height\" content=\"900\" \/>\n\t<meta property=\"og:image:type\" content=\"image\/jpeg\" \/>\n<meta name=\"author\" content=\"Diario1 Diario1\" \/>\n<meta name=\"twitter:card\" content=\"summary_large_image\" \/>\n<meta name=\"twitter:creator\" content=\"@eltextual\" \/>\n<meta name=\"twitter:site\" content=\"@eltextual\" \/>\n<meta name=\"twitter:label1\" content=\"Escrito por\" \/>\n\t<meta name=\"twitter:data1\" content=\"Diario1 Diario1\" \/>\n\t<meta name=\"twitter:label2\" content=\"Tiempo de lectura\" \/>\n\t<meta name=\"twitter:data2\" content=\"6 minutos\" \/>\n<script type=\"application\/ld+json\" class=\"yoast-schema-graph\">{\"@context\":\"https:\\\/\\\/schema.org\",\"@graph\":[{\"@type\":\"Article\",\"@id\":\"https:\\\/\\\/diariotextual.com\\\/inicio\\\/index.php\\\/2026\\\/02\\\/19\\\/santa-rosa-con-decenas-de-arboles-y-columnas-caidas-trabajadores-intentan-restablecer-la-luz-y-telecomunicaciones\\\/#article\",\"isPartOf\":{\"@id\":\"https:\\\/\\\/diariotextual.com\\\/inicio\\\/index.php\\\/2026\\\/02\\\/19\\\/santa-rosa-con-decenas-de-arboles-y-columnas-caidas-trabajadores-intentan-restablecer-la-luz-y-telecomunicaciones\\\/\"},\"author\":{\"name\":\"Diario1 Diario1\",\"@id\":\"https:\\\/\\\/diariotextual.com\\\/inicio\\\/#\\\/schema\\\/person\\\/418fc4093c33e86ed41562db3508f958\"},\"headline\":\"Santa Rosa, con decenas de \u00e1rboles y columnas ca\u00eddas: trabajadores intentan restablecer la luz y telecomunicaciones\",\"datePublished\":\"2026-02-19T11:47:36+00:00\",\"dateModified\":\"2026-02-19T19:16:51+00:00\",\"mainEntityOfPage\":{\"@id\":\"https:\\\/\\\/diariotextual.com\\\/inicio\\\/index.php\\\/2026\\\/02\\\/19\\\/santa-rosa-con-decenas-de-arboles-y-columnas-caidas-trabajadores-intentan-restablecer-la-luz-y-telecomunicaciones\\\/\"},\"wordCount\":1102,\"publisher\":{\"@id\":\"https:\\\/\\\/diariotextual.com\\\/inicio\\\/#organization\"},\"image\":{\"@id\":\"https:\\\/\\\/diariotextual.com\\\/inicio\\\/index.php\\\/2026\\\/02\\\/19\\\/santa-rosa-con-decenas-de-arboles-y-columnas-caidas-trabajadores-intentan-restablecer-la-luz-y-telecomunicaciones\\\/#primaryimage\"},\"thumbnailUrl\":\"https:\\\/\\\/diariotextual.com\\\/inicio\\\/wp-content\\\/uploads\\\/2026\\\/02\\\/tormentasantarosatemporaldestrozostormenta18febrero2026-4.jpeg\",\"articleSection\":[\"SOCIEDAD\"],\"inLanguage\":\"es\"},{\"@type\":\"WebPage\",\"@id\":\"https:\\\/\\\/diariotextual.com\\\/inicio\\\/index.php\\\/2026\\\/02\\\/19\\\/santa-rosa-con-decenas-de-arboles-y-columnas-caidas-trabajadores-intentan-restablecer-la-luz-y-telecomunicaciones\\\/\",\"url\":\"https:\\\/\\\/diariotextual.com\\\/inicio\\\/index.php\\\/2026\\\/02\\\/19\\\/santa-rosa-con-decenas-de-arboles-y-columnas-caidas-trabajadores-intentan-restablecer-la-luz-y-telecomunicaciones\\\/\",\"name\":\"Santa Rosa, con decenas de \u00e1rboles y columnas ca\u00eddas: trabajadores intentan restablecer la luz y telecomunicaciones - Diario Textual\",\"isPartOf\":{\"@id\":\"https:\\\/\\\/diariotextual.com\\\/inicio\\\/#website\"},\"primaryImageOfPage\":{\"@id\":\"https:\\\/\\\/diariotextual.com\\\/inicio\\\/index.php\\\/2026\\\/02\\\/19\\\/santa-rosa-con-decenas-de-arboles-y-columnas-caidas-trabajadores-intentan-restablecer-la-luz-y-telecomunicaciones\\\/#primaryimage\"},\"image\":{\"@id\":\"https:\\\/\\\/diariotextual.com\\\/inicio\\\/index.php\\\/2026\\\/02\\\/19\\\/santa-rosa-con-decenas-de-arboles-y-columnas-caidas-trabajadores-intentan-restablecer-la-luz-y-telecomunicaciones\\\/#primaryimage\"},\"thumbnailUrl\":\"https:\\\/\\\/diariotextual.com\\\/inicio\\\/wp-content\\\/uploads\\\/2026\\\/02\\\/tormentasantarosatemporaldestrozostormenta18febrero2026-4.jpeg\",\"datePublished\":\"2026-02-19T11:47:36+00:00\",\"dateModified\":\"2026-02-19T19:16:51+00:00\",\"breadcrumb\":{\"@id\":\"https:\\\/\\\/diariotextual.com\\\/inicio\\\/index.php\\\/2026\\\/02\\\/19\\\/santa-rosa-con-decenas-de-arboles-y-columnas-caidas-trabajadores-intentan-restablecer-la-luz-y-telecomunicaciones\\\/#breadcrumb\"},\"inLanguage\":\"es\",\"potentialAction\":[{\"@type\":\"ReadAction\",\"target\":[\"https:\\\/\\\/diariotextual.com\\\/inicio\\\/index.php\\\/2026\\\/02\\\/19\\\/santa-rosa-con-decenas-de-arboles-y-columnas-caidas-trabajadores-intentan-restablecer-la-luz-y-telecomunicaciones\\\/\"]}]},{\"@type\":\"ImageObject\",\"inLanguage\":\"es\",\"@id\":\"https:\\\/\\\/diariotextual.com\\\/inicio\\\/index.php\\\/2026\\\/02\\\/19\\\/santa-rosa-con-decenas-de-arboles-y-columnas-caidas-trabajadores-intentan-restablecer-la-luz-y-telecomunicaciones\\\/#primaryimage\",\"url\":\"https:\\\/\\\/diariotextual.com\\\/inicio\\\/wp-content\\\/uploads\\\/2026\\\/02\\\/tormentasantarosatemporaldestrozostormenta18febrero2026-4.jpeg\",\"contentUrl\":\"https:\\\/\\\/diariotextual.com\\\/inicio\\\/wp-content\\\/uploads\\\/2026\\\/02\\\/tormentasantarosatemporaldestrozostormenta18febrero2026-4.jpeg\",\"width\":1600,\"height\":900},{\"@type\":\"BreadcrumbList\",\"@id\":\"https:\\\/\\\/diariotextual.com\\\/inicio\\\/index.php\\\/2026\\\/02\\\/19\\\/santa-rosa-con-decenas-de-arboles-y-columnas-caidas-trabajadores-intentan-restablecer-la-luz-y-telecomunicaciones\\\/#breadcrumb\",\"itemListElement\":[{\"@type\":\"ListItem\",\"position\":1,\"name\":\"Portada\",\"item\":\"https:\\\/\\\/diariotextual.com\\\/inicio\\\/\"},{\"@type\":\"ListItem\",\"position\":2,\"name\":\"Santa Rosa, con decenas de \u00e1rboles y columnas ca\u00eddas: trabajadores intentan restablecer la luz y telecomunicaciones\"}]},{\"@type\":\"WebSite\",\"@id\":\"https:\\\/\\\/diariotextual.com\\\/inicio\\\/#website\",\"url\":\"https:\\\/\\\/diariotextual.com\\\/inicio\\\/\",\"name\":\"Diario Textual\",\"description\":\"\",\"publisher\":{\"@id\":\"https:\\\/\\\/diariotextual.com\\\/inicio\\\/#organization\"},\"potentialAction\":[{\"@type\":\"SearchAction\",\"target\":{\"@type\":\"EntryPoint\",\"urlTemplate\":\"https:\\\/\\\/diariotextual.com\\\/inicio\\\/?s={search_term_string}\"},\"query-input\":{\"@type\":\"PropertyValueSpecification\",\"valueRequired\":true,\"valueName\":\"search_term_string\"}}],\"inLanguage\":\"es\"},{\"@type\":\"Organization\",\"@id\":\"https:\\\/\\\/diariotextual.com\\\/inicio\\\/#organization\",\"name\":\"Diario Textual\",\"url\":\"https:\\\/\\\/diariotextual.com\\\/inicio\\\/\",\"logo\":{\"@type\":\"ImageObject\",\"inLanguage\":\"es\",\"@id\":\"https:\\\/\\\/diariotextual.com\\\/inicio\\\/#\\\/schema\\\/logo\\\/image\\\/\",\"url\":\"https:\\\/\\\/diariotextual.com\\\/inicio\\\/wp-content\\\/uploads\\\/2023\\\/05\\\/logotextual1.jpg\",\"contentUrl\":\"https:\\\/\\\/diariotextual.com\\\/inicio\\\/wp-content\\\/uploads\\\/2023\\\/05\\\/logotextual1.jpg\",\"width\":516,\"height\":76,\"caption\":\"Diario Textual\"},\"image\":{\"@id\":\"https:\\\/\\\/diariotextual.com\\\/inicio\\\/#\\\/schema\\\/logo\\\/image\\\/\"},\"sameAs\":[\"https:\\\/\\\/www.facebook.com\\\/eltextual\",\"https:\\\/\\\/x.com\\\/eltextual\",\"http:\\\/\\\/www.instagram.com\\\/eltextual\"]},{\"@type\":\"Person\",\"@id\":\"https:\\\/\\\/diariotextual.com\\\/inicio\\\/#\\\/schema\\\/person\\\/418fc4093c33e86ed41562db3508f958\",\"name\":\"Diario1 Diario1\",\"image\":{\"@type\":\"ImageObject\",\"inLanguage\":\"es\",\"@id\":\"https:\\\/\\\/secure.gravatar.com\\\/avatar\\\/9167d280179c85bc18be67aa7eda765854300033af4896dd779b608640f2ef7a?s=96&d=mm&r=g\",\"url\":\"https:\\\/\\\/secure.gravatar.com\\\/avatar\\\/9167d280179c85bc18be67aa7eda765854300033af4896dd779b608640f2ef7a?s=96&d=mm&r=g\",\"contentUrl\":\"https:\\\/\\\/secure.gravatar.com\\\/avatar\\\/9167d280179c85bc18be67aa7eda765854300033af4896dd779b608640f2ef7a?s=96&d=mm&r=g\",\"caption\":\"Diario1 Diario1\"},\"url\":\"https:\\\/\\\/diariotextual.com\\\/inicio\\\/index.php\\\/author\\\/diario1\\\/\"}]}<\/script>\n<!-- \/ Yoast SEO plugin. -->","yoast_head_json":{"title":"Santa Rosa, con decenas de \u00e1rboles y columnas ca\u00eddas: trabajadores intentan restablecer la luz y telecomunicaciones - Diario Textual","robots":{"index":"index","follow":"follow","max-snippet":"max-snippet:-1","max-image-preview":"max-image-preview:large","max-video-preview":"max-video-preview:-1"},"canonical":"https:\/\/diariotextual.com\/inicio\/index.php\/2026\/02\/19\/santa-rosa-con-decenas-de-arboles-y-columnas-caidas-trabajadores-intentan-restablecer-la-luz-y-telecomunicaciones\/","og_locale":"es_ES","og_type":"article","og_title":"Santa Rosa, con decenas de \u00e1rboles y columnas ca\u00eddas: trabajadores intentan restablecer la luz y telecomunicaciones - Diario Textual","og_description":"Trabajadores de la Cooperativa Popular de Electricidad y de la municipalidad de Santa Rosa, junto a bomberos y cuadrillas de Defensa Civil, est\u00e1n trabajando este jueves para despejar calles, retirar&hellip;","og_url":"https:\/\/diariotextual.com\/inicio\/index.php\/2026\/02\/19\/santa-rosa-con-decenas-de-arboles-y-columnas-caidas-trabajadores-intentan-restablecer-la-luz-y-telecomunicaciones\/","og_site_name":"Diario Textual","article_publisher":"https:\/\/www.facebook.com\/eltextual","article_published_time":"2026-02-19T11:47:36+00:00","article_modified_time":"2026-02-19T19:16:51+00:00","og_image":[{"width":1600,"height":900,"url":"https:\/\/diariotextual.com\/inicio\/wp-content\/uploads\/2026\/02\/tormentasantarosatemporaldestrozostormenta18febrero2026-4.jpeg","type":"image\/jpeg"}],"author":"Diario1 Diario1","twitter_card":"summary_large_image","twitter_creator":"@eltextual","twitter_site":"@eltextual","twitter_misc":{"Escrito por":"Diario1 Diario1","Tiempo de lectura":"6 minutos"},"schema":{"@context":"https:\/\/schema.org","@graph":[{"@type":"Article","@id":"https:\/\/diariotextual.com\/inicio\/index.php\/2026\/02\/19\/santa-rosa-con-decenas-de-arboles-y-columnas-caidas-trabajadores-intentan-restablecer-la-luz-y-telecomunicaciones\/#article","isPartOf":{"@id":"https:\/\/diariotextual.com\/inicio\/index.php\/2026\/02\/19\/santa-rosa-con-decenas-de-arboles-y-columnas-caidas-trabajadores-intentan-restablecer-la-luz-y-telecomunicaciones\/"},"author":{"name":"Diario1 Diario1","@id":"https:\/\/diariotextual.com\/inicio\/#\/schema\/person\/418fc4093c33e86ed41562db3508f958"},"headline":"Santa Rosa, con decenas de \u00e1rboles y columnas ca\u00eddas: trabajadores intentan restablecer la luz y telecomunicaciones","datePublished":"2026-02-19T11:47:36+00:00","dateModified":"2026-02-19T19:16:51+00:00","mainEntityOfPage":{"@id":"https:\/\/diariotextual.com\/inicio\/index.php\/2026\/02\/19\/santa-rosa-con-decenas-de-arboles-y-columnas-caidas-trabajadores-intentan-restablecer-la-luz-y-telecomunicaciones\/"},"wordCount":1102,"publisher":{"@id":"https:\/\/diariotextual.com\/inicio\/#organization"},"image":{"@id":"https:\/\/diariotextual.com\/inicio\/index.php\/2026\/02\/19\/santa-rosa-con-decenas-de-arboles-y-columnas-caidas-trabajadores-intentan-restablecer-la-luz-y-telecomunicaciones\/#primaryimage"},"thumbnailUrl":"https:\/\/diariotextual.com\/inicio\/wp-content\/uploads\/2026\/02\/tormentasantarosatemporaldestrozostormenta18febrero2026-4.jpeg","articleSection":["SOCIEDAD"],"inLanguage":"es"},{"@type":"WebPage","@id":"https:\/\/diariotextual.com\/inicio\/index.php\/2026\/02\/19\/santa-rosa-con-decenas-de-arboles-y-columnas-caidas-trabajadores-intentan-restablecer-la-luz-y-telecomunicaciones\/","url":"https:\/\/diariotextual.com\/inicio\/index.php\/2026\/02\/19\/santa-rosa-con-decenas-de-arboles-y-columnas-caidas-trabajadores-intentan-restablecer-la-luz-y-telecomunicaciones\/","name":"Santa Rosa, con decenas de \u00e1rboles y columnas ca\u00eddas: trabajadores intentan restablecer la luz y telecomunicaciones - Diario Textual","isPartOf":{"@id":"https:\/\/diariotextual.com\/inicio\/#website"},"primaryImageOfPage":{"@id":"https:\/\/diariotextual.com\/inicio\/index.php\/2026\/02\/19\/santa-rosa-con-decenas-de-arboles-y-columnas-caidas-trabajadores-intentan-restablecer-la-luz-y-telecomunicaciones\/#primaryimage"},"image":{"@id":"https:\/\/diariotextual.com\/inicio\/index.php\/2026\/02\/19\/santa-rosa-con-decenas-de-arboles-y-columnas-caidas-trabajadores-intentan-restablecer-la-luz-y-telecomunicaciones\/#primaryimage"},"thumbnailUrl":"https:\/\/diariotextual.com\/inicio\/wp-content\/uploads\/2026\/02\/tormentasantarosatemporaldestrozostormenta18febrero2026-4.jpeg","datePublished":"2026-02-19T11:47:36+00:00","dateModified":"2026-02-19T19:16:51+00:00","breadcrumb":{"@id":"https:\/\/diariotextual.com\/inicio\/index.php\/2026\/02\/19\/santa-rosa-con-decenas-de-arboles-y-columnas-caidas-trabajadores-intentan-restablecer-la-luz-y-telecomunicaciones\/#breadcrumb"},"inLanguage":"es","potentialAction":[{"@type":"ReadAction","target":["https:\/\/diariotextual.com\/inicio\/index.php\/2026\/02\/19\/santa-rosa-con-decenas-de-arboles-y-columnas-caidas-trabajadores-intentan-restablecer-la-luz-y-telecomunicaciones\/"]}]},{"@type":"ImageObject","inLanguage":"es","@id":"https:\/\/diariotextual.com\/inicio\/index.php\/2026\/02\/19\/santa-rosa-con-decenas-de-arboles-y-columnas-caidas-trabajadores-intentan-restablecer-la-luz-y-telecomunicaciones\/#primaryimage","url":"https:\/\/diariotextual.com\/inicio\/wp-content\/uploads\/2026\/02\/tormentasantarosatemporaldestrozostormenta18febrero2026-4.jpeg","contentUrl":"https:\/\/diariotextual.com\/inicio\/wp-content\/uploads\/2026\/02\/tormentasantarosatemporaldestrozostormenta18febrero2026-4.jpeg","width":1600,"height":900},{"@type":"BreadcrumbList","@id":"https:\/\/diariotextual.com\/inicio\/index.php\/2026\/02\/19\/santa-rosa-con-decenas-de-arboles-y-columnas-caidas-trabajadores-intentan-restablecer-la-luz-y-telecomunicaciones\/#breadcrumb","itemListElement":[{"@type":"ListItem","position":1,"name":"Portada","item":"https:\/\/diariotextual.com\/inicio\/"},{"@type":"ListItem","position":2,"name":"Santa Rosa, con decenas de \u00e1rboles y columnas ca\u00eddas: trabajadores intentan restablecer la luz y telecomunicaciones"}]},{"@type":"WebSite","@id":"https:\/\/diariotextual.com\/inicio\/#website","url":"https:\/\/diariotextual.com\/inicio\/","name":"Diario Textual","description":"","publisher":{"@id":"https:\/\/diariotextual.com\/inicio\/#organization"},"potentialAction":[{"@type":"SearchAction","target":{"@type":"EntryPoint","urlTemplate":"https:\/\/diariotextual.com\/inicio\/?s={search_term_string}"},"query-input":{"@type":"PropertyValueSpecification","valueRequired":true,"valueName":"search_term_string"}}],"inLanguage":"es"},{"@type":"Organization","@id":"https:\/\/diariotextual.com\/inicio\/#organization","name":"Diario Textual","url":"https:\/\/diariotextual.com\/inicio\/","logo":{"@type":"ImageObject","inLanguage":"es","@id":"https:\/\/diariotextual.com\/inicio\/#\/schema\/logo\/image\/","url":"https:\/\/diariotextual.com\/inicio\/wp-content\/uploads\/2023\/05\/logotextual1.jpg","contentUrl":"https:\/\/diariotextual.com\/inicio\/wp-content\/uploads\/2023\/05\/logotextual1.jpg","width":516,"height":76,"caption":"Diario Textual"},"image":{"@id":"https:\/\/diariotextual.com\/inicio\/#\/schema\/logo\/image\/"},"sameAs":["https:\/\/www.facebook.com\/eltextual","https:\/\/x.com\/eltextual","http:\/\/www.instagram.com\/eltextual"]},{"@type":"Person","@id":"https:\/\/diariotextual.com\/inicio\/#\/schema\/person\/418fc4093c33e86ed41562db3508f958","name":"Diario1 Diario1","image":{"@type":"ImageObject","inLanguage":"es","@id":"https:\/\/secure.gravatar.com\/avatar\/9167d280179c85bc18be67aa7eda765854300033af4896dd779b608640f2ef7a?s=96&d=mm&r=g","url":"https:\/\/secure.gravatar.com\/avatar\/9167d280179c85bc18be67aa7eda765854300033af4896dd779b608640f2ef7a?s=96&d=mm&r=g","contentUrl":"https:\/\/secure.gravatar.com\/avatar\/9167d280179c85bc18be67aa7eda765854300033af4896dd779b608640f2ef7a?s=96&d=mm&r=g","caption":"Diario1 Diario1"},"url":"https:\/\/diariotextual.com\/inicio\/index.php\/author\/diario1\/"}]}},"_links":{"self":[{"href":"https:\/\/diariotextual.com\/inicio\/index.php\/wp-json\/wp\/v2\/posts\/320046","targetHints":{"allow":["GET"]}}],"collection":[{"href":"https:\/\/diariotextual.com\/inicio\/index.php\/wp-json\/wp\/v2\/posts"}],"about":[{"href":"https:\/\/diariotextual.com\/inicio\/index.php\/wp-json\/wp\/v2\/types\/post"}],"author":[{"embeddable":true,"href":"https:\/\/diariotextual.com\/inicio\/index.php\/wp-json\/wp\/v2\/users\/3"}],"replies":[{"embeddable":true,"href":"https:\/\/diariotextual.com\/inicio\/index.php\/wp-json\/wp\/v2\/comments?post=320046"}],"version-history":[{"count":8,"href":"https:\/\/diariotextual.com\/inicio\/index.php\/wp-json\/wp\/v2\/posts\/320046\/revisions"}],"predecessor-version":[{"id":320088,"href":"https:\/\/diariotextual.com\/inicio\/index.php\/wp-json\/wp\/v2\/posts\/320046\/revisions\/320088"}],"wp:featuredmedia":[{"embeddable":true,"href":"https:\/\/diariotextual.com\/inicio\/index.php\/wp-json\/wp\/v2\/media\/320051"}],"wp:attachment":[{"href":"https:\/\/diariotextual.com\/inicio\/index.php\/wp-json\/wp\/v2\/media?parent=320046"}],"wp:term":[{"taxonomy":"category","embeddable":true,"href":"https:\/\/diariotextual.com\/inicio\/index.php\/wp-json\/wp\/v2\/categories?post=320046"},{"taxonomy":"post_tag","embeddable":true,"href":"https:\/\/diariotextual.com\/inicio\/index.php\/wp-json\/wp\/v2\/tags?post=320046"}],"curies":[{"name":"wp","href":"https:\/\/api.w.org\/{rel}","templated":true}]}}