{"id":320063,"date":"2026-02-19T10:33:18","date_gmt":"2026-02-19T13:33:18","guid":{"rendered":"https:\/\/diariotextual.com\/inicio\/?p=320063"},"modified":"2026-02-19T16:23:00","modified_gmt":"2026-02-19T19:23:00","slug":"el-gobierno-provincial-activo-17-equipos-tecnicos-para-relevar-danos-en-escuelas-y-coordinar-reparaciones","status":"publish","type":"post","link":"https:\/\/diariotextual.com\/inicio\/index.php\/2026\/02\/19\/el-gobierno-provincial-activo-17-equipos-tecnicos-para-relevar-danos-en-escuelas-y-coordinar-reparaciones\/","title":{"rendered":"El Gobierno provincial activ\u00f3 17 equipos t\u00e9cnicos para relevar da\u00f1os en escuelas y coordinar reparaciones"},"content":{"rendered":"\n<p>El Gobierno de La Pampa, en l\u00ednea con el trabajo iniciado ayer,&nbsp; constituy\u00f3 este jueves a primera hora un comit\u00e9 de emergencia para atender las consecuencias de la tormenta que afect\u00f3 en las \u00faltimas horas a la ciudad de Santa Rosa y zonas aleda\u00f1as, y que provoc\u00f3 da\u00f1os en distintos establecimientos educativos. En ese&nbsp; marco, se conformaron 17 equipos de trabajo integrados por profesionales de distintas \u00e1reas del Gobierno que ya se encuentran recorriendo los edificios escolares para realizar un relevamiento detallado de la situaci\u00f3n de infraestructura. &nbsp;<\/p>\n\n\n\n<p>El comit\u00e9 es encabezado por la ministra de Educaci\u00f3n, Marcela Feuerschvenger, y est\u00e1 integrado por personal del Ministerio de Obras y Servicios P\u00fablicos; del Ministerio de Gobierno y Asuntos Municipales; Desarrollo Social y Derechos Humanos; la Secretar\u00eda General de la Gobernaci\u00f3n; la Administraci\u00f3n Provincial del Agua; Direcci\u00f3n Provincial de Vialidad; y el Instituto Provincial Aut\u00e1rquico de Viviendas (Ipav).<\/p>\n\n\n\n<p><br>Los equipos eval\u00faan la magnitud de los da\u00f1os ocasionados por el fen\u00f3meno clim\u00e1tico y determinan las tareas de reparaci\u00f3n necesarias en cada establecimiento. Desde el Ejecutivo provincial se inform\u00f3 que habr\u00e1 absoluta prioridad en la atenci\u00f3n de esta emergencia, con el objetivo de brindar una respuesta r\u00e1pida y soluciones concretas a las instituciones afectadas.<\/p>\n\n\n\n<p><br>Asimismo, se est\u00e1n elaborando los procedimientos administrativos necesarios para facilitar y agilizar las intervenciones, tanto en lo que respecta a los arreglos como a las contrataciones que resulten indispensables para restablecer las condiciones edilicias.<\/p>\n\n\n\n<p><\/p>\n\n\n\n<figure class=\"wp-block-embed is-type-wp-embed is-provider-diario-textual wp-block-embed-diario-textual\"><div class=\"wp-block-embed__wrapper\">\n<blockquote class=\"wp-embedded-content\" data-secret=\"Pdu6zUZ58Z\"><a href=\"https:\/\/diariotextual.com\/inicio\/index.php\/2026\/02\/19\/santa-rosa-con-decenas-de-arboles-y-columnas-caidas-trabajadores-intentan-restablecer-la-luz-y-telecomunicaciones\/\">Santa Rosa, con decenas de \u00e1rboles y columnas ca\u00eddas: trabajadores intentan restablecer la luz y telecomunicaciones<\/a><\/blockquote><iframe class=\"wp-embedded-content\" sandbox=\"allow-scripts\" security=\"restricted\" style=\"position: absolute; visibility: hidden;\" title=\"\u00abSanta Rosa, con decenas de \u00e1rboles y columnas ca\u00eddas: trabajadores intentan restablecer la luz y telecomunicaciones\u00bb \u2014 Diario Textual\" src=\"https:\/\/diariotextual.com\/inicio\/index.php\/2026\/02\/19\/santa-rosa-con-decenas-de-arboles-y-columnas-caidas-trabajadores-intentan-restablecer-la-luz-y-telecomunicaciones\/embed\/#?secret=qniouuoBJ1#?secret=Pdu6zUZ58Z\" data-secret=\"Pdu6zUZ58Z\" width=\"600\" height=\"338\" frameborder=\"0\" marginwidth=\"0\" marginheight=\"0\" scrolling=\"no\"><\/iframe>\n<\/div><\/figure>\n\n\n\n<p><br>En paralelo, personal de Defensa Civil trabaja en los establecimientos educativos desde la noche del mi\u00e9rcoles, colaborando en las tareas preventivas y de evaluaci\u00f3n inicial de da\u00f1os.<br><\/p>\n","protected":false},"excerpt":{"rendered":"<p>El Gobierno de La Pampa, en l\u00ednea con el trabajo iniciado ayer,&nbsp; constituy\u00f3 este jueves a primera hora un comit\u00e9 de emergencia para atender las consecuencias de la tormenta que&hellip;<\/p>\n","protected":false},"author":3,"featured_media":320066,"comment_status":"closed","ping_status":"open","sticky":false,"template":"","format":"standard","meta":{"_acf_changed":false,"footnotes":""},"categories":[8],"tags":[],"class_list":["post-320063","post","type-post","status-publish","format-standard","has-post-thumbnail","hentry","category-politica"],"acf":[],"yoast_head":"<!-- This site is optimized with the Yoast SEO plugin v27.5 - https:\/\/yoast.com\/product\/yoast-seo-wordpress\/ -->\n<title>El Gobierno provincial activ\u00f3 17 equipos t\u00e9cnicos para relevar da\u00f1os en escuelas y coordinar reparaciones - Diario Textual<\/title>\n<meta name=\"robots\" content=\"index, follow, max-snippet:-1, max-image-preview:large, max-video-preview:-1\" \/>\n<link rel=\"canonical\" href=\"https:\/\/diariotextual.com\/inicio\/index.php\/2026\/02\/19\/el-gobierno-provincial-activo-17-equipos-tecnicos-para-relevar-danos-en-escuelas-y-coordinar-reparaciones\/\" \/>\n<meta property=\"og:locale\" content=\"es_ES\" \/>\n<meta property=\"og:type\" content=\"article\" \/>\n<meta property=\"og:title\" content=\"El Gobierno provincial activ\u00f3 17 equipos t\u00e9cnicos para relevar da\u00f1os en escuelas y coordinar reparaciones - Diario Textual\" \/>\n<meta property=\"og:description\" content=\"El Gobierno de La Pampa, en l\u00ednea con el trabajo iniciado ayer,&nbsp; constituy\u00f3 este jueves a primera hora un comit\u00e9 de emergencia para atender las consecuencias de la tormenta que&hellip;\" \/>\n<meta property=\"og:url\" content=\"https:\/\/diariotextual.com\/inicio\/index.php\/2026\/02\/19\/el-gobierno-provincial-activo-17-equipos-tecnicos-para-relevar-danos-en-escuelas-y-coordinar-reparaciones\/\" \/>\n<meta property=\"og:site_name\" content=\"Diario Textual\" \/>\n<meta property=\"article:publisher\" content=\"https:\/\/www.facebook.com\/eltextual\" \/>\n<meta property=\"article:published_time\" content=\"2026-02-19T13:33:18+00:00\" \/>\n<meta property=\"article:modified_time\" content=\"2026-02-19T19:23:00+00:00\" \/>\n<meta property=\"og:image\" content=\"https:\/\/diariotextual.com\/inicio\/wp-content\/uploads\/2026\/02\/tormentasantarosatemporaldestrozoscomitedecrisis2026-17.jpg\" \/>\n\t<meta property=\"og:image:width\" content=\"1300\" \/>\n\t<meta property=\"og:image:height\" content=\"865\" \/>\n\t<meta property=\"og:image:type\" content=\"image\/jpeg\" \/>\n<meta name=\"author\" content=\"Diario1 Diario1\" \/>\n<meta name=\"twitter:card\" content=\"summary_large_image\" \/>\n<meta name=\"twitter:creator\" content=\"@eltextual\" \/>\n<meta name=\"twitter:site\" content=\"@eltextual\" \/>\n<meta name=\"twitter:label1\" content=\"Escrito por\" \/>\n\t<meta name=\"twitter:data1\" content=\"Diario1 Diario1\" \/>\n\t<meta name=\"twitter:label2\" content=\"Tiempo de lectura\" \/>\n\t<meta name=\"twitter:data2\" content=\"2 minutos\" \/>\n<script type=\"application\/ld+json\" class=\"yoast-schema-graph\">{\"@context\":\"https:\\\/\\\/schema.org\",\"@graph\":[{\"@type\":\"Article\",\"@id\":\"https:\\\/\\\/diariotextual.com\\\/inicio\\\/index.php\\\/2026\\\/02\\\/19\\\/el-gobierno-provincial-activo-17-equipos-tecnicos-para-relevar-danos-en-escuelas-y-coordinar-reparaciones\\\/#article\",\"isPartOf\":{\"@id\":\"https:\\\/\\\/diariotextual.com\\\/inicio\\\/index.php\\\/2026\\\/02\\\/19\\\/el-gobierno-provincial-activo-17-equipos-tecnicos-para-relevar-danos-en-escuelas-y-coordinar-reparaciones\\\/\"},\"author\":{\"name\":\"Diario1 Diario1\",\"@id\":\"https:\\\/\\\/diariotextual.com\\\/inicio\\\/#\\\/schema\\\/person\\\/418fc4093c33e86ed41562db3508f958\"},\"headline\":\"El Gobierno provincial activ\u00f3 17 equipos t\u00e9cnicos para relevar da\u00f1os en escuelas y coordinar reparaciones\",\"datePublished\":\"2026-02-19T13:33:18+00:00\",\"dateModified\":\"2026-02-19T19:23:00+00:00\",\"mainEntityOfPage\":{\"@id\":\"https:\\\/\\\/diariotextual.com\\\/inicio\\\/index.php\\\/2026\\\/02\\\/19\\\/el-gobierno-provincial-activo-17-equipos-tecnicos-para-relevar-danos-en-escuelas-y-coordinar-reparaciones\\\/\"},\"wordCount\":307,\"publisher\":{\"@id\":\"https:\\\/\\\/diariotextual.com\\\/inicio\\\/#organization\"},\"image\":{\"@id\":\"https:\\\/\\\/diariotextual.com\\\/inicio\\\/index.php\\\/2026\\\/02\\\/19\\\/el-gobierno-provincial-activo-17-equipos-tecnicos-para-relevar-danos-en-escuelas-y-coordinar-reparaciones\\\/#primaryimage\"},\"thumbnailUrl\":\"https:\\\/\\\/diariotextual.com\\\/inicio\\\/wp-content\\\/uploads\\\/2026\\\/02\\\/tormentasantarosatemporaldestrozoscomitedecrisis2026-17.jpg\",\"articleSection\":[\"POLITICA\"],\"inLanguage\":\"es\"},{\"@type\":\"WebPage\",\"@id\":\"https:\\\/\\\/diariotextual.com\\\/inicio\\\/index.php\\\/2026\\\/02\\\/19\\\/el-gobierno-provincial-activo-17-equipos-tecnicos-para-relevar-danos-en-escuelas-y-coordinar-reparaciones\\\/\",\"url\":\"https:\\\/\\\/diariotextual.com\\\/inicio\\\/index.php\\\/2026\\\/02\\\/19\\\/el-gobierno-provincial-activo-17-equipos-tecnicos-para-relevar-danos-en-escuelas-y-coordinar-reparaciones\\\/\",\"name\":\"El Gobierno provincial activ\u00f3 17 equipos t\u00e9cnicos para relevar da\u00f1os en escuelas y coordinar reparaciones - Diario Textual\",\"isPartOf\":{\"@id\":\"https:\\\/\\\/diariotextual.com\\\/inicio\\\/#website\"},\"primaryImageOfPage\":{\"@id\":\"https:\\\/\\\/diariotextual.com\\\/inicio\\\/index.php\\\/2026\\\/02\\\/19\\\/el-gobierno-provincial-activo-17-equipos-tecnicos-para-relevar-danos-en-escuelas-y-coordinar-reparaciones\\\/#primaryimage\"},\"image\":{\"@id\":\"https:\\\/\\\/diariotextual.com\\\/inicio\\\/index.php\\\/2026\\\/02\\\/19\\\/el-gobierno-provincial-activo-17-equipos-tecnicos-para-relevar-danos-en-escuelas-y-coordinar-reparaciones\\\/#primaryimage\"},\"thumbnailUrl\":\"https:\\\/\\\/diariotextual.com\\\/inicio\\\/wp-content\\\/uploads\\\/2026\\\/02\\\/tormentasantarosatemporaldestrozoscomitedecrisis2026-17.jpg\",\"datePublished\":\"2026-02-19T13:33:18+00:00\",\"dateModified\":\"2026-02-19T19:23:00+00:00\",\"breadcrumb\":{\"@id\":\"https:\\\/\\\/diariotextual.com\\\/inicio\\\/index.php\\\/2026\\\/02\\\/19\\\/el-gobierno-provincial-activo-17-equipos-tecnicos-para-relevar-danos-en-escuelas-y-coordinar-reparaciones\\\/#breadcrumb\"},\"inLanguage\":\"es\",\"potentialAction\":[{\"@type\":\"ReadAction\",\"target\":[\"https:\\\/\\\/diariotextual.com\\\/inicio\\\/index.php\\\/2026\\\/02\\\/19\\\/el-gobierno-provincial-activo-17-equipos-tecnicos-para-relevar-danos-en-escuelas-y-coordinar-reparaciones\\\/\"]}]},{\"@type\":\"ImageObject\",\"inLanguage\":\"es\",\"@id\":\"https:\\\/\\\/diariotextual.com\\\/inicio\\\/index.php\\\/2026\\\/02\\\/19\\\/el-gobierno-provincial-activo-17-equipos-tecnicos-para-relevar-danos-en-escuelas-y-coordinar-reparaciones\\\/#primaryimage\",\"url\":\"https:\\\/\\\/diariotextual.com\\\/inicio\\\/wp-content\\\/uploads\\\/2026\\\/02\\\/tormentasantarosatemporaldestrozoscomitedecrisis2026-17.jpg\",\"contentUrl\":\"https:\\\/\\\/diariotextual.com\\\/inicio\\\/wp-content\\\/uploads\\\/2026\\\/02\\\/tormentasantarosatemporaldestrozoscomitedecrisis2026-17.jpg\",\"width\":1300,\"height\":865},{\"@type\":\"BreadcrumbList\",\"@id\":\"https:\\\/\\\/diariotextual.com\\\/inicio\\\/index.php\\\/2026\\\/02\\\/19\\\/el-gobierno-provincial-activo-17-equipos-tecnicos-para-relevar-danos-en-escuelas-y-coordinar-reparaciones\\\/#breadcrumb\",\"itemListElement\":[{\"@type\":\"ListItem\",\"position\":1,\"name\":\"Portada\",\"item\":\"https:\\\/\\\/diariotextual.com\\\/inicio\\\/\"},{\"@type\":\"ListItem\",\"position\":2,\"name\":\"El Gobierno provincial activ\u00f3 17 equipos t\u00e9cnicos para relevar da\u00f1os en escuelas y coordinar reparaciones\"}]},{\"@type\":\"WebSite\",\"@id\":\"https:\\\/\\\/diariotextual.com\\\/inicio\\\/#website\",\"url\":\"https:\\\/\\\/diariotextual.com\\\/inicio\\\/\",\"name\":\"Diario Textual\",\"description\":\"\",\"publisher\":{\"@id\":\"https:\\\/\\\/diariotextual.com\\\/inicio\\\/#organization\"},\"potentialAction\":[{\"@type\":\"SearchAction\",\"target\":{\"@type\":\"EntryPoint\",\"urlTemplate\":\"https:\\\/\\\/diariotextual.com\\\/inicio\\\/?s={search_term_string}\"},\"query-input\":{\"@type\":\"PropertyValueSpecification\",\"valueRequired\":true,\"valueName\":\"search_term_string\"}}],\"inLanguage\":\"es\"},{\"@type\":\"Organization\",\"@id\":\"https:\\\/\\\/diariotextual.com\\\/inicio\\\/#organization\",\"name\":\"Diario Textual\",\"url\":\"https:\\\/\\\/diariotextual.com\\\/inicio\\\/\",\"logo\":{\"@type\":\"ImageObject\",\"inLanguage\":\"es\",\"@id\":\"https:\\\/\\\/diariotextual.com\\\/inicio\\\/#\\\/schema\\\/logo\\\/image\\\/\",\"url\":\"https:\\\/\\\/diariotextual.com\\\/inicio\\\/wp-content\\\/uploads\\\/2023\\\/05\\\/logotextual1.jpg\",\"contentUrl\":\"https:\\\/\\\/diariotextual.com\\\/inicio\\\/wp-content\\\/uploads\\\/2023\\\/05\\\/logotextual1.jpg\",\"width\":516,\"height\":76,\"caption\":\"Diario Textual\"},\"image\":{\"@id\":\"https:\\\/\\\/diariotextual.com\\\/inicio\\\/#\\\/schema\\\/logo\\\/image\\\/\"},\"sameAs\":[\"https:\\\/\\\/www.facebook.com\\\/eltextual\",\"https:\\\/\\\/x.com\\\/eltextual\",\"http:\\\/\\\/www.instagram.com\\\/eltextual\"]},{\"@type\":\"Person\",\"@id\":\"https:\\\/\\\/diariotextual.com\\\/inicio\\\/#\\\/schema\\\/person\\\/418fc4093c33e86ed41562db3508f958\",\"name\":\"Diario1 Diario1\",\"image\":{\"@type\":\"ImageObject\",\"inLanguage\":\"es\",\"@id\":\"https:\\\/\\\/secure.gravatar.com\\\/avatar\\\/9167d280179c85bc18be67aa7eda765854300033af4896dd779b608640f2ef7a?s=96&d=mm&r=g\",\"url\":\"https:\\\/\\\/secure.gravatar.com\\\/avatar\\\/9167d280179c85bc18be67aa7eda765854300033af4896dd779b608640f2ef7a?s=96&d=mm&r=g\",\"contentUrl\":\"https:\\\/\\\/secure.gravatar.com\\\/avatar\\\/9167d280179c85bc18be67aa7eda765854300033af4896dd779b608640f2ef7a?s=96&d=mm&r=g\",\"caption\":\"Diario1 Diario1\"},\"url\":\"https:\\\/\\\/diariotextual.com\\\/inicio\\\/index.php\\\/author\\\/diario1\\\/\"}]}<\/script>\n<!-- \/ Yoast SEO plugin. -->","yoast_head_json":{"title":"El Gobierno provincial activ\u00f3 17 equipos t\u00e9cnicos para relevar da\u00f1os en escuelas y coordinar reparaciones - Diario Textual","robots":{"index":"index","follow":"follow","max-snippet":"max-snippet:-1","max-image-preview":"max-image-preview:large","max-video-preview":"max-video-preview:-1"},"canonical":"https:\/\/diariotextual.com\/inicio\/index.php\/2026\/02\/19\/el-gobierno-provincial-activo-17-equipos-tecnicos-para-relevar-danos-en-escuelas-y-coordinar-reparaciones\/","og_locale":"es_ES","og_type":"article","og_title":"El Gobierno provincial activ\u00f3 17 equipos t\u00e9cnicos para relevar da\u00f1os en escuelas y coordinar reparaciones - Diario Textual","og_description":"El Gobierno de La Pampa, en l\u00ednea con el trabajo iniciado ayer,&nbsp; constituy\u00f3 este jueves a primera hora un comit\u00e9 de emergencia para atender las consecuencias de la tormenta que&hellip;","og_url":"https:\/\/diariotextual.com\/inicio\/index.php\/2026\/02\/19\/el-gobierno-provincial-activo-17-equipos-tecnicos-para-relevar-danos-en-escuelas-y-coordinar-reparaciones\/","og_site_name":"Diario Textual","article_publisher":"https:\/\/www.facebook.com\/eltextual","article_published_time":"2026-02-19T13:33:18+00:00","article_modified_time":"2026-02-19T19:23:00+00:00","og_image":[{"width":1300,"height":865,"url":"https:\/\/diariotextual.com\/inicio\/wp-content\/uploads\/2026\/02\/tormentasantarosatemporaldestrozoscomitedecrisis2026-17.jpg","type":"image\/jpeg"}],"author":"Diario1 Diario1","twitter_card":"summary_large_image","twitter_creator":"@eltextual","twitter_site":"@eltextual","twitter_misc":{"Escrito por":"Diario1 Diario1","Tiempo de lectura":"2 minutos"},"schema":{"@context":"https:\/\/schema.org","@graph":[{"@type":"Article","@id":"https:\/\/diariotextual.com\/inicio\/index.php\/2026\/02\/19\/el-gobierno-provincial-activo-17-equipos-tecnicos-para-relevar-danos-en-escuelas-y-coordinar-reparaciones\/#article","isPartOf":{"@id":"https:\/\/diariotextual.com\/inicio\/index.php\/2026\/02\/19\/el-gobierno-provincial-activo-17-equipos-tecnicos-para-relevar-danos-en-escuelas-y-coordinar-reparaciones\/"},"author":{"name":"Diario1 Diario1","@id":"https:\/\/diariotextual.com\/inicio\/#\/schema\/person\/418fc4093c33e86ed41562db3508f958"},"headline":"El Gobierno provincial activ\u00f3 17 equipos t\u00e9cnicos para relevar da\u00f1os en escuelas y coordinar reparaciones","datePublished":"2026-02-19T13:33:18+00:00","dateModified":"2026-02-19T19:23:00+00:00","mainEntityOfPage":{"@id":"https:\/\/diariotextual.com\/inicio\/index.php\/2026\/02\/19\/el-gobierno-provincial-activo-17-equipos-tecnicos-para-relevar-danos-en-escuelas-y-coordinar-reparaciones\/"},"wordCount":307,"publisher":{"@id":"https:\/\/diariotextual.com\/inicio\/#organization"},"image":{"@id":"https:\/\/diariotextual.com\/inicio\/index.php\/2026\/02\/19\/el-gobierno-provincial-activo-17-equipos-tecnicos-para-relevar-danos-en-escuelas-y-coordinar-reparaciones\/#primaryimage"},"thumbnailUrl":"https:\/\/diariotextual.com\/inicio\/wp-content\/uploads\/2026\/02\/tormentasantarosatemporaldestrozoscomitedecrisis2026-17.jpg","articleSection":["POLITICA"],"inLanguage":"es"},{"@type":"WebPage","@id":"https:\/\/diariotextual.com\/inicio\/index.php\/2026\/02\/19\/el-gobierno-provincial-activo-17-equipos-tecnicos-para-relevar-danos-en-escuelas-y-coordinar-reparaciones\/","url":"https:\/\/diariotextual.com\/inicio\/index.php\/2026\/02\/19\/el-gobierno-provincial-activo-17-equipos-tecnicos-para-relevar-danos-en-escuelas-y-coordinar-reparaciones\/","name":"El Gobierno provincial activ\u00f3 17 equipos t\u00e9cnicos para relevar da\u00f1os en escuelas y coordinar reparaciones - Diario Textual","isPartOf":{"@id":"https:\/\/diariotextual.com\/inicio\/#website"},"primaryImageOfPage":{"@id":"https:\/\/diariotextual.com\/inicio\/index.php\/2026\/02\/19\/el-gobierno-provincial-activo-17-equipos-tecnicos-para-relevar-danos-en-escuelas-y-coordinar-reparaciones\/#primaryimage"},"image":{"@id":"https:\/\/diariotextual.com\/inicio\/index.php\/2026\/02\/19\/el-gobierno-provincial-activo-17-equipos-tecnicos-para-relevar-danos-en-escuelas-y-coordinar-reparaciones\/#primaryimage"},"thumbnailUrl":"https:\/\/diariotextual.com\/inicio\/wp-content\/uploads\/2026\/02\/tormentasantarosatemporaldestrozoscomitedecrisis2026-17.jpg","datePublished":"2026-02-19T13:33:18+00:00","dateModified":"2026-02-19T19:23:00+00:00","breadcrumb":{"@id":"https:\/\/diariotextual.com\/inicio\/index.php\/2026\/02\/19\/el-gobierno-provincial-activo-17-equipos-tecnicos-para-relevar-danos-en-escuelas-y-coordinar-reparaciones\/#breadcrumb"},"inLanguage":"es","potentialAction":[{"@type":"ReadAction","target":["https:\/\/diariotextual.com\/inicio\/index.php\/2026\/02\/19\/el-gobierno-provincial-activo-17-equipos-tecnicos-para-relevar-danos-en-escuelas-y-coordinar-reparaciones\/"]}]},{"@type":"ImageObject","inLanguage":"es","@id":"https:\/\/diariotextual.com\/inicio\/index.php\/2026\/02\/19\/el-gobierno-provincial-activo-17-equipos-tecnicos-para-relevar-danos-en-escuelas-y-coordinar-reparaciones\/#primaryimage","url":"https:\/\/diariotextual.com\/inicio\/wp-content\/uploads\/2026\/02\/tormentasantarosatemporaldestrozoscomitedecrisis2026-17.jpg","contentUrl":"https:\/\/diariotextual.com\/inicio\/wp-content\/uploads\/2026\/02\/tormentasantarosatemporaldestrozoscomitedecrisis2026-17.jpg","width":1300,"height":865},{"@type":"BreadcrumbList","@id":"https:\/\/diariotextual.com\/inicio\/index.php\/2026\/02\/19\/el-gobierno-provincial-activo-17-equipos-tecnicos-para-relevar-danos-en-escuelas-y-coordinar-reparaciones\/#breadcrumb","itemListElement":[{"@type":"ListItem","position":1,"name":"Portada","item":"https:\/\/diariotextual.com\/inicio\/"},{"@type":"ListItem","position":2,"name":"El Gobierno provincial activ\u00f3 17 equipos t\u00e9cnicos para relevar da\u00f1os en escuelas y coordinar reparaciones"}]},{"@type":"WebSite","@id":"https:\/\/diariotextual.com\/inicio\/#website","url":"https:\/\/diariotextual.com\/inicio\/","name":"Diario Textual","description":"","publisher":{"@id":"https:\/\/diariotextual.com\/inicio\/#organization"},"potentialAction":[{"@type":"SearchAction","target":{"@type":"EntryPoint","urlTemplate":"https:\/\/diariotextual.com\/inicio\/?s={search_term_string}"},"query-input":{"@type":"PropertyValueSpecification","valueRequired":true,"valueName":"search_term_string"}}],"inLanguage":"es"},{"@type":"Organization","@id":"https:\/\/diariotextual.com\/inicio\/#organization","name":"Diario Textual","url":"https:\/\/diariotextual.com\/inicio\/","logo":{"@type":"ImageObject","inLanguage":"es","@id":"https:\/\/diariotextual.com\/inicio\/#\/schema\/logo\/image\/","url":"https:\/\/diariotextual.com\/inicio\/wp-content\/uploads\/2023\/05\/logotextual1.jpg","contentUrl":"https:\/\/diariotextual.com\/inicio\/wp-content\/uploads\/2023\/05\/logotextual1.jpg","width":516,"height":76,"caption":"Diario Textual"},"image":{"@id":"https:\/\/diariotextual.com\/inicio\/#\/schema\/logo\/image\/"},"sameAs":["https:\/\/www.facebook.com\/eltextual","https:\/\/x.com\/eltextual","http:\/\/www.instagram.com\/eltextual"]},{"@type":"Person","@id":"https:\/\/diariotextual.com\/inicio\/#\/schema\/person\/418fc4093c33e86ed41562db3508f958","name":"Diario1 Diario1","image":{"@type":"ImageObject","inLanguage":"es","@id":"https:\/\/secure.gravatar.com\/avatar\/9167d280179c85bc18be67aa7eda765854300033af4896dd779b608640f2ef7a?s=96&d=mm&r=g","url":"https:\/\/secure.gravatar.com\/avatar\/9167d280179c85bc18be67aa7eda765854300033af4896dd779b608640f2ef7a?s=96&d=mm&r=g","contentUrl":"https:\/\/secure.gravatar.com\/avatar\/9167d280179c85bc18be67aa7eda765854300033af4896dd779b608640f2ef7a?s=96&d=mm&r=g","caption":"Diario1 Diario1"},"url":"https:\/\/diariotextual.com\/inicio\/index.php\/author\/diario1\/"}]}},"_links":{"self":[{"href":"https:\/\/diariotextual.com\/inicio\/index.php\/wp-json\/wp\/v2\/posts\/320063","targetHints":{"allow":["GET"]}}],"collection":[{"href":"https:\/\/diariotextual.com\/inicio\/index.php\/wp-json\/wp\/v2\/posts"}],"about":[{"href":"https:\/\/diariotextual.com\/inicio\/index.php\/wp-json\/wp\/v2\/types\/post"}],"author":[{"embeddable":true,"href":"https:\/\/diariotextual.com\/inicio\/index.php\/wp-json\/wp\/v2\/users\/3"}],"replies":[{"embeddable":true,"href":"https:\/\/diariotextual.com\/inicio\/index.php\/wp-json\/wp\/v2\/comments?post=320063"}],"version-history":[{"count":4,"href":"https:\/\/diariotextual.com\/inicio\/index.php\/wp-json\/wp\/v2\/posts\/320063\/revisions"}],"predecessor-version":[{"id":320068,"href":"https:\/\/diariotextual.com\/inicio\/index.php\/wp-json\/wp\/v2\/posts\/320063\/revisions\/320068"}],"wp:featuredmedia":[{"embeddable":true,"href":"https:\/\/diariotextual.com\/inicio\/index.php\/wp-json\/wp\/v2\/media\/320066"}],"wp:attachment":[{"href":"https:\/\/diariotextual.com\/inicio\/index.php\/wp-json\/wp\/v2\/media?parent=320063"}],"wp:term":[{"taxonomy":"category","embeddable":true,"href":"https:\/\/diariotextual.com\/inicio\/index.php\/wp-json\/wp\/v2\/categories?post=320063"},{"taxonomy":"post_tag","embeddable":true,"href":"https:\/\/diariotextual.com\/inicio\/index.php\/wp-json\/wp\/v2\/tags?post=320063"}],"curies":[{"name":"wp","href":"https:\/\/api.w.org\/{rel}","templated":true}]}}