{"id":320082,"date":"2026-02-19T11:57:33","date_gmt":"2026-02-19T14:57:33","guid":{"rendered":"https:\/\/diariotextual.com\/inicio\/?p=320082"},"modified":"2026-02-19T16:43:05","modified_gmt":"2026-02-19T19:43:05","slug":"el-intendente-di-napoli-describe-un-panorama-desolador-luego-de-los-destrozos-por-el-temporal","status":"publish","type":"post","link":"https:\/\/diariotextual.com\/inicio\/index.php\/2026\/02\/19\/el-intendente-di-napoli-describe-un-panorama-desolador-luego-de-los-destrozos-por-el-temporal\/","title":{"rendered":"El intendente Di N\u00e1poli describe un panorama \u201cdesolador\u201d luego de los destrozos por el temporal"},"content":{"rendered":"\n<p>El intendente <strong>Luciano di N\u00e1poli<\/strong> dijo este jueves que recorri\u00f3 diferentes puntos de la ciudad y que encontr\u00f3 un \u201cpanorama desolador\u201d, a ra\u00edz de los destrozos generados por el temporal de lluvia y viento. Hubo techos de casas que se volaron; decenas de \u00e1rboles, postes y columnas que se cayeron; y unos 100 veh\u00edculos rotos por la ca\u00edda de ramas, plantas y columnas.<\/p>\n\n\n\n<p>Desde la municipalidad se hab\u00eda informado que, a la madrugada, hab\u00edan asistido a 34 familias. Ya al mediod\u00eda de este jueves, la cifra hab\u00eda ascendido a 60.<\/p>\n\n\n\n<p>La ayuda incluye relevamientos, entrega de refuerzos alimentarios, subsidios y acompa\u00f1amiento personalizado seg\u00fan cada situaci\u00f3n.<\/p>\n\n\n\n<p>El fen\u00f3meno meteorol\u00f3gico se registr\u00f3 en Santa Rosa alrededor de las 16.45 de este mi\u00e9rcoles y, en pocos minutos, gener\u00f3 numerosos destrozos en distintos puntos de la ciudad. El frente de tormenta avanz\u00f3 con lluvias intensas, fuertes vientos con r\u00e1fagas de hasta 91 km\/h y, en algunos sectores, ca\u00edda de granizo.<\/p>\n\n\n\n<p><\/p>\n\n\n\n<div style=\"height:100px\" aria-hidden=\"true\" class=\"wp-block-spacer\"><\/div>\n\n\n\n<p><strong>Operarios de la CPE trabajan en toda la ciudad de Santa Rosa<\/strong><\/p>\n\n\n\n<p>La CPE inform\u00f3 que al mediod\u00eda de este jueves se registran cortes del servicio de energ\u00eda el\u00e9ctrica que estaban afectando partes de los barrios Villa Hualde, Villa del Busto, Aeropuerto, Villa Navarro Sarmiento, Villa Amalia, barrio Nuestra Se\u00f1ora de Luj\u00e1n, Villa Santill\u00e1n, barrio 26 de Septiembre, Inti Hue, varias \u00e1reas del centro de la ciudad de Santa Rosa, y zonas rurales como Barrancas Coloradas, Colonia Lagos y Villa Hilda.<\/p>\n\n\n\n<p>Operarios de la CPE siguen trabajando en la recuperaci\u00f3n del servicio pese al deterioro extendido de postes, columnas y redes de energ\u00eda de media y de baja tensi\u00f3n, producto del violento fen\u00f3meno meteorol\u00f3gico de ayer a la tarde.<\/p>\n\n\n\n<p>En tanto, el \u00e1rea de Telecomunicaciones CPE inform\u00f3 que se registran inconvenientes t\u00e9cnicos en las zonas de Villa Santill\u00e1n, Nuestra Se\u00f1ora de Luj\u00e1n, Fonavi 42, Barrio Sur, barrio 26 de Septiembre y Centro Empleados de Comercio.<\/p>\n\n\n\n<p>Cuadrillas de operarios est\u00e1n trabajando para recuperar los servicios a la mayor brevedad posible. Se inform\u00f3, adem\u00e1s, que se est\u00e1 priorizando la reposici\u00f3n de los servicios ca\u00eddos, por lo que se pospusieron las altas y cambios de tecnolog\u00eda previstos para estos d\u00edas.<\/p>\n\n\n\n<div style=\"height:100px\" aria-hidden=\"true\" class=\"wp-block-spacer\"><\/div>\n\n\n\n<p><strong>Comit\u00e9 para evaluar da\u00f1os en escuelas<\/strong><\/p>\n\n\n\n<p>El Gobierno de La Pampa, en l\u00ednea con el trabajo iniciado ayer,&nbsp; constituy\u00f3 este jueves a primera hora un comit\u00e9 de emergencia para atender las consecuencias de la tormenta que afect\u00f3 en las \u00faltimas horas a la ciudad de Santa Rosa y zonas aleda\u00f1as, y que provoc\u00f3 da\u00f1os en distintos establecimientos educativos. En ese&nbsp; marco, se conformaron 17 equipos de trabajo integrados por profesionales de distintas \u00e1reas del Gobierno que ya se encuentran recorriendo los edificios escolares para realizar un relevamiento detallado de la situaci\u00f3n de infraestructura. &nbsp;<\/p>\n\n\n\n<p>El comit\u00e9 es encabezado por la ministra de Educaci\u00f3n, Marcela Feuerschvenger, y est\u00e1 integrado por personal del Ministerio de Obras y Servicios P\u00fablicos; del Ministerio de Gobierno y Asuntos Municipales; Desarrollo Social y Derechos Humanos; la Secretar\u00eda General de la Gobernaci\u00f3n; la Administraci\u00f3n Provincial del Agua; Direcci\u00f3n Provincial de Vialidad; y el Instituto Provincial Aut\u00e1rquico de Viviendas (Ipav).<\/p>\n\n\n\n<p><\/p>\n","protected":false},"excerpt":{"rendered":"<p>El intendente Luciano di N\u00e1poli dijo este jueves que recorri\u00f3 diferentes puntos de la ciudad y que encontr\u00f3 un \u201cpanorama desolador\u201d, a ra\u00edz de los destrozos generados por el temporal&hellip;<\/p>\n","protected":false},"author":3,"featured_media":320083,"comment_status":"closed","ping_status":"open","sticky":false,"template":"","format":"standard","meta":{"_acf_changed":false,"footnotes":""},"categories":[1,12],"tags":[],"class_list":["post-320082","post","type-post","status-publish","format-standard","has-post-thumbnail","hentry","category-es-noticia","category-sociedad"],"acf":[],"yoast_head":"<!-- This site is optimized with the Yoast SEO plugin v27.5 - https:\/\/yoast.com\/product\/yoast-seo-wordpress\/ -->\n<title>El intendente Di N\u00e1poli describe un panorama \u201cdesolador\u201d luego de los destrozos por el temporal - Diario Textual<\/title>\n<meta name=\"robots\" content=\"index, follow, max-snippet:-1, max-image-preview:large, max-video-preview:-1\" \/>\n<link rel=\"canonical\" href=\"https:\/\/diariotextual.com\/inicio\/index.php\/2026\/02\/19\/el-intendente-di-napoli-describe-un-panorama-desolador-luego-de-los-destrozos-por-el-temporal\/\" \/>\n<meta property=\"og:locale\" content=\"es_ES\" \/>\n<meta property=\"og:type\" content=\"article\" \/>\n<meta property=\"og:title\" content=\"El intendente Di N\u00e1poli describe un panorama \u201cdesolador\u201d luego de los destrozos por el temporal - Diario Textual\" \/>\n<meta property=\"og:description\" content=\"El intendente Luciano di N\u00e1poli dijo este jueves que recorri\u00f3 diferentes puntos de la ciudad y que encontr\u00f3 un \u201cpanorama desolador\u201d, a ra\u00edz de los destrozos generados por el temporal&hellip;\" \/>\n<meta property=\"og:url\" content=\"https:\/\/diariotextual.com\/inicio\/index.php\/2026\/02\/19\/el-intendente-di-napoli-describe-un-panorama-desolador-luego-de-los-destrozos-por-el-temporal\/\" \/>\n<meta property=\"og:site_name\" content=\"Diario Textual\" \/>\n<meta property=\"article:publisher\" content=\"https:\/\/www.facebook.com\/eltextual\" \/>\n<meta property=\"article:published_time\" content=\"2026-02-19T14:57:33+00:00\" \/>\n<meta property=\"article:modified_time\" content=\"2026-02-19T19:43:05+00:00\" \/>\n<meta property=\"og:image\" content=\"https:\/\/diariotextual.com\/inicio\/wp-content\/uploads\/2026\/02\/dinapolilucianotemporalsantarosa2026-10.jpg\" \/>\n\t<meta property=\"og:image:width\" content=\"960\" \/>\n\t<meta property=\"og:image:height\" content=\"653\" \/>\n\t<meta property=\"og:image:type\" content=\"image\/jpeg\" \/>\n<meta name=\"author\" content=\"Diario1 Diario1\" \/>\n<meta name=\"twitter:card\" content=\"summary_large_image\" \/>\n<meta name=\"twitter:creator\" content=\"@eltextual\" \/>\n<meta name=\"twitter:site\" content=\"@eltextual\" \/>\n<meta name=\"twitter:label1\" content=\"Escrito por\" \/>\n\t<meta name=\"twitter:data1\" content=\"Diario1 Diario1\" \/>\n\t<meta name=\"twitter:label2\" content=\"Tiempo de lectura\" \/>\n\t<meta name=\"twitter:data2\" content=\"3 minutos\" \/>\n<script type=\"application\/ld+json\" class=\"yoast-schema-graph\">{\"@context\":\"https:\\\/\\\/schema.org\",\"@graph\":[{\"@type\":\"Article\",\"@id\":\"https:\\\/\\\/diariotextual.com\\\/inicio\\\/index.php\\\/2026\\\/02\\\/19\\\/el-intendente-di-napoli-describe-un-panorama-desolador-luego-de-los-destrozos-por-el-temporal\\\/#article\",\"isPartOf\":{\"@id\":\"https:\\\/\\\/diariotextual.com\\\/inicio\\\/index.php\\\/2026\\\/02\\\/19\\\/el-intendente-di-napoli-describe-un-panorama-desolador-luego-de-los-destrozos-por-el-temporal\\\/\"},\"author\":{\"name\":\"Diario1 Diario1\",\"@id\":\"https:\\\/\\\/diariotextual.com\\\/inicio\\\/#\\\/schema\\\/person\\\/418fc4093c33e86ed41562db3508f958\"},\"headline\":\"El intendente Di N\u00e1poli describe un panorama \u201cdesolador\u201d luego de los destrozos por el temporal\",\"datePublished\":\"2026-02-19T14:57:33+00:00\",\"dateModified\":\"2026-02-19T19:43:05+00:00\",\"mainEntityOfPage\":{\"@id\":\"https:\\\/\\\/diariotextual.com\\\/inicio\\\/index.php\\\/2026\\\/02\\\/19\\\/el-intendente-di-napoli-describe-un-panorama-desolador-luego-de-los-destrozos-por-el-temporal\\\/\"},\"wordCount\":564,\"publisher\":{\"@id\":\"https:\\\/\\\/diariotextual.com\\\/inicio\\\/#organization\"},\"image\":{\"@id\":\"https:\\\/\\\/diariotextual.com\\\/inicio\\\/index.php\\\/2026\\\/02\\\/19\\\/el-intendente-di-napoli-describe-un-panorama-desolador-luego-de-los-destrozos-por-el-temporal\\\/#primaryimage\"},\"thumbnailUrl\":\"https:\\\/\\\/diariotextual.com\\\/inicio\\\/wp-content\\\/uploads\\\/2026\\\/02\\\/dinapolilucianotemporalsantarosa2026-10.jpg\",\"articleSection\":[\"A - ES NOTICIA (van abajo)\",\"SOCIEDAD\"],\"inLanguage\":\"es\"},{\"@type\":\"WebPage\",\"@id\":\"https:\\\/\\\/diariotextual.com\\\/inicio\\\/index.php\\\/2026\\\/02\\\/19\\\/el-intendente-di-napoli-describe-un-panorama-desolador-luego-de-los-destrozos-por-el-temporal\\\/\",\"url\":\"https:\\\/\\\/diariotextual.com\\\/inicio\\\/index.php\\\/2026\\\/02\\\/19\\\/el-intendente-di-napoli-describe-un-panorama-desolador-luego-de-los-destrozos-por-el-temporal\\\/\",\"name\":\"El intendente Di N\u00e1poli describe un panorama \u201cdesolador\u201d luego de los destrozos por el temporal - Diario Textual\",\"isPartOf\":{\"@id\":\"https:\\\/\\\/diariotextual.com\\\/inicio\\\/#website\"},\"primaryImageOfPage\":{\"@id\":\"https:\\\/\\\/diariotextual.com\\\/inicio\\\/index.php\\\/2026\\\/02\\\/19\\\/el-intendente-di-napoli-describe-un-panorama-desolador-luego-de-los-destrozos-por-el-temporal\\\/#primaryimage\"},\"image\":{\"@id\":\"https:\\\/\\\/diariotextual.com\\\/inicio\\\/index.php\\\/2026\\\/02\\\/19\\\/el-intendente-di-napoli-describe-un-panorama-desolador-luego-de-los-destrozos-por-el-temporal\\\/#primaryimage\"},\"thumbnailUrl\":\"https:\\\/\\\/diariotextual.com\\\/inicio\\\/wp-content\\\/uploads\\\/2026\\\/02\\\/dinapolilucianotemporalsantarosa2026-10.jpg\",\"datePublished\":\"2026-02-19T14:57:33+00:00\",\"dateModified\":\"2026-02-19T19:43:05+00:00\",\"breadcrumb\":{\"@id\":\"https:\\\/\\\/diariotextual.com\\\/inicio\\\/index.php\\\/2026\\\/02\\\/19\\\/el-intendente-di-napoli-describe-un-panorama-desolador-luego-de-los-destrozos-por-el-temporal\\\/#breadcrumb\"},\"inLanguage\":\"es\",\"potentialAction\":[{\"@type\":\"ReadAction\",\"target\":[\"https:\\\/\\\/diariotextual.com\\\/inicio\\\/index.php\\\/2026\\\/02\\\/19\\\/el-intendente-di-napoli-describe-un-panorama-desolador-luego-de-los-destrozos-por-el-temporal\\\/\"]}]},{\"@type\":\"ImageObject\",\"inLanguage\":\"es\",\"@id\":\"https:\\\/\\\/diariotextual.com\\\/inicio\\\/index.php\\\/2026\\\/02\\\/19\\\/el-intendente-di-napoli-describe-un-panorama-desolador-luego-de-los-destrozos-por-el-temporal\\\/#primaryimage\",\"url\":\"https:\\\/\\\/diariotextual.com\\\/inicio\\\/wp-content\\\/uploads\\\/2026\\\/02\\\/dinapolilucianotemporalsantarosa2026-10.jpg\",\"contentUrl\":\"https:\\\/\\\/diariotextual.com\\\/inicio\\\/wp-content\\\/uploads\\\/2026\\\/02\\\/dinapolilucianotemporalsantarosa2026-10.jpg\",\"width\":960,\"height\":653},{\"@type\":\"BreadcrumbList\",\"@id\":\"https:\\\/\\\/diariotextual.com\\\/inicio\\\/index.php\\\/2026\\\/02\\\/19\\\/el-intendente-di-napoli-describe-un-panorama-desolador-luego-de-los-destrozos-por-el-temporal\\\/#breadcrumb\",\"itemListElement\":[{\"@type\":\"ListItem\",\"position\":1,\"name\":\"Portada\",\"item\":\"https:\\\/\\\/diariotextual.com\\\/inicio\\\/\"},{\"@type\":\"ListItem\",\"position\":2,\"name\":\"El intendente Di N\u00e1poli describe un panorama \u201cdesolador\u201d luego de los destrozos por el temporal\"}]},{\"@type\":\"WebSite\",\"@id\":\"https:\\\/\\\/diariotextual.com\\\/inicio\\\/#website\",\"url\":\"https:\\\/\\\/diariotextual.com\\\/inicio\\\/\",\"name\":\"Diario Textual\",\"description\":\"\",\"publisher\":{\"@id\":\"https:\\\/\\\/diariotextual.com\\\/inicio\\\/#organization\"},\"potentialAction\":[{\"@type\":\"SearchAction\",\"target\":{\"@type\":\"EntryPoint\",\"urlTemplate\":\"https:\\\/\\\/diariotextual.com\\\/inicio\\\/?s={search_term_string}\"},\"query-input\":{\"@type\":\"PropertyValueSpecification\",\"valueRequired\":true,\"valueName\":\"search_term_string\"}}],\"inLanguage\":\"es\"},{\"@type\":\"Organization\",\"@id\":\"https:\\\/\\\/diariotextual.com\\\/inicio\\\/#organization\",\"name\":\"Diario Textual\",\"url\":\"https:\\\/\\\/diariotextual.com\\\/inicio\\\/\",\"logo\":{\"@type\":\"ImageObject\",\"inLanguage\":\"es\",\"@id\":\"https:\\\/\\\/diariotextual.com\\\/inicio\\\/#\\\/schema\\\/logo\\\/image\\\/\",\"url\":\"https:\\\/\\\/diariotextual.com\\\/inicio\\\/wp-content\\\/uploads\\\/2023\\\/05\\\/logotextual1.jpg\",\"contentUrl\":\"https:\\\/\\\/diariotextual.com\\\/inicio\\\/wp-content\\\/uploads\\\/2023\\\/05\\\/logotextual1.jpg\",\"width\":516,\"height\":76,\"caption\":\"Diario Textual\"},\"image\":{\"@id\":\"https:\\\/\\\/diariotextual.com\\\/inicio\\\/#\\\/schema\\\/logo\\\/image\\\/\"},\"sameAs\":[\"https:\\\/\\\/www.facebook.com\\\/eltextual\",\"https:\\\/\\\/x.com\\\/eltextual\",\"http:\\\/\\\/www.instagram.com\\\/eltextual\"]},{\"@type\":\"Person\",\"@id\":\"https:\\\/\\\/diariotextual.com\\\/inicio\\\/#\\\/schema\\\/person\\\/418fc4093c33e86ed41562db3508f958\",\"name\":\"Diario1 Diario1\",\"image\":{\"@type\":\"ImageObject\",\"inLanguage\":\"es\",\"@id\":\"https:\\\/\\\/secure.gravatar.com\\\/avatar\\\/9167d280179c85bc18be67aa7eda765854300033af4896dd779b608640f2ef7a?s=96&d=mm&r=g\",\"url\":\"https:\\\/\\\/secure.gravatar.com\\\/avatar\\\/9167d280179c85bc18be67aa7eda765854300033af4896dd779b608640f2ef7a?s=96&d=mm&r=g\",\"contentUrl\":\"https:\\\/\\\/secure.gravatar.com\\\/avatar\\\/9167d280179c85bc18be67aa7eda765854300033af4896dd779b608640f2ef7a?s=96&d=mm&r=g\",\"caption\":\"Diario1 Diario1\"},\"url\":\"https:\\\/\\\/diariotextual.com\\\/inicio\\\/index.php\\\/author\\\/diario1\\\/\"}]}<\/script>\n<!-- \/ Yoast SEO plugin. -->","yoast_head_json":{"title":"El intendente Di N\u00e1poli describe un panorama \u201cdesolador\u201d luego de los destrozos por el temporal - Diario Textual","robots":{"index":"index","follow":"follow","max-snippet":"max-snippet:-1","max-image-preview":"max-image-preview:large","max-video-preview":"max-video-preview:-1"},"canonical":"https:\/\/diariotextual.com\/inicio\/index.php\/2026\/02\/19\/el-intendente-di-napoli-describe-un-panorama-desolador-luego-de-los-destrozos-por-el-temporal\/","og_locale":"es_ES","og_type":"article","og_title":"El intendente Di N\u00e1poli describe un panorama \u201cdesolador\u201d luego de los destrozos por el temporal - Diario Textual","og_description":"El intendente Luciano di N\u00e1poli dijo este jueves que recorri\u00f3 diferentes puntos de la ciudad y que encontr\u00f3 un \u201cpanorama desolador\u201d, a ra\u00edz de los destrozos generados por el temporal&hellip;","og_url":"https:\/\/diariotextual.com\/inicio\/index.php\/2026\/02\/19\/el-intendente-di-napoli-describe-un-panorama-desolador-luego-de-los-destrozos-por-el-temporal\/","og_site_name":"Diario Textual","article_publisher":"https:\/\/www.facebook.com\/eltextual","article_published_time":"2026-02-19T14:57:33+00:00","article_modified_time":"2026-02-19T19:43:05+00:00","og_image":[{"width":960,"height":653,"url":"https:\/\/diariotextual.com\/inicio\/wp-content\/uploads\/2026\/02\/dinapolilucianotemporalsantarosa2026-10.jpg","type":"image\/jpeg"}],"author":"Diario1 Diario1","twitter_card":"summary_large_image","twitter_creator":"@eltextual","twitter_site":"@eltextual","twitter_misc":{"Escrito por":"Diario1 Diario1","Tiempo de lectura":"3 minutos"},"schema":{"@context":"https:\/\/schema.org","@graph":[{"@type":"Article","@id":"https:\/\/diariotextual.com\/inicio\/index.php\/2026\/02\/19\/el-intendente-di-napoli-describe-un-panorama-desolador-luego-de-los-destrozos-por-el-temporal\/#article","isPartOf":{"@id":"https:\/\/diariotextual.com\/inicio\/index.php\/2026\/02\/19\/el-intendente-di-napoli-describe-un-panorama-desolador-luego-de-los-destrozos-por-el-temporal\/"},"author":{"name":"Diario1 Diario1","@id":"https:\/\/diariotextual.com\/inicio\/#\/schema\/person\/418fc4093c33e86ed41562db3508f958"},"headline":"El intendente Di N\u00e1poli describe un panorama \u201cdesolador\u201d luego de los destrozos por el temporal","datePublished":"2026-02-19T14:57:33+00:00","dateModified":"2026-02-19T19:43:05+00:00","mainEntityOfPage":{"@id":"https:\/\/diariotextual.com\/inicio\/index.php\/2026\/02\/19\/el-intendente-di-napoli-describe-un-panorama-desolador-luego-de-los-destrozos-por-el-temporal\/"},"wordCount":564,"publisher":{"@id":"https:\/\/diariotextual.com\/inicio\/#organization"},"image":{"@id":"https:\/\/diariotextual.com\/inicio\/index.php\/2026\/02\/19\/el-intendente-di-napoli-describe-un-panorama-desolador-luego-de-los-destrozos-por-el-temporal\/#primaryimage"},"thumbnailUrl":"https:\/\/diariotextual.com\/inicio\/wp-content\/uploads\/2026\/02\/dinapolilucianotemporalsantarosa2026-10.jpg","articleSection":["A - ES NOTICIA (van abajo)","SOCIEDAD"],"inLanguage":"es"},{"@type":"WebPage","@id":"https:\/\/diariotextual.com\/inicio\/index.php\/2026\/02\/19\/el-intendente-di-napoli-describe-un-panorama-desolador-luego-de-los-destrozos-por-el-temporal\/","url":"https:\/\/diariotextual.com\/inicio\/index.php\/2026\/02\/19\/el-intendente-di-napoli-describe-un-panorama-desolador-luego-de-los-destrozos-por-el-temporal\/","name":"El intendente Di N\u00e1poli describe un panorama \u201cdesolador\u201d luego de los destrozos por el temporal - Diario Textual","isPartOf":{"@id":"https:\/\/diariotextual.com\/inicio\/#website"},"primaryImageOfPage":{"@id":"https:\/\/diariotextual.com\/inicio\/index.php\/2026\/02\/19\/el-intendente-di-napoli-describe-un-panorama-desolador-luego-de-los-destrozos-por-el-temporal\/#primaryimage"},"image":{"@id":"https:\/\/diariotextual.com\/inicio\/index.php\/2026\/02\/19\/el-intendente-di-napoli-describe-un-panorama-desolador-luego-de-los-destrozos-por-el-temporal\/#primaryimage"},"thumbnailUrl":"https:\/\/diariotextual.com\/inicio\/wp-content\/uploads\/2026\/02\/dinapolilucianotemporalsantarosa2026-10.jpg","datePublished":"2026-02-19T14:57:33+00:00","dateModified":"2026-02-19T19:43:05+00:00","breadcrumb":{"@id":"https:\/\/diariotextual.com\/inicio\/index.php\/2026\/02\/19\/el-intendente-di-napoli-describe-un-panorama-desolador-luego-de-los-destrozos-por-el-temporal\/#breadcrumb"},"inLanguage":"es","potentialAction":[{"@type":"ReadAction","target":["https:\/\/diariotextual.com\/inicio\/index.php\/2026\/02\/19\/el-intendente-di-napoli-describe-un-panorama-desolador-luego-de-los-destrozos-por-el-temporal\/"]}]},{"@type":"ImageObject","inLanguage":"es","@id":"https:\/\/diariotextual.com\/inicio\/index.php\/2026\/02\/19\/el-intendente-di-napoli-describe-un-panorama-desolador-luego-de-los-destrozos-por-el-temporal\/#primaryimage","url":"https:\/\/diariotextual.com\/inicio\/wp-content\/uploads\/2026\/02\/dinapolilucianotemporalsantarosa2026-10.jpg","contentUrl":"https:\/\/diariotextual.com\/inicio\/wp-content\/uploads\/2026\/02\/dinapolilucianotemporalsantarosa2026-10.jpg","width":960,"height":653},{"@type":"BreadcrumbList","@id":"https:\/\/diariotextual.com\/inicio\/index.php\/2026\/02\/19\/el-intendente-di-napoli-describe-un-panorama-desolador-luego-de-los-destrozos-por-el-temporal\/#breadcrumb","itemListElement":[{"@type":"ListItem","position":1,"name":"Portada","item":"https:\/\/diariotextual.com\/inicio\/"},{"@type":"ListItem","position":2,"name":"El intendente Di N\u00e1poli describe un panorama \u201cdesolador\u201d luego de los destrozos por el temporal"}]},{"@type":"WebSite","@id":"https:\/\/diariotextual.com\/inicio\/#website","url":"https:\/\/diariotextual.com\/inicio\/","name":"Diario Textual","description":"","publisher":{"@id":"https:\/\/diariotextual.com\/inicio\/#organization"},"potentialAction":[{"@type":"SearchAction","target":{"@type":"EntryPoint","urlTemplate":"https:\/\/diariotextual.com\/inicio\/?s={search_term_string}"},"query-input":{"@type":"PropertyValueSpecification","valueRequired":true,"valueName":"search_term_string"}}],"inLanguage":"es"},{"@type":"Organization","@id":"https:\/\/diariotextual.com\/inicio\/#organization","name":"Diario Textual","url":"https:\/\/diariotextual.com\/inicio\/","logo":{"@type":"ImageObject","inLanguage":"es","@id":"https:\/\/diariotextual.com\/inicio\/#\/schema\/logo\/image\/","url":"https:\/\/diariotextual.com\/inicio\/wp-content\/uploads\/2023\/05\/logotextual1.jpg","contentUrl":"https:\/\/diariotextual.com\/inicio\/wp-content\/uploads\/2023\/05\/logotextual1.jpg","width":516,"height":76,"caption":"Diario Textual"},"image":{"@id":"https:\/\/diariotextual.com\/inicio\/#\/schema\/logo\/image\/"},"sameAs":["https:\/\/www.facebook.com\/eltextual","https:\/\/x.com\/eltextual","http:\/\/www.instagram.com\/eltextual"]},{"@type":"Person","@id":"https:\/\/diariotextual.com\/inicio\/#\/schema\/person\/418fc4093c33e86ed41562db3508f958","name":"Diario1 Diario1","image":{"@type":"ImageObject","inLanguage":"es","@id":"https:\/\/secure.gravatar.com\/avatar\/9167d280179c85bc18be67aa7eda765854300033af4896dd779b608640f2ef7a?s=96&d=mm&r=g","url":"https:\/\/secure.gravatar.com\/avatar\/9167d280179c85bc18be67aa7eda765854300033af4896dd779b608640f2ef7a?s=96&d=mm&r=g","contentUrl":"https:\/\/secure.gravatar.com\/avatar\/9167d280179c85bc18be67aa7eda765854300033af4896dd779b608640f2ef7a?s=96&d=mm&r=g","caption":"Diario1 Diario1"},"url":"https:\/\/diariotextual.com\/inicio\/index.php\/author\/diario1\/"}]}},"_links":{"self":[{"href":"https:\/\/diariotextual.com\/inicio\/index.php\/wp-json\/wp\/v2\/posts\/320082","targetHints":{"allow":["GET"]}}],"collection":[{"href":"https:\/\/diariotextual.com\/inicio\/index.php\/wp-json\/wp\/v2\/posts"}],"about":[{"href":"https:\/\/diariotextual.com\/inicio\/index.php\/wp-json\/wp\/v2\/types\/post"}],"author":[{"embeddable":true,"href":"https:\/\/diariotextual.com\/inicio\/index.php\/wp-json\/wp\/v2\/users\/3"}],"replies":[{"embeddable":true,"href":"https:\/\/diariotextual.com\/inicio\/index.php\/wp-json\/wp\/v2\/comments?post=320082"}],"version-history":[{"count":4,"href":"https:\/\/diariotextual.com\/inicio\/index.php\/wp-json\/wp\/v2\/posts\/320082\/revisions"}],"predecessor-version":[{"id":320087,"href":"https:\/\/diariotextual.com\/inicio\/index.php\/wp-json\/wp\/v2\/posts\/320082\/revisions\/320087"}],"wp:featuredmedia":[{"embeddable":true,"href":"https:\/\/diariotextual.com\/inicio\/index.php\/wp-json\/wp\/v2\/media\/320083"}],"wp:attachment":[{"href":"https:\/\/diariotextual.com\/inicio\/index.php\/wp-json\/wp\/v2\/media?parent=320082"}],"wp:term":[{"taxonomy":"category","embeddable":true,"href":"https:\/\/diariotextual.com\/inicio\/index.php\/wp-json\/wp\/v2\/categories?post=320082"},{"taxonomy":"post_tag","embeddable":true,"href":"https:\/\/diariotextual.com\/inicio\/index.php\/wp-json\/wp\/v2\/tags?post=320082"}],"curies":[{"name":"wp","href":"https:\/\/api.w.org\/{rel}","templated":true}]}}