{"id":320102,"date":"2026-02-19T16:22:38","date_gmt":"2026-02-19T19:22:38","guid":{"rendered":"https:\/\/diariotextual.com\/inicio\/?p=320102"},"modified":"2026-02-20T10:34:39","modified_gmt":"2026-02-20T13:34:39","slug":"primer-relevamiento-luego-de-la-tormenta-71-escuelas-inspeccionadas-y-cinco-con-danos-mayores","status":"publish","type":"post","link":"https:\/\/diariotextual.com\/inicio\/index.php\/2026\/02\/19\/primer-relevamiento-luego-de-la-tormenta-71-escuelas-inspeccionadas-y-cinco-con-danos-mayores\/","title":{"rendered":"Primer relevamiento luego de la tormenta: 71 escuelas inspeccionadas y cinco con da\u00f1os mayores"},"content":{"rendered":"\n<p><strong>El Gobierno de La Pampa inform\u00f3 que, al mediod\u00eda de este jueves, los equipos t\u00e9cnicos conformados para atender la emergencia clim\u00e1tica relevaron 71 de los 112 establecimientos educativos de la ciudad de Santa Rosa, con el objetivo de evaluar los da\u00f1os ocasionados por la tormenta y comenzar con las reparaciones necesarias. &nbsp;<\/strong><\/p>\n\n\n\n<p>De acuerdo al primer informe, la mayor\u00eda de los edificios presentan \u00e1rboles y ramas ca\u00eddas y da\u00f1os menores en su infraestructura. No obstante, <strong>se detectaron cinco establecimientos que sufrieron afectaciones mayores y requerir\u00e1n intervenciones espec\u00edficas.<\/strong><\/p>\n\n\n\n<p><br>El Gobierno Provincial ya dispuso de equipos de limpieza que realizan tareas en los predios y, paralelamente, en la contrataci\u00f3n de empresas constructoras que llevar\u00e1n adelante las reparaciones edilicias correspondientes, entre ellas arreglos de techos, mamposter\u00eda y aberturas.<\/p>\n\n\n\n<p><br>La planificaci\u00f3n contempla llegar con la totalidad de los trabajos finalizados para el pr\u00f3ximo 2 de marzo, fecha prevista para el inicio del ciclo lectivo. En aquellos casos donde los da\u00f1os requieran m\u00e1s tiempo de intervenci\u00f3n, se evaluar\u00e1n alternativas que garanticen que estudiantes, docentes y equipos t\u00e9cnicos puedan comenzar las clases en condiciones adecuadas de seguridad e higiene.<\/p>\n\n\n\n<p><br>Desde el Ejecutivo provincial se destac\u00f3 que el operativo continuar\u00e1 durante las pr\u00f3ximas horas hasta completar el relevamiento de la totalidad de los establecimientos educativos de la ciudad, priorizando la r\u00e1pida normalizaci\u00f3n del servicio educativo y la protecci\u00f3n de la comunidad escolar.<\/p>\n\n\n\n<div style=\"height:100px\" aria-hidden=\"true\" class=\"wp-block-spacer\"><\/div>\n\n\n\n<p><strong>El trabajo comunal<\/strong><\/p>\n\n\n\n<p>La <strong>Municipalidad de Santa Rosa<\/strong> inform\u00f3 que, a un d\u00eda del temporal de lluvia y viento que provoc\u00f3 destrozos en toda la ciudad, <strong>ya fueron asistidas casi 100 familias<\/strong> y se registraron <strong>unos 500 \u00e1rboles destruidos o gravemente afectados<\/strong>.<\/p>\n\n\n\n<p>El municipio comunic\u00f3, adem\u00e1s, que contin\u00faa trabajando de manera articulada desde el <strong>Centro de Gesti\u00f3n de Emergencias<\/strong> junto a <strong>Defensa Civil de la Provincia<\/strong>, <strong>Polic\u00eda<\/strong>, <strong>Ej\u00e9rcito<\/strong>, <strong>Bomberos Voluntarios<\/strong>, municipios vecinos y la <strong>Cooperativa Popular de Electricidad (CPE)<\/strong>. Todas las \u00e1reas municipales est\u00e1n abocadas a las tareas que se desarrollan en distintos puntos de la ciudad. Hay <strong>m\u00e1s de 20 cuadrillas<\/strong> desplegadas en el territorio.<\/p>\n\n\n\n<p>Uno de los sectores m\u00e1s afectados es la <strong>calle Pasteur<\/strong>, donde se contabilizan <strong>al menos 15 columnas de concreto arrancadas de cuajo<\/strong>. Las tareas de recambio demandar\u00e1n <strong>al menos un d\u00eda m\u00e1s<\/strong>. Esta situaci\u00f3n impacta en el <strong>corte de electricidad en Villa Santill\u00e1n y otros barrios<\/strong>, adem\u00e1s de afectar el servicio de telecomunicaciones en gran parte de la ciudad.<\/p>\n\n\n\n<figure class=\"wp-block-image size-large\"><img fetchpriority=\"high\" decoding=\"async\" width=\"1024\" height=\"576\" src=\"https:\/\/diariotextual.com\/inicio\/wp-content\/uploads\/2026\/02\/tormentasantarosatemporaldestrozostormenta18febrero2026-101-1-1024x576.jpg\" alt=\"\" class=\"wp-image-320093\" srcset=\"https:\/\/diariotextual.com\/inicio\/wp-content\/uploads\/2026\/02\/tormentasantarosatemporaldestrozostormenta18febrero2026-101-1-1024x576.jpg 1024w, https:\/\/diariotextual.com\/inicio\/wp-content\/uploads\/2026\/02\/tormentasantarosatemporaldestrozostormenta18febrero2026-101-1-300x169.jpg 300w, https:\/\/diariotextual.com\/inicio\/wp-content\/uploads\/2026\/02\/tormentasantarosatemporaldestrozostormenta18febrero2026-101-1-768x432.jpg 768w, https:\/\/diariotextual.com\/inicio\/wp-content\/uploads\/2026\/02\/tormentasantarosatemporaldestrozostormenta18febrero2026-101-1-1170x658.jpg 1170w, https:\/\/diariotextual.com\/inicio\/wp-content\/uploads\/2026\/02\/tormentasantarosatemporaldestrozostormenta18febrero2026-101-1-585x329.jpg 585w, https:\/\/diariotextual.com\/inicio\/wp-content\/uploads\/2026\/02\/tormentasantarosatemporaldestrozostormenta18febrero2026-101-1.jpg 1200w\" sizes=\"(max-width: 1024px) 100vw, 1024px\" \/><\/figure>\n\n\n\n<p>El fen\u00f3meno meteorol\u00f3gico se registr\u00f3 alrededor de las <strong>16.45 del mi\u00e9rcoles<\/strong> y, en pocos minutos, gener\u00f3 numerosos destrozos. El frente de tormenta avanz\u00f3 con <strong>lluvias intensas<\/strong>, <strong>fuertes vientos con r\u00e1fagas de hasta 91 km\/h<\/strong> y, en algunos sectores, <strong>ca\u00edda de granizo<\/strong>. Entre las consecuencias se reportaron <strong>calles anegadas<\/strong>, <strong>\u00e1rboles ca\u00eddos sobre viviendas y autom\u00f3viles<\/strong>, <strong>voladuras de techos<\/strong> y <strong>paredones derribados<\/strong>.<\/p>\n\n\n\n<div style=\"height:100px\" aria-hidden=\"true\" class=\"wp-block-spacer\"><\/div>\n\n\n\n<p><strong>Asistencia a familias afectadas<\/strong><\/p>\n\n\n\n<p>El \u00e1rea de <strong>Desarrollo Social<\/strong> abord\u00f3 hasta el momento <strong>90 situaciones<\/strong>, con acompa\u00f1amiento directo a las familias afectadas por el temporal. Se entregaron <strong>alimentos, camas, colchones y frazadas<\/strong>, y se realiza el <strong>registro de da\u00f1os en las viviendas<\/strong>.<\/p>\n\n\n\n<p>Los <strong>13 Centros de Gesti\u00f3n Territorial<\/strong> permanecen en funcionamiento y receptan demandas de vecinos con inconvenientes habitacionales vinculados al temporal. De manera simult\u00e1nea, equipos de trabajadores sociales contin\u00faan en territorio realizando entrevistas domiciliarias y tareas de acompa\u00f1amiento y contenci\u00f3n.<\/p>\n\n\n\n<div style=\"height:100px\" aria-hidden=\"true\" class=\"wp-block-spacer\"><\/div>\n\n\n\n<p><strong>M\u00e1s de 500 \u00e1rboles afectados<\/strong><\/p>\n\n\n\n<p>Como consecuencia de los fuertes vientos y lluvias, <strong>m\u00e1s de 500 \u00e1rboles<\/strong> resultaron afectados en toda la ciudad. Los equipos municipales contin\u00faan con el <strong>despeje de la v\u00eda p\u00fablica<\/strong> y la <strong>remoci\u00f3n del arbolado ca\u00eddo<\/strong>.<\/p>\n\n\n\n<div style=\"height:100px\" aria-hidden=\"true\" class=\"wp-block-spacer\"><\/div>\n\n\n\n<p><strong>Principales arterias liberadas<\/strong><\/p>\n\n\n\n<p>Se liberaron de postes y plantas las principales arterias de la ciudad. En los puntos considerados cr\u00edticos permanece personal de tr\u00e1nsito municipal de manera preventiva.<\/p>\n\n\n\n<p>Hay inspectores en los puntos neur\u00e1lgicos de la capital, con mayor presencia en las arterias m\u00e1s transitadas como <strong>avenida Luro, Argentino Valle, avenida Per\u00f3n, Edison, Ant\u00e1rtida Argentina y San Mart\u00edn<\/strong>, entre otras.<\/p>\n\n\n\n<p>Se solicit\u00f3 a la ciudadan\u00eda <strong>circular con precauci\u00f3n<\/strong> y respetar todas las indicaciones del personal de tr\u00e1nsito municipal.<\/p>\n\n\n\n<div style=\"height:100px\" aria-hidden=\"true\" class=\"wp-block-spacer\"><\/div>\n\n\n\n<p><strong>Reparaci\u00f3n de sem\u00e1foros<\/strong><\/p>\n\n\n\n<p>Se contin\u00faa con la reparaci\u00f3n de los sem\u00e1foros que resultaron afectados. Los ubicados en <strong>avenida Circunvalaci\u00f3n<\/strong> que hab\u00edan sufrido desperfectos ya se encuentran nuevamente activos.<\/p>\n\n\n\n<div style=\"height:100px\" aria-hidden=\"true\" class=\"wp-block-spacer\"><\/div>\n\n\n\n<p><strong>Servicios que se restablecen<\/strong><\/p>\n\n\n\n<ul class=\"wp-block-list\">\n<li><strong>Recolecci\u00f3n de residuos:<\/strong> a partir de las <strong>21.30 del jueves<\/strong> se restablece el servicio en la ciudad con recorridos habituales.<\/li>\n\n\n\n<li><strong>Transporte p\u00fablico:<\/strong> el servicio del <strong>EMTU<\/strong> se restablecer\u00e1 este viernes desde las <strong>5.10<\/strong>, con recorridos y frecuencias habituales en todas sus l\u00edneas.<\/li>\n<\/ul>\n\n\n\n<div style=\"height:100px\" aria-hidden=\"true\" class=\"wp-block-spacer\"><\/div>\n\n\n\n<p><strong>Sistema de drenaje operativo<\/strong><\/p>\n\n\n\n<p>El sistema de <strong>drenajes, cuencos y bombas<\/strong> funcion\u00f3 correctamente durante todo el temporal y permiti\u00f3 el escurrimiento normal del agua acumulada.<\/p>\n\n\n\n<div style=\"height:100px\" aria-hidden=\"true\" class=\"wp-block-spacer\"><\/div>\n\n\n\n<p><strong>L\u00ednea de emergencias 147<\/strong><\/p>\n\n\n\n<p>La l\u00ednea <strong>147<\/strong> permanece operativa. El personal municipal atiende los reclamos y deriva las solicitudes a las \u00e1reas correspondientes.<\/p>\n\n\n\n<p><\/p>\n","protected":false},"excerpt":{"rendered":"<p>El Gobierno de La Pampa inform\u00f3 que, al mediod\u00eda de este jueves, los equipos t\u00e9cnicos conformados para atender la emergencia clim\u00e1tica relevaron 71 de los 112 establecimientos educativos de la&hellip;<\/p>\n","protected":false},"author":3,"featured_media":320100,"comment_status":"closed","ping_status":"open","sticky":false,"template":"","format":"standard","meta":{"_acf_changed":false,"footnotes":""},"categories":[1,11,12],"tags":[],"class_list":["post-320102","post","type-post","status-publish","format-standard","has-post-thumbnail","hentry","category-es-noticia","category-que-pasa","category-sociedad"],"acf":[],"yoast_head":"<!-- This site is optimized with the Yoast SEO plugin v27.5 - https:\/\/yoast.com\/product\/yoast-seo-wordpress\/ -->\n<title>Primer relevamiento luego de la tormenta: 71 escuelas inspeccionadas y cinco con da\u00f1os mayores - Diario Textual<\/title>\n<meta name=\"robots\" content=\"index, follow, max-snippet:-1, max-image-preview:large, max-video-preview:-1\" \/>\n<link rel=\"canonical\" href=\"https:\/\/diariotextual.com\/inicio\/index.php\/2026\/02\/19\/primer-relevamiento-luego-de-la-tormenta-71-escuelas-inspeccionadas-y-cinco-con-danos-mayores\/\" \/>\n<meta property=\"og:locale\" content=\"es_ES\" \/>\n<meta property=\"og:type\" content=\"article\" \/>\n<meta property=\"og:title\" content=\"Primer relevamiento luego de la tormenta: 71 escuelas inspeccionadas y cinco con da\u00f1os mayores - Diario Textual\" \/>\n<meta property=\"og:description\" content=\"El Gobierno de La Pampa inform\u00f3 que, al mediod\u00eda de este jueves, los equipos t\u00e9cnicos conformados para atender la emergencia clim\u00e1tica relevaron 71 de los 112 establecimientos educativos de la&hellip;\" \/>\n<meta property=\"og:url\" content=\"https:\/\/diariotextual.com\/inicio\/index.php\/2026\/02\/19\/primer-relevamiento-luego-de-la-tormenta-71-escuelas-inspeccionadas-y-cinco-con-danos-mayores\/\" \/>\n<meta property=\"og:site_name\" content=\"Diario Textual\" \/>\n<meta property=\"article:publisher\" content=\"https:\/\/www.facebook.com\/eltextual\" \/>\n<meta property=\"article:published_time\" content=\"2026-02-19T19:22:38+00:00\" \/>\n<meta property=\"article:modified_time\" content=\"2026-02-20T13:34:39+00:00\" \/>\n<meta property=\"og:image\" content=\"https:\/\/diariotextual.com\/inicio\/wp-content\/uploads\/2026\/02\/tormentasantarosatemporaldestrozostormentaescuelas18febrero2026-000.jpg\" \/>\n\t<meta property=\"og:image:width\" content=\"1600\" \/>\n\t<meta property=\"og:image:height\" content=\"901\" \/>\n\t<meta property=\"og:image:type\" content=\"image\/jpeg\" \/>\n<meta name=\"author\" content=\"Diario1 Diario1\" \/>\n<meta name=\"twitter:card\" content=\"summary_large_image\" \/>\n<meta name=\"twitter:creator\" content=\"@eltextual\" \/>\n<meta name=\"twitter:site\" content=\"@eltextual\" \/>\n<meta name=\"twitter:label1\" content=\"Escrito por\" \/>\n\t<meta name=\"twitter:data1\" content=\"Diario1 Diario1\" \/>\n\t<meta name=\"twitter:label2\" content=\"Tiempo de lectura\" \/>\n\t<meta name=\"twitter:data2\" content=\"4 minutos\" \/>\n<script type=\"application\/ld+json\" class=\"yoast-schema-graph\">{\"@context\":\"https:\\\/\\\/schema.org\",\"@graph\":[{\"@type\":\"Article\",\"@id\":\"https:\\\/\\\/diariotextual.com\\\/inicio\\\/index.php\\\/2026\\\/02\\\/19\\\/primer-relevamiento-luego-de-la-tormenta-71-escuelas-inspeccionadas-y-cinco-con-danos-mayores\\\/#article\",\"isPartOf\":{\"@id\":\"https:\\\/\\\/diariotextual.com\\\/inicio\\\/index.php\\\/2026\\\/02\\\/19\\\/primer-relevamiento-luego-de-la-tormenta-71-escuelas-inspeccionadas-y-cinco-con-danos-mayores\\\/\"},\"author\":{\"name\":\"Diario1 Diario1\",\"@id\":\"https:\\\/\\\/diariotextual.com\\\/inicio\\\/#\\\/schema\\\/person\\\/418fc4093c33e86ed41562db3508f958\"},\"headline\":\"Primer relevamiento luego de la tormenta: 71 escuelas inspeccionadas y cinco con da\u00f1os mayores\",\"datePublished\":\"2026-02-19T19:22:38+00:00\",\"dateModified\":\"2026-02-20T13:34:39+00:00\",\"mainEntityOfPage\":{\"@id\":\"https:\\\/\\\/diariotextual.com\\\/inicio\\\/index.php\\\/2026\\\/02\\\/19\\\/primer-relevamiento-luego-de-la-tormenta-71-escuelas-inspeccionadas-y-cinco-con-danos-mayores\\\/\"},\"wordCount\":850,\"publisher\":{\"@id\":\"https:\\\/\\\/diariotextual.com\\\/inicio\\\/#organization\"},\"image\":{\"@id\":\"https:\\\/\\\/diariotextual.com\\\/inicio\\\/index.php\\\/2026\\\/02\\\/19\\\/primer-relevamiento-luego-de-la-tormenta-71-escuelas-inspeccionadas-y-cinco-con-danos-mayores\\\/#primaryimage\"},\"thumbnailUrl\":\"https:\\\/\\\/diariotextual.com\\\/inicio\\\/wp-content\\\/uploads\\\/2026\\\/02\\\/tormentasantarosatemporaldestrozostormentaescuelas18febrero2026-000.jpg\",\"articleSection\":[\"A - ES NOTICIA (van abajo)\",\"A - QUE PASA (al costado)\",\"SOCIEDAD\"],\"inLanguage\":\"es\"},{\"@type\":\"WebPage\",\"@id\":\"https:\\\/\\\/diariotextual.com\\\/inicio\\\/index.php\\\/2026\\\/02\\\/19\\\/primer-relevamiento-luego-de-la-tormenta-71-escuelas-inspeccionadas-y-cinco-con-danos-mayores\\\/\",\"url\":\"https:\\\/\\\/diariotextual.com\\\/inicio\\\/index.php\\\/2026\\\/02\\\/19\\\/primer-relevamiento-luego-de-la-tormenta-71-escuelas-inspeccionadas-y-cinco-con-danos-mayores\\\/\",\"name\":\"Primer relevamiento luego de la tormenta: 71 escuelas inspeccionadas y cinco con da\u00f1os mayores - Diario Textual\",\"isPartOf\":{\"@id\":\"https:\\\/\\\/diariotextual.com\\\/inicio\\\/#website\"},\"primaryImageOfPage\":{\"@id\":\"https:\\\/\\\/diariotextual.com\\\/inicio\\\/index.php\\\/2026\\\/02\\\/19\\\/primer-relevamiento-luego-de-la-tormenta-71-escuelas-inspeccionadas-y-cinco-con-danos-mayores\\\/#primaryimage\"},\"image\":{\"@id\":\"https:\\\/\\\/diariotextual.com\\\/inicio\\\/index.php\\\/2026\\\/02\\\/19\\\/primer-relevamiento-luego-de-la-tormenta-71-escuelas-inspeccionadas-y-cinco-con-danos-mayores\\\/#primaryimage\"},\"thumbnailUrl\":\"https:\\\/\\\/diariotextual.com\\\/inicio\\\/wp-content\\\/uploads\\\/2026\\\/02\\\/tormentasantarosatemporaldestrozostormentaescuelas18febrero2026-000.jpg\",\"datePublished\":\"2026-02-19T19:22:38+00:00\",\"dateModified\":\"2026-02-20T13:34:39+00:00\",\"breadcrumb\":{\"@id\":\"https:\\\/\\\/diariotextual.com\\\/inicio\\\/index.php\\\/2026\\\/02\\\/19\\\/primer-relevamiento-luego-de-la-tormenta-71-escuelas-inspeccionadas-y-cinco-con-danos-mayores\\\/#breadcrumb\"},\"inLanguage\":\"es\",\"potentialAction\":[{\"@type\":\"ReadAction\",\"target\":[\"https:\\\/\\\/diariotextual.com\\\/inicio\\\/index.php\\\/2026\\\/02\\\/19\\\/primer-relevamiento-luego-de-la-tormenta-71-escuelas-inspeccionadas-y-cinco-con-danos-mayores\\\/\"]}]},{\"@type\":\"ImageObject\",\"inLanguage\":\"es\",\"@id\":\"https:\\\/\\\/diariotextual.com\\\/inicio\\\/index.php\\\/2026\\\/02\\\/19\\\/primer-relevamiento-luego-de-la-tormenta-71-escuelas-inspeccionadas-y-cinco-con-danos-mayores\\\/#primaryimage\",\"url\":\"https:\\\/\\\/diariotextual.com\\\/inicio\\\/wp-content\\\/uploads\\\/2026\\\/02\\\/tormentasantarosatemporaldestrozostormentaescuelas18febrero2026-000.jpg\",\"contentUrl\":\"https:\\\/\\\/diariotextual.com\\\/inicio\\\/wp-content\\\/uploads\\\/2026\\\/02\\\/tormentasantarosatemporaldestrozostormentaescuelas18febrero2026-000.jpg\",\"width\":1600,\"height\":901},{\"@type\":\"BreadcrumbList\",\"@id\":\"https:\\\/\\\/diariotextual.com\\\/inicio\\\/index.php\\\/2026\\\/02\\\/19\\\/primer-relevamiento-luego-de-la-tormenta-71-escuelas-inspeccionadas-y-cinco-con-danos-mayores\\\/#breadcrumb\",\"itemListElement\":[{\"@type\":\"ListItem\",\"position\":1,\"name\":\"Portada\",\"item\":\"https:\\\/\\\/diariotextual.com\\\/inicio\\\/\"},{\"@type\":\"ListItem\",\"position\":2,\"name\":\"Primer relevamiento luego de la tormenta: 71 escuelas inspeccionadas y cinco con da\u00f1os mayores\"}]},{\"@type\":\"WebSite\",\"@id\":\"https:\\\/\\\/diariotextual.com\\\/inicio\\\/#website\",\"url\":\"https:\\\/\\\/diariotextual.com\\\/inicio\\\/\",\"name\":\"Diario Textual\",\"description\":\"\",\"publisher\":{\"@id\":\"https:\\\/\\\/diariotextual.com\\\/inicio\\\/#organization\"},\"potentialAction\":[{\"@type\":\"SearchAction\",\"target\":{\"@type\":\"EntryPoint\",\"urlTemplate\":\"https:\\\/\\\/diariotextual.com\\\/inicio\\\/?s={search_term_string}\"},\"query-input\":{\"@type\":\"PropertyValueSpecification\",\"valueRequired\":true,\"valueName\":\"search_term_string\"}}],\"inLanguage\":\"es\"},{\"@type\":\"Organization\",\"@id\":\"https:\\\/\\\/diariotextual.com\\\/inicio\\\/#organization\",\"name\":\"Diario Textual\",\"url\":\"https:\\\/\\\/diariotextual.com\\\/inicio\\\/\",\"logo\":{\"@type\":\"ImageObject\",\"inLanguage\":\"es\",\"@id\":\"https:\\\/\\\/diariotextual.com\\\/inicio\\\/#\\\/schema\\\/logo\\\/image\\\/\",\"url\":\"https:\\\/\\\/diariotextual.com\\\/inicio\\\/wp-content\\\/uploads\\\/2023\\\/05\\\/logotextual1.jpg\",\"contentUrl\":\"https:\\\/\\\/diariotextual.com\\\/inicio\\\/wp-content\\\/uploads\\\/2023\\\/05\\\/logotextual1.jpg\",\"width\":516,\"height\":76,\"caption\":\"Diario Textual\"},\"image\":{\"@id\":\"https:\\\/\\\/diariotextual.com\\\/inicio\\\/#\\\/schema\\\/logo\\\/image\\\/\"},\"sameAs\":[\"https:\\\/\\\/www.facebook.com\\\/eltextual\",\"https:\\\/\\\/x.com\\\/eltextual\",\"http:\\\/\\\/www.instagram.com\\\/eltextual\"]},{\"@type\":\"Person\",\"@id\":\"https:\\\/\\\/diariotextual.com\\\/inicio\\\/#\\\/schema\\\/person\\\/418fc4093c33e86ed41562db3508f958\",\"name\":\"Diario1 Diario1\",\"image\":{\"@type\":\"ImageObject\",\"inLanguage\":\"es\",\"@id\":\"https:\\\/\\\/secure.gravatar.com\\\/avatar\\\/9167d280179c85bc18be67aa7eda765854300033af4896dd779b608640f2ef7a?s=96&d=mm&r=g\",\"url\":\"https:\\\/\\\/secure.gravatar.com\\\/avatar\\\/9167d280179c85bc18be67aa7eda765854300033af4896dd779b608640f2ef7a?s=96&d=mm&r=g\",\"contentUrl\":\"https:\\\/\\\/secure.gravatar.com\\\/avatar\\\/9167d280179c85bc18be67aa7eda765854300033af4896dd779b608640f2ef7a?s=96&d=mm&r=g\",\"caption\":\"Diario1 Diario1\"},\"url\":\"https:\\\/\\\/diariotextual.com\\\/inicio\\\/index.php\\\/author\\\/diario1\\\/\"}]}<\/script>\n<!-- \/ Yoast SEO plugin. -->","yoast_head_json":{"title":"Primer relevamiento luego de la tormenta: 71 escuelas inspeccionadas y cinco con da\u00f1os mayores - Diario Textual","robots":{"index":"index","follow":"follow","max-snippet":"max-snippet:-1","max-image-preview":"max-image-preview:large","max-video-preview":"max-video-preview:-1"},"canonical":"https:\/\/diariotextual.com\/inicio\/index.php\/2026\/02\/19\/primer-relevamiento-luego-de-la-tormenta-71-escuelas-inspeccionadas-y-cinco-con-danos-mayores\/","og_locale":"es_ES","og_type":"article","og_title":"Primer relevamiento luego de la tormenta: 71 escuelas inspeccionadas y cinco con da\u00f1os mayores - Diario Textual","og_description":"El Gobierno de La Pampa inform\u00f3 que, al mediod\u00eda de este jueves, los equipos t\u00e9cnicos conformados para atender la emergencia clim\u00e1tica relevaron 71 de los 112 establecimientos educativos de la&hellip;","og_url":"https:\/\/diariotextual.com\/inicio\/index.php\/2026\/02\/19\/primer-relevamiento-luego-de-la-tormenta-71-escuelas-inspeccionadas-y-cinco-con-danos-mayores\/","og_site_name":"Diario Textual","article_publisher":"https:\/\/www.facebook.com\/eltextual","article_published_time":"2026-02-19T19:22:38+00:00","article_modified_time":"2026-02-20T13:34:39+00:00","og_image":[{"width":1600,"height":901,"url":"https:\/\/diariotextual.com\/inicio\/wp-content\/uploads\/2026\/02\/tormentasantarosatemporaldestrozostormentaescuelas18febrero2026-000.jpg","type":"image\/jpeg"}],"author":"Diario1 Diario1","twitter_card":"summary_large_image","twitter_creator":"@eltextual","twitter_site":"@eltextual","twitter_misc":{"Escrito por":"Diario1 Diario1","Tiempo de lectura":"4 minutos"},"schema":{"@context":"https:\/\/schema.org","@graph":[{"@type":"Article","@id":"https:\/\/diariotextual.com\/inicio\/index.php\/2026\/02\/19\/primer-relevamiento-luego-de-la-tormenta-71-escuelas-inspeccionadas-y-cinco-con-danos-mayores\/#article","isPartOf":{"@id":"https:\/\/diariotextual.com\/inicio\/index.php\/2026\/02\/19\/primer-relevamiento-luego-de-la-tormenta-71-escuelas-inspeccionadas-y-cinco-con-danos-mayores\/"},"author":{"name":"Diario1 Diario1","@id":"https:\/\/diariotextual.com\/inicio\/#\/schema\/person\/418fc4093c33e86ed41562db3508f958"},"headline":"Primer relevamiento luego de la tormenta: 71 escuelas inspeccionadas y cinco con da\u00f1os mayores","datePublished":"2026-02-19T19:22:38+00:00","dateModified":"2026-02-20T13:34:39+00:00","mainEntityOfPage":{"@id":"https:\/\/diariotextual.com\/inicio\/index.php\/2026\/02\/19\/primer-relevamiento-luego-de-la-tormenta-71-escuelas-inspeccionadas-y-cinco-con-danos-mayores\/"},"wordCount":850,"publisher":{"@id":"https:\/\/diariotextual.com\/inicio\/#organization"},"image":{"@id":"https:\/\/diariotextual.com\/inicio\/index.php\/2026\/02\/19\/primer-relevamiento-luego-de-la-tormenta-71-escuelas-inspeccionadas-y-cinco-con-danos-mayores\/#primaryimage"},"thumbnailUrl":"https:\/\/diariotextual.com\/inicio\/wp-content\/uploads\/2026\/02\/tormentasantarosatemporaldestrozostormentaescuelas18febrero2026-000.jpg","articleSection":["A - ES NOTICIA (van abajo)","A - QUE PASA (al costado)","SOCIEDAD"],"inLanguage":"es"},{"@type":"WebPage","@id":"https:\/\/diariotextual.com\/inicio\/index.php\/2026\/02\/19\/primer-relevamiento-luego-de-la-tormenta-71-escuelas-inspeccionadas-y-cinco-con-danos-mayores\/","url":"https:\/\/diariotextual.com\/inicio\/index.php\/2026\/02\/19\/primer-relevamiento-luego-de-la-tormenta-71-escuelas-inspeccionadas-y-cinco-con-danos-mayores\/","name":"Primer relevamiento luego de la tormenta: 71 escuelas inspeccionadas y cinco con da\u00f1os mayores - Diario Textual","isPartOf":{"@id":"https:\/\/diariotextual.com\/inicio\/#website"},"primaryImageOfPage":{"@id":"https:\/\/diariotextual.com\/inicio\/index.php\/2026\/02\/19\/primer-relevamiento-luego-de-la-tormenta-71-escuelas-inspeccionadas-y-cinco-con-danos-mayores\/#primaryimage"},"image":{"@id":"https:\/\/diariotextual.com\/inicio\/index.php\/2026\/02\/19\/primer-relevamiento-luego-de-la-tormenta-71-escuelas-inspeccionadas-y-cinco-con-danos-mayores\/#primaryimage"},"thumbnailUrl":"https:\/\/diariotextual.com\/inicio\/wp-content\/uploads\/2026\/02\/tormentasantarosatemporaldestrozostormentaescuelas18febrero2026-000.jpg","datePublished":"2026-02-19T19:22:38+00:00","dateModified":"2026-02-20T13:34:39+00:00","breadcrumb":{"@id":"https:\/\/diariotextual.com\/inicio\/index.php\/2026\/02\/19\/primer-relevamiento-luego-de-la-tormenta-71-escuelas-inspeccionadas-y-cinco-con-danos-mayores\/#breadcrumb"},"inLanguage":"es","potentialAction":[{"@type":"ReadAction","target":["https:\/\/diariotextual.com\/inicio\/index.php\/2026\/02\/19\/primer-relevamiento-luego-de-la-tormenta-71-escuelas-inspeccionadas-y-cinco-con-danos-mayores\/"]}]},{"@type":"ImageObject","inLanguage":"es","@id":"https:\/\/diariotextual.com\/inicio\/index.php\/2026\/02\/19\/primer-relevamiento-luego-de-la-tormenta-71-escuelas-inspeccionadas-y-cinco-con-danos-mayores\/#primaryimage","url":"https:\/\/diariotextual.com\/inicio\/wp-content\/uploads\/2026\/02\/tormentasantarosatemporaldestrozostormentaescuelas18febrero2026-000.jpg","contentUrl":"https:\/\/diariotextual.com\/inicio\/wp-content\/uploads\/2026\/02\/tormentasantarosatemporaldestrozostormentaescuelas18febrero2026-000.jpg","width":1600,"height":901},{"@type":"BreadcrumbList","@id":"https:\/\/diariotextual.com\/inicio\/index.php\/2026\/02\/19\/primer-relevamiento-luego-de-la-tormenta-71-escuelas-inspeccionadas-y-cinco-con-danos-mayores\/#breadcrumb","itemListElement":[{"@type":"ListItem","position":1,"name":"Portada","item":"https:\/\/diariotextual.com\/inicio\/"},{"@type":"ListItem","position":2,"name":"Primer relevamiento luego de la tormenta: 71 escuelas inspeccionadas y cinco con da\u00f1os mayores"}]},{"@type":"WebSite","@id":"https:\/\/diariotextual.com\/inicio\/#website","url":"https:\/\/diariotextual.com\/inicio\/","name":"Diario Textual","description":"","publisher":{"@id":"https:\/\/diariotextual.com\/inicio\/#organization"},"potentialAction":[{"@type":"SearchAction","target":{"@type":"EntryPoint","urlTemplate":"https:\/\/diariotextual.com\/inicio\/?s={search_term_string}"},"query-input":{"@type":"PropertyValueSpecification","valueRequired":true,"valueName":"search_term_string"}}],"inLanguage":"es"},{"@type":"Organization","@id":"https:\/\/diariotextual.com\/inicio\/#organization","name":"Diario Textual","url":"https:\/\/diariotextual.com\/inicio\/","logo":{"@type":"ImageObject","inLanguage":"es","@id":"https:\/\/diariotextual.com\/inicio\/#\/schema\/logo\/image\/","url":"https:\/\/diariotextual.com\/inicio\/wp-content\/uploads\/2023\/05\/logotextual1.jpg","contentUrl":"https:\/\/diariotextual.com\/inicio\/wp-content\/uploads\/2023\/05\/logotextual1.jpg","width":516,"height":76,"caption":"Diario Textual"},"image":{"@id":"https:\/\/diariotextual.com\/inicio\/#\/schema\/logo\/image\/"},"sameAs":["https:\/\/www.facebook.com\/eltextual","https:\/\/x.com\/eltextual","http:\/\/www.instagram.com\/eltextual"]},{"@type":"Person","@id":"https:\/\/diariotextual.com\/inicio\/#\/schema\/person\/418fc4093c33e86ed41562db3508f958","name":"Diario1 Diario1","image":{"@type":"ImageObject","inLanguage":"es","@id":"https:\/\/secure.gravatar.com\/avatar\/9167d280179c85bc18be67aa7eda765854300033af4896dd779b608640f2ef7a?s=96&d=mm&r=g","url":"https:\/\/secure.gravatar.com\/avatar\/9167d280179c85bc18be67aa7eda765854300033af4896dd779b608640f2ef7a?s=96&d=mm&r=g","contentUrl":"https:\/\/secure.gravatar.com\/avatar\/9167d280179c85bc18be67aa7eda765854300033af4896dd779b608640f2ef7a?s=96&d=mm&r=g","caption":"Diario1 Diario1"},"url":"https:\/\/diariotextual.com\/inicio\/index.php\/author\/diario1\/"}]}},"_links":{"self":[{"href":"https:\/\/diariotextual.com\/inicio\/index.php\/wp-json\/wp\/v2\/posts\/320102","targetHints":{"allow":["GET"]}}],"collection":[{"href":"https:\/\/diariotextual.com\/inicio\/index.php\/wp-json\/wp\/v2\/posts"}],"about":[{"href":"https:\/\/diariotextual.com\/inicio\/index.php\/wp-json\/wp\/v2\/types\/post"}],"author":[{"embeddable":true,"href":"https:\/\/diariotextual.com\/inicio\/index.php\/wp-json\/wp\/v2\/users\/3"}],"replies":[{"embeddable":true,"href":"https:\/\/diariotextual.com\/inicio\/index.php\/wp-json\/wp\/v2\/comments?post=320102"}],"version-history":[{"count":1,"href":"https:\/\/diariotextual.com\/inicio\/index.php\/wp-json\/wp\/v2\/posts\/320102\/revisions"}],"predecessor-version":[{"id":320103,"href":"https:\/\/diariotextual.com\/inicio\/index.php\/wp-json\/wp\/v2\/posts\/320102\/revisions\/320103"}],"wp:featuredmedia":[{"embeddable":true,"href":"https:\/\/diariotextual.com\/inicio\/index.php\/wp-json\/wp\/v2\/media\/320100"}],"wp:attachment":[{"href":"https:\/\/diariotextual.com\/inicio\/index.php\/wp-json\/wp\/v2\/media?parent=320102"}],"wp:term":[{"taxonomy":"category","embeddable":true,"href":"https:\/\/diariotextual.com\/inicio\/index.php\/wp-json\/wp\/v2\/categories?post=320102"},{"taxonomy":"post_tag","embeddable":true,"href":"https:\/\/diariotextual.com\/inicio\/index.php\/wp-json\/wp\/v2\/tags?post=320102"}],"curies":[{"name":"wp","href":"https:\/\/api.w.org\/{rel}","templated":true}]}}