{"id":320106,"date":"2026-02-19T16:37:38","date_gmt":"2026-02-19T19:37:38","guid":{"rendered":"https:\/\/diariotextual.com\/inicio\/?p=320106"},"modified":"2026-02-19T18:26:41","modified_gmt":"2026-02-19T21:26:41","slug":"afa-citaron-a-indagatoria-a-tapia-y-toviggino-y-les-prohibieron-salir-del-pais","status":"publish","type":"post","link":"https:\/\/diariotextual.com\/inicio\/index.php\/2026\/02\/19\/afa-citaron-a-indagatoria-a-tapia-y-toviggino-y-les-prohibieron-salir-del-pais\/","title":{"rendered":"AFA: citaron a indagatoria a Tapia y Toviggino y les prohibieron salir del pa\u00eds"},"content":{"rendered":"\n<p>El juez en lo penal econ\u00f3mico\u00a0<strong>Diego Amarante<\/strong>\u00a0cit\u00f3 hoy a declaraci\u00f3n indagatoria al presidente de la AFA <strong>Claudio Tapia<\/strong> y al tesorero <strong>Pablo Toviggino<\/strong> y les prohibi\u00f3 salir del pa\u00eds en la causa que investiga presunta apropiaci\u00f3n indebida de aportes por\u00a0<strong>$19.353.546.843,85\u00a0<\/strong>vinculada a retenciones impositivas y de seguridad social que, seg\u00fan la denuncia, fueron descontadas pero no depositadas entre marzo de 2024 y septiembre de 2025.<\/p>\n\n\n\n<p>El magistrado hizo lugar a un pedido de la querella de ARCA y convoc\u00f3 a la AFA como asociaci\u00f3n y a Tapia para el 5 de marzo mientras que el tesorero Toviggino deber\u00e1 presentarse el 6 de ese mes. La citaci\u00f3n abarca a la totalidad de la comisi\u00f3n directiva y&nbsp;<strong>adem\u00e1s se les prohibi\u00f3 la salida del pa\u00eds,&nbsp;<\/strong>seg\u00fan la resoluci\u00f3n a la que tuvo acceso Infobae.<\/p>\n\n\n\n<p>\u201cEn orden a lo solicitado y existiendo motivos suficientes para sospechar la participaci\u00f3n de los nombrados en los hechos investigados, c\u00edtese a la Asociaci\u00f3n del F\u00fatbol Argentino y a Claudio Fabi\u00e1n Tapia a las audiencias que se fijan para el d\u00eda 5 de marzo de 2026 a las 10:30 y 12:00 horas, respectivamente\u201d, resolvi\u00f3 el juez.<\/p>\n\n\n\n<p>Al tesorero Toviggino y al tambi\u00e9n integrante de la comisi\u00f3n directiva Gustavo Lorenzo se los cit\u00f3 para el 6 de marzo a las 10:30 y 12:00; en tanto que V\u00edctor Blanco Rodr\u00edguez y Cristian Malaspina, deber\u00e1n presentarse el 9 de marzo a las 10:30 y 12:00 en el juzgado con sede en avenida de los Inmigrantes 1950 de la ciudad de Buenos Aires.<\/p>\n\n\n\n<p>En su resoluci\u00f3n, el magistrado advirti\u00f3 sobre&nbsp;<strong>\u00bb la gravedad de los hechos investigados\u00bb&nbsp;<\/strong>y la \u201cseveridad de la pena en expectativa\u201d y<strong>&nbsp;prohibi\u00f3 salir del pa\u00eds a todos los acusados.<\/strong><\/p>\n\n\n\n<p>Hasta el momento s\u00f3lo tienen defensa designada en la causa la AFA y su titular, Tapia, ante lo cual el juez invit\u00f3 a los dem\u00e1s imputados a nombrar abogados de su confianza dentro del tercer d\u00eda de notificados. De no hacerlo se les designar\u00e1 Defensor P\u00fablico Oficial.<\/p>\n\n\n\n<p>De manera paralela, los abogados de AFA apelaron ya ante la C\u00e1mara Nacional en lo Penal Econ\u00f3mico el rechazo del juez a dictar sobreseimientos en base a un planteo de \u201cexcepci\u00f3n de falta de acci\u00f3n\u201d, con lo cual la cuesti\u00f3n ser\u00e1 revisada por el Tribunal de Apelaciones.<\/p>\n","protected":false},"excerpt":{"rendered":"<p>El juez en lo penal econ\u00f3mico\u00a0Diego Amarante\u00a0cit\u00f3 hoy a declaraci\u00f3n indagatoria al presidente de la AFA Claudio Tapia y al tesorero Pablo Toviggino y les prohibi\u00f3 salir del pa\u00eds en&hellip;<\/p>\n","protected":false},"author":3,"featured_media":320108,"comment_status":"closed","ping_status":"open","sticky":false,"template":"","format":"standard","meta":{"_acf_changed":false,"footnotes":""},"categories":[1],"tags":[],"class_list":["post-320106","post","type-post","status-publish","format-standard","has-post-thumbnail","hentry","category-es-noticia"],"acf":[],"yoast_head":"<!-- This site is optimized with the Yoast SEO plugin v27.5 - https:\/\/yoast.com\/product\/yoast-seo-wordpress\/ -->\n<title>AFA: citaron a indagatoria a Tapia y Toviggino y les prohibieron salir del pa\u00eds - Diario Textual<\/title>\n<meta name=\"robots\" content=\"index, follow, max-snippet:-1, max-image-preview:large, max-video-preview:-1\" \/>\n<link rel=\"canonical\" href=\"https:\/\/diariotextual.com\/inicio\/index.php\/2026\/02\/19\/afa-citaron-a-indagatoria-a-tapia-y-toviggino-y-les-prohibieron-salir-del-pais\/\" \/>\n<meta property=\"og:locale\" content=\"es_ES\" \/>\n<meta property=\"og:type\" content=\"article\" \/>\n<meta property=\"og:title\" content=\"AFA: citaron a indagatoria a Tapia y Toviggino y les prohibieron salir del pa\u00eds - Diario Textual\" \/>\n<meta property=\"og:description\" content=\"El juez en lo penal econ\u00f3mico\u00a0Diego Amarante\u00a0cit\u00f3 hoy a declaraci\u00f3n indagatoria al presidente de la AFA Claudio Tapia y al tesorero Pablo Toviggino y les prohibi\u00f3 salir del pa\u00eds en&hellip;\" \/>\n<meta property=\"og:url\" content=\"https:\/\/diariotextual.com\/inicio\/index.php\/2026\/02\/19\/afa-citaron-a-indagatoria-a-tapia-y-toviggino-y-les-prohibieron-salir-del-pais\/\" \/>\n<meta property=\"og:site_name\" content=\"Diario Textual\" \/>\n<meta property=\"article:publisher\" content=\"https:\/\/www.facebook.com\/eltextual\" \/>\n<meta property=\"article:published_time\" content=\"2026-02-19T19:37:38+00:00\" \/>\n<meta property=\"article:modified_time\" content=\"2026-02-19T21:26:41+00:00\" \/>\n<meta property=\"og:image\" content=\"https:\/\/diariotextual.com\/inicio\/wp-content\/uploads\/2026\/02\/tapiaclaudiotapiachiqui2026-77.jpg\" \/>\n\t<meta property=\"og:image:width\" content=\"1440\" \/>\n\t<meta property=\"og:image:height\" content=\"806\" \/>\n\t<meta property=\"og:image:type\" content=\"image\/jpeg\" \/>\n<meta name=\"author\" content=\"Diario1 Diario1\" \/>\n<meta name=\"twitter:card\" content=\"summary_large_image\" \/>\n<meta name=\"twitter:creator\" content=\"@eltextual\" \/>\n<meta name=\"twitter:site\" content=\"@eltextual\" \/>\n<meta name=\"twitter:label1\" content=\"Escrito por\" \/>\n\t<meta name=\"twitter:data1\" content=\"Diario1 Diario1\" \/>\n\t<meta name=\"twitter:label2\" content=\"Tiempo de lectura\" \/>\n\t<meta name=\"twitter:data2\" content=\"2 minutos\" \/>\n<script type=\"application\/ld+json\" class=\"yoast-schema-graph\">{\"@context\":\"https:\\\/\\\/schema.org\",\"@graph\":[{\"@type\":\"Article\",\"@id\":\"https:\\\/\\\/diariotextual.com\\\/inicio\\\/index.php\\\/2026\\\/02\\\/19\\\/afa-citaron-a-indagatoria-a-tapia-y-toviggino-y-les-prohibieron-salir-del-pais\\\/#article\",\"isPartOf\":{\"@id\":\"https:\\\/\\\/diariotextual.com\\\/inicio\\\/index.php\\\/2026\\\/02\\\/19\\\/afa-citaron-a-indagatoria-a-tapia-y-toviggino-y-les-prohibieron-salir-del-pais\\\/\"},\"author\":{\"name\":\"Diario1 Diario1\",\"@id\":\"https:\\\/\\\/diariotextual.com\\\/inicio\\\/#\\\/schema\\\/person\\\/418fc4093c33e86ed41562db3508f958\"},\"headline\":\"AFA: citaron a indagatoria a Tapia y Toviggino y les prohibieron salir del pa\u00eds\",\"datePublished\":\"2026-02-19T19:37:38+00:00\",\"dateModified\":\"2026-02-19T21:26:41+00:00\",\"mainEntityOfPage\":{\"@id\":\"https:\\\/\\\/diariotextual.com\\\/inicio\\\/index.php\\\/2026\\\/02\\\/19\\\/afa-citaron-a-indagatoria-a-tapia-y-toviggino-y-les-prohibieron-salir-del-pais\\\/\"},\"wordCount\":416,\"publisher\":{\"@id\":\"https:\\\/\\\/diariotextual.com\\\/inicio\\\/#organization\"},\"image\":{\"@id\":\"https:\\\/\\\/diariotextual.com\\\/inicio\\\/index.php\\\/2026\\\/02\\\/19\\\/afa-citaron-a-indagatoria-a-tapia-y-toviggino-y-les-prohibieron-salir-del-pais\\\/#primaryimage\"},\"thumbnailUrl\":\"https:\\\/\\\/diariotextual.com\\\/inicio\\\/wp-content\\\/uploads\\\/2026\\\/02\\\/tapiaclaudiotapiachiqui2026-77.jpg\",\"articleSection\":[\"A - ES NOTICIA (van abajo)\"],\"inLanguage\":\"es\"},{\"@type\":\"WebPage\",\"@id\":\"https:\\\/\\\/diariotextual.com\\\/inicio\\\/index.php\\\/2026\\\/02\\\/19\\\/afa-citaron-a-indagatoria-a-tapia-y-toviggino-y-les-prohibieron-salir-del-pais\\\/\",\"url\":\"https:\\\/\\\/diariotextual.com\\\/inicio\\\/index.php\\\/2026\\\/02\\\/19\\\/afa-citaron-a-indagatoria-a-tapia-y-toviggino-y-les-prohibieron-salir-del-pais\\\/\",\"name\":\"AFA: citaron a indagatoria a Tapia y Toviggino y les prohibieron salir del pa\u00eds - Diario Textual\",\"isPartOf\":{\"@id\":\"https:\\\/\\\/diariotextual.com\\\/inicio\\\/#website\"},\"primaryImageOfPage\":{\"@id\":\"https:\\\/\\\/diariotextual.com\\\/inicio\\\/index.php\\\/2026\\\/02\\\/19\\\/afa-citaron-a-indagatoria-a-tapia-y-toviggino-y-les-prohibieron-salir-del-pais\\\/#primaryimage\"},\"image\":{\"@id\":\"https:\\\/\\\/diariotextual.com\\\/inicio\\\/index.php\\\/2026\\\/02\\\/19\\\/afa-citaron-a-indagatoria-a-tapia-y-toviggino-y-les-prohibieron-salir-del-pais\\\/#primaryimage\"},\"thumbnailUrl\":\"https:\\\/\\\/diariotextual.com\\\/inicio\\\/wp-content\\\/uploads\\\/2026\\\/02\\\/tapiaclaudiotapiachiqui2026-77.jpg\",\"datePublished\":\"2026-02-19T19:37:38+00:00\",\"dateModified\":\"2026-02-19T21:26:41+00:00\",\"breadcrumb\":{\"@id\":\"https:\\\/\\\/diariotextual.com\\\/inicio\\\/index.php\\\/2026\\\/02\\\/19\\\/afa-citaron-a-indagatoria-a-tapia-y-toviggino-y-les-prohibieron-salir-del-pais\\\/#breadcrumb\"},\"inLanguage\":\"es\",\"potentialAction\":[{\"@type\":\"ReadAction\",\"target\":[\"https:\\\/\\\/diariotextual.com\\\/inicio\\\/index.php\\\/2026\\\/02\\\/19\\\/afa-citaron-a-indagatoria-a-tapia-y-toviggino-y-les-prohibieron-salir-del-pais\\\/\"]}]},{\"@type\":\"ImageObject\",\"inLanguage\":\"es\",\"@id\":\"https:\\\/\\\/diariotextual.com\\\/inicio\\\/index.php\\\/2026\\\/02\\\/19\\\/afa-citaron-a-indagatoria-a-tapia-y-toviggino-y-les-prohibieron-salir-del-pais\\\/#primaryimage\",\"url\":\"https:\\\/\\\/diariotextual.com\\\/inicio\\\/wp-content\\\/uploads\\\/2026\\\/02\\\/tapiaclaudiotapiachiqui2026-77.jpg\",\"contentUrl\":\"https:\\\/\\\/diariotextual.com\\\/inicio\\\/wp-content\\\/uploads\\\/2026\\\/02\\\/tapiaclaudiotapiachiqui2026-77.jpg\",\"width\":1440,\"height\":806},{\"@type\":\"BreadcrumbList\",\"@id\":\"https:\\\/\\\/diariotextual.com\\\/inicio\\\/index.php\\\/2026\\\/02\\\/19\\\/afa-citaron-a-indagatoria-a-tapia-y-toviggino-y-les-prohibieron-salir-del-pais\\\/#breadcrumb\",\"itemListElement\":[{\"@type\":\"ListItem\",\"position\":1,\"name\":\"Portada\",\"item\":\"https:\\\/\\\/diariotextual.com\\\/inicio\\\/\"},{\"@type\":\"ListItem\",\"position\":2,\"name\":\"AFA: citaron a indagatoria a Tapia y Toviggino y les prohibieron salir del pa\u00eds\"}]},{\"@type\":\"WebSite\",\"@id\":\"https:\\\/\\\/diariotextual.com\\\/inicio\\\/#website\",\"url\":\"https:\\\/\\\/diariotextual.com\\\/inicio\\\/\",\"name\":\"Diario Textual\",\"description\":\"\",\"publisher\":{\"@id\":\"https:\\\/\\\/diariotextual.com\\\/inicio\\\/#organization\"},\"potentialAction\":[{\"@type\":\"SearchAction\",\"target\":{\"@type\":\"EntryPoint\",\"urlTemplate\":\"https:\\\/\\\/diariotextual.com\\\/inicio\\\/?s={search_term_string}\"},\"query-input\":{\"@type\":\"PropertyValueSpecification\",\"valueRequired\":true,\"valueName\":\"search_term_string\"}}],\"inLanguage\":\"es\"},{\"@type\":\"Organization\",\"@id\":\"https:\\\/\\\/diariotextual.com\\\/inicio\\\/#organization\",\"name\":\"Diario Textual\",\"url\":\"https:\\\/\\\/diariotextual.com\\\/inicio\\\/\",\"logo\":{\"@type\":\"ImageObject\",\"inLanguage\":\"es\",\"@id\":\"https:\\\/\\\/diariotextual.com\\\/inicio\\\/#\\\/schema\\\/logo\\\/image\\\/\",\"url\":\"https:\\\/\\\/diariotextual.com\\\/inicio\\\/wp-content\\\/uploads\\\/2023\\\/05\\\/logotextual1.jpg\",\"contentUrl\":\"https:\\\/\\\/diariotextual.com\\\/inicio\\\/wp-content\\\/uploads\\\/2023\\\/05\\\/logotextual1.jpg\",\"width\":516,\"height\":76,\"caption\":\"Diario Textual\"},\"image\":{\"@id\":\"https:\\\/\\\/diariotextual.com\\\/inicio\\\/#\\\/schema\\\/logo\\\/image\\\/\"},\"sameAs\":[\"https:\\\/\\\/www.facebook.com\\\/eltextual\",\"https:\\\/\\\/x.com\\\/eltextual\",\"http:\\\/\\\/www.instagram.com\\\/eltextual\"]},{\"@type\":\"Person\",\"@id\":\"https:\\\/\\\/diariotextual.com\\\/inicio\\\/#\\\/schema\\\/person\\\/418fc4093c33e86ed41562db3508f958\",\"name\":\"Diario1 Diario1\",\"image\":{\"@type\":\"ImageObject\",\"inLanguage\":\"es\",\"@id\":\"https:\\\/\\\/secure.gravatar.com\\\/avatar\\\/9167d280179c85bc18be67aa7eda765854300033af4896dd779b608640f2ef7a?s=96&d=mm&r=g\",\"url\":\"https:\\\/\\\/secure.gravatar.com\\\/avatar\\\/9167d280179c85bc18be67aa7eda765854300033af4896dd779b608640f2ef7a?s=96&d=mm&r=g\",\"contentUrl\":\"https:\\\/\\\/secure.gravatar.com\\\/avatar\\\/9167d280179c85bc18be67aa7eda765854300033af4896dd779b608640f2ef7a?s=96&d=mm&r=g\",\"caption\":\"Diario1 Diario1\"},\"url\":\"https:\\\/\\\/diariotextual.com\\\/inicio\\\/index.php\\\/author\\\/diario1\\\/\"}]}<\/script>\n<!-- \/ Yoast SEO plugin. -->","yoast_head_json":{"title":"AFA: citaron a indagatoria a Tapia y Toviggino y les prohibieron salir del pa\u00eds - Diario Textual","robots":{"index":"index","follow":"follow","max-snippet":"max-snippet:-1","max-image-preview":"max-image-preview:large","max-video-preview":"max-video-preview:-1"},"canonical":"https:\/\/diariotextual.com\/inicio\/index.php\/2026\/02\/19\/afa-citaron-a-indagatoria-a-tapia-y-toviggino-y-les-prohibieron-salir-del-pais\/","og_locale":"es_ES","og_type":"article","og_title":"AFA: citaron a indagatoria a Tapia y Toviggino y les prohibieron salir del pa\u00eds - Diario Textual","og_description":"El juez en lo penal econ\u00f3mico\u00a0Diego Amarante\u00a0cit\u00f3 hoy a declaraci\u00f3n indagatoria al presidente de la AFA Claudio Tapia y al tesorero Pablo Toviggino y les prohibi\u00f3 salir del pa\u00eds en&hellip;","og_url":"https:\/\/diariotextual.com\/inicio\/index.php\/2026\/02\/19\/afa-citaron-a-indagatoria-a-tapia-y-toviggino-y-les-prohibieron-salir-del-pais\/","og_site_name":"Diario Textual","article_publisher":"https:\/\/www.facebook.com\/eltextual","article_published_time":"2026-02-19T19:37:38+00:00","article_modified_time":"2026-02-19T21:26:41+00:00","og_image":[{"width":1440,"height":806,"url":"https:\/\/diariotextual.com\/inicio\/wp-content\/uploads\/2026\/02\/tapiaclaudiotapiachiqui2026-77.jpg","type":"image\/jpeg"}],"author":"Diario1 Diario1","twitter_card":"summary_large_image","twitter_creator":"@eltextual","twitter_site":"@eltextual","twitter_misc":{"Escrito por":"Diario1 Diario1","Tiempo de lectura":"2 minutos"},"schema":{"@context":"https:\/\/schema.org","@graph":[{"@type":"Article","@id":"https:\/\/diariotextual.com\/inicio\/index.php\/2026\/02\/19\/afa-citaron-a-indagatoria-a-tapia-y-toviggino-y-les-prohibieron-salir-del-pais\/#article","isPartOf":{"@id":"https:\/\/diariotextual.com\/inicio\/index.php\/2026\/02\/19\/afa-citaron-a-indagatoria-a-tapia-y-toviggino-y-les-prohibieron-salir-del-pais\/"},"author":{"name":"Diario1 Diario1","@id":"https:\/\/diariotextual.com\/inicio\/#\/schema\/person\/418fc4093c33e86ed41562db3508f958"},"headline":"AFA: citaron a indagatoria a Tapia y Toviggino y les prohibieron salir del pa\u00eds","datePublished":"2026-02-19T19:37:38+00:00","dateModified":"2026-02-19T21:26:41+00:00","mainEntityOfPage":{"@id":"https:\/\/diariotextual.com\/inicio\/index.php\/2026\/02\/19\/afa-citaron-a-indagatoria-a-tapia-y-toviggino-y-les-prohibieron-salir-del-pais\/"},"wordCount":416,"publisher":{"@id":"https:\/\/diariotextual.com\/inicio\/#organization"},"image":{"@id":"https:\/\/diariotextual.com\/inicio\/index.php\/2026\/02\/19\/afa-citaron-a-indagatoria-a-tapia-y-toviggino-y-les-prohibieron-salir-del-pais\/#primaryimage"},"thumbnailUrl":"https:\/\/diariotextual.com\/inicio\/wp-content\/uploads\/2026\/02\/tapiaclaudiotapiachiqui2026-77.jpg","articleSection":["A - ES NOTICIA (van abajo)"],"inLanguage":"es"},{"@type":"WebPage","@id":"https:\/\/diariotextual.com\/inicio\/index.php\/2026\/02\/19\/afa-citaron-a-indagatoria-a-tapia-y-toviggino-y-les-prohibieron-salir-del-pais\/","url":"https:\/\/diariotextual.com\/inicio\/index.php\/2026\/02\/19\/afa-citaron-a-indagatoria-a-tapia-y-toviggino-y-les-prohibieron-salir-del-pais\/","name":"AFA: citaron a indagatoria a Tapia y Toviggino y les prohibieron salir del pa\u00eds - Diario Textual","isPartOf":{"@id":"https:\/\/diariotextual.com\/inicio\/#website"},"primaryImageOfPage":{"@id":"https:\/\/diariotextual.com\/inicio\/index.php\/2026\/02\/19\/afa-citaron-a-indagatoria-a-tapia-y-toviggino-y-les-prohibieron-salir-del-pais\/#primaryimage"},"image":{"@id":"https:\/\/diariotextual.com\/inicio\/index.php\/2026\/02\/19\/afa-citaron-a-indagatoria-a-tapia-y-toviggino-y-les-prohibieron-salir-del-pais\/#primaryimage"},"thumbnailUrl":"https:\/\/diariotextual.com\/inicio\/wp-content\/uploads\/2026\/02\/tapiaclaudiotapiachiqui2026-77.jpg","datePublished":"2026-02-19T19:37:38+00:00","dateModified":"2026-02-19T21:26:41+00:00","breadcrumb":{"@id":"https:\/\/diariotextual.com\/inicio\/index.php\/2026\/02\/19\/afa-citaron-a-indagatoria-a-tapia-y-toviggino-y-les-prohibieron-salir-del-pais\/#breadcrumb"},"inLanguage":"es","potentialAction":[{"@type":"ReadAction","target":["https:\/\/diariotextual.com\/inicio\/index.php\/2026\/02\/19\/afa-citaron-a-indagatoria-a-tapia-y-toviggino-y-les-prohibieron-salir-del-pais\/"]}]},{"@type":"ImageObject","inLanguage":"es","@id":"https:\/\/diariotextual.com\/inicio\/index.php\/2026\/02\/19\/afa-citaron-a-indagatoria-a-tapia-y-toviggino-y-les-prohibieron-salir-del-pais\/#primaryimage","url":"https:\/\/diariotextual.com\/inicio\/wp-content\/uploads\/2026\/02\/tapiaclaudiotapiachiqui2026-77.jpg","contentUrl":"https:\/\/diariotextual.com\/inicio\/wp-content\/uploads\/2026\/02\/tapiaclaudiotapiachiqui2026-77.jpg","width":1440,"height":806},{"@type":"BreadcrumbList","@id":"https:\/\/diariotextual.com\/inicio\/index.php\/2026\/02\/19\/afa-citaron-a-indagatoria-a-tapia-y-toviggino-y-les-prohibieron-salir-del-pais\/#breadcrumb","itemListElement":[{"@type":"ListItem","position":1,"name":"Portada","item":"https:\/\/diariotextual.com\/inicio\/"},{"@type":"ListItem","position":2,"name":"AFA: citaron a indagatoria a Tapia y Toviggino y les prohibieron salir del pa\u00eds"}]},{"@type":"WebSite","@id":"https:\/\/diariotextual.com\/inicio\/#website","url":"https:\/\/diariotextual.com\/inicio\/","name":"Diario Textual","description":"","publisher":{"@id":"https:\/\/diariotextual.com\/inicio\/#organization"},"potentialAction":[{"@type":"SearchAction","target":{"@type":"EntryPoint","urlTemplate":"https:\/\/diariotextual.com\/inicio\/?s={search_term_string}"},"query-input":{"@type":"PropertyValueSpecification","valueRequired":true,"valueName":"search_term_string"}}],"inLanguage":"es"},{"@type":"Organization","@id":"https:\/\/diariotextual.com\/inicio\/#organization","name":"Diario Textual","url":"https:\/\/diariotextual.com\/inicio\/","logo":{"@type":"ImageObject","inLanguage":"es","@id":"https:\/\/diariotextual.com\/inicio\/#\/schema\/logo\/image\/","url":"https:\/\/diariotextual.com\/inicio\/wp-content\/uploads\/2023\/05\/logotextual1.jpg","contentUrl":"https:\/\/diariotextual.com\/inicio\/wp-content\/uploads\/2023\/05\/logotextual1.jpg","width":516,"height":76,"caption":"Diario Textual"},"image":{"@id":"https:\/\/diariotextual.com\/inicio\/#\/schema\/logo\/image\/"},"sameAs":["https:\/\/www.facebook.com\/eltextual","https:\/\/x.com\/eltextual","http:\/\/www.instagram.com\/eltextual"]},{"@type":"Person","@id":"https:\/\/diariotextual.com\/inicio\/#\/schema\/person\/418fc4093c33e86ed41562db3508f958","name":"Diario1 Diario1","image":{"@type":"ImageObject","inLanguage":"es","@id":"https:\/\/secure.gravatar.com\/avatar\/9167d280179c85bc18be67aa7eda765854300033af4896dd779b608640f2ef7a?s=96&d=mm&r=g","url":"https:\/\/secure.gravatar.com\/avatar\/9167d280179c85bc18be67aa7eda765854300033af4896dd779b608640f2ef7a?s=96&d=mm&r=g","contentUrl":"https:\/\/secure.gravatar.com\/avatar\/9167d280179c85bc18be67aa7eda765854300033af4896dd779b608640f2ef7a?s=96&d=mm&r=g","caption":"Diario1 Diario1"},"url":"https:\/\/diariotextual.com\/inicio\/index.php\/author\/diario1\/"}]}},"_links":{"self":[{"href":"https:\/\/diariotextual.com\/inicio\/index.php\/wp-json\/wp\/v2\/posts\/320106","targetHints":{"allow":["GET"]}}],"collection":[{"href":"https:\/\/diariotextual.com\/inicio\/index.php\/wp-json\/wp\/v2\/posts"}],"about":[{"href":"https:\/\/diariotextual.com\/inicio\/index.php\/wp-json\/wp\/v2\/types\/post"}],"author":[{"embeddable":true,"href":"https:\/\/diariotextual.com\/inicio\/index.php\/wp-json\/wp\/v2\/users\/3"}],"replies":[{"embeddable":true,"href":"https:\/\/diariotextual.com\/inicio\/index.php\/wp-json\/wp\/v2\/comments?post=320106"}],"version-history":[{"count":2,"href":"https:\/\/diariotextual.com\/inicio\/index.php\/wp-json\/wp\/v2\/posts\/320106\/revisions"}],"predecessor-version":[{"id":320109,"href":"https:\/\/diariotextual.com\/inicio\/index.php\/wp-json\/wp\/v2\/posts\/320106\/revisions\/320109"}],"wp:featuredmedia":[{"embeddable":true,"href":"https:\/\/diariotextual.com\/inicio\/index.php\/wp-json\/wp\/v2\/media\/320108"}],"wp:attachment":[{"href":"https:\/\/diariotextual.com\/inicio\/index.php\/wp-json\/wp\/v2\/media?parent=320106"}],"wp:term":[{"taxonomy":"category","embeddable":true,"href":"https:\/\/diariotextual.com\/inicio\/index.php\/wp-json\/wp\/v2\/categories?post=320106"},{"taxonomy":"post_tag","embeddable":true,"href":"https:\/\/diariotextual.com\/inicio\/index.php\/wp-json\/wp\/v2\/tags?post=320106"}],"curies":[{"name":"wp","href":"https:\/\/api.w.org\/{rel}","templated":true}]}}