{"id":320118,"date":"2026-02-19T18:11:32","date_gmt":"2026-02-19T21:11:32","guid":{"rendered":"https:\/\/diariotextual.com\/inicio\/?p=320118"},"modified":"2026-02-20T04:28:12","modified_gmt":"2026-02-20T07:28:12","slug":"aumento-de-la-conflictividad-laboral-en-dos-anos-de-gestion-de-milei","status":"publish","type":"post","link":"https:\/\/diariotextual.com\/inicio\/index.php\/2026\/02\/19\/aumento-de-la-conflictividad-laboral-en-dos-anos-de-gestion-de-milei\/","title":{"rendered":"Aumento de la conflictividad laboral en dos a\u00f1os de gesti\u00f3n de Milei"},"content":{"rendered":"\n<p>El <strong>Centro de Econom\u00eda Pol\u00edtica Argentina<\/strong> (CEPA) relev\u00f3 que <strong>entre enero de 2024 y el 5 de febrero de 2026 se registraron al menos 717 casos de conflictividad laboral en Argentina<\/strong> y el s<strong>ector m\u00e1s afectado fue la Industria, que concentr\u00f3 el 62,1% de los conflictos<\/strong>. La principal causa fueron los despidos (63,6%). Le siguieron los cierres de empresas (12,3%), las suspensiones (10%) y las crisis empresarias (7,8%).<\/p>\n\n\n\n<p>El CEPA, a partir de la construcci\u00f3n de una base de datos propia, analiz\u00f3 un conjunto de variables que incluyen sector de actividad, tipos de conflictos desarrollados, ubicaci\u00f3n geogr\u00e1fica y empresas afectadas, con el objetivo de dar cuenta y caracterizar la conflictividad laboral de los primeros dos a\u00f1os del gobierno de Milei.<\/p>\n\n\n\n<p>En su informe se releva, sistematiza y analiza aquellos casos dados entre enero 2024 hasta inicios del mes de febrero 2026, que surgen a partir del seguimiento peri\u00f3dico a coberturas period\u00edsticas y sitios web sindicales, que permitieron identificar conflictos laborales tanto del sector p\u00fablico como del privado. Este an\u00e1lisis no incluye lo ocurrido con el cierre de FATE (neum\u00e1ticos) y que dej\u00f3 sin trabajo a m\u00e1s de 900 empleados.<\/p>\n\n\n\n<p>El Centro de Econom\u00eda Pol\u00edtica Argentina aclar\u00f3 que este an\u00e1lisis no contempla la totalidad de casos que se desarrollaron durante estos dos \u00faltimos a\u00f1os, sino que es solo aquella parte que fue de inter\u00e9s para la opini\u00f3n p\u00fablica.<\/p>\n\n\n\n<p>\u201cLa conflictividad laboral es un indicador central para el an\u00e1lisis de la evoluci\u00f3n del mercado de trabajo y las relaciones laborales, ya que refleja las tensiones derivadas de los procesos econ\u00f3micos y productivos. Durante los \u00faltimos dos a\u00f1os Argentina atraves\u00f3 transformaciones macroecon\u00f3micas y productivas, caracterizadas por el ajuste fiscal, desregulaciones, apertura importadora y redefinici\u00f3n del rol del Estado (por solo nombrar algunas), lo que gener\u00f3 impactos directos sobre el nivel de actividad, empleo, salarios reales y la negociaci\u00f3n colectiva\u201d, detall\u00f3 el CEPA.<\/p>\n\n\n\n<p>Y agreg\u00f3 que <strong>el sector m\u00e1s perjudicado por los conflictos laborales fue la Industria con el 62,1%<\/strong> y dentro de ella las <strong>ramas m\u00e1s afectadas fueron: textil, alimentos y la metalurgia y siderurgia, fundamentalmente como consecuencia de la apertura importadora.<\/strong><\/p>\n\n\n\n<p>El <strong>sector Servicios represent\u00f3 el 16,9% de los casos, en lo que las actividades de Recreaci\u00f3n y esparcimiento (Hoteler\u00eda, Restaurantes, Bingos y Casinos), Transporte, Medios de comunicaci\u00f3n y Sanidad <\/strong>fueron los de mayor alcance.<\/p>\n\n\n\n<p>El <strong>sector Primario acumul\u00f3 el 9.5% de los casos, donde la mayor afectaci\u00f3n se dio en el sector de Hidrocarburos y Servicios Petroleros, el Pesquero, y la Miner\u00eda y el Comercio represent\u00f3 el 8.2%<\/strong> de los casos, Supermercados fue el subsector m\u00e1s afectado. Por \u00faltimo, <strong>la Construcci\u00f3n acumul\u00f3 el 3,3% de los casos, siendo la obra privada la m\u00e1s afectada.<\/strong><\/p>\n\n\n\n<p>La <strong>principal raz\u00f3n de conflicto durante el per\u00edodo analizado fueron los despidos (63,6%). Entre noviembre de 2023 y octubre se perdieron 272.607 puestos de trabajo registrado (seg\u00fan datos de SRT)<\/strong>. Le siguieron los cierres de empresas (12,3%) y las suspensiones (10%).<\/p>\n\n\n\n<div style=\"height:100px\" aria-hidden=\"true\" class=\"wp-block-spacer\"><\/div>\n\n\n\n<p><strong>Peque\u00f1as y medianas<\/strong><\/p>\n\n\n\n<p>Durante los primeros dos a\u00f1os (enero 2024 \u2013 febrero 2026) de gobierno de Javier Milei, principalmente fueron las pymes quienes sufrieron la mayor cantidad de los conflictos laborales (39,1%). Le siguieron los conglomerados extranjeros (27,3%) quienes en la gran mayor\u00eda de los casos comenzaron a importar en vez de continuar con la producci\u00f3n, o bien, despidieron personal ante la ca\u00edda del consumo.<\/p>\n\n\n\n<p>Luego se encuentran las empresas grandes que concentraron el 18,3%, los grupos econ\u00f3micos (GGEE) con el 11,9% y finalmente las empresas estatales que representaron el 3,5% de los conflictos laborales.<\/p>\n\n\n\n<p>En el 71,5% de los casos se trat\u00f3 de empresas con capital de origen nacional, mientras que el 27,2% de los casos fueron empresas de capital extranjero, el 1,1% capital Mixto y el 0,1% de los casos fueron cooperativas nacionales.<\/p>\n\n\n\n<p>En cuanto a la distribuci\u00f3n geogr\u00e1fica, <strong>gran parte de la zona centro del pa\u00eds acapar\u00f3 el 48% de los casos de conflictividad laboral: Buenos Aires 25,8%, Santa Fe (10,5%), C\u00f3rdoba (6%), CABA (5,7%) y Entre R\u00edos (3,3%)<\/strong>. Cabe destacar que, por fuera de la zona centro del pa\u00eds, en el sexto lugar de mayor conflictividad se encuentran Tierra del Fuego (4,2%) seguido por Tucum\u00e1n (3,3%).<\/p>\n","protected":false},"excerpt":{"rendered":"<p>El Centro de Econom\u00eda Pol\u00edtica Argentina (CEPA) relev\u00f3 que entre enero de 2024 y el 5 de febrero de 2026 se registraron al menos 717 casos de conflictividad laboral en&hellip;<\/p>\n","protected":false},"author":5,"featured_media":263358,"comment_status":"closed","ping_status":"open","sticky":false,"template":"","format":"standard","meta":{"_acf_changed":false,"footnotes":""},"categories":[1,8],"tags":[],"class_list":["post-320118","post","type-post","status-publish","format-standard","has-post-thumbnail","hentry","category-es-noticia","category-politica"],"acf":[],"yoast_head":"<!-- This site is optimized with the Yoast SEO plugin v27.4 - https:\/\/yoast.com\/product\/yoast-seo-wordpress\/ -->\n<title>Aumento de la conflictividad laboral en dos a\u00f1os de gesti\u00f3n de Milei - Diario Textual<\/title>\n<meta name=\"robots\" content=\"index, follow, max-snippet:-1, max-image-preview:large, max-video-preview:-1\" \/>\n<link rel=\"canonical\" href=\"https:\/\/diariotextual.com\/inicio\/index.php\/2026\/02\/19\/aumento-de-la-conflictividad-laboral-en-dos-anos-de-gestion-de-milei\/\" \/>\n<meta property=\"og:locale\" content=\"es_ES\" \/>\n<meta property=\"og:type\" content=\"article\" \/>\n<meta property=\"og:title\" content=\"Aumento de la conflictividad laboral en dos a\u00f1os de gesti\u00f3n de Milei - Diario Textual\" \/>\n<meta property=\"og:description\" content=\"El Centro de Econom\u00eda Pol\u00edtica Argentina (CEPA) relev\u00f3 que entre enero de 2024 y el 5 de febrero de 2026 se registraron al menos 717 casos de conflictividad laboral en&hellip;\" \/>\n<meta property=\"og:url\" content=\"https:\/\/diariotextual.com\/inicio\/index.php\/2026\/02\/19\/aumento-de-la-conflictividad-laboral-en-dos-anos-de-gestion-de-milei\/\" \/>\n<meta property=\"og:site_name\" content=\"Diario Textual\" \/>\n<meta property=\"article:publisher\" content=\"https:\/\/www.facebook.com\/eltextual\" \/>\n<meta property=\"article:published_time\" content=\"2026-02-19T21:11:32+00:00\" \/>\n<meta property=\"article:modified_time\" content=\"2026-02-20T07:28:12+00:00\" \/>\n<meta property=\"og:image\" content=\"https:\/\/diariotextual.com\/inicio\/wp-content\/uploads\/2024\/05\/fatedespidos2024.png\" \/>\n\t<meta property=\"og:image:width\" content=\"880\" \/>\n\t<meta property=\"og:image:height\" content=\"493\" \/>\n\t<meta property=\"og:image:type\" content=\"image\/png\" \/>\n<meta name=\"author\" content=\"diario3\" \/>\n<meta name=\"twitter:card\" content=\"summary_large_image\" \/>\n<meta name=\"twitter:creator\" content=\"@eltextual\" \/>\n<meta name=\"twitter:site\" content=\"@eltextual\" \/>\n<meta name=\"twitter:label1\" content=\"Escrito por\" \/>\n\t<meta name=\"twitter:data1\" content=\"diario3\" \/>\n\t<meta name=\"twitter:label2\" content=\"Tiempo de lectura\" \/>\n\t<meta name=\"twitter:data2\" content=\"4 minutos\" \/>\n<script type=\"application\/ld+json\" class=\"yoast-schema-graph\">{\"@context\":\"https:\\\/\\\/schema.org\",\"@graph\":[{\"@type\":\"Article\",\"@id\":\"https:\\\/\\\/diariotextual.com\\\/inicio\\\/index.php\\\/2026\\\/02\\\/19\\\/aumento-de-la-conflictividad-laboral-en-dos-anos-de-gestion-de-milei\\\/#article\",\"isPartOf\":{\"@id\":\"https:\\\/\\\/diariotextual.com\\\/inicio\\\/index.php\\\/2026\\\/02\\\/19\\\/aumento-de-la-conflictividad-laboral-en-dos-anos-de-gestion-de-milei\\\/\"},\"author\":{\"name\":\"diario3\",\"@id\":\"https:\\\/\\\/diariotextual.com\\\/inicio\\\/#\\\/schema\\\/person\\\/a1b6f563e0ee944c60f98119389a4d9f\"},\"headline\":\"Aumento de la conflictividad laboral en dos a\u00f1os de gesti\u00f3n de Milei\",\"datePublished\":\"2026-02-19T21:11:32+00:00\",\"dateModified\":\"2026-02-20T07:28:12+00:00\",\"mainEntityOfPage\":{\"@id\":\"https:\\\/\\\/diariotextual.com\\\/inicio\\\/index.php\\\/2026\\\/02\\\/19\\\/aumento-de-la-conflictividad-laboral-en-dos-anos-de-gestion-de-milei\\\/\"},\"wordCount\":709,\"publisher\":{\"@id\":\"https:\\\/\\\/diariotextual.com\\\/inicio\\\/#organization\"},\"image\":{\"@id\":\"https:\\\/\\\/diariotextual.com\\\/inicio\\\/index.php\\\/2026\\\/02\\\/19\\\/aumento-de-la-conflictividad-laboral-en-dos-anos-de-gestion-de-milei\\\/#primaryimage\"},\"thumbnailUrl\":\"https:\\\/\\\/diariotextual.com\\\/inicio\\\/wp-content\\\/uploads\\\/2024\\\/05\\\/fatedespidos2024.png\",\"articleSection\":[\"A - ES NOTICIA (van abajo)\",\"POLITICA\"],\"inLanguage\":\"es\"},{\"@type\":\"WebPage\",\"@id\":\"https:\\\/\\\/diariotextual.com\\\/inicio\\\/index.php\\\/2026\\\/02\\\/19\\\/aumento-de-la-conflictividad-laboral-en-dos-anos-de-gestion-de-milei\\\/\",\"url\":\"https:\\\/\\\/diariotextual.com\\\/inicio\\\/index.php\\\/2026\\\/02\\\/19\\\/aumento-de-la-conflictividad-laboral-en-dos-anos-de-gestion-de-milei\\\/\",\"name\":\"Aumento de la conflictividad laboral en dos a\u00f1os de gesti\u00f3n de Milei - Diario Textual\",\"isPartOf\":{\"@id\":\"https:\\\/\\\/diariotextual.com\\\/inicio\\\/#website\"},\"primaryImageOfPage\":{\"@id\":\"https:\\\/\\\/diariotextual.com\\\/inicio\\\/index.php\\\/2026\\\/02\\\/19\\\/aumento-de-la-conflictividad-laboral-en-dos-anos-de-gestion-de-milei\\\/#primaryimage\"},\"image\":{\"@id\":\"https:\\\/\\\/diariotextual.com\\\/inicio\\\/index.php\\\/2026\\\/02\\\/19\\\/aumento-de-la-conflictividad-laboral-en-dos-anos-de-gestion-de-milei\\\/#primaryimage\"},\"thumbnailUrl\":\"https:\\\/\\\/diariotextual.com\\\/inicio\\\/wp-content\\\/uploads\\\/2024\\\/05\\\/fatedespidos2024.png\",\"datePublished\":\"2026-02-19T21:11:32+00:00\",\"dateModified\":\"2026-02-20T07:28:12+00:00\",\"breadcrumb\":{\"@id\":\"https:\\\/\\\/diariotextual.com\\\/inicio\\\/index.php\\\/2026\\\/02\\\/19\\\/aumento-de-la-conflictividad-laboral-en-dos-anos-de-gestion-de-milei\\\/#breadcrumb\"},\"inLanguage\":\"es\",\"potentialAction\":[{\"@type\":\"ReadAction\",\"target\":[\"https:\\\/\\\/diariotextual.com\\\/inicio\\\/index.php\\\/2026\\\/02\\\/19\\\/aumento-de-la-conflictividad-laboral-en-dos-anos-de-gestion-de-milei\\\/\"]}]},{\"@type\":\"ImageObject\",\"inLanguage\":\"es\",\"@id\":\"https:\\\/\\\/diariotextual.com\\\/inicio\\\/index.php\\\/2026\\\/02\\\/19\\\/aumento-de-la-conflictividad-laboral-en-dos-anos-de-gestion-de-milei\\\/#primaryimage\",\"url\":\"https:\\\/\\\/diariotextual.com\\\/inicio\\\/wp-content\\\/uploads\\\/2024\\\/05\\\/fatedespidos2024.png\",\"contentUrl\":\"https:\\\/\\\/diariotextual.com\\\/inicio\\\/wp-content\\\/uploads\\\/2024\\\/05\\\/fatedespidos2024.png\",\"width\":880,\"height\":493},{\"@type\":\"BreadcrumbList\",\"@id\":\"https:\\\/\\\/diariotextual.com\\\/inicio\\\/index.php\\\/2026\\\/02\\\/19\\\/aumento-de-la-conflictividad-laboral-en-dos-anos-de-gestion-de-milei\\\/#breadcrumb\",\"itemListElement\":[{\"@type\":\"ListItem\",\"position\":1,\"name\":\"Portada\",\"item\":\"https:\\\/\\\/diariotextual.com\\\/inicio\\\/\"},{\"@type\":\"ListItem\",\"position\":2,\"name\":\"Aumento de la conflictividad laboral en dos a\u00f1os de gesti\u00f3n de Milei\"}]},{\"@type\":\"WebSite\",\"@id\":\"https:\\\/\\\/diariotextual.com\\\/inicio\\\/#website\",\"url\":\"https:\\\/\\\/diariotextual.com\\\/inicio\\\/\",\"name\":\"Diario Textual\",\"description\":\"\",\"publisher\":{\"@id\":\"https:\\\/\\\/diariotextual.com\\\/inicio\\\/#organization\"},\"potentialAction\":[{\"@type\":\"SearchAction\",\"target\":{\"@type\":\"EntryPoint\",\"urlTemplate\":\"https:\\\/\\\/diariotextual.com\\\/inicio\\\/?s={search_term_string}\"},\"query-input\":{\"@type\":\"PropertyValueSpecification\",\"valueRequired\":true,\"valueName\":\"search_term_string\"}}],\"inLanguage\":\"es\"},{\"@type\":\"Organization\",\"@id\":\"https:\\\/\\\/diariotextual.com\\\/inicio\\\/#organization\",\"name\":\"Diario Textual\",\"url\":\"https:\\\/\\\/diariotextual.com\\\/inicio\\\/\",\"logo\":{\"@type\":\"ImageObject\",\"inLanguage\":\"es\",\"@id\":\"https:\\\/\\\/diariotextual.com\\\/inicio\\\/#\\\/schema\\\/logo\\\/image\\\/\",\"url\":\"https:\\\/\\\/diariotextual.com\\\/inicio\\\/wp-content\\\/uploads\\\/2023\\\/05\\\/logotextual1.jpg\",\"contentUrl\":\"https:\\\/\\\/diariotextual.com\\\/inicio\\\/wp-content\\\/uploads\\\/2023\\\/05\\\/logotextual1.jpg\",\"width\":516,\"height\":76,\"caption\":\"Diario Textual\"},\"image\":{\"@id\":\"https:\\\/\\\/diariotextual.com\\\/inicio\\\/#\\\/schema\\\/logo\\\/image\\\/\"},\"sameAs\":[\"https:\\\/\\\/www.facebook.com\\\/eltextual\",\"https:\\\/\\\/x.com\\\/eltextual\",\"http:\\\/\\\/www.instagram.com\\\/eltextual\"]},{\"@type\":\"Person\",\"@id\":\"https:\\\/\\\/diariotextual.com\\\/inicio\\\/#\\\/schema\\\/person\\\/a1b6f563e0ee944c60f98119389a4d9f\",\"name\":\"diario3\",\"image\":{\"@type\":\"ImageObject\",\"inLanguage\":\"es\",\"@id\":\"https:\\\/\\\/secure.gravatar.com\\\/avatar\\\/5e7ee62c82fc04d9dd79d746a390d93c69c43223e5faeeb3ea9461ef752bfc5d?s=96&d=mm&r=g\",\"url\":\"https:\\\/\\\/secure.gravatar.com\\\/avatar\\\/5e7ee62c82fc04d9dd79d746a390d93c69c43223e5faeeb3ea9461ef752bfc5d?s=96&d=mm&r=g\",\"contentUrl\":\"https:\\\/\\\/secure.gravatar.com\\\/avatar\\\/5e7ee62c82fc04d9dd79d746a390d93c69c43223e5faeeb3ea9461ef752bfc5d?s=96&d=mm&r=g\",\"caption\":\"diario3\"},\"url\":\"https:\\\/\\\/diariotextual.com\\\/inicio\\\/index.php\\\/author\\\/diario3\\\/\"}]}<\/script>\n<!-- \/ Yoast SEO plugin. -->","yoast_head_json":{"title":"Aumento de la conflictividad laboral en dos a\u00f1os de gesti\u00f3n de Milei - Diario Textual","robots":{"index":"index","follow":"follow","max-snippet":"max-snippet:-1","max-image-preview":"max-image-preview:large","max-video-preview":"max-video-preview:-1"},"canonical":"https:\/\/diariotextual.com\/inicio\/index.php\/2026\/02\/19\/aumento-de-la-conflictividad-laboral-en-dos-anos-de-gestion-de-milei\/","og_locale":"es_ES","og_type":"article","og_title":"Aumento de la conflictividad laboral en dos a\u00f1os de gesti\u00f3n de Milei - Diario Textual","og_description":"El Centro de Econom\u00eda Pol\u00edtica Argentina (CEPA) relev\u00f3 que entre enero de 2024 y el 5 de febrero de 2026 se registraron al menos 717 casos de conflictividad laboral en&hellip;","og_url":"https:\/\/diariotextual.com\/inicio\/index.php\/2026\/02\/19\/aumento-de-la-conflictividad-laboral-en-dos-anos-de-gestion-de-milei\/","og_site_name":"Diario Textual","article_publisher":"https:\/\/www.facebook.com\/eltextual","article_published_time":"2026-02-19T21:11:32+00:00","article_modified_time":"2026-02-20T07:28:12+00:00","og_image":[{"width":880,"height":493,"url":"https:\/\/diariotextual.com\/inicio\/wp-content\/uploads\/2024\/05\/fatedespidos2024.png","type":"image\/png"}],"author":"diario3","twitter_card":"summary_large_image","twitter_creator":"@eltextual","twitter_site":"@eltextual","twitter_misc":{"Escrito por":"diario3","Tiempo de lectura":"4 minutos"},"schema":{"@context":"https:\/\/schema.org","@graph":[{"@type":"Article","@id":"https:\/\/diariotextual.com\/inicio\/index.php\/2026\/02\/19\/aumento-de-la-conflictividad-laboral-en-dos-anos-de-gestion-de-milei\/#article","isPartOf":{"@id":"https:\/\/diariotextual.com\/inicio\/index.php\/2026\/02\/19\/aumento-de-la-conflictividad-laboral-en-dos-anos-de-gestion-de-milei\/"},"author":{"name":"diario3","@id":"https:\/\/diariotextual.com\/inicio\/#\/schema\/person\/a1b6f563e0ee944c60f98119389a4d9f"},"headline":"Aumento de la conflictividad laboral en dos a\u00f1os de gesti\u00f3n de Milei","datePublished":"2026-02-19T21:11:32+00:00","dateModified":"2026-02-20T07:28:12+00:00","mainEntityOfPage":{"@id":"https:\/\/diariotextual.com\/inicio\/index.php\/2026\/02\/19\/aumento-de-la-conflictividad-laboral-en-dos-anos-de-gestion-de-milei\/"},"wordCount":709,"publisher":{"@id":"https:\/\/diariotextual.com\/inicio\/#organization"},"image":{"@id":"https:\/\/diariotextual.com\/inicio\/index.php\/2026\/02\/19\/aumento-de-la-conflictividad-laboral-en-dos-anos-de-gestion-de-milei\/#primaryimage"},"thumbnailUrl":"https:\/\/diariotextual.com\/inicio\/wp-content\/uploads\/2024\/05\/fatedespidos2024.png","articleSection":["A - ES NOTICIA (van abajo)","POLITICA"],"inLanguage":"es"},{"@type":"WebPage","@id":"https:\/\/diariotextual.com\/inicio\/index.php\/2026\/02\/19\/aumento-de-la-conflictividad-laboral-en-dos-anos-de-gestion-de-milei\/","url":"https:\/\/diariotextual.com\/inicio\/index.php\/2026\/02\/19\/aumento-de-la-conflictividad-laboral-en-dos-anos-de-gestion-de-milei\/","name":"Aumento de la conflictividad laboral en dos a\u00f1os de gesti\u00f3n de Milei - Diario Textual","isPartOf":{"@id":"https:\/\/diariotextual.com\/inicio\/#website"},"primaryImageOfPage":{"@id":"https:\/\/diariotextual.com\/inicio\/index.php\/2026\/02\/19\/aumento-de-la-conflictividad-laboral-en-dos-anos-de-gestion-de-milei\/#primaryimage"},"image":{"@id":"https:\/\/diariotextual.com\/inicio\/index.php\/2026\/02\/19\/aumento-de-la-conflictividad-laboral-en-dos-anos-de-gestion-de-milei\/#primaryimage"},"thumbnailUrl":"https:\/\/diariotextual.com\/inicio\/wp-content\/uploads\/2024\/05\/fatedespidos2024.png","datePublished":"2026-02-19T21:11:32+00:00","dateModified":"2026-02-20T07:28:12+00:00","breadcrumb":{"@id":"https:\/\/diariotextual.com\/inicio\/index.php\/2026\/02\/19\/aumento-de-la-conflictividad-laboral-en-dos-anos-de-gestion-de-milei\/#breadcrumb"},"inLanguage":"es","potentialAction":[{"@type":"ReadAction","target":["https:\/\/diariotextual.com\/inicio\/index.php\/2026\/02\/19\/aumento-de-la-conflictividad-laboral-en-dos-anos-de-gestion-de-milei\/"]}]},{"@type":"ImageObject","inLanguage":"es","@id":"https:\/\/diariotextual.com\/inicio\/index.php\/2026\/02\/19\/aumento-de-la-conflictividad-laboral-en-dos-anos-de-gestion-de-milei\/#primaryimage","url":"https:\/\/diariotextual.com\/inicio\/wp-content\/uploads\/2024\/05\/fatedespidos2024.png","contentUrl":"https:\/\/diariotextual.com\/inicio\/wp-content\/uploads\/2024\/05\/fatedespidos2024.png","width":880,"height":493},{"@type":"BreadcrumbList","@id":"https:\/\/diariotextual.com\/inicio\/index.php\/2026\/02\/19\/aumento-de-la-conflictividad-laboral-en-dos-anos-de-gestion-de-milei\/#breadcrumb","itemListElement":[{"@type":"ListItem","position":1,"name":"Portada","item":"https:\/\/diariotextual.com\/inicio\/"},{"@type":"ListItem","position":2,"name":"Aumento de la conflictividad laboral en dos a\u00f1os de gesti\u00f3n de Milei"}]},{"@type":"WebSite","@id":"https:\/\/diariotextual.com\/inicio\/#website","url":"https:\/\/diariotextual.com\/inicio\/","name":"Diario Textual","description":"","publisher":{"@id":"https:\/\/diariotextual.com\/inicio\/#organization"},"potentialAction":[{"@type":"SearchAction","target":{"@type":"EntryPoint","urlTemplate":"https:\/\/diariotextual.com\/inicio\/?s={search_term_string}"},"query-input":{"@type":"PropertyValueSpecification","valueRequired":true,"valueName":"search_term_string"}}],"inLanguage":"es"},{"@type":"Organization","@id":"https:\/\/diariotextual.com\/inicio\/#organization","name":"Diario Textual","url":"https:\/\/diariotextual.com\/inicio\/","logo":{"@type":"ImageObject","inLanguage":"es","@id":"https:\/\/diariotextual.com\/inicio\/#\/schema\/logo\/image\/","url":"https:\/\/diariotextual.com\/inicio\/wp-content\/uploads\/2023\/05\/logotextual1.jpg","contentUrl":"https:\/\/diariotextual.com\/inicio\/wp-content\/uploads\/2023\/05\/logotextual1.jpg","width":516,"height":76,"caption":"Diario Textual"},"image":{"@id":"https:\/\/diariotextual.com\/inicio\/#\/schema\/logo\/image\/"},"sameAs":["https:\/\/www.facebook.com\/eltextual","https:\/\/x.com\/eltextual","http:\/\/www.instagram.com\/eltextual"]},{"@type":"Person","@id":"https:\/\/diariotextual.com\/inicio\/#\/schema\/person\/a1b6f563e0ee944c60f98119389a4d9f","name":"diario3","image":{"@type":"ImageObject","inLanguage":"es","@id":"https:\/\/secure.gravatar.com\/avatar\/5e7ee62c82fc04d9dd79d746a390d93c69c43223e5faeeb3ea9461ef752bfc5d?s=96&d=mm&r=g","url":"https:\/\/secure.gravatar.com\/avatar\/5e7ee62c82fc04d9dd79d746a390d93c69c43223e5faeeb3ea9461ef752bfc5d?s=96&d=mm&r=g","contentUrl":"https:\/\/secure.gravatar.com\/avatar\/5e7ee62c82fc04d9dd79d746a390d93c69c43223e5faeeb3ea9461ef752bfc5d?s=96&d=mm&r=g","caption":"diario3"},"url":"https:\/\/diariotextual.com\/inicio\/index.php\/author\/diario3\/"}]}},"_links":{"self":[{"href":"https:\/\/diariotextual.com\/inicio\/index.php\/wp-json\/wp\/v2\/posts\/320118","targetHints":{"allow":["GET"]}}],"collection":[{"href":"https:\/\/diariotextual.com\/inicio\/index.php\/wp-json\/wp\/v2\/posts"}],"about":[{"href":"https:\/\/diariotextual.com\/inicio\/index.php\/wp-json\/wp\/v2\/types\/post"}],"author":[{"embeddable":true,"href":"https:\/\/diariotextual.com\/inicio\/index.php\/wp-json\/wp\/v2\/users\/5"}],"replies":[{"embeddable":true,"href":"https:\/\/diariotextual.com\/inicio\/index.php\/wp-json\/wp\/v2\/comments?post=320118"}],"version-history":[{"count":1,"href":"https:\/\/diariotextual.com\/inicio\/index.php\/wp-json\/wp\/v2\/posts\/320118\/revisions"}],"predecessor-version":[{"id":320119,"href":"https:\/\/diariotextual.com\/inicio\/index.php\/wp-json\/wp\/v2\/posts\/320118\/revisions\/320119"}],"wp:featuredmedia":[{"embeddable":true,"href":"https:\/\/diariotextual.com\/inicio\/index.php\/wp-json\/wp\/v2\/media\/263358"}],"wp:attachment":[{"href":"https:\/\/diariotextual.com\/inicio\/index.php\/wp-json\/wp\/v2\/media?parent=320118"}],"wp:term":[{"taxonomy":"category","embeddable":true,"href":"https:\/\/diariotextual.com\/inicio\/index.php\/wp-json\/wp\/v2\/categories?post=320118"},{"taxonomy":"post_tag","embeddable":true,"href":"https:\/\/diariotextual.com\/inicio\/index.php\/wp-json\/wp\/v2\/tags?post=320118"}],"curies":[{"name":"wp","href":"https:\/\/api.w.org\/{rel}","templated":true}]}}