{"id":320120,"date":"2026-02-19T18:26:30","date_gmt":"2026-02-19T21:26:30","guid":{"rendered":"https:\/\/diariotextual.com\/inicio\/?p=320120"},"modified":"2026-02-20T04:24:16","modified_gmt":"2026-02-20T07:24:16","slug":"reforma-laboral-el-oficialismo-aspira-a-que-se-vote-a-la-medianoche","status":"publish","type":"post","link":"https:\/\/diariotextual.com\/inicio\/index.php\/2026\/02\/19\/reforma-laboral-el-oficialismo-aspira-a-que-se-vote-a-la-medianoche\/","title":{"rendered":"Reforma Laboral: el oficialismo aspira a que se vote a la medianoche"},"content":{"rendered":"\n<p>Con un paro nacional convocado por la CGT como tel\u00f3n de fondo, la <strong>C\u00e1mara de Diputados inici\u00f3 este jueves la sesi\u00f3n en la que se debatir\u00e1 el proyecto de Modernizaci\u00f3n Laboral,<\/strong> que <strong>deber\u00e1 volver al Senado tras haber sido quitado el art\u00edculo referido a las licencias<\/strong> por enfermedades.<\/p>\n\n\n\n<p>En un horario tard\u00edo, con el fin de asegurarse la llegada de los legisladores, producto de la afectaci\u00f3n en los medios de transporte por la huelga, <strong>la reuni\u00f3n se inici\u00f3 a las 14.14 con la presencia de 130 diputados.<\/strong><\/p>\n\n\n\n<p>A los miembros de <strong>La Libertad Avanza se sumaron los del Pro, la UCR, el MID y Por Santa Cruz<\/strong> y los bloques que representan a los gobernadores de Salta, Misiones (Innovaci\u00f3n Federal), Tucum\u00e1n (Independencia), San Juan (Producci\u00f3n y Trabajo) y Catamarca (Elijo Catamarca).<\/p>\n\n\n\n<p>Por el contrario, <strong>no se sentaron en sus bancas en el arranque Uni\u00f3n por la Patria, el interbloque Unidos y el Frente de Izquierda.<\/strong><\/p>\n\n\n\n<div style=\"height:100px\" aria-hidden=\"true\" class=\"wp-block-spacer\"><\/div>\n\n\n\n<p><strong>Reproches e insultos<\/strong><\/p>\n\n\n\n<p>La sesi\u00f3n arranc\u00f3 con un clima caldeado, con UxP quej\u00e1ndose por la falta de acuerdo en Labor Parlamentaria respecto al debate y la votaci\u00f3n a mano alzada que se realiz\u00f3 para aprobarlo. Los legisladores se pararon de sus bancas a protestar con aplausos y algunos increparon a Mart\u00edn Menem en el estrado. Luego de unos minutos se rencauz\u00f3 la reuni\u00f3n.<\/p>\n\n\n\n<p>El proyecto de Reforma Laboral, que el Gobierno busca se sancione definitivamente antes que el presidente Javier Milei asista al Congreso el domingo 1 de marzo, tuvo media sanci\u00f3n del Senado hace una semana atr\u00e1s.<\/p>\n\n\n\n<p>Este mi\u00e9rcoles, apenas un d\u00eda antes, recibi\u00f3 dictamen en las comisiones de Legislaci\u00f3n del Trabajo y de Presupuesto y Hacienda, donde se confirm\u00f3 la eliminaci\u00f3n del art\u00edculo 44 sobre licencias por enfermedades, tema que despert\u00f3 fuerte rechazo -incluido el de aliados- durante el fin de semana largo y el Gobierno anunci\u00f3 que lo quitar\u00eda.<\/p>\n\n\n\n<p>Fue la \u00fanica modificaci\u00f3n que se hizo respecto de la redacci\u00f3n que sali\u00f3 del Senado, pero, tan solo por ese cambio, el proyecto deber\u00e1 volver a la C\u00e1mara alta para su sanci\u00f3n definitiva.<\/p>\n\n\n\n<p>Con ese objetivo, <strong>el Senado ya convoc\u00f3 a un plenario de las comisiones de Trabajo y Previsi\u00f3n Social y de Presupuesto y Hacienda para este viernes a las 10 de la ma\u00f1ana<\/strong>, cosa que gener\u00f3 la indignaci\u00f3n del bloque UP en Diputados, que a trav\u00e9s de su jefe, Germ\u00e1n Mart\u00ednez, expres\u00f3 su protesta por este accionar, al considerar que se est\u00e1 convocando a una reuni\u00f3n en base a datos err\u00f3neos, ya que el expediente en cuesti\u00f3n a\u00fan no ha pasado por la C\u00e1mara baja. Luego se plegaron m\u00e1s opositores a la protesta.<\/p>\n\n\n\n<p>En los planes de La Libertad Avanza, la Modernizaci\u00f3n Laboral ser\u00eda llevada al recinto el pr\u00f3ximo viernes 27, junto con r\u00e9gimen penal juvenil, el Acuerdo Mercosur &#8211; Uni\u00f3n Europea y el pliego como embajador en B\u00e9lgica de Fernando Iglesias.<\/p>\n\n\n\n<p>Volviendo a la Reforma Laboral, el art\u00edculo 44 que se elimin\u00f3 expresa: \u201cEn caso de sufrir un accidente o una enfermedad que no sea consecuencia de la prestaci\u00f3n de tareas derivadas del contrato de trabajo, y que impida dicha prestaci\u00f3n\u201d, el trabajador tendr\u00eda derecho a percibir el 50% del sueldo que percib\u00eda al momento del accidente durante 3 meses si no tuviera personas a cargo, o 6 meses si las tuviera. Mientras que si la imposibilidad de trabajar no resultara de una acci\u00f3n voluntaria y riesgosa, el trabajador recibir\u00eda el 75% de su salario en los mismos plazos.<\/p>\n\n\n\n<p>Hecha la salvedad de la eliminaci\u00f3n completa del art\u00edculo referido, en la votaci\u00f3n en particular se espera que los aliados del Pro insistan con reincorporar un art\u00edculo que permita el cobro del salario a trav\u00e9s de billeteras virtuales.<\/p>\n\n\n\n<p>Por otra parte, en la previa, fuentes del oficialismo admit\u00edan \u201cn\u00fameros justos\u201d para algunos t\u00edtulos de la iniciativa (son 26 en total), como el de la creaci\u00f3n del Fondo de Asistencia Laboral, un mecanismo para financiar indemnizaciones.<\/p>\n","protected":false},"excerpt":{"rendered":"<p>Con un paro nacional convocado por la CGT como tel\u00f3n de fondo, la C\u00e1mara de Diputados inici\u00f3 este jueves la sesi\u00f3n en la que se debatir\u00e1 el proyecto de Modernizaci\u00f3n&hellip;<\/p>\n","protected":false},"author":5,"featured_media":320121,"comment_status":"closed","ping_status":"open","sticky":false,"template":"","format":"standard","meta":{"_acf_changed":false,"footnotes":""},"categories":[8],"tags":[],"class_list":["post-320120","post","type-post","status-publish","format-standard","has-post-thumbnail","hentry","category-politica"],"acf":[],"yoast_head":"<!-- This site is optimized with the Yoast SEO plugin v27.4 - https:\/\/yoast.com\/product\/yoast-seo-wordpress\/ -->\n<title>Reforma Laboral: el oficialismo aspira a que se vote a la medianoche - Diario Textual<\/title>\n<meta name=\"robots\" content=\"index, follow, max-snippet:-1, max-image-preview:large, max-video-preview:-1\" \/>\n<link rel=\"canonical\" href=\"https:\/\/diariotextual.com\/inicio\/index.php\/2026\/02\/19\/reforma-laboral-el-oficialismo-aspira-a-que-se-vote-a-la-medianoche\/\" \/>\n<meta property=\"og:locale\" content=\"es_ES\" \/>\n<meta property=\"og:type\" content=\"article\" \/>\n<meta property=\"og:title\" content=\"Reforma Laboral: el oficialismo aspira a que se vote a la medianoche - Diario Textual\" \/>\n<meta property=\"og:description\" content=\"Con un paro nacional convocado por la CGT como tel\u00f3n de fondo, la C\u00e1mara de Diputados inici\u00f3 este jueves la sesi\u00f3n en la que se debatir\u00e1 el proyecto de Modernizaci\u00f3n&hellip;\" \/>\n<meta property=\"og:url\" content=\"https:\/\/diariotextual.com\/inicio\/index.php\/2026\/02\/19\/reforma-laboral-el-oficialismo-aspira-a-que-se-vote-a-la-medianoche\/\" \/>\n<meta property=\"og:site_name\" content=\"Diario Textual\" \/>\n<meta property=\"article:publisher\" content=\"https:\/\/www.facebook.com\/eltextual\" \/>\n<meta property=\"article:published_time\" content=\"2026-02-19T21:26:30+00:00\" \/>\n<meta property=\"article:modified_time\" content=\"2026-02-20T07:24:16+00:00\" \/>\n<meta property=\"og:image\" content=\"https:\/\/diariotextual.com\/inicio\/wp-content\/uploads\/2026\/02\/diputadoscamarareformalaboral2026.webp\" \/>\n\t<meta property=\"og:image:width\" content=\"750\" \/>\n\t<meta property=\"og:image:height\" content=\"500\" \/>\n\t<meta property=\"og:image:type\" content=\"image\/webp\" \/>\n<meta name=\"author\" content=\"diario3\" \/>\n<meta name=\"twitter:card\" content=\"summary_large_image\" \/>\n<meta name=\"twitter:creator\" content=\"@eltextual\" \/>\n<meta name=\"twitter:site\" content=\"@eltextual\" \/>\n<meta name=\"twitter:label1\" content=\"Escrito por\" \/>\n\t<meta name=\"twitter:data1\" content=\"diario3\" \/>\n\t<meta name=\"twitter:label2\" content=\"Tiempo de lectura\" \/>\n\t<meta name=\"twitter:data2\" content=\"4 minutos\" \/>\n<script type=\"application\/ld+json\" class=\"yoast-schema-graph\">{\"@context\":\"https:\\\/\\\/schema.org\",\"@graph\":[{\"@type\":\"Article\",\"@id\":\"https:\\\/\\\/diariotextual.com\\\/inicio\\\/index.php\\\/2026\\\/02\\\/19\\\/reforma-laboral-el-oficialismo-aspira-a-que-se-vote-a-la-medianoche\\\/#article\",\"isPartOf\":{\"@id\":\"https:\\\/\\\/diariotextual.com\\\/inicio\\\/index.php\\\/2026\\\/02\\\/19\\\/reforma-laboral-el-oficialismo-aspira-a-que-se-vote-a-la-medianoche\\\/\"},\"author\":{\"name\":\"diario3\",\"@id\":\"https:\\\/\\\/diariotextual.com\\\/inicio\\\/#\\\/schema\\\/person\\\/a1b6f563e0ee944c60f98119389a4d9f\"},\"headline\":\"Reforma Laboral: el oficialismo aspira a que se vote a la medianoche\",\"datePublished\":\"2026-02-19T21:26:30+00:00\",\"dateModified\":\"2026-02-20T07:24:16+00:00\",\"mainEntityOfPage\":{\"@id\":\"https:\\\/\\\/diariotextual.com\\\/inicio\\\/index.php\\\/2026\\\/02\\\/19\\\/reforma-laboral-el-oficialismo-aspira-a-que-se-vote-a-la-medianoche\\\/\"},\"wordCount\":707,\"publisher\":{\"@id\":\"https:\\\/\\\/diariotextual.com\\\/inicio\\\/#organization\"},\"image\":{\"@id\":\"https:\\\/\\\/diariotextual.com\\\/inicio\\\/index.php\\\/2026\\\/02\\\/19\\\/reforma-laboral-el-oficialismo-aspira-a-que-se-vote-a-la-medianoche\\\/#primaryimage\"},\"thumbnailUrl\":\"https:\\\/\\\/diariotextual.com\\\/inicio\\\/wp-content\\\/uploads\\\/2026\\\/02\\\/diputadoscamarareformalaboral2026.webp\",\"articleSection\":[\"POLITICA\"],\"inLanguage\":\"es\"},{\"@type\":\"WebPage\",\"@id\":\"https:\\\/\\\/diariotextual.com\\\/inicio\\\/index.php\\\/2026\\\/02\\\/19\\\/reforma-laboral-el-oficialismo-aspira-a-que-se-vote-a-la-medianoche\\\/\",\"url\":\"https:\\\/\\\/diariotextual.com\\\/inicio\\\/index.php\\\/2026\\\/02\\\/19\\\/reforma-laboral-el-oficialismo-aspira-a-que-se-vote-a-la-medianoche\\\/\",\"name\":\"Reforma Laboral: el oficialismo aspira a que se vote a la medianoche - Diario Textual\",\"isPartOf\":{\"@id\":\"https:\\\/\\\/diariotextual.com\\\/inicio\\\/#website\"},\"primaryImageOfPage\":{\"@id\":\"https:\\\/\\\/diariotextual.com\\\/inicio\\\/index.php\\\/2026\\\/02\\\/19\\\/reforma-laboral-el-oficialismo-aspira-a-que-se-vote-a-la-medianoche\\\/#primaryimage\"},\"image\":{\"@id\":\"https:\\\/\\\/diariotextual.com\\\/inicio\\\/index.php\\\/2026\\\/02\\\/19\\\/reforma-laboral-el-oficialismo-aspira-a-que-se-vote-a-la-medianoche\\\/#primaryimage\"},\"thumbnailUrl\":\"https:\\\/\\\/diariotextual.com\\\/inicio\\\/wp-content\\\/uploads\\\/2026\\\/02\\\/diputadoscamarareformalaboral2026.webp\",\"datePublished\":\"2026-02-19T21:26:30+00:00\",\"dateModified\":\"2026-02-20T07:24:16+00:00\",\"breadcrumb\":{\"@id\":\"https:\\\/\\\/diariotextual.com\\\/inicio\\\/index.php\\\/2026\\\/02\\\/19\\\/reforma-laboral-el-oficialismo-aspira-a-que-se-vote-a-la-medianoche\\\/#breadcrumb\"},\"inLanguage\":\"es\",\"potentialAction\":[{\"@type\":\"ReadAction\",\"target\":[\"https:\\\/\\\/diariotextual.com\\\/inicio\\\/index.php\\\/2026\\\/02\\\/19\\\/reforma-laboral-el-oficialismo-aspira-a-que-se-vote-a-la-medianoche\\\/\"]}]},{\"@type\":\"ImageObject\",\"inLanguage\":\"es\",\"@id\":\"https:\\\/\\\/diariotextual.com\\\/inicio\\\/index.php\\\/2026\\\/02\\\/19\\\/reforma-laboral-el-oficialismo-aspira-a-que-se-vote-a-la-medianoche\\\/#primaryimage\",\"url\":\"https:\\\/\\\/diariotextual.com\\\/inicio\\\/wp-content\\\/uploads\\\/2026\\\/02\\\/diputadoscamarareformalaboral2026.webp\",\"contentUrl\":\"https:\\\/\\\/diariotextual.com\\\/inicio\\\/wp-content\\\/uploads\\\/2026\\\/02\\\/diputadoscamarareformalaboral2026.webp\",\"width\":750,\"height\":500},{\"@type\":\"BreadcrumbList\",\"@id\":\"https:\\\/\\\/diariotextual.com\\\/inicio\\\/index.php\\\/2026\\\/02\\\/19\\\/reforma-laboral-el-oficialismo-aspira-a-que-se-vote-a-la-medianoche\\\/#breadcrumb\",\"itemListElement\":[{\"@type\":\"ListItem\",\"position\":1,\"name\":\"Portada\",\"item\":\"https:\\\/\\\/diariotextual.com\\\/inicio\\\/\"},{\"@type\":\"ListItem\",\"position\":2,\"name\":\"Reforma Laboral: el oficialismo aspira a que se vote a la medianoche\"}]},{\"@type\":\"WebSite\",\"@id\":\"https:\\\/\\\/diariotextual.com\\\/inicio\\\/#website\",\"url\":\"https:\\\/\\\/diariotextual.com\\\/inicio\\\/\",\"name\":\"Diario Textual\",\"description\":\"\",\"publisher\":{\"@id\":\"https:\\\/\\\/diariotextual.com\\\/inicio\\\/#organization\"},\"potentialAction\":[{\"@type\":\"SearchAction\",\"target\":{\"@type\":\"EntryPoint\",\"urlTemplate\":\"https:\\\/\\\/diariotextual.com\\\/inicio\\\/?s={search_term_string}\"},\"query-input\":{\"@type\":\"PropertyValueSpecification\",\"valueRequired\":true,\"valueName\":\"search_term_string\"}}],\"inLanguage\":\"es\"},{\"@type\":\"Organization\",\"@id\":\"https:\\\/\\\/diariotextual.com\\\/inicio\\\/#organization\",\"name\":\"Diario Textual\",\"url\":\"https:\\\/\\\/diariotextual.com\\\/inicio\\\/\",\"logo\":{\"@type\":\"ImageObject\",\"inLanguage\":\"es\",\"@id\":\"https:\\\/\\\/diariotextual.com\\\/inicio\\\/#\\\/schema\\\/logo\\\/image\\\/\",\"url\":\"https:\\\/\\\/diariotextual.com\\\/inicio\\\/wp-content\\\/uploads\\\/2023\\\/05\\\/logotextual1.jpg\",\"contentUrl\":\"https:\\\/\\\/diariotextual.com\\\/inicio\\\/wp-content\\\/uploads\\\/2023\\\/05\\\/logotextual1.jpg\",\"width\":516,\"height\":76,\"caption\":\"Diario Textual\"},\"image\":{\"@id\":\"https:\\\/\\\/diariotextual.com\\\/inicio\\\/#\\\/schema\\\/logo\\\/image\\\/\"},\"sameAs\":[\"https:\\\/\\\/www.facebook.com\\\/eltextual\",\"https:\\\/\\\/x.com\\\/eltextual\",\"http:\\\/\\\/www.instagram.com\\\/eltextual\"]},{\"@type\":\"Person\",\"@id\":\"https:\\\/\\\/diariotextual.com\\\/inicio\\\/#\\\/schema\\\/person\\\/a1b6f563e0ee944c60f98119389a4d9f\",\"name\":\"diario3\",\"image\":{\"@type\":\"ImageObject\",\"inLanguage\":\"es\",\"@id\":\"https:\\\/\\\/secure.gravatar.com\\\/avatar\\\/5e7ee62c82fc04d9dd79d746a390d93c69c43223e5faeeb3ea9461ef752bfc5d?s=96&d=mm&r=g\",\"url\":\"https:\\\/\\\/secure.gravatar.com\\\/avatar\\\/5e7ee62c82fc04d9dd79d746a390d93c69c43223e5faeeb3ea9461ef752bfc5d?s=96&d=mm&r=g\",\"contentUrl\":\"https:\\\/\\\/secure.gravatar.com\\\/avatar\\\/5e7ee62c82fc04d9dd79d746a390d93c69c43223e5faeeb3ea9461ef752bfc5d?s=96&d=mm&r=g\",\"caption\":\"diario3\"},\"url\":\"https:\\\/\\\/diariotextual.com\\\/inicio\\\/index.php\\\/author\\\/diario3\\\/\"}]}<\/script>\n<!-- \/ Yoast SEO plugin. -->","yoast_head_json":{"title":"Reforma Laboral: el oficialismo aspira a que se vote a la medianoche - Diario Textual","robots":{"index":"index","follow":"follow","max-snippet":"max-snippet:-1","max-image-preview":"max-image-preview:large","max-video-preview":"max-video-preview:-1"},"canonical":"https:\/\/diariotextual.com\/inicio\/index.php\/2026\/02\/19\/reforma-laboral-el-oficialismo-aspira-a-que-se-vote-a-la-medianoche\/","og_locale":"es_ES","og_type":"article","og_title":"Reforma Laboral: el oficialismo aspira a que se vote a la medianoche - Diario Textual","og_description":"Con un paro nacional convocado por la CGT como tel\u00f3n de fondo, la C\u00e1mara de Diputados inici\u00f3 este jueves la sesi\u00f3n en la que se debatir\u00e1 el proyecto de Modernizaci\u00f3n&hellip;","og_url":"https:\/\/diariotextual.com\/inicio\/index.php\/2026\/02\/19\/reforma-laboral-el-oficialismo-aspira-a-que-se-vote-a-la-medianoche\/","og_site_name":"Diario Textual","article_publisher":"https:\/\/www.facebook.com\/eltextual","article_published_time":"2026-02-19T21:26:30+00:00","article_modified_time":"2026-02-20T07:24:16+00:00","og_image":[{"width":750,"height":500,"url":"https:\/\/diariotextual.com\/inicio\/wp-content\/uploads\/2026\/02\/diputadoscamarareformalaboral2026.webp","type":"image\/webp"}],"author":"diario3","twitter_card":"summary_large_image","twitter_creator":"@eltextual","twitter_site":"@eltextual","twitter_misc":{"Escrito por":"diario3","Tiempo de lectura":"4 minutos"},"schema":{"@context":"https:\/\/schema.org","@graph":[{"@type":"Article","@id":"https:\/\/diariotextual.com\/inicio\/index.php\/2026\/02\/19\/reforma-laboral-el-oficialismo-aspira-a-que-se-vote-a-la-medianoche\/#article","isPartOf":{"@id":"https:\/\/diariotextual.com\/inicio\/index.php\/2026\/02\/19\/reforma-laboral-el-oficialismo-aspira-a-que-se-vote-a-la-medianoche\/"},"author":{"name":"diario3","@id":"https:\/\/diariotextual.com\/inicio\/#\/schema\/person\/a1b6f563e0ee944c60f98119389a4d9f"},"headline":"Reforma Laboral: el oficialismo aspira a que se vote a la medianoche","datePublished":"2026-02-19T21:26:30+00:00","dateModified":"2026-02-20T07:24:16+00:00","mainEntityOfPage":{"@id":"https:\/\/diariotextual.com\/inicio\/index.php\/2026\/02\/19\/reforma-laboral-el-oficialismo-aspira-a-que-se-vote-a-la-medianoche\/"},"wordCount":707,"publisher":{"@id":"https:\/\/diariotextual.com\/inicio\/#organization"},"image":{"@id":"https:\/\/diariotextual.com\/inicio\/index.php\/2026\/02\/19\/reforma-laboral-el-oficialismo-aspira-a-que-se-vote-a-la-medianoche\/#primaryimage"},"thumbnailUrl":"https:\/\/diariotextual.com\/inicio\/wp-content\/uploads\/2026\/02\/diputadoscamarareformalaboral2026.webp","articleSection":["POLITICA"],"inLanguage":"es"},{"@type":"WebPage","@id":"https:\/\/diariotextual.com\/inicio\/index.php\/2026\/02\/19\/reforma-laboral-el-oficialismo-aspira-a-que-se-vote-a-la-medianoche\/","url":"https:\/\/diariotextual.com\/inicio\/index.php\/2026\/02\/19\/reforma-laboral-el-oficialismo-aspira-a-que-se-vote-a-la-medianoche\/","name":"Reforma Laboral: el oficialismo aspira a que se vote a la medianoche - Diario Textual","isPartOf":{"@id":"https:\/\/diariotextual.com\/inicio\/#website"},"primaryImageOfPage":{"@id":"https:\/\/diariotextual.com\/inicio\/index.php\/2026\/02\/19\/reforma-laboral-el-oficialismo-aspira-a-que-se-vote-a-la-medianoche\/#primaryimage"},"image":{"@id":"https:\/\/diariotextual.com\/inicio\/index.php\/2026\/02\/19\/reforma-laboral-el-oficialismo-aspira-a-que-se-vote-a-la-medianoche\/#primaryimage"},"thumbnailUrl":"https:\/\/diariotextual.com\/inicio\/wp-content\/uploads\/2026\/02\/diputadoscamarareformalaboral2026.webp","datePublished":"2026-02-19T21:26:30+00:00","dateModified":"2026-02-20T07:24:16+00:00","breadcrumb":{"@id":"https:\/\/diariotextual.com\/inicio\/index.php\/2026\/02\/19\/reforma-laboral-el-oficialismo-aspira-a-que-se-vote-a-la-medianoche\/#breadcrumb"},"inLanguage":"es","potentialAction":[{"@type":"ReadAction","target":["https:\/\/diariotextual.com\/inicio\/index.php\/2026\/02\/19\/reforma-laboral-el-oficialismo-aspira-a-que-se-vote-a-la-medianoche\/"]}]},{"@type":"ImageObject","inLanguage":"es","@id":"https:\/\/diariotextual.com\/inicio\/index.php\/2026\/02\/19\/reforma-laboral-el-oficialismo-aspira-a-que-se-vote-a-la-medianoche\/#primaryimage","url":"https:\/\/diariotextual.com\/inicio\/wp-content\/uploads\/2026\/02\/diputadoscamarareformalaboral2026.webp","contentUrl":"https:\/\/diariotextual.com\/inicio\/wp-content\/uploads\/2026\/02\/diputadoscamarareformalaboral2026.webp","width":750,"height":500},{"@type":"BreadcrumbList","@id":"https:\/\/diariotextual.com\/inicio\/index.php\/2026\/02\/19\/reforma-laboral-el-oficialismo-aspira-a-que-se-vote-a-la-medianoche\/#breadcrumb","itemListElement":[{"@type":"ListItem","position":1,"name":"Portada","item":"https:\/\/diariotextual.com\/inicio\/"},{"@type":"ListItem","position":2,"name":"Reforma Laboral: el oficialismo aspira a que se vote a la medianoche"}]},{"@type":"WebSite","@id":"https:\/\/diariotextual.com\/inicio\/#website","url":"https:\/\/diariotextual.com\/inicio\/","name":"Diario Textual","description":"","publisher":{"@id":"https:\/\/diariotextual.com\/inicio\/#organization"},"potentialAction":[{"@type":"SearchAction","target":{"@type":"EntryPoint","urlTemplate":"https:\/\/diariotextual.com\/inicio\/?s={search_term_string}"},"query-input":{"@type":"PropertyValueSpecification","valueRequired":true,"valueName":"search_term_string"}}],"inLanguage":"es"},{"@type":"Organization","@id":"https:\/\/diariotextual.com\/inicio\/#organization","name":"Diario Textual","url":"https:\/\/diariotextual.com\/inicio\/","logo":{"@type":"ImageObject","inLanguage":"es","@id":"https:\/\/diariotextual.com\/inicio\/#\/schema\/logo\/image\/","url":"https:\/\/diariotextual.com\/inicio\/wp-content\/uploads\/2023\/05\/logotextual1.jpg","contentUrl":"https:\/\/diariotextual.com\/inicio\/wp-content\/uploads\/2023\/05\/logotextual1.jpg","width":516,"height":76,"caption":"Diario Textual"},"image":{"@id":"https:\/\/diariotextual.com\/inicio\/#\/schema\/logo\/image\/"},"sameAs":["https:\/\/www.facebook.com\/eltextual","https:\/\/x.com\/eltextual","http:\/\/www.instagram.com\/eltextual"]},{"@type":"Person","@id":"https:\/\/diariotextual.com\/inicio\/#\/schema\/person\/a1b6f563e0ee944c60f98119389a4d9f","name":"diario3","image":{"@type":"ImageObject","inLanguage":"es","@id":"https:\/\/secure.gravatar.com\/avatar\/5e7ee62c82fc04d9dd79d746a390d93c69c43223e5faeeb3ea9461ef752bfc5d?s=96&d=mm&r=g","url":"https:\/\/secure.gravatar.com\/avatar\/5e7ee62c82fc04d9dd79d746a390d93c69c43223e5faeeb3ea9461ef752bfc5d?s=96&d=mm&r=g","contentUrl":"https:\/\/secure.gravatar.com\/avatar\/5e7ee62c82fc04d9dd79d746a390d93c69c43223e5faeeb3ea9461ef752bfc5d?s=96&d=mm&r=g","caption":"diario3"},"url":"https:\/\/diariotextual.com\/inicio\/index.php\/author\/diario3\/"}]}},"_links":{"self":[{"href":"https:\/\/diariotextual.com\/inicio\/index.php\/wp-json\/wp\/v2\/posts\/320120","targetHints":{"allow":["GET"]}}],"collection":[{"href":"https:\/\/diariotextual.com\/inicio\/index.php\/wp-json\/wp\/v2\/posts"}],"about":[{"href":"https:\/\/diariotextual.com\/inicio\/index.php\/wp-json\/wp\/v2\/types\/post"}],"author":[{"embeddable":true,"href":"https:\/\/diariotextual.com\/inicio\/index.php\/wp-json\/wp\/v2\/users\/5"}],"replies":[{"embeddable":true,"href":"https:\/\/diariotextual.com\/inicio\/index.php\/wp-json\/wp\/v2\/comments?post=320120"}],"version-history":[{"count":1,"href":"https:\/\/diariotextual.com\/inicio\/index.php\/wp-json\/wp\/v2\/posts\/320120\/revisions"}],"predecessor-version":[{"id":320122,"href":"https:\/\/diariotextual.com\/inicio\/index.php\/wp-json\/wp\/v2\/posts\/320120\/revisions\/320122"}],"wp:featuredmedia":[{"embeddable":true,"href":"https:\/\/diariotextual.com\/inicio\/index.php\/wp-json\/wp\/v2\/media\/320121"}],"wp:attachment":[{"href":"https:\/\/diariotextual.com\/inicio\/index.php\/wp-json\/wp\/v2\/media?parent=320120"}],"wp:term":[{"taxonomy":"category","embeddable":true,"href":"https:\/\/diariotextual.com\/inicio\/index.php\/wp-json\/wp\/v2\/categories?post=320120"},{"taxonomy":"post_tag","embeddable":true,"href":"https:\/\/diariotextual.com\/inicio\/index.php\/wp-json\/wp\/v2\/tags?post=320120"}],"curies":[{"name":"wp","href":"https:\/\/api.w.org\/{rel}","templated":true}]}}