{"id":320123,"date":"2026-02-19T18:48:47","date_gmt":"2026-02-19T21:48:47","guid":{"rendered":"https:\/\/diariotextual.com\/inicio\/?p=320123"},"modified":"2026-02-19T18:48:49","modified_gmt":"2026-02-19T21:48:49","slug":"la-cgt-concreto-el-cuarto-paro-en-la-gestion-milei-y-destaco-un-acatamiento-de-mas-del-90","status":"publish","type":"post","link":"https:\/\/diariotextual.com\/inicio\/index.php\/2026\/02\/19\/la-cgt-concreto-el-cuarto-paro-en-la-gestion-milei-y-destaco-un-acatamiento-de-mas-del-90\/","title":{"rendered":"La CGT concret\u00f3 el cuarto paro en la gesti\u00f3n Milei y destac\u00f3 un acatamiento de m\u00e1s del 90%"},"content":{"rendered":"\n<p>La <strong>Confederaci\u00f3n General del Trabajo concret\u00f3 este jueves su cuarto paro general en la gesti\u00f3n de Javier Milei<\/strong>, esta vez en <strong>rechazo al proyecto de reforma laboral que se debate en el Congreso,<\/strong> y el cosecretario general de la central, Jorge Sola, remarc\u00f3 que el nivel de acatamiento fue de m\u00e1s del 90 por ciento.<\/p>\n\n\n\n<p>\u201cHemos sido consecuentes y responsables en mantener la paz social\u201d, expres\u00f3 Sola en una conferencia de prensa posterior, en la que <strong>defini\u00f3 a la reforma laboral como un proyecto que \u201cretrocede 100 a\u00f1os\u201d<\/strong>.<\/p>\n\n\n\n<p>La medida de fuerza se not\u00f3 principalmente en el m\u00ednimo funcionamiento del transporte p\u00fablico, ya que s\u00f3lo salieron a las calles las l\u00edneas de colectivos pertenecientes al grupo DOTA, cuyos choferes no est\u00e1n afiliados a la UTA.<\/p>\n\n\n\n<p>Por ende, los <strong>servicios de autos de aplicaciones y combis fueron las alternativas para suplir la falta de colectivos, trenes y subtes.<\/strong><\/p>\n\n\n\n<p>Tambi\u00e9n se paraliz\u00f3 el funcionamiento de la mayor\u00eda de las f\u00e1bricas de diferentes sectores de la industria, como tambi\u00e9n la atenci\u00f3n al p\u00fablico en dependencias p\u00fablicas, bancos y otras entidades.<\/p>\n\n\n\n<p>Donde <strong>menos se sinti\u00f3 el paro de la CGT fue en los comercios a la calle de casi todos los rubros<\/strong>, que en un buen porcentaje abrieron las persianas y funcionaron con total normalidad, seg\u00fan constat\u00f3 la Agencia Noticias Argentinas.<\/p>\n\n\n\n<figure class=\"wp-block-embed is-type-wp-embed is-provider-diario-textual wp-block-embed-diario-textual\"><div class=\"wp-block-embed__wrapper\">\n<blockquote class=\"wp-embedded-content\" data-secret=\"KWimh4KPf2\"><a href=\"https:\/\/diariotextual.com\/inicio\/index.php\/2026\/02\/19\/reforma-laboral-el-oficialismo-aspira-a-que-se-vote-a-la-medianoche\/\">Reforma Laboral: el oficialismo aspira a que se vote a la medianoche<\/a><\/blockquote><iframe class=\"wp-embedded-content\" sandbox=\"allow-scripts\" security=\"restricted\" style=\"position: absolute; visibility: hidden;\" title=\"\u00abReforma Laboral: el oficialismo aspira a que se vote a la medianoche\u00bb \u2014 Diario Textual\" src=\"https:\/\/diariotextual.com\/inicio\/index.php\/2026\/02\/19\/reforma-laboral-el-oficialismo-aspira-a-que-se-vote-a-la-medianoche\/embed\/#?secret=n9WnW9U5CZ#?secret=KWimh4KPf2\" data-secret=\"KWimh4KPf2\" width=\"600\" height=\"338\" frameborder=\"0\" marginwidth=\"0\" marginheight=\"0\" scrolling=\"no\"><\/iframe>\n<\/div><\/figure>\n\n\n\n<div style=\"height:100px\" aria-hidden=\"true\" class=\"wp-block-spacer\"><\/div>\n\n\n\n<p><strong>Balance<\/strong><\/p>\n\n\n\n<p>Sola sostuvo que la <strong>huelga reflej\u00f3 un respaldo \u201ca las medidas que adoptaron las organizaciones sindicales\u201d<\/strong> en rechazo a los cambios en la normativa que rige el \u00e1mbito del trabajo.<\/p>\n\n\n\n<p>\u201cEl acatamiento es important\u00edsimo, ya desde ayer a las 10 de la noche los sectores fabriles con turnos nocturnos empezaron a dejar sus puestos de trabajo\u201d, afirm\u00f3 Sola, en declaraciones a Radio Rivadavia.<\/p>\n\n\n\n<p>Respecto a la <strong>adhesi\u00f3n del gremio de colectiveros de la UTA y c\u00f3mo esto condicion\u00f3 a quienes quisieron ir a trabajar, el sindicalista sostuvo que los choferes \u201ctienen derecho a expresarse tambi\u00e9n<\/strong>, y esa adhesi\u00f3n es un apoyo y una unidad de concepci\u00f3n\u201d.<\/p>\n\n\n\n<p>El respaldo al paro significa \u201cun enorme rechazo a la destrucci\u00f3n del tejido productivo que se est\u00e1 haciendo desde hace dos a\u00f1os y que cada vez tiene mayor profundidad\u201d, asegur\u00f3 el titular del sindicato del Seguro.<\/p>\n\n\n\n<p>Puntualiz\u00f3 adem\u00e1s que el caso de la empresa de neum\u00e1ticos FATE, que este mi\u00e9rcoles anunci\u00f3 su cierre, \u201ces solo la punta del iceberg de 300.000 puestos de trabajo formales que se han ca\u00eddo\u201d desde la llegada de Milei al gobierno.<\/p>\n\n\n\n<p>\u201cLa CGT en toda su amplitud est\u00e1 convencida de que el Gobierno debe representar los intereses de los trabajadores, esto no tiene que ver con ideolog\u00edas, porque muchos de los que nosotros representamos votaron al Gobierno y otros a la oposici\u00f3n\u201d, a\u00f1adi\u00f3 Sola.<\/p>\n\n\n\n<figure class=\"wp-block-embed is-type-wp-embed is-provider-diario-textual wp-block-embed-diario-textual\"><div class=\"wp-block-embed__wrapper\">\n<blockquote class=\"wp-embedded-content\" data-secret=\"Dcr882dOps\"><a href=\"https:\/\/diariotextual.com\/inicio\/index.php\/2026\/02\/19\/aumento-de-la-conflictividad-laboral-en-dos-anos-de-gestion-de-milei\/\">Aumento de la conflictividad laboral en dos a\u00f1os de gesti\u00f3n de Milei<\/a><\/blockquote><iframe class=\"wp-embedded-content\" sandbox=\"allow-scripts\" security=\"restricted\" style=\"position: absolute; visibility: hidden;\" title=\"\u00abAumento de la conflictividad laboral en dos a\u00f1os de gesti\u00f3n de Milei\u00bb \u2014 Diario Textual\" src=\"https:\/\/diariotextual.com\/inicio\/index.php\/2026\/02\/19\/aumento-de-la-conflictividad-laboral-en-dos-anos-de-gestion-de-milei\/embed\/#?secret=df7HcgJlEc#?secret=Dcr882dOps\" data-secret=\"Dcr882dOps\" width=\"600\" height=\"338\" frameborder=\"0\" marginwidth=\"0\" marginheight=\"0\" scrolling=\"no\"><\/iframe>\n<\/div><\/figure>\n","protected":false},"excerpt":{"rendered":"<p>La Confederaci\u00f3n General del Trabajo concret\u00f3 este jueves su cuarto paro general en la gesti\u00f3n de Javier Milei, esta vez en rechazo al proyecto de reforma laboral que se debate&hellip;<\/p>\n","protected":false},"author":5,"featured_media":320124,"comment_status":"closed","ping_status":"open","sticky":false,"template":"","format":"standard","meta":{"_acf_changed":false,"footnotes":""},"categories":[1,12],"tags":[],"class_list":["post-320123","post","type-post","status-publish","format-standard","has-post-thumbnail","hentry","category-es-noticia","category-sociedad"],"acf":[],"yoast_head":"<!-- This site is optimized with the Yoast SEO plugin v27.4 - https:\/\/yoast.com\/product\/yoast-seo-wordpress\/ -->\n<title>La CGT concret\u00f3 el cuarto paro en la gesti\u00f3n Milei y destac\u00f3 un acatamiento de m\u00e1s del 90% - Diario Textual<\/title>\n<meta name=\"robots\" content=\"index, follow, max-snippet:-1, max-image-preview:large, max-video-preview:-1\" \/>\n<link rel=\"canonical\" href=\"https:\/\/diariotextual.com\/inicio\/index.php\/2026\/02\/19\/la-cgt-concreto-el-cuarto-paro-en-la-gestion-milei-y-destaco-un-acatamiento-de-mas-del-90\/\" \/>\n<meta property=\"og:locale\" content=\"es_ES\" \/>\n<meta property=\"og:type\" content=\"article\" \/>\n<meta property=\"og:title\" content=\"La CGT concret\u00f3 el cuarto paro en la gesti\u00f3n Milei y destac\u00f3 un acatamiento de m\u00e1s del 90% - Diario Textual\" \/>\n<meta property=\"og:description\" content=\"La Confederaci\u00f3n General del Trabajo concret\u00f3 este jueves su cuarto paro general en la gesti\u00f3n de Javier Milei, esta vez en rechazo al proyecto de reforma laboral que se debate&hellip;\" \/>\n<meta property=\"og:url\" content=\"https:\/\/diariotextual.com\/inicio\/index.php\/2026\/02\/19\/la-cgt-concreto-el-cuarto-paro-en-la-gestion-milei-y-destaco-un-acatamiento-de-mas-del-90\/\" \/>\n<meta property=\"og:site_name\" content=\"Diario Textual\" \/>\n<meta property=\"article:publisher\" content=\"https:\/\/www.facebook.com\/eltextual\" \/>\n<meta property=\"article:published_time\" content=\"2026-02-19T21:48:47+00:00\" \/>\n<meta property=\"article:modified_time\" content=\"2026-02-19T21:48:49+00:00\" \/>\n<meta property=\"og:image\" content=\"https:\/\/diariotextual.com\/inicio\/wp-content\/uploads\/2026\/02\/parocgtfebrero2026.webp\" \/>\n\t<meta property=\"og:image:width\" content=\"790\" \/>\n\t<meta property=\"og:image:height\" content=\"445\" \/>\n\t<meta property=\"og:image:type\" content=\"image\/webp\" \/>\n<meta name=\"author\" content=\"diario3\" \/>\n<meta name=\"twitter:card\" content=\"summary_large_image\" \/>\n<meta name=\"twitter:creator\" content=\"@eltextual\" \/>\n<meta name=\"twitter:site\" content=\"@eltextual\" \/>\n<meta name=\"twitter:label1\" content=\"Escrito por\" \/>\n\t<meta name=\"twitter:data1\" content=\"diario3\" \/>\n\t<meta name=\"twitter:label2\" content=\"Tiempo de lectura\" \/>\n\t<meta name=\"twitter:data2\" content=\"3 minutos\" \/>\n<script type=\"application\/ld+json\" class=\"yoast-schema-graph\">{\"@context\":\"https:\\\/\\\/schema.org\",\"@graph\":[{\"@type\":\"Article\",\"@id\":\"https:\\\/\\\/diariotextual.com\\\/inicio\\\/index.php\\\/2026\\\/02\\\/19\\\/la-cgt-concreto-el-cuarto-paro-en-la-gestion-milei-y-destaco-un-acatamiento-de-mas-del-90\\\/#article\",\"isPartOf\":{\"@id\":\"https:\\\/\\\/diariotextual.com\\\/inicio\\\/index.php\\\/2026\\\/02\\\/19\\\/la-cgt-concreto-el-cuarto-paro-en-la-gestion-milei-y-destaco-un-acatamiento-de-mas-del-90\\\/\"},\"author\":{\"name\":\"diario3\",\"@id\":\"https:\\\/\\\/diariotextual.com\\\/inicio\\\/#\\\/schema\\\/person\\\/a1b6f563e0ee944c60f98119389a4d9f\"},\"headline\":\"La CGT concret\u00f3 el cuarto paro en la gesti\u00f3n Milei y destac\u00f3 un acatamiento de m\u00e1s del 90%\",\"datePublished\":\"2026-02-19T21:48:47+00:00\",\"dateModified\":\"2026-02-19T21:48:49+00:00\",\"mainEntityOfPage\":{\"@id\":\"https:\\\/\\\/diariotextual.com\\\/inicio\\\/index.php\\\/2026\\\/02\\\/19\\\/la-cgt-concreto-el-cuarto-paro-en-la-gestion-milei-y-destaco-un-acatamiento-de-mas-del-90\\\/\"},\"wordCount\":504,\"publisher\":{\"@id\":\"https:\\\/\\\/diariotextual.com\\\/inicio\\\/#organization\"},\"image\":{\"@id\":\"https:\\\/\\\/diariotextual.com\\\/inicio\\\/index.php\\\/2026\\\/02\\\/19\\\/la-cgt-concreto-el-cuarto-paro-en-la-gestion-milei-y-destaco-un-acatamiento-de-mas-del-90\\\/#primaryimage\"},\"thumbnailUrl\":\"https:\\\/\\\/diariotextual.com\\\/inicio\\\/wp-content\\\/uploads\\\/2026\\\/02\\\/parocgtfebrero2026.webp\",\"articleSection\":[\"A - ES NOTICIA (van abajo)\",\"SOCIEDAD\"],\"inLanguage\":\"es\"},{\"@type\":\"WebPage\",\"@id\":\"https:\\\/\\\/diariotextual.com\\\/inicio\\\/index.php\\\/2026\\\/02\\\/19\\\/la-cgt-concreto-el-cuarto-paro-en-la-gestion-milei-y-destaco-un-acatamiento-de-mas-del-90\\\/\",\"url\":\"https:\\\/\\\/diariotextual.com\\\/inicio\\\/index.php\\\/2026\\\/02\\\/19\\\/la-cgt-concreto-el-cuarto-paro-en-la-gestion-milei-y-destaco-un-acatamiento-de-mas-del-90\\\/\",\"name\":\"La CGT concret\u00f3 el cuarto paro en la gesti\u00f3n Milei y destac\u00f3 un acatamiento de m\u00e1s del 90% - Diario Textual\",\"isPartOf\":{\"@id\":\"https:\\\/\\\/diariotextual.com\\\/inicio\\\/#website\"},\"primaryImageOfPage\":{\"@id\":\"https:\\\/\\\/diariotextual.com\\\/inicio\\\/index.php\\\/2026\\\/02\\\/19\\\/la-cgt-concreto-el-cuarto-paro-en-la-gestion-milei-y-destaco-un-acatamiento-de-mas-del-90\\\/#primaryimage\"},\"image\":{\"@id\":\"https:\\\/\\\/diariotextual.com\\\/inicio\\\/index.php\\\/2026\\\/02\\\/19\\\/la-cgt-concreto-el-cuarto-paro-en-la-gestion-milei-y-destaco-un-acatamiento-de-mas-del-90\\\/#primaryimage\"},\"thumbnailUrl\":\"https:\\\/\\\/diariotextual.com\\\/inicio\\\/wp-content\\\/uploads\\\/2026\\\/02\\\/parocgtfebrero2026.webp\",\"datePublished\":\"2026-02-19T21:48:47+00:00\",\"dateModified\":\"2026-02-19T21:48:49+00:00\",\"breadcrumb\":{\"@id\":\"https:\\\/\\\/diariotextual.com\\\/inicio\\\/index.php\\\/2026\\\/02\\\/19\\\/la-cgt-concreto-el-cuarto-paro-en-la-gestion-milei-y-destaco-un-acatamiento-de-mas-del-90\\\/#breadcrumb\"},\"inLanguage\":\"es\",\"potentialAction\":[{\"@type\":\"ReadAction\",\"target\":[\"https:\\\/\\\/diariotextual.com\\\/inicio\\\/index.php\\\/2026\\\/02\\\/19\\\/la-cgt-concreto-el-cuarto-paro-en-la-gestion-milei-y-destaco-un-acatamiento-de-mas-del-90\\\/\"]}]},{\"@type\":\"ImageObject\",\"inLanguage\":\"es\",\"@id\":\"https:\\\/\\\/diariotextual.com\\\/inicio\\\/index.php\\\/2026\\\/02\\\/19\\\/la-cgt-concreto-el-cuarto-paro-en-la-gestion-milei-y-destaco-un-acatamiento-de-mas-del-90\\\/#primaryimage\",\"url\":\"https:\\\/\\\/diariotextual.com\\\/inicio\\\/wp-content\\\/uploads\\\/2026\\\/02\\\/parocgtfebrero2026.webp\",\"contentUrl\":\"https:\\\/\\\/diariotextual.com\\\/inicio\\\/wp-content\\\/uploads\\\/2026\\\/02\\\/parocgtfebrero2026.webp\",\"width\":790,\"height\":445},{\"@type\":\"BreadcrumbList\",\"@id\":\"https:\\\/\\\/diariotextual.com\\\/inicio\\\/index.php\\\/2026\\\/02\\\/19\\\/la-cgt-concreto-el-cuarto-paro-en-la-gestion-milei-y-destaco-un-acatamiento-de-mas-del-90\\\/#breadcrumb\",\"itemListElement\":[{\"@type\":\"ListItem\",\"position\":1,\"name\":\"Portada\",\"item\":\"https:\\\/\\\/diariotextual.com\\\/inicio\\\/\"},{\"@type\":\"ListItem\",\"position\":2,\"name\":\"La CGT concret\u00f3 el cuarto paro en la gesti\u00f3n Milei y destac\u00f3 un acatamiento de m\u00e1s del 90%\"}]},{\"@type\":\"WebSite\",\"@id\":\"https:\\\/\\\/diariotextual.com\\\/inicio\\\/#website\",\"url\":\"https:\\\/\\\/diariotextual.com\\\/inicio\\\/\",\"name\":\"Diario Textual\",\"description\":\"\",\"publisher\":{\"@id\":\"https:\\\/\\\/diariotextual.com\\\/inicio\\\/#organization\"},\"potentialAction\":[{\"@type\":\"SearchAction\",\"target\":{\"@type\":\"EntryPoint\",\"urlTemplate\":\"https:\\\/\\\/diariotextual.com\\\/inicio\\\/?s={search_term_string}\"},\"query-input\":{\"@type\":\"PropertyValueSpecification\",\"valueRequired\":true,\"valueName\":\"search_term_string\"}}],\"inLanguage\":\"es\"},{\"@type\":\"Organization\",\"@id\":\"https:\\\/\\\/diariotextual.com\\\/inicio\\\/#organization\",\"name\":\"Diario Textual\",\"url\":\"https:\\\/\\\/diariotextual.com\\\/inicio\\\/\",\"logo\":{\"@type\":\"ImageObject\",\"inLanguage\":\"es\",\"@id\":\"https:\\\/\\\/diariotextual.com\\\/inicio\\\/#\\\/schema\\\/logo\\\/image\\\/\",\"url\":\"https:\\\/\\\/diariotextual.com\\\/inicio\\\/wp-content\\\/uploads\\\/2023\\\/05\\\/logotextual1.jpg\",\"contentUrl\":\"https:\\\/\\\/diariotextual.com\\\/inicio\\\/wp-content\\\/uploads\\\/2023\\\/05\\\/logotextual1.jpg\",\"width\":516,\"height\":76,\"caption\":\"Diario Textual\"},\"image\":{\"@id\":\"https:\\\/\\\/diariotextual.com\\\/inicio\\\/#\\\/schema\\\/logo\\\/image\\\/\"},\"sameAs\":[\"https:\\\/\\\/www.facebook.com\\\/eltextual\",\"https:\\\/\\\/x.com\\\/eltextual\",\"http:\\\/\\\/www.instagram.com\\\/eltextual\"]},{\"@type\":\"Person\",\"@id\":\"https:\\\/\\\/diariotextual.com\\\/inicio\\\/#\\\/schema\\\/person\\\/a1b6f563e0ee944c60f98119389a4d9f\",\"name\":\"diario3\",\"image\":{\"@type\":\"ImageObject\",\"inLanguage\":\"es\",\"@id\":\"https:\\\/\\\/secure.gravatar.com\\\/avatar\\\/5e7ee62c82fc04d9dd79d746a390d93c69c43223e5faeeb3ea9461ef752bfc5d?s=96&d=mm&r=g\",\"url\":\"https:\\\/\\\/secure.gravatar.com\\\/avatar\\\/5e7ee62c82fc04d9dd79d746a390d93c69c43223e5faeeb3ea9461ef752bfc5d?s=96&d=mm&r=g\",\"contentUrl\":\"https:\\\/\\\/secure.gravatar.com\\\/avatar\\\/5e7ee62c82fc04d9dd79d746a390d93c69c43223e5faeeb3ea9461ef752bfc5d?s=96&d=mm&r=g\",\"caption\":\"diario3\"},\"url\":\"https:\\\/\\\/diariotextual.com\\\/inicio\\\/index.php\\\/author\\\/diario3\\\/\"}]}<\/script>\n<!-- \/ Yoast SEO plugin. -->","yoast_head_json":{"title":"La CGT concret\u00f3 el cuarto paro en la gesti\u00f3n Milei y destac\u00f3 un acatamiento de m\u00e1s del 90% - Diario Textual","robots":{"index":"index","follow":"follow","max-snippet":"max-snippet:-1","max-image-preview":"max-image-preview:large","max-video-preview":"max-video-preview:-1"},"canonical":"https:\/\/diariotextual.com\/inicio\/index.php\/2026\/02\/19\/la-cgt-concreto-el-cuarto-paro-en-la-gestion-milei-y-destaco-un-acatamiento-de-mas-del-90\/","og_locale":"es_ES","og_type":"article","og_title":"La CGT concret\u00f3 el cuarto paro en la gesti\u00f3n Milei y destac\u00f3 un acatamiento de m\u00e1s del 90% - Diario Textual","og_description":"La Confederaci\u00f3n General del Trabajo concret\u00f3 este jueves su cuarto paro general en la gesti\u00f3n de Javier Milei, esta vez en rechazo al proyecto de reforma laboral que se debate&hellip;","og_url":"https:\/\/diariotextual.com\/inicio\/index.php\/2026\/02\/19\/la-cgt-concreto-el-cuarto-paro-en-la-gestion-milei-y-destaco-un-acatamiento-de-mas-del-90\/","og_site_name":"Diario Textual","article_publisher":"https:\/\/www.facebook.com\/eltextual","article_published_time":"2026-02-19T21:48:47+00:00","article_modified_time":"2026-02-19T21:48:49+00:00","og_image":[{"width":790,"height":445,"url":"https:\/\/diariotextual.com\/inicio\/wp-content\/uploads\/2026\/02\/parocgtfebrero2026.webp","type":"image\/webp"}],"author":"diario3","twitter_card":"summary_large_image","twitter_creator":"@eltextual","twitter_site":"@eltextual","twitter_misc":{"Escrito por":"diario3","Tiempo de lectura":"3 minutos"},"schema":{"@context":"https:\/\/schema.org","@graph":[{"@type":"Article","@id":"https:\/\/diariotextual.com\/inicio\/index.php\/2026\/02\/19\/la-cgt-concreto-el-cuarto-paro-en-la-gestion-milei-y-destaco-un-acatamiento-de-mas-del-90\/#article","isPartOf":{"@id":"https:\/\/diariotextual.com\/inicio\/index.php\/2026\/02\/19\/la-cgt-concreto-el-cuarto-paro-en-la-gestion-milei-y-destaco-un-acatamiento-de-mas-del-90\/"},"author":{"name":"diario3","@id":"https:\/\/diariotextual.com\/inicio\/#\/schema\/person\/a1b6f563e0ee944c60f98119389a4d9f"},"headline":"La CGT concret\u00f3 el cuarto paro en la gesti\u00f3n Milei y destac\u00f3 un acatamiento de m\u00e1s del 90%","datePublished":"2026-02-19T21:48:47+00:00","dateModified":"2026-02-19T21:48:49+00:00","mainEntityOfPage":{"@id":"https:\/\/diariotextual.com\/inicio\/index.php\/2026\/02\/19\/la-cgt-concreto-el-cuarto-paro-en-la-gestion-milei-y-destaco-un-acatamiento-de-mas-del-90\/"},"wordCount":504,"publisher":{"@id":"https:\/\/diariotextual.com\/inicio\/#organization"},"image":{"@id":"https:\/\/diariotextual.com\/inicio\/index.php\/2026\/02\/19\/la-cgt-concreto-el-cuarto-paro-en-la-gestion-milei-y-destaco-un-acatamiento-de-mas-del-90\/#primaryimage"},"thumbnailUrl":"https:\/\/diariotextual.com\/inicio\/wp-content\/uploads\/2026\/02\/parocgtfebrero2026.webp","articleSection":["A - ES NOTICIA (van abajo)","SOCIEDAD"],"inLanguage":"es"},{"@type":"WebPage","@id":"https:\/\/diariotextual.com\/inicio\/index.php\/2026\/02\/19\/la-cgt-concreto-el-cuarto-paro-en-la-gestion-milei-y-destaco-un-acatamiento-de-mas-del-90\/","url":"https:\/\/diariotextual.com\/inicio\/index.php\/2026\/02\/19\/la-cgt-concreto-el-cuarto-paro-en-la-gestion-milei-y-destaco-un-acatamiento-de-mas-del-90\/","name":"La CGT concret\u00f3 el cuarto paro en la gesti\u00f3n Milei y destac\u00f3 un acatamiento de m\u00e1s del 90% - Diario Textual","isPartOf":{"@id":"https:\/\/diariotextual.com\/inicio\/#website"},"primaryImageOfPage":{"@id":"https:\/\/diariotextual.com\/inicio\/index.php\/2026\/02\/19\/la-cgt-concreto-el-cuarto-paro-en-la-gestion-milei-y-destaco-un-acatamiento-de-mas-del-90\/#primaryimage"},"image":{"@id":"https:\/\/diariotextual.com\/inicio\/index.php\/2026\/02\/19\/la-cgt-concreto-el-cuarto-paro-en-la-gestion-milei-y-destaco-un-acatamiento-de-mas-del-90\/#primaryimage"},"thumbnailUrl":"https:\/\/diariotextual.com\/inicio\/wp-content\/uploads\/2026\/02\/parocgtfebrero2026.webp","datePublished":"2026-02-19T21:48:47+00:00","dateModified":"2026-02-19T21:48:49+00:00","breadcrumb":{"@id":"https:\/\/diariotextual.com\/inicio\/index.php\/2026\/02\/19\/la-cgt-concreto-el-cuarto-paro-en-la-gestion-milei-y-destaco-un-acatamiento-de-mas-del-90\/#breadcrumb"},"inLanguage":"es","potentialAction":[{"@type":"ReadAction","target":["https:\/\/diariotextual.com\/inicio\/index.php\/2026\/02\/19\/la-cgt-concreto-el-cuarto-paro-en-la-gestion-milei-y-destaco-un-acatamiento-de-mas-del-90\/"]}]},{"@type":"ImageObject","inLanguage":"es","@id":"https:\/\/diariotextual.com\/inicio\/index.php\/2026\/02\/19\/la-cgt-concreto-el-cuarto-paro-en-la-gestion-milei-y-destaco-un-acatamiento-de-mas-del-90\/#primaryimage","url":"https:\/\/diariotextual.com\/inicio\/wp-content\/uploads\/2026\/02\/parocgtfebrero2026.webp","contentUrl":"https:\/\/diariotextual.com\/inicio\/wp-content\/uploads\/2026\/02\/parocgtfebrero2026.webp","width":790,"height":445},{"@type":"BreadcrumbList","@id":"https:\/\/diariotextual.com\/inicio\/index.php\/2026\/02\/19\/la-cgt-concreto-el-cuarto-paro-en-la-gestion-milei-y-destaco-un-acatamiento-de-mas-del-90\/#breadcrumb","itemListElement":[{"@type":"ListItem","position":1,"name":"Portada","item":"https:\/\/diariotextual.com\/inicio\/"},{"@type":"ListItem","position":2,"name":"La CGT concret\u00f3 el cuarto paro en la gesti\u00f3n Milei y destac\u00f3 un acatamiento de m\u00e1s del 90%"}]},{"@type":"WebSite","@id":"https:\/\/diariotextual.com\/inicio\/#website","url":"https:\/\/diariotextual.com\/inicio\/","name":"Diario Textual","description":"","publisher":{"@id":"https:\/\/diariotextual.com\/inicio\/#organization"},"potentialAction":[{"@type":"SearchAction","target":{"@type":"EntryPoint","urlTemplate":"https:\/\/diariotextual.com\/inicio\/?s={search_term_string}"},"query-input":{"@type":"PropertyValueSpecification","valueRequired":true,"valueName":"search_term_string"}}],"inLanguage":"es"},{"@type":"Organization","@id":"https:\/\/diariotextual.com\/inicio\/#organization","name":"Diario Textual","url":"https:\/\/diariotextual.com\/inicio\/","logo":{"@type":"ImageObject","inLanguage":"es","@id":"https:\/\/diariotextual.com\/inicio\/#\/schema\/logo\/image\/","url":"https:\/\/diariotextual.com\/inicio\/wp-content\/uploads\/2023\/05\/logotextual1.jpg","contentUrl":"https:\/\/diariotextual.com\/inicio\/wp-content\/uploads\/2023\/05\/logotextual1.jpg","width":516,"height":76,"caption":"Diario Textual"},"image":{"@id":"https:\/\/diariotextual.com\/inicio\/#\/schema\/logo\/image\/"},"sameAs":["https:\/\/www.facebook.com\/eltextual","https:\/\/x.com\/eltextual","http:\/\/www.instagram.com\/eltextual"]},{"@type":"Person","@id":"https:\/\/diariotextual.com\/inicio\/#\/schema\/person\/a1b6f563e0ee944c60f98119389a4d9f","name":"diario3","image":{"@type":"ImageObject","inLanguage":"es","@id":"https:\/\/secure.gravatar.com\/avatar\/5e7ee62c82fc04d9dd79d746a390d93c69c43223e5faeeb3ea9461ef752bfc5d?s=96&d=mm&r=g","url":"https:\/\/secure.gravatar.com\/avatar\/5e7ee62c82fc04d9dd79d746a390d93c69c43223e5faeeb3ea9461ef752bfc5d?s=96&d=mm&r=g","contentUrl":"https:\/\/secure.gravatar.com\/avatar\/5e7ee62c82fc04d9dd79d746a390d93c69c43223e5faeeb3ea9461ef752bfc5d?s=96&d=mm&r=g","caption":"diario3"},"url":"https:\/\/diariotextual.com\/inicio\/index.php\/author\/diario3\/"}]}},"_links":{"self":[{"href":"https:\/\/diariotextual.com\/inicio\/index.php\/wp-json\/wp\/v2\/posts\/320123","targetHints":{"allow":["GET"]}}],"collection":[{"href":"https:\/\/diariotextual.com\/inicio\/index.php\/wp-json\/wp\/v2\/posts"}],"about":[{"href":"https:\/\/diariotextual.com\/inicio\/index.php\/wp-json\/wp\/v2\/types\/post"}],"author":[{"embeddable":true,"href":"https:\/\/diariotextual.com\/inicio\/index.php\/wp-json\/wp\/v2\/users\/5"}],"replies":[{"embeddable":true,"href":"https:\/\/diariotextual.com\/inicio\/index.php\/wp-json\/wp\/v2\/comments?post=320123"}],"version-history":[{"count":1,"href":"https:\/\/diariotextual.com\/inicio\/index.php\/wp-json\/wp\/v2\/posts\/320123\/revisions"}],"predecessor-version":[{"id":320125,"href":"https:\/\/diariotextual.com\/inicio\/index.php\/wp-json\/wp\/v2\/posts\/320123\/revisions\/320125"}],"wp:featuredmedia":[{"embeddable":true,"href":"https:\/\/diariotextual.com\/inicio\/index.php\/wp-json\/wp\/v2\/media\/320124"}],"wp:attachment":[{"href":"https:\/\/diariotextual.com\/inicio\/index.php\/wp-json\/wp\/v2\/media?parent=320123"}],"wp:term":[{"taxonomy":"category","embeddable":true,"href":"https:\/\/diariotextual.com\/inicio\/index.php\/wp-json\/wp\/v2\/categories?post=320123"},{"taxonomy":"post_tag","embeddable":true,"href":"https:\/\/diariotextual.com\/inicio\/index.php\/wp-json\/wp\/v2\/tags?post=320123"}],"curies":[{"name":"wp","href":"https:\/\/api.w.org\/{rel}","templated":true}]}}