{"id":320140,"date":"2026-02-20T04:27:57","date_gmt":"2026-02-20T07:27:57","guid":{"rendered":"https:\/\/diariotextual.com\/inicio\/?p=320140"},"modified":"2026-02-20T07:49:00","modified_gmt":"2026-02-20T10:49:00","slug":"temporal-de-santa-rosa-la-cpe-a-contrarreloj-avanzo-en-la-normalizacion-de-sus-servicios-de-electricidad-y-telecomunicaciones","status":"publish","type":"post","link":"https:\/\/diariotextual.com\/inicio\/index.php\/2026\/02\/20\/temporal-de-santa-rosa-la-cpe-a-contrarreloj-avanzo-en-la-normalizacion-de-sus-servicios-de-electricidad-y-telecomunicaciones\/","title":{"rendered":"Temporal de Santa Rosa: la CPE avanz\u00f3 en la normalizaci\u00f3n de sus servicios de electricidad y telecomunicaciones"},"content":{"rendered":"\n<p>Poco antes de las 22 horas de este jueves, la cooperativa<strong> CPE<\/strong> inform\u00f3 que se <strong>\u201cavanz\u00f3 significativamente\u201d <\/strong>en<strong> la recuperaci\u00f3n del servicio de distribuci\u00f3n de energ\u00eda el\u00e9ctrica en todos los barrios de Santa Rosa<\/strong>, incluido el alumbrado p\u00fablico, y<strong> los servicios de telecomunicaciones. <\/strong>Desde de las 17 horas del jueves 18, en que se desat\u00f3 un <strong>violento fen\u00f3meno meteorol\u00f3gico,<\/strong> con lluvia, vientos huracanados y granizo, hasta estos momentos, cuadrillas de operarios de ambos servicios fueron realizando todas la maniobras necesarias para restablecer las conexiones.<br><br>Las tareas, durante toda todo el d\u00eda y en particular en la tarde de este jueves, incluyeron<strong> reparaci\u00f3n de l\u00edneas de media y baja tensi\u00f3n, reposici\u00f3n y cambio de postes y columnas en la mayor\u00eda de las avenidas y calles, y tareas en las subestaciones transformadores para ir reconectando poco a poco, pero sin pausas, cada \u00e1rea de Santa Rosa.<\/strong><br><br>Por la tarde, buena parte de Villa Santill\u00e1n y del barrio Nuestra Se\u00f1ora de Luj\u00e1n -dos de los barrios m\u00e1s afectados- fueron recuperando el fluido el\u00e9ctrico. Con las primeras sombras volvi\u00f3 la energ\u00eda a la avenida Edison, en todo el tramo que conecta las avenidas Pedro Luro y Ameghino, y todas las arterias colindantes hacia el este y el oeste. Fue necesario reconstruir 250 metros de l\u00ednea de media tensi\u00f3n para dar alimentaci\u00f3n a cinco subestaciones, una de las cuales da suministro al <strong>Faerac<\/strong>, un centro de salud de alta complejidad ubicado en la zona.<br><br>Con una serie de trabajos y modificaciones de la red de media tensi\u00f3n de la zona de avenida Edison, Ameghino, Pasteur y P\u00edo XII, se logr\u00f3 energizar el resto de las subestaciones que hab\u00edan sido afectadas por la ca\u00edda de 700 metros de l\u00ednea de media tensi\u00f3n sobre calle Pasteur entre M\u00e1rmol y Juan XXIII.<br><br>Tambi\u00e9n se terminaron las tareas sobre calle Arturo Castro y Torres, casi avenida circunvalaci\u00f3n Norte, del otro lado de la ciudad, sobre barrio Aeropuerto, donde se acomodaron 120 metros de l\u00ednea de media tensi\u00f3n y se energiz\u00f3 una subestaci\u00f3n. Ya entrada la noche en la zona oeste del centro, sobre las calles Olascoaga, avenida San Mart\u00edn Oeste, avenida Uruguay, y el \u00e1rea zona cercana al predio Don Tom\u00e1s, se iniciaron tareas de reconexi\u00f3n. Tambi\u00e9n debieron repararse 200 metros de l\u00ednea de media tensi\u00f3n sobre calles Catril\u00f3 y Utrac\u00e1n.<br><br>Asimismo, en horas de la tarde, se recuper\u00f3 comunicaci\u00f3n desde el predio central de la CPE, donde funciona la Subestaci\u00f3n Norte, con la Subestaci\u00f3n Transformadora Sur (en la zona de ingreso al Parque Industrial de Santa Rosa) por fibra \u00f3ptica de CPEtel. Tambi\u00e9n se reemplaz\u00f3 una acometida en baja tensi\u00f3n subterr\u00e1nea en la subestaci\u00f3n Mansilla, sobre Mansilla a metros de Coronel Gil, en pleno centro.<\/p>\n\n\n\n<div style=\"height:100px\" aria-hidden=\"true\" class=\"wp-block-spacer\"><\/div>\n\n\n\n<p><strong>Tareas programadas<\/strong><br><br>Al cierre de la jornada, quedaron tareas programadas para este viernes para normalizar tres zonas suburbanas: una sobre ruta nacional 5, otra sobre zona del relleno sanitario y zona de laguna Don Tom\u00e1s, y la zona parcial de la l\u00ednea rural de Colonia Lagos. Se previ\u00f3 tambi\u00e9n el mantenimiento de las guardias el\u00e9ctricas durante la noche.<\/p>\n\n\n\n<div style=\"height:100px\" aria-hidden=\"true\" class=\"wp-block-spacer\"><\/div>\n\n\n\n<p><br><br><strong>A full<\/strong><br>Distintas cuadrillas estuvieron pr\u00e1cticamente durante estas \u00faltimas 30 horas trabajando para ir recuperando el servicio el\u00e9ctrico que colaps\u00f3 por violencia de las condiciones clim\u00e1ticas que generaron un gran caos, probablemente in\u00e9dito, en Santa Rosa. No hubo barrio o cuadra que no sufriera las consecuencias de ca\u00eddas de ramas y \u00e1rboles, postes y columnas de hormig\u00f3n, y arrastrara redes el\u00e9ctricas y acometidas domiciliarias.<br><br>La CPE destac\u00f3 las tareas de sus trabajadores y la \u201cactitud de colaboraci\u00f3n y compromiso\u201d de sus asociados y asociadas que comprendieron la excepcionalidad de las circunstancias atravesadas en las \u00faltimas horas. \u201cTambi\u00e9n desea agradecer a instituciones oficiales y entidades no gubernamentales, entre ellas cooperativas, que ofrecieron su apoyo para recuperar la normalidad de los servicios\u201d, agreg\u00f3 en un comunicado de prensa.<\/p>\n","protected":false},"excerpt":{"rendered":"<p>Poco antes de las 22 horas de este jueves, la cooperativa CPE inform\u00f3 que se \u201cavanz\u00f3 significativamente\u201d en la recuperaci\u00f3n del servicio de distribuci\u00f3n de energ\u00eda el\u00e9ctrica en todos los&hellip;<\/p>\n","protected":false},"author":3,"featured_media":320078,"comment_status":"closed","ping_status":"open","sticky":false,"template":"","format":"standard","meta":{"_acf_changed":false,"footnotes":""},"categories":[10,12],"tags":[],"class_list":["post-320140","post","type-post","status-publish","format-standard","has-post-thumbnail","hentry","category-portada-2","category-sociedad"],"acf":[],"yoast_head":"<!-- This site is optimized with the Yoast SEO plugin v27.4 - https:\/\/yoast.com\/product\/yoast-seo-wordpress\/ -->\n<title>Temporal de Santa Rosa: la CPE avanz\u00f3 en la normalizaci\u00f3n de sus servicios de electricidad y telecomunicaciones - Diario Textual<\/title>\n<meta name=\"robots\" content=\"index, follow, max-snippet:-1, max-image-preview:large, max-video-preview:-1\" \/>\n<link rel=\"canonical\" href=\"https:\/\/diariotextual.com\/inicio\/index.php\/2026\/02\/20\/temporal-de-santa-rosa-la-cpe-a-contrarreloj-avanzo-en-la-normalizacion-de-sus-servicios-de-electricidad-y-telecomunicaciones\/\" \/>\n<meta property=\"og:locale\" content=\"es_ES\" \/>\n<meta property=\"og:type\" content=\"article\" \/>\n<meta property=\"og:title\" content=\"Temporal de Santa Rosa: la CPE avanz\u00f3 en la normalizaci\u00f3n de sus servicios de electricidad y telecomunicaciones - Diario Textual\" \/>\n<meta property=\"og:description\" content=\"Poco antes de las 22 horas de este jueves, la cooperativa CPE inform\u00f3 que se \u201cavanz\u00f3 significativamente\u201d en la recuperaci\u00f3n del servicio de distribuci\u00f3n de energ\u00eda el\u00e9ctrica en todos los&hellip;\" \/>\n<meta property=\"og:url\" content=\"https:\/\/diariotextual.com\/inicio\/index.php\/2026\/02\/20\/temporal-de-santa-rosa-la-cpe-a-contrarreloj-avanzo-en-la-normalizacion-de-sus-servicios-de-electricidad-y-telecomunicaciones\/\" \/>\n<meta property=\"og:site_name\" content=\"Diario Textual\" \/>\n<meta property=\"article:publisher\" content=\"https:\/\/www.facebook.com\/eltextual\" \/>\n<meta property=\"article:published_time\" content=\"2026-02-20T07:27:57+00:00\" \/>\n<meta property=\"article:modified_time\" content=\"2026-02-20T10:49:00+00:00\" \/>\n<meta property=\"og:image\" content=\"https:\/\/diariotextual.com\/inicio\/wp-content\/uploads\/2026\/02\/tormentasantarosatemporaldestrozostormenta18febrero2026-71.jpg\" \/>\n\t<meta property=\"og:image:width\" content=\"1300\" \/>\n\t<meta property=\"og:image:height\" content=\"861\" \/>\n\t<meta property=\"og:image:type\" content=\"image\/jpeg\" \/>\n<meta name=\"author\" content=\"Diario1 Diario1\" \/>\n<meta name=\"twitter:card\" content=\"summary_large_image\" \/>\n<meta name=\"twitter:creator\" content=\"@eltextual\" \/>\n<meta name=\"twitter:site\" content=\"@eltextual\" \/>\n<meta name=\"twitter:label1\" content=\"Escrito por\" \/>\n\t<meta name=\"twitter:data1\" content=\"Diario1 Diario1\" \/>\n\t<meta name=\"twitter:label2\" content=\"Tiempo de lectura\" \/>\n\t<meta name=\"twitter:data2\" content=\"4 minutos\" \/>\n<script type=\"application\/ld+json\" class=\"yoast-schema-graph\">{\"@context\":\"https:\\\/\\\/schema.org\",\"@graph\":[{\"@type\":\"Article\",\"@id\":\"https:\\\/\\\/diariotextual.com\\\/inicio\\\/index.php\\\/2026\\\/02\\\/20\\\/temporal-de-santa-rosa-la-cpe-a-contrarreloj-avanzo-en-la-normalizacion-de-sus-servicios-de-electricidad-y-telecomunicaciones\\\/#article\",\"isPartOf\":{\"@id\":\"https:\\\/\\\/diariotextual.com\\\/inicio\\\/index.php\\\/2026\\\/02\\\/20\\\/temporal-de-santa-rosa-la-cpe-a-contrarreloj-avanzo-en-la-normalizacion-de-sus-servicios-de-electricidad-y-telecomunicaciones\\\/\"},\"author\":{\"name\":\"Diario1 Diario1\",\"@id\":\"https:\\\/\\\/diariotextual.com\\\/inicio\\\/#\\\/schema\\\/person\\\/418fc4093c33e86ed41562db3508f958\"},\"headline\":\"Temporal de Santa Rosa: la CPE avanz\u00f3 en la normalizaci\u00f3n de sus servicios de electricidad y telecomunicaciones\",\"datePublished\":\"2026-02-20T07:27:57+00:00\",\"dateModified\":\"2026-02-20T10:49:00+00:00\",\"mainEntityOfPage\":{\"@id\":\"https:\\\/\\\/diariotextual.com\\\/inicio\\\/index.php\\\/2026\\\/02\\\/20\\\/temporal-de-santa-rosa-la-cpe-a-contrarreloj-avanzo-en-la-normalizacion-de-sus-servicios-de-electricidad-y-telecomunicaciones\\\/\"},\"wordCount\":701,\"publisher\":{\"@id\":\"https:\\\/\\\/diariotextual.com\\\/inicio\\\/#organization\"},\"image\":{\"@id\":\"https:\\\/\\\/diariotextual.com\\\/inicio\\\/index.php\\\/2026\\\/02\\\/20\\\/temporal-de-santa-rosa-la-cpe-a-contrarreloj-avanzo-en-la-normalizacion-de-sus-servicios-de-electricidad-y-telecomunicaciones\\\/#primaryimage\"},\"thumbnailUrl\":\"https:\\\/\\\/diariotextual.com\\\/inicio\\\/wp-content\\\/uploads\\\/2026\\\/02\\\/tormentasantarosatemporaldestrozostormenta18febrero2026-71.jpg\",\"articleSection\":[\"A - PORTADA2\",\"SOCIEDAD\"],\"inLanguage\":\"es\"},{\"@type\":\"WebPage\",\"@id\":\"https:\\\/\\\/diariotextual.com\\\/inicio\\\/index.php\\\/2026\\\/02\\\/20\\\/temporal-de-santa-rosa-la-cpe-a-contrarreloj-avanzo-en-la-normalizacion-de-sus-servicios-de-electricidad-y-telecomunicaciones\\\/\",\"url\":\"https:\\\/\\\/diariotextual.com\\\/inicio\\\/index.php\\\/2026\\\/02\\\/20\\\/temporal-de-santa-rosa-la-cpe-a-contrarreloj-avanzo-en-la-normalizacion-de-sus-servicios-de-electricidad-y-telecomunicaciones\\\/\",\"name\":\"Temporal de Santa Rosa: la CPE avanz\u00f3 en la normalizaci\u00f3n de sus servicios de electricidad y telecomunicaciones - Diario Textual\",\"isPartOf\":{\"@id\":\"https:\\\/\\\/diariotextual.com\\\/inicio\\\/#website\"},\"primaryImageOfPage\":{\"@id\":\"https:\\\/\\\/diariotextual.com\\\/inicio\\\/index.php\\\/2026\\\/02\\\/20\\\/temporal-de-santa-rosa-la-cpe-a-contrarreloj-avanzo-en-la-normalizacion-de-sus-servicios-de-electricidad-y-telecomunicaciones\\\/#primaryimage\"},\"image\":{\"@id\":\"https:\\\/\\\/diariotextual.com\\\/inicio\\\/index.php\\\/2026\\\/02\\\/20\\\/temporal-de-santa-rosa-la-cpe-a-contrarreloj-avanzo-en-la-normalizacion-de-sus-servicios-de-electricidad-y-telecomunicaciones\\\/#primaryimage\"},\"thumbnailUrl\":\"https:\\\/\\\/diariotextual.com\\\/inicio\\\/wp-content\\\/uploads\\\/2026\\\/02\\\/tormentasantarosatemporaldestrozostormenta18febrero2026-71.jpg\",\"datePublished\":\"2026-02-20T07:27:57+00:00\",\"dateModified\":\"2026-02-20T10:49:00+00:00\",\"breadcrumb\":{\"@id\":\"https:\\\/\\\/diariotextual.com\\\/inicio\\\/index.php\\\/2026\\\/02\\\/20\\\/temporal-de-santa-rosa-la-cpe-a-contrarreloj-avanzo-en-la-normalizacion-de-sus-servicios-de-electricidad-y-telecomunicaciones\\\/#breadcrumb\"},\"inLanguage\":\"es\",\"potentialAction\":[{\"@type\":\"ReadAction\",\"target\":[\"https:\\\/\\\/diariotextual.com\\\/inicio\\\/index.php\\\/2026\\\/02\\\/20\\\/temporal-de-santa-rosa-la-cpe-a-contrarreloj-avanzo-en-la-normalizacion-de-sus-servicios-de-electricidad-y-telecomunicaciones\\\/\"]}]},{\"@type\":\"ImageObject\",\"inLanguage\":\"es\",\"@id\":\"https:\\\/\\\/diariotextual.com\\\/inicio\\\/index.php\\\/2026\\\/02\\\/20\\\/temporal-de-santa-rosa-la-cpe-a-contrarreloj-avanzo-en-la-normalizacion-de-sus-servicios-de-electricidad-y-telecomunicaciones\\\/#primaryimage\",\"url\":\"https:\\\/\\\/diariotextual.com\\\/inicio\\\/wp-content\\\/uploads\\\/2026\\\/02\\\/tormentasantarosatemporaldestrozostormenta18febrero2026-71.jpg\",\"contentUrl\":\"https:\\\/\\\/diariotextual.com\\\/inicio\\\/wp-content\\\/uploads\\\/2026\\\/02\\\/tormentasantarosatemporaldestrozostormenta18febrero2026-71.jpg\",\"width\":1300,\"height\":861},{\"@type\":\"BreadcrumbList\",\"@id\":\"https:\\\/\\\/diariotextual.com\\\/inicio\\\/index.php\\\/2026\\\/02\\\/20\\\/temporal-de-santa-rosa-la-cpe-a-contrarreloj-avanzo-en-la-normalizacion-de-sus-servicios-de-electricidad-y-telecomunicaciones\\\/#breadcrumb\",\"itemListElement\":[{\"@type\":\"ListItem\",\"position\":1,\"name\":\"Portada\",\"item\":\"https:\\\/\\\/diariotextual.com\\\/inicio\\\/\"},{\"@type\":\"ListItem\",\"position\":2,\"name\":\"Temporal de Santa Rosa: la CPE avanz\u00f3 en la normalizaci\u00f3n de sus servicios de electricidad y telecomunicaciones\"}]},{\"@type\":\"WebSite\",\"@id\":\"https:\\\/\\\/diariotextual.com\\\/inicio\\\/#website\",\"url\":\"https:\\\/\\\/diariotextual.com\\\/inicio\\\/\",\"name\":\"Diario Textual\",\"description\":\"\",\"publisher\":{\"@id\":\"https:\\\/\\\/diariotextual.com\\\/inicio\\\/#organization\"},\"potentialAction\":[{\"@type\":\"SearchAction\",\"target\":{\"@type\":\"EntryPoint\",\"urlTemplate\":\"https:\\\/\\\/diariotextual.com\\\/inicio\\\/?s={search_term_string}\"},\"query-input\":{\"@type\":\"PropertyValueSpecification\",\"valueRequired\":true,\"valueName\":\"search_term_string\"}}],\"inLanguage\":\"es\"},{\"@type\":\"Organization\",\"@id\":\"https:\\\/\\\/diariotextual.com\\\/inicio\\\/#organization\",\"name\":\"Diario Textual\",\"url\":\"https:\\\/\\\/diariotextual.com\\\/inicio\\\/\",\"logo\":{\"@type\":\"ImageObject\",\"inLanguage\":\"es\",\"@id\":\"https:\\\/\\\/diariotextual.com\\\/inicio\\\/#\\\/schema\\\/logo\\\/image\\\/\",\"url\":\"https:\\\/\\\/diariotextual.com\\\/inicio\\\/wp-content\\\/uploads\\\/2023\\\/05\\\/logotextual1.jpg\",\"contentUrl\":\"https:\\\/\\\/diariotextual.com\\\/inicio\\\/wp-content\\\/uploads\\\/2023\\\/05\\\/logotextual1.jpg\",\"width\":516,\"height\":76,\"caption\":\"Diario Textual\"},\"image\":{\"@id\":\"https:\\\/\\\/diariotextual.com\\\/inicio\\\/#\\\/schema\\\/logo\\\/image\\\/\"},\"sameAs\":[\"https:\\\/\\\/www.facebook.com\\\/eltextual\",\"https:\\\/\\\/x.com\\\/eltextual\",\"http:\\\/\\\/www.instagram.com\\\/eltextual\"]},{\"@type\":\"Person\",\"@id\":\"https:\\\/\\\/diariotextual.com\\\/inicio\\\/#\\\/schema\\\/person\\\/418fc4093c33e86ed41562db3508f958\",\"name\":\"Diario1 Diario1\",\"image\":{\"@type\":\"ImageObject\",\"inLanguage\":\"es\",\"@id\":\"https:\\\/\\\/secure.gravatar.com\\\/avatar\\\/9167d280179c85bc18be67aa7eda765854300033af4896dd779b608640f2ef7a?s=96&d=mm&r=g\",\"url\":\"https:\\\/\\\/secure.gravatar.com\\\/avatar\\\/9167d280179c85bc18be67aa7eda765854300033af4896dd779b608640f2ef7a?s=96&d=mm&r=g\",\"contentUrl\":\"https:\\\/\\\/secure.gravatar.com\\\/avatar\\\/9167d280179c85bc18be67aa7eda765854300033af4896dd779b608640f2ef7a?s=96&d=mm&r=g\",\"caption\":\"Diario1 Diario1\"},\"url\":\"https:\\\/\\\/diariotextual.com\\\/inicio\\\/index.php\\\/author\\\/diario1\\\/\"}]}<\/script>\n<!-- \/ Yoast SEO plugin. -->","yoast_head_json":{"title":"Temporal de Santa Rosa: la CPE avanz\u00f3 en la normalizaci\u00f3n de sus servicios de electricidad y telecomunicaciones - Diario Textual","robots":{"index":"index","follow":"follow","max-snippet":"max-snippet:-1","max-image-preview":"max-image-preview:large","max-video-preview":"max-video-preview:-1"},"canonical":"https:\/\/diariotextual.com\/inicio\/index.php\/2026\/02\/20\/temporal-de-santa-rosa-la-cpe-a-contrarreloj-avanzo-en-la-normalizacion-de-sus-servicios-de-electricidad-y-telecomunicaciones\/","og_locale":"es_ES","og_type":"article","og_title":"Temporal de Santa Rosa: la CPE avanz\u00f3 en la normalizaci\u00f3n de sus servicios de electricidad y telecomunicaciones - Diario Textual","og_description":"Poco antes de las 22 horas de este jueves, la cooperativa CPE inform\u00f3 que se \u201cavanz\u00f3 significativamente\u201d en la recuperaci\u00f3n del servicio de distribuci\u00f3n de energ\u00eda el\u00e9ctrica en todos los&hellip;","og_url":"https:\/\/diariotextual.com\/inicio\/index.php\/2026\/02\/20\/temporal-de-santa-rosa-la-cpe-a-contrarreloj-avanzo-en-la-normalizacion-de-sus-servicios-de-electricidad-y-telecomunicaciones\/","og_site_name":"Diario Textual","article_publisher":"https:\/\/www.facebook.com\/eltextual","article_published_time":"2026-02-20T07:27:57+00:00","article_modified_time":"2026-02-20T10:49:00+00:00","og_image":[{"width":1300,"height":861,"url":"https:\/\/diariotextual.com\/inicio\/wp-content\/uploads\/2026\/02\/tormentasantarosatemporaldestrozostormenta18febrero2026-71.jpg","type":"image\/jpeg"}],"author":"Diario1 Diario1","twitter_card":"summary_large_image","twitter_creator":"@eltextual","twitter_site":"@eltextual","twitter_misc":{"Escrito por":"Diario1 Diario1","Tiempo de lectura":"4 minutos"},"schema":{"@context":"https:\/\/schema.org","@graph":[{"@type":"Article","@id":"https:\/\/diariotextual.com\/inicio\/index.php\/2026\/02\/20\/temporal-de-santa-rosa-la-cpe-a-contrarreloj-avanzo-en-la-normalizacion-de-sus-servicios-de-electricidad-y-telecomunicaciones\/#article","isPartOf":{"@id":"https:\/\/diariotextual.com\/inicio\/index.php\/2026\/02\/20\/temporal-de-santa-rosa-la-cpe-a-contrarreloj-avanzo-en-la-normalizacion-de-sus-servicios-de-electricidad-y-telecomunicaciones\/"},"author":{"name":"Diario1 Diario1","@id":"https:\/\/diariotextual.com\/inicio\/#\/schema\/person\/418fc4093c33e86ed41562db3508f958"},"headline":"Temporal de Santa Rosa: la CPE avanz\u00f3 en la normalizaci\u00f3n de sus servicios de electricidad y telecomunicaciones","datePublished":"2026-02-20T07:27:57+00:00","dateModified":"2026-02-20T10:49:00+00:00","mainEntityOfPage":{"@id":"https:\/\/diariotextual.com\/inicio\/index.php\/2026\/02\/20\/temporal-de-santa-rosa-la-cpe-a-contrarreloj-avanzo-en-la-normalizacion-de-sus-servicios-de-electricidad-y-telecomunicaciones\/"},"wordCount":701,"publisher":{"@id":"https:\/\/diariotextual.com\/inicio\/#organization"},"image":{"@id":"https:\/\/diariotextual.com\/inicio\/index.php\/2026\/02\/20\/temporal-de-santa-rosa-la-cpe-a-contrarreloj-avanzo-en-la-normalizacion-de-sus-servicios-de-electricidad-y-telecomunicaciones\/#primaryimage"},"thumbnailUrl":"https:\/\/diariotextual.com\/inicio\/wp-content\/uploads\/2026\/02\/tormentasantarosatemporaldestrozostormenta18febrero2026-71.jpg","articleSection":["A - PORTADA2","SOCIEDAD"],"inLanguage":"es"},{"@type":"WebPage","@id":"https:\/\/diariotextual.com\/inicio\/index.php\/2026\/02\/20\/temporal-de-santa-rosa-la-cpe-a-contrarreloj-avanzo-en-la-normalizacion-de-sus-servicios-de-electricidad-y-telecomunicaciones\/","url":"https:\/\/diariotextual.com\/inicio\/index.php\/2026\/02\/20\/temporal-de-santa-rosa-la-cpe-a-contrarreloj-avanzo-en-la-normalizacion-de-sus-servicios-de-electricidad-y-telecomunicaciones\/","name":"Temporal de Santa Rosa: la CPE avanz\u00f3 en la normalizaci\u00f3n de sus servicios de electricidad y telecomunicaciones - Diario Textual","isPartOf":{"@id":"https:\/\/diariotextual.com\/inicio\/#website"},"primaryImageOfPage":{"@id":"https:\/\/diariotextual.com\/inicio\/index.php\/2026\/02\/20\/temporal-de-santa-rosa-la-cpe-a-contrarreloj-avanzo-en-la-normalizacion-de-sus-servicios-de-electricidad-y-telecomunicaciones\/#primaryimage"},"image":{"@id":"https:\/\/diariotextual.com\/inicio\/index.php\/2026\/02\/20\/temporal-de-santa-rosa-la-cpe-a-contrarreloj-avanzo-en-la-normalizacion-de-sus-servicios-de-electricidad-y-telecomunicaciones\/#primaryimage"},"thumbnailUrl":"https:\/\/diariotextual.com\/inicio\/wp-content\/uploads\/2026\/02\/tormentasantarosatemporaldestrozostormenta18febrero2026-71.jpg","datePublished":"2026-02-20T07:27:57+00:00","dateModified":"2026-02-20T10:49:00+00:00","breadcrumb":{"@id":"https:\/\/diariotextual.com\/inicio\/index.php\/2026\/02\/20\/temporal-de-santa-rosa-la-cpe-a-contrarreloj-avanzo-en-la-normalizacion-de-sus-servicios-de-electricidad-y-telecomunicaciones\/#breadcrumb"},"inLanguage":"es","potentialAction":[{"@type":"ReadAction","target":["https:\/\/diariotextual.com\/inicio\/index.php\/2026\/02\/20\/temporal-de-santa-rosa-la-cpe-a-contrarreloj-avanzo-en-la-normalizacion-de-sus-servicios-de-electricidad-y-telecomunicaciones\/"]}]},{"@type":"ImageObject","inLanguage":"es","@id":"https:\/\/diariotextual.com\/inicio\/index.php\/2026\/02\/20\/temporal-de-santa-rosa-la-cpe-a-contrarreloj-avanzo-en-la-normalizacion-de-sus-servicios-de-electricidad-y-telecomunicaciones\/#primaryimage","url":"https:\/\/diariotextual.com\/inicio\/wp-content\/uploads\/2026\/02\/tormentasantarosatemporaldestrozostormenta18febrero2026-71.jpg","contentUrl":"https:\/\/diariotextual.com\/inicio\/wp-content\/uploads\/2026\/02\/tormentasantarosatemporaldestrozostormenta18febrero2026-71.jpg","width":1300,"height":861},{"@type":"BreadcrumbList","@id":"https:\/\/diariotextual.com\/inicio\/index.php\/2026\/02\/20\/temporal-de-santa-rosa-la-cpe-a-contrarreloj-avanzo-en-la-normalizacion-de-sus-servicios-de-electricidad-y-telecomunicaciones\/#breadcrumb","itemListElement":[{"@type":"ListItem","position":1,"name":"Portada","item":"https:\/\/diariotextual.com\/inicio\/"},{"@type":"ListItem","position":2,"name":"Temporal de Santa Rosa: la CPE avanz\u00f3 en la normalizaci\u00f3n de sus servicios de electricidad y telecomunicaciones"}]},{"@type":"WebSite","@id":"https:\/\/diariotextual.com\/inicio\/#website","url":"https:\/\/diariotextual.com\/inicio\/","name":"Diario Textual","description":"","publisher":{"@id":"https:\/\/diariotextual.com\/inicio\/#organization"},"potentialAction":[{"@type":"SearchAction","target":{"@type":"EntryPoint","urlTemplate":"https:\/\/diariotextual.com\/inicio\/?s={search_term_string}"},"query-input":{"@type":"PropertyValueSpecification","valueRequired":true,"valueName":"search_term_string"}}],"inLanguage":"es"},{"@type":"Organization","@id":"https:\/\/diariotextual.com\/inicio\/#organization","name":"Diario Textual","url":"https:\/\/diariotextual.com\/inicio\/","logo":{"@type":"ImageObject","inLanguage":"es","@id":"https:\/\/diariotextual.com\/inicio\/#\/schema\/logo\/image\/","url":"https:\/\/diariotextual.com\/inicio\/wp-content\/uploads\/2023\/05\/logotextual1.jpg","contentUrl":"https:\/\/diariotextual.com\/inicio\/wp-content\/uploads\/2023\/05\/logotextual1.jpg","width":516,"height":76,"caption":"Diario Textual"},"image":{"@id":"https:\/\/diariotextual.com\/inicio\/#\/schema\/logo\/image\/"},"sameAs":["https:\/\/www.facebook.com\/eltextual","https:\/\/x.com\/eltextual","http:\/\/www.instagram.com\/eltextual"]},{"@type":"Person","@id":"https:\/\/diariotextual.com\/inicio\/#\/schema\/person\/418fc4093c33e86ed41562db3508f958","name":"Diario1 Diario1","image":{"@type":"ImageObject","inLanguage":"es","@id":"https:\/\/secure.gravatar.com\/avatar\/9167d280179c85bc18be67aa7eda765854300033af4896dd779b608640f2ef7a?s=96&d=mm&r=g","url":"https:\/\/secure.gravatar.com\/avatar\/9167d280179c85bc18be67aa7eda765854300033af4896dd779b608640f2ef7a?s=96&d=mm&r=g","contentUrl":"https:\/\/secure.gravatar.com\/avatar\/9167d280179c85bc18be67aa7eda765854300033af4896dd779b608640f2ef7a?s=96&d=mm&r=g","caption":"Diario1 Diario1"},"url":"https:\/\/diariotextual.com\/inicio\/index.php\/author\/diario1\/"}]}},"_links":{"self":[{"href":"https:\/\/diariotextual.com\/inicio\/index.php\/wp-json\/wp\/v2\/posts\/320140","targetHints":{"allow":["GET"]}}],"collection":[{"href":"https:\/\/diariotextual.com\/inicio\/index.php\/wp-json\/wp\/v2\/posts"}],"about":[{"href":"https:\/\/diariotextual.com\/inicio\/index.php\/wp-json\/wp\/v2\/types\/post"}],"author":[{"embeddable":true,"href":"https:\/\/diariotextual.com\/inicio\/index.php\/wp-json\/wp\/v2\/users\/3"}],"replies":[{"embeddable":true,"href":"https:\/\/diariotextual.com\/inicio\/index.php\/wp-json\/wp\/v2\/comments?post=320140"}],"version-history":[{"count":4,"href":"https:\/\/diariotextual.com\/inicio\/index.php\/wp-json\/wp\/v2\/posts\/320140\/revisions"}],"predecessor-version":[{"id":320145,"href":"https:\/\/diariotextual.com\/inicio\/index.php\/wp-json\/wp\/v2\/posts\/320140\/revisions\/320145"}],"wp:featuredmedia":[{"embeddable":true,"href":"https:\/\/diariotextual.com\/inicio\/index.php\/wp-json\/wp\/v2\/media\/320078"}],"wp:attachment":[{"href":"https:\/\/diariotextual.com\/inicio\/index.php\/wp-json\/wp\/v2\/media?parent=320140"}],"wp:term":[{"taxonomy":"category","embeddable":true,"href":"https:\/\/diariotextual.com\/inicio\/index.php\/wp-json\/wp\/v2\/categories?post=320140"},{"taxonomy":"post_tag","embeddable":true,"href":"https:\/\/diariotextual.com\/inicio\/index.php\/wp-json\/wp\/v2\/tags?post=320140"}],"curies":[{"name":"wp","href":"https:\/\/api.w.org\/{rel}","templated":true}]}}