{"id":320146,"date":"2026-02-20T07:02:50","date_gmt":"2026-02-20T10:02:50","guid":{"rendered":"https:\/\/diariotextual.com\/inicio\/?p=320146"},"modified":"2026-02-20T08:19:54","modified_gmt":"2026-02-20T11:19:54","slug":"la-empresa-que-homenajeo-a-milei-con-caramelos-no-hay-plata-tuvo-que-rematar-la-fabrica","status":"publish","type":"post","link":"https:\/\/diariotextual.com\/inicio\/index.php\/2026\/02\/20\/la-empresa-que-homenajeo-a-milei-con-caramelos-no-hay-plata-tuvo-que-rematar-la-fabrica\/","title":{"rendered":"La empresa que homenaje\u00f3 a Milei con caramelos \u201cNo hay plata\u201d tuvo que rematar la f\u00e1brica"},"content":{"rendered":"\n<p><strong>\u201cSi no hay plata, lo que si habr\u00e1 ser\u00e1 dulzura, alegr\u00eda y diversi\u00f3n<\/strong>\u201d. Con ese slogan, el <strong>Grupo Marengo<\/strong> lanz\u00f3 el 14 de diciembre de 2023 una l\u00ednea de caramelos que rend\u00eda tributo a la frase que <strong>Javier Milei<\/strong> hab\u00eda pronunciado cuatro d\u00edas antes, de espaldas al Congreso, para enmarcar el ajuste draconiano que ejecutar\u00eda: \u201cNo hay plata\u201d.<\/p>\n\n\n\n<p>Seg\u00fan public\u00f3 <strong>La Pol\u00edtica Online<\/strong>, el efecto recesivo de ese ajuste impact\u00f3 de lleno en la industria de las golosinas y ya desde 2025, <strong>la firma Marengo ingres\u00f3 en una crisis in\u00e9dita en sus m\u00e1s de 80 a\u00f1os de historia<\/strong>. La campa\u00f1a que busc\u00f3 subirse a la ola libertaria, se convirti\u00f3 as\u00ed en una profec\u00eda ominosa.<\/p>\n\n\n\n<p>El panorama cr\u00edtico desemboc\u00f3 en la decisi\u00f3n de los due\u00f1os de vender la f\u00e1brica, en medio de una escalada de conflictividad con sus 60 trabajadores que reclamaban el pago de sueldos atrasados.<\/p>\n\n\n\n<p>La crisis actual contrasta con lo sucedido con el lanzamiento de \u201cNo hay plata\u201d. Saludada la novedad con benepl\u00e1cito por la granja de trolls libertarios, los caramelos frutales duros y \u00e1cidos en homenaje a Milei eran presentados como un \u201cfuror\u201d por esta empresa con base en Rafaela, Santa Fe.<\/p>\n\n\n\n<p>Pero poco despu\u00e9s, lo que vino fue un desplome de ventas generalizado que tuvo entre los primeros perjudicados al rubro de las golosinas.<\/p>\n\n\n\n<p>En julio de 2025, ampar\u00e1ndose en la fuerte ca\u00edda de las ventas y razones de \u201cfuerza mayor y falta de trabajo no imputable al empleador\u201d, Marengo aplic\u00f3 un esquema de suspensiones sin goce de sueldos durante la segunda quincena de ese mes.<\/p>\n\n\n\n<p>Luego, avanz\u00f3 con una reducci\u00f3n de m\u00e1s del 30% de su personal. Desde entonces, se profundiz\u00f3 el conflicto con el personal que termin\u00f3 por estallar en 2026, con protestas frente a la planta por deudas salariales.<\/p>\n\n\n\n<p>\u201cLa gente est\u00e1 en la casa por una decisi\u00f3n de la empresa. Est\u00e1 cerrada, sin producir, sin comprar insumos, y eso nos genera mucha incertidumbre y preocupaci\u00f3n\u201d, hab\u00eda alertado la semana pasada el secretario general del Sindicato de Trabajadores de la Industria de la Alimentaci\u00f3n (STIA) Seccional Rafaela, Nicol\u00e1s Gonz\u00e1lez.<\/p>\n\n\n\n<p>En las \u00faltimas horas la empresa notific\u00f3 al gremio la venta de la planta a un grupo proveniente de la Ciudad de Buenos Aires, ligado al rubro de las golosinas, aunque hasta el momento los trabajadores no cuentan con mayores detalles.&nbsp;<\/p>\n\n\n\n<p><\/p>\n","protected":false},"excerpt":{"rendered":"<p>\u201cSi no hay plata, lo que si habr\u00e1 ser\u00e1 dulzura, alegr\u00eda y diversi\u00f3n\u201d. Con ese slogan, el Grupo Marengo lanz\u00f3 el 14 de diciembre de 2023 una l\u00ednea de caramelos&hellip;<\/p>\n","protected":false},"author":3,"featured_media":275266,"comment_status":"closed","ping_status":"open","sticky":false,"template":"","format":"standard","meta":{"_acf_changed":false,"footnotes":""},"categories":[1,5],"tags":[],"class_list":["post-320146","post","type-post","status-publish","format-standard","has-post-thumbnail","hentry","category-es-noticia","category-economia"],"acf":[],"yoast_head":"<!-- This site is optimized with the Yoast SEO plugin v27.5 - https:\/\/yoast.com\/product\/yoast-seo-wordpress\/ -->\n<title>La empresa que homenaje\u00f3 a Milei con caramelos \u201cNo hay plata\u201d tuvo que rematar la f\u00e1brica - Diario Textual<\/title>\n<meta name=\"robots\" content=\"index, follow, max-snippet:-1, max-image-preview:large, max-video-preview:-1\" \/>\n<link rel=\"canonical\" href=\"https:\/\/diariotextual.com\/inicio\/index.php\/2026\/02\/20\/la-empresa-que-homenajeo-a-milei-con-caramelos-no-hay-plata-tuvo-que-rematar-la-fabrica\/\" \/>\n<meta property=\"og:locale\" content=\"es_ES\" \/>\n<meta property=\"og:type\" content=\"article\" \/>\n<meta property=\"og:title\" content=\"La empresa que homenaje\u00f3 a Milei con caramelos \u201cNo hay plata\u201d tuvo que rematar la f\u00e1brica - Diario Textual\" \/>\n<meta property=\"og:description\" content=\"\u201cSi no hay plata, lo que si habr\u00e1 ser\u00e1 dulzura, alegr\u00eda y diversi\u00f3n\u201d. Con ese slogan, el Grupo Marengo lanz\u00f3 el 14 de diciembre de 2023 una l\u00ednea de caramelos&hellip;\" \/>\n<meta property=\"og:url\" content=\"https:\/\/diariotextual.com\/inicio\/index.php\/2026\/02\/20\/la-empresa-que-homenajeo-a-milei-con-caramelos-no-hay-plata-tuvo-que-rematar-la-fabrica\/\" \/>\n<meta property=\"og:site_name\" content=\"Diario Textual\" \/>\n<meta property=\"article:publisher\" content=\"https:\/\/www.facebook.com\/eltextual\" \/>\n<meta property=\"article:published_time\" content=\"2026-02-20T10:02:50+00:00\" \/>\n<meta property=\"article:modified_time\" content=\"2026-02-20T11:19:54+00:00\" \/>\n<meta property=\"og:image\" content=\"https:\/\/diariotextual.com\/inicio\/wp-content\/uploads\/2024\/09\/mileijavier2024-4666.webp\" \/>\n\t<meta property=\"og:image:width\" content=\"1117\" \/>\n\t<meta property=\"og:image:height\" content=\"720\" \/>\n\t<meta property=\"og:image:type\" content=\"image\/webp\" \/>\n<meta name=\"author\" content=\"Diario1 Diario1\" \/>\n<meta name=\"twitter:card\" content=\"summary_large_image\" \/>\n<meta name=\"twitter:creator\" content=\"@eltextual\" \/>\n<meta name=\"twitter:site\" content=\"@eltextual\" \/>\n<meta name=\"twitter:label1\" content=\"Escrito por\" \/>\n\t<meta name=\"twitter:data1\" content=\"Diario1 Diario1\" \/>\n\t<meta name=\"twitter:label2\" content=\"Tiempo de lectura\" \/>\n\t<meta name=\"twitter:data2\" content=\"2 minutos\" \/>\n<script type=\"application\/ld+json\" class=\"yoast-schema-graph\">{\"@context\":\"https:\\\/\\\/schema.org\",\"@graph\":[{\"@type\":\"Article\",\"@id\":\"https:\\\/\\\/diariotextual.com\\\/inicio\\\/index.php\\\/2026\\\/02\\\/20\\\/la-empresa-que-homenajeo-a-milei-con-caramelos-no-hay-plata-tuvo-que-rematar-la-fabrica\\\/#article\",\"isPartOf\":{\"@id\":\"https:\\\/\\\/diariotextual.com\\\/inicio\\\/index.php\\\/2026\\\/02\\\/20\\\/la-empresa-que-homenajeo-a-milei-con-caramelos-no-hay-plata-tuvo-que-rematar-la-fabrica\\\/\"},\"author\":{\"name\":\"Diario1 Diario1\",\"@id\":\"https:\\\/\\\/diariotextual.com\\\/inicio\\\/#\\\/schema\\\/person\\\/418fc4093c33e86ed41562db3508f958\"},\"headline\":\"La empresa que homenaje\u00f3 a Milei con caramelos \u201cNo hay plata\u201d tuvo que rematar la f\u00e1brica\",\"datePublished\":\"2026-02-20T10:02:50+00:00\",\"dateModified\":\"2026-02-20T11:19:54+00:00\",\"mainEntityOfPage\":{\"@id\":\"https:\\\/\\\/diariotextual.com\\\/inicio\\\/index.php\\\/2026\\\/02\\\/20\\\/la-empresa-que-homenajeo-a-milei-con-caramelos-no-hay-plata-tuvo-que-rematar-la-fabrica\\\/\"},\"wordCount\":427,\"publisher\":{\"@id\":\"https:\\\/\\\/diariotextual.com\\\/inicio\\\/#organization\"},\"image\":{\"@id\":\"https:\\\/\\\/diariotextual.com\\\/inicio\\\/index.php\\\/2026\\\/02\\\/20\\\/la-empresa-que-homenajeo-a-milei-con-caramelos-no-hay-plata-tuvo-que-rematar-la-fabrica\\\/#primaryimage\"},\"thumbnailUrl\":\"https:\\\/\\\/diariotextual.com\\\/inicio\\\/wp-content\\\/uploads\\\/2024\\\/09\\\/mileijavier2024-4666.webp\",\"articleSection\":[\"A - ES NOTICIA (van abajo)\",\"ECONOMIA\"],\"inLanguage\":\"es\"},{\"@type\":\"WebPage\",\"@id\":\"https:\\\/\\\/diariotextual.com\\\/inicio\\\/index.php\\\/2026\\\/02\\\/20\\\/la-empresa-que-homenajeo-a-milei-con-caramelos-no-hay-plata-tuvo-que-rematar-la-fabrica\\\/\",\"url\":\"https:\\\/\\\/diariotextual.com\\\/inicio\\\/index.php\\\/2026\\\/02\\\/20\\\/la-empresa-que-homenajeo-a-milei-con-caramelos-no-hay-plata-tuvo-que-rematar-la-fabrica\\\/\",\"name\":\"La empresa que homenaje\u00f3 a Milei con caramelos \u201cNo hay plata\u201d tuvo que rematar la f\u00e1brica - Diario Textual\",\"isPartOf\":{\"@id\":\"https:\\\/\\\/diariotextual.com\\\/inicio\\\/#website\"},\"primaryImageOfPage\":{\"@id\":\"https:\\\/\\\/diariotextual.com\\\/inicio\\\/index.php\\\/2026\\\/02\\\/20\\\/la-empresa-que-homenajeo-a-milei-con-caramelos-no-hay-plata-tuvo-que-rematar-la-fabrica\\\/#primaryimage\"},\"image\":{\"@id\":\"https:\\\/\\\/diariotextual.com\\\/inicio\\\/index.php\\\/2026\\\/02\\\/20\\\/la-empresa-que-homenajeo-a-milei-con-caramelos-no-hay-plata-tuvo-que-rematar-la-fabrica\\\/#primaryimage\"},\"thumbnailUrl\":\"https:\\\/\\\/diariotextual.com\\\/inicio\\\/wp-content\\\/uploads\\\/2024\\\/09\\\/mileijavier2024-4666.webp\",\"datePublished\":\"2026-02-20T10:02:50+00:00\",\"dateModified\":\"2026-02-20T11:19:54+00:00\",\"breadcrumb\":{\"@id\":\"https:\\\/\\\/diariotextual.com\\\/inicio\\\/index.php\\\/2026\\\/02\\\/20\\\/la-empresa-que-homenajeo-a-milei-con-caramelos-no-hay-plata-tuvo-que-rematar-la-fabrica\\\/#breadcrumb\"},\"inLanguage\":\"es\",\"potentialAction\":[{\"@type\":\"ReadAction\",\"target\":[\"https:\\\/\\\/diariotextual.com\\\/inicio\\\/index.php\\\/2026\\\/02\\\/20\\\/la-empresa-que-homenajeo-a-milei-con-caramelos-no-hay-plata-tuvo-que-rematar-la-fabrica\\\/\"]}]},{\"@type\":\"ImageObject\",\"inLanguage\":\"es\",\"@id\":\"https:\\\/\\\/diariotextual.com\\\/inicio\\\/index.php\\\/2026\\\/02\\\/20\\\/la-empresa-que-homenajeo-a-milei-con-caramelos-no-hay-plata-tuvo-que-rematar-la-fabrica\\\/#primaryimage\",\"url\":\"https:\\\/\\\/diariotextual.com\\\/inicio\\\/wp-content\\\/uploads\\\/2024\\\/09\\\/mileijavier2024-4666.webp\",\"contentUrl\":\"https:\\\/\\\/diariotextual.com\\\/inicio\\\/wp-content\\\/uploads\\\/2024\\\/09\\\/mileijavier2024-4666.webp\",\"width\":1117,\"height\":720},{\"@type\":\"BreadcrumbList\",\"@id\":\"https:\\\/\\\/diariotextual.com\\\/inicio\\\/index.php\\\/2026\\\/02\\\/20\\\/la-empresa-que-homenajeo-a-milei-con-caramelos-no-hay-plata-tuvo-que-rematar-la-fabrica\\\/#breadcrumb\",\"itemListElement\":[{\"@type\":\"ListItem\",\"position\":1,\"name\":\"Portada\",\"item\":\"https:\\\/\\\/diariotextual.com\\\/inicio\\\/\"},{\"@type\":\"ListItem\",\"position\":2,\"name\":\"La empresa que homenaje\u00f3 a Milei con caramelos \u201cNo hay plata\u201d tuvo que rematar la f\u00e1brica\"}]},{\"@type\":\"WebSite\",\"@id\":\"https:\\\/\\\/diariotextual.com\\\/inicio\\\/#website\",\"url\":\"https:\\\/\\\/diariotextual.com\\\/inicio\\\/\",\"name\":\"Diario Textual\",\"description\":\"\",\"publisher\":{\"@id\":\"https:\\\/\\\/diariotextual.com\\\/inicio\\\/#organization\"},\"potentialAction\":[{\"@type\":\"SearchAction\",\"target\":{\"@type\":\"EntryPoint\",\"urlTemplate\":\"https:\\\/\\\/diariotextual.com\\\/inicio\\\/?s={search_term_string}\"},\"query-input\":{\"@type\":\"PropertyValueSpecification\",\"valueRequired\":true,\"valueName\":\"search_term_string\"}}],\"inLanguage\":\"es\"},{\"@type\":\"Organization\",\"@id\":\"https:\\\/\\\/diariotextual.com\\\/inicio\\\/#organization\",\"name\":\"Diario Textual\",\"url\":\"https:\\\/\\\/diariotextual.com\\\/inicio\\\/\",\"logo\":{\"@type\":\"ImageObject\",\"inLanguage\":\"es\",\"@id\":\"https:\\\/\\\/diariotextual.com\\\/inicio\\\/#\\\/schema\\\/logo\\\/image\\\/\",\"url\":\"https:\\\/\\\/diariotextual.com\\\/inicio\\\/wp-content\\\/uploads\\\/2023\\\/05\\\/logotextual1.jpg\",\"contentUrl\":\"https:\\\/\\\/diariotextual.com\\\/inicio\\\/wp-content\\\/uploads\\\/2023\\\/05\\\/logotextual1.jpg\",\"width\":516,\"height\":76,\"caption\":\"Diario Textual\"},\"image\":{\"@id\":\"https:\\\/\\\/diariotextual.com\\\/inicio\\\/#\\\/schema\\\/logo\\\/image\\\/\"},\"sameAs\":[\"https:\\\/\\\/www.facebook.com\\\/eltextual\",\"https:\\\/\\\/x.com\\\/eltextual\",\"http:\\\/\\\/www.instagram.com\\\/eltextual\"]},{\"@type\":\"Person\",\"@id\":\"https:\\\/\\\/diariotextual.com\\\/inicio\\\/#\\\/schema\\\/person\\\/418fc4093c33e86ed41562db3508f958\",\"name\":\"Diario1 Diario1\",\"image\":{\"@type\":\"ImageObject\",\"inLanguage\":\"es\",\"@id\":\"https:\\\/\\\/secure.gravatar.com\\\/avatar\\\/9167d280179c85bc18be67aa7eda765854300033af4896dd779b608640f2ef7a?s=96&d=mm&r=g\",\"url\":\"https:\\\/\\\/secure.gravatar.com\\\/avatar\\\/9167d280179c85bc18be67aa7eda765854300033af4896dd779b608640f2ef7a?s=96&d=mm&r=g\",\"contentUrl\":\"https:\\\/\\\/secure.gravatar.com\\\/avatar\\\/9167d280179c85bc18be67aa7eda765854300033af4896dd779b608640f2ef7a?s=96&d=mm&r=g\",\"caption\":\"Diario1 Diario1\"},\"url\":\"https:\\\/\\\/diariotextual.com\\\/inicio\\\/index.php\\\/author\\\/diario1\\\/\"}]}<\/script>\n<!-- \/ Yoast SEO plugin. -->","yoast_head_json":{"title":"La empresa que homenaje\u00f3 a Milei con caramelos \u201cNo hay plata\u201d tuvo que rematar la f\u00e1brica - Diario Textual","robots":{"index":"index","follow":"follow","max-snippet":"max-snippet:-1","max-image-preview":"max-image-preview:large","max-video-preview":"max-video-preview:-1"},"canonical":"https:\/\/diariotextual.com\/inicio\/index.php\/2026\/02\/20\/la-empresa-que-homenajeo-a-milei-con-caramelos-no-hay-plata-tuvo-que-rematar-la-fabrica\/","og_locale":"es_ES","og_type":"article","og_title":"La empresa que homenaje\u00f3 a Milei con caramelos \u201cNo hay plata\u201d tuvo que rematar la f\u00e1brica - Diario Textual","og_description":"\u201cSi no hay plata, lo que si habr\u00e1 ser\u00e1 dulzura, alegr\u00eda y diversi\u00f3n\u201d. Con ese slogan, el Grupo Marengo lanz\u00f3 el 14 de diciembre de 2023 una l\u00ednea de caramelos&hellip;","og_url":"https:\/\/diariotextual.com\/inicio\/index.php\/2026\/02\/20\/la-empresa-que-homenajeo-a-milei-con-caramelos-no-hay-plata-tuvo-que-rematar-la-fabrica\/","og_site_name":"Diario Textual","article_publisher":"https:\/\/www.facebook.com\/eltextual","article_published_time":"2026-02-20T10:02:50+00:00","article_modified_time":"2026-02-20T11:19:54+00:00","og_image":[{"width":1117,"height":720,"url":"https:\/\/diariotextual.com\/inicio\/wp-content\/uploads\/2024\/09\/mileijavier2024-4666.webp","type":"image\/webp"}],"author":"Diario1 Diario1","twitter_card":"summary_large_image","twitter_creator":"@eltextual","twitter_site":"@eltextual","twitter_misc":{"Escrito por":"Diario1 Diario1","Tiempo de lectura":"2 minutos"},"schema":{"@context":"https:\/\/schema.org","@graph":[{"@type":"Article","@id":"https:\/\/diariotextual.com\/inicio\/index.php\/2026\/02\/20\/la-empresa-que-homenajeo-a-milei-con-caramelos-no-hay-plata-tuvo-que-rematar-la-fabrica\/#article","isPartOf":{"@id":"https:\/\/diariotextual.com\/inicio\/index.php\/2026\/02\/20\/la-empresa-que-homenajeo-a-milei-con-caramelos-no-hay-plata-tuvo-que-rematar-la-fabrica\/"},"author":{"name":"Diario1 Diario1","@id":"https:\/\/diariotextual.com\/inicio\/#\/schema\/person\/418fc4093c33e86ed41562db3508f958"},"headline":"La empresa que homenaje\u00f3 a Milei con caramelos \u201cNo hay plata\u201d tuvo que rematar la f\u00e1brica","datePublished":"2026-02-20T10:02:50+00:00","dateModified":"2026-02-20T11:19:54+00:00","mainEntityOfPage":{"@id":"https:\/\/diariotextual.com\/inicio\/index.php\/2026\/02\/20\/la-empresa-que-homenajeo-a-milei-con-caramelos-no-hay-plata-tuvo-que-rematar-la-fabrica\/"},"wordCount":427,"publisher":{"@id":"https:\/\/diariotextual.com\/inicio\/#organization"},"image":{"@id":"https:\/\/diariotextual.com\/inicio\/index.php\/2026\/02\/20\/la-empresa-que-homenajeo-a-milei-con-caramelos-no-hay-plata-tuvo-que-rematar-la-fabrica\/#primaryimage"},"thumbnailUrl":"https:\/\/diariotextual.com\/inicio\/wp-content\/uploads\/2024\/09\/mileijavier2024-4666.webp","articleSection":["A - ES NOTICIA (van abajo)","ECONOMIA"],"inLanguage":"es"},{"@type":"WebPage","@id":"https:\/\/diariotextual.com\/inicio\/index.php\/2026\/02\/20\/la-empresa-que-homenajeo-a-milei-con-caramelos-no-hay-plata-tuvo-que-rematar-la-fabrica\/","url":"https:\/\/diariotextual.com\/inicio\/index.php\/2026\/02\/20\/la-empresa-que-homenajeo-a-milei-con-caramelos-no-hay-plata-tuvo-que-rematar-la-fabrica\/","name":"La empresa que homenaje\u00f3 a Milei con caramelos \u201cNo hay plata\u201d tuvo que rematar la f\u00e1brica - Diario Textual","isPartOf":{"@id":"https:\/\/diariotextual.com\/inicio\/#website"},"primaryImageOfPage":{"@id":"https:\/\/diariotextual.com\/inicio\/index.php\/2026\/02\/20\/la-empresa-que-homenajeo-a-milei-con-caramelos-no-hay-plata-tuvo-que-rematar-la-fabrica\/#primaryimage"},"image":{"@id":"https:\/\/diariotextual.com\/inicio\/index.php\/2026\/02\/20\/la-empresa-que-homenajeo-a-milei-con-caramelos-no-hay-plata-tuvo-que-rematar-la-fabrica\/#primaryimage"},"thumbnailUrl":"https:\/\/diariotextual.com\/inicio\/wp-content\/uploads\/2024\/09\/mileijavier2024-4666.webp","datePublished":"2026-02-20T10:02:50+00:00","dateModified":"2026-02-20T11:19:54+00:00","breadcrumb":{"@id":"https:\/\/diariotextual.com\/inicio\/index.php\/2026\/02\/20\/la-empresa-que-homenajeo-a-milei-con-caramelos-no-hay-plata-tuvo-que-rematar-la-fabrica\/#breadcrumb"},"inLanguage":"es","potentialAction":[{"@type":"ReadAction","target":["https:\/\/diariotextual.com\/inicio\/index.php\/2026\/02\/20\/la-empresa-que-homenajeo-a-milei-con-caramelos-no-hay-plata-tuvo-que-rematar-la-fabrica\/"]}]},{"@type":"ImageObject","inLanguage":"es","@id":"https:\/\/diariotextual.com\/inicio\/index.php\/2026\/02\/20\/la-empresa-que-homenajeo-a-milei-con-caramelos-no-hay-plata-tuvo-que-rematar-la-fabrica\/#primaryimage","url":"https:\/\/diariotextual.com\/inicio\/wp-content\/uploads\/2024\/09\/mileijavier2024-4666.webp","contentUrl":"https:\/\/diariotextual.com\/inicio\/wp-content\/uploads\/2024\/09\/mileijavier2024-4666.webp","width":1117,"height":720},{"@type":"BreadcrumbList","@id":"https:\/\/diariotextual.com\/inicio\/index.php\/2026\/02\/20\/la-empresa-que-homenajeo-a-milei-con-caramelos-no-hay-plata-tuvo-que-rematar-la-fabrica\/#breadcrumb","itemListElement":[{"@type":"ListItem","position":1,"name":"Portada","item":"https:\/\/diariotextual.com\/inicio\/"},{"@type":"ListItem","position":2,"name":"La empresa que homenaje\u00f3 a Milei con caramelos \u201cNo hay plata\u201d tuvo que rematar la f\u00e1brica"}]},{"@type":"WebSite","@id":"https:\/\/diariotextual.com\/inicio\/#website","url":"https:\/\/diariotextual.com\/inicio\/","name":"Diario Textual","description":"","publisher":{"@id":"https:\/\/diariotextual.com\/inicio\/#organization"},"potentialAction":[{"@type":"SearchAction","target":{"@type":"EntryPoint","urlTemplate":"https:\/\/diariotextual.com\/inicio\/?s={search_term_string}"},"query-input":{"@type":"PropertyValueSpecification","valueRequired":true,"valueName":"search_term_string"}}],"inLanguage":"es"},{"@type":"Organization","@id":"https:\/\/diariotextual.com\/inicio\/#organization","name":"Diario Textual","url":"https:\/\/diariotextual.com\/inicio\/","logo":{"@type":"ImageObject","inLanguage":"es","@id":"https:\/\/diariotextual.com\/inicio\/#\/schema\/logo\/image\/","url":"https:\/\/diariotextual.com\/inicio\/wp-content\/uploads\/2023\/05\/logotextual1.jpg","contentUrl":"https:\/\/diariotextual.com\/inicio\/wp-content\/uploads\/2023\/05\/logotextual1.jpg","width":516,"height":76,"caption":"Diario Textual"},"image":{"@id":"https:\/\/diariotextual.com\/inicio\/#\/schema\/logo\/image\/"},"sameAs":["https:\/\/www.facebook.com\/eltextual","https:\/\/x.com\/eltextual","http:\/\/www.instagram.com\/eltextual"]},{"@type":"Person","@id":"https:\/\/diariotextual.com\/inicio\/#\/schema\/person\/418fc4093c33e86ed41562db3508f958","name":"Diario1 Diario1","image":{"@type":"ImageObject","inLanguage":"es","@id":"https:\/\/secure.gravatar.com\/avatar\/9167d280179c85bc18be67aa7eda765854300033af4896dd779b608640f2ef7a?s=96&d=mm&r=g","url":"https:\/\/secure.gravatar.com\/avatar\/9167d280179c85bc18be67aa7eda765854300033af4896dd779b608640f2ef7a?s=96&d=mm&r=g","contentUrl":"https:\/\/secure.gravatar.com\/avatar\/9167d280179c85bc18be67aa7eda765854300033af4896dd779b608640f2ef7a?s=96&d=mm&r=g","caption":"Diario1 Diario1"},"url":"https:\/\/diariotextual.com\/inicio\/index.php\/author\/diario1\/"}]}},"_links":{"self":[{"href":"https:\/\/diariotextual.com\/inicio\/index.php\/wp-json\/wp\/v2\/posts\/320146","targetHints":{"allow":["GET"]}}],"collection":[{"href":"https:\/\/diariotextual.com\/inicio\/index.php\/wp-json\/wp\/v2\/posts"}],"about":[{"href":"https:\/\/diariotextual.com\/inicio\/index.php\/wp-json\/wp\/v2\/types\/post"}],"author":[{"embeddable":true,"href":"https:\/\/diariotextual.com\/inicio\/index.php\/wp-json\/wp\/v2\/users\/3"}],"replies":[{"embeddable":true,"href":"https:\/\/diariotextual.com\/inicio\/index.php\/wp-json\/wp\/v2\/comments?post=320146"}],"version-history":[{"count":1,"href":"https:\/\/diariotextual.com\/inicio\/index.php\/wp-json\/wp\/v2\/posts\/320146\/revisions"}],"predecessor-version":[{"id":320147,"href":"https:\/\/diariotextual.com\/inicio\/index.php\/wp-json\/wp\/v2\/posts\/320146\/revisions\/320147"}],"wp:featuredmedia":[{"embeddable":true,"href":"https:\/\/diariotextual.com\/inicio\/index.php\/wp-json\/wp\/v2\/media\/275266"}],"wp:attachment":[{"href":"https:\/\/diariotextual.com\/inicio\/index.php\/wp-json\/wp\/v2\/media?parent=320146"}],"wp:term":[{"taxonomy":"category","embeddable":true,"href":"https:\/\/diariotextual.com\/inicio\/index.php\/wp-json\/wp\/v2\/categories?post=320146"},{"taxonomy":"post_tag","embeddable":true,"href":"https:\/\/diariotextual.com\/inicio\/index.php\/wp-json\/wp\/v2\/tags?post=320146"}],"curies":[{"name":"wp","href":"https:\/\/api.w.org\/{rel}","templated":true}]}}