{"id":320162,"date":"2026-02-20T09:12:47","date_gmt":"2026-02-20T12:12:47","guid":{"rendered":"https:\/\/diariotextual.com\/inicio\/?p=320162"},"modified":"2026-02-20T16:01:13","modified_gmt":"2026-02-20T19:01:13","slug":"inminente-definicion-de-la-jueza-que-debe-definir-si-restituye-o-no-las-hijas-a-maria-el-ex-tiene-una-condena-de-2017","status":"publish","type":"post","link":"https:\/\/diariotextual.com\/inicio\/index.php\/2026\/02\/20\/inminente-definicion-de-la-jueza-que-debe-definir-si-restituye-o-no-las-hijas-a-maria-el-ex-tiene-una-condena-de-2017\/","title":{"rendered":"La jueza define el lunes si restituye o no las hijas a Mar\u00eda: el ex tiene una condena de 2017"},"content":{"rendered":"\n<p>La <strong>jueza de la Familia, Ni\u00f1os, Ni\u00f1as y Adolescentes de la Tercera Circunscripci\u00f3n Judicial de La Pampa, Daniela de la Iglesia<\/strong>, se reuni\u00f3 en las \u00faltimas horas asesores y equipos t\u00e9cnicos y se espera que sea inminente una resoluci\u00f3n: si hace lugar o no al pedido de <strong>restituci\u00f3n de las dos hijas de Mar\u00eda Unger Reimer<\/strong>, de 12 y 15 a\u00f1os, que se encuentran en la <strong>colonia menonita Nueva Esperanza (Guatrach\u00e9)<\/strong>. Adem\u00e1s, se incorporaron m\u00e1s elementos a la causa que debe analizar la magistrada: el <strong>exmarido de Mar\u00eda ya cuenta con una condena de 2017 por haberla golpeado brutalmente<\/strong> a <strong>patadas.<\/strong> La definici\u00f3n, adelant\u00f3 la magistrada, se dar\u00e1 el lunes 23.<\/p>\n\n\n\n<p><strong>Mar\u00eda denunci\u00f3 hace unos diez d\u00edas nuevos episodios de violencia en la colonia menonita<\/strong> y abri\u00f3 un proceso judicial para recuperar la custodia de sus hijas.<\/p>\n\n\n\n<p>En los \u00faltimos d\u00edas, la jueza se reuni\u00f3, primero, con Mar\u00eda -acompa\u00f1ada por su abogada<strong> Karina \u00c1lvarez&nbsp; Mendiara<\/strong>&#8211; y, luego, con cada una de las adolescentes por separado, en el marco del an\u00e1lisis del pedido de restituci\u00f3n. Ayer, en tanto, mantuvo un encuentro equipos t\u00e9cnicos que intervienen en el expediente.<\/p>\n\n\n\n<p>Seg\u00fan pudo saber Diario Textual, la magistrada evalu\u00f3 los informes profesionales y las presentaciones de las partes. La decisi\u00f3n deber\u00e1 determinar si dispone o no la <strong>restituci\u00f3n de las menores a su madre<\/strong>.<\/p>\n\n\n\n<div style=\"height:100px\" aria-hidden=\"true\" class=\"wp-block-spacer\"><\/div>\n\n\n\n<p><strong>La primera<\/strong><\/p>\n\n\n\n<p><strong>Mar\u00eda Unger Reimer<\/strong>, de 34 a\u00f1os, fue la primera mujer en escapar de la colonia, en 2019, luego de sufrir violencia por parte de su entonces esposo. Tuvo que dejar a sus dos hijas. Se fue en colectivo, sin dinero, a la provincia de Tucum\u00e1n, donde consigui\u00f3 trabajo, conform\u00f3 una nueva familia y tuvo una nena, hoy de 5 a\u00f1os.<\/p>\n\n\n\n<p>Luego volvi\u00f3 por sus dos hijas, que hab\u00edan quedado en la colonia, y logr\u00f3 llevarlas a Tucum\u00e1n. La mayor, de 15 a\u00f1os, estuvo tres a\u00f1os en el norte argentino: curs\u00f3 la primaria e incluso hizo el primer a\u00f1o de la secundaria, pero luego regres\u00f3 a Guatrach\u00e9.<\/p>\n\n\n\n<p>Hace unos d\u00edas, Mar\u00eda condujo su auto desde Tucum\u00e1n hasta Santa Rosa, para visitar a su madre enferma en el <strong>Hospital Favaloro<\/strong>. Despu\u00e9s decidi\u00f3 ir hasta la colonia, cuando la hija de 12 a\u00f1os le pidi\u00f3 visitar a su padre.<\/p>\n\n\n\n<p>All\u00ed se desat\u00f3 otra vez el infierno: el domingo 8, cerca de las 20 horas, <strong>Mar\u00eda fue golpeada brutalmente por su ex, quien se encontraba alcoholizado<\/strong>. Incluso, el hombre <strong>amenaz\u00f3 con matar a las chicas<\/strong>.<\/p>\n\n\n\n<p>La mujer logr\u00f3 que la <strong>Polic\u00eda de Guatrach\u00e9<\/strong> fuera a la colonia. Luego se retir\u00f3 con sus tres nenas hasta el <strong>Hospital Freire<\/strong>. Estuvo un d\u00eda internada y se volvi\u00f3 a Santa Rosa.<\/p>\n\n\n\n<p>Pero eso no fue todo: ya en la capital pampeana, el lunes 9, apareci\u00f3 el ex junto a otros menonitas y <strong>se llevaron a las dos chicas de 12 y 15 a\u00f1os<\/strong>. Alertada, Mar\u00eda hizo la denuncia.<\/p>\n\n\n\n<p>\u201cCuando sal\u00ed del departamento con mis hijas, apareci\u00f3 el padre con otros varones de la comunidad. Las cargaron en una camioneta. No me preguntaron. No me pidieron permiso. Se las llevaron. Yo corr\u00ed, grit\u00e9, llam\u00e9 al 101. Todo qued\u00f3 registrado en otra denuncia. <strong>Fue una sustracci\u00f3n en plena calle, a la vista de todos<\/strong>\u201d, dijo Mar\u00eda a Diario Textual.<\/p>\n\n\n\n<p>Los menonitas fueron demorados en Miguel Riglos y asistentes sociales entrevistaron a las menores. \u201cQueremos ir a la colonia\u201d, dijeron las chicas.<\/p>\n\n\n\n<p>Poco despu\u00e9s, pese a que exist\u00eda una denuncia por un supuesto rapto o secuestro, pudieron seguir hasta la colonia. Para las autoridades judiciales de Santa Rosa, no hubo secuestro: es que las chicas dijeron ante las asistentes de Riglos que quer\u00edan irse con su padre. Sin embargo, la abogada alert\u00f3 que esos testimonios <strong>est\u00e1n viciados y que las menores estaban amenazadas por el padre<\/strong>.<\/p>\n\n\n\n<div style=\"height:100px\" aria-hidden=\"true\" class=\"wp-block-spacer\"><\/div>\n\n\n\n<p><strong>La condena al entonces marido de Mar\u00eda<\/strong><\/p>\n\n\n\n<p>En 2017, el entonces marido de Mar\u00eda fue condenado a seis meses de prisi\u00f3n de ejecuci\u00f3n condicional, por haber resultado material y penalmente responsable del delito de lesiones leves, agravadas por el v\u00ednculo, debido a que el hecho fue cometido en perjuicio de su esposa. <\/p>\n\n\n\n<p>La agresi\u00f3n ocurri\u00f3 el 16 de junio de 2017. Le peg\u00f3 patadas en la cabeza y otras partes del cuerpo. Mar\u00eda, por este hecho, estuvo internada en un centro de salud de Darregueira (Buenos Aires).<\/p>\n\n\n\n<p>Fue la primera vez que la Justicia ordinaria de La Pampa dict\u00f3 una condena contra un integrante de la colonia menonita de la localidad de Guatrach\u00e9.&nbsp;<\/p>\n\n\n\n<p>La particularidad del caso es que la condena proviene de la Justicia, y no de las autoridades religiosas que gobiernan los campos de la zona del paraje Remec\u00f3.<\/p>\n\n\n\n<p><\/p>\n","protected":false},"excerpt":{"rendered":"<p>La jueza de la Familia, Ni\u00f1os, Ni\u00f1as y Adolescentes de la Tercera Circunscripci\u00f3n Judicial de La Pampa, Daniela de la Iglesia, se reuni\u00f3 en las \u00faltimas horas asesores y equipos&hellip;<\/p>\n","protected":false},"author":3,"featured_media":319386,"comment_status":"closed","ping_status":"open","sticky":false,"template":"","format":"standard","meta":{"_acf_changed":false,"footnotes":""},"categories":[10,12],"tags":[],"class_list":["post-320162","post","type-post","status-publish","format-standard","has-post-thumbnail","hentry","category-portada-2","category-sociedad"],"acf":[],"yoast_head":"<!-- This site is optimized with the Yoast SEO plugin v27.5 - https:\/\/yoast.com\/product\/yoast-seo-wordpress\/ -->\n<title>La jueza define el lunes si restituye o no las hijas a Mar\u00eda: el ex tiene una condena de 2017 - Diario Textual<\/title>\n<meta name=\"robots\" content=\"index, follow, max-snippet:-1, max-image-preview:large, max-video-preview:-1\" \/>\n<link rel=\"canonical\" href=\"https:\/\/diariotextual.com\/inicio\/index.php\/2026\/02\/20\/inminente-definicion-de-la-jueza-que-debe-definir-si-restituye-o-no-las-hijas-a-maria-el-ex-tiene-una-condena-de-2017\/\" \/>\n<meta property=\"og:locale\" content=\"es_ES\" \/>\n<meta property=\"og:type\" content=\"article\" \/>\n<meta property=\"og:title\" content=\"La jueza define el lunes si restituye o no las hijas a Mar\u00eda: el ex tiene una condena de 2017 - Diario Textual\" \/>\n<meta property=\"og:description\" content=\"La jueza de la Familia, Ni\u00f1os, Ni\u00f1as y Adolescentes de la Tercera Circunscripci\u00f3n Judicial de La Pampa, Daniela de la Iglesia, se reuni\u00f3 en las \u00faltimas horas asesores y equipos&hellip;\" \/>\n<meta property=\"og:url\" content=\"https:\/\/diariotextual.com\/inicio\/index.php\/2026\/02\/20\/inminente-definicion-de-la-jueza-que-debe-definir-si-restituye-o-no-las-hijas-a-maria-el-ex-tiene-una-condena-de-2017\/\" \/>\n<meta property=\"og:site_name\" content=\"Diario Textual\" \/>\n<meta property=\"article:publisher\" content=\"https:\/\/www.facebook.com\/eltextual\" \/>\n<meta property=\"article:published_time\" content=\"2026-02-20T12:12:47+00:00\" \/>\n<meta property=\"article:modified_time\" content=\"2026-02-20T19:01:13+00:00\" \/>\n<meta property=\"og:image\" content=\"https:\/\/diariotextual.com\/inicio\/wp-content\/uploads\/2026\/02\/ungerreimermariamenonitatextual2026-11.jpg\" \/>\n\t<meta property=\"og:image:width\" content=\"1200\" \/>\n\t<meta property=\"og:image:height\" content=\"675\" \/>\n\t<meta property=\"og:image:type\" content=\"image\/jpeg\" \/>\n<meta name=\"author\" content=\"Diario1 Diario1\" \/>\n<meta name=\"twitter:card\" content=\"summary_large_image\" \/>\n<meta name=\"twitter:creator\" content=\"@eltextual\" \/>\n<meta name=\"twitter:site\" content=\"@eltextual\" \/>\n<meta name=\"twitter:label1\" content=\"Escrito por\" \/>\n\t<meta name=\"twitter:data1\" content=\"Diario1 Diario1\" \/>\n\t<meta name=\"twitter:label2\" content=\"Tiempo de lectura\" \/>\n\t<meta name=\"twitter:data2\" content=\"4 minutos\" \/>\n<script type=\"application\/ld+json\" class=\"yoast-schema-graph\">{\"@context\":\"https:\\\/\\\/schema.org\",\"@graph\":[{\"@type\":\"Article\",\"@id\":\"https:\\\/\\\/diariotextual.com\\\/inicio\\\/index.php\\\/2026\\\/02\\\/20\\\/inminente-definicion-de-la-jueza-que-debe-definir-si-restituye-o-no-las-hijas-a-maria-el-ex-tiene-una-condena-de-2017\\\/#article\",\"isPartOf\":{\"@id\":\"https:\\\/\\\/diariotextual.com\\\/inicio\\\/index.php\\\/2026\\\/02\\\/20\\\/inminente-definicion-de-la-jueza-que-debe-definir-si-restituye-o-no-las-hijas-a-maria-el-ex-tiene-una-condena-de-2017\\\/\"},\"author\":{\"name\":\"Diario1 Diario1\",\"@id\":\"https:\\\/\\\/diariotextual.com\\\/inicio\\\/#\\\/schema\\\/person\\\/418fc4093c33e86ed41562db3508f958\"},\"headline\":\"La jueza define el lunes si restituye o no las hijas a Mar\u00eda: el ex tiene una condena de 2017\",\"datePublished\":\"2026-02-20T12:12:47+00:00\",\"dateModified\":\"2026-02-20T19:01:13+00:00\",\"mainEntityOfPage\":{\"@id\":\"https:\\\/\\\/diariotextual.com\\\/inicio\\\/index.php\\\/2026\\\/02\\\/20\\\/inminente-definicion-de-la-jueza-que-debe-definir-si-restituye-o-no-las-hijas-a-maria-el-ex-tiene-una-condena-de-2017\\\/\"},\"wordCount\":818,\"publisher\":{\"@id\":\"https:\\\/\\\/diariotextual.com\\\/inicio\\\/#organization\"},\"image\":{\"@id\":\"https:\\\/\\\/diariotextual.com\\\/inicio\\\/index.php\\\/2026\\\/02\\\/20\\\/inminente-definicion-de-la-jueza-que-debe-definir-si-restituye-o-no-las-hijas-a-maria-el-ex-tiene-una-condena-de-2017\\\/#primaryimage\"},\"thumbnailUrl\":\"https:\\\/\\\/diariotextual.com\\\/inicio\\\/wp-content\\\/uploads\\\/2026\\\/02\\\/ungerreimermariamenonitatextual2026-11.jpg\",\"articleSection\":[\"A - PORTADA2\",\"SOCIEDAD\"],\"inLanguage\":\"es\"},{\"@type\":\"WebPage\",\"@id\":\"https:\\\/\\\/diariotextual.com\\\/inicio\\\/index.php\\\/2026\\\/02\\\/20\\\/inminente-definicion-de-la-jueza-que-debe-definir-si-restituye-o-no-las-hijas-a-maria-el-ex-tiene-una-condena-de-2017\\\/\",\"url\":\"https:\\\/\\\/diariotextual.com\\\/inicio\\\/index.php\\\/2026\\\/02\\\/20\\\/inminente-definicion-de-la-jueza-que-debe-definir-si-restituye-o-no-las-hijas-a-maria-el-ex-tiene-una-condena-de-2017\\\/\",\"name\":\"La jueza define el lunes si restituye o no las hijas a Mar\u00eda: el ex tiene una condena de 2017 - Diario Textual\",\"isPartOf\":{\"@id\":\"https:\\\/\\\/diariotextual.com\\\/inicio\\\/#website\"},\"primaryImageOfPage\":{\"@id\":\"https:\\\/\\\/diariotextual.com\\\/inicio\\\/index.php\\\/2026\\\/02\\\/20\\\/inminente-definicion-de-la-jueza-que-debe-definir-si-restituye-o-no-las-hijas-a-maria-el-ex-tiene-una-condena-de-2017\\\/#primaryimage\"},\"image\":{\"@id\":\"https:\\\/\\\/diariotextual.com\\\/inicio\\\/index.php\\\/2026\\\/02\\\/20\\\/inminente-definicion-de-la-jueza-que-debe-definir-si-restituye-o-no-las-hijas-a-maria-el-ex-tiene-una-condena-de-2017\\\/#primaryimage\"},\"thumbnailUrl\":\"https:\\\/\\\/diariotextual.com\\\/inicio\\\/wp-content\\\/uploads\\\/2026\\\/02\\\/ungerreimermariamenonitatextual2026-11.jpg\",\"datePublished\":\"2026-02-20T12:12:47+00:00\",\"dateModified\":\"2026-02-20T19:01:13+00:00\",\"breadcrumb\":{\"@id\":\"https:\\\/\\\/diariotextual.com\\\/inicio\\\/index.php\\\/2026\\\/02\\\/20\\\/inminente-definicion-de-la-jueza-que-debe-definir-si-restituye-o-no-las-hijas-a-maria-el-ex-tiene-una-condena-de-2017\\\/#breadcrumb\"},\"inLanguage\":\"es\",\"potentialAction\":[{\"@type\":\"ReadAction\",\"target\":[\"https:\\\/\\\/diariotextual.com\\\/inicio\\\/index.php\\\/2026\\\/02\\\/20\\\/inminente-definicion-de-la-jueza-que-debe-definir-si-restituye-o-no-las-hijas-a-maria-el-ex-tiene-una-condena-de-2017\\\/\"]}]},{\"@type\":\"ImageObject\",\"inLanguage\":\"es\",\"@id\":\"https:\\\/\\\/diariotextual.com\\\/inicio\\\/index.php\\\/2026\\\/02\\\/20\\\/inminente-definicion-de-la-jueza-que-debe-definir-si-restituye-o-no-las-hijas-a-maria-el-ex-tiene-una-condena-de-2017\\\/#primaryimage\",\"url\":\"https:\\\/\\\/diariotextual.com\\\/inicio\\\/wp-content\\\/uploads\\\/2026\\\/02\\\/ungerreimermariamenonitatextual2026-11.jpg\",\"contentUrl\":\"https:\\\/\\\/diariotextual.com\\\/inicio\\\/wp-content\\\/uploads\\\/2026\\\/02\\\/ungerreimermariamenonitatextual2026-11.jpg\",\"width\":1200,\"height\":675},{\"@type\":\"BreadcrumbList\",\"@id\":\"https:\\\/\\\/diariotextual.com\\\/inicio\\\/index.php\\\/2026\\\/02\\\/20\\\/inminente-definicion-de-la-jueza-que-debe-definir-si-restituye-o-no-las-hijas-a-maria-el-ex-tiene-una-condena-de-2017\\\/#breadcrumb\",\"itemListElement\":[{\"@type\":\"ListItem\",\"position\":1,\"name\":\"Portada\",\"item\":\"https:\\\/\\\/diariotextual.com\\\/inicio\\\/\"},{\"@type\":\"ListItem\",\"position\":2,\"name\":\"La jueza define el lunes si restituye o no las hijas a Mar\u00eda: el ex tiene una condena de 2017\"}]},{\"@type\":\"WebSite\",\"@id\":\"https:\\\/\\\/diariotextual.com\\\/inicio\\\/#website\",\"url\":\"https:\\\/\\\/diariotextual.com\\\/inicio\\\/\",\"name\":\"Diario Textual\",\"description\":\"\",\"publisher\":{\"@id\":\"https:\\\/\\\/diariotextual.com\\\/inicio\\\/#organization\"},\"potentialAction\":[{\"@type\":\"SearchAction\",\"target\":{\"@type\":\"EntryPoint\",\"urlTemplate\":\"https:\\\/\\\/diariotextual.com\\\/inicio\\\/?s={search_term_string}\"},\"query-input\":{\"@type\":\"PropertyValueSpecification\",\"valueRequired\":true,\"valueName\":\"search_term_string\"}}],\"inLanguage\":\"es\"},{\"@type\":\"Organization\",\"@id\":\"https:\\\/\\\/diariotextual.com\\\/inicio\\\/#organization\",\"name\":\"Diario Textual\",\"url\":\"https:\\\/\\\/diariotextual.com\\\/inicio\\\/\",\"logo\":{\"@type\":\"ImageObject\",\"inLanguage\":\"es\",\"@id\":\"https:\\\/\\\/diariotextual.com\\\/inicio\\\/#\\\/schema\\\/logo\\\/image\\\/\",\"url\":\"https:\\\/\\\/diariotextual.com\\\/inicio\\\/wp-content\\\/uploads\\\/2023\\\/05\\\/logotextual1.jpg\",\"contentUrl\":\"https:\\\/\\\/diariotextual.com\\\/inicio\\\/wp-content\\\/uploads\\\/2023\\\/05\\\/logotextual1.jpg\",\"width\":516,\"height\":76,\"caption\":\"Diario Textual\"},\"image\":{\"@id\":\"https:\\\/\\\/diariotextual.com\\\/inicio\\\/#\\\/schema\\\/logo\\\/image\\\/\"},\"sameAs\":[\"https:\\\/\\\/www.facebook.com\\\/eltextual\",\"https:\\\/\\\/x.com\\\/eltextual\",\"http:\\\/\\\/www.instagram.com\\\/eltextual\"]},{\"@type\":\"Person\",\"@id\":\"https:\\\/\\\/diariotextual.com\\\/inicio\\\/#\\\/schema\\\/person\\\/418fc4093c33e86ed41562db3508f958\",\"name\":\"Diario1 Diario1\",\"image\":{\"@type\":\"ImageObject\",\"inLanguage\":\"es\",\"@id\":\"https:\\\/\\\/secure.gravatar.com\\\/avatar\\\/9167d280179c85bc18be67aa7eda765854300033af4896dd779b608640f2ef7a?s=96&d=mm&r=g\",\"url\":\"https:\\\/\\\/secure.gravatar.com\\\/avatar\\\/9167d280179c85bc18be67aa7eda765854300033af4896dd779b608640f2ef7a?s=96&d=mm&r=g\",\"contentUrl\":\"https:\\\/\\\/secure.gravatar.com\\\/avatar\\\/9167d280179c85bc18be67aa7eda765854300033af4896dd779b608640f2ef7a?s=96&d=mm&r=g\",\"caption\":\"Diario1 Diario1\"},\"url\":\"https:\\\/\\\/diariotextual.com\\\/inicio\\\/index.php\\\/author\\\/diario1\\\/\"}]}<\/script>\n<!-- \/ Yoast SEO plugin. -->","yoast_head_json":{"title":"La jueza define el lunes si restituye o no las hijas a Mar\u00eda: el ex tiene una condena de 2017 - Diario Textual","robots":{"index":"index","follow":"follow","max-snippet":"max-snippet:-1","max-image-preview":"max-image-preview:large","max-video-preview":"max-video-preview:-1"},"canonical":"https:\/\/diariotextual.com\/inicio\/index.php\/2026\/02\/20\/inminente-definicion-de-la-jueza-que-debe-definir-si-restituye-o-no-las-hijas-a-maria-el-ex-tiene-una-condena-de-2017\/","og_locale":"es_ES","og_type":"article","og_title":"La jueza define el lunes si restituye o no las hijas a Mar\u00eda: el ex tiene una condena de 2017 - Diario Textual","og_description":"La jueza de la Familia, Ni\u00f1os, Ni\u00f1as y Adolescentes de la Tercera Circunscripci\u00f3n Judicial de La Pampa, Daniela de la Iglesia, se reuni\u00f3 en las \u00faltimas horas asesores y equipos&hellip;","og_url":"https:\/\/diariotextual.com\/inicio\/index.php\/2026\/02\/20\/inminente-definicion-de-la-jueza-que-debe-definir-si-restituye-o-no-las-hijas-a-maria-el-ex-tiene-una-condena-de-2017\/","og_site_name":"Diario Textual","article_publisher":"https:\/\/www.facebook.com\/eltextual","article_published_time":"2026-02-20T12:12:47+00:00","article_modified_time":"2026-02-20T19:01:13+00:00","og_image":[{"width":1200,"height":675,"url":"https:\/\/diariotextual.com\/inicio\/wp-content\/uploads\/2026\/02\/ungerreimermariamenonitatextual2026-11.jpg","type":"image\/jpeg"}],"author":"Diario1 Diario1","twitter_card":"summary_large_image","twitter_creator":"@eltextual","twitter_site":"@eltextual","twitter_misc":{"Escrito por":"Diario1 Diario1","Tiempo de lectura":"4 minutos"},"schema":{"@context":"https:\/\/schema.org","@graph":[{"@type":"Article","@id":"https:\/\/diariotextual.com\/inicio\/index.php\/2026\/02\/20\/inminente-definicion-de-la-jueza-que-debe-definir-si-restituye-o-no-las-hijas-a-maria-el-ex-tiene-una-condena-de-2017\/#article","isPartOf":{"@id":"https:\/\/diariotextual.com\/inicio\/index.php\/2026\/02\/20\/inminente-definicion-de-la-jueza-que-debe-definir-si-restituye-o-no-las-hijas-a-maria-el-ex-tiene-una-condena-de-2017\/"},"author":{"name":"Diario1 Diario1","@id":"https:\/\/diariotextual.com\/inicio\/#\/schema\/person\/418fc4093c33e86ed41562db3508f958"},"headline":"La jueza define el lunes si restituye o no las hijas a Mar\u00eda: el ex tiene una condena de 2017","datePublished":"2026-02-20T12:12:47+00:00","dateModified":"2026-02-20T19:01:13+00:00","mainEntityOfPage":{"@id":"https:\/\/diariotextual.com\/inicio\/index.php\/2026\/02\/20\/inminente-definicion-de-la-jueza-que-debe-definir-si-restituye-o-no-las-hijas-a-maria-el-ex-tiene-una-condena-de-2017\/"},"wordCount":818,"publisher":{"@id":"https:\/\/diariotextual.com\/inicio\/#organization"},"image":{"@id":"https:\/\/diariotextual.com\/inicio\/index.php\/2026\/02\/20\/inminente-definicion-de-la-jueza-que-debe-definir-si-restituye-o-no-las-hijas-a-maria-el-ex-tiene-una-condena-de-2017\/#primaryimage"},"thumbnailUrl":"https:\/\/diariotextual.com\/inicio\/wp-content\/uploads\/2026\/02\/ungerreimermariamenonitatextual2026-11.jpg","articleSection":["A - PORTADA2","SOCIEDAD"],"inLanguage":"es"},{"@type":"WebPage","@id":"https:\/\/diariotextual.com\/inicio\/index.php\/2026\/02\/20\/inminente-definicion-de-la-jueza-que-debe-definir-si-restituye-o-no-las-hijas-a-maria-el-ex-tiene-una-condena-de-2017\/","url":"https:\/\/diariotextual.com\/inicio\/index.php\/2026\/02\/20\/inminente-definicion-de-la-jueza-que-debe-definir-si-restituye-o-no-las-hijas-a-maria-el-ex-tiene-una-condena-de-2017\/","name":"La jueza define el lunes si restituye o no las hijas a Mar\u00eda: el ex tiene una condena de 2017 - Diario Textual","isPartOf":{"@id":"https:\/\/diariotextual.com\/inicio\/#website"},"primaryImageOfPage":{"@id":"https:\/\/diariotextual.com\/inicio\/index.php\/2026\/02\/20\/inminente-definicion-de-la-jueza-que-debe-definir-si-restituye-o-no-las-hijas-a-maria-el-ex-tiene-una-condena-de-2017\/#primaryimage"},"image":{"@id":"https:\/\/diariotextual.com\/inicio\/index.php\/2026\/02\/20\/inminente-definicion-de-la-jueza-que-debe-definir-si-restituye-o-no-las-hijas-a-maria-el-ex-tiene-una-condena-de-2017\/#primaryimage"},"thumbnailUrl":"https:\/\/diariotextual.com\/inicio\/wp-content\/uploads\/2026\/02\/ungerreimermariamenonitatextual2026-11.jpg","datePublished":"2026-02-20T12:12:47+00:00","dateModified":"2026-02-20T19:01:13+00:00","breadcrumb":{"@id":"https:\/\/diariotextual.com\/inicio\/index.php\/2026\/02\/20\/inminente-definicion-de-la-jueza-que-debe-definir-si-restituye-o-no-las-hijas-a-maria-el-ex-tiene-una-condena-de-2017\/#breadcrumb"},"inLanguage":"es","potentialAction":[{"@type":"ReadAction","target":["https:\/\/diariotextual.com\/inicio\/index.php\/2026\/02\/20\/inminente-definicion-de-la-jueza-que-debe-definir-si-restituye-o-no-las-hijas-a-maria-el-ex-tiene-una-condena-de-2017\/"]}]},{"@type":"ImageObject","inLanguage":"es","@id":"https:\/\/diariotextual.com\/inicio\/index.php\/2026\/02\/20\/inminente-definicion-de-la-jueza-que-debe-definir-si-restituye-o-no-las-hijas-a-maria-el-ex-tiene-una-condena-de-2017\/#primaryimage","url":"https:\/\/diariotextual.com\/inicio\/wp-content\/uploads\/2026\/02\/ungerreimermariamenonitatextual2026-11.jpg","contentUrl":"https:\/\/diariotextual.com\/inicio\/wp-content\/uploads\/2026\/02\/ungerreimermariamenonitatextual2026-11.jpg","width":1200,"height":675},{"@type":"BreadcrumbList","@id":"https:\/\/diariotextual.com\/inicio\/index.php\/2026\/02\/20\/inminente-definicion-de-la-jueza-que-debe-definir-si-restituye-o-no-las-hijas-a-maria-el-ex-tiene-una-condena-de-2017\/#breadcrumb","itemListElement":[{"@type":"ListItem","position":1,"name":"Portada","item":"https:\/\/diariotextual.com\/inicio\/"},{"@type":"ListItem","position":2,"name":"La jueza define el lunes si restituye o no las hijas a Mar\u00eda: el ex tiene una condena de 2017"}]},{"@type":"WebSite","@id":"https:\/\/diariotextual.com\/inicio\/#website","url":"https:\/\/diariotextual.com\/inicio\/","name":"Diario Textual","description":"","publisher":{"@id":"https:\/\/diariotextual.com\/inicio\/#organization"},"potentialAction":[{"@type":"SearchAction","target":{"@type":"EntryPoint","urlTemplate":"https:\/\/diariotextual.com\/inicio\/?s={search_term_string}"},"query-input":{"@type":"PropertyValueSpecification","valueRequired":true,"valueName":"search_term_string"}}],"inLanguage":"es"},{"@type":"Organization","@id":"https:\/\/diariotextual.com\/inicio\/#organization","name":"Diario Textual","url":"https:\/\/diariotextual.com\/inicio\/","logo":{"@type":"ImageObject","inLanguage":"es","@id":"https:\/\/diariotextual.com\/inicio\/#\/schema\/logo\/image\/","url":"https:\/\/diariotextual.com\/inicio\/wp-content\/uploads\/2023\/05\/logotextual1.jpg","contentUrl":"https:\/\/diariotextual.com\/inicio\/wp-content\/uploads\/2023\/05\/logotextual1.jpg","width":516,"height":76,"caption":"Diario Textual"},"image":{"@id":"https:\/\/diariotextual.com\/inicio\/#\/schema\/logo\/image\/"},"sameAs":["https:\/\/www.facebook.com\/eltextual","https:\/\/x.com\/eltextual","http:\/\/www.instagram.com\/eltextual"]},{"@type":"Person","@id":"https:\/\/diariotextual.com\/inicio\/#\/schema\/person\/418fc4093c33e86ed41562db3508f958","name":"Diario1 Diario1","image":{"@type":"ImageObject","inLanguage":"es","@id":"https:\/\/secure.gravatar.com\/avatar\/9167d280179c85bc18be67aa7eda765854300033af4896dd779b608640f2ef7a?s=96&d=mm&r=g","url":"https:\/\/secure.gravatar.com\/avatar\/9167d280179c85bc18be67aa7eda765854300033af4896dd779b608640f2ef7a?s=96&d=mm&r=g","contentUrl":"https:\/\/secure.gravatar.com\/avatar\/9167d280179c85bc18be67aa7eda765854300033af4896dd779b608640f2ef7a?s=96&d=mm&r=g","caption":"Diario1 Diario1"},"url":"https:\/\/diariotextual.com\/inicio\/index.php\/author\/diario1\/"}]}},"_links":{"self":[{"href":"https:\/\/diariotextual.com\/inicio\/index.php\/wp-json\/wp\/v2\/posts\/320162","targetHints":{"allow":["GET"]}}],"collection":[{"href":"https:\/\/diariotextual.com\/inicio\/index.php\/wp-json\/wp\/v2\/posts"}],"about":[{"href":"https:\/\/diariotextual.com\/inicio\/index.php\/wp-json\/wp\/v2\/types\/post"}],"author":[{"embeddable":true,"href":"https:\/\/diariotextual.com\/inicio\/index.php\/wp-json\/wp\/v2\/users\/3"}],"replies":[{"embeddable":true,"href":"https:\/\/diariotextual.com\/inicio\/index.php\/wp-json\/wp\/v2\/comments?post=320162"}],"version-history":[{"count":8,"href":"https:\/\/diariotextual.com\/inicio\/index.php\/wp-json\/wp\/v2\/posts\/320162\/revisions"}],"predecessor-version":[{"id":320188,"href":"https:\/\/diariotextual.com\/inicio\/index.php\/wp-json\/wp\/v2\/posts\/320162\/revisions\/320188"}],"wp:featuredmedia":[{"embeddable":true,"href":"https:\/\/diariotextual.com\/inicio\/index.php\/wp-json\/wp\/v2\/media\/319386"}],"wp:attachment":[{"href":"https:\/\/diariotextual.com\/inicio\/index.php\/wp-json\/wp\/v2\/media?parent=320162"}],"wp:term":[{"taxonomy":"category","embeddable":true,"href":"https:\/\/diariotextual.com\/inicio\/index.php\/wp-json\/wp\/v2\/categories?post=320162"},{"taxonomy":"post_tag","embeddable":true,"href":"https:\/\/diariotextual.com\/inicio\/index.php\/wp-json\/wp\/v2\/tags?post=320162"}],"curies":[{"name":"wp","href":"https:\/\/api.w.org\/{rel}","templated":true}]}}