{"id":320195,"date":"2026-02-20T10:34:09","date_gmt":"2026-02-20T13:34:09","guid":{"rendered":"https:\/\/diariotextual.com\/inicio\/?p=320195"},"modified":"2026-02-20T11:46:04","modified_gmt":"2026-02-20T14:46:04","slug":"la-libertad-avanza-acelera-en-el-senado-busca-un-dictamen-expres-de-la-reforma-laboral","status":"publish","type":"post","link":"https:\/\/diariotextual.com\/inicio\/index.php\/2026\/02\/20\/la-libertad-avanza-acelera-en-el-senado-busca-un-dictamen-expres-de-la-reforma-laboral\/","title":{"rendered":"La Libertad Avanza acelera en el Senado: busca un dictamen expr\u00e9s de la reforma laboral"},"content":{"rendered":"\n<p><strong>\u00a0<\/strong>La Libertad Avanza (LLA) apret\u00f3 el acelerador en el Senado y este viernes emitir\u00e1 dictamen de la\u00a0<strong>reforma laboral<\/strong>, con el fin de convertir en ley esa iniciativa clave del gobierno de <strong>Javier Milei.<\/strong><\/p>\n\n\n\n<p>La jefa de la bancada de LLA,&nbsp;<strong>Patricia Bullrich<\/strong>, decidi\u00f3 junto a su par de Presupuesto,&nbsp;<strong>Ezequiel Atauche,&nbsp;<\/strong>convocar para las 10 de hoy fin de firmar el despacho con el cambio introducido por Diputados sobre las licencias por enfermedad y accidentes de trabajo.<\/p>\n\n\n\n<p>La intenci\u00f3n del oficialismo es dar sanci\u00f3n definitiva a la reforma laboral y a la ley del R\u00e9gimen Penal Juvenil el viernes 27, dos d\u00edas antes de que concurra el presidente&nbsp;<strong>Javier Milei<\/strong>, a inaugurar el domingo 1 de marzo el per\u00edodo de sesiones ordinarias.<\/p>\n\n\n\n<p>El proyecto que busca sancionar al gobierno de Milei introduce fuertes cambios en el sistema de convenios colectivos de trabajo, en la Ley de Asociaciones Sindicales, limita el derecho de huelga en los servicios p\u00fablicos, crea el Fondo de Asistencia Laboral para financiar despidos, reduce las indemnizaciones, y establece un banco de horas para no pagar \u00a0horas extras.<\/p>\n\n\n\n<p><strong>El Senado aprob\u00f3 el proyecto durante la madrugada del jueves 12 de febrero por 42 votos a 30<\/strong>, con el respaldo de los sufragios oficialistas, y de bloques dialoguistas.<\/p>\n\n\n\n<p><\/p>\n","protected":false},"excerpt":{"rendered":"<p>\u00a0La Libertad Avanza (LLA) apret\u00f3 el acelerador en el Senado y este viernes emitir\u00e1 dictamen de la\u00a0reforma laboral, con el fin de convertir en ley esa iniciativa clave del gobierno&hellip;<\/p>\n","protected":false},"author":3,"featured_media":319773,"comment_status":"closed","ping_status":"open","sticky":false,"template":"","format":"standard","meta":{"_acf_changed":false,"footnotes":""},"categories":[1,8],"tags":[],"class_list":["post-320195","post","type-post","status-publish","format-standard","has-post-thumbnail","hentry","category-es-noticia","category-politica"],"acf":[],"yoast_head":"<!-- This site is optimized with the Yoast SEO plugin v27.5 - https:\/\/yoast.com\/product\/yoast-seo-wordpress\/ -->\n<title>La Libertad Avanza acelera en el Senado: busca un dictamen expr\u00e9s de la reforma laboral - Diario Textual<\/title>\n<meta name=\"robots\" content=\"index, follow, max-snippet:-1, max-image-preview:large, max-video-preview:-1\" \/>\n<link rel=\"canonical\" href=\"https:\/\/diariotextual.com\/inicio\/index.php\/2026\/02\/20\/la-libertad-avanza-acelera-en-el-senado-busca-un-dictamen-expres-de-la-reforma-laboral\/\" \/>\n<meta property=\"og:locale\" content=\"es_ES\" \/>\n<meta property=\"og:type\" content=\"article\" \/>\n<meta property=\"og:title\" content=\"La Libertad Avanza acelera en el Senado: busca un dictamen expr\u00e9s de la reforma laboral - Diario Textual\" \/>\n<meta property=\"og:description\" content=\"\u00a0La Libertad Avanza (LLA) apret\u00f3 el acelerador en el Senado y este viernes emitir\u00e1 dictamen de la\u00a0reforma laboral, con el fin de convertir en ley esa iniciativa clave del gobierno&hellip;\" \/>\n<meta property=\"og:url\" content=\"https:\/\/diariotextual.com\/inicio\/index.php\/2026\/02\/20\/la-libertad-avanza-acelera-en-el-senado-busca-un-dictamen-expres-de-la-reforma-laboral\/\" \/>\n<meta property=\"og:site_name\" content=\"Diario Textual\" \/>\n<meta property=\"article:publisher\" content=\"https:\/\/www.facebook.com\/eltextual\" \/>\n<meta property=\"article:published_time\" content=\"2026-02-20T13:34:09+00:00\" \/>\n<meta property=\"article:modified_time\" content=\"2026-02-20T14:46:04+00:00\" \/>\n<meta property=\"og:image\" content=\"https:\/\/diariotextual.com\/inicio\/wp-content\/uploads\/2026\/02\/bullrichpatricia2026-1.jpg\" \/>\n\t<meta property=\"og:image:width\" content=\"1200\" \/>\n\t<meta property=\"og:image:height\" content=\"800\" \/>\n\t<meta property=\"og:image:type\" content=\"image\/jpeg\" \/>\n<meta name=\"author\" content=\"Diario1 Diario1\" \/>\n<meta name=\"twitter:card\" content=\"summary_large_image\" \/>\n<meta name=\"twitter:creator\" content=\"@eltextual\" \/>\n<meta name=\"twitter:site\" content=\"@eltextual\" \/>\n<meta name=\"twitter:label1\" content=\"Escrito por\" \/>\n\t<meta name=\"twitter:data1\" content=\"Diario1 Diario1\" \/>\n\t<meta name=\"twitter:label2\" content=\"Tiempo de lectura\" \/>\n\t<meta name=\"twitter:data2\" content=\"2 minutos\" \/>\n<script type=\"application\/ld+json\" class=\"yoast-schema-graph\">{\"@context\":\"https:\\\/\\\/schema.org\",\"@graph\":[{\"@type\":\"Article\",\"@id\":\"https:\\\/\\\/diariotextual.com\\\/inicio\\\/index.php\\\/2026\\\/02\\\/20\\\/la-libertad-avanza-acelera-en-el-senado-busca-un-dictamen-expres-de-la-reforma-laboral\\\/#article\",\"isPartOf\":{\"@id\":\"https:\\\/\\\/diariotextual.com\\\/inicio\\\/index.php\\\/2026\\\/02\\\/20\\\/la-libertad-avanza-acelera-en-el-senado-busca-un-dictamen-expres-de-la-reforma-laboral\\\/\"},\"author\":{\"name\":\"Diario1 Diario1\",\"@id\":\"https:\\\/\\\/diariotextual.com\\\/inicio\\\/#\\\/schema\\\/person\\\/418fc4093c33e86ed41562db3508f958\"},\"headline\":\"La Libertad Avanza acelera en el Senado: busca un dictamen expr\u00e9s de la reforma laboral\",\"datePublished\":\"2026-02-20T13:34:09+00:00\",\"dateModified\":\"2026-02-20T14:46:04+00:00\",\"mainEntityOfPage\":{\"@id\":\"https:\\\/\\\/diariotextual.com\\\/inicio\\\/index.php\\\/2026\\\/02\\\/20\\\/la-libertad-avanza-acelera-en-el-senado-busca-un-dictamen-expres-de-la-reforma-laboral\\\/\"},\"wordCount\":230,\"publisher\":{\"@id\":\"https:\\\/\\\/diariotextual.com\\\/inicio\\\/#organization\"},\"image\":{\"@id\":\"https:\\\/\\\/diariotextual.com\\\/inicio\\\/index.php\\\/2026\\\/02\\\/20\\\/la-libertad-avanza-acelera-en-el-senado-busca-un-dictamen-expres-de-la-reforma-laboral\\\/#primaryimage\"},\"thumbnailUrl\":\"https:\\\/\\\/diariotextual.com\\\/inicio\\\/wp-content\\\/uploads\\\/2026\\\/02\\\/bullrichpatricia2026-1.jpg\",\"articleSection\":[\"A - ES NOTICIA (van abajo)\",\"POLITICA\"],\"inLanguage\":\"es\"},{\"@type\":\"WebPage\",\"@id\":\"https:\\\/\\\/diariotextual.com\\\/inicio\\\/index.php\\\/2026\\\/02\\\/20\\\/la-libertad-avanza-acelera-en-el-senado-busca-un-dictamen-expres-de-la-reforma-laboral\\\/\",\"url\":\"https:\\\/\\\/diariotextual.com\\\/inicio\\\/index.php\\\/2026\\\/02\\\/20\\\/la-libertad-avanza-acelera-en-el-senado-busca-un-dictamen-expres-de-la-reforma-laboral\\\/\",\"name\":\"La Libertad Avanza acelera en el Senado: busca un dictamen expr\u00e9s de la reforma laboral - Diario Textual\",\"isPartOf\":{\"@id\":\"https:\\\/\\\/diariotextual.com\\\/inicio\\\/#website\"},\"primaryImageOfPage\":{\"@id\":\"https:\\\/\\\/diariotextual.com\\\/inicio\\\/index.php\\\/2026\\\/02\\\/20\\\/la-libertad-avanza-acelera-en-el-senado-busca-un-dictamen-expres-de-la-reforma-laboral\\\/#primaryimage\"},\"image\":{\"@id\":\"https:\\\/\\\/diariotextual.com\\\/inicio\\\/index.php\\\/2026\\\/02\\\/20\\\/la-libertad-avanza-acelera-en-el-senado-busca-un-dictamen-expres-de-la-reforma-laboral\\\/#primaryimage\"},\"thumbnailUrl\":\"https:\\\/\\\/diariotextual.com\\\/inicio\\\/wp-content\\\/uploads\\\/2026\\\/02\\\/bullrichpatricia2026-1.jpg\",\"datePublished\":\"2026-02-20T13:34:09+00:00\",\"dateModified\":\"2026-02-20T14:46:04+00:00\",\"breadcrumb\":{\"@id\":\"https:\\\/\\\/diariotextual.com\\\/inicio\\\/index.php\\\/2026\\\/02\\\/20\\\/la-libertad-avanza-acelera-en-el-senado-busca-un-dictamen-expres-de-la-reforma-laboral\\\/#breadcrumb\"},\"inLanguage\":\"es\",\"potentialAction\":[{\"@type\":\"ReadAction\",\"target\":[\"https:\\\/\\\/diariotextual.com\\\/inicio\\\/index.php\\\/2026\\\/02\\\/20\\\/la-libertad-avanza-acelera-en-el-senado-busca-un-dictamen-expres-de-la-reforma-laboral\\\/\"]}]},{\"@type\":\"ImageObject\",\"inLanguage\":\"es\",\"@id\":\"https:\\\/\\\/diariotextual.com\\\/inicio\\\/index.php\\\/2026\\\/02\\\/20\\\/la-libertad-avanza-acelera-en-el-senado-busca-un-dictamen-expres-de-la-reforma-laboral\\\/#primaryimage\",\"url\":\"https:\\\/\\\/diariotextual.com\\\/inicio\\\/wp-content\\\/uploads\\\/2026\\\/02\\\/bullrichpatricia2026-1.jpg\",\"contentUrl\":\"https:\\\/\\\/diariotextual.com\\\/inicio\\\/wp-content\\\/uploads\\\/2026\\\/02\\\/bullrichpatricia2026-1.jpg\",\"width\":1200,\"height\":800},{\"@type\":\"BreadcrumbList\",\"@id\":\"https:\\\/\\\/diariotextual.com\\\/inicio\\\/index.php\\\/2026\\\/02\\\/20\\\/la-libertad-avanza-acelera-en-el-senado-busca-un-dictamen-expres-de-la-reforma-laboral\\\/#breadcrumb\",\"itemListElement\":[{\"@type\":\"ListItem\",\"position\":1,\"name\":\"Portada\",\"item\":\"https:\\\/\\\/diariotextual.com\\\/inicio\\\/\"},{\"@type\":\"ListItem\",\"position\":2,\"name\":\"La Libertad Avanza acelera en el Senado: busca un dictamen expr\u00e9s de la reforma laboral\"}]},{\"@type\":\"WebSite\",\"@id\":\"https:\\\/\\\/diariotextual.com\\\/inicio\\\/#website\",\"url\":\"https:\\\/\\\/diariotextual.com\\\/inicio\\\/\",\"name\":\"Diario Textual\",\"description\":\"\",\"publisher\":{\"@id\":\"https:\\\/\\\/diariotextual.com\\\/inicio\\\/#organization\"},\"potentialAction\":[{\"@type\":\"SearchAction\",\"target\":{\"@type\":\"EntryPoint\",\"urlTemplate\":\"https:\\\/\\\/diariotextual.com\\\/inicio\\\/?s={search_term_string}\"},\"query-input\":{\"@type\":\"PropertyValueSpecification\",\"valueRequired\":true,\"valueName\":\"search_term_string\"}}],\"inLanguage\":\"es\"},{\"@type\":\"Organization\",\"@id\":\"https:\\\/\\\/diariotextual.com\\\/inicio\\\/#organization\",\"name\":\"Diario Textual\",\"url\":\"https:\\\/\\\/diariotextual.com\\\/inicio\\\/\",\"logo\":{\"@type\":\"ImageObject\",\"inLanguage\":\"es\",\"@id\":\"https:\\\/\\\/diariotextual.com\\\/inicio\\\/#\\\/schema\\\/logo\\\/image\\\/\",\"url\":\"https:\\\/\\\/diariotextual.com\\\/inicio\\\/wp-content\\\/uploads\\\/2023\\\/05\\\/logotextual1.jpg\",\"contentUrl\":\"https:\\\/\\\/diariotextual.com\\\/inicio\\\/wp-content\\\/uploads\\\/2023\\\/05\\\/logotextual1.jpg\",\"width\":516,\"height\":76,\"caption\":\"Diario Textual\"},\"image\":{\"@id\":\"https:\\\/\\\/diariotextual.com\\\/inicio\\\/#\\\/schema\\\/logo\\\/image\\\/\"},\"sameAs\":[\"https:\\\/\\\/www.facebook.com\\\/eltextual\",\"https:\\\/\\\/x.com\\\/eltextual\",\"http:\\\/\\\/www.instagram.com\\\/eltextual\"]},{\"@type\":\"Person\",\"@id\":\"https:\\\/\\\/diariotextual.com\\\/inicio\\\/#\\\/schema\\\/person\\\/418fc4093c33e86ed41562db3508f958\",\"name\":\"Diario1 Diario1\",\"image\":{\"@type\":\"ImageObject\",\"inLanguage\":\"es\",\"@id\":\"https:\\\/\\\/secure.gravatar.com\\\/avatar\\\/9167d280179c85bc18be67aa7eda765854300033af4896dd779b608640f2ef7a?s=96&d=mm&r=g\",\"url\":\"https:\\\/\\\/secure.gravatar.com\\\/avatar\\\/9167d280179c85bc18be67aa7eda765854300033af4896dd779b608640f2ef7a?s=96&d=mm&r=g\",\"contentUrl\":\"https:\\\/\\\/secure.gravatar.com\\\/avatar\\\/9167d280179c85bc18be67aa7eda765854300033af4896dd779b608640f2ef7a?s=96&d=mm&r=g\",\"caption\":\"Diario1 Diario1\"},\"url\":\"https:\\\/\\\/diariotextual.com\\\/inicio\\\/index.php\\\/author\\\/diario1\\\/\"}]}<\/script>\n<!-- \/ Yoast SEO plugin. -->","yoast_head_json":{"title":"La Libertad Avanza acelera en el Senado: busca un dictamen expr\u00e9s de la reforma laboral - Diario Textual","robots":{"index":"index","follow":"follow","max-snippet":"max-snippet:-1","max-image-preview":"max-image-preview:large","max-video-preview":"max-video-preview:-1"},"canonical":"https:\/\/diariotextual.com\/inicio\/index.php\/2026\/02\/20\/la-libertad-avanza-acelera-en-el-senado-busca-un-dictamen-expres-de-la-reforma-laboral\/","og_locale":"es_ES","og_type":"article","og_title":"La Libertad Avanza acelera en el Senado: busca un dictamen expr\u00e9s de la reforma laboral - Diario Textual","og_description":"\u00a0La Libertad Avanza (LLA) apret\u00f3 el acelerador en el Senado y este viernes emitir\u00e1 dictamen de la\u00a0reforma laboral, con el fin de convertir en ley esa iniciativa clave del gobierno&hellip;","og_url":"https:\/\/diariotextual.com\/inicio\/index.php\/2026\/02\/20\/la-libertad-avanza-acelera-en-el-senado-busca-un-dictamen-expres-de-la-reforma-laboral\/","og_site_name":"Diario Textual","article_publisher":"https:\/\/www.facebook.com\/eltextual","article_published_time":"2026-02-20T13:34:09+00:00","article_modified_time":"2026-02-20T14:46:04+00:00","og_image":[{"width":1200,"height":800,"url":"https:\/\/diariotextual.com\/inicio\/wp-content\/uploads\/2026\/02\/bullrichpatricia2026-1.jpg","type":"image\/jpeg"}],"author":"Diario1 Diario1","twitter_card":"summary_large_image","twitter_creator":"@eltextual","twitter_site":"@eltextual","twitter_misc":{"Escrito por":"Diario1 Diario1","Tiempo de lectura":"2 minutos"},"schema":{"@context":"https:\/\/schema.org","@graph":[{"@type":"Article","@id":"https:\/\/diariotextual.com\/inicio\/index.php\/2026\/02\/20\/la-libertad-avanza-acelera-en-el-senado-busca-un-dictamen-expres-de-la-reforma-laboral\/#article","isPartOf":{"@id":"https:\/\/diariotextual.com\/inicio\/index.php\/2026\/02\/20\/la-libertad-avanza-acelera-en-el-senado-busca-un-dictamen-expres-de-la-reforma-laboral\/"},"author":{"name":"Diario1 Diario1","@id":"https:\/\/diariotextual.com\/inicio\/#\/schema\/person\/418fc4093c33e86ed41562db3508f958"},"headline":"La Libertad Avanza acelera en el Senado: busca un dictamen expr\u00e9s de la reforma laboral","datePublished":"2026-02-20T13:34:09+00:00","dateModified":"2026-02-20T14:46:04+00:00","mainEntityOfPage":{"@id":"https:\/\/diariotextual.com\/inicio\/index.php\/2026\/02\/20\/la-libertad-avanza-acelera-en-el-senado-busca-un-dictamen-expres-de-la-reforma-laboral\/"},"wordCount":230,"publisher":{"@id":"https:\/\/diariotextual.com\/inicio\/#organization"},"image":{"@id":"https:\/\/diariotextual.com\/inicio\/index.php\/2026\/02\/20\/la-libertad-avanza-acelera-en-el-senado-busca-un-dictamen-expres-de-la-reforma-laboral\/#primaryimage"},"thumbnailUrl":"https:\/\/diariotextual.com\/inicio\/wp-content\/uploads\/2026\/02\/bullrichpatricia2026-1.jpg","articleSection":["A - ES NOTICIA (van abajo)","POLITICA"],"inLanguage":"es"},{"@type":"WebPage","@id":"https:\/\/diariotextual.com\/inicio\/index.php\/2026\/02\/20\/la-libertad-avanza-acelera-en-el-senado-busca-un-dictamen-expres-de-la-reforma-laboral\/","url":"https:\/\/diariotextual.com\/inicio\/index.php\/2026\/02\/20\/la-libertad-avanza-acelera-en-el-senado-busca-un-dictamen-expres-de-la-reforma-laboral\/","name":"La Libertad Avanza acelera en el Senado: busca un dictamen expr\u00e9s de la reforma laboral - Diario Textual","isPartOf":{"@id":"https:\/\/diariotextual.com\/inicio\/#website"},"primaryImageOfPage":{"@id":"https:\/\/diariotextual.com\/inicio\/index.php\/2026\/02\/20\/la-libertad-avanza-acelera-en-el-senado-busca-un-dictamen-expres-de-la-reforma-laboral\/#primaryimage"},"image":{"@id":"https:\/\/diariotextual.com\/inicio\/index.php\/2026\/02\/20\/la-libertad-avanza-acelera-en-el-senado-busca-un-dictamen-expres-de-la-reforma-laboral\/#primaryimage"},"thumbnailUrl":"https:\/\/diariotextual.com\/inicio\/wp-content\/uploads\/2026\/02\/bullrichpatricia2026-1.jpg","datePublished":"2026-02-20T13:34:09+00:00","dateModified":"2026-02-20T14:46:04+00:00","breadcrumb":{"@id":"https:\/\/diariotextual.com\/inicio\/index.php\/2026\/02\/20\/la-libertad-avanza-acelera-en-el-senado-busca-un-dictamen-expres-de-la-reforma-laboral\/#breadcrumb"},"inLanguage":"es","potentialAction":[{"@type":"ReadAction","target":["https:\/\/diariotextual.com\/inicio\/index.php\/2026\/02\/20\/la-libertad-avanza-acelera-en-el-senado-busca-un-dictamen-expres-de-la-reforma-laboral\/"]}]},{"@type":"ImageObject","inLanguage":"es","@id":"https:\/\/diariotextual.com\/inicio\/index.php\/2026\/02\/20\/la-libertad-avanza-acelera-en-el-senado-busca-un-dictamen-expres-de-la-reforma-laboral\/#primaryimage","url":"https:\/\/diariotextual.com\/inicio\/wp-content\/uploads\/2026\/02\/bullrichpatricia2026-1.jpg","contentUrl":"https:\/\/diariotextual.com\/inicio\/wp-content\/uploads\/2026\/02\/bullrichpatricia2026-1.jpg","width":1200,"height":800},{"@type":"BreadcrumbList","@id":"https:\/\/diariotextual.com\/inicio\/index.php\/2026\/02\/20\/la-libertad-avanza-acelera-en-el-senado-busca-un-dictamen-expres-de-la-reforma-laboral\/#breadcrumb","itemListElement":[{"@type":"ListItem","position":1,"name":"Portada","item":"https:\/\/diariotextual.com\/inicio\/"},{"@type":"ListItem","position":2,"name":"La Libertad Avanza acelera en el Senado: busca un dictamen expr\u00e9s de la reforma laboral"}]},{"@type":"WebSite","@id":"https:\/\/diariotextual.com\/inicio\/#website","url":"https:\/\/diariotextual.com\/inicio\/","name":"Diario Textual","description":"","publisher":{"@id":"https:\/\/diariotextual.com\/inicio\/#organization"},"potentialAction":[{"@type":"SearchAction","target":{"@type":"EntryPoint","urlTemplate":"https:\/\/diariotextual.com\/inicio\/?s={search_term_string}"},"query-input":{"@type":"PropertyValueSpecification","valueRequired":true,"valueName":"search_term_string"}}],"inLanguage":"es"},{"@type":"Organization","@id":"https:\/\/diariotextual.com\/inicio\/#organization","name":"Diario Textual","url":"https:\/\/diariotextual.com\/inicio\/","logo":{"@type":"ImageObject","inLanguage":"es","@id":"https:\/\/diariotextual.com\/inicio\/#\/schema\/logo\/image\/","url":"https:\/\/diariotextual.com\/inicio\/wp-content\/uploads\/2023\/05\/logotextual1.jpg","contentUrl":"https:\/\/diariotextual.com\/inicio\/wp-content\/uploads\/2023\/05\/logotextual1.jpg","width":516,"height":76,"caption":"Diario Textual"},"image":{"@id":"https:\/\/diariotextual.com\/inicio\/#\/schema\/logo\/image\/"},"sameAs":["https:\/\/www.facebook.com\/eltextual","https:\/\/x.com\/eltextual","http:\/\/www.instagram.com\/eltextual"]},{"@type":"Person","@id":"https:\/\/diariotextual.com\/inicio\/#\/schema\/person\/418fc4093c33e86ed41562db3508f958","name":"Diario1 Diario1","image":{"@type":"ImageObject","inLanguage":"es","@id":"https:\/\/secure.gravatar.com\/avatar\/9167d280179c85bc18be67aa7eda765854300033af4896dd779b608640f2ef7a?s=96&d=mm&r=g","url":"https:\/\/secure.gravatar.com\/avatar\/9167d280179c85bc18be67aa7eda765854300033af4896dd779b608640f2ef7a?s=96&d=mm&r=g","contentUrl":"https:\/\/secure.gravatar.com\/avatar\/9167d280179c85bc18be67aa7eda765854300033af4896dd779b608640f2ef7a?s=96&d=mm&r=g","caption":"Diario1 Diario1"},"url":"https:\/\/diariotextual.com\/inicio\/index.php\/author\/diario1\/"}]}},"_links":{"self":[{"href":"https:\/\/diariotextual.com\/inicio\/index.php\/wp-json\/wp\/v2\/posts\/320195","targetHints":{"allow":["GET"]}}],"collection":[{"href":"https:\/\/diariotextual.com\/inicio\/index.php\/wp-json\/wp\/v2\/posts"}],"about":[{"href":"https:\/\/diariotextual.com\/inicio\/index.php\/wp-json\/wp\/v2\/types\/post"}],"author":[{"embeddable":true,"href":"https:\/\/diariotextual.com\/inicio\/index.php\/wp-json\/wp\/v2\/users\/3"}],"replies":[{"embeddable":true,"href":"https:\/\/diariotextual.com\/inicio\/index.php\/wp-json\/wp\/v2\/comments?post=320195"}],"version-history":[{"count":2,"href":"https:\/\/diariotextual.com\/inicio\/index.php\/wp-json\/wp\/v2\/posts\/320195\/revisions"}],"predecessor-version":[{"id":320197,"href":"https:\/\/diariotextual.com\/inicio\/index.php\/wp-json\/wp\/v2\/posts\/320195\/revisions\/320197"}],"wp:featuredmedia":[{"embeddable":true,"href":"https:\/\/diariotextual.com\/inicio\/index.php\/wp-json\/wp\/v2\/media\/319773"}],"wp:attachment":[{"href":"https:\/\/diariotextual.com\/inicio\/index.php\/wp-json\/wp\/v2\/media?parent=320195"}],"wp:term":[{"taxonomy":"category","embeddable":true,"href":"https:\/\/diariotextual.com\/inicio\/index.php\/wp-json\/wp\/v2\/categories?post=320195"},{"taxonomy":"post_tag","embeddable":true,"href":"https:\/\/diariotextual.com\/inicio\/index.php\/wp-json\/wp\/v2\/tags?post=320195"}],"curies":[{"name":"wp","href":"https:\/\/api.w.org\/{rel}","templated":true}]}}