{"id":320201,"date":"2026-02-20T11:45:31","date_gmt":"2026-02-20T14:45:31","guid":{"rendered":"https:\/\/diariotextual.com\/inicio\/?p=320201"},"modified":"2026-02-20T12:58:19","modified_gmt":"2026-02-20T15:58:19","slug":"uatre-la-pampa-entrego-una-bici-a-bautista-el-chico-de-un-campo-del-sur-cordobes-que-nunca-falta-a-clases","status":"publish","type":"post","link":"https:\/\/diariotextual.com\/inicio\/index.php\/2026\/02\/20\/uatre-la-pampa-entrego-una-bici-a-bautista-el-chico-de-un-campo-del-sur-cordobes-que-nunca-falta-a-clases\/","title":{"rendered":"Uatre La Pampa entreg\u00f3 una bici a Bautista, el chico de un campo del sur cordob\u00e9s que nunca falta a clases"},"content":{"rendered":"\n<p>La <strong>Seccional 731 Realic\u00f3<\/strong> del gremio de la\u00a0<strong>Uni\u00f3n Argentina de Trabajadores Rurales y Estibadores<\/strong>\u00a0(<strong>Uatre) <\/strong>tuvo un gesto solidario con <strong>Bautista<\/strong>, un adolescente que vive en una zona rural y que deb\u00eda recorrer, en una bicicleta vieja, unos seis kil\u00f3metros diarios para asistir a clases en la localidad cordobesa de <strong>Villa Huidobro<\/strong>. Ahora tiene bici nueva.<\/p>\n\n\n\n<p>La historia de \u201cBauty\u201d se viraliz\u00f3 en los \u00faltimos d\u00edas entre vecinos de la regi\u00f3n. Es alumno del <strong>IPEMyA 188<\/strong> y no falta nunca a clases, sin importar si llueve, si el calor es intenso o si el viento sopla de frente. Este a\u00f1o, incluso, recibi\u00f3 una menci\u00f3n escolar por sus valores humanos.<\/p>\n\n\n\n<p>Vive en el campo y, para llegar al establecimiento educativo, debe pedalear m\u00e1s de seis kil\u00f3metros. Muchas veces regresa casi de noche, iluminando el camino con una linterna. Su constancia y compromiso despertaron la admiraci\u00f3n de la comunidad.<\/p>\n\n\n\n<p>Su madre, <strong>Patricia Corna<\/strong>, hab\u00eda iniciado una campa\u00f1a solidaria para conseguirle una bicicleta nueva, junto con casco y chaleco reflectante para mejorar su seguridad en el trayecto hacia Villa Huidobro. \u201c\u00c9l va igual, no falta ni un solo d\u00eda. Queremos cumplir su sue\u00f1o de que siga as\u00ed en el colegio\u201d, expres\u00f3 en ese momento.<\/p>\n\n\n\n<p>Ante esa situaci\u00f3n, la secretaria general de la seccional, <strong>Marina Guajardo<\/strong>, se comunic\u00f3 con la familia del ni\u00f1o, con el objetivo de brindar ayuda. Desde la Delegaci\u00f3n La Pampa Santa Rosa, a trav\u00e9s de la fundaci\u00f3n <strong>Fundatre<\/strong> del propio gremio y con el acompa\u00f1amiento del secretario general <strong>Jos\u00e9 Voytenco<\/strong>, concretaron la entrega de una bicicleta nueva.<\/p>\n\n\n\n<p>\u201cLa familia nos coment\u00f3 que recorre varios kil\u00f3metros diariamente y tiene asistencia perfecta\u201d, se\u00f1alaron desde el gremio a <strong>Diario Textual.<\/strong> Adem\u00e1s, los delegados H\u00e9ctor y Nora afirmaron que la iniciativa no solo mejora las condiciones de traslado de Bautista, sino que tambi\u00e9n representa un mensaje inspirador para otros chicos de la zona. \u201cEl esfuerzo vale la pena. La bicicleta simboliza mucho m\u00e1s que un medio de transporte: es una herramienta para el futuro y un recordatorio de que la solidaridad sigue siendo un motor poderoso en las peque\u00f1as localidades del interior\u201d, destacaron.<\/p>\n\n\n\n<p><\/p>\n","protected":false},"excerpt":{"rendered":"<p>La Seccional 731 Realic\u00f3 del gremio de la\u00a0Uni\u00f3n Argentina de Trabajadores Rurales y Estibadores\u00a0(Uatre) tuvo un gesto solidario con Bautista, un adolescente que vive en una zona rural y que&hellip;<\/p>\n","protected":false},"author":3,"featured_media":320202,"comment_status":"closed","ping_status":"open","sticky":false,"template":"","format":"standard","meta":{"_acf_changed":false,"footnotes":""},"categories":[1,12],"tags":[],"class_list":["post-320201","post","type-post","status-publish","format-standard","has-post-thumbnail","hentry","category-es-noticia","category-sociedad"],"acf":[],"yoast_head":"<!-- This site is optimized with the Yoast SEO plugin v27.5 - https:\/\/yoast.com\/product\/yoast-seo-wordpress\/ -->\n<title>Uatre La Pampa entreg\u00f3 una bici a Bautista, el chico de un campo del sur cordob\u00e9s que nunca falta a clases - Diario Textual<\/title>\n<meta name=\"robots\" content=\"index, follow, max-snippet:-1, max-image-preview:large, max-video-preview:-1\" \/>\n<link rel=\"canonical\" href=\"https:\/\/diariotextual.com\/inicio\/index.php\/2026\/02\/20\/uatre-la-pampa-entrego-una-bici-a-bautista-el-chico-de-un-campo-del-sur-cordobes-que-nunca-falta-a-clases\/\" \/>\n<meta property=\"og:locale\" content=\"es_ES\" \/>\n<meta property=\"og:type\" content=\"article\" \/>\n<meta property=\"og:title\" content=\"Uatre La Pampa entreg\u00f3 una bici a Bautista, el chico de un campo del sur cordob\u00e9s que nunca falta a clases - Diario Textual\" \/>\n<meta property=\"og:description\" content=\"La Seccional 731 Realic\u00f3 del gremio de la\u00a0Uni\u00f3n Argentina de Trabajadores Rurales y Estibadores\u00a0(Uatre) tuvo un gesto solidario con Bautista, un adolescente que vive en una zona rural y que&hellip;\" \/>\n<meta property=\"og:url\" content=\"https:\/\/diariotextual.com\/inicio\/index.php\/2026\/02\/20\/uatre-la-pampa-entrego-una-bici-a-bautista-el-chico-de-un-campo-del-sur-cordobes-que-nunca-falta-a-clases\/\" \/>\n<meta property=\"og:site_name\" content=\"Diario Textual\" \/>\n<meta property=\"article:publisher\" content=\"https:\/\/www.facebook.com\/eltextual\" \/>\n<meta property=\"article:published_time\" content=\"2026-02-20T14:45:31+00:00\" \/>\n<meta property=\"article:modified_time\" content=\"2026-02-20T15:58:19+00:00\" \/>\n<meta property=\"og:image\" content=\"https:\/\/diariotextual.com\/inicio\/wp-content\/uploads\/2026\/02\/bautistauatrebici2026-10.jpg\" \/>\n\t<meta property=\"og:image:width\" content=\"960\" \/>\n\t<meta property=\"og:image:height\" content=\"698\" \/>\n\t<meta property=\"og:image:type\" content=\"image\/jpeg\" \/>\n<meta name=\"author\" content=\"Diario1 Diario1\" \/>\n<meta name=\"twitter:card\" content=\"summary_large_image\" \/>\n<meta name=\"twitter:creator\" content=\"@eltextual\" \/>\n<meta name=\"twitter:site\" content=\"@eltextual\" \/>\n<meta name=\"twitter:label1\" content=\"Escrito por\" \/>\n\t<meta name=\"twitter:data1\" content=\"Diario1 Diario1\" \/>\n\t<meta name=\"twitter:label2\" content=\"Tiempo de lectura\" \/>\n\t<meta name=\"twitter:data2\" content=\"2 minutos\" \/>\n<script type=\"application\/ld+json\" class=\"yoast-schema-graph\">{\"@context\":\"https:\\\/\\\/schema.org\",\"@graph\":[{\"@type\":\"Article\",\"@id\":\"https:\\\/\\\/diariotextual.com\\\/inicio\\\/index.php\\\/2026\\\/02\\\/20\\\/uatre-la-pampa-entrego-una-bici-a-bautista-el-chico-de-un-campo-del-sur-cordobes-que-nunca-falta-a-clases\\\/#article\",\"isPartOf\":{\"@id\":\"https:\\\/\\\/diariotextual.com\\\/inicio\\\/index.php\\\/2026\\\/02\\\/20\\\/uatre-la-pampa-entrego-una-bici-a-bautista-el-chico-de-un-campo-del-sur-cordobes-que-nunca-falta-a-clases\\\/\"},\"author\":{\"name\":\"Diario1 Diario1\",\"@id\":\"https:\\\/\\\/diariotextual.com\\\/inicio\\\/#\\\/schema\\\/person\\\/418fc4093c33e86ed41562db3508f958\"},\"headline\":\"Uatre La Pampa entreg\u00f3 una bici a Bautista, el chico de un campo del sur cordob\u00e9s que nunca falta a clases\",\"datePublished\":\"2026-02-20T14:45:31+00:00\",\"dateModified\":\"2026-02-20T15:58:19+00:00\",\"mainEntityOfPage\":{\"@id\":\"https:\\\/\\\/diariotextual.com\\\/inicio\\\/index.php\\\/2026\\\/02\\\/20\\\/uatre-la-pampa-entrego-una-bici-a-bautista-el-chico-de-un-campo-del-sur-cordobes-que-nunca-falta-a-clases\\\/\"},\"wordCount\":397,\"publisher\":{\"@id\":\"https:\\\/\\\/diariotextual.com\\\/inicio\\\/#organization\"},\"image\":{\"@id\":\"https:\\\/\\\/diariotextual.com\\\/inicio\\\/index.php\\\/2026\\\/02\\\/20\\\/uatre-la-pampa-entrego-una-bici-a-bautista-el-chico-de-un-campo-del-sur-cordobes-que-nunca-falta-a-clases\\\/#primaryimage\"},\"thumbnailUrl\":\"https:\\\/\\\/diariotextual.com\\\/inicio\\\/wp-content\\\/uploads\\\/2026\\\/02\\\/bautistauatrebici2026-10.jpg\",\"articleSection\":[\"A - ES NOTICIA (van abajo)\",\"SOCIEDAD\"],\"inLanguage\":\"es\"},{\"@type\":\"WebPage\",\"@id\":\"https:\\\/\\\/diariotextual.com\\\/inicio\\\/index.php\\\/2026\\\/02\\\/20\\\/uatre-la-pampa-entrego-una-bici-a-bautista-el-chico-de-un-campo-del-sur-cordobes-que-nunca-falta-a-clases\\\/\",\"url\":\"https:\\\/\\\/diariotextual.com\\\/inicio\\\/index.php\\\/2026\\\/02\\\/20\\\/uatre-la-pampa-entrego-una-bici-a-bautista-el-chico-de-un-campo-del-sur-cordobes-que-nunca-falta-a-clases\\\/\",\"name\":\"Uatre La Pampa entreg\u00f3 una bici a Bautista, el chico de un campo del sur cordob\u00e9s que nunca falta a clases - Diario Textual\",\"isPartOf\":{\"@id\":\"https:\\\/\\\/diariotextual.com\\\/inicio\\\/#website\"},\"primaryImageOfPage\":{\"@id\":\"https:\\\/\\\/diariotextual.com\\\/inicio\\\/index.php\\\/2026\\\/02\\\/20\\\/uatre-la-pampa-entrego-una-bici-a-bautista-el-chico-de-un-campo-del-sur-cordobes-que-nunca-falta-a-clases\\\/#primaryimage\"},\"image\":{\"@id\":\"https:\\\/\\\/diariotextual.com\\\/inicio\\\/index.php\\\/2026\\\/02\\\/20\\\/uatre-la-pampa-entrego-una-bici-a-bautista-el-chico-de-un-campo-del-sur-cordobes-que-nunca-falta-a-clases\\\/#primaryimage\"},\"thumbnailUrl\":\"https:\\\/\\\/diariotextual.com\\\/inicio\\\/wp-content\\\/uploads\\\/2026\\\/02\\\/bautistauatrebici2026-10.jpg\",\"datePublished\":\"2026-02-20T14:45:31+00:00\",\"dateModified\":\"2026-02-20T15:58:19+00:00\",\"breadcrumb\":{\"@id\":\"https:\\\/\\\/diariotextual.com\\\/inicio\\\/index.php\\\/2026\\\/02\\\/20\\\/uatre-la-pampa-entrego-una-bici-a-bautista-el-chico-de-un-campo-del-sur-cordobes-que-nunca-falta-a-clases\\\/#breadcrumb\"},\"inLanguage\":\"es\",\"potentialAction\":[{\"@type\":\"ReadAction\",\"target\":[\"https:\\\/\\\/diariotextual.com\\\/inicio\\\/index.php\\\/2026\\\/02\\\/20\\\/uatre-la-pampa-entrego-una-bici-a-bautista-el-chico-de-un-campo-del-sur-cordobes-que-nunca-falta-a-clases\\\/\"]}]},{\"@type\":\"ImageObject\",\"inLanguage\":\"es\",\"@id\":\"https:\\\/\\\/diariotextual.com\\\/inicio\\\/index.php\\\/2026\\\/02\\\/20\\\/uatre-la-pampa-entrego-una-bici-a-bautista-el-chico-de-un-campo-del-sur-cordobes-que-nunca-falta-a-clases\\\/#primaryimage\",\"url\":\"https:\\\/\\\/diariotextual.com\\\/inicio\\\/wp-content\\\/uploads\\\/2026\\\/02\\\/bautistauatrebici2026-10.jpg\",\"contentUrl\":\"https:\\\/\\\/diariotextual.com\\\/inicio\\\/wp-content\\\/uploads\\\/2026\\\/02\\\/bautistauatrebici2026-10.jpg\",\"width\":960,\"height\":698},{\"@type\":\"BreadcrumbList\",\"@id\":\"https:\\\/\\\/diariotextual.com\\\/inicio\\\/index.php\\\/2026\\\/02\\\/20\\\/uatre-la-pampa-entrego-una-bici-a-bautista-el-chico-de-un-campo-del-sur-cordobes-que-nunca-falta-a-clases\\\/#breadcrumb\",\"itemListElement\":[{\"@type\":\"ListItem\",\"position\":1,\"name\":\"Portada\",\"item\":\"https:\\\/\\\/diariotextual.com\\\/inicio\\\/\"},{\"@type\":\"ListItem\",\"position\":2,\"name\":\"Uatre La Pampa entreg\u00f3 una bici a Bautista, el chico de un campo del sur cordob\u00e9s que nunca falta a clases\"}]},{\"@type\":\"WebSite\",\"@id\":\"https:\\\/\\\/diariotextual.com\\\/inicio\\\/#website\",\"url\":\"https:\\\/\\\/diariotextual.com\\\/inicio\\\/\",\"name\":\"Diario Textual\",\"description\":\"\",\"publisher\":{\"@id\":\"https:\\\/\\\/diariotextual.com\\\/inicio\\\/#organization\"},\"potentialAction\":[{\"@type\":\"SearchAction\",\"target\":{\"@type\":\"EntryPoint\",\"urlTemplate\":\"https:\\\/\\\/diariotextual.com\\\/inicio\\\/?s={search_term_string}\"},\"query-input\":{\"@type\":\"PropertyValueSpecification\",\"valueRequired\":true,\"valueName\":\"search_term_string\"}}],\"inLanguage\":\"es\"},{\"@type\":\"Organization\",\"@id\":\"https:\\\/\\\/diariotextual.com\\\/inicio\\\/#organization\",\"name\":\"Diario Textual\",\"url\":\"https:\\\/\\\/diariotextual.com\\\/inicio\\\/\",\"logo\":{\"@type\":\"ImageObject\",\"inLanguage\":\"es\",\"@id\":\"https:\\\/\\\/diariotextual.com\\\/inicio\\\/#\\\/schema\\\/logo\\\/image\\\/\",\"url\":\"https:\\\/\\\/diariotextual.com\\\/inicio\\\/wp-content\\\/uploads\\\/2023\\\/05\\\/logotextual1.jpg\",\"contentUrl\":\"https:\\\/\\\/diariotextual.com\\\/inicio\\\/wp-content\\\/uploads\\\/2023\\\/05\\\/logotextual1.jpg\",\"width\":516,\"height\":76,\"caption\":\"Diario Textual\"},\"image\":{\"@id\":\"https:\\\/\\\/diariotextual.com\\\/inicio\\\/#\\\/schema\\\/logo\\\/image\\\/\"},\"sameAs\":[\"https:\\\/\\\/www.facebook.com\\\/eltextual\",\"https:\\\/\\\/x.com\\\/eltextual\",\"http:\\\/\\\/www.instagram.com\\\/eltextual\"]},{\"@type\":\"Person\",\"@id\":\"https:\\\/\\\/diariotextual.com\\\/inicio\\\/#\\\/schema\\\/person\\\/418fc4093c33e86ed41562db3508f958\",\"name\":\"Diario1 Diario1\",\"image\":{\"@type\":\"ImageObject\",\"inLanguage\":\"es\",\"@id\":\"https:\\\/\\\/secure.gravatar.com\\\/avatar\\\/9167d280179c85bc18be67aa7eda765854300033af4896dd779b608640f2ef7a?s=96&d=mm&r=g\",\"url\":\"https:\\\/\\\/secure.gravatar.com\\\/avatar\\\/9167d280179c85bc18be67aa7eda765854300033af4896dd779b608640f2ef7a?s=96&d=mm&r=g\",\"contentUrl\":\"https:\\\/\\\/secure.gravatar.com\\\/avatar\\\/9167d280179c85bc18be67aa7eda765854300033af4896dd779b608640f2ef7a?s=96&d=mm&r=g\",\"caption\":\"Diario1 Diario1\"},\"url\":\"https:\\\/\\\/diariotextual.com\\\/inicio\\\/index.php\\\/author\\\/diario1\\\/\"}]}<\/script>\n<!-- \/ Yoast SEO plugin. -->","yoast_head_json":{"title":"Uatre La Pampa entreg\u00f3 una bici a Bautista, el chico de un campo del sur cordob\u00e9s que nunca falta a clases - Diario Textual","robots":{"index":"index","follow":"follow","max-snippet":"max-snippet:-1","max-image-preview":"max-image-preview:large","max-video-preview":"max-video-preview:-1"},"canonical":"https:\/\/diariotextual.com\/inicio\/index.php\/2026\/02\/20\/uatre-la-pampa-entrego-una-bici-a-bautista-el-chico-de-un-campo-del-sur-cordobes-que-nunca-falta-a-clases\/","og_locale":"es_ES","og_type":"article","og_title":"Uatre La Pampa entreg\u00f3 una bici a Bautista, el chico de un campo del sur cordob\u00e9s que nunca falta a clases - Diario Textual","og_description":"La Seccional 731 Realic\u00f3 del gremio de la\u00a0Uni\u00f3n Argentina de Trabajadores Rurales y Estibadores\u00a0(Uatre) tuvo un gesto solidario con Bautista, un adolescente que vive en una zona rural y que&hellip;","og_url":"https:\/\/diariotextual.com\/inicio\/index.php\/2026\/02\/20\/uatre-la-pampa-entrego-una-bici-a-bautista-el-chico-de-un-campo-del-sur-cordobes-que-nunca-falta-a-clases\/","og_site_name":"Diario Textual","article_publisher":"https:\/\/www.facebook.com\/eltextual","article_published_time":"2026-02-20T14:45:31+00:00","article_modified_time":"2026-02-20T15:58:19+00:00","og_image":[{"width":960,"height":698,"url":"https:\/\/diariotextual.com\/inicio\/wp-content\/uploads\/2026\/02\/bautistauatrebici2026-10.jpg","type":"image\/jpeg"}],"author":"Diario1 Diario1","twitter_card":"summary_large_image","twitter_creator":"@eltextual","twitter_site":"@eltextual","twitter_misc":{"Escrito por":"Diario1 Diario1","Tiempo de lectura":"2 minutos"},"schema":{"@context":"https:\/\/schema.org","@graph":[{"@type":"Article","@id":"https:\/\/diariotextual.com\/inicio\/index.php\/2026\/02\/20\/uatre-la-pampa-entrego-una-bici-a-bautista-el-chico-de-un-campo-del-sur-cordobes-que-nunca-falta-a-clases\/#article","isPartOf":{"@id":"https:\/\/diariotextual.com\/inicio\/index.php\/2026\/02\/20\/uatre-la-pampa-entrego-una-bici-a-bautista-el-chico-de-un-campo-del-sur-cordobes-que-nunca-falta-a-clases\/"},"author":{"name":"Diario1 Diario1","@id":"https:\/\/diariotextual.com\/inicio\/#\/schema\/person\/418fc4093c33e86ed41562db3508f958"},"headline":"Uatre La Pampa entreg\u00f3 una bici a Bautista, el chico de un campo del sur cordob\u00e9s que nunca falta a clases","datePublished":"2026-02-20T14:45:31+00:00","dateModified":"2026-02-20T15:58:19+00:00","mainEntityOfPage":{"@id":"https:\/\/diariotextual.com\/inicio\/index.php\/2026\/02\/20\/uatre-la-pampa-entrego-una-bici-a-bautista-el-chico-de-un-campo-del-sur-cordobes-que-nunca-falta-a-clases\/"},"wordCount":397,"publisher":{"@id":"https:\/\/diariotextual.com\/inicio\/#organization"},"image":{"@id":"https:\/\/diariotextual.com\/inicio\/index.php\/2026\/02\/20\/uatre-la-pampa-entrego-una-bici-a-bautista-el-chico-de-un-campo-del-sur-cordobes-que-nunca-falta-a-clases\/#primaryimage"},"thumbnailUrl":"https:\/\/diariotextual.com\/inicio\/wp-content\/uploads\/2026\/02\/bautistauatrebici2026-10.jpg","articleSection":["A - ES NOTICIA (van abajo)","SOCIEDAD"],"inLanguage":"es"},{"@type":"WebPage","@id":"https:\/\/diariotextual.com\/inicio\/index.php\/2026\/02\/20\/uatre-la-pampa-entrego-una-bici-a-bautista-el-chico-de-un-campo-del-sur-cordobes-que-nunca-falta-a-clases\/","url":"https:\/\/diariotextual.com\/inicio\/index.php\/2026\/02\/20\/uatre-la-pampa-entrego-una-bici-a-bautista-el-chico-de-un-campo-del-sur-cordobes-que-nunca-falta-a-clases\/","name":"Uatre La Pampa entreg\u00f3 una bici a Bautista, el chico de un campo del sur cordob\u00e9s que nunca falta a clases - Diario Textual","isPartOf":{"@id":"https:\/\/diariotextual.com\/inicio\/#website"},"primaryImageOfPage":{"@id":"https:\/\/diariotextual.com\/inicio\/index.php\/2026\/02\/20\/uatre-la-pampa-entrego-una-bici-a-bautista-el-chico-de-un-campo-del-sur-cordobes-que-nunca-falta-a-clases\/#primaryimage"},"image":{"@id":"https:\/\/diariotextual.com\/inicio\/index.php\/2026\/02\/20\/uatre-la-pampa-entrego-una-bici-a-bautista-el-chico-de-un-campo-del-sur-cordobes-que-nunca-falta-a-clases\/#primaryimage"},"thumbnailUrl":"https:\/\/diariotextual.com\/inicio\/wp-content\/uploads\/2026\/02\/bautistauatrebici2026-10.jpg","datePublished":"2026-02-20T14:45:31+00:00","dateModified":"2026-02-20T15:58:19+00:00","breadcrumb":{"@id":"https:\/\/diariotextual.com\/inicio\/index.php\/2026\/02\/20\/uatre-la-pampa-entrego-una-bici-a-bautista-el-chico-de-un-campo-del-sur-cordobes-que-nunca-falta-a-clases\/#breadcrumb"},"inLanguage":"es","potentialAction":[{"@type":"ReadAction","target":["https:\/\/diariotextual.com\/inicio\/index.php\/2026\/02\/20\/uatre-la-pampa-entrego-una-bici-a-bautista-el-chico-de-un-campo-del-sur-cordobes-que-nunca-falta-a-clases\/"]}]},{"@type":"ImageObject","inLanguage":"es","@id":"https:\/\/diariotextual.com\/inicio\/index.php\/2026\/02\/20\/uatre-la-pampa-entrego-una-bici-a-bautista-el-chico-de-un-campo-del-sur-cordobes-que-nunca-falta-a-clases\/#primaryimage","url":"https:\/\/diariotextual.com\/inicio\/wp-content\/uploads\/2026\/02\/bautistauatrebici2026-10.jpg","contentUrl":"https:\/\/diariotextual.com\/inicio\/wp-content\/uploads\/2026\/02\/bautistauatrebici2026-10.jpg","width":960,"height":698},{"@type":"BreadcrumbList","@id":"https:\/\/diariotextual.com\/inicio\/index.php\/2026\/02\/20\/uatre-la-pampa-entrego-una-bici-a-bautista-el-chico-de-un-campo-del-sur-cordobes-que-nunca-falta-a-clases\/#breadcrumb","itemListElement":[{"@type":"ListItem","position":1,"name":"Portada","item":"https:\/\/diariotextual.com\/inicio\/"},{"@type":"ListItem","position":2,"name":"Uatre La Pampa entreg\u00f3 una bici a Bautista, el chico de un campo del sur cordob\u00e9s que nunca falta a clases"}]},{"@type":"WebSite","@id":"https:\/\/diariotextual.com\/inicio\/#website","url":"https:\/\/diariotextual.com\/inicio\/","name":"Diario Textual","description":"","publisher":{"@id":"https:\/\/diariotextual.com\/inicio\/#organization"},"potentialAction":[{"@type":"SearchAction","target":{"@type":"EntryPoint","urlTemplate":"https:\/\/diariotextual.com\/inicio\/?s={search_term_string}"},"query-input":{"@type":"PropertyValueSpecification","valueRequired":true,"valueName":"search_term_string"}}],"inLanguage":"es"},{"@type":"Organization","@id":"https:\/\/diariotextual.com\/inicio\/#organization","name":"Diario Textual","url":"https:\/\/diariotextual.com\/inicio\/","logo":{"@type":"ImageObject","inLanguage":"es","@id":"https:\/\/diariotextual.com\/inicio\/#\/schema\/logo\/image\/","url":"https:\/\/diariotextual.com\/inicio\/wp-content\/uploads\/2023\/05\/logotextual1.jpg","contentUrl":"https:\/\/diariotextual.com\/inicio\/wp-content\/uploads\/2023\/05\/logotextual1.jpg","width":516,"height":76,"caption":"Diario Textual"},"image":{"@id":"https:\/\/diariotextual.com\/inicio\/#\/schema\/logo\/image\/"},"sameAs":["https:\/\/www.facebook.com\/eltextual","https:\/\/x.com\/eltextual","http:\/\/www.instagram.com\/eltextual"]},{"@type":"Person","@id":"https:\/\/diariotextual.com\/inicio\/#\/schema\/person\/418fc4093c33e86ed41562db3508f958","name":"Diario1 Diario1","image":{"@type":"ImageObject","inLanguage":"es","@id":"https:\/\/secure.gravatar.com\/avatar\/9167d280179c85bc18be67aa7eda765854300033af4896dd779b608640f2ef7a?s=96&d=mm&r=g","url":"https:\/\/secure.gravatar.com\/avatar\/9167d280179c85bc18be67aa7eda765854300033af4896dd779b608640f2ef7a?s=96&d=mm&r=g","contentUrl":"https:\/\/secure.gravatar.com\/avatar\/9167d280179c85bc18be67aa7eda765854300033af4896dd779b608640f2ef7a?s=96&d=mm&r=g","caption":"Diario1 Diario1"},"url":"https:\/\/diariotextual.com\/inicio\/index.php\/author\/diario1\/"}]}},"_links":{"self":[{"href":"https:\/\/diariotextual.com\/inicio\/index.php\/wp-json\/wp\/v2\/posts\/320201","targetHints":{"allow":["GET"]}}],"collection":[{"href":"https:\/\/diariotextual.com\/inicio\/index.php\/wp-json\/wp\/v2\/posts"}],"about":[{"href":"https:\/\/diariotextual.com\/inicio\/index.php\/wp-json\/wp\/v2\/types\/post"}],"author":[{"embeddable":true,"href":"https:\/\/diariotextual.com\/inicio\/index.php\/wp-json\/wp\/v2\/users\/3"}],"replies":[{"embeddable":true,"href":"https:\/\/diariotextual.com\/inicio\/index.php\/wp-json\/wp\/v2\/comments?post=320201"}],"version-history":[{"count":1,"href":"https:\/\/diariotextual.com\/inicio\/index.php\/wp-json\/wp\/v2\/posts\/320201\/revisions"}],"predecessor-version":[{"id":320203,"href":"https:\/\/diariotextual.com\/inicio\/index.php\/wp-json\/wp\/v2\/posts\/320201\/revisions\/320203"}],"wp:featuredmedia":[{"embeddable":true,"href":"https:\/\/diariotextual.com\/inicio\/index.php\/wp-json\/wp\/v2\/media\/320202"}],"wp:attachment":[{"href":"https:\/\/diariotextual.com\/inicio\/index.php\/wp-json\/wp\/v2\/media?parent=320201"}],"wp:term":[{"taxonomy":"category","embeddable":true,"href":"https:\/\/diariotextual.com\/inicio\/index.php\/wp-json\/wp\/v2\/categories?post=320201"},{"taxonomy":"post_tag","embeddable":true,"href":"https:\/\/diariotextual.com\/inicio\/index.php\/wp-json\/wp\/v2\/tags?post=320201"}],"curies":[{"name":"wp","href":"https:\/\/api.w.org\/{rel}","templated":true}]}}