{"id":320204,"date":"2026-02-20T11:53:58","date_gmt":"2026-02-20T14:53:58","guid":{"rendered":"https:\/\/diariotextual.com\/inicio\/?p=320204"},"modified":"2026-02-20T11:54:18","modified_gmt":"2026-02-20T14:54:18","slug":"presentacion-municipal-del-nuevo-sistema-de-tramites-en-el-colegio-de-arquitectos-de-la-pampa","status":"publish","type":"post","link":"https:\/\/diariotextual.com\/inicio\/index.php\/2026\/02\/20\/presentacion-municipal-del-nuevo-sistema-de-tramites-en-el-colegio-de-arquitectos-de-la-pampa\/","title":{"rendered":"Presentaci\u00f3n municipal del nuevo sistema de tr\u00e1mites en el Colegio de Arquitectos de La Pampa"},"content":{"rendered":"\n<p>En un encuentro realizado en la sede de <strong>Santa Rosa<\/strong> del <strong>Colegio de Arquitectos de La Pampa (CALP)<\/strong>, se detall\u00f3 la implementaci\u00f3n del <strong>Manual de Procedimientos de Planeamiento Urbano<\/strong>. La iniciativa busca dotar de <strong>mayor eficiencia y celeridad<\/strong> a las gestiones administrativas de los profesionales.<\/p>\n\n\n\n<p>El CALP llev\u00f3 a cabo una reuni\u00f3n con la <strong>Municipalidad de Santa Rosa<\/strong> el jueves 12 de febrero, a las 18:00, en su sede institucional de la ciudad, donde se present\u00f3 el nuevo <strong>Manual de Procedimientos de la Direcci\u00f3n de Planeamiento Urbano y Obras Particulares<\/strong>.<\/p>\n\n\n\n<p>El encuentro, convocado por el <strong>Departamento de Planeamiento Urbano<\/strong> de la Municipalidad, tuvo como eje la puesta en marcha de la <strong>Disposici\u00f3n 16\/2026<\/strong>. La normativa tiene por objeto otorgar mayor eficiencia y celeridad a la tramitaci\u00f3n administrativa y representa un <strong>hito<\/strong> en la resoluci\u00f3n de dificultades que los profesionales de la arquitectura y el urbanismo han planteado desde 2022.<\/p>\n\n\n\n<div style=\"height:100px\" aria-hidden=\"true\" class=\"wp-block-spacer\"><\/div>\n\n\n\n<p><strong>Di\u00e1logo y fortalecimiento profesional<\/strong><\/p>\n\n\n\n<p>Desde el CALP destacaron la importancia de este espacio de di\u00e1logo con el <strong>Ejecutivo municipal<\/strong> y subrayaron que este tipo de encuentros resultan constructivos para el ejercicio profesional y para el desarrollo ordenado de la ciudad.<\/p>\n\n\n\n<p>La presentaci\u00f3n t\u00e9cnica estuvo a cargo del equipo municipal, encabezado por Carmina Besga (secretaria de Gobierno), junto a Roc\u00edo Piatti (directora de Planeamiento Urbano), Maximiliano Chelli (director de Asuntos Jur\u00eddicos), Iriel Gouts (subdirectora de Asuntos Jur\u00eddicos), Cecilia Labatte (\u00e1rea t\u00e9cnica) y Lucas De Cristofaro (director de Modernizaci\u00f3n).<\/p>\n\n\n\n<div style=\"height:100px\" aria-hidden=\"true\" class=\"wp-block-spacer\"><\/div>\n\n\n\n<p><strong>Compromiso de trabajo conjunto<\/strong><\/p>\n\n\n\n<p>La amplia participaci\u00f3n de la matr\u00edcula dej\u00f3 en claro la <strong>relevancia estrat\u00e9gica<\/strong> de esta nueva normativa.  \u201cEste reciente hito es la respuesta a un proceso de gestiones y acciones sostenidas por este Colegio ante las autoridades municipales desde el a\u00f1o 2022, orientadas a resolver las dificultades que atraviesan los profesionales de la arquitectura y el urbanismo en sus tramitaciones. En este marco, el CALP reafirma los acuerdos y ejes de trabajo que gu\u00edan su camino institucional, con el convencimiento de que esta herramienta contribuir\u00e1 a lograr procesos m\u00e1s \u00e1giles, previsibles y eficientes para toda la matr\u00edcula\u201d, resaltaron desde el colegio, en un comunicado de prensa.<\/p>\n\n\n\n<p>Como pr\u00f3ximos pasos, se acordaron los siguientes puntos:<\/p>\n\n\n\n<ul class=\"wp-block-list\">\n<li><strong>Mejora continua:<\/strong> el Colegio elaborar\u00e1 un documento compilatorio de consultas e inquietudes que surjan durante la puesta en pr\u00e1ctica del manual, con el fin de canalizarlas de manera ordenada.<\/li>\n\n\n\n<li><strong>Seguimiento:<\/strong> se mantendr\u00e1 abierta la posibilidad de futuras reuniones para evaluar el funcionamiento del sistema y revisar aspectos perfectibles.<\/li>\n\n\n\n<li><strong>Cooperaci\u00f3n:<\/strong> el CALP brindar\u00e1 acompa\u00f1amiento institucional para asegurar que la herramienta resulte beneficiosa tanto para el sector p\u00fablico como para el ejercicio profesional.<\/li>\n<\/ul>\n\n\n\n<p>\u201cReafirmamos que las puertas del Colegio est\u00e1n abiertas para sostener este <strong>di\u00e1logo institucional permanente<\/strong>, convencidos de que la articulaci\u00f3n entre el sector p\u00fablico y el ejercicio profesional fortalece la gesti\u00f3n y redunda en beneficio de la comunidad\u201d, concluy\u00f3 Guillermo Blanco, presidente del CALP.<\/p>\n","protected":false},"excerpt":{"rendered":"<p>En un encuentro realizado en la sede de Santa Rosa del Colegio de Arquitectos de La Pampa (CALP), se detall\u00f3 la implementaci\u00f3n del Manual de Procedimientos de Planeamiento Urbano. La&hellip;<\/p>\n","protected":false},"author":3,"featured_media":285131,"comment_status":"closed","ping_status":"open","sticky":false,"template":"","format":"standard","meta":{"_acf_changed":false,"footnotes":""},"categories":[1,12],"tags":[],"class_list":["post-320204","post","type-post","status-publish","format-standard","has-post-thumbnail","hentry","category-es-noticia","category-sociedad"],"acf":[],"yoast_head":"<!-- This site is optimized with the Yoast SEO plugin v27.5 - https:\/\/yoast.com\/product\/yoast-seo-wordpress\/ -->\n<title>Presentaci\u00f3n municipal del nuevo sistema de tr\u00e1mites en el Colegio de Arquitectos de La Pampa - Diario Textual<\/title>\n<meta name=\"robots\" content=\"index, follow, max-snippet:-1, max-image-preview:large, max-video-preview:-1\" \/>\n<link rel=\"canonical\" href=\"https:\/\/diariotextual.com\/inicio\/index.php\/2026\/02\/20\/presentacion-municipal-del-nuevo-sistema-de-tramites-en-el-colegio-de-arquitectos-de-la-pampa\/\" \/>\n<meta property=\"og:locale\" content=\"es_ES\" \/>\n<meta property=\"og:type\" content=\"article\" \/>\n<meta property=\"og:title\" content=\"Presentaci\u00f3n municipal del nuevo sistema de tr\u00e1mites en el Colegio de Arquitectos de La Pampa - Diario Textual\" \/>\n<meta property=\"og:description\" content=\"En un encuentro realizado en la sede de Santa Rosa del Colegio de Arquitectos de La Pampa (CALP), se detall\u00f3 la implementaci\u00f3n del Manual de Procedimientos de Planeamiento Urbano. La&hellip;\" \/>\n<meta property=\"og:url\" content=\"https:\/\/diariotextual.com\/inicio\/index.php\/2026\/02\/20\/presentacion-municipal-del-nuevo-sistema-de-tramites-en-el-colegio-de-arquitectos-de-la-pampa\/\" \/>\n<meta property=\"og:site_name\" content=\"Diario Textual\" \/>\n<meta property=\"article:publisher\" content=\"https:\/\/www.facebook.com\/eltextual\" \/>\n<meta property=\"article:published_time\" content=\"2026-02-20T14:53:58+00:00\" \/>\n<meta property=\"article:modified_time\" content=\"2026-02-20T14:54:18+00:00\" \/>\n<meta property=\"og:image\" content=\"https:\/\/diariotextual.com\/inicio\/wp-content\/uploads\/2024\/12\/municipalidadsantarosa2024-12.jpg\" \/>\n\t<meta property=\"og:image:width\" content=\"1024\" \/>\n\t<meta property=\"og:image:height\" content=\"746\" \/>\n\t<meta property=\"og:image:type\" content=\"image\/jpeg\" \/>\n<meta name=\"author\" content=\"Diario1 Diario1\" \/>\n<meta name=\"twitter:card\" content=\"summary_large_image\" \/>\n<meta name=\"twitter:creator\" content=\"@eltextual\" \/>\n<meta name=\"twitter:site\" content=\"@eltextual\" \/>\n<meta name=\"twitter:label1\" content=\"Escrito por\" \/>\n\t<meta name=\"twitter:data1\" content=\"Diario1 Diario1\" \/>\n\t<meta name=\"twitter:label2\" content=\"Tiempo de lectura\" \/>\n\t<meta name=\"twitter:data2\" content=\"3 minutos\" \/>\n<script type=\"application\/ld+json\" class=\"yoast-schema-graph\">{\"@context\":\"https:\\\/\\\/schema.org\",\"@graph\":[{\"@type\":\"Article\",\"@id\":\"https:\\\/\\\/diariotextual.com\\\/inicio\\\/index.php\\\/2026\\\/02\\\/20\\\/presentacion-municipal-del-nuevo-sistema-de-tramites-en-el-colegio-de-arquitectos-de-la-pampa\\\/#article\",\"isPartOf\":{\"@id\":\"https:\\\/\\\/diariotextual.com\\\/inicio\\\/index.php\\\/2026\\\/02\\\/20\\\/presentacion-municipal-del-nuevo-sistema-de-tramites-en-el-colegio-de-arquitectos-de-la-pampa\\\/\"},\"author\":{\"name\":\"Diario1 Diario1\",\"@id\":\"https:\\\/\\\/diariotextual.com\\\/inicio\\\/#\\\/schema\\\/person\\\/418fc4093c33e86ed41562db3508f958\"},\"headline\":\"Presentaci\u00f3n municipal del nuevo sistema de tr\u00e1mites en el Colegio de Arquitectos de La Pampa\",\"datePublished\":\"2026-02-20T14:53:58+00:00\",\"dateModified\":\"2026-02-20T14:54:18+00:00\",\"mainEntityOfPage\":{\"@id\":\"https:\\\/\\\/diariotextual.com\\\/inicio\\\/index.php\\\/2026\\\/02\\\/20\\\/presentacion-municipal-del-nuevo-sistema-de-tramites-en-el-colegio-de-arquitectos-de-la-pampa\\\/\"},\"wordCount\":511,\"publisher\":{\"@id\":\"https:\\\/\\\/diariotextual.com\\\/inicio\\\/#organization\"},\"image\":{\"@id\":\"https:\\\/\\\/diariotextual.com\\\/inicio\\\/index.php\\\/2026\\\/02\\\/20\\\/presentacion-municipal-del-nuevo-sistema-de-tramites-en-el-colegio-de-arquitectos-de-la-pampa\\\/#primaryimage\"},\"thumbnailUrl\":\"https:\\\/\\\/diariotextual.com\\\/inicio\\\/wp-content\\\/uploads\\\/2024\\\/12\\\/municipalidadsantarosa2024-12.jpg\",\"articleSection\":[\"A - ES NOTICIA (van abajo)\",\"SOCIEDAD\"],\"inLanguage\":\"es\"},{\"@type\":\"WebPage\",\"@id\":\"https:\\\/\\\/diariotextual.com\\\/inicio\\\/index.php\\\/2026\\\/02\\\/20\\\/presentacion-municipal-del-nuevo-sistema-de-tramites-en-el-colegio-de-arquitectos-de-la-pampa\\\/\",\"url\":\"https:\\\/\\\/diariotextual.com\\\/inicio\\\/index.php\\\/2026\\\/02\\\/20\\\/presentacion-municipal-del-nuevo-sistema-de-tramites-en-el-colegio-de-arquitectos-de-la-pampa\\\/\",\"name\":\"Presentaci\u00f3n municipal del nuevo sistema de tr\u00e1mites en el Colegio de Arquitectos de La Pampa - Diario Textual\",\"isPartOf\":{\"@id\":\"https:\\\/\\\/diariotextual.com\\\/inicio\\\/#website\"},\"primaryImageOfPage\":{\"@id\":\"https:\\\/\\\/diariotextual.com\\\/inicio\\\/index.php\\\/2026\\\/02\\\/20\\\/presentacion-municipal-del-nuevo-sistema-de-tramites-en-el-colegio-de-arquitectos-de-la-pampa\\\/#primaryimage\"},\"image\":{\"@id\":\"https:\\\/\\\/diariotextual.com\\\/inicio\\\/index.php\\\/2026\\\/02\\\/20\\\/presentacion-municipal-del-nuevo-sistema-de-tramites-en-el-colegio-de-arquitectos-de-la-pampa\\\/#primaryimage\"},\"thumbnailUrl\":\"https:\\\/\\\/diariotextual.com\\\/inicio\\\/wp-content\\\/uploads\\\/2024\\\/12\\\/municipalidadsantarosa2024-12.jpg\",\"datePublished\":\"2026-02-20T14:53:58+00:00\",\"dateModified\":\"2026-02-20T14:54:18+00:00\",\"breadcrumb\":{\"@id\":\"https:\\\/\\\/diariotextual.com\\\/inicio\\\/index.php\\\/2026\\\/02\\\/20\\\/presentacion-municipal-del-nuevo-sistema-de-tramites-en-el-colegio-de-arquitectos-de-la-pampa\\\/#breadcrumb\"},\"inLanguage\":\"es\",\"potentialAction\":[{\"@type\":\"ReadAction\",\"target\":[\"https:\\\/\\\/diariotextual.com\\\/inicio\\\/index.php\\\/2026\\\/02\\\/20\\\/presentacion-municipal-del-nuevo-sistema-de-tramites-en-el-colegio-de-arquitectos-de-la-pampa\\\/\"]}]},{\"@type\":\"ImageObject\",\"inLanguage\":\"es\",\"@id\":\"https:\\\/\\\/diariotextual.com\\\/inicio\\\/index.php\\\/2026\\\/02\\\/20\\\/presentacion-municipal-del-nuevo-sistema-de-tramites-en-el-colegio-de-arquitectos-de-la-pampa\\\/#primaryimage\",\"url\":\"https:\\\/\\\/diariotextual.com\\\/inicio\\\/wp-content\\\/uploads\\\/2024\\\/12\\\/municipalidadsantarosa2024-12.jpg\",\"contentUrl\":\"https:\\\/\\\/diariotextual.com\\\/inicio\\\/wp-content\\\/uploads\\\/2024\\\/12\\\/municipalidadsantarosa2024-12.jpg\",\"width\":1024,\"height\":746},{\"@type\":\"BreadcrumbList\",\"@id\":\"https:\\\/\\\/diariotextual.com\\\/inicio\\\/index.php\\\/2026\\\/02\\\/20\\\/presentacion-municipal-del-nuevo-sistema-de-tramites-en-el-colegio-de-arquitectos-de-la-pampa\\\/#breadcrumb\",\"itemListElement\":[{\"@type\":\"ListItem\",\"position\":1,\"name\":\"Portada\",\"item\":\"https:\\\/\\\/diariotextual.com\\\/inicio\\\/\"},{\"@type\":\"ListItem\",\"position\":2,\"name\":\"Presentaci\u00f3n municipal del nuevo sistema de tr\u00e1mites en el Colegio de Arquitectos de La Pampa\"}]},{\"@type\":\"WebSite\",\"@id\":\"https:\\\/\\\/diariotextual.com\\\/inicio\\\/#website\",\"url\":\"https:\\\/\\\/diariotextual.com\\\/inicio\\\/\",\"name\":\"Diario Textual\",\"description\":\"\",\"publisher\":{\"@id\":\"https:\\\/\\\/diariotextual.com\\\/inicio\\\/#organization\"},\"potentialAction\":[{\"@type\":\"SearchAction\",\"target\":{\"@type\":\"EntryPoint\",\"urlTemplate\":\"https:\\\/\\\/diariotextual.com\\\/inicio\\\/?s={search_term_string}\"},\"query-input\":{\"@type\":\"PropertyValueSpecification\",\"valueRequired\":true,\"valueName\":\"search_term_string\"}}],\"inLanguage\":\"es\"},{\"@type\":\"Organization\",\"@id\":\"https:\\\/\\\/diariotextual.com\\\/inicio\\\/#organization\",\"name\":\"Diario Textual\",\"url\":\"https:\\\/\\\/diariotextual.com\\\/inicio\\\/\",\"logo\":{\"@type\":\"ImageObject\",\"inLanguage\":\"es\",\"@id\":\"https:\\\/\\\/diariotextual.com\\\/inicio\\\/#\\\/schema\\\/logo\\\/image\\\/\",\"url\":\"https:\\\/\\\/diariotextual.com\\\/inicio\\\/wp-content\\\/uploads\\\/2023\\\/05\\\/logotextual1.jpg\",\"contentUrl\":\"https:\\\/\\\/diariotextual.com\\\/inicio\\\/wp-content\\\/uploads\\\/2023\\\/05\\\/logotextual1.jpg\",\"width\":516,\"height\":76,\"caption\":\"Diario Textual\"},\"image\":{\"@id\":\"https:\\\/\\\/diariotextual.com\\\/inicio\\\/#\\\/schema\\\/logo\\\/image\\\/\"},\"sameAs\":[\"https:\\\/\\\/www.facebook.com\\\/eltextual\",\"https:\\\/\\\/x.com\\\/eltextual\",\"http:\\\/\\\/www.instagram.com\\\/eltextual\"]},{\"@type\":\"Person\",\"@id\":\"https:\\\/\\\/diariotextual.com\\\/inicio\\\/#\\\/schema\\\/person\\\/418fc4093c33e86ed41562db3508f958\",\"name\":\"Diario1 Diario1\",\"image\":{\"@type\":\"ImageObject\",\"inLanguage\":\"es\",\"@id\":\"https:\\\/\\\/secure.gravatar.com\\\/avatar\\\/9167d280179c85bc18be67aa7eda765854300033af4896dd779b608640f2ef7a?s=96&d=mm&r=g\",\"url\":\"https:\\\/\\\/secure.gravatar.com\\\/avatar\\\/9167d280179c85bc18be67aa7eda765854300033af4896dd779b608640f2ef7a?s=96&d=mm&r=g\",\"contentUrl\":\"https:\\\/\\\/secure.gravatar.com\\\/avatar\\\/9167d280179c85bc18be67aa7eda765854300033af4896dd779b608640f2ef7a?s=96&d=mm&r=g\",\"caption\":\"Diario1 Diario1\"},\"url\":\"https:\\\/\\\/diariotextual.com\\\/inicio\\\/index.php\\\/author\\\/diario1\\\/\"}]}<\/script>\n<!-- \/ Yoast SEO plugin. -->","yoast_head_json":{"title":"Presentaci\u00f3n municipal del nuevo sistema de tr\u00e1mites en el Colegio de Arquitectos de La Pampa - Diario Textual","robots":{"index":"index","follow":"follow","max-snippet":"max-snippet:-1","max-image-preview":"max-image-preview:large","max-video-preview":"max-video-preview:-1"},"canonical":"https:\/\/diariotextual.com\/inicio\/index.php\/2026\/02\/20\/presentacion-municipal-del-nuevo-sistema-de-tramites-en-el-colegio-de-arquitectos-de-la-pampa\/","og_locale":"es_ES","og_type":"article","og_title":"Presentaci\u00f3n municipal del nuevo sistema de tr\u00e1mites en el Colegio de Arquitectos de La Pampa - Diario Textual","og_description":"En un encuentro realizado en la sede de Santa Rosa del Colegio de Arquitectos de La Pampa (CALP), se detall\u00f3 la implementaci\u00f3n del Manual de Procedimientos de Planeamiento Urbano. La&hellip;","og_url":"https:\/\/diariotextual.com\/inicio\/index.php\/2026\/02\/20\/presentacion-municipal-del-nuevo-sistema-de-tramites-en-el-colegio-de-arquitectos-de-la-pampa\/","og_site_name":"Diario Textual","article_publisher":"https:\/\/www.facebook.com\/eltextual","article_published_time":"2026-02-20T14:53:58+00:00","article_modified_time":"2026-02-20T14:54:18+00:00","og_image":[{"width":1024,"height":746,"url":"https:\/\/diariotextual.com\/inicio\/wp-content\/uploads\/2024\/12\/municipalidadsantarosa2024-12.jpg","type":"image\/jpeg"}],"author":"Diario1 Diario1","twitter_card":"summary_large_image","twitter_creator":"@eltextual","twitter_site":"@eltextual","twitter_misc":{"Escrito por":"Diario1 Diario1","Tiempo de lectura":"3 minutos"},"schema":{"@context":"https:\/\/schema.org","@graph":[{"@type":"Article","@id":"https:\/\/diariotextual.com\/inicio\/index.php\/2026\/02\/20\/presentacion-municipal-del-nuevo-sistema-de-tramites-en-el-colegio-de-arquitectos-de-la-pampa\/#article","isPartOf":{"@id":"https:\/\/diariotextual.com\/inicio\/index.php\/2026\/02\/20\/presentacion-municipal-del-nuevo-sistema-de-tramites-en-el-colegio-de-arquitectos-de-la-pampa\/"},"author":{"name":"Diario1 Diario1","@id":"https:\/\/diariotextual.com\/inicio\/#\/schema\/person\/418fc4093c33e86ed41562db3508f958"},"headline":"Presentaci\u00f3n municipal del nuevo sistema de tr\u00e1mites en el Colegio de Arquitectos de La Pampa","datePublished":"2026-02-20T14:53:58+00:00","dateModified":"2026-02-20T14:54:18+00:00","mainEntityOfPage":{"@id":"https:\/\/diariotextual.com\/inicio\/index.php\/2026\/02\/20\/presentacion-municipal-del-nuevo-sistema-de-tramites-en-el-colegio-de-arquitectos-de-la-pampa\/"},"wordCount":511,"publisher":{"@id":"https:\/\/diariotextual.com\/inicio\/#organization"},"image":{"@id":"https:\/\/diariotextual.com\/inicio\/index.php\/2026\/02\/20\/presentacion-municipal-del-nuevo-sistema-de-tramites-en-el-colegio-de-arquitectos-de-la-pampa\/#primaryimage"},"thumbnailUrl":"https:\/\/diariotextual.com\/inicio\/wp-content\/uploads\/2024\/12\/municipalidadsantarosa2024-12.jpg","articleSection":["A - ES NOTICIA (van abajo)","SOCIEDAD"],"inLanguage":"es"},{"@type":"WebPage","@id":"https:\/\/diariotextual.com\/inicio\/index.php\/2026\/02\/20\/presentacion-municipal-del-nuevo-sistema-de-tramites-en-el-colegio-de-arquitectos-de-la-pampa\/","url":"https:\/\/diariotextual.com\/inicio\/index.php\/2026\/02\/20\/presentacion-municipal-del-nuevo-sistema-de-tramites-en-el-colegio-de-arquitectos-de-la-pampa\/","name":"Presentaci\u00f3n municipal del nuevo sistema de tr\u00e1mites en el Colegio de Arquitectos de La Pampa - Diario Textual","isPartOf":{"@id":"https:\/\/diariotextual.com\/inicio\/#website"},"primaryImageOfPage":{"@id":"https:\/\/diariotextual.com\/inicio\/index.php\/2026\/02\/20\/presentacion-municipal-del-nuevo-sistema-de-tramites-en-el-colegio-de-arquitectos-de-la-pampa\/#primaryimage"},"image":{"@id":"https:\/\/diariotextual.com\/inicio\/index.php\/2026\/02\/20\/presentacion-municipal-del-nuevo-sistema-de-tramites-en-el-colegio-de-arquitectos-de-la-pampa\/#primaryimage"},"thumbnailUrl":"https:\/\/diariotextual.com\/inicio\/wp-content\/uploads\/2024\/12\/municipalidadsantarosa2024-12.jpg","datePublished":"2026-02-20T14:53:58+00:00","dateModified":"2026-02-20T14:54:18+00:00","breadcrumb":{"@id":"https:\/\/diariotextual.com\/inicio\/index.php\/2026\/02\/20\/presentacion-municipal-del-nuevo-sistema-de-tramites-en-el-colegio-de-arquitectos-de-la-pampa\/#breadcrumb"},"inLanguage":"es","potentialAction":[{"@type":"ReadAction","target":["https:\/\/diariotextual.com\/inicio\/index.php\/2026\/02\/20\/presentacion-municipal-del-nuevo-sistema-de-tramites-en-el-colegio-de-arquitectos-de-la-pampa\/"]}]},{"@type":"ImageObject","inLanguage":"es","@id":"https:\/\/diariotextual.com\/inicio\/index.php\/2026\/02\/20\/presentacion-municipal-del-nuevo-sistema-de-tramites-en-el-colegio-de-arquitectos-de-la-pampa\/#primaryimage","url":"https:\/\/diariotextual.com\/inicio\/wp-content\/uploads\/2024\/12\/municipalidadsantarosa2024-12.jpg","contentUrl":"https:\/\/diariotextual.com\/inicio\/wp-content\/uploads\/2024\/12\/municipalidadsantarosa2024-12.jpg","width":1024,"height":746},{"@type":"BreadcrumbList","@id":"https:\/\/diariotextual.com\/inicio\/index.php\/2026\/02\/20\/presentacion-municipal-del-nuevo-sistema-de-tramites-en-el-colegio-de-arquitectos-de-la-pampa\/#breadcrumb","itemListElement":[{"@type":"ListItem","position":1,"name":"Portada","item":"https:\/\/diariotextual.com\/inicio\/"},{"@type":"ListItem","position":2,"name":"Presentaci\u00f3n municipal del nuevo sistema de tr\u00e1mites en el Colegio de Arquitectos de La Pampa"}]},{"@type":"WebSite","@id":"https:\/\/diariotextual.com\/inicio\/#website","url":"https:\/\/diariotextual.com\/inicio\/","name":"Diario Textual","description":"","publisher":{"@id":"https:\/\/diariotextual.com\/inicio\/#organization"},"potentialAction":[{"@type":"SearchAction","target":{"@type":"EntryPoint","urlTemplate":"https:\/\/diariotextual.com\/inicio\/?s={search_term_string}"},"query-input":{"@type":"PropertyValueSpecification","valueRequired":true,"valueName":"search_term_string"}}],"inLanguage":"es"},{"@type":"Organization","@id":"https:\/\/diariotextual.com\/inicio\/#organization","name":"Diario Textual","url":"https:\/\/diariotextual.com\/inicio\/","logo":{"@type":"ImageObject","inLanguage":"es","@id":"https:\/\/diariotextual.com\/inicio\/#\/schema\/logo\/image\/","url":"https:\/\/diariotextual.com\/inicio\/wp-content\/uploads\/2023\/05\/logotextual1.jpg","contentUrl":"https:\/\/diariotextual.com\/inicio\/wp-content\/uploads\/2023\/05\/logotextual1.jpg","width":516,"height":76,"caption":"Diario Textual"},"image":{"@id":"https:\/\/diariotextual.com\/inicio\/#\/schema\/logo\/image\/"},"sameAs":["https:\/\/www.facebook.com\/eltextual","https:\/\/x.com\/eltextual","http:\/\/www.instagram.com\/eltextual"]},{"@type":"Person","@id":"https:\/\/diariotextual.com\/inicio\/#\/schema\/person\/418fc4093c33e86ed41562db3508f958","name":"Diario1 Diario1","image":{"@type":"ImageObject","inLanguage":"es","@id":"https:\/\/secure.gravatar.com\/avatar\/9167d280179c85bc18be67aa7eda765854300033af4896dd779b608640f2ef7a?s=96&d=mm&r=g","url":"https:\/\/secure.gravatar.com\/avatar\/9167d280179c85bc18be67aa7eda765854300033af4896dd779b608640f2ef7a?s=96&d=mm&r=g","contentUrl":"https:\/\/secure.gravatar.com\/avatar\/9167d280179c85bc18be67aa7eda765854300033af4896dd779b608640f2ef7a?s=96&d=mm&r=g","caption":"Diario1 Diario1"},"url":"https:\/\/diariotextual.com\/inicio\/index.php\/author\/diario1\/"}]}},"_links":{"self":[{"href":"https:\/\/diariotextual.com\/inicio\/index.php\/wp-json\/wp\/v2\/posts\/320204","targetHints":{"allow":["GET"]}}],"collection":[{"href":"https:\/\/diariotextual.com\/inicio\/index.php\/wp-json\/wp\/v2\/posts"}],"about":[{"href":"https:\/\/diariotextual.com\/inicio\/index.php\/wp-json\/wp\/v2\/types\/post"}],"author":[{"embeddable":true,"href":"https:\/\/diariotextual.com\/inicio\/index.php\/wp-json\/wp\/v2\/users\/3"}],"replies":[{"embeddable":true,"href":"https:\/\/diariotextual.com\/inicio\/index.php\/wp-json\/wp\/v2\/comments?post=320204"}],"version-history":[{"count":2,"href":"https:\/\/diariotextual.com\/inicio\/index.php\/wp-json\/wp\/v2\/posts\/320204\/revisions"}],"predecessor-version":[{"id":320206,"href":"https:\/\/diariotextual.com\/inicio\/index.php\/wp-json\/wp\/v2\/posts\/320204\/revisions\/320206"}],"wp:featuredmedia":[{"embeddable":true,"href":"https:\/\/diariotextual.com\/inicio\/index.php\/wp-json\/wp\/v2\/media\/285131"}],"wp:attachment":[{"href":"https:\/\/diariotextual.com\/inicio\/index.php\/wp-json\/wp\/v2\/media?parent=320204"}],"wp:term":[{"taxonomy":"category","embeddable":true,"href":"https:\/\/diariotextual.com\/inicio\/index.php\/wp-json\/wp\/v2\/categories?post=320204"},{"taxonomy":"post_tag","embeddable":true,"href":"https:\/\/diariotextual.com\/inicio\/index.php\/wp-json\/wp\/v2\/tags?post=320204"}],"curies":[{"name":"wp","href":"https:\/\/api.w.org\/{rel}","templated":true}]}}