{"id":320209,"date":"2026-02-20T14:34:59","date_gmt":"2026-02-20T17:34:59","guid":{"rendered":"https:\/\/diariotextual.com\/inicio\/?p=320209"},"modified":"2026-02-21T08:35:56","modified_gmt":"2026-02-21T11:35:56","slug":"la-provincia-junto-a-la-intendencia-y-la-cpe-evaluaron-el-operativo-por-el-temporal-en-santa-rosa","status":"publish","type":"post","link":"https:\/\/diariotextual.com\/inicio\/index.php\/2026\/02\/20\/la-provincia-junto-a-la-intendencia-y-la-cpe-evaluaron-el-operativo-por-el-temporal-en-santa-rosa\/","title":{"rendered":"El comit\u00e9 de crisis y el temporal en Santa Rosa: \u201cla coordinaci\u00f3n de todos fue fundamental\u201d"},"content":{"rendered":"\n<p>La vicegobernadora <strong>Alicia Mayoral<\/strong>, a cargo del Ejecutivo provincial, encabez\u00f3 este viernes en el Sal\u00f3n de Acuerdos una reuni\u00f3n de trabajo con el intendente <strong>Luciano di N\u00e1poli<\/strong>, el presidente de la <strong>Cooperativa Popular de Electricidad (CPE)<\/strong>, <strong>Manuel Simpson<\/strong>, y representantes de distintas \u00e1reas del Gobierno provincial para evaluar el operativo desplegado ante el temporal que afect\u00f3 a la ciudad el mi\u00e9rcoles y coordinar nuevas intervenciones en <strong>Santa Rosa<\/strong>.<\/p>\n\n\n\n<p>Durante el encuentro, las autoridades analizaron las acciones ejecutadas frente a la emergencia clim\u00e1tica y avanzaron en la planificaci\u00f3n de los trabajos en marcha y de las intervenciones previstas. Coincidieron en que la <strong>coordinaci\u00f3n entre organismos provinciales, municipales y la Cooperativa<\/strong> result\u00f3 fundamental para atender la urgencia con celeridad y eficacia. Tambi\u00e9n se\u00f1alaron que la recuperaci\u00f3n total de los da\u00f1os demandar\u00e1 m\u00e1s tiempo debido a la magnitud y violencia de la tormenta.<\/p>\n\n\n\n<p>Participaron ministros y ministras de distintas carteras, junto a autoridades de la <strong>Administraci\u00f3n Provincial del Agua (APA)<\/strong>, de la <strong>Direcci\u00f3n Provincial de Vialidad (DPV)<\/strong> y el jefe de la Polic\u00eda de La Pampa.<\/p>\n\n\n\n<div style=\"height:100px\" aria-hidden=\"true\" class=\"wp-block-spacer\"><\/div>\n\n\n\n<p><strong>Relevamiento en establecimientos educativos<\/strong><\/p>\n\n\n\n<p>El Ministerio de Educaci\u00f3n inform\u00f3 que hasta este viernes al mediod\u00eda se relev\u00f3 el 95% de los establecimientos educativos de la capital provincial. El informe preliminar detect\u00f3 <strong>ocho escuelas con da\u00f1os mayores<\/strong>, donde intervendr\u00e1 el Ministerio de Obras y Servicios P\u00fablicos; <strong>47 con reparaciones menores<\/strong>, que atender\u00e1 la cartera educativa; <strong>45 sin inconvenientes<\/strong>; y <strong>seis en evaluaci\u00f3n<\/strong>.<\/p>\n\n\n\n<p>En paralelo, Defensa Civil y la DPV avanzaron con el retiro de \u00e1rboles ca\u00eddos en distintas instituciones para garantizar condiciones seguras de funcionamiento.<\/p>\n\n\n\n<figure class=\"wp-block-image size-large\"><img fetchpriority=\"high\" decoding=\"async\" width=\"1024\" height=\"580\" src=\"https:\/\/diariotextual.com\/inicio\/wp-content\/uploads\/2026\/02\/tormentasantarosacomitedecrisistormenta18febrero2026-10-1024x580.jpg\" alt=\"\" class=\"wp-image-320210\" srcset=\"https:\/\/diariotextual.com\/inicio\/wp-content\/uploads\/2026\/02\/tormentasantarosacomitedecrisistormenta18febrero2026-10-1024x580.jpg 1024w, https:\/\/diariotextual.com\/inicio\/wp-content\/uploads\/2026\/02\/tormentasantarosacomitedecrisistormenta18febrero2026-10-300x170.jpg 300w, https:\/\/diariotextual.com\/inicio\/wp-content\/uploads\/2026\/02\/tormentasantarosacomitedecrisistormenta18febrero2026-10-768x435.jpg 768w, https:\/\/diariotextual.com\/inicio\/wp-content\/uploads\/2026\/02\/tormentasantarosacomitedecrisistormenta18febrero2026-10-1170x663.jpg 1170w, https:\/\/diariotextual.com\/inicio\/wp-content\/uploads\/2026\/02\/tormentasantarosacomitedecrisistormenta18febrero2026-10-585x332.jpg 585w, https:\/\/diariotextual.com\/inicio\/wp-content\/uploads\/2026\/02\/tormentasantarosacomitedecrisistormenta18febrero2026-10.jpg 1230w\" sizes=\"(max-width: 1024px) 100vw, 1024px\" \/><\/figure>\n\n\n\n<div style=\"height:100px\" aria-hidden=\"true\" class=\"wp-block-spacer\"><\/div>\n\n\n\n<p><strong>Intervenciones en territorio<\/strong><\/p>\n\n\n\n<p>Desde la DPV se indic\u00f3 que se desplegaron dos cuadrillas para el corte y carga de \u00e1rboles ca\u00eddos. Una trabaj\u00f3 en la Escuela de Polic\u00eda y otra en la plaza de Villa Parque. En el establecimiento policial se utilizaron pala cargadora, dos camiones y motosierras; en la plaza se emple\u00f3 retro pala, con apoyo de Defensa Civil y vecinos para despejar el sector.<\/p>\n\n\n\n<figure class=\"wp-block-image size-large\"><img decoding=\"async\" width=\"1024\" height=\"576\" src=\"https:\/\/diariotextual.com\/inicio\/wp-content\/uploads\/2026\/02\/tormentasantarosatemporaldestrozostormenta18febrero2026-102-2-1024x576.jpg\" alt=\"\" class=\"wp-image-320095\" srcset=\"https:\/\/diariotextual.com\/inicio\/wp-content\/uploads\/2026\/02\/tormentasantarosatemporaldestrozostormenta18febrero2026-102-2-1024x576.jpg 1024w, https:\/\/diariotextual.com\/inicio\/wp-content\/uploads\/2026\/02\/tormentasantarosatemporaldestrozostormenta18febrero2026-102-2-300x169.jpg 300w, https:\/\/diariotextual.com\/inicio\/wp-content\/uploads\/2026\/02\/tormentasantarosatemporaldestrozostormenta18febrero2026-102-2-768x432.jpg 768w, https:\/\/diariotextual.com\/inicio\/wp-content\/uploads\/2026\/02\/tormentasantarosatemporaldestrozostormenta18febrero2026-102-2-1170x658.jpg 1170w, https:\/\/diariotextual.com\/inicio\/wp-content\/uploads\/2026\/02\/tormentasantarosatemporaldestrozostormenta18febrero2026-102-2-585x329.jpg 585w, https:\/\/diariotextual.com\/inicio\/wp-content\/uploads\/2026\/02\/tormentasantarosatemporaldestrozostormenta18febrero2026-102-2.jpg 1300w\" sizes=\"(max-width: 1024px) 100vw, 1024px\" \/><\/figure>\n\n\n\n<p><\/p>\n\n\n\n<p>Adem\u00e1s, Vialidad puso a disposici\u00f3n personal t\u00e9cnico para colaborar con el Ministerio de Educaci\u00f3n en el relevamiento del estado de colegios y Jardines de Infantes Nucleados (JIN) de <strong>Santa Rosa<\/strong> y <strong>Toay<\/strong>.<\/p>\n\n\n\n<p>Por su parte, el Ministerio de Obras y Servicios P\u00fablicos y la APA dispusieron equipos t\u00e9cnicos para evaluar la infraestructura escolar afectada y garantizar intervenciones r\u00e1pidas cuando resulten necesarias. Desde la <strong>Administraci\u00f3n Provincial de Energ\u00eda (APE)<\/strong> se inform\u00f3 que se puso personal a disposici\u00f3n de la CPE, aunque no fue necesario intervenir porque el servicio se restableci\u00f3 con los sistemas interconectados.<\/p>\n\n\n\n<div style=\"height:100px\" aria-hidden=\"true\" class=\"wp-block-spacer\"><\/div>\n\n\n\n<p><strong>Asistencia a familias afectadas<\/strong><\/p>\n\n\n\n<p>El Ministerio de Desarrollo Social y Derechos Humanos detall\u00f3 que, por el temporal del 18 de febrero, hasta las 8 de este viernes se relevaron <strong>20 casos vinculados a voladuras y da\u00f1os parciales o totales en techos<\/strong>, adem\u00e1s de otros perjuicios materiales en distintos sectores de la ciudad.<\/p>\n\n\n\n<p>El Gobierno provincial asiste a las familias mediante la provisi\u00f3n de chapas, perfiles y materiales para la reparaci\u00f3n y reemplazo de techos, con prioridad en los casos donde la habitabilidad y la seguridad se encuentran comprometidas.<\/p>\n\n\n\n<p>Los relevamientos est\u00e1n a cargo de equipos t\u00e9cnicos provinciales, trabajadores sociales y una maestra mayor de obras, quienes act\u00faan de manera coordinada para garantizar una respuesta acorde al nivel de da\u00f1o registrado.<\/p>\n\n\n\n<div style=\"height:100px\" aria-hidden=\"true\" class=\"wp-block-spacer\"><\/div>\n\n\n\n<p><strong>Coordinaci\u00f3n con la Intendencia y la CPE<\/strong><\/p>\n\n\n\n<p>Desde el Ministerio de Seguridad y Justicia informaron que, luego del temporal, se activ\u00f3 el <strong>Comit\u00e9 de Crisis<\/strong> y se estableci\u00f3 coordinaci\u00f3n permanente con la Intendencia para organizar el operativo en territorio. Se dispusieron recorridas preventivas y reportes al CeCom, mientras las cuadrillas de Defensa Civil avanzaron con el despeje de \u00e1rboles ca\u00eddos, con apoyo de Bomberos de la Polic\u00eda y cuarteles de bomberos voluntarios de localidades cercanas.<\/p>\n\n\n\n<p>Las tareas priorizaron establecimientos educativos y sectores de mayor riesgo en la v\u00eda p\u00fablica, en comunicaci\u00f3n con el 101 y el municipio para evitar superposici\u00f3n de recursos. Tambi\u00e9n hubo coordinaci\u00f3n con la CPE para liberar zonas afectadas y facilitar la restituci\u00f3n del servicio el\u00e9ctrico, adem\u00e1s de reforzar recorridas nocturnas en barrios sin suministro.<\/p>\n\n\n\n<p>Ante inconvenientes t\u00e9cnicos en la l\u00ednea 101 se habilit\u00f3 un n\u00famero alternativo hasta su normalizaci\u00f3n. Adem\u00e1s, se avanz\u00f3 en la reposici\u00f3n de c\u00e1maras de videovigilancia, en la prevenci\u00f3n vial en arterias sin sem\u00e1foros activos y en el uso de equipos pesados provinciales para el retiro de troncos y trabajos en altura.<\/p>\n\n\n\n<p>El <strong>Ej\u00e9rcito Argentino<\/strong> tambi\u00e9n colabor\u00f3 en las tareas de remoci\u00f3n de plantas y otros elementos. Adem\u00e1s, permanece en apresto ante un eventual nuevo requerimiento.<\/p>\n\n\n\n<p>Desde el Ejecutivo provincial ratificaron que continuar\u00e1n las tareas de asistencia y seguimiento, con el compromiso de restituir en el menor tiempo posible las condiciones de seguridad y habitabilidad en viviendas y edificios p\u00fablicos afectados.<\/p>\n\n\n\n<p><\/p>\n","protected":false},"excerpt":{"rendered":"<p>La vicegobernadora Alicia Mayoral, a cargo del Ejecutivo provincial, encabez\u00f3 este viernes en el Sal\u00f3n de Acuerdos una reuni\u00f3n de trabajo con el intendente Luciano di N\u00e1poli, el presidente de&hellip;<\/p>\n","protected":false},"author":3,"featured_media":320213,"comment_status":"closed","ping_status":"open","sticky":false,"template":"","format":"standard","meta":{"_acf_changed":false,"footnotes":""},"categories":[1,8],"tags":[],"class_list":["post-320209","post","type-post","status-publish","format-standard","has-post-thumbnail","hentry","category-es-noticia","category-politica"],"acf":[],"yoast_head":"<!-- This site is optimized with the Yoast SEO plugin v27.5 - https:\/\/yoast.com\/product\/yoast-seo-wordpress\/ -->\n<title>El comit\u00e9 de crisis y el temporal en Santa Rosa: \u201cla coordinaci\u00f3n de todos fue fundamental\u201d - Diario Textual<\/title>\n<meta name=\"robots\" content=\"index, follow, max-snippet:-1, max-image-preview:large, max-video-preview:-1\" \/>\n<link rel=\"canonical\" href=\"https:\/\/diariotextual.com\/inicio\/index.php\/2026\/02\/20\/la-provincia-junto-a-la-intendencia-y-la-cpe-evaluaron-el-operativo-por-el-temporal-en-santa-rosa\/\" \/>\n<meta property=\"og:locale\" content=\"es_ES\" \/>\n<meta property=\"og:type\" content=\"article\" \/>\n<meta property=\"og:title\" content=\"El comit\u00e9 de crisis y el temporal en Santa Rosa: \u201cla coordinaci\u00f3n de todos fue fundamental\u201d - Diario Textual\" \/>\n<meta property=\"og:description\" content=\"La vicegobernadora Alicia Mayoral, a cargo del Ejecutivo provincial, encabez\u00f3 este viernes en el Sal\u00f3n de Acuerdos una reuni\u00f3n de trabajo con el intendente Luciano di N\u00e1poli, el presidente de&hellip;\" \/>\n<meta property=\"og:url\" content=\"https:\/\/diariotextual.com\/inicio\/index.php\/2026\/02\/20\/la-provincia-junto-a-la-intendencia-y-la-cpe-evaluaron-el-operativo-por-el-temporal-en-santa-rosa\/\" \/>\n<meta property=\"og:site_name\" content=\"Diario Textual\" \/>\n<meta property=\"article:publisher\" content=\"https:\/\/www.facebook.com\/eltextual\" \/>\n<meta property=\"article:published_time\" content=\"2026-02-20T17:34:59+00:00\" \/>\n<meta property=\"article:modified_time\" content=\"2026-02-21T11:35:56+00:00\" \/>\n<meta property=\"og:image\" content=\"https:\/\/diariotextual.com\/inicio\/wp-content\/uploads\/2026\/02\/tormentasantarosacomitedecrisistormenta18febrero2026-11.jpg\" \/>\n\t<meta property=\"og:image:width\" content=\"1300\" \/>\n\t<meta property=\"og:image:height\" content=\"867\" \/>\n\t<meta property=\"og:image:type\" content=\"image\/jpeg\" \/>\n<meta name=\"author\" content=\"Diario1 Diario1\" \/>\n<meta name=\"twitter:card\" content=\"summary_large_image\" \/>\n<meta name=\"twitter:creator\" content=\"@eltextual\" \/>\n<meta name=\"twitter:site\" content=\"@eltextual\" \/>\n<meta name=\"twitter:label1\" content=\"Escrito por\" \/>\n\t<meta name=\"twitter:data1\" content=\"Diario1 Diario1\" \/>\n\t<meta name=\"twitter:label2\" content=\"Tiempo de lectura\" \/>\n\t<meta name=\"twitter:data2\" content=\"5 minutos\" \/>\n<script type=\"application\/ld+json\" class=\"yoast-schema-graph\">{\"@context\":\"https:\\\/\\\/schema.org\",\"@graph\":[{\"@type\":\"Article\",\"@id\":\"https:\\\/\\\/diariotextual.com\\\/inicio\\\/index.php\\\/2026\\\/02\\\/20\\\/la-provincia-junto-a-la-intendencia-y-la-cpe-evaluaron-el-operativo-por-el-temporal-en-santa-rosa\\\/#article\",\"isPartOf\":{\"@id\":\"https:\\\/\\\/diariotextual.com\\\/inicio\\\/index.php\\\/2026\\\/02\\\/20\\\/la-provincia-junto-a-la-intendencia-y-la-cpe-evaluaron-el-operativo-por-el-temporal-en-santa-rosa\\\/\"},\"author\":{\"name\":\"Diario1 Diario1\",\"@id\":\"https:\\\/\\\/diariotextual.com\\\/inicio\\\/#\\\/schema\\\/person\\\/418fc4093c33e86ed41562db3508f958\"},\"headline\":\"El comit\u00e9 de crisis y el temporal en Santa Rosa: \u201cla coordinaci\u00f3n de todos fue fundamental\u201d\",\"datePublished\":\"2026-02-20T17:34:59+00:00\",\"dateModified\":\"2026-02-21T11:35:56+00:00\",\"mainEntityOfPage\":{\"@id\":\"https:\\\/\\\/diariotextual.com\\\/inicio\\\/index.php\\\/2026\\\/02\\\/20\\\/la-provincia-junto-a-la-intendencia-y-la-cpe-evaluaron-el-operativo-por-el-temporal-en-santa-rosa\\\/\"},\"wordCount\":852,\"publisher\":{\"@id\":\"https:\\\/\\\/diariotextual.com\\\/inicio\\\/#organization\"},\"image\":{\"@id\":\"https:\\\/\\\/diariotextual.com\\\/inicio\\\/index.php\\\/2026\\\/02\\\/20\\\/la-provincia-junto-a-la-intendencia-y-la-cpe-evaluaron-el-operativo-por-el-temporal-en-santa-rosa\\\/#primaryimage\"},\"thumbnailUrl\":\"https:\\\/\\\/diariotextual.com\\\/inicio\\\/wp-content\\\/uploads\\\/2026\\\/02\\\/tormentasantarosacomitedecrisistormenta18febrero2026-11.jpg\",\"articleSection\":[\"A - ES NOTICIA (van abajo)\",\"POLITICA\"],\"inLanguage\":\"es\"},{\"@type\":\"WebPage\",\"@id\":\"https:\\\/\\\/diariotextual.com\\\/inicio\\\/index.php\\\/2026\\\/02\\\/20\\\/la-provincia-junto-a-la-intendencia-y-la-cpe-evaluaron-el-operativo-por-el-temporal-en-santa-rosa\\\/\",\"url\":\"https:\\\/\\\/diariotextual.com\\\/inicio\\\/index.php\\\/2026\\\/02\\\/20\\\/la-provincia-junto-a-la-intendencia-y-la-cpe-evaluaron-el-operativo-por-el-temporal-en-santa-rosa\\\/\",\"name\":\"El comit\u00e9 de crisis y el temporal en Santa Rosa: \u201cla coordinaci\u00f3n de todos fue fundamental\u201d - Diario Textual\",\"isPartOf\":{\"@id\":\"https:\\\/\\\/diariotextual.com\\\/inicio\\\/#website\"},\"primaryImageOfPage\":{\"@id\":\"https:\\\/\\\/diariotextual.com\\\/inicio\\\/index.php\\\/2026\\\/02\\\/20\\\/la-provincia-junto-a-la-intendencia-y-la-cpe-evaluaron-el-operativo-por-el-temporal-en-santa-rosa\\\/#primaryimage\"},\"image\":{\"@id\":\"https:\\\/\\\/diariotextual.com\\\/inicio\\\/index.php\\\/2026\\\/02\\\/20\\\/la-provincia-junto-a-la-intendencia-y-la-cpe-evaluaron-el-operativo-por-el-temporal-en-santa-rosa\\\/#primaryimage\"},\"thumbnailUrl\":\"https:\\\/\\\/diariotextual.com\\\/inicio\\\/wp-content\\\/uploads\\\/2026\\\/02\\\/tormentasantarosacomitedecrisistormenta18febrero2026-11.jpg\",\"datePublished\":\"2026-02-20T17:34:59+00:00\",\"dateModified\":\"2026-02-21T11:35:56+00:00\",\"breadcrumb\":{\"@id\":\"https:\\\/\\\/diariotextual.com\\\/inicio\\\/index.php\\\/2026\\\/02\\\/20\\\/la-provincia-junto-a-la-intendencia-y-la-cpe-evaluaron-el-operativo-por-el-temporal-en-santa-rosa\\\/#breadcrumb\"},\"inLanguage\":\"es\",\"potentialAction\":[{\"@type\":\"ReadAction\",\"target\":[\"https:\\\/\\\/diariotextual.com\\\/inicio\\\/index.php\\\/2026\\\/02\\\/20\\\/la-provincia-junto-a-la-intendencia-y-la-cpe-evaluaron-el-operativo-por-el-temporal-en-santa-rosa\\\/\"]}]},{\"@type\":\"ImageObject\",\"inLanguage\":\"es\",\"@id\":\"https:\\\/\\\/diariotextual.com\\\/inicio\\\/index.php\\\/2026\\\/02\\\/20\\\/la-provincia-junto-a-la-intendencia-y-la-cpe-evaluaron-el-operativo-por-el-temporal-en-santa-rosa\\\/#primaryimage\",\"url\":\"https:\\\/\\\/diariotextual.com\\\/inicio\\\/wp-content\\\/uploads\\\/2026\\\/02\\\/tormentasantarosacomitedecrisistormenta18febrero2026-11.jpg\",\"contentUrl\":\"https:\\\/\\\/diariotextual.com\\\/inicio\\\/wp-content\\\/uploads\\\/2026\\\/02\\\/tormentasantarosacomitedecrisistormenta18febrero2026-11.jpg\",\"width\":1300,\"height\":867},{\"@type\":\"BreadcrumbList\",\"@id\":\"https:\\\/\\\/diariotextual.com\\\/inicio\\\/index.php\\\/2026\\\/02\\\/20\\\/la-provincia-junto-a-la-intendencia-y-la-cpe-evaluaron-el-operativo-por-el-temporal-en-santa-rosa\\\/#breadcrumb\",\"itemListElement\":[{\"@type\":\"ListItem\",\"position\":1,\"name\":\"Portada\",\"item\":\"https:\\\/\\\/diariotextual.com\\\/inicio\\\/\"},{\"@type\":\"ListItem\",\"position\":2,\"name\":\"El comit\u00e9 de crisis y el temporal en Santa Rosa: \u201cla coordinaci\u00f3n de todos fue fundamental\u201d\"}]},{\"@type\":\"WebSite\",\"@id\":\"https:\\\/\\\/diariotextual.com\\\/inicio\\\/#website\",\"url\":\"https:\\\/\\\/diariotextual.com\\\/inicio\\\/\",\"name\":\"Diario Textual\",\"description\":\"\",\"publisher\":{\"@id\":\"https:\\\/\\\/diariotextual.com\\\/inicio\\\/#organization\"},\"potentialAction\":[{\"@type\":\"SearchAction\",\"target\":{\"@type\":\"EntryPoint\",\"urlTemplate\":\"https:\\\/\\\/diariotextual.com\\\/inicio\\\/?s={search_term_string}\"},\"query-input\":{\"@type\":\"PropertyValueSpecification\",\"valueRequired\":true,\"valueName\":\"search_term_string\"}}],\"inLanguage\":\"es\"},{\"@type\":\"Organization\",\"@id\":\"https:\\\/\\\/diariotextual.com\\\/inicio\\\/#organization\",\"name\":\"Diario Textual\",\"url\":\"https:\\\/\\\/diariotextual.com\\\/inicio\\\/\",\"logo\":{\"@type\":\"ImageObject\",\"inLanguage\":\"es\",\"@id\":\"https:\\\/\\\/diariotextual.com\\\/inicio\\\/#\\\/schema\\\/logo\\\/image\\\/\",\"url\":\"https:\\\/\\\/diariotextual.com\\\/inicio\\\/wp-content\\\/uploads\\\/2023\\\/05\\\/logotextual1.jpg\",\"contentUrl\":\"https:\\\/\\\/diariotextual.com\\\/inicio\\\/wp-content\\\/uploads\\\/2023\\\/05\\\/logotextual1.jpg\",\"width\":516,\"height\":76,\"caption\":\"Diario Textual\"},\"image\":{\"@id\":\"https:\\\/\\\/diariotextual.com\\\/inicio\\\/#\\\/schema\\\/logo\\\/image\\\/\"},\"sameAs\":[\"https:\\\/\\\/www.facebook.com\\\/eltextual\",\"https:\\\/\\\/x.com\\\/eltextual\",\"http:\\\/\\\/www.instagram.com\\\/eltextual\"]},{\"@type\":\"Person\",\"@id\":\"https:\\\/\\\/diariotextual.com\\\/inicio\\\/#\\\/schema\\\/person\\\/418fc4093c33e86ed41562db3508f958\",\"name\":\"Diario1 Diario1\",\"image\":{\"@type\":\"ImageObject\",\"inLanguage\":\"es\",\"@id\":\"https:\\\/\\\/secure.gravatar.com\\\/avatar\\\/9167d280179c85bc18be67aa7eda765854300033af4896dd779b608640f2ef7a?s=96&d=mm&r=g\",\"url\":\"https:\\\/\\\/secure.gravatar.com\\\/avatar\\\/9167d280179c85bc18be67aa7eda765854300033af4896dd779b608640f2ef7a?s=96&d=mm&r=g\",\"contentUrl\":\"https:\\\/\\\/secure.gravatar.com\\\/avatar\\\/9167d280179c85bc18be67aa7eda765854300033af4896dd779b608640f2ef7a?s=96&d=mm&r=g\",\"caption\":\"Diario1 Diario1\"},\"url\":\"https:\\\/\\\/diariotextual.com\\\/inicio\\\/index.php\\\/author\\\/diario1\\\/\"}]}<\/script>\n<!-- \/ Yoast SEO plugin. -->","yoast_head_json":{"title":"El comit\u00e9 de crisis y el temporal en Santa Rosa: \u201cla coordinaci\u00f3n de todos fue fundamental\u201d - Diario Textual","robots":{"index":"index","follow":"follow","max-snippet":"max-snippet:-1","max-image-preview":"max-image-preview:large","max-video-preview":"max-video-preview:-1"},"canonical":"https:\/\/diariotextual.com\/inicio\/index.php\/2026\/02\/20\/la-provincia-junto-a-la-intendencia-y-la-cpe-evaluaron-el-operativo-por-el-temporal-en-santa-rosa\/","og_locale":"es_ES","og_type":"article","og_title":"El comit\u00e9 de crisis y el temporal en Santa Rosa: \u201cla coordinaci\u00f3n de todos fue fundamental\u201d - Diario Textual","og_description":"La vicegobernadora Alicia Mayoral, a cargo del Ejecutivo provincial, encabez\u00f3 este viernes en el Sal\u00f3n de Acuerdos una reuni\u00f3n de trabajo con el intendente Luciano di N\u00e1poli, el presidente de&hellip;","og_url":"https:\/\/diariotextual.com\/inicio\/index.php\/2026\/02\/20\/la-provincia-junto-a-la-intendencia-y-la-cpe-evaluaron-el-operativo-por-el-temporal-en-santa-rosa\/","og_site_name":"Diario Textual","article_publisher":"https:\/\/www.facebook.com\/eltextual","article_published_time":"2026-02-20T17:34:59+00:00","article_modified_time":"2026-02-21T11:35:56+00:00","og_image":[{"width":1300,"height":867,"url":"https:\/\/diariotextual.com\/inicio\/wp-content\/uploads\/2026\/02\/tormentasantarosacomitedecrisistormenta18febrero2026-11.jpg","type":"image\/jpeg"}],"author":"Diario1 Diario1","twitter_card":"summary_large_image","twitter_creator":"@eltextual","twitter_site":"@eltextual","twitter_misc":{"Escrito por":"Diario1 Diario1","Tiempo de lectura":"5 minutos"},"schema":{"@context":"https:\/\/schema.org","@graph":[{"@type":"Article","@id":"https:\/\/diariotextual.com\/inicio\/index.php\/2026\/02\/20\/la-provincia-junto-a-la-intendencia-y-la-cpe-evaluaron-el-operativo-por-el-temporal-en-santa-rosa\/#article","isPartOf":{"@id":"https:\/\/diariotextual.com\/inicio\/index.php\/2026\/02\/20\/la-provincia-junto-a-la-intendencia-y-la-cpe-evaluaron-el-operativo-por-el-temporal-en-santa-rosa\/"},"author":{"name":"Diario1 Diario1","@id":"https:\/\/diariotextual.com\/inicio\/#\/schema\/person\/418fc4093c33e86ed41562db3508f958"},"headline":"El comit\u00e9 de crisis y el temporal en Santa Rosa: \u201cla coordinaci\u00f3n de todos fue fundamental\u201d","datePublished":"2026-02-20T17:34:59+00:00","dateModified":"2026-02-21T11:35:56+00:00","mainEntityOfPage":{"@id":"https:\/\/diariotextual.com\/inicio\/index.php\/2026\/02\/20\/la-provincia-junto-a-la-intendencia-y-la-cpe-evaluaron-el-operativo-por-el-temporal-en-santa-rosa\/"},"wordCount":852,"publisher":{"@id":"https:\/\/diariotextual.com\/inicio\/#organization"},"image":{"@id":"https:\/\/diariotextual.com\/inicio\/index.php\/2026\/02\/20\/la-provincia-junto-a-la-intendencia-y-la-cpe-evaluaron-el-operativo-por-el-temporal-en-santa-rosa\/#primaryimage"},"thumbnailUrl":"https:\/\/diariotextual.com\/inicio\/wp-content\/uploads\/2026\/02\/tormentasantarosacomitedecrisistormenta18febrero2026-11.jpg","articleSection":["A - ES NOTICIA (van abajo)","POLITICA"],"inLanguage":"es"},{"@type":"WebPage","@id":"https:\/\/diariotextual.com\/inicio\/index.php\/2026\/02\/20\/la-provincia-junto-a-la-intendencia-y-la-cpe-evaluaron-el-operativo-por-el-temporal-en-santa-rosa\/","url":"https:\/\/diariotextual.com\/inicio\/index.php\/2026\/02\/20\/la-provincia-junto-a-la-intendencia-y-la-cpe-evaluaron-el-operativo-por-el-temporal-en-santa-rosa\/","name":"El comit\u00e9 de crisis y el temporal en Santa Rosa: \u201cla coordinaci\u00f3n de todos fue fundamental\u201d - Diario Textual","isPartOf":{"@id":"https:\/\/diariotextual.com\/inicio\/#website"},"primaryImageOfPage":{"@id":"https:\/\/diariotextual.com\/inicio\/index.php\/2026\/02\/20\/la-provincia-junto-a-la-intendencia-y-la-cpe-evaluaron-el-operativo-por-el-temporal-en-santa-rosa\/#primaryimage"},"image":{"@id":"https:\/\/diariotextual.com\/inicio\/index.php\/2026\/02\/20\/la-provincia-junto-a-la-intendencia-y-la-cpe-evaluaron-el-operativo-por-el-temporal-en-santa-rosa\/#primaryimage"},"thumbnailUrl":"https:\/\/diariotextual.com\/inicio\/wp-content\/uploads\/2026\/02\/tormentasantarosacomitedecrisistormenta18febrero2026-11.jpg","datePublished":"2026-02-20T17:34:59+00:00","dateModified":"2026-02-21T11:35:56+00:00","breadcrumb":{"@id":"https:\/\/diariotextual.com\/inicio\/index.php\/2026\/02\/20\/la-provincia-junto-a-la-intendencia-y-la-cpe-evaluaron-el-operativo-por-el-temporal-en-santa-rosa\/#breadcrumb"},"inLanguage":"es","potentialAction":[{"@type":"ReadAction","target":["https:\/\/diariotextual.com\/inicio\/index.php\/2026\/02\/20\/la-provincia-junto-a-la-intendencia-y-la-cpe-evaluaron-el-operativo-por-el-temporal-en-santa-rosa\/"]}]},{"@type":"ImageObject","inLanguage":"es","@id":"https:\/\/diariotextual.com\/inicio\/index.php\/2026\/02\/20\/la-provincia-junto-a-la-intendencia-y-la-cpe-evaluaron-el-operativo-por-el-temporal-en-santa-rosa\/#primaryimage","url":"https:\/\/diariotextual.com\/inicio\/wp-content\/uploads\/2026\/02\/tormentasantarosacomitedecrisistormenta18febrero2026-11.jpg","contentUrl":"https:\/\/diariotextual.com\/inicio\/wp-content\/uploads\/2026\/02\/tormentasantarosacomitedecrisistormenta18febrero2026-11.jpg","width":1300,"height":867},{"@type":"BreadcrumbList","@id":"https:\/\/diariotextual.com\/inicio\/index.php\/2026\/02\/20\/la-provincia-junto-a-la-intendencia-y-la-cpe-evaluaron-el-operativo-por-el-temporal-en-santa-rosa\/#breadcrumb","itemListElement":[{"@type":"ListItem","position":1,"name":"Portada","item":"https:\/\/diariotextual.com\/inicio\/"},{"@type":"ListItem","position":2,"name":"El comit\u00e9 de crisis y el temporal en Santa Rosa: \u201cla coordinaci\u00f3n de todos fue fundamental\u201d"}]},{"@type":"WebSite","@id":"https:\/\/diariotextual.com\/inicio\/#website","url":"https:\/\/diariotextual.com\/inicio\/","name":"Diario Textual","description":"","publisher":{"@id":"https:\/\/diariotextual.com\/inicio\/#organization"},"potentialAction":[{"@type":"SearchAction","target":{"@type":"EntryPoint","urlTemplate":"https:\/\/diariotextual.com\/inicio\/?s={search_term_string}"},"query-input":{"@type":"PropertyValueSpecification","valueRequired":true,"valueName":"search_term_string"}}],"inLanguage":"es"},{"@type":"Organization","@id":"https:\/\/diariotextual.com\/inicio\/#organization","name":"Diario Textual","url":"https:\/\/diariotextual.com\/inicio\/","logo":{"@type":"ImageObject","inLanguage":"es","@id":"https:\/\/diariotextual.com\/inicio\/#\/schema\/logo\/image\/","url":"https:\/\/diariotextual.com\/inicio\/wp-content\/uploads\/2023\/05\/logotextual1.jpg","contentUrl":"https:\/\/diariotextual.com\/inicio\/wp-content\/uploads\/2023\/05\/logotextual1.jpg","width":516,"height":76,"caption":"Diario Textual"},"image":{"@id":"https:\/\/diariotextual.com\/inicio\/#\/schema\/logo\/image\/"},"sameAs":["https:\/\/www.facebook.com\/eltextual","https:\/\/x.com\/eltextual","http:\/\/www.instagram.com\/eltextual"]},{"@type":"Person","@id":"https:\/\/diariotextual.com\/inicio\/#\/schema\/person\/418fc4093c33e86ed41562db3508f958","name":"Diario1 Diario1","image":{"@type":"ImageObject","inLanguage":"es","@id":"https:\/\/secure.gravatar.com\/avatar\/9167d280179c85bc18be67aa7eda765854300033af4896dd779b608640f2ef7a?s=96&d=mm&r=g","url":"https:\/\/secure.gravatar.com\/avatar\/9167d280179c85bc18be67aa7eda765854300033af4896dd779b608640f2ef7a?s=96&d=mm&r=g","contentUrl":"https:\/\/secure.gravatar.com\/avatar\/9167d280179c85bc18be67aa7eda765854300033af4896dd779b608640f2ef7a?s=96&d=mm&r=g","caption":"Diario1 Diario1"},"url":"https:\/\/diariotextual.com\/inicio\/index.php\/author\/diario1\/"}]}},"_links":{"self":[{"href":"https:\/\/diariotextual.com\/inicio\/index.php\/wp-json\/wp\/v2\/posts\/320209","targetHints":{"allow":["GET"]}}],"collection":[{"href":"https:\/\/diariotextual.com\/inicio\/index.php\/wp-json\/wp\/v2\/posts"}],"about":[{"href":"https:\/\/diariotextual.com\/inicio\/index.php\/wp-json\/wp\/v2\/types\/post"}],"author":[{"embeddable":true,"href":"https:\/\/diariotextual.com\/inicio\/index.php\/wp-json\/wp\/v2\/users\/3"}],"replies":[{"embeddable":true,"href":"https:\/\/diariotextual.com\/inicio\/index.php\/wp-json\/wp\/v2\/comments?post=320209"}],"version-history":[{"count":4,"href":"https:\/\/diariotextual.com\/inicio\/index.php\/wp-json\/wp\/v2\/posts\/320209\/revisions"}],"predecessor-version":[{"id":320227,"href":"https:\/\/diariotextual.com\/inicio\/index.php\/wp-json\/wp\/v2\/posts\/320209\/revisions\/320227"}],"wp:featuredmedia":[{"embeddable":true,"href":"https:\/\/diariotextual.com\/inicio\/index.php\/wp-json\/wp\/v2\/media\/320213"}],"wp:attachment":[{"href":"https:\/\/diariotextual.com\/inicio\/index.php\/wp-json\/wp\/v2\/media?parent=320209"}],"wp:term":[{"taxonomy":"category","embeddable":true,"href":"https:\/\/diariotextual.com\/inicio\/index.php\/wp-json\/wp\/v2\/categories?post=320209"},{"taxonomy":"post_tag","embeddable":true,"href":"https:\/\/diariotextual.com\/inicio\/index.php\/wp-json\/wp\/v2\/tags?post=320209"}],"curies":[{"name":"wp","href":"https:\/\/api.w.org\/{rel}","templated":true}]}}