{"id":320218,"date":"2026-02-20T14:47:17","date_gmt":"2026-02-20T17:47:17","guid":{"rendered":"https:\/\/diariotextual.com\/inicio\/?p=320218"},"modified":"2026-02-20T20:23:53","modified_gmt":"2026-02-20T23:23:53","slug":"el-blp-lanza-la-promocion-vuelta-al-cole-en-comercios-de-cercania","status":"publish","type":"post","link":"https:\/\/diariotextual.com\/inicio\/index.php\/2026\/02\/20\/el-blp-lanza-la-promocion-vuelta-al-cole-en-comercios-de-cercania\/","title":{"rendered":"El BLP lanza la Promoci\u00f3n Vuelta al Cole en comercios para indumentaria y \u00fatiles escolares"},"content":{"rendered":"\n<p>El <strong>Banco de La Pampaa (BLP) <\/strong>lanz\u00f3 una nueva edici\u00f3n de la <strong>Promoci\u00f3n Vuelta al Cole<\/strong>, con descuentos y financiaci\u00f3n en cuotas sin inter\u00e9s en comercios adheridos, en el marco del inicio del ciclo lectivo. La iniciativa apunta a <strong>impulsar las ventas locales<\/strong> y acompa\u00f1ar a las familias en la compra de \u00fatiles, indumentaria y art\u00edculos escolares. Regir\u00e1 desde el <strong>23 de febrero hasta el 12 de marzo<\/strong> para tarjetas de cr\u00e9dito de <strong>Paquetes Pampa<\/strong>.<\/p>\n\n\n\n<p>La promoci\u00f3n contempla un <strong>20% de descuento y 4 cuotas sin inter\u00e9s<\/strong>, con un reintegro de hasta <strong>$15.000 por comercio, marca y cuenta de tarjeta de cr\u00e9dito<\/strong>, en locales adheridos a <strong>Pr\u00e9stamo Tarjeta<\/strong>.<\/p>\n\n\n\n<div style=\"height:100px\" aria-hidden=\"true\" class=\"wp-block-spacer\"><\/div>\n\n\n\n<p><strong>C\u00f3mo funcionar\u00e1 la promoci\u00f3n<\/strong><\/p>\n\n\n\n<p>Los lunes 23 de febrero, 2 de marzo y 9 de marzo el beneficio ser\u00e1 exclusivo para <strong>pagos QR en 4 cuotas sin inter\u00e9s con Billetera Pampa<\/strong>, utilizando las tarjetas de cr\u00e9dito <strong>Cald\u00e9n MasterCard<\/strong> y <strong>Cald\u00e9n Visa<\/strong> de Paquetes Pampa.<\/p>\n\n\n\n<p>La Billetera Pampa puede descargarse desde Play Store o App Store. La clientela podr\u00e1 vincular sus tarjetas de cr\u00e9dito del Banco de La Pampa y pagar mediante c\u00f3digo QR en comercios adheridos, seleccionando como medio de pago las tarjetas incluidas en la promoci\u00f3n.<\/p>\n\n\n\n<p>Los jueves 26 de febrero, 5 de marzo y 12 de marzo la promoci\u00f3n ser\u00e1 exclusiva para <strong>pagos presenciales en 4 cuotas sin inter\u00e9s<\/strong> con tarjeta de cr\u00e9dito f\u00edsica Cald\u00e9n MasterCard y Cald\u00e9n Visa de Paquetes Pampa.<\/p>\n\n\n\n<p>La acci\u00f3n es <strong>100% a cargo del Banco de La Pampa<\/strong> y exclusiva para tarjetas de cr\u00e9dito Cald\u00e9n MasterCard y Cald\u00e9n Visa de Paquetes Pampa, en comercios adheridos a Pr\u00e9stamo Tarjeta.<\/p>\n\n\n\n<p>Adem\u00e1s, se mantendr\u00e1n vigentes las condiciones generales de Pr\u00e9stamo Tarjeta todos los d\u00edas, con <strong>4 cuotas sin inter\u00e9s o hasta 20 cuotas con una tasa del 20%<\/strong>.<\/p>\n\n\n\n<div style=\"height:100px\" aria-hidden=\"true\" class=\"wp-block-spacer\"><\/div>\n\n\n\n<p><strong>Promoci\u00f3n especial en librer\u00edas<\/strong><\/p>\n\n\n\n<p>Entre el 23 de febrero y el 12 de marzo, la entidad incorpor\u00f3 los lunes a la <strong>Promoci\u00f3n Librer\u00edas<\/strong>, que se suma a los jueves ya vigentes.<\/p>\n\n\n\n<p>En este caso, el beneficio ser\u00e1 del <strong>25% de descuento en un pago<\/strong>, con un tope de reintegro de <strong>$15.000<\/strong>. Participan los establecimientos de la Rep\u00fablica Argentina adheridos a Mastercard y\/o Visa bajo el rubro gen\u00e9rico \u201cLibrer\u00edas\u201d.<\/p>\n\n\n\n<p><\/p>\n","protected":false},"excerpt":{"rendered":"<p>El Banco de La Pampaa (BLP) lanz\u00f3 una nueva edici\u00f3n de la Promoci\u00f3n Vuelta al Cole, con descuentos y financiaci\u00f3n en cuotas sin inter\u00e9s en comercios adheridos, en el marco&hellip;<\/p>\n","protected":false},"author":3,"featured_media":34926,"comment_status":"closed","ping_status":"open","sticky":false,"template":"","format":"standard","meta":{"_acf_changed":false,"footnotes":""},"categories":[1,12],"tags":[],"class_list":["post-320218","post","type-post","status-publish","format-standard","has-post-thumbnail","hentry","category-es-noticia","category-sociedad"],"acf":[],"yoast_head":"<!-- This site is optimized with the Yoast SEO plugin v27.5 - https:\/\/yoast.com\/product\/yoast-seo-wordpress\/ -->\n<title>El BLP lanza la Promoci\u00f3n Vuelta al Cole en comercios para indumentaria y \u00fatiles escolares - Diario Textual<\/title>\n<meta name=\"robots\" content=\"index, follow, max-snippet:-1, max-image-preview:large, max-video-preview:-1\" \/>\n<link rel=\"canonical\" href=\"https:\/\/diariotextual.com\/inicio\/index.php\/2026\/02\/20\/el-blp-lanza-la-promocion-vuelta-al-cole-en-comercios-de-cercania\/\" \/>\n<meta property=\"og:locale\" content=\"es_ES\" \/>\n<meta property=\"og:type\" content=\"article\" \/>\n<meta property=\"og:title\" content=\"El BLP lanza la Promoci\u00f3n Vuelta al Cole en comercios para indumentaria y \u00fatiles escolares - Diario Textual\" \/>\n<meta property=\"og:description\" content=\"El Banco de La Pampaa (BLP) lanz\u00f3 una nueva edici\u00f3n de la Promoci\u00f3n Vuelta al Cole, con descuentos y financiaci\u00f3n en cuotas sin inter\u00e9s en comercios adheridos, en el marco&hellip;\" \/>\n<meta property=\"og:url\" content=\"https:\/\/diariotextual.com\/inicio\/index.php\/2026\/02\/20\/el-blp-lanza-la-promocion-vuelta-al-cole-en-comercios-de-cercania\/\" \/>\n<meta property=\"og:site_name\" content=\"Diario Textual\" \/>\n<meta property=\"article:publisher\" content=\"https:\/\/www.facebook.com\/eltextual\" \/>\n<meta property=\"article:published_time\" content=\"2026-02-20T17:47:17+00:00\" \/>\n<meta property=\"article:modified_time\" content=\"2026-02-20T23:23:53+00:00\" \/>\n<meta property=\"og:image\" content=\"https:\/\/diariotextual.com\/inicio\/wp-content\/uploads\/2019\/01\/utilesescolares333.jpg\" \/>\n\t<meta property=\"og:image:width\" content=\"1549\" \/>\n\t<meta property=\"og:image:height\" content=\"964\" \/>\n\t<meta property=\"og:image:type\" content=\"image\/jpeg\" \/>\n<meta name=\"author\" content=\"Diario1 Diario1\" \/>\n<meta name=\"twitter:card\" content=\"summary_large_image\" \/>\n<meta name=\"twitter:creator\" content=\"@eltextual\" \/>\n<meta name=\"twitter:site\" content=\"@eltextual\" \/>\n<meta name=\"twitter:label1\" content=\"Escrito por\" \/>\n\t<meta name=\"twitter:data1\" content=\"Diario1 Diario1\" \/>\n\t<meta name=\"twitter:label2\" content=\"Tiempo de lectura\" \/>\n\t<meta name=\"twitter:data2\" content=\"2 minutos\" \/>\n<script type=\"application\/ld+json\" class=\"yoast-schema-graph\">{\"@context\":\"https:\\\/\\\/schema.org\",\"@graph\":[{\"@type\":\"Article\",\"@id\":\"https:\\\/\\\/diariotextual.com\\\/inicio\\\/index.php\\\/2026\\\/02\\\/20\\\/el-blp-lanza-la-promocion-vuelta-al-cole-en-comercios-de-cercania\\\/#article\",\"isPartOf\":{\"@id\":\"https:\\\/\\\/diariotextual.com\\\/inicio\\\/index.php\\\/2026\\\/02\\\/20\\\/el-blp-lanza-la-promocion-vuelta-al-cole-en-comercios-de-cercania\\\/\"},\"author\":{\"name\":\"Diario1 Diario1\",\"@id\":\"https:\\\/\\\/diariotextual.com\\\/inicio\\\/#\\\/schema\\\/person\\\/418fc4093c33e86ed41562db3508f958\"},\"headline\":\"El BLP lanza la Promoci\u00f3n Vuelta al Cole en comercios para indumentaria y \u00fatiles escolares\",\"datePublished\":\"2026-02-20T17:47:17+00:00\",\"dateModified\":\"2026-02-20T23:23:53+00:00\",\"mainEntityOfPage\":{\"@id\":\"https:\\\/\\\/diariotextual.com\\\/inicio\\\/index.php\\\/2026\\\/02\\\/20\\\/el-blp-lanza-la-promocion-vuelta-al-cole-en-comercios-de-cercania\\\/\"},\"wordCount\":397,\"publisher\":{\"@id\":\"https:\\\/\\\/diariotextual.com\\\/inicio\\\/#organization\"},\"image\":{\"@id\":\"https:\\\/\\\/diariotextual.com\\\/inicio\\\/index.php\\\/2026\\\/02\\\/20\\\/el-blp-lanza-la-promocion-vuelta-al-cole-en-comercios-de-cercania\\\/#primaryimage\"},\"thumbnailUrl\":\"https:\\\/\\\/diariotextual.com\\\/inicio\\\/wp-content\\\/uploads\\\/2019\\\/01\\\/utilesescolares333.jpg\",\"articleSection\":[\"A - ES NOTICIA (van abajo)\",\"SOCIEDAD\"],\"inLanguage\":\"es\"},{\"@type\":\"WebPage\",\"@id\":\"https:\\\/\\\/diariotextual.com\\\/inicio\\\/index.php\\\/2026\\\/02\\\/20\\\/el-blp-lanza-la-promocion-vuelta-al-cole-en-comercios-de-cercania\\\/\",\"url\":\"https:\\\/\\\/diariotextual.com\\\/inicio\\\/index.php\\\/2026\\\/02\\\/20\\\/el-blp-lanza-la-promocion-vuelta-al-cole-en-comercios-de-cercania\\\/\",\"name\":\"El BLP lanza la Promoci\u00f3n Vuelta al Cole en comercios para indumentaria y \u00fatiles escolares - Diario Textual\",\"isPartOf\":{\"@id\":\"https:\\\/\\\/diariotextual.com\\\/inicio\\\/#website\"},\"primaryImageOfPage\":{\"@id\":\"https:\\\/\\\/diariotextual.com\\\/inicio\\\/index.php\\\/2026\\\/02\\\/20\\\/el-blp-lanza-la-promocion-vuelta-al-cole-en-comercios-de-cercania\\\/#primaryimage\"},\"image\":{\"@id\":\"https:\\\/\\\/diariotextual.com\\\/inicio\\\/index.php\\\/2026\\\/02\\\/20\\\/el-blp-lanza-la-promocion-vuelta-al-cole-en-comercios-de-cercania\\\/#primaryimage\"},\"thumbnailUrl\":\"https:\\\/\\\/diariotextual.com\\\/inicio\\\/wp-content\\\/uploads\\\/2019\\\/01\\\/utilesescolares333.jpg\",\"datePublished\":\"2026-02-20T17:47:17+00:00\",\"dateModified\":\"2026-02-20T23:23:53+00:00\",\"breadcrumb\":{\"@id\":\"https:\\\/\\\/diariotextual.com\\\/inicio\\\/index.php\\\/2026\\\/02\\\/20\\\/el-blp-lanza-la-promocion-vuelta-al-cole-en-comercios-de-cercania\\\/#breadcrumb\"},\"inLanguage\":\"es\",\"potentialAction\":[{\"@type\":\"ReadAction\",\"target\":[\"https:\\\/\\\/diariotextual.com\\\/inicio\\\/index.php\\\/2026\\\/02\\\/20\\\/el-blp-lanza-la-promocion-vuelta-al-cole-en-comercios-de-cercania\\\/\"]}]},{\"@type\":\"ImageObject\",\"inLanguage\":\"es\",\"@id\":\"https:\\\/\\\/diariotextual.com\\\/inicio\\\/index.php\\\/2026\\\/02\\\/20\\\/el-blp-lanza-la-promocion-vuelta-al-cole-en-comercios-de-cercania\\\/#primaryimage\",\"url\":\"https:\\\/\\\/diariotextual.com\\\/inicio\\\/wp-content\\\/uploads\\\/2019\\\/01\\\/utilesescolares333.jpg\",\"contentUrl\":\"https:\\\/\\\/diariotextual.com\\\/inicio\\\/wp-content\\\/uploads\\\/2019\\\/01\\\/utilesescolares333.jpg\",\"width\":1549,\"height\":964},{\"@type\":\"BreadcrumbList\",\"@id\":\"https:\\\/\\\/diariotextual.com\\\/inicio\\\/index.php\\\/2026\\\/02\\\/20\\\/el-blp-lanza-la-promocion-vuelta-al-cole-en-comercios-de-cercania\\\/#breadcrumb\",\"itemListElement\":[{\"@type\":\"ListItem\",\"position\":1,\"name\":\"Portada\",\"item\":\"https:\\\/\\\/diariotextual.com\\\/inicio\\\/\"},{\"@type\":\"ListItem\",\"position\":2,\"name\":\"El BLP lanza la Promoci\u00f3n Vuelta al Cole en comercios para indumentaria y \u00fatiles escolares\"}]},{\"@type\":\"WebSite\",\"@id\":\"https:\\\/\\\/diariotextual.com\\\/inicio\\\/#website\",\"url\":\"https:\\\/\\\/diariotextual.com\\\/inicio\\\/\",\"name\":\"Diario Textual\",\"description\":\"\",\"publisher\":{\"@id\":\"https:\\\/\\\/diariotextual.com\\\/inicio\\\/#organization\"},\"potentialAction\":[{\"@type\":\"SearchAction\",\"target\":{\"@type\":\"EntryPoint\",\"urlTemplate\":\"https:\\\/\\\/diariotextual.com\\\/inicio\\\/?s={search_term_string}\"},\"query-input\":{\"@type\":\"PropertyValueSpecification\",\"valueRequired\":true,\"valueName\":\"search_term_string\"}}],\"inLanguage\":\"es\"},{\"@type\":\"Organization\",\"@id\":\"https:\\\/\\\/diariotextual.com\\\/inicio\\\/#organization\",\"name\":\"Diario Textual\",\"url\":\"https:\\\/\\\/diariotextual.com\\\/inicio\\\/\",\"logo\":{\"@type\":\"ImageObject\",\"inLanguage\":\"es\",\"@id\":\"https:\\\/\\\/diariotextual.com\\\/inicio\\\/#\\\/schema\\\/logo\\\/image\\\/\",\"url\":\"https:\\\/\\\/diariotextual.com\\\/inicio\\\/wp-content\\\/uploads\\\/2023\\\/05\\\/logotextual1.jpg\",\"contentUrl\":\"https:\\\/\\\/diariotextual.com\\\/inicio\\\/wp-content\\\/uploads\\\/2023\\\/05\\\/logotextual1.jpg\",\"width\":516,\"height\":76,\"caption\":\"Diario Textual\"},\"image\":{\"@id\":\"https:\\\/\\\/diariotextual.com\\\/inicio\\\/#\\\/schema\\\/logo\\\/image\\\/\"},\"sameAs\":[\"https:\\\/\\\/www.facebook.com\\\/eltextual\",\"https:\\\/\\\/x.com\\\/eltextual\",\"http:\\\/\\\/www.instagram.com\\\/eltextual\"]},{\"@type\":\"Person\",\"@id\":\"https:\\\/\\\/diariotextual.com\\\/inicio\\\/#\\\/schema\\\/person\\\/418fc4093c33e86ed41562db3508f958\",\"name\":\"Diario1 Diario1\",\"image\":{\"@type\":\"ImageObject\",\"inLanguage\":\"es\",\"@id\":\"https:\\\/\\\/secure.gravatar.com\\\/avatar\\\/9167d280179c85bc18be67aa7eda765854300033af4896dd779b608640f2ef7a?s=96&d=mm&r=g\",\"url\":\"https:\\\/\\\/secure.gravatar.com\\\/avatar\\\/9167d280179c85bc18be67aa7eda765854300033af4896dd779b608640f2ef7a?s=96&d=mm&r=g\",\"contentUrl\":\"https:\\\/\\\/secure.gravatar.com\\\/avatar\\\/9167d280179c85bc18be67aa7eda765854300033af4896dd779b608640f2ef7a?s=96&d=mm&r=g\",\"caption\":\"Diario1 Diario1\"},\"url\":\"https:\\\/\\\/diariotextual.com\\\/inicio\\\/index.php\\\/author\\\/diario1\\\/\"}]}<\/script>\n<!-- \/ Yoast SEO plugin. -->","yoast_head_json":{"title":"El BLP lanza la Promoci\u00f3n Vuelta al Cole en comercios para indumentaria y \u00fatiles escolares - Diario Textual","robots":{"index":"index","follow":"follow","max-snippet":"max-snippet:-1","max-image-preview":"max-image-preview:large","max-video-preview":"max-video-preview:-1"},"canonical":"https:\/\/diariotextual.com\/inicio\/index.php\/2026\/02\/20\/el-blp-lanza-la-promocion-vuelta-al-cole-en-comercios-de-cercania\/","og_locale":"es_ES","og_type":"article","og_title":"El BLP lanza la Promoci\u00f3n Vuelta al Cole en comercios para indumentaria y \u00fatiles escolares - Diario Textual","og_description":"El Banco de La Pampaa (BLP) lanz\u00f3 una nueva edici\u00f3n de la Promoci\u00f3n Vuelta al Cole, con descuentos y financiaci\u00f3n en cuotas sin inter\u00e9s en comercios adheridos, en el marco&hellip;","og_url":"https:\/\/diariotextual.com\/inicio\/index.php\/2026\/02\/20\/el-blp-lanza-la-promocion-vuelta-al-cole-en-comercios-de-cercania\/","og_site_name":"Diario Textual","article_publisher":"https:\/\/www.facebook.com\/eltextual","article_published_time":"2026-02-20T17:47:17+00:00","article_modified_time":"2026-02-20T23:23:53+00:00","og_image":[{"width":1549,"height":964,"url":"https:\/\/diariotextual.com\/inicio\/wp-content\/uploads\/2019\/01\/utilesescolares333.jpg","type":"image\/jpeg"}],"author":"Diario1 Diario1","twitter_card":"summary_large_image","twitter_creator":"@eltextual","twitter_site":"@eltextual","twitter_misc":{"Escrito por":"Diario1 Diario1","Tiempo de lectura":"2 minutos"},"schema":{"@context":"https:\/\/schema.org","@graph":[{"@type":"Article","@id":"https:\/\/diariotextual.com\/inicio\/index.php\/2026\/02\/20\/el-blp-lanza-la-promocion-vuelta-al-cole-en-comercios-de-cercania\/#article","isPartOf":{"@id":"https:\/\/diariotextual.com\/inicio\/index.php\/2026\/02\/20\/el-blp-lanza-la-promocion-vuelta-al-cole-en-comercios-de-cercania\/"},"author":{"name":"Diario1 Diario1","@id":"https:\/\/diariotextual.com\/inicio\/#\/schema\/person\/418fc4093c33e86ed41562db3508f958"},"headline":"El BLP lanza la Promoci\u00f3n Vuelta al Cole en comercios para indumentaria y \u00fatiles escolares","datePublished":"2026-02-20T17:47:17+00:00","dateModified":"2026-02-20T23:23:53+00:00","mainEntityOfPage":{"@id":"https:\/\/diariotextual.com\/inicio\/index.php\/2026\/02\/20\/el-blp-lanza-la-promocion-vuelta-al-cole-en-comercios-de-cercania\/"},"wordCount":397,"publisher":{"@id":"https:\/\/diariotextual.com\/inicio\/#organization"},"image":{"@id":"https:\/\/diariotextual.com\/inicio\/index.php\/2026\/02\/20\/el-blp-lanza-la-promocion-vuelta-al-cole-en-comercios-de-cercania\/#primaryimage"},"thumbnailUrl":"https:\/\/diariotextual.com\/inicio\/wp-content\/uploads\/2019\/01\/utilesescolares333.jpg","articleSection":["A - ES NOTICIA (van abajo)","SOCIEDAD"],"inLanguage":"es"},{"@type":"WebPage","@id":"https:\/\/diariotextual.com\/inicio\/index.php\/2026\/02\/20\/el-blp-lanza-la-promocion-vuelta-al-cole-en-comercios-de-cercania\/","url":"https:\/\/diariotextual.com\/inicio\/index.php\/2026\/02\/20\/el-blp-lanza-la-promocion-vuelta-al-cole-en-comercios-de-cercania\/","name":"El BLP lanza la Promoci\u00f3n Vuelta al Cole en comercios para indumentaria y \u00fatiles escolares - Diario Textual","isPartOf":{"@id":"https:\/\/diariotextual.com\/inicio\/#website"},"primaryImageOfPage":{"@id":"https:\/\/diariotextual.com\/inicio\/index.php\/2026\/02\/20\/el-blp-lanza-la-promocion-vuelta-al-cole-en-comercios-de-cercania\/#primaryimage"},"image":{"@id":"https:\/\/diariotextual.com\/inicio\/index.php\/2026\/02\/20\/el-blp-lanza-la-promocion-vuelta-al-cole-en-comercios-de-cercania\/#primaryimage"},"thumbnailUrl":"https:\/\/diariotextual.com\/inicio\/wp-content\/uploads\/2019\/01\/utilesescolares333.jpg","datePublished":"2026-02-20T17:47:17+00:00","dateModified":"2026-02-20T23:23:53+00:00","breadcrumb":{"@id":"https:\/\/diariotextual.com\/inicio\/index.php\/2026\/02\/20\/el-blp-lanza-la-promocion-vuelta-al-cole-en-comercios-de-cercania\/#breadcrumb"},"inLanguage":"es","potentialAction":[{"@type":"ReadAction","target":["https:\/\/diariotextual.com\/inicio\/index.php\/2026\/02\/20\/el-blp-lanza-la-promocion-vuelta-al-cole-en-comercios-de-cercania\/"]}]},{"@type":"ImageObject","inLanguage":"es","@id":"https:\/\/diariotextual.com\/inicio\/index.php\/2026\/02\/20\/el-blp-lanza-la-promocion-vuelta-al-cole-en-comercios-de-cercania\/#primaryimage","url":"https:\/\/diariotextual.com\/inicio\/wp-content\/uploads\/2019\/01\/utilesescolares333.jpg","contentUrl":"https:\/\/diariotextual.com\/inicio\/wp-content\/uploads\/2019\/01\/utilesescolares333.jpg","width":1549,"height":964},{"@type":"BreadcrumbList","@id":"https:\/\/diariotextual.com\/inicio\/index.php\/2026\/02\/20\/el-blp-lanza-la-promocion-vuelta-al-cole-en-comercios-de-cercania\/#breadcrumb","itemListElement":[{"@type":"ListItem","position":1,"name":"Portada","item":"https:\/\/diariotextual.com\/inicio\/"},{"@type":"ListItem","position":2,"name":"El BLP lanza la Promoci\u00f3n Vuelta al Cole en comercios para indumentaria y \u00fatiles escolares"}]},{"@type":"WebSite","@id":"https:\/\/diariotextual.com\/inicio\/#website","url":"https:\/\/diariotextual.com\/inicio\/","name":"Diario Textual","description":"","publisher":{"@id":"https:\/\/diariotextual.com\/inicio\/#organization"},"potentialAction":[{"@type":"SearchAction","target":{"@type":"EntryPoint","urlTemplate":"https:\/\/diariotextual.com\/inicio\/?s={search_term_string}"},"query-input":{"@type":"PropertyValueSpecification","valueRequired":true,"valueName":"search_term_string"}}],"inLanguage":"es"},{"@type":"Organization","@id":"https:\/\/diariotextual.com\/inicio\/#organization","name":"Diario Textual","url":"https:\/\/diariotextual.com\/inicio\/","logo":{"@type":"ImageObject","inLanguage":"es","@id":"https:\/\/diariotextual.com\/inicio\/#\/schema\/logo\/image\/","url":"https:\/\/diariotextual.com\/inicio\/wp-content\/uploads\/2023\/05\/logotextual1.jpg","contentUrl":"https:\/\/diariotextual.com\/inicio\/wp-content\/uploads\/2023\/05\/logotextual1.jpg","width":516,"height":76,"caption":"Diario Textual"},"image":{"@id":"https:\/\/diariotextual.com\/inicio\/#\/schema\/logo\/image\/"},"sameAs":["https:\/\/www.facebook.com\/eltextual","https:\/\/x.com\/eltextual","http:\/\/www.instagram.com\/eltextual"]},{"@type":"Person","@id":"https:\/\/diariotextual.com\/inicio\/#\/schema\/person\/418fc4093c33e86ed41562db3508f958","name":"Diario1 Diario1","image":{"@type":"ImageObject","inLanguage":"es","@id":"https:\/\/secure.gravatar.com\/avatar\/9167d280179c85bc18be67aa7eda765854300033af4896dd779b608640f2ef7a?s=96&d=mm&r=g","url":"https:\/\/secure.gravatar.com\/avatar\/9167d280179c85bc18be67aa7eda765854300033af4896dd779b608640f2ef7a?s=96&d=mm&r=g","contentUrl":"https:\/\/secure.gravatar.com\/avatar\/9167d280179c85bc18be67aa7eda765854300033af4896dd779b608640f2ef7a?s=96&d=mm&r=g","caption":"Diario1 Diario1"},"url":"https:\/\/diariotextual.com\/inicio\/index.php\/author\/diario1\/"}]}},"_links":{"self":[{"href":"https:\/\/diariotextual.com\/inicio\/index.php\/wp-json\/wp\/v2\/posts\/320218","targetHints":{"allow":["GET"]}}],"collection":[{"href":"https:\/\/diariotextual.com\/inicio\/index.php\/wp-json\/wp\/v2\/posts"}],"about":[{"href":"https:\/\/diariotextual.com\/inicio\/index.php\/wp-json\/wp\/v2\/types\/post"}],"author":[{"embeddable":true,"href":"https:\/\/diariotextual.com\/inicio\/index.php\/wp-json\/wp\/v2\/users\/3"}],"replies":[{"embeddable":true,"href":"https:\/\/diariotextual.com\/inicio\/index.php\/wp-json\/wp\/v2\/comments?post=320218"}],"version-history":[{"count":2,"href":"https:\/\/diariotextual.com\/inicio\/index.php\/wp-json\/wp\/v2\/posts\/320218\/revisions"}],"predecessor-version":[{"id":320220,"href":"https:\/\/diariotextual.com\/inicio\/index.php\/wp-json\/wp\/v2\/posts\/320218\/revisions\/320220"}],"wp:featuredmedia":[{"embeddable":true,"href":"https:\/\/diariotextual.com\/inicio\/index.php\/wp-json\/wp\/v2\/media\/34926"}],"wp:attachment":[{"href":"https:\/\/diariotextual.com\/inicio\/index.php\/wp-json\/wp\/v2\/media?parent=320218"}],"wp:term":[{"taxonomy":"category","embeddable":true,"href":"https:\/\/diariotextual.com\/inicio\/index.php\/wp-json\/wp\/v2\/categories?post=320218"},{"taxonomy":"post_tag","embeddable":true,"href":"https:\/\/diariotextual.com\/inicio\/index.php\/wp-json\/wp\/v2\/tags?post=320218"}],"curies":[{"name":"wp","href":"https:\/\/api.w.org\/{rel}","templated":true}]}}