{"id":320228,"date":"2026-02-20T17:42:55","date_gmt":"2026-02-20T20:42:55","guid":{"rendered":"https:\/\/diariotextual.com\/inicio\/?p=320228"},"modified":"2026-02-21T16:47:36","modified_gmt":"2026-02-21T19:47:36","slug":"temporal-en-santa-rosa-mas-de-100-columnas-derribadas-en-toda-la-ciudad","status":"publish","type":"post","link":"https:\/\/diariotextual.com\/inicio\/index.php\/2026\/02\/20\/temporal-en-santa-rosa-mas-de-100-columnas-derribadas-en-toda-la-ciudad\/","title":{"rendered":"Temporal en Santa Rosa: el viento derrib\u00f3 al menos 100 columnas"},"content":{"rendered":"\n<p>La <strong>Cooperativa Popular de Electricidad de Santa Rosa ampli\u00f3 el informe acerca de la reparaci\u00f3n de columnas y restauraci\u00f3n de servicios de energ\u00eda el\u00e9ctrica y telecomunicaciones<\/strong> en la que personal de la CPE viene trabajando desde el mi\u00e9rcoles, luego de la lluvia, viento y granizo que cay\u00f3 en la capital pampeana y Toay. \u201cLa <strong>ca\u00edda de \u00e1rboles sobre las l\u00edneas arrastr\u00f3 y tir\u00f3 m\u00e1s de cien columnas<\/strong>. Desde la tarde del mi\u00e9rcoles 18, las cuadrillas de Energ\u00eda y de Telecomunicaciones se encuentran trabajando para restablecer ambos servicios, afectados principalmente por la ca\u00edda de \u00e1rboles sobre las redes. Durante la ma\u00f1ana de este viernes aumentaron las reconexiones a la energ\u00eda el\u00e9ctrica en todos los barrios, incluido el alumbrado p\u00fablico, y los servicios de telecomunicaciones\u201d, detall\u00f3 la entidad.<\/p>\n\n\n\n<figure class=\"wp-block-image size-large\"><img fetchpriority=\"high\" decoding=\"async\" width=\"1024\" height=\"576\" src=\"https:\/\/diariotextual.com\/inicio\/wp-content\/uploads\/2026\/02\/tormentasantarosatemporaldestrozostormenta18febrero2026-0006-1024x576.jpg\" alt=\"\" class=\"wp-image-320237\" srcset=\"https:\/\/diariotextual.com\/inicio\/wp-content\/uploads\/2026\/02\/tormentasantarosatemporaldestrozostormenta18febrero2026-0006-1024x576.jpg 1024w, https:\/\/diariotextual.com\/inicio\/wp-content\/uploads\/2026\/02\/tormentasantarosatemporaldestrozostormenta18febrero2026-0006-300x169.jpg 300w, https:\/\/diariotextual.com\/inicio\/wp-content\/uploads\/2026\/02\/tormentasantarosatemporaldestrozostormenta18febrero2026-0006-768x432.jpg 768w, https:\/\/diariotextual.com\/inicio\/wp-content\/uploads\/2026\/02\/tormentasantarosatemporaldestrozostormenta18febrero2026-0006-1170x658.jpg 1170w, https:\/\/diariotextual.com\/inicio\/wp-content\/uploads\/2026\/02\/tormentasantarosatemporaldestrozostormenta18febrero2026-0006-585x329.jpg 585w, https:\/\/diariotextual.com\/inicio\/wp-content\/uploads\/2026\/02\/tormentasantarosatemporaldestrozostormenta18febrero2026-0006.jpg 1300w\" sizes=\"(max-width: 1024px) 100vw, 1024px\" \/><\/figure>\n\n\n\n<p><\/p>\n\n\n\n<p>Desde la CPE se advirti\u00f3 que, <strong>si bien la red est\u00e1 en su mayor parte restablecida, quedaban viviendas sin energ\u00eda, por los da\u00f1os de ramas o \u00e1rboles ca\u00eddos sobre las conexiones domiciliarias<\/strong>. \u201cEl objetivo prioritario fue, primero, <strong>recomponer las redes principales, con aver\u00edas que afectaban a sectores masivos. <\/strong>Paulatinamente, a medida que se restablecen tanto los servicios de energ\u00eda como de telecomunicaciones, aparecen reclamos m\u00e1s sectorizados, que ya desde esta ma\u00f1ana est\u00e1n siendo atendidos\u201d, expres\u00f3 en un comunicado.<\/p>\n\n\n\n<p>Y se agreg\u00f3 que las tareas, en la tarde-noche del mi\u00e9rcoles y todo el d\u00eda jueves, incluyeron reparaci\u00f3n de l\u00edneas de media y baja tensi\u00f3n, reposici\u00f3n y cambio de postes y columnas en la mayor\u00eda de las avenidas y calles, as\u00ed como en las subestaciones transformadoras.<\/p>\n\n\n\n<p>A media tarde del jueves, <strong>buena parte de Villa Santill\u00e1n y de Nuestra Se\u00f1ora de Luj\u00e1n \u2014dos de los barrios m\u00e1s afectados por el temporal\u2014 fueron recuperando el fluido el\u00e9ctrico<\/strong>. Con las primeras sombras, volvi\u00f3 la energ\u00eda a la avenida Edison, en el tramo que conecta las avenidas Luro y Ameghino, y las arterias colindantes hacia el este y el oeste. \u201cHubo que reconstruir 250 metros de l\u00ednea de media tensi\u00f3n para alimentar cinco subestaciones, uno de las cuales da suministro a un centro de salud de alta complejidad\u201d, comunic\u00f3 la CPE.<\/p>\n\n\n\n<figure class=\"wp-block-image size-full\"><img decoding=\"async\" width=\"700\" height=\"900\" src=\"https:\/\/diariotextual.com\/inicio\/wp-content\/uploads\/2026\/02\/temporalsantarosamapacpe2026.jpg\" alt=\"\" class=\"wp-image-320229\" srcset=\"https:\/\/diariotextual.com\/inicio\/wp-content\/uploads\/2026\/02\/temporalsantarosamapacpe2026.jpg 700w, https:\/\/diariotextual.com\/inicio\/wp-content\/uploads\/2026\/02\/temporalsantarosamapacpe2026-233x300.jpg 233w, https:\/\/diariotextual.com\/inicio\/wp-content\/uploads\/2026\/02\/temporalsantarosamapacpe2026-585x752.jpg 585w\" sizes=\"(max-width: 700px) 100vw, 700px\" \/><\/figure>\n\n\n\n<p>La cooperativa a\u00f1adi\u00f3 que <strong>mediante una serie de trabajos y modificaciones de la red de media tensi\u00f3n de la zona de Edison, Ameghino, Pasteur y P\u00edo XII, se logr\u00f3 energizar el resto de las subestaciones que hab\u00edan sido afectadas por la ca\u00edda de 700 metros de l\u00edneas sobre calle Pasteur, entre M\u00e1rmol y Juan XXIII<\/strong>. Sobre calle <strong>Arturo Castro y Torres, del barrio Aeropuerto, se restauraron 120 metros de l\u00ednea de media tensi\u00f3n y se energiz\u00f3 una subestaci\u00f3n<\/strong>. Tambi\u00e9n debieron repararse 200 metros de l\u00ednea de media tensi\u00f3n sobre calles Catril\u00f3 y Utrac\u00e1n (Villa Parque).<\/p>\n\n\n\n<div style=\"height:100px\" aria-hidden=\"true\" class=\"wp-block-spacer\"><\/div>\n\n\n\n<p><strong>Fibra \u00f3ptica<\/strong><\/p>\n\n\n\n<p>Adem\u00e1s, inform\u00f3 la CPE, se recuper\u00f3 la comunicaci\u00f3n por fibra \u00f3ptica de CPEtel, entre la Subestaci\u00f3n Norte con la Subestaci\u00f3n Transformadora Sur, en el ingreso al Parque Industrial de Santa Rosa y se reemplaz\u00f3 una acometida en baja tensi\u00f3n subterr\u00e1nea en la subestaci\u00f3n Mansilla, a metros de Coronel Gil, en pleno centro. El mismo jueves a \u00faltima hora, en la zona oeste del centro, sobre la calle Olascoaga, avenida San Mart\u00edn Oeste, avenida Uruguay, y el \u00e1rea zona cercana al predio Don Tom\u00e1s, se iniciaron tareas de reconexi\u00f3n. Para este viernes se program\u00f3 avanzar en tres zonas suburbanas: una sobre ruta nacional 5, otra en la zona del relleno sanitario y zona de la laguna Don Tom\u00e1s, y en una zona parcial de la l\u00ednea rural de Colonia Lagos.<\/p>\n\n\n\n<div style=\"height:100px\" aria-hidden=\"true\" class=\"wp-block-spacer\"><\/div>\n\n\n\n<p><strong>Telecomunicaciones<\/strong><\/p>\n\n\n\n<p>La situaci\u00f3n m\u00e1s cr\u00edtica en cuanto a la red de Telecomunicaciones se dio sobre la calle Pasteur, cerca de la Escuela 180, donde el temporal derrib\u00f3 la red de media tensi\u00f3n que, adem\u00e1s de transportar energ\u00eda, es sost\u00e9n de una red de fibra \u00f3ptica troncal (gran capacidad de transporte de datos) que provee servicios de internet, telefon\u00eda y televisi\u00f3n a Villa Santill\u00e1n y una amplia zona ubicada al sur (barrios Fonavi, 26 de Septiembre, Empleados de Comercio, Barrio Sur y el Parque Industrial, entre otros).<\/p>\n\n\n\n<p>El personal de CPEtel trabaj\u00f3 en esa y otras zonas mientras el de Energ\u00eda recompon\u00eda las columnas y redes. Se instal\u00f3 provisoriamente un nuevo tendido de fibra \u00f3ptica, para restablecer los servicios cerca de las 19 horas del jueves.<\/p>\n\n\n\n<p>Otro punto cr\u00edtico fue la zona centro, donde la red HFC (h\u00edbrida de fibra \u00f3ptica y cable coaxial) sufri\u00f3 aver\u00edas importantes por ca\u00edda de \u00e1rboles. En la avenida San Mart\u00edn Oeste, en la cuadra de la escuela Normal, muchos ejemplares antiguos de gran porte fueron derribados por el fen\u00f3meno meteorol\u00f3gico. En diversos puntos, al mediod\u00eda del jueves, se pudieron restablecer los servicios de CPEtel.<\/p>\n\n\n\n<p>La <strong>Cooperativa Popular de Electricidad reconoci\u00f3 que, en los pr\u00f3ximos d\u00edas, seguramente ser\u00e1 necesario interrumpir, de forma programada, tanto el servicio el\u00e9ctrico como el de telecomunicaciones<\/strong>, para normalizar y reconstruir tendidos provisorios, con redes como corresponde t\u00e9cnicamente. \u201cPor otra parte, hasta tanto se normalice la situaci\u00f3n, todos los equipos est\u00e1n abocados a la reparaci\u00f3n de las redes y restablecimiento del servicio, por lo que las altas o cambios de tecnolog\u00eda que estaban previstos para estos d\u00edas, fueron reprogramados\u201d, sostuvo la entidad.<\/p>\n\n\n\n<figure class=\"wp-block-embed is-type-wp-embed is-provider-diario-textual wp-block-embed-diario-textual\"><div class=\"wp-block-embed__wrapper\">\n<blockquote class=\"wp-embedded-content\" data-secret=\"zt2pn5V5q0\"><a href=\"https:\/\/diariotextual.com\/inicio\/index.php\/2026\/02\/20\/temporal-de-santa-rosa-la-cpe-a-contrarreloj-avanzo-en-la-normalizacion-de-sus-servicios-de-electricidad-y-telecomunicaciones\/\">Temporal de Santa Rosa: la CPE avanz\u00f3 en la normalizaci\u00f3n de sus servicios de electricidad y telecomunicaciones<\/a><\/blockquote><iframe class=\"wp-embedded-content\" sandbox=\"allow-scripts\" security=\"restricted\" style=\"position: absolute; visibility: hidden;\" title=\"\u00abTemporal de Santa Rosa: la CPE avanz\u00f3 en la normalizaci\u00f3n de sus servicios de electricidad y telecomunicaciones\u00bb \u2014 Diario Textual\" src=\"https:\/\/diariotextual.com\/inicio\/index.php\/2026\/02\/20\/temporal-de-santa-rosa-la-cpe-a-contrarreloj-avanzo-en-la-normalizacion-de-sus-servicios-de-electricidad-y-telecomunicaciones\/embed\/#?secret=rKK8V2jVRv#?secret=zt2pn5V5q0\" data-secret=\"zt2pn5V5q0\" width=\"600\" height=\"338\" frameborder=\"0\" marginwidth=\"0\" marginheight=\"0\" scrolling=\"no\"><\/iframe>\n<\/div><\/figure>\n\n\n\n<p><\/p>\n","protected":false},"excerpt":{"rendered":"<p>La Cooperativa Popular de Electricidad de Santa Rosa ampli\u00f3 el informe acerca de la reparaci\u00f3n de columnas y restauraci\u00f3n de servicios de energ\u00eda el\u00e9ctrica y telecomunicaciones en la que personal&hellip;<\/p>\n","protected":false},"author":5,"featured_media":320230,"comment_status":"closed","ping_status":"open","sticky":false,"template":"","format":"standard","meta":{"_acf_changed":false,"footnotes":""},"categories":[11,12],"tags":[],"class_list":["post-320228","post","type-post","status-publish","format-standard","has-post-thumbnail","hentry","category-que-pasa","category-sociedad"],"acf":[],"yoast_head":"<!-- This site is optimized with the Yoast SEO plugin v27.4 - https:\/\/yoast.com\/product\/yoast-seo-wordpress\/ -->\n<title>Temporal en Santa Rosa: el viento derrib\u00f3 al menos 100 columnas - Diario Textual<\/title>\n<meta name=\"robots\" content=\"index, follow, max-snippet:-1, max-image-preview:large, max-video-preview:-1\" \/>\n<link rel=\"canonical\" href=\"https:\/\/diariotextual.com\/inicio\/index.php\/2026\/02\/20\/temporal-en-santa-rosa-mas-de-100-columnas-derribadas-en-toda-la-ciudad\/\" \/>\n<meta property=\"og:locale\" content=\"es_ES\" \/>\n<meta property=\"og:type\" content=\"article\" \/>\n<meta property=\"og:title\" content=\"Temporal en Santa Rosa: el viento derrib\u00f3 al menos 100 columnas - Diario Textual\" \/>\n<meta property=\"og:description\" content=\"La Cooperativa Popular de Electricidad de Santa Rosa ampli\u00f3 el informe acerca de la reparaci\u00f3n de columnas y restauraci\u00f3n de servicios de energ\u00eda el\u00e9ctrica y telecomunicaciones en la que personal&hellip;\" \/>\n<meta property=\"og:url\" content=\"https:\/\/diariotextual.com\/inicio\/index.php\/2026\/02\/20\/temporal-en-santa-rosa-mas-de-100-columnas-derribadas-en-toda-la-ciudad\/\" \/>\n<meta property=\"og:site_name\" content=\"Diario Textual\" \/>\n<meta property=\"article:publisher\" content=\"https:\/\/www.facebook.com\/eltextual\" \/>\n<meta property=\"article:published_time\" content=\"2026-02-20T20:42:55+00:00\" \/>\n<meta property=\"article:modified_time\" content=\"2026-02-21T19:47:36+00:00\" \/>\n<meta property=\"og:image\" content=\"https:\/\/diariotextual.com\/inicio\/wp-content\/uploads\/2026\/02\/tormentasantarosacpe2026.jpg\" \/>\n\t<meta property=\"og:image:width\" content=\"900\" \/>\n\t<meta property=\"og:image:height\" content=\"479\" \/>\n\t<meta property=\"og:image:type\" content=\"image\/jpeg\" \/>\n<meta name=\"author\" content=\"diario3\" \/>\n<meta name=\"twitter:card\" content=\"summary_large_image\" \/>\n<meta name=\"twitter:creator\" content=\"@eltextual\" \/>\n<meta name=\"twitter:site\" content=\"@eltextual\" \/>\n<meta name=\"twitter:label1\" content=\"Escrito por\" \/>\n\t<meta name=\"twitter:data1\" content=\"diario3\" \/>\n\t<meta name=\"twitter:label2\" content=\"Tiempo de lectura\" \/>\n\t<meta name=\"twitter:data2\" content=\"5 minutos\" \/>\n<script type=\"application\/ld+json\" class=\"yoast-schema-graph\">{\"@context\":\"https:\\\/\\\/schema.org\",\"@graph\":[{\"@type\":\"Article\",\"@id\":\"https:\\\/\\\/diariotextual.com\\\/inicio\\\/index.php\\\/2026\\\/02\\\/20\\\/temporal-en-santa-rosa-mas-de-100-columnas-derribadas-en-toda-la-ciudad\\\/#article\",\"isPartOf\":{\"@id\":\"https:\\\/\\\/diariotextual.com\\\/inicio\\\/index.php\\\/2026\\\/02\\\/20\\\/temporal-en-santa-rosa-mas-de-100-columnas-derribadas-en-toda-la-ciudad\\\/\"},\"author\":{\"name\":\"diario3\",\"@id\":\"https:\\\/\\\/diariotextual.com\\\/inicio\\\/#\\\/schema\\\/person\\\/a1b6f563e0ee944c60f98119389a4d9f\"},\"headline\":\"Temporal en Santa Rosa: el viento derrib\u00f3 al menos 100 columnas\",\"datePublished\":\"2026-02-20T20:42:55+00:00\",\"dateModified\":\"2026-02-21T19:47:36+00:00\",\"mainEntityOfPage\":{\"@id\":\"https:\\\/\\\/diariotextual.com\\\/inicio\\\/index.php\\\/2026\\\/02\\\/20\\\/temporal-en-santa-rosa-mas-de-100-columnas-derribadas-en-toda-la-ciudad\\\/\"},\"wordCount\":939,\"publisher\":{\"@id\":\"https:\\\/\\\/diariotextual.com\\\/inicio\\\/#organization\"},\"image\":{\"@id\":\"https:\\\/\\\/diariotextual.com\\\/inicio\\\/index.php\\\/2026\\\/02\\\/20\\\/temporal-en-santa-rosa-mas-de-100-columnas-derribadas-en-toda-la-ciudad\\\/#primaryimage\"},\"thumbnailUrl\":\"https:\\\/\\\/diariotextual.com\\\/inicio\\\/wp-content\\\/uploads\\\/2026\\\/02\\\/tormentasantarosacpe2026.jpg\",\"articleSection\":[\"A - QUE PASA (al costado)\",\"SOCIEDAD\"],\"inLanguage\":\"es\"},{\"@type\":\"WebPage\",\"@id\":\"https:\\\/\\\/diariotextual.com\\\/inicio\\\/index.php\\\/2026\\\/02\\\/20\\\/temporal-en-santa-rosa-mas-de-100-columnas-derribadas-en-toda-la-ciudad\\\/\",\"url\":\"https:\\\/\\\/diariotextual.com\\\/inicio\\\/index.php\\\/2026\\\/02\\\/20\\\/temporal-en-santa-rosa-mas-de-100-columnas-derribadas-en-toda-la-ciudad\\\/\",\"name\":\"Temporal en Santa Rosa: el viento derrib\u00f3 al menos 100 columnas - Diario Textual\",\"isPartOf\":{\"@id\":\"https:\\\/\\\/diariotextual.com\\\/inicio\\\/#website\"},\"primaryImageOfPage\":{\"@id\":\"https:\\\/\\\/diariotextual.com\\\/inicio\\\/index.php\\\/2026\\\/02\\\/20\\\/temporal-en-santa-rosa-mas-de-100-columnas-derribadas-en-toda-la-ciudad\\\/#primaryimage\"},\"image\":{\"@id\":\"https:\\\/\\\/diariotextual.com\\\/inicio\\\/index.php\\\/2026\\\/02\\\/20\\\/temporal-en-santa-rosa-mas-de-100-columnas-derribadas-en-toda-la-ciudad\\\/#primaryimage\"},\"thumbnailUrl\":\"https:\\\/\\\/diariotextual.com\\\/inicio\\\/wp-content\\\/uploads\\\/2026\\\/02\\\/tormentasantarosacpe2026.jpg\",\"datePublished\":\"2026-02-20T20:42:55+00:00\",\"dateModified\":\"2026-02-21T19:47:36+00:00\",\"breadcrumb\":{\"@id\":\"https:\\\/\\\/diariotextual.com\\\/inicio\\\/index.php\\\/2026\\\/02\\\/20\\\/temporal-en-santa-rosa-mas-de-100-columnas-derribadas-en-toda-la-ciudad\\\/#breadcrumb\"},\"inLanguage\":\"es\",\"potentialAction\":[{\"@type\":\"ReadAction\",\"target\":[\"https:\\\/\\\/diariotextual.com\\\/inicio\\\/index.php\\\/2026\\\/02\\\/20\\\/temporal-en-santa-rosa-mas-de-100-columnas-derribadas-en-toda-la-ciudad\\\/\"]}]},{\"@type\":\"ImageObject\",\"inLanguage\":\"es\",\"@id\":\"https:\\\/\\\/diariotextual.com\\\/inicio\\\/index.php\\\/2026\\\/02\\\/20\\\/temporal-en-santa-rosa-mas-de-100-columnas-derribadas-en-toda-la-ciudad\\\/#primaryimage\",\"url\":\"https:\\\/\\\/diariotextual.com\\\/inicio\\\/wp-content\\\/uploads\\\/2026\\\/02\\\/tormentasantarosacpe2026.jpg\",\"contentUrl\":\"https:\\\/\\\/diariotextual.com\\\/inicio\\\/wp-content\\\/uploads\\\/2026\\\/02\\\/tormentasantarosacpe2026.jpg\",\"width\":900,\"height\":479,\"caption\":\"????????????????????????????????????\"},{\"@type\":\"BreadcrumbList\",\"@id\":\"https:\\\/\\\/diariotextual.com\\\/inicio\\\/index.php\\\/2026\\\/02\\\/20\\\/temporal-en-santa-rosa-mas-de-100-columnas-derribadas-en-toda-la-ciudad\\\/#breadcrumb\",\"itemListElement\":[{\"@type\":\"ListItem\",\"position\":1,\"name\":\"Portada\",\"item\":\"https:\\\/\\\/diariotextual.com\\\/inicio\\\/\"},{\"@type\":\"ListItem\",\"position\":2,\"name\":\"Temporal en Santa Rosa: el viento derrib\u00f3 al menos 100 columnas\"}]},{\"@type\":\"WebSite\",\"@id\":\"https:\\\/\\\/diariotextual.com\\\/inicio\\\/#website\",\"url\":\"https:\\\/\\\/diariotextual.com\\\/inicio\\\/\",\"name\":\"Diario Textual\",\"description\":\"\",\"publisher\":{\"@id\":\"https:\\\/\\\/diariotextual.com\\\/inicio\\\/#organization\"},\"potentialAction\":[{\"@type\":\"SearchAction\",\"target\":{\"@type\":\"EntryPoint\",\"urlTemplate\":\"https:\\\/\\\/diariotextual.com\\\/inicio\\\/?s={search_term_string}\"},\"query-input\":{\"@type\":\"PropertyValueSpecification\",\"valueRequired\":true,\"valueName\":\"search_term_string\"}}],\"inLanguage\":\"es\"},{\"@type\":\"Organization\",\"@id\":\"https:\\\/\\\/diariotextual.com\\\/inicio\\\/#organization\",\"name\":\"Diario Textual\",\"url\":\"https:\\\/\\\/diariotextual.com\\\/inicio\\\/\",\"logo\":{\"@type\":\"ImageObject\",\"inLanguage\":\"es\",\"@id\":\"https:\\\/\\\/diariotextual.com\\\/inicio\\\/#\\\/schema\\\/logo\\\/image\\\/\",\"url\":\"https:\\\/\\\/diariotextual.com\\\/inicio\\\/wp-content\\\/uploads\\\/2023\\\/05\\\/logotextual1.jpg\",\"contentUrl\":\"https:\\\/\\\/diariotextual.com\\\/inicio\\\/wp-content\\\/uploads\\\/2023\\\/05\\\/logotextual1.jpg\",\"width\":516,\"height\":76,\"caption\":\"Diario Textual\"},\"image\":{\"@id\":\"https:\\\/\\\/diariotextual.com\\\/inicio\\\/#\\\/schema\\\/logo\\\/image\\\/\"},\"sameAs\":[\"https:\\\/\\\/www.facebook.com\\\/eltextual\",\"https:\\\/\\\/x.com\\\/eltextual\",\"http:\\\/\\\/www.instagram.com\\\/eltextual\"]},{\"@type\":\"Person\",\"@id\":\"https:\\\/\\\/diariotextual.com\\\/inicio\\\/#\\\/schema\\\/person\\\/a1b6f563e0ee944c60f98119389a4d9f\",\"name\":\"diario3\",\"image\":{\"@type\":\"ImageObject\",\"inLanguage\":\"es\",\"@id\":\"https:\\\/\\\/secure.gravatar.com\\\/avatar\\\/5e7ee62c82fc04d9dd79d746a390d93c69c43223e5faeeb3ea9461ef752bfc5d?s=96&d=mm&r=g\",\"url\":\"https:\\\/\\\/secure.gravatar.com\\\/avatar\\\/5e7ee62c82fc04d9dd79d746a390d93c69c43223e5faeeb3ea9461ef752bfc5d?s=96&d=mm&r=g\",\"contentUrl\":\"https:\\\/\\\/secure.gravatar.com\\\/avatar\\\/5e7ee62c82fc04d9dd79d746a390d93c69c43223e5faeeb3ea9461ef752bfc5d?s=96&d=mm&r=g\",\"caption\":\"diario3\"},\"url\":\"https:\\\/\\\/diariotextual.com\\\/inicio\\\/index.php\\\/author\\\/diario3\\\/\"}]}<\/script>\n<!-- \/ Yoast SEO plugin. -->","yoast_head_json":{"title":"Temporal en Santa Rosa: el viento derrib\u00f3 al menos 100 columnas - Diario Textual","robots":{"index":"index","follow":"follow","max-snippet":"max-snippet:-1","max-image-preview":"max-image-preview:large","max-video-preview":"max-video-preview:-1"},"canonical":"https:\/\/diariotextual.com\/inicio\/index.php\/2026\/02\/20\/temporal-en-santa-rosa-mas-de-100-columnas-derribadas-en-toda-la-ciudad\/","og_locale":"es_ES","og_type":"article","og_title":"Temporal en Santa Rosa: el viento derrib\u00f3 al menos 100 columnas - Diario Textual","og_description":"La Cooperativa Popular de Electricidad de Santa Rosa ampli\u00f3 el informe acerca de la reparaci\u00f3n de columnas y restauraci\u00f3n de servicios de energ\u00eda el\u00e9ctrica y telecomunicaciones en la que personal&hellip;","og_url":"https:\/\/diariotextual.com\/inicio\/index.php\/2026\/02\/20\/temporal-en-santa-rosa-mas-de-100-columnas-derribadas-en-toda-la-ciudad\/","og_site_name":"Diario Textual","article_publisher":"https:\/\/www.facebook.com\/eltextual","article_published_time":"2026-02-20T20:42:55+00:00","article_modified_time":"2026-02-21T19:47:36+00:00","og_image":[{"width":900,"height":479,"url":"https:\/\/diariotextual.com\/inicio\/wp-content\/uploads\/2026\/02\/tormentasantarosacpe2026.jpg","type":"image\/jpeg"}],"author":"diario3","twitter_card":"summary_large_image","twitter_creator":"@eltextual","twitter_site":"@eltextual","twitter_misc":{"Escrito por":"diario3","Tiempo de lectura":"5 minutos"},"schema":{"@context":"https:\/\/schema.org","@graph":[{"@type":"Article","@id":"https:\/\/diariotextual.com\/inicio\/index.php\/2026\/02\/20\/temporal-en-santa-rosa-mas-de-100-columnas-derribadas-en-toda-la-ciudad\/#article","isPartOf":{"@id":"https:\/\/diariotextual.com\/inicio\/index.php\/2026\/02\/20\/temporal-en-santa-rosa-mas-de-100-columnas-derribadas-en-toda-la-ciudad\/"},"author":{"name":"diario3","@id":"https:\/\/diariotextual.com\/inicio\/#\/schema\/person\/a1b6f563e0ee944c60f98119389a4d9f"},"headline":"Temporal en Santa Rosa: el viento derrib\u00f3 al menos 100 columnas","datePublished":"2026-02-20T20:42:55+00:00","dateModified":"2026-02-21T19:47:36+00:00","mainEntityOfPage":{"@id":"https:\/\/diariotextual.com\/inicio\/index.php\/2026\/02\/20\/temporal-en-santa-rosa-mas-de-100-columnas-derribadas-en-toda-la-ciudad\/"},"wordCount":939,"publisher":{"@id":"https:\/\/diariotextual.com\/inicio\/#organization"},"image":{"@id":"https:\/\/diariotextual.com\/inicio\/index.php\/2026\/02\/20\/temporal-en-santa-rosa-mas-de-100-columnas-derribadas-en-toda-la-ciudad\/#primaryimage"},"thumbnailUrl":"https:\/\/diariotextual.com\/inicio\/wp-content\/uploads\/2026\/02\/tormentasantarosacpe2026.jpg","articleSection":["A - QUE PASA (al costado)","SOCIEDAD"],"inLanguage":"es"},{"@type":"WebPage","@id":"https:\/\/diariotextual.com\/inicio\/index.php\/2026\/02\/20\/temporal-en-santa-rosa-mas-de-100-columnas-derribadas-en-toda-la-ciudad\/","url":"https:\/\/diariotextual.com\/inicio\/index.php\/2026\/02\/20\/temporal-en-santa-rosa-mas-de-100-columnas-derribadas-en-toda-la-ciudad\/","name":"Temporal en Santa Rosa: el viento derrib\u00f3 al menos 100 columnas - Diario Textual","isPartOf":{"@id":"https:\/\/diariotextual.com\/inicio\/#website"},"primaryImageOfPage":{"@id":"https:\/\/diariotextual.com\/inicio\/index.php\/2026\/02\/20\/temporal-en-santa-rosa-mas-de-100-columnas-derribadas-en-toda-la-ciudad\/#primaryimage"},"image":{"@id":"https:\/\/diariotextual.com\/inicio\/index.php\/2026\/02\/20\/temporal-en-santa-rosa-mas-de-100-columnas-derribadas-en-toda-la-ciudad\/#primaryimage"},"thumbnailUrl":"https:\/\/diariotextual.com\/inicio\/wp-content\/uploads\/2026\/02\/tormentasantarosacpe2026.jpg","datePublished":"2026-02-20T20:42:55+00:00","dateModified":"2026-02-21T19:47:36+00:00","breadcrumb":{"@id":"https:\/\/diariotextual.com\/inicio\/index.php\/2026\/02\/20\/temporal-en-santa-rosa-mas-de-100-columnas-derribadas-en-toda-la-ciudad\/#breadcrumb"},"inLanguage":"es","potentialAction":[{"@type":"ReadAction","target":["https:\/\/diariotextual.com\/inicio\/index.php\/2026\/02\/20\/temporal-en-santa-rosa-mas-de-100-columnas-derribadas-en-toda-la-ciudad\/"]}]},{"@type":"ImageObject","inLanguage":"es","@id":"https:\/\/diariotextual.com\/inicio\/index.php\/2026\/02\/20\/temporal-en-santa-rosa-mas-de-100-columnas-derribadas-en-toda-la-ciudad\/#primaryimage","url":"https:\/\/diariotextual.com\/inicio\/wp-content\/uploads\/2026\/02\/tormentasantarosacpe2026.jpg","contentUrl":"https:\/\/diariotextual.com\/inicio\/wp-content\/uploads\/2026\/02\/tormentasantarosacpe2026.jpg","width":900,"height":479,"caption":"????????????????????????????????????"},{"@type":"BreadcrumbList","@id":"https:\/\/diariotextual.com\/inicio\/index.php\/2026\/02\/20\/temporal-en-santa-rosa-mas-de-100-columnas-derribadas-en-toda-la-ciudad\/#breadcrumb","itemListElement":[{"@type":"ListItem","position":1,"name":"Portada","item":"https:\/\/diariotextual.com\/inicio\/"},{"@type":"ListItem","position":2,"name":"Temporal en Santa Rosa: el viento derrib\u00f3 al menos 100 columnas"}]},{"@type":"WebSite","@id":"https:\/\/diariotextual.com\/inicio\/#website","url":"https:\/\/diariotextual.com\/inicio\/","name":"Diario Textual","description":"","publisher":{"@id":"https:\/\/diariotextual.com\/inicio\/#organization"},"potentialAction":[{"@type":"SearchAction","target":{"@type":"EntryPoint","urlTemplate":"https:\/\/diariotextual.com\/inicio\/?s={search_term_string}"},"query-input":{"@type":"PropertyValueSpecification","valueRequired":true,"valueName":"search_term_string"}}],"inLanguage":"es"},{"@type":"Organization","@id":"https:\/\/diariotextual.com\/inicio\/#organization","name":"Diario Textual","url":"https:\/\/diariotextual.com\/inicio\/","logo":{"@type":"ImageObject","inLanguage":"es","@id":"https:\/\/diariotextual.com\/inicio\/#\/schema\/logo\/image\/","url":"https:\/\/diariotextual.com\/inicio\/wp-content\/uploads\/2023\/05\/logotextual1.jpg","contentUrl":"https:\/\/diariotextual.com\/inicio\/wp-content\/uploads\/2023\/05\/logotextual1.jpg","width":516,"height":76,"caption":"Diario Textual"},"image":{"@id":"https:\/\/diariotextual.com\/inicio\/#\/schema\/logo\/image\/"},"sameAs":["https:\/\/www.facebook.com\/eltextual","https:\/\/x.com\/eltextual","http:\/\/www.instagram.com\/eltextual"]},{"@type":"Person","@id":"https:\/\/diariotextual.com\/inicio\/#\/schema\/person\/a1b6f563e0ee944c60f98119389a4d9f","name":"diario3","image":{"@type":"ImageObject","inLanguage":"es","@id":"https:\/\/secure.gravatar.com\/avatar\/5e7ee62c82fc04d9dd79d746a390d93c69c43223e5faeeb3ea9461ef752bfc5d?s=96&d=mm&r=g","url":"https:\/\/secure.gravatar.com\/avatar\/5e7ee62c82fc04d9dd79d746a390d93c69c43223e5faeeb3ea9461ef752bfc5d?s=96&d=mm&r=g","contentUrl":"https:\/\/secure.gravatar.com\/avatar\/5e7ee62c82fc04d9dd79d746a390d93c69c43223e5faeeb3ea9461ef752bfc5d?s=96&d=mm&r=g","caption":"diario3"},"url":"https:\/\/diariotextual.com\/inicio\/index.php\/author\/diario3\/"}]}},"_links":{"self":[{"href":"https:\/\/diariotextual.com\/inicio\/index.php\/wp-json\/wp\/v2\/posts\/320228","targetHints":{"allow":["GET"]}}],"collection":[{"href":"https:\/\/diariotextual.com\/inicio\/index.php\/wp-json\/wp\/v2\/posts"}],"about":[{"href":"https:\/\/diariotextual.com\/inicio\/index.php\/wp-json\/wp\/v2\/types\/post"}],"author":[{"embeddable":true,"href":"https:\/\/diariotextual.com\/inicio\/index.php\/wp-json\/wp\/v2\/users\/5"}],"replies":[{"embeddable":true,"href":"https:\/\/diariotextual.com\/inicio\/index.php\/wp-json\/wp\/v2\/comments?post=320228"}],"version-history":[{"count":4,"href":"https:\/\/diariotextual.com\/inicio\/index.php\/wp-json\/wp\/v2\/posts\/320228\/revisions"}],"predecessor-version":[{"id":320239,"href":"https:\/\/diariotextual.com\/inicio\/index.php\/wp-json\/wp\/v2\/posts\/320228\/revisions\/320239"}],"wp:featuredmedia":[{"embeddable":true,"href":"https:\/\/diariotextual.com\/inicio\/index.php\/wp-json\/wp\/v2\/media\/320230"}],"wp:attachment":[{"href":"https:\/\/diariotextual.com\/inicio\/index.php\/wp-json\/wp\/v2\/media?parent=320228"}],"wp:term":[{"taxonomy":"category","embeddable":true,"href":"https:\/\/diariotextual.com\/inicio\/index.php\/wp-json\/wp\/v2\/categories?post=320228"},{"taxonomy":"post_tag","embeddable":true,"href":"https:\/\/diariotextual.com\/inicio\/index.php\/wp-json\/wp\/v2\/tags?post=320228"}],"curies":[{"name":"wp","href":"https:\/\/api.w.org\/{rel}","templated":true}]}}