{"id":320232,"date":"2026-02-20T18:04:45","date_gmt":"2026-02-20T21:04:45","guid":{"rendered":"https:\/\/diariotextual.com\/inicio\/?p=320232"},"modified":"2026-02-20T18:04:51","modified_gmt":"2026-02-20T21:04:51","slug":"lonquimay-mayoral-encabezo-acto-de-entrega-de-21-casas","status":"publish","type":"post","link":"https:\/\/diariotextual.com\/inicio\/index.php\/2026\/02\/20\/lonquimay-mayoral-encabezo-acto-de-entrega-de-21-casas\/","title":{"rendered":"Lonquimay: Mayoral encabez\u00f3 acto de entrega de 21 casas"},"content":{"rendered":"\n<p>\u201cTraigo un mensaje del <strong>gobernador Sergio Ziliotto: Lonquimay tendr\u00e1 m\u00e1s viviendas<\/strong>\u201d, expres\u00f3 la vicegobernadora, <strong>Alicia Mayoral, a cargo del Poder Ejecutivo, durante el acto de entrega de 21 casas en la localidad.<\/strong><\/p>\n\n\n\n<p>En el barrio Sur de esa localidad, ubicada sobre la ruta nacional 5, donde hace unos a\u00f1os no hab\u00eda nada m\u00e1s que campo, en un lugar conocido como \u201cla quinta de Isidro\u201d, ahora se complet\u00f3 un barrio de viviendas mediante el Plan Mi Casa 1.<\/p>\n\n\n\n<p>\u201cSiento una felicidad enorme de estar ac\u00e1 con ustedes para un acto tan hermoso, que es el cumplimiento de un sue\u00f1o y traigo el mensaje del Gobernador Sergio Ziliotto de que Lonquimay tendr\u00e1 m\u00e1s viviendas\u201d, asegur\u00f3 la vicegobernadora a cargo del Ejecutivo, Alicia Mayoral.<\/p>\n\n\n\n<p>La funcionaria despej\u00f3 as\u00ed la inquietud del intendente<strong> Manuel Feito, que en su discurso resalt\u00f3 que en su gesti\u00f3n ya se hab\u00edan entregado 59 viviendas<\/strong>, pero <strong>no sab\u00eda si iba a tener la posibilidad de agrandar esa lista \u201cpor la falta de env\u00edo de fondos por parte de Naci\u00f3n\u201d<\/strong>.<\/p>\n\n\n\n<p>Adem\u00e1s de la vicegobernadora y del jefe comunal de Lonquimay estuvieron presentes la titular del Instituto Provincial Aut\u00e1rquico de la Vivienda (IPAV), Erica Riboyra, los diputados provinciales Hern\u00e1n P\u00e9rez Araujo, Federico Ortiz, Mar\u00eda Luz Alonso, Juan Barrionuevo, Ana Carolina Giussi y Mar\u00eda Silvia Larreta.<\/p>\n\n\n\n<p>\u201cLonquimay te acompa\u00f1a Manu Feito. Esta convocatoria lo demuestra, por la gran cantidad de gente que se acerc\u00f3 a compartir el acto. Felicito a todas las familias que ya tienen su casa propia\u201d, destac\u00f3 Mayoral.<\/p>\n\n\n\n<p>El intendente Feito explic\u00f3 que el barrio se complet\u00f3 con la entrega de 20 casas, pero se sum\u00f3 una m\u00e1s, por una vivienda recuperada del IPAV, por lo que la ceremonia tuvo como protagonistas a 21 familias lonquimayenses que ya tienen las llaves de sus hogares.<\/p>\n\n\n\n<p>\u201cLes agradezco la paciencia que tuvieron, porque<strong> estas casas se iban a entregar antes, pero la falta de respuestas de Naci\u00f3n, que no env\u00eda los fondos necesarios<\/strong>, hizo que todo se demorara. Pero el gobernador Ziliotto cumpli\u00f3 su compromiso y hoy estamos aqu\u00ed construyendo una comunidad nueva\u201d, dijo Feito.<\/p>\n\n\n\n<p>El jefe comunal record\u00f3 que hace 40 meses no hab\u00eda nada en ese espacio y ahora se complet\u00f3 de viviendas: \u201cLes pido que cuiden las casas, que respeten al vecino, que hagan una comunidad linda y disfruten en familia. Y tambi\u00e9n les recuerdo que tienen un compromiso importante con los dem\u00e1s vecinos y vecinas de Lonquimay que a\u00fan siguen esperando su casa: <strong>tienen que pagar las cuotas. As\u00ed se siguen financiando estos programas\u201d.<\/strong><\/p>\n","protected":false},"excerpt":{"rendered":"<p>\u201cTraigo un mensaje del gobernador Sergio Ziliotto: Lonquimay tendr\u00e1 m\u00e1s viviendas\u201d, expres\u00f3 la vicegobernadora, Alicia Mayoral, a cargo del Poder Ejecutivo, durante el acto de entrega de 21 casas en&hellip;<\/p>\n","protected":false},"author":5,"featured_media":320233,"comment_status":"closed","ping_status":"open","sticky":false,"template":"","format":"standard","meta":{"_acf_changed":false,"footnotes":""},"categories":[1,12],"tags":[],"class_list":["post-320232","post","type-post","status-publish","format-standard","has-post-thumbnail","hentry","category-es-noticia","category-sociedad"],"acf":[],"yoast_head":"<!-- This site is optimized with the Yoast SEO plugin v27.4 - https:\/\/yoast.com\/product\/yoast-seo-wordpress\/ -->\n<title>Lonquimay: Mayoral encabez\u00f3 acto de entrega de 21 casas - Diario Textual<\/title>\n<meta name=\"robots\" content=\"index, follow, max-snippet:-1, max-image-preview:large, max-video-preview:-1\" \/>\n<link rel=\"canonical\" href=\"https:\/\/diariotextual.com\/inicio\/index.php\/2026\/02\/20\/lonquimay-mayoral-encabezo-acto-de-entrega-de-21-casas\/\" \/>\n<meta property=\"og:locale\" content=\"es_ES\" \/>\n<meta property=\"og:type\" content=\"article\" \/>\n<meta property=\"og:title\" content=\"Lonquimay: Mayoral encabez\u00f3 acto de entrega de 21 casas - Diario Textual\" \/>\n<meta property=\"og:description\" content=\"\u201cTraigo un mensaje del gobernador Sergio Ziliotto: Lonquimay tendr\u00e1 m\u00e1s viviendas\u201d, expres\u00f3 la vicegobernadora, Alicia Mayoral, a cargo del Poder Ejecutivo, durante el acto de entrega de 21 casas en&hellip;\" \/>\n<meta property=\"og:url\" content=\"https:\/\/diariotextual.com\/inicio\/index.php\/2026\/02\/20\/lonquimay-mayoral-encabezo-acto-de-entrega-de-21-casas\/\" \/>\n<meta property=\"og:site_name\" content=\"Diario Textual\" \/>\n<meta property=\"article:publisher\" content=\"https:\/\/www.facebook.com\/eltextual\" \/>\n<meta property=\"article:published_time\" content=\"2026-02-20T21:04:45+00:00\" \/>\n<meta property=\"article:modified_time\" content=\"2026-02-20T21:04:51+00:00\" \/>\n<meta property=\"og:image\" content=\"https:\/\/diariotextual.com\/inicio\/wp-content\/uploads\/2026\/02\/mayoralfeitolonquimay2026.jpg\" \/>\n\t<meta property=\"og:image:width\" content=\"900\" \/>\n\t<meta property=\"og:image:height\" content=\"599\" \/>\n\t<meta property=\"og:image:type\" content=\"image\/jpeg\" \/>\n<meta name=\"author\" content=\"diario3\" \/>\n<meta name=\"twitter:card\" content=\"summary_large_image\" \/>\n<meta name=\"twitter:creator\" content=\"@eltextual\" \/>\n<meta name=\"twitter:site\" content=\"@eltextual\" \/>\n<meta name=\"twitter:label1\" content=\"Escrito por\" \/>\n\t<meta name=\"twitter:data1\" content=\"diario3\" \/>\n\t<meta name=\"twitter:label2\" content=\"Tiempo de lectura\" \/>\n\t<meta name=\"twitter:data2\" content=\"3 minutos\" \/>\n<script type=\"application\/ld+json\" class=\"yoast-schema-graph\">{\"@context\":\"https:\\\/\\\/schema.org\",\"@graph\":[{\"@type\":\"Article\",\"@id\":\"https:\\\/\\\/diariotextual.com\\\/inicio\\\/index.php\\\/2026\\\/02\\\/20\\\/lonquimay-mayoral-encabezo-acto-de-entrega-de-21-casas\\\/#article\",\"isPartOf\":{\"@id\":\"https:\\\/\\\/diariotextual.com\\\/inicio\\\/index.php\\\/2026\\\/02\\\/20\\\/lonquimay-mayoral-encabezo-acto-de-entrega-de-21-casas\\\/\"},\"author\":{\"name\":\"diario3\",\"@id\":\"https:\\\/\\\/diariotextual.com\\\/inicio\\\/#\\\/schema\\\/person\\\/a1b6f563e0ee944c60f98119389a4d9f\"},\"headline\":\"Lonquimay: Mayoral encabez\u00f3 acto de entrega de 21 casas\",\"datePublished\":\"2026-02-20T21:04:45+00:00\",\"dateModified\":\"2026-02-20T21:04:51+00:00\",\"mainEntityOfPage\":{\"@id\":\"https:\\\/\\\/diariotextual.com\\\/inicio\\\/index.php\\\/2026\\\/02\\\/20\\\/lonquimay-mayoral-encabezo-acto-de-entrega-de-21-casas\\\/\"},\"wordCount\":443,\"publisher\":{\"@id\":\"https:\\\/\\\/diariotextual.com\\\/inicio\\\/#organization\"},\"image\":{\"@id\":\"https:\\\/\\\/diariotextual.com\\\/inicio\\\/index.php\\\/2026\\\/02\\\/20\\\/lonquimay-mayoral-encabezo-acto-de-entrega-de-21-casas\\\/#primaryimage\"},\"thumbnailUrl\":\"https:\\\/\\\/diariotextual.com\\\/inicio\\\/wp-content\\\/uploads\\\/2026\\\/02\\\/mayoralfeitolonquimay2026.jpg\",\"articleSection\":[\"A - ES NOTICIA (van abajo)\",\"SOCIEDAD\"],\"inLanguage\":\"es\"},{\"@type\":\"WebPage\",\"@id\":\"https:\\\/\\\/diariotextual.com\\\/inicio\\\/index.php\\\/2026\\\/02\\\/20\\\/lonquimay-mayoral-encabezo-acto-de-entrega-de-21-casas\\\/\",\"url\":\"https:\\\/\\\/diariotextual.com\\\/inicio\\\/index.php\\\/2026\\\/02\\\/20\\\/lonquimay-mayoral-encabezo-acto-de-entrega-de-21-casas\\\/\",\"name\":\"Lonquimay: Mayoral encabez\u00f3 acto de entrega de 21 casas - Diario Textual\",\"isPartOf\":{\"@id\":\"https:\\\/\\\/diariotextual.com\\\/inicio\\\/#website\"},\"primaryImageOfPage\":{\"@id\":\"https:\\\/\\\/diariotextual.com\\\/inicio\\\/index.php\\\/2026\\\/02\\\/20\\\/lonquimay-mayoral-encabezo-acto-de-entrega-de-21-casas\\\/#primaryimage\"},\"image\":{\"@id\":\"https:\\\/\\\/diariotextual.com\\\/inicio\\\/index.php\\\/2026\\\/02\\\/20\\\/lonquimay-mayoral-encabezo-acto-de-entrega-de-21-casas\\\/#primaryimage\"},\"thumbnailUrl\":\"https:\\\/\\\/diariotextual.com\\\/inicio\\\/wp-content\\\/uploads\\\/2026\\\/02\\\/mayoralfeitolonquimay2026.jpg\",\"datePublished\":\"2026-02-20T21:04:45+00:00\",\"dateModified\":\"2026-02-20T21:04:51+00:00\",\"breadcrumb\":{\"@id\":\"https:\\\/\\\/diariotextual.com\\\/inicio\\\/index.php\\\/2026\\\/02\\\/20\\\/lonquimay-mayoral-encabezo-acto-de-entrega-de-21-casas\\\/#breadcrumb\"},\"inLanguage\":\"es\",\"potentialAction\":[{\"@type\":\"ReadAction\",\"target\":[\"https:\\\/\\\/diariotextual.com\\\/inicio\\\/index.php\\\/2026\\\/02\\\/20\\\/lonquimay-mayoral-encabezo-acto-de-entrega-de-21-casas\\\/\"]}]},{\"@type\":\"ImageObject\",\"inLanguage\":\"es\",\"@id\":\"https:\\\/\\\/diariotextual.com\\\/inicio\\\/index.php\\\/2026\\\/02\\\/20\\\/lonquimay-mayoral-encabezo-acto-de-entrega-de-21-casas\\\/#primaryimage\",\"url\":\"https:\\\/\\\/diariotextual.com\\\/inicio\\\/wp-content\\\/uploads\\\/2026\\\/02\\\/mayoralfeitolonquimay2026.jpg\",\"contentUrl\":\"https:\\\/\\\/diariotextual.com\\\/inicio\\\/wp-content\\\/uploads\\\/2026\\\/02\\\/mayoralfeitolonquimay2026.jpg\",\"width\":900,\"height\":599},{\"@type\":\"BreadcrumbList\",\"@id\":\"https:\\\/\\\/diariotextual.com\\\/inicio\\\/index.php\\\/2026\\\/02\\\/20\\\/lonquimay-mayoral-encabezo-acto-de-entrega-de-21-casas\\\/#breadcrumb\",\"itemListElement\":[{\"@type\":\"ListItem\",\"position\":1,\"name\":\"Portada\",\"item\":\"https:\\\/\\\/diariotextual.com\\\/inicio\\\/\"},{\"@type\":\"ListItem\",\"position\":2,\"name\":\"Lonquimay: Mayoral encabez\u00f3 acto de entrega de 21 casas\"}]},{\"@type\":\"WebSite\",\"@id\":\"https:\\\/\\\/diariotextual.com\\\/inicio\\\/#website\",\"url\":\"https:\\\/\\\/diariotextual.com\\\/inicio\\\/\",\"name\":\"Diario Textual\",\"description\":\"\",\"publisher\":{\"@id\":\"https:\\\/\\\/diariotextual.com\\\/inicio\\\/#organization\"},\"potentialAction\":[{\"@type\":\"SearchAction\",\"target\":{\"@type\":\"EntryPoint\",\"urlTemplate\":\"https:\\\/\\\/diariotextual.com\\\/inicio\\\/?s={search_term_string}\"},\"query-input\":{\"@type\":\"PropertyValueSpecification\",\"valueRequired\":true,\"valueName\":\"search_term_string\"}}],\"inLanguage\":\"es\"},{\"@type\":\"Organization\",\"@id\":\"https:\\\/\\\/diariotextual.com\\\/inicio\\\/#organization\",\"name\":\"Diario Textual\",\"url\":\"https:\\\/\\\/diariotextual.com\\\/inicio\\\/\",\"logo\":{\"@type\":\"ImageObject\",\"inLanguage\":\"es\",\"@id\":\"https:\\\/\\\/diariotextual.com\\\/inicio\\\/#\\\/schema\\\/logo\\\/image\\\/\",\"url\":\"https:\\\/\\\/diariotextual.com\\\/inicio\\\/wp-content\\\/uploads\\\/2023\\\/05\\\/logotextual1.jpg\",\"contentUrl\":\"https:\\\/\\\/diariotextual.com\\\/inicio\\\/wp-content\\\/uploads\\\/2023\\\/05\\\/logotextual1.jpg\",\"width\":516,\"height\":76,\"caption\":\"Diario Textual\"},\"image\":{\"@id\":\"https:\\\/\\\/diariotextual.com\\\/inicio\\\/#\\\/schema\\\/logo\\\/image\\\/\"},\"sameAs\":[\"https:\\\/\\\/www.facebook.com\\\/eltextual\",\"https:\\\/\\\/x.com\\\/eltextual\",\"http:\\\/\\\/www.instagram.com\\\/eltextual\"]},{\"@type\":\"Person\",\"@id\":\"https:\\\/\\\/diariotextual.com\\\/inicio\\\/#\\\/schema\\\/person\\\/a1b6f563e0ee944c60f98119389a4d9f\",\"name\":\"diario3\",\"image\":{\"@type\":\"ImageObject\",\"inLanguage\":\"es\",\"@id\":\"https:\\\/\\\/secure.gravatar.com\\\/avatar\\\/5e7ee62c82fc04d9dd79d746a390d93c69c43223e5faeeb3ea9461ef752bfc5d?s=96&d=mm&r=g\",\"url\":\"https:\\\/\\\/secure.gravatar.com\\\/avatar\\\/5e7ee62c82fc04d9dd79d746a390d93c69c43223e5faeeb3ea9461ef752bfc5d?s=96&d=mm&r=g\",\"contentUrl\":\"https:\\\/\\\/secure.gravatar.com\\\/avatar\\\/5e7ee62c82fc04d9dd79d746a390d93c69c43223e5faeeb3ea9461ef752bfc5d?s=96&d=mm&r=g\",\"caption\":\"diario3\"},\"url\":\"https:\\\/\\\/diariotextual.com\\\/inicio\\\/index.php\\\/author\\\/diario3\\\/\"}]}<\/script>\n<!-- \/ Yoast SEO plugin. -->","yoast_head_json":{"title":"Lonquimay: Mayoral encabez\u00f3 acto de entrega de 21 casas - Diario Textual","robots":{"index":"index","follow":"follow","max-snippet":"max-snippet:-1","max-image-preview":"max-image-preview:large","max-video-preview":"max-video-preview:-1"},"canonical":"https:\/\/diariotextual.com\/inicio\/index.php\/2026\/02\/20\/lonquimay-mayoral-encabezo-acto-de-entrega-de-21-casas\/","og_locale":"es_ES","og_type":"article","og_title":"Lonquimay: Mayoral encabez\u00f3 acto de entrega de 21 casas - Diario Textual","og_description":"\u201cTraigo un mensaje del gobernador Sergio Ziliotto: Lonquimay tendr\u00e1 m\u00e1s viviendas\u201d, expres\u00f3 la vicegobernadora, Alicia Mayoral, a cargo del Poder Ejecutivo, durante el acto de entrega de 21 casas en&hellip;","og_url":"https:\/\/diariotextual.com\/inicio\/index.php\/2026\/02\/20\/lonquimay-mayoral-encabezo-acto-de-entrega-de-21-casas\/","og_site_name":"Diario Textual","article_publisher":"https:\/\/www.facebook.com\/eltextual","article_published_time":"2026-02-20T21:04:45+00:00","article_modified_time":"2026-02-20T21:04:51+00:00","og_image":[{"width":900,"height":599,"url":"https:\/\/diariotextual.com\/inicio\/wp-content\/uploads\/2026\/02\/mayoralfeitolonquimay2026.jpg","type":"image\/jpeg"}],"author":"diario3","twitter_card":"summary_large_image","twitter_creator":"@eltextual","twitter_site":"@eltextual","twitter_misc":{"Escrito por":"diario3","Tiempo de lectura":"3 minutos"},"schema":{"@context":"https:\/\/schema.org","@graph":[{"@type":"Article","@id":"https:\/\/diariotextual.com\/inicio\/index.php\/2026\/02\/20\/lonquimay-mayoral-encabezo-acto-de-entrega-de-21-casas\/#article","isPartOf":{"@id":"https:\/\/diariotextual.com\/inicio\/index.php\/2026\/02\/20\/lonquimay-mayoral-encabezo-acto-de-entrega-de-21-casas\/"},"author":{"name":"diario3","@id":"https:\/\/diariotextual.com\/inicio\/#\/schema\/person\/a1b6f563e0ee944c60f98119389a4d9f"},"headline":"Lonquimay: Mayoral encabez\u00f3 acto de entrega de 21 casas","datePublished":"2026-02-20T21:04:45+00:00","dateModified":"2026-02-20T21:04:51+00:00","mainEntityOfPage":{"@id":"https:\/\/diariotextual.com\/inicio\/index.php\/2026\/02\/20\/lonquimay-mayoral-encabezo-acto-de-entrega-de-21-casas\/"},"wordCount":443,"publisher":{"@id":"https:\/\/diariotextual.com\/inicio\/#organization"},"image":{"@id":"https:\/\/diariotextual.com\/inicio\/index.php\/2026\/02\/20\/lonquimay-mayoral-encabezo-acto-de-entrega-de-21-casas\/#primaryimage"},"thumbnailUrl":"https:\/\/diariotextual.com\/inicio\/wp-content\/uploads\/2026\/02\/mayoralfeitolonquimay2026.jpg","articleSection":["A - ES NOTICIA (van abajo)","SOCIEDAD"],"inLanguage":"es"},{"@type":"WebPage","@id":"https:\/\/diariotextual.com\/inicio\/index.php\/2026\/02\/20\/lonquimay-mayoral-encabezo-acto-de-entrega-de-21-casas\/","url":"https:\/\/diariotextual.com\/inicio\/index.php\/2026\/02\/20\/lonquimay-mayoral-encabezo-acto-de-entrega-de-21-casas\/","name":"Lonquimay: Mayoral encabez\u00f3 acto de entrega de 21 casas - Diario Textual","isPartOf":{"@id":"https:\/\/diariotextual.com\/inicio\/#website"},"primaryImageOfPage":{"@id":"https:\/\/diariotextual.com\/inicio\/index.php\/2026\/02\/20\/lonquimay-mayoral-encabezo-acto-de-entrega-de-21-casas\/#primaryimage"},"image":{"@id":"https:\/\/diariotextual.com\/inicio\/index.php\/2026\/02\/20\/lonquimay-mayoral-encabezo-acto-de-entrega-de-21-casas\/#primaryimage"},"thumbnailUrl":"https:\/\/diariotextual.com\/inicio\/wp-content\/uploads\/2026\/02\/mayoralfeitolonquimay2026.jpg","datePublished":"2026-02-20T21:04:45+00:00","dateModified":"2026-02-20T21:04:51+00:00","breadcrumb":{"@id":"https:\/\/diariotextual.com\/inicio\/index.php\/2026\/02\/20\/lonquimay-mayoral-encabezo-acto-de-entrega-de-21-casas\/#breadcrumb"},"inLanguage":"es","potentialAction":[{"@type":"ReadAction","target":["https:\/\/diariotextual.com\/inicio\/index.php\/2026\/02\/20\/lonquimay-mayoral-encabezo-acto-de-entrega-de-21-casas\/"]}]},{"@type":"ImageObject","inLanguage":"es","@id":"https:\/\/diariotextual.com\/inicio\/index.php\/2026\/02\/20\/lonquimay-mayoral-encabezo-acto-de-entrega-de-21-casas\/#primaryimage","url":"https:\/\/diariotextual.com\/inicio\/wp-content\/uploads\/2026\/02\/mayoralfeitolonquimay2026.jpg","contentUrl":"https:\/\/diariotextual.com\/inicio\/wp-content\/uploads\/2026\/02\/mayoralfeitolonquimay2026.jpg","width":900,"height":599},{"@type":"BreadcrumbList","@id":"https:\/\/diariotextual.com\/inicio\/index.php\/2026\/02\/20\/lonquimay-mayoral-encabezo-acto-de-entrega-de-21-casas\/#breadcrumb","itemListElement":[{"@type":"ListItem","position":1,"name":"Portada","item":"https:\/\/diariotextual.com\/inicio\/"},{"@type":"ListItem","position":2,"name":"Lonquimay: Mayoral encabez\u00f3 acto de entrega de 21 casas"}]},{"@type":"WebSite","@id":"https:\/\/diariotextual.com\/inicio\/#website","url":"https:\/\/diariotextual.com\/inicio\/","name":"Diario Textual","description":"","publisher":{"@id":"https:\/\/diariotextual.com\/inicio\/#organization"},"potentialAction":[{"@type":"SearchAction","target":{"@type":"EntryPoint","urlTemplate":"https:\/\/diariotextual.com\/inicio\/?s={search_term_string}"},"query-input":{"@type":"PropertyValueSpecification","valueRequired":true,"valueName":"search_term_string"}}],"inLanguage":"es"},{"@type":"Organization","@id":"https:\/\/diariotextual.com\/inicio\/#organization","name":"Diario Textual","url":"https:\/\/diariotextual.com\/inicio\/","logo":{"@type":"ImageObject","inLanguage":"es","@id":"https:\/\/diariotextual.com\/inicio\/#\/schema\/logo\/image\/","url":"https:\/\/diariotextual.com\/inicio\/wp-content\/uploads\/2023\/05\/logotextual1.jpg","contentUrl":"https:\/\/diariotextual.com\/inicio\/wp-content\/uploads\/2023\/05\/logotextual1.jpg","width":516,"height":76,"caption":"Diario Textual"},"image":{"@id":"https:\/\/diariotextual.com\/inicio\/#\/schema\/logo\/image\/"},"sameAs":["https:\/\/www.facebook.com\/eltextual","https:\/\/x.com\/eltextual","http:\/\/www.instagram.com\/eltextual"]},{"@type":"Person","@id":"https:\/\/diariotextual.com\/inicio\/#\/schema\/person\/a1b6f563e0ee944c60f98119389a4d9f","name":"diario3","image":{"@type":"ImageObject","inLanguage":"es","@id":"https:\/\/secure.gravatar.com\/avatar\/5e7ee62c82fc04d9dd79d746a390d93c69c43223e5faeeb3ea9461ef752bfc5d?s=96&d=mm&r=g","url":"https:\/\/secure.gravatar.com\/avatar\/5e7ee62c82fc04d9dd79d746a390d93c69c43223e5faeeb3ea9461ef752bfc5d?s=96&d=mm&r=g","contentUrl":"https:\/\/secure.gravatar.com\/avatar\/5e7ee62c82fc04d9dd79d746a390d93c69c43223e5faeeb3ea9461ef752bfc5d?s=96&d=mm&r=g","caption":"diario3"},"url":"https:\/\/diariotextual.com\/inicio\/index.php\/author\/diario3\/"}]}},"_links":{"self":[{"href":"https:\/\/diariotextual.com\/inicio\/index.php\/wp-json\/wp\/v2\/posts\/320232","targetHints":{"allow":["GET"]}}],"collection":[{"href":"https:\/\/diariotextual.com\/inicio\/index.php\/wp-json\/wp\/v2\/posts"}],"about":[{"href":"https:\/\/diariotextual.com\/inicio\/index.php\/wp-json\/wp\/v2\/types\/post"}],"author":[{"embeddable":true,"href":"https:\/\/diariotextual.com\/inicio\/index.php\/wp-json\/wp\/v2\/users\/5"}],"replies":[{"embeddable":true,"href":"https:\/\/diariotextual.com\/inicio\/index.php\/wp-json\/wp\/v2\/comments?post=320232"}],"version-history":[{"count":1,"href":"https:\/\/diariotextual.com\/inicio\/index.php\/wp-json\/wp\/v2\/posts\/320232\/revisions"}],"predecessor-version":[{"id":320234,"href":"https:\/\/diariotextual.com\/inicio\/index.php\/wp-json\/wp\/v2\/posts\/320232\/revisions\/320234"}],"wp:featuredmedia":[{"embeddable":true,"href":"https:\/\/diariotextual.com\/inicio\/index.php\/wp-json\/wp\/v2\/media\/320233"}],"wp:attachment":[{"href":"https:\/\/diariotextual.com\/inicio\/index.php\/wp-json\/wp\/v2\/media?parent=320232"}],"wp:term":[{"taxonomy":"category","embeddable":true,"href":"https:\/\/diariotextual.com\/inicio\/index.php\/wp-json\/wp\/v2\/categories?post=320232"},{"taxonomy":"post_tag","embeddable":true,"href":"https:\/\/diariotextual.com\/inicio\/index.php\/wp-json\/wp\/v2\/tags?post=320232"}],"curies":[{"name":"wp","href":"https:\/\/api.w.org\/{rel}","templated":true}]}}