{"id":320272,"date":"2026-02-21T08:32:33","date_gmt":"2026-02-21T11:32:33","guid":{"rendered":"https:\/\/diariotextual.com\/inicio\/?p=320272"},"modified":"2026-02-21T09:04:21","modified_gmt":"2026-02-21T12:04:21","slug":"semana-clave-para-el-gobierno-buscara-aprobar-la-baja-de-imputabilidad-y-la-reforma-laboral","status":"publish","type":"post","link":"https:\/\/diariotextual.com\/inicio\/index.php\/2026\/02\/21\/semana-clave-para-el-gobierno-buscara-aprobar-la-baja-de-imputabilidad-y-la-reforma-laboral\/","title":{"rendered":"Semana clave para el Gobierno: buscar\u00e1 aprobar la baja de imputabilidad y la reforma laboral"},"content":{"rendered":"\n<p>El bloque de La Libertad Avanza y aliados pidieron oficialmente convocar a sesiones especiales para los d\u00edas&nbsp;<strong>26 y 27 de febrero a las 11 horas<\/strong>, en el marco del per\u00edodo de extraordinarias dispuesto por el Decreto N\u00b0 24\/2026, que rige del 2 al 27 de febrero.<\/p>\n\n\n\n<p>Las notas, dirigidas a la presidenta de la C\u00e1mara alta,\u00a0<strong>Victoria Villarruel<\/strong>, fueron firmadas por jefes de bloque y senadores que solicitaron formalmente la convocatoria para abordar distintos proyectos incluidos en el temario de extraordinarias.<\/p>\n\n\n\n<p>Para el&nbsp;<strong>26 de febrero<\/strong>&nbsp;est\u00e1 previsto el tratamiento del pliego de Fernando Iglesias (P.E. 175-2025), el&nbsp;<strong>Proyecto de R\u00e9gimen Penal Juvenil (C.D. 33-2025)<\/strong>&nbsp;y la iniciativa de adecuaci\u00f3n del R\u00e9gimen de Presupuestos M\u00ednimos para la Preservaci\u00f3n de los Glaciares y del Ambiente Periglacial (Ley 26.639).<\/p>\n\n\n\n<p>En tanto, para el&nbsp;<strong>27 de febrero<\/strong>&nbsp;se convoc\u00f3 a debatir el&nbsp;<strong>Proyecto de Ley de Modernizaci\u00f3n Laboral (P.E. 159-2025)<\/strong>&nbsp;y el&nbsp;<strong>Acuerdo Uni\u00f3n Europea\u2013Mercosur (C.D. 34-2025)<\/strong>, uno de los puntos centrales de la agenda econ\u00f3mica del oficialismo.<\/p>\n\n\n\n<p>De esta manera, la C\u00e1mara alta afrontar\u00e1 dos jornadas consecutivas de debate sobre&nbsp;<strong>reformas estructurales y acuerdos internacionales clave<\/strong>, en el cierre del per\u00edodo de sesiones extraordinarias.&nbsp;__IP__<\/p>\n\n\n\n<p>El Gobierno del presidente Javier Milei enfrenta una semana clave, ya que podr\u00eda cerrar el per\u00edodo de sesiones extraordinarias con dos victorias de peso, justo una semana despu\u00e9s del cuarto paro general impulsado por la CGT.<\/p>\n\n\n\n<p><\/p>\n","protected":false},"excerpt":{"rendered":"<p>El bloque de La Libertad Avanza y aliados pidieron oficialmente convocar a sesiones especiales para los d\u00edas&nbsp;26 y 27 de febrero a las 11 horas, en el marco del per\u00edodo&hellip;<\/p>\n","protected":false},"author":3,"featured_media":320139,"comment_status":"closed","ping_status":"open","sticky":false,"template":"","format":"standard","meta":{"_acf_changed":false,"footnotes":""},"categories":[1,8],"tags":[],"class_list":["post-320272","post","type-post","status-publish","format-standard","has-post-thumbnail","hentry","category-es-noticia","category-politica"],"acf":[],"yoast_head":"<!-- This site is optimized with the Yoast SEO plugin v27.4 - https:\/\/yoast.com\/product\/yoast-seo-wordpress\/ -->\n<title>Semana clave para el Gobierno: buscar\u00e1 aprobar la baja de imputabilidad y la reforma laboral - Diario Textual<\/title>\n<meta name=\"robots\" content=\"index, follow, max-snippet:-1, max-image-preview:large, max-video-preview:-1\" \/>\n<link rel=\"canonical\" href=\"https:\/\/diariotextual.com\/inicio\/index.php\/2026\/02\/21\/semana-clave-para-el-gobierno-buscara-aprobar-la-baja-de-imputabilidad-y-la-reforma-laboral\/\" \/>\n<meta property=\"og:locale\" content=\"es_ES\" \/>\n<meta property=\"og:type\" content=\"article\" \/>\n<meta property=\"og:title\" content=\"Semana clave para el Gobierno: buscar\u00e1 aprobar la baja de imputabilidad y la reforma laboral - Diario Textual\" \/>\n<meta property=\"og:description\" content=\"El bloque de La Libertad Avanza y aliados pidieron oficialmente convocar a sesiones especiales para los d\u00edas&nbsp;26 y 27 de febrero a las 11 horas, en el marco del per\u00edodo&hellip;\" \/>\n<meta property=\"og:url\" content=\"https:\/\/diariotextual.com\/inicio\/index.php\/2026\/02\/21\/semana-clave-para-el-gobierno-buscara-aprobar-la-baja-de-imputabilidad-y-la-reforma-laboral\/\" \/>\n<meta property=\"og:site_name\" content=\"Diario Textual\" \/>\n<meta property=\"article:publisher\" content=\"https:\/\/www.facebook.com\/eltextual\" \/>\n<meta property=\"article:published_time\" content=\"2026-02-21T11:32:33+00:00\" \/>\n<meta property=\"article:modified_time\" content=\"2026-02-21T12:04:21+00:00\" \/>\n<meta property=\"og:image\" content=\"https:\/\/diariotextual.com\/inicio\/wp-content\/uploads\/2026\/02\/diputadosreformalaboral2026-99.jpg\" \/>\n\t<meta property=\"og:image:width\" content=\"1300\" \/>\n\t<meta property=\"og:image:height\" content=\"867\" \/>\n\t<meta property=\"og:image:type\" content=\"image\/jpeg\" \/>\n<meta name=\"author\" content=\"Diario1 Diario1\" \/>\n<meta name=\"twitter:card\" content=\"summary_large_image\" \/>\n<meta name=\"twitter:creator\" content=\"@eltextual\" \/>\n<meta name=\"twitter:site\" content=\"@eltextual\" \/>\n<meta name=\"twitter:label1\" content=\"Escrito por\" \/>\n\t<meta name=\"twitter:data1\" content=\"Diario1 Diario1\" \/>\n\t<meta name=\"twitter:label2\" content=\"Tiempo de lectura\" \/>\n\t<meta name=\"twitter:data2\" content=\"2 minutos\" \/>\n<script type=\"application\/ld+json\" class=\"yoast-schema-graph\">{\"@context\":\"https:\\\/\\\/schema.org\",\"@graph\":[{\"@type\":\"Article\",\"@id\":\"https:\\\/\\\/diariotextual.com\\\/inicio\\\/index.php\\\/2026\\\/02\\\/21\\\/semana-clave-para-el-gobierno-buscara-aprobar-la-baja-de-imputabilidad-y-la-reforma-laboral\\\/#article\",\"isPartOf\":{\"@id\":\"https:\\\/\\\/diariotextual.com\\\/inicio\\\/index.php\\\/2026\\\/02\\\/21\\\/semana-clave-para-el-gobierno-buscara-aprobar-la-baja-de-imputabilidad-y-la-reforma-laboral\\\/\"},\"author\":{\"name\":\"Diario1 Diario1\",\"@id\":\"https:\\\/\\\/diariotextual.com\\\/inicio\\\/#\\\/schema\\\/person\\\/418fc4093c33e86ed41562db3508f958\"},\"headline\":\"Semana clave para el Gobierno: buscar\u00e1 aprobar la baja de imputabilidad y la reforma laboral\",\"datePublished\":\"2026-02-21T11:32:33+00:00\",\"dateModified\":\"2026-02-21T12:04:21+00:00\",\"mainEntityOfPage\":{\"@id\":\"https:\\\/\\\/diariotextual.com\\\/inicio\\\/index.php\\\/2026\\\/02\\\/21\\\/semana-clave-para-el-gobierno-buscara-aprobar-la-baja-de-imputabilidad-y-la-reforma-laboral\\\/\"},\"wordCount\":269,\"publisher\":{\"@id\":\"https:\\\/\\\/diariotextual.com\\\/inicio\\\/#organization\"},\"image\":{\"@id\":\"https:\\\/\\\/diariotextual.com\\\/inicio\\\/index.php\\\/2026\\\/02\\\/21\\\/semana-clave-para-el-gobierno-buscara-aprobar-la-baja-de-imputabilidad-y-la-reforma-laboral\\\/#primaryimage\"},\"thumbnailUrl\":\"https:\\\/\\\/diariotextual.com\\\/inicio\\\/wp-content\\\/uploads\\\/2026\\\/02\\\/diputadosreformalaboral2026-99.jpg\",\"articleSection\":[\"A - ES NOTICIA (van abajo)\",\"POLITICA\"],\"inLanguage\":\"es\"},{\"@type\":\"WebPage\",\"@id\":\"https:\\\/\\\/diariotextual.com\\\/inicio\\\/index.php\\\/2026\\\/02\\\/21\\\/semana-clave-para-el-gobierno-buscara-aprobar-la-baja-de-imputabilidad-y-la-reforma-laboral\\\/\",\"url\":\"https:\\\/\\\/diariotextual.com\\\/inicio\\\/index.php\\\/2026\\\/02\\\/21\\\/semana-clave-para-el-gobierno-buscara-aprobar-la-baja-de-imputabilidad-y-la-reforma-laboral\\\/\",\"name\":\"Semana clave para el Gobierno: buscar\u00e1 aprobar la baja de imputabilidad y la reforma laboral - Diario Textual\",\"isPartOf\":{\"@id\":\"https:\\\/\\\/diariotextual.com\\\/inicio\\\/#website\"},\"primaryImageOfPage\":{\"@id\":\"https:\\\/\\\/diariotextual.com\\\/inicio\\\/index.php\\\/2026\\\/02\\\/21\\\/semana-clave-para-el-gobierno-buscara-aprobar-la-baja-de-imputabilidad-y-la-reforma-laboral\\\/#primaryimage\"},\"image\":{\"@id\":\"https:\\\/\\\/diariotextual.com\\\/inicio\\\/index.php\\\/2026\\\/02\\\/21\\\/semana-clave-para-el-gobierno-buscara-aprobar-la-baja-de-imputabilidad-y-la-reforma-laboral\\\/#primaryimage\"},\"thumbnailUrl\":\"https:\\\/\\\/diariotextual.com\\\/inicio\\\/wp-content\\\/uploads\\\/2026\\\/02\\\/diputadosreformalaboral2026-99.jpg\",\"datePublished\":\"2026-02-21T11:32:33+00:00\",\"dateModified\":\"2026-02-21T12:04:21+00:00\",\"breadcrumb\":{\"@id\":\"https:\\\/\\\/diariotextual.com\\\/inicio\\\/index.php\\\/2026\\\/02\\\/21\\\/semana-clave-para-el-gobierno-buscara-aprobar-la-baja-de-imputabilidad-y-la-reforma-laboral\\\/#breadcrumb\"},\"inLanguage\":\"es\",\"potentialAction\":[{\"@type\":\"ReadAction\",\"target\":[\"https:\\\/\\\/diariotextual.com\\\/inicio\\\/index.php\\\/2026\\\/02\\\/21\\\/semana-clave-para-el-gobierno-buscara-aprobar-la-baja-de-imputabilidad-y-la-reforma-laboral\\\/\"]}]},{\"@type\":\"ImageObject\",\"inLanguage\":\"es\",\"@id\":\"https:\\\/\\\/diariotextual.com\\\/inicio\\\/index.php\\\/2026\\\/02\\\/21\\\/semana-clave-para-el-gobierno-buscara-aprobar-la-baja-de-imputabilidad-y-la-reforma-laboral\\\/#primaryimage\",\"url\":\"https:\\\/\\\/diariotextual.com\\\/inicio\\\/wp-content\\\/uploads\\\/2026\\\/02\\\/diputadosreformalaboral2026-99.jpg\",\"contentUrl\":\"https:\\\/\\\/diariotextual.com\\\/inicio\\\/wp-content\\\/uploads\\\/2026\\\/02\\\/diputadosreformalaboral2026-99.jpg\",\"width\":1300,\"height\":867},{\"@type\":\"BreadcrumbList\",\"@id\":\"https:\\\/\\\/diariotextual.com\\\/inicio\\\/index.php\\\/2026\\\/02\\\/21\\\/semana-clave-para-el-gobierno-buscara-aprobar-la-baja-de-imputabilidad-y-la-reforma-laboral\\\/#breadcrumb\",\"itemListElement\":[{\"@type\":\"ListItem\",\"position\":1,\"name\":\"Portada\",\"item\":\"https:\\\/\\\/diariotextual.com\\\/inicio\\\/\"},{\"@type\":\"ListItem\",\"position\":2,\"name\":\"Semana clave para el Gobierno: buscar\u00e1 aprobar la baja de imputabilidad y la reforma laboral\"}]},{\"@type\":\"WebSite\",\"@id\":\"https:\\\/\\\/diariotextual.com\\\/inicio\\\/#website\",\"url\":\"https:\\\/\\\/diariotextual.com\\\/inicio\\\/\",\"name\":\"Diario Textual\",\"description\":\"\",\"publisher\":{\"@id\":\"https:\\\/\\\/diariotextual.com\\\/inicio\\\/#organization\"},\"potentialAction\":[{\"@type\":\"SearchAction\",\"target\":{\"@type\":\"EntryPoint\",\"urlTemplate\":\"https:\\\/\\\/diariotextual.com\\\/inicio\\\/?s={search_term_string}\"},\"query-input\":{\"@type\":\"PropertyValueSpecification\",\"valueRequired\":true,\"valueName\":\"search_term_string\"}}],\"inLanguage\":\"es\"},{\"@type\":\"Organization\",\"@id\":\"https:\\\/\\\/diariotextual.com\\\/inicio\\\/#organization\",\"name\":\"Diario Textual\",\"url\":\"https:\\\/\\\/diariotextual.com\\\/inicio\\\/\",\"logo\":{\"@type\":\"ImageObject\",\"inLanguage\":\"es\",\"@id\":\"https:\\\/\\\/diariotextual.com\\\/inicio\\\/#\\\/schema\\\/logo\\\/image\\\/\",\"url\":\"https:\\\/\\\/diariotextual.com\\\/inicio\\\/wp-content\\\/uploads\\\/2023\\\/05\\\/logotextual1.jpg\",\"contentUrl\":\"https:\\\/\\\/diariotextual.com\\\/inicio\\\/wp-content\\\/uploads\\\/2023\\\/05\\\/logotextual1.jpg\",\"width\":516,\"height\":76,\"caption\":\"Diario Textual\"},\"image\":{\"@id\":\"https:\\\/\\\/diariotextual.com\\\/inicio\\\/#\\\/schema\\\/logo\\\/image\\\/\"},\"sameAs\":[\"https:\\\/\\\/www.facebook.com\\\/eltextual\",\"https:\\\/\\\/x.com\\\/eltextual\",\"http:\\\/\\\/www.instagram.com\\\/eltextual\"]},{\"@type\":\"Person\",\"@id\":\"https:\\\/\\\/diariotextual.com\\\/inicio\\\/#\\\/schema\\\/person\\\/418fc4093c33e86ed41562db3508f958\",\"name\":\"Diario1 Diario1\",\"image\":{\"@type\":\"ImageObject\",\"inLanguage\":\"es\",\"@id\":\"https:\\\/\\\/secure.gravatar.com\\\/avatar\\\/9167d280179c85bc18be67aa7eda765854300033af4896dd779b608640f2ef7a?s=96&d=mm&r=g\",\"url\":\"https:\\\/\\\/secure.gravatar.com\\\/avatar\\\/9167d280179c85bc18be67aa7eda765854300033af4896dd779b608640f2ef7a?s=96&d=mm&r=g\",\"contentUrl\":\"https:\\\/\\\/secure.gravatar.com\\\/avatar\\\/9167d280179c85bc18be67aa7eda765854300033af4896dd779b608640f2ef7a?s=96&d=mm&r=g\",\"caption\":\"Diario1 Diario1\"},\"url\":\"https:\\\/\\\/diariotextual.com\\\/inicio\\\/index.php\\\/author\\\/diario1\\\/\"}]}<\/script>\n<!-- \/ Yoast SEO plugin. -->","yoast_head_json":{"title":"Semana clave para el Gobierno: buscar\u00e1 aprobar la baja de imputabilidad y la reforma laboral - Diario Textual","robots":{"index":"index","follow":"follow","max-snippet":"max-snippet:-1","max-image-preview":"max-image-preview:large","max-video-preview":"max-video-preview:-1"},"canonical":"https:\/\/diariotextual.com\/inicio\/index.php\/2026\/02\/21\/semana-clave-para-el-gobierno-buscara-aprobar-la-baja-de-imputabilidad-y-la-reforma-laboral\/","og_locale":"es_ES","og_type":"article","og_title":"Semana clave para el Gobierno: buscar\u00e1 aprobar la baja de imputabilidad y la reforma laboral - Diario Textual","og_description":"El bloque de La Libertad Avanza y aliados pidieron oficialmente convocar a sesiones especiales para los d\u00edas&nbsp;26 y 27 de febrero a las 11 horas, en el marco del per\u00edodo&hellip;","og_url":"https:\/\/diariotextual.com\/inicio\/index.php\/2026\/02\/21\/semana-clave-para-el-gobierno-buscara-aprobar-la-baja-de-imputabilidad-y-la-reforma-laboral\/","og_site_name":"Diario Textual","article_publisher":"https:\/\/www.facebook.com\/eltextual","article_published_time":"2026-02-21T11:32:33+00:00","article_modified_time":"2026-02-21T12:04:21+00:00","og_image":[{"width":1300,"height":867,"url":"https:\/\/diariotextual.com\/inicio\/wp-content\/uploads\/2026\/02\/diputadosreformalaboral2026-99.jpg","type":"image\/jpeg"}],"author":"Diario1 Diario1","twitter_card":"summary_large_image","twitter_creator":"@eltextual","twitter_site":"@eltextual","twitter_misc":{"Escrito por":"Diario1 Diario1","Tiempo de lectura":"2 minutos"},"schema":{"@context":"https:\/\/schema.org","@graph":[{"@type":"Article","@id":"https:\/\/diariotextual.com\/inicio\/index.php\/2026\/02\/21\/semana-clave-para-el-gobierno-buscara-aprobar-la-baja-de-imputabilidad-y-la-reforma-laboral\/#article","isPartOf":{"@id":"https:\/\/diariotextual.com\/inicio\/index.php\/2026\/02\/21\/semana-clave-para-el-gobierno-buscara-aprobar-la-baja-de-imputabilidad-y-la-reforma-laboral\/"},"author":{"name":"Diario1 Diario1","@id":"https:\/\/diariotextual.com\/inicio\/#\/schema\/person\/418fc4093c33e86ed41562db3508f958"},"headline":"Semana clave para el Gobierno: buscar\u00e1 aprobar la baja de imputabilidad y la reforma laboral","datePublished":"2026-02-21T11:32:33+00:00","dateModified":"2026-02-21T12:04:21+00:00","mainEntityOfPage":{"@id":"https:\/\/diariotextual.com\/inicio\/index.php\/2026\/02\/21\/semana-clave-para-el-gobierno-buscara-aprobar-la-baja-de-imputabilidad-y-la-reforma-laboral\/"},"wordCount":269,"publisher":{"@id":"https:\/\/diariotextual.com\/inicio\/#organization"},"image":{"@id":"https:\/\/diariotextual.com\/inicio\/index.php\/2026\/02\/21\/semana-clave-para-el-gobierno-buscara-aprobar-la-baja-de-imputabilidad-y-la-reforma-laboral\/#primaryimage"},"thumbnailUrl":"https:\/\/diariotextual.com\/inicio\/wp-content\/uploads\/2026\/02\/diputadosreformalaboral2026-99.jpg","articleSection":["A - ES NOTICIA (van abajo)","POLITICA"],"inLanguage":"es"},{"@type":"WebPage","@id":"https:\/\/diariotextual.com\/inicio\/index.php\/2026\/02\/21\/semana-clave-para-el-gobierno-buscara-aprobar-la-baja-de-imputabilidad-y-la-reforma-laboral\/","url":"https:\/\/diariotextual.com\/inicio\/index.php\/2026\/02\/21\/semana-clave-para-el-gobierno-buscara-aprobar-la-baja-de-imputabilidad-y-la-reforma-laboral\/","name":"Semana clave para el Gobierno: buscar\u00e1 aprobar la baja de imputabilidad y la reforma laboral - Diario Textual","isPartOf":{"@id":"https:\/\/diariotextual.com\/inicio\/#website"},"primaryImageOfPage":{"@id":"https:\/\/diariotextual.com\/inicio\/index.php\/2026\/02\/21\/semana-clave-para-el-gobierno-buscara-aprobar-la-baja-de-imputabilidad-y-la-reforma-laboral\/#primaryimage"},"image":{"@id":"https:\/\/diariotextual.com\/inicio\/index.php\/2026\/02\/21\/semana-clave-para-el-gobierno-buscara-aprobar-la-baja-de-imputabilidad-y-la-reforma-laboral\/#primaryimage"},"thumbnailUrl":"https:\/\/diariotextual.com\/inicio\/wp-content\/uploads\/2026\/02\/diputadosreformalaboral2026-99.jpg","datePublished":"2026-02-21T11:32:33+00:00","dateModified":"2026-02-21T12:04:21+00:00","breadcrumb":{"@id":"https:\/\/diariotextual.com\/inicio\/index.php\/2026\/02\/21\/semana-clave-para-el-gobierno-buscara-aprobar-la-baja-de-imputabilidad-y-la-reforma-laboral\/#breadcrumb"},"inLanguage":"es","potentialAction":[{"@type":"ReadAction","target":["https:\/\/diariotextual.com\/inicio\/index.php\/2026\/02\/21\/semana-clave-para-el-gobierno-buscara-aprobar-la-baja-de-imputabilidad-y-la-reforma-laboral\/"]}]},{"@type":"ImageObject","inLanguage":"es","@id":"https:\/\/diariotextual.com\/inicio\/index.php\/2026\/02\/21\/semana-clave-para-el-gobierno-buscara-aprobar-la-baja-de-imputabilidad-y-la-reforma-laboral\/#primaryimage","url":"https:\/\/diariotextual.com\/inicio\/wp-content\/uploads\/2026\/02\/diputadosreformalaboral2026-99.jpg","contentUrl":"https:\/\/diariotextual.com\/inicio\/wp-content\/uploads\/2026\/02\/diputadosreformalaboral2026-99.jpg","width":1300,"height":867},{"@type":"BreadcrumbList","@id":"https:\/\/diariotextual.com\/inicio\/index.php\/2026\/02\/21\/semana-clave-para-el-gobierno-buscara-aprobar-la-baja-de-imputabilidad-y-la-reforma-laboral\/#breadcrumb","itemListElement":[{"@type":"ListItem","position":1,"name":"Portada","item":"https:\/\/diariotextual.com\/inicio\/"},{"@type":"ListItem","position":2,"name":"Semana clave para el Gobierno: buscar\u00e1 aprobar la baja de imputabilidad y la reforma laboral"}]},{"@type":"WebSite","@id":"https:\/\/diariotextual.com\/inicio\/#website","url":"https:\/\/diariotextual.com\/inicio\/","name":"Diario Textual","description":"","publisher":{"@id":"https:\/\/diariotextual.com\/inicio\/#organization"},"potentialAction":[{"@type":"SearchAction","target":{"@type":"EntryPoint","urlTemplate":"https:\/\/diariotextual.com\/inicio\/?s={search_term_string}"},"query-input":{"@type":"PropertyValueSpecification","valueRequired":true,"valueName":"search_term_string"}}],"inLanguage":"es"},{"@type":"Organization","@id":"https:\/\/diariotextual.com\/inicio\/#organization","name":"Diario Textual","url":"https:\/\/diariotextual.com\/inicio\/","logo":{"@type":"ImageObject","inLanguage":"es","@id":"https:\/\/diariotextual.com\/inicio\/#\/schema\/logo\/image\/","url":"https:\/\/diariotextual.com\/inicio\/wp-content\/uploads\/2023\/05\/logotextual1.jpg","contentUrl":"https:\/\/diariotextual.com\/inicio\/wp-content\/uploads\/2023\/05\/logotextual1.jpg","width":516,"height":76,"caption":"Diario Textual"},"image":{"@id":"https:\/\/diariotextual.com\/inicio\/#\/schema\/logo\/image\/"},"sameAs":["https:\/\/www.facebook.com\/eltextual","https:\/\/x.com\/eltextual","http:\/\/www.instagram.com\/eltextual"]},{"@type":"Person","@id":"https:\/\/diariotextual.com\/inicio\/#\/schema\/person\/418fc4093c33e86ed41562db3508f958","name":"Diario1 Diario1","image":{"@type":"ImageObject","inLanguage":"es","@id":"https:\/\/secure.gravatar.com\/avatar\/9167d280179c85bc18be67aa7eda765854300033af4896dd779b608640f2ef7a?s=96&d=mm&r=g","url":"https:\/\/secure.gravatar.com\/avatar\/9167d280179c85bc18be67aa7eda765854300033af4896dd779b608640f2ef7a?s=96&d=mm&r=g","contentUrl":"https:\/\/secure.gravatar.com\/avatar\/9167d280179c85bc18be67aa7eda765854300033af4896dd779b608640f2ef7a?s=96&d=mm&r=g","caption":"Diario1 Diario1"},"url":"https:\/\/diariotextual.com\/inicio\/index.php\/author\/diario1\/"}]}},"_links":{"self":[{"href":"https:\/\/diariotextual.com\/inicio\/index.php\/wp-json\/wp\/v2\/posts\/320272","targetHints":{"allow":["GET"]}}],"collection":[{"href":"https:\/\/diariotextual.com\/inicio\/index.php\/wp-json\/wp\/v2\/posts"}],"about":[{"href":"https:\/\/diariotextual.com\/inicio\/index.php\/wp-json\/wp\/v2\/types\/post"}],"author":[{"embeddable":true,"href":"https:\/\/diariotextual.com\/inicio\/index.php\/wp-json\/wp\/v2\/users\/3"}],"replies":[{"embeddable":true,"href":"https:\/\/diariotextual.com\/inicio\/index.php\/wp-json\/wp\/v2\/comments?post=320272"}],"version-history":[{"count":4,"href":"https:\/\/diariotextual.com\/inicio\/index.php\/wp-json\/wp\/v2\/posts\/320272\/revisions"}],"predecessor-version":[{"id":320276,"href":"https:\/\/diariotextual.com\/inicio\/index.php\/wp-json\/wp\/v2\/posts\/320272\/revisions\/320276"}],"wp:featuredmedia":[{"embeddable":true,"href":"https:\/\/diariotextual.com\/inicio\/index.php\/wp-json\/wp\/v2\/media\/320139"}],"wp:attachment":[{"href":"https:\/\/diariotextual.com\/inicio\/index.php\/wp-json\/wp\/v2\/media?parent=320272"}],"wp:term":[{"taxonomy":"category","embeddable":true,"href":"https:\/\/diariotextual.com\/inicio\/index.php\/wp-json\/wp\/v2\/categories?post=320272"},{"taxonomy":"post_tag","embeddable":true,"href":"https:\/\/diariotextual.com\/inicio\/index.php\/wp-json\/wp\/v2\/tags?post=320272"}],"curies":[{"name":"wp","href":"https:\/\/api.w.org\/{rel}","templated":true}]}}