{"id":320293,"date":"2026-02-21T16:25:02","date_gmt":"2026-02-21T19:25:02","guid":{"rendered":"https:\/\/diariotextual.com\/inicio\/?p=320293"},"modified":"2026-02-21T19:13:49","modified_gmt":"2026-02-21T22:13:49","slug":"temporal-en-santa-rosa-y-situacion-critica-500-columnas-caidas-y-aun-hay-sectores-sin-electricidad","status":"publish","type":"post","link":"https:\/\/diariotextual.com\/inicio\/index.php\/2026\/02\/21\/temporal-en-santa-rosa-y-situacion-critica-500-columnas-caidas-y-aun-hay-sectores-sin-electricidad\/","title":{"rendered":"Temporal en Santa Rosa y situaci\u00f3n cr\u00edtica: 100 columnas ca\u00eddas y a\u00fan hay sectores sin electricidad"},"content":{"rendered":"\n<p>El temporal de viento que derrib\u00f3 unos 1000 \u00e1rboles y al menos 100 columnas de electricidad y otros servicios dej\u00f3 devastada a la ciudad de Santa Rosa. Hay sectores que, a tres d\u00edas del violento fen\u00f3meno meteorol\u00f3gico, contin\u00faan sin electricidad. Es el caso, por ejemplo, de viviendas del barrio Fonavi 59.<\/p>\n\n\n\n<p>Vecinos dijeron que est\u00e1n atravesando una situaci\u00f3n que ya dej\u00f3 de ser una simple molestia para convertirse en una verdadera emergencia.<br><br><\/p>\n\n\n\n<p>\u201cNo hablamos solo de incomodidad: hay familias con ni\u00f1os peque\u00f1os, personas mayores y vecinos que dependen de medicamentos que requieren cadena de fr\u00edo para preservar su eficacia. Cada hora sin electricidad pone en riesgo la salud de quienes necesitan insulina, medicaci\u00f3n espec\u00edfica o tratamientos permanentes\u201d, contaron en la esquina de Hucal y Pasteur.<br><br>Adem\u00e1s, muchos hogares ya han perdido alimentos que representaban un esfuerzo econ\u00f3mico importante en un contexto donde reponerlos no es sencillo. Heladeras apagadas durante d\u00edas significan comida desperdiciada, gastos que no estaban previstos y una angustia creciente.<br><br>\u201cLo m\u00e1s preocupante no es \u00fanicamente el corte de luz, sino la falta total de respuestas claras. Los reclamos se realizan, pero las soluciones no llegan ni se brinda informaci\u00f3n concreta sobre cu\u00e1ndo se restablecer\u00e1 el servicio\u201d, dijeron. \u201cPedimos visibilidad, responsabilidad y una respuesta urgente. La electricidad no es un lujo: es un servicio esencial que impacta directamente en la salud, la seguridad y la dignidad de las personas. Necesitamos que las autoridades y la empresa responsable act\u00faen de manera inmediata. Cada d\u00eda que pasa agrava una situaci\u00f3n que ya es insostenible\u201d, agregaron.<\/p>\n\n\n\n<p>Desde la CPE, a cargo del servicio de electricidad, reconocieron que a\u00fan hay sectores sin electricidad. Sin embargo, dijeron que est\u00e1n haciendo todos los esfuerzos posibles para ir reponiendo el servicio. \u201cNunca nos hab\u00eda pasado que hubiera un barrio sin luz por m\u00e1s de un d\u00eda. Estamos haciendo todo lo posible para cambiar las columnas y reponer el cableado\u201d, contaron.<\/p>\n\n\n\n<p><\/p>\n","protected":false},"excerpt":{"rendered":"<p>El temporal de viento que derrib\u00f3 unos 1000 \u00e1rboles y al menos 100 columnas de electricidad y otros servicios dej\u00f3 devastada a la ciudad de Santa Rosa. Hay sectores que,&hellip;<\/p>\n","protected":false},"author":3,"featured_media":320230,"comment_status":"closed","ping_status":"open","sticky":false,"template":"","format":"standard","meta":{"_acf_changed":false,"footnotes":""},"categories":[1,11,12],"tags":[],"class_list":["post-320293","post","type-post","status-publish","format-standard","has-post-thumbnail","hentry","category-es-noticia","category-que-pasa","category-sociedad"],"acf":[],"yoast_head":"<!-- This site is optimized with the Yoast SEO plugin v27.5 - https:\/\/yoast.com\/product\/yoast-seo-wordpress\/ -->\n<title>Temporal en Santa Rosa y situaci\u00f3n cr\u00edtica: 100 columnas ca\u00eddas y a\u00fan hay sectores sin electricidad - Diario Textual<\/title>\n<meta name=\"robots\" content=\"index, follow, max-snippet:-1, max-image-preview:large, max-video-preview:-1\" \/>\n<link rel=\"canonical\" href=\"https:\/\/diariotextual.com\/inicio\/index.php\/2026\/02\/21\/temporal-en-santa-rosa-y-situacion-critica-500-columnas-caidas-y-aun-hay-sectores-sin-electricidad\/\" \/>\n<meta property=\"og:locale\" content=\"es_ES\" \/>\n<meta property=\"og:type\" content=\"article\" \/>\n<meta property=\"og:title\" content=\"Temporal en Santa Rosa y situaci\u00f3n cr\u00edtica: 100 columnas ca\u00eddas y a\u00fan hay sectores sin electricidad - Diario Textual\" \/>\n<meta property=\"og:description\" content=\"El temporal de viento que derrib\u00f3 unos 1000 \u00e1rboles y al menos 100 columnas de electricidad y otros servicios dej\u00f3 devastada a la ciudad de Santa Rosa. Hay sectores que,&hellip;\" \/>\n<meta property=\"og:url\" content=\"https:\/\/diariotextual.com\/inicio\/index.php\/2026\/02\/21\/temporal-en-santa-rosa-y-situacion-critica-500-columnas-caidas-y-aun-hay-sectores-sin-electricidad\/\" \/>\n<meta property=\"og:site_name\" content=\"Diario Textual\" \/>\n<meta property=\"article:publisher\" content=\"https:\/\/www.facebook.com\/eltextual\" \/>\n<meta property=\"article:published_time\" content=\"2026-02-21T19:25:02+00:00\" \/>\n<meta property=\"article:modified_time\" content=\"2026-02-21T22:13:49+00:00\" \/>\n<meta property=\"og:image\" content=\"https:\/\/diariotextual.com\/inicio\/wp-content\/uploads\/2026\/02\/tormentasantarosacpe2026.jpg\" \/>\n\t<meta property=\"og:image:width\" content=\"900\" \/>\n\t<meta property=\"og:image:height\" content=\"479\" \/>\n\t<meta property=\"og:image:type\" content=\"image\/jpeg\" \/>\n<meta name=\"author\" content=\"Diario1 Diario1\" \/>\n<meta name=\"twitter:card\" content=\"summary_large_image\" \/>\n<meta name=\"twitter:creator\" content=\"@eltextual\" \/>\n<meta name=\"twitter:site\" content=\"@eltextual\" \/>\n<meta name=\"twitter:label1\" content=\"Escrito por\" \/>\n\t<meta name=\"twitter:data1\" content=\"Diario1 Diario1\" \/>\n\t<meta name=\"twitter:label2\" content=\"Tiempo de lectura\" \/>\n\t<meta name=\"twitter:data2\" content=\"2 minutos\" \/>\n<script type=\"application\/ld+json\" class=\"yoast-schema-graph\">{\"@context\":\"https:\\\/\\\/schema.org\",\"@graph\":[{\"@type\":\"Article\",\"@id\":\"https:\\\/\\\/diariotextual.com\\\/inicio\\\/index.php\\\/2026\\\/02\\\/21\\\/temporal-en-santa-rosa-y-situacion-critica-500-columnas-caidas-y-aun-hay-sectores-sin-electricidad\\\/#article\",\"isPartOf\":{\"@id\":\"https:\\\/\\\/diariotextual.com\\\/inicio\\\/index.php\\\/2026\\\/02\\\/21\\\/temporal-en-santa-rosa-y-situacion-critica-500-columnas-caidas-y-aun-hay-sectores-sin-electricidad\\\/\"},\"author\":{\"name\":\"Diario1 Diario1\",\"@id\":\"https:\\\/\\\/diariotextual.com\\\/inicio\\\/#\\\/schema\\\/person\\\/418fc4093c33e86ed41562db3508f958\"},\"headline\":\"Temporal en Santa Rosa y situaci\u00f3n cr\u00edtica: 100 columnas ca\u00eddas y a\u00fan hay sectores sin electricidad\",\"datePublished\":\"2026-02-21T19:25:02+00:00\",\"dateModified\":\"2026-02-21T22:13:49+00:00\",\"mainEntityOfPage\":{\"@id\":\"https:\\\/\\\/diariotextual.com\\\/inicio\\\/index.php\\\/2026\\\/02\\\/21\\\/temporal-en-santa-rosa-y-situacion-critica-500-columnas-caidas-y-aun-hay-sectores-sin-electricidad\\\/\"},\"wordCount\":356,\"publisher\":{\"@id\":\"https:\\\/\\\/diariotextual.com\\\/inicio\\\/#organization\"},\"image\":{\"@id\":\"https:\\\/\\\/diariotextual.com\\\/inicio\\\/index.php\\\/2026\\\/02\\\/21\\\/temporal-en-santa-rosa-y-situacion-critica-500-columnas-caidas-y-aun-hay-sectores-sin-electricidad\\\/#primaryimage\"},\"thumbnailUrl\":\"https:\\\/\\\/diariotextual.com\\\/inicio\\\/wp-content\\\/uploads\\\/2026\\\/02\\\/tormentasantarosacpe2026.jpg\",\"articleSection\":[\"A - ES NOTICIA (van abajo)\",\"A - QUE PASA (al costado)\",\"SOCIEDAD\"],\"inLanguage\":\"es\"},{\"@type\":\"WebPage\",\"@id\":\"https:\\\/\\\/diariotextual.com\\\/inicio\\\/index.php\\\/2026\\\/02\\\/21\\\/temporal-en-santa-rosa-y-situacion-critica-500-columnas-caidas-y-aun-hay-sectores-sin-electricidad\\\/\",\"url\":\"https:\\\/\\\/diariotextual.com\\\/inicio\\\/index.php\\\/2026\\\/02\\\/21\\\/temporal-en-santa-rosa-y-situacion-critica-500-columnas-caidas-y-aun-hay-sectores-sin-electricidad\\\/\",\"name\":\"Temporal en Santa Rosa y situaci\u00f3n cr\u00edtica: 100 columnas ca\u00eddas y a\u00fan hay sectores sin electricidad - Diario Textual\",\"isPartOf\":{\"@id\":\"https:\\\/\\\/diariotextual.com\\\/inicio\\\/#website\"},\"primaryImageOfPage\":{\"@id\":\"https:\\\/\\\/diariotextual.com\\\/inicio\\\/index.php\\\/2026\\\/02\\\/21\\\/temporal-en-santa-rosa-y-situacion-critica-500-columnas-caidas-y-aun-hay-sectores-sin-electricidad\\\/#primaryimage\"},\"image\":{\"@id\":\"https:\\\/\\\/diariotextual.com\\\/inicio\\\/index.php\\\/2026\\\/02\\\/21\\\/temporal-en-santa-rosa-y-situacion-critica-500-columnas-caidas-y-aun-hay-sectores-sin-electricidad\\\/#primaryimage\"},\"thumbnailUrl\":\"https:\\\/\\\/diariotextual.com\\\/inicio\\\/wp-content\\\/uploads\\\/2026\\\/02\\\/tormentasantarosacpe2026.jpg\",\"datePublished\":\"2026-02-21T19:25:02+00:00\",\"dateModified\":\"2026-02-21T22:13:49+00:00\",\"breadcrumb\":{\"@id\":\"https:\\\/\\\/diariotextual.com\\\/inicio\\\/index.php\\\/2026\\\/02\\\/21\\\/temporal-en-santa-rosa-y-situacion-critica-500-columnas-caidas-y-aun-hay-sectores-sin-electricidad\\\/#breadcrumb\"},\"inLanguage\":\"es\",\"potentialAction\":[{\"@type\":\"ReadAction\",\"target\":[\"https:\\\/\\\/diariotextual.com\\\/inicio\\\/index.php\\\/2026\\\/02\\\/21\\\/temporal-en-santa-rosa-y-situacion-critica-500-columnas-caidas-y-aun-hay-sectores-sin-electricidad\\\/\"]}]},{\"@type\":\"ImageObject\",\"inLanguage\":\"es\",\"@id\":\"https:\\\/\\\/diariotextual.com\\\/inicio\\\/index.php\\\/2026\\\/02\\\/21\\\/temporal-en-santa-rosa-y-situacion-critica-500-columnas-caidas-y-aun-hay-sectores-sin-electricidad\\\/#primaryimage\",\"url\":\"https:\\\/\\\/diariotextual.com\\\/inicio\\\/wp-content\\\/uploads\\\/2026\\\/02\\\/tormentasantarosacpe2026.jpg\",\"contentUrl\":\"https:\\\/\\\/diariotextual.com\\\/inicio\\\/wp-content\\\/uploads\\\/2026\\\/02\\\/tormentasantarosacpe2026.jpg\",\"width\":900,\"height\":479,\"caption\":\"????????????????????????????????????\"},{\"@type\":\"BreadcrumbList\",\"@id\":\"https:\\\/\\\/diariotextual.com\\\/inicio\\\/index.php\\\/2026\\\/02\\\/21\\\/temporal-en-santa-rosa-y-situacion-critica-500-columnas-caidas-y-aun-hay-sectores-sin-electricidad\\\/#breadcrumb\",\"itemListElement\":[{\"@type\":\"ListItem\",\"position\":1,\"name\":\"Portada\",\"item\":\"https:\\\/\\\/diariotextual.com\\\/inicio\\\/\"},{\"@type\":\"ListItem\",\"position\":2,\"name\":\"Temporal en Santa Rosa y situaci\u00f3n cr\u00edtica: 100 columnas ca\u00eddas y a\u00fan hay sectores sin electricidad\"}]},{\"@type\":\"WebSite\",\"@id\":\"https:\\\/\\\/diariotextual.com\\\/inicio\\\/#website\",\"url\":\"https:\\\/\\\/diariotextual.com\\\/inicio\\\/\",\"name\":\"Diario Textual\",\"description\":\"\",\"publisher\":{\"@id\":\"https:\\\/\\\/diariotextual.com\\\/inicio\\\/#organization\"},\"potentialAction\":[{\"@type\":\"SearchAction\",\"target\":{\"@type\":\"EntryPoint\",\"urlTemplate\":\"https:\\\/\\\/diariotextual.com\\\/inicio\\\/?s={search_term_string}\"},\"query-input\":{\"@type\":\"PropertyValueSpecification\",\"valueRequired\":true,\"valueName\":\"search_term_string\"}}],\"inLanguage\":\"es\"},{\"@type\":\"Organization\",\"@id\":\"https:\\\/\\\/diariotextual.com\\\/inicio\\\/#organization\",\"name\":\"Diario Textual\",\"url\":\"https:\\\/\\\/diariotextual.com\\\/inicio\\\/\",\"logo\":{\"@type\":\"ImageObject\",\"inLanguage\":\"es\",\"@id\":\"https:\\\/\\\/diariotextual.com\\\/inicio\\\/#\\\/schema\\\/logo\\\/image\\\/\",\"url\":\"https:\\\/\\\/diariotextual.com\\\/inicio\\\/wp-content\\\/uploads\\\/2023\\\/05\\\/logotextual1.jpg\",\"contentUrl\":\"https:\\\/\\\/diariotextual.com\\\/inicio\\\/wp-content\\\/uploads\\\/2023\\\/05\\\/logotextual1.jpg\",\"width\":516,\"height\":76,\"caption\":\"Diario Textual\"},\"image\":{\"@id\":\"https:\\\/\\\/diariotextual.com\\\/inicio\\\/#\\\/schema\\\/logo\\\/image\\\/\"},\"sameAs\":[\"https:\\\/\\\/www.facebook.com\\\/eltextual\",\"https:\\\/\\\/x.com\\\/eltextual\",\"http:\\\/\\\/www.instagram.com\\\/eltextual\"]},{\"@type\":\"Person\",\"@id\":\"https:\\\/\\\/diariotextual.com\\\/inicio\\\/#\\\/schema\\\/person\\\/418fc4093c33e86ed41562db3508f958\",\"name\":\"Diario1 Diario1\",\"image\":{\"@type\":\"ImageObject\",\"inLanguage\":\"es\",\"@id\":\"https:\\\/\\\/secure.gravatar.com\\\/avatar\\\/9167d280179c85bc18be67aa7eda765854300033af4896dd779b608640f2ef7a?s=96&d=mm&r=g\",\"url\":\"https:\\\/\\\/secure.gravatar.com\\\/avatar\\\/9167d280179c85bc18be67aa7eda765854300033af4896dd779b608640f2ef7a?s=96&d=mm&r=g\",\"contentUrl\":\"https:\\\/\\\/secure.gravatar.com\\\/avatar\\\/9167d280179c85bc18be67aa7eda765854300033af4896dd779b608640f2ef7a?s=96&d=mm&r=g\",\"caption\":\"Diario1 Diario1\"},\"url\":\"https:\\\/\\\/diariotextual.com\\\/inicio\\\/index.php\\\/author\\\/diario1\\\/\"}]}<\/script>\n<!-- \/ Yoast SEO plugin. -->","yoast_head_json":{"title":"Temporal en Santa Rosa y situaci\u00f3n cr\u00edtica: 100 columnas ca\u00eddas y a\u00fan hay sectores sin electricidad - Diario Textual","robots":{"index":"index","follow":"follow","max-snippet":"max-snippet:-1","max-image-preview":"max-image-preview:large","max-video-preview":"max-video-preview:-1"},"canonical":"https:\/\/diariotextual.com\/inicio\/index.php\/2026\/02\/21\/temporal-en-santa-rosa-y-situacion-critica-500-columnas-caidas-y-aun-hay-sectores-sin-electricidad\/","og_locale":"es_ES","og_type":"article","og_title":"Temporal en Santa Rosa y situaci\u00f3n cr\u00edtica: 100 columnas ca\u00eddas y a\u00fan hay sectores sin electricidad - Diario Textual","og_description":"El temporal de viento que derrib\u00f3 unos 1000 \u00e1rboles y al menos 100 columnas de electricidad y otros servicios dej\u00f3 devastada a la ciudad de Santa Rosa. Hay sectores que,&hellip;","og_url":"https:\/\/diariotextual.com\/inicio\/index.php\/2026\/02\/21\/temporal-en-santa-rosa-y-situacion-critica-500-columnas-caidas-y-aun-hay-sectores-sin-electricidad\/","og_site_name":"Diario Textual","article_publisher":"https:\/\/www.facebook.com\/eltextual","article_published_time":"2026-02-21T19:25:02+00:00","article_modified_time":"2026-02-21T22:13:49+00:00","og_image":[{"width":900,"height":479,"url":"https:\/\/diariotextual.com\/inicio\/wp-content\/uploads\/2026\/02\/tormentasantarosacpe2026.jpg","type":"image\/jpeg"}],"author":"Diario1 Diario1","twitter_card":"summary_large_image","twitter_creator":"@eltextual","twitter_site":"@eltextual","twitter_misc":{"Escrito por":"Diario1 Diario1","Tiempo de lectura":"2 minutos"},"schema":{"@context":"https:\/\/schema.org","@graph":[{"@type":"Article","@id":"https:\/\/diariotextual.com\/inicio\/index.php\/2026\/02\/21\/temporal-en-santa-rosa-y-situacion-critica-500-columnas-caidas-y-aun-hay-sectores-sin-electricidad\/#article","isPartOf":{"@id":"https:\/\/diariotextual.com\/inicio\/index.php\/2026\/02\/21\/temporal-en-santa-rosa-y-situacion-critica-500-columnas-caidas-y-aun-hay-sectores-sin-electricidad\/"},"author":{"name":"Diario1 Diario1","@id":"https:\/\/diariotextual.com\/inicio\/#\/schema\/person\/418fc4093c33e86ed41562db3508f958"},"headline":"Temporal en Santa Rosa y situaci\u00f3n cr\u00edtica: 100 columnas ca\u00eddas y a\u00fan hay sectores sin electricidad","datePublished":"2026-02-21T19:25:02+00:00","dateModified":"2026-02-21T22:13:49+00:00","mainEntityOfPage":{"@id":"https:\/\/diariotextual.com\/inicio\/index.php\/2026\/02\/21\/temporal-en-santa-rosa-y-situacion-critica-500-columnas-caidas-y-aun-hay-sectores-sin-electricidad\/"},"wordCount":356,"publisher":{"@id":"https:\/\/diariotextual.com\/inicio\/#organization"},"image":{"@id":"https:\/\/diariotextual.com\/inicio\/index.php\/2026\/02\/21\/temporal-en-santa-rosa-y-situacion-critica-500-columnas-caidas-y-aun-hay-sectores-sin-electricidad\/#primaryimage"},"thumbnailUrl":"https:\/\/diariotextual.com\/inicio\/wp-content\/uploads\/2026\/02\/tormentasantarosacpe2026.jpg","articleSection":["A - ES NOTICIA (van abajo)","A - QUE PASA (al costado)","SOCIEDAD"],"inLanguage":"es"},{"@type":"WebPage","@id":"https:\/\/diariotextual.com\/inicio\/index.php\/2026\/02\/21\/temporal-en-santa-rosa-y-situacion-critica-500-columnas-caidas-y-aun-hay-sectores-sin-electricidad\/","url":"https:\/\/diariotextual.com\/inicio\/index.php\/2026\/02\/21\/temporal-en-santa-rosa-y-situacion-critica-500-columnas-caidas-y-aun-hay-sectores-sin-electricidad\/","name":"Temporal en Santa Rosa y situaci\u00f3n cr\u00edtica: 100 columnas ca\u00eddas y a\u00fan hay sectores sin electricidad - Diario Textual","isPartOf":{"@id":"https:\/\/diariotextual.com\/inicio\/#website"},"primaryImageOfPage":{"@id":"https:\/\/diariotextual.com\/inicio\/index.php\/2026\/02\/21\/temporal-en-santa-rosa-y-situacion-critica-500-columnas-caidas-y-aun-hay-sectores-sin-electricidad\/#primaryimage"},"image":{"@id":"https:\/\/diariotextual.com\/inicio\/index.php\/2026\/02\/21\/temporal-en-santa-rosa-y-situacion-critica-500-columnas-caidas-y-aun-hay-sectores-sin-electricidad\/#primaryimage"},"thumbnailUrl":"https:\/\/diariotextual.com\/inicio\/wp-content\/uploads\/2026\/02\/tormentasantarosacpe2026.jpg","datePublished":"2026-02-21T19:25:02+00:00","dateModified":"2026-02-21T22:13:49+00:00","breadcrumb":{"@id":"https:\/\/diariotextual.com\/inicio\/index.php\/2026\/02\/21\/temporal-en-santa-rosa-y-situacion-critica-500-columnas-caidas-y-aun-hay-sectores-sin-electricidad\/#breadcrumb"},"inLanguage":"es","potentialAction":[{"@type":"ReadAction","target":["https:\/\/diariotextual.com\/inicio\/index.php\/2026\/02\/21\/temporal-en-santa-rosa-y-situacion-critica-500-columnas-caidas-y-aun-hay-sectores-sin-electricidad\/"]}]},{"@type":"ImageObject","inLanguage":"es","@id":"https:\/\/diariotextual.com\/inicio\/index.php\/2026\/02\/21\/temporal-en-santa-rosa-y-situacion-critica-500-columnas-caidas-y-aun-hay-sectores-sin-electricidad\/#primaryimage","url":"https:\/\/diariotextual.com\/inicio\/wp-content\/uploads\/2026\/02\/tormentasantarosacpe2026.jpg","contentUrl":"https:\/\/diariotextual.com\/inicio\/wp-content\/uploads\/2026\/02\/tormentasantarosacpe2026.jpg","width":900,"height":479,"caption":"????????????????????????????????????"},{"@type":"BreadcrumbList","@id":"https:\/\/diariotextual.com\/inicio\/index.php\/2026\/02\/21\/temporal-en-santa-rosa-y-situacion-critica-500-columnas-caidas-y-aun-hay-sectores-sin-electricidad\/#breadcrumb","itemListElement":[{"@type":"ListItem","position":1,"name":"Portada","item":"https:\/\/diariotextual.com\/inicio\/"},{"@type":"ListItem","position":2,"name":"Temporal en Santa Rosa y situaci\u00f3n cr\u00edtica: 100 columnas ca\u00eddas y a\u00fan hay sectores sin electricidad"}]},{"@type":"WebSite","@id":"https:\/\/diariotextual.com\/inicio\/#website","url":"https:\/\/diariotextual.com\/inicio\/","name":"Diario Textual","description":"","publisher":{"@id":"https:\/\/diariotextual.com\/inicio\/#organization"},"potentialAction":[{"@type":"SearchAction","target":{"@type":"EntryPoint","urlTemplate":"https:\/\/diariotextual.com\/inicio\/?s={search_term_string}"},"query-input":{"@type":"PropertyValueSpecification","valueRequired":true,"valueName":"search_term_string"}}],"inLanguage":"es"},{"@type":"Organization","@id":"https:\/\/diariotextual.com\/inicio\/#organization","name":"Diario Textual","url":"https:\/\/diariotextual.com\/inicio\/","logo":{"@type":"ImageObject","inLanguage":"es","@id":"https:\/\/diariotextual.com\/inicio\/#\/schema\/logo\/image\/","url":"https:\/\/diariotextual.com\/inicio\/wp-content\/uploads\/2023\/05\/logotextual1.jpg","contentUrl":"https:\/\/diariotextual.com\/inicio\/wp-content\/uploads\/2023\/05\/logotextual1.jpg","width":516,"height":76,"caption":"Diario Textual"},"image":{"@id":"https:\/\/diariotextual.com\/inicio\/#\/schema\/logo\/image\/"},"sameAs":["https:\/\/www.facebook.com\/eltextual","https:\/\/x.com\/eltextual","http:\/\/www.instagram.com\/eltextual"]},{"@type":"Person","@id":"https:\/\/diariotextual.com\/inicio\/#\/schema\/person\/418fc4093c33e86ed41562db3508f958","name":"Diario1 Diario1","image":{"@type":"ImageObject","inLanguage":"es","@id":"https:\/\/secure.gravatar.com\/avatar\/9167d280179c85bc18be67aa7eda765854300033af4896dd779b608640f2ef7a?s=96&d=mm&r=g","url":"https:\/\/secure.gravatar.com\/avatar\/9167d280179c85bc18be67aa7eda765854300033af4896dd779b608640f2ef7a?s=96&d=mm&r=g","contentUrl":"https:\/\/secure.gravatar.com\/avatar\/9167d280179c85bc18be67aa7eda765854300033af4896dd779b608640f2ef7a?s=96&d=mm&r=g","caption":"Diario1 Diario1"},"url":"https:\/\/diariotextual.com\/inicio\/index.php\/author\/diario1\/"}]}},"_links":{"self":[{"href":"https:\/\/diariotextual.com\/inicio\/index.php\/wp-json\/wp\/v2\/posts\/320293","targetHints":{"allow":["GET"]}}],"collection":[{"href":"https:\/\/diariotextual.com\/inicio\/index.php\/wp-json\/wp\/v2\/posts"}],"about":[{"href":"https:\/\/diariotextual.com\/inicio\/index.php\/wp-json\/wp\/v2\/types\/post"}],"author":[{"embeddable":true,"href":"https:\/\/diariotextual.com\/inicio\/index.php\/wp-json\/wp\/v2\/users\/3"}],"replies":[{"embeddable":true,"href":"https:\/\/diariotextual.com\/inicio\/index.php\/wp-json\/wp\/v2\/comments?post=320293"}],"version-history":[{"count":3,"href":"https:\/\/diariotextual.com\/inicio\/index.php\/wp-json\/wp\/v2\/posts\/320293\/revisions"}],"predecessor-version":[{"id":320301,"href":"https:\/\/diariotextual.com\/inicio\/index.php\/wp-json\/wp\/v2\/posts\/320293\/revisions\/320301"}],"wp:featuredmedia":[{"embeddable":true,"href":"https:\/\/diariotextual.com\/inicio\/index.php\/wp-json\/wp\/v2\/media\/320230"}],"wp:attachment":[{"href":"https:\/\/diariotextual.com\/inicio\/index.php\/wp-json\/wp\/v2\/media?parent=320293"}],"wp:term":[{"taxonomy":"category","embeddable":true,"href":"https:\/\/diariotextual.com\/inicio\/index.php\/wp-json\/wp\/v2\/categories?post=320293"},{"taxonomy":"post_tag","embeddable":true,"href":"https:\/\/diariotextual.com\/inicio\/index.php\/wp-json\/wp\/v2\/tags?post=320293"}],"curies":[{"name":"wp","href":"https:\/\/api.w.org\/{rel}","templated":true}]}}