{"id":320502,"date":"2026-02-23T16:57:29","date_gmt":"2026-02-23T19:57:29","guid":{"rendered":"https:\/\/diariotextual.com\/inicio\/?p=320502"},"modified":"2026-02-23T17:41:43","modified_gmt":"2026-02-23T20:41:43","slug":"la-afa-convoco-a-un-paro-en-el-futbol-en-rechazo-a-las-denuncias-de-arca","status":"publish","type":"post","link":"https:\/\/diariotextual.com\/inicio\/index.php\/2026\/02\/23\/la-afa-convoco-a-un-paro-en-el-futbol-en-rechazo-a-las-denuncias-de-arca\/","title":{"rendered":"La AFA convoc\u00f3 a un paro en el f\u00fatbol en rechazo a las denuncias de ARCA"},"content":{"rendered":"\n<p>La <strong>Asociaci\u00f3n del F\u00fatbol Argentino<\/strong> emiti\u00f3 un comunicado para responder a la decisi\u00f3n judicial de llamar a prestar declaraci\u00f3n indagatoria a sus autoridades en el marco de una causa por presuntas irregularidades fiscales. Desde la entidad sostuvieron que <strong>no existe deuda exigible vinculada a las obligaciones mencionadas en la denuncia <\/strong>y remarcaron que los pagos fueron realizados de manera voluntaria antes de su vencimiento.<\/p>\n\n\n\n<p>Seg\u00fan explic\u00f3 la AFA, ese punto ya fue planteado ante el tribunal interviniente y actualmente se encuentra pendiente de resoluci\u00f3n por la C\u00e1mara de Apelaciones.<\/p>\n\n\n\n<p>Adem\u00e1s, cuestion\u00f3 la postura del organismo recaudador ARCA, al considerar que intenta transformar obligaciones a\u00fan no vencidas \u2014y por lo tanto no cobrables\u2014 en el sustento de un supuesto delito penal tributario, lo que calificaron como contrario a la normativa vigente.<\/p>\n\n\n\n<p>La instituci\u00f3n inform\u00f3 que durante la reuni\u00f3n del Comit\u00e9 Ejecutivo de la Liga Profesional los dirigentes resolvieron por unanimidad solicitar la<strong> suspensi\u00f3n de la fecha 9 del torneo, prevista entre el jueves 5 y el domingo 8 de marzo<\/strong>. La medida tambi\u00e9n alcanzar\u00eda al resto de las categor\u00edas del f\u00fatbol argentino.<\/p>\n\n\n\n<p>La decisi\u00f3n fue presentada como una se\u00f1al de repudio a la denuncia impulsada por ARCA y como un respaldo institucional a las autoridades involucradas, en medio de un conflicto judicial que ahora suma impacto directo en la organizaci\u00f3n del calendario del f\u00fatbol local.<\/p>\n","protected":false},"excerpt":{"rendered":"<p>La Asociaci\u00f3n del F\u00fatbol Argentino emiti\u00f3 un comunicado para responder a la decisi\u00f3n judicial de llamar a prestar declaraci\u00f3n indagatoria a sus autoridades en el marco de una causa por&hellip;<\/p>\n","protected":false},"author":5,"featured_media":320108,"comment_status":"closed","ping_status":"open","sticky":false,"template":"","format":"standard","meta":{"_acf_changed":false,"footnotes":""},"categories":[1,12],"tags":[],"class_list":["post-320502","post","type-post","status-publish","format-standard","has-post-thumbnail","hentry","category-es-noticia","category-sociedad"],"acf":[],"yoast_head":"<!-- This site is optimized with the Yoast SEO plugin v27.4 - https:\/\/yoast.com\/product\/yoast-seo-wordpress\/ -->\n<title>La AFA convoc\u00f3 a un paro en el f\u00fatbol en rechazo a las denuncias de ARCA - Diario Textual<\/title>\n<meta name=\"robots\" content=\"index, follow, max-snippet:-1, max-image-preview:large, max-video-preview:-1\" \/>\n<link rel=\"canonical\" href=\"https:\/\/diariotextual.com\/inicio\/index.php\/2026\/02\/23\/la-afa-convoco-a-un-paro-en-el-futbol-en-rechazo-a-las-denuncias-de-arca\/\" \/>\n<meta property=\"og:locale\" content=\"es_ES\" \/>\n<meta property=\"og:type\" content=\"article\" \/>\n<meta property=\"og:title\" content=\"La AFA convoc\u00f3 a un paro en el f\u00fatbol en rechazo a las denuncias de ARCA - Diario Textual\" \/>\n<meta property=\"og:description\" content=\"La Asociaci\u00f3n del F\u00fatbol Argentino emiti\u00f3 un comunicado para responder a la decisi\u00f3n judicial de llamar a prestar declaraci\u00f3n indagatoria a sus autoridades en el marco de una causa por&hellip;\" \/>\n<meta property=\"og:url\" content=\"https:\/\/diariotextual.com\/inicio\/index.php\/2026\/02\/23\/la-afa-convoco-a-un-paro-en-el-futbol-en-rechazo-a-las-denuncias-de-arca\/\" \/>\n<meta property=\"og:site_name\" content=\"Diario Textual\" \/>\n<meta property=\"article:publisher\" content=\"https:\/\/www.facebook.com\/eltextual\" \/>\n<meta property=\"article:published_time\" content=\"2026-02-23T19:57:29+00:00\" \/>\n<meta property=\"article:modified_time\" content=\"2026-02-23T20:41:43+00:00\" \/>\n<meta property=\"og:image\" content=\"https:\/\/diariotextual.com\/inicio\/wp-content\/uploads\/2026\/02\/tapiaclaudiotapiachiqui2026-77.jpg\" \/>\n\t<meta property=\"og:image:width\" content=\"1440\" \/>\n\t<meta property=\"og:image:height\" content=\"806\" \/>\n\t<meta property=\"og:image:type\" content=\"image\/jpeg\" \/>\n<meta name=\"author\" content=\"diario3\" \/>\n<meta name=\"twitter:card\" content=\"summary_large_image\" \/>\n<meta name=\"twitter:creator\" content=\"@eltextual\" \/>\n<meta name=\"twitter:site\" content=\"@eltextual\" \/>\n<meta name=\"twitter:label1\" content=\"Escrito por\" \/>\n\t<meta name=\"twitter:data1\" content=\"diario3\" \/>\n\t<meta name=\"twitter:label2\" content=\"Tiempo de lectura\" \/>\n\t<meta name=\"twitter:data2\" content=\"2 minutos\" \/>\n<script type=\"application\/ld+json\" class=\"yoast-schema-graph\">{\"@context\":\"https:\\\/\\\/schema.org\",\"@graph\":[{\"@type\":\"Article\",\"@id\":\"https:\\\/\\\/diariotextual.com\\\/inicio\\\/index.php\\\/2026\\\/02\\\/23\\\/la-afa-convoco-a-un-paro-en-el-futbol-en-rechazo-a-las-denuncias-de-arca\\\/#article\",\"isPartOf\":{\"@id\":\"https:\\\/\\\/diariotextual.com\\\/inicio\\\/index.php\\\/2026\\\/02\\\/23\\\/la-afa-convoco-a-un-paro-en-el-futbol-en-rechazo-a-las-denuncias-de-arca\\\/\"},\"author\":{\"name\":\"diario3\",\"@id\":\"https:\\\/\\\/diariotextual.com\\\/inicio\\\/#\\\/schema\\\/person\\\/a1b6f563e0ee944c60f98119389a4d9f\"},\"headline\":\"La AFA convoc\u00f3 a un paro en el f\u00fatbol en rechazo a las denuncias de ARCA\",\"datePublished\":\"2026-02-23T19:57:29+00:00\",\"dateModified\":\"2026-02-23T20:41:43+00:00\",\"mainEntityOfPage\":{\"@id\":\"https:\\\/\\\/diariotextual.com\\\/inicio\\\/index.php\\\/2026\\\/02\\\/23\\\/la-afa-convoco-a-un-paro-en-el-futbol-en-rechazo-a-las-denuncias-de-arca\\\/\"},\"wordCount\":258,\"publisher\":{\"@id\":\"https:\\\/\\\/diariotextual.com\\\/inicio\\\/#organization\"},\"image\":{\"@id\":\"https:\\\/\\\/diariotextual.com\\\/inicio\\\/index.php\\\/2026\\\/02\\\/23\\\/la-afa-convoco-a-un-paro-en-el-futbol-en-rechazo-a-las-denuncias-de-arca\\\/#primaryimage\"},\"thumbnailUrl\":\"https:\\\/\\\/diariotextual.com\\\/inicio\\\/wp-content\\\/uploads\\\/2026\\\/02\\\/tapiaclaudiotapiachiqui2026-77.jpg\",\"articleSection\":[\"A - ES NOTICIA (van abajo)\",\"SOCIEDAD\"],\"inLanguage\":\"es\"},{\"@type\":\"WebPage\",\"@id\":\"https:\\\/\\\/diariotextual.com\\\/inicio\\\/index.php\\\/2026\\\/02\\\/23\\\/la-afa-convoco-a-un-paro-en-el-futbol-en-rechazo-a-las-denuncias-de-arca\\\/\",\"url\":\"https:\\\/\\\/diariotextual.com\\\/inicio\\\/index.php\\\/2026\\\/02\\\/23\\\/la-afa-convoco-a-un-paro-en-el-futbol-en-rechazo-a-las-denuncias-de-arca\\\/\",\"name\":\"La AFA convoc\u00f3 a un paro en el f\u00fatbol en rechazo a las denuncias de ARCA - Diario Textual\",\"isPartOf\":{\"@id\":\"https:\\\/\\\/diariotextual.com\\\/inicio\\\/#website\"},\"primaryImageOfPage\":{\"@id\":\"https:\\\/\\\/diariotextual.com\\\/inicio\\\/index.php\\\/2026\\\/02\\\/23\\\/la-afa-convoco-a-un-paro-en-el-futbol-en-rechazo-a-las-denuncias-de-arca\\\/#primaryimage\"},\"image\":{\"@id\":\"https:\\\/\\\/diariotextual.com\\\/inicio\\\/index.php\\\/2026\\\/02\\\/23\\\/la-afa-convoco-a-un-paro-en-el-futbol-en-rechazo-a-las-denuncias-de-arca\\\/#primaryimage\"},\"thumbnailUrl\":\"https:\\\/\\\/diariotextual.com\\\/inicio\\\/wp-content\\\/uploads\\\/2026\\\/02\\\/tapiaclaudiotapiachiqui2026-77.jpg\",\"datePublished\":\"2026-02-23T19:57:29+00:00\",\"dateModified\":\"2026-02-23T20:41:43+00:00\",\"breadcrumb\":{\"@id\":\"https:\\\/\\\/diariotextual.com\\\/inicio\\\/index.php\\\/2026\\\/02\\\/23\\\/la-afa-convoco-a-un-paro-en-el-futbol-en-rechazo-a-las-denuncias-de-arca\\\/#breadcrumb\"},\"inLanguage\":\"es\",\"potentialAction\":[{\"@type\":\"ReadAction\",\"target\":[\"https:\\\/\\\/diariotextual.com\\\/inicio\\\/index.php\\\/2026\\\/02\\\/23\\\/la-afa-convoco-a-un-paro-en-el-futbol-en-rechazo-a-las-denuncias-de-arca\\\/\"]}]},{\"@type\":\"ImageObject\",\"inLanguage\":\"es\",\"@id\":\"https:\\\/\\\/diariotextual.com\\\/inicio\\\/index.php\\\/2026\\\/02\\\/23\\\/la-afa-convoco-a-un-paro-en-el-futbol-en-rechazo-a-las-denuncias-de-arca\\\/#primaryimage\",\"url\":\"https:\\\/\\\/diariotextual.com\\\/inicio\\\/wp-content\\\/uploads\\\/2026\\\/02\\\/tapiaclaudiotapiachiqui2026-77.jpg\",\"contentUrl\":\"https:\\\/\\\/diariotextual.com\\\/inicio\\\/wp-content\\\/uploads\\\/2026\\\/02\\\/tapiaclaudiotapiachiqui2026-77.jpg\",\"width\":1440,\"height\":806},{\"@type\":\"BreadcrumbList\",\"@id\":\"https:\\\/\\\/diariotextual.com\\\/inicio\\\/index.php\\\/2026\\\/02\\\/23\\\/la-afa-convoco-a-un-paro-en-el-futbol-en-rechazo-a-las-denuncias-de-arca\\\/#breadcrumb\",\"itemListElement\":[{\"@type\":\"ListItem\",\"position\":1,\"name\":\"Portada\",\"item\":\"https:\\\/\\\/diariotextual.com\\\/inicio\\\/\"},{\"@type\":\"ListItem\",\"position\":2,\"name\":\"La AFA convoc\u00f3 a un paro en el f\u00fatbol en rechazo a las denuncias de ARCA\"}]},{\"@type\":\"WebSite\",\"@id\":\"https:\\\/\\\/diariotextual.com\\\/inicio\\\/#website\",\"url\":\"https:\\\/\\\/diariotextual.com\\\/inicio\\\/\",\"name\":\"Diario Textual\",\"description\":\"\",\"publisher\":{\"@id\":\"https:\\\/\\\/diariotextual.com\\\/inicio\\\/#organization\"},\"potentialAction\":[{\"@type\":\"SearchAction\",\"target\":{\"@type\":\"EntryPoint\",\"urlTemplate\":\"https:\\\/\\\/diariotextual.com\\\/inicio\\\/?s={search_term_string}\"},\"query-input\":{\"@type\":\"PropertyValueSpecification\",\"valueRequired\":true,\"valueName\":\"search_term_string\"}}],\"inLanguage\":\"es\"},{\"@type\":\"Organization\",\"@id\":\"https:\\\/\\\/diariotextual.com\\\/inicio\\\/#organization\",\"name\":\"Diario Textual\",\"url\":\"https:\\\/\\\/diariotextual.com\\\/inicio\\\/\",\"logo\":{\"@type\":\"ImageObject\",\"inLanguage\":\"es\",\"@id\":\"https:\\\/\\\/diariotextual.com\\\/inicio\\\/#\\\/schema\\\/logo\\\/image\\\/\",\"url\":\"https:\\\/\\\/diariotextual.com\\\/inicio\\\/wp-content\\\/uploads\\\/2023\\\/05\\\/logotextual1.jpg\",\"contentUrl\":\"https:\\\/\\\/diariotextual.com\\\/inicio\\\/wp-content\\\/uploads\\\/2023\\\/05\\\/logotextual1.jpg\",\"width\":516,\"height\":76,\"caption\":\"Diario Textual\"},\"image\":{\"@id\":\"https:\\\/\\\/diariotextual.com\\\/inicio\\\/#\\\/schema\\\/logo\\\/image\\\/\"},\"sameAs\":[\"https:\\\/\\\/www.facebook.com\\\/eltextual\",\"https:\\\/\\\/x.com\\\/eltextual\",\"http:\\\/\\\/www.instagram.com\\\/eltextual\"]},{\"@type\":\"Person\",\"@id\":\"https:\\\/\\\/diariotextual.com\\\/inicio\\\/#\\\/schema\\\/person\\\/a1b6f563e0ee944c60f98119389a4d9f\",\"name\":\"diario3\",\"image\":{\"@type\":\"ImageObject\",\"inLanguage\":\"es\",\"@id\":\"https:\\\/\\\/secure.gravatar.com\\\/avatar\\\/5e7ee62c82fc04d9dd79d746a390d93c69c43223e5faeeb3ea9461ef752bfc5d?s=96&d=mm&r=g\",\"url\":\"https:\\\/\\\/secure.gravatar.com\\\/avatar\\\/5e7ee62c82fc04d9dd79d746a390d93c69c43223e5faeeb3ea9461ef752bfc5d?s=96&d=mm&r=g\",\"contentUrl\":\"https:\\\/\\\/secure.gravatar.com\\\/avatar\\\/5e7ee62c82fc04d9dd79d746a390d93c69c43223e5faeeb3ea9461ef752bfc5d?s=96&d=mm&r=g\",\"caption\":\"diario3\"},\"url\":\"https:\\\/\\\/diariotextual.com\\\/inicio\\\/index.php\\\/author\\\/diario3\\\/\"}]}<\/script>\n<!-- \/ Yoast SEO plugin. -->","yoast_head_json":{"title":"La AFA convoc\u00f3 a un paro en el f\u00fatbol en rechazo a las denuncias de ARCA - Diario Textual","robots":{"index":"index","follow":"follow","max-snippet":"max-snippet:-1","max-image-preview":"max-image-preview:large","max-video-preview":"max-video-preview:-1"},"canonical":"https:\/\/diariotextual.com\/inicio\/index.php\/2026\/02\/23\/la-afa-convoco-a-un-paro-en-el-futbol-en-rechazo-a-las-denuncias-de-arca\/","og_locale":"es_ES","og_type":"article","og_title":"La AFA convoc\u00f3 a un paro en el f\u00fatbol en rechazo a las denuncias de ARCA - Diario Textual","og_description":"La Asociaci\u00f3n del F\u00fatbol Argentino emiti\u00f3 un comunicado para responder a la decisi\u00f3n judicial de llamar a prestar declaraci\u00f3n indagatoria a sus autoridades en el marco de una causa por&hellip;","og_url":"https:\/\/diariotextual.com\/inicio\/index.php\/2026\/02\/23\/la-afa-convoco-a-un-paro-en-el-futbol-en-rechazo-a-las-denuncias-de-arca\/","og_site_name":"Diario Textual","article_publisher":"https:\/\/www.facebook.com\/eltextual","article_published_time":"2026-02-23T19:57:29+00:00","article_modified_time":"2026-02-23T20:41:43+00:00","og_image":[{"width":1440,"height":806,"url":"https:\/\/diariotextual.com\/inicio\/wp-content\/uploads\/2026\/02\/tapiaclaudiotapiachiqui2026-77.jpg","type":"image\/jpeg"}],"author":"diario3","twitter_card":"summary_large_image","twitter_creator":"@eltextual","twitter_site":"@eltextual","twitter_misc":{"Escrito por":"diario3","Tiempo de lectura":"2 minutos"},"schema":{"@context":"https:\/\/schema.org","@graph":[{"@type":"Article","@id":"https:\/\/diariotextual.com\/inicio\/index.php\/2026\/02\/23\/la-afa-convoco-a-un-paro-en-el-futbol-en-rechazo-a-las-denuncias-de-arca\/#article","isPartOf":{"@id":"https:\/\/diariotextual.com\/inicio\/index.php\/2026\/02\/23\/la-afa-convoco-a-un-paro-en-el-futbol-en-rechazo-a-las-denuncias-de-arca\/"},"author":{"name":"diario3","@id":"https:\/\/diariotextual.com\/inicio\/#\/schema\/person\/a1b6f563e0ee944c60f98119389a4d9f"},"headline":"La AFA convoc\u00f3 a un paro en el f\u00fatbol en rechazo a las denuncias de ARCA","datePublished":"2026-02-23T19:57:29+00:00","dateModified":"2026-02-23T20:41:43+00:00","mainEntityOfPage":{"@id":"https:\/\/diariotextual.com\/inicio\/index.php\/2026\/02\/23\/la-afa-convoco-a-un-paro-en-el-futbol-en-rechazo-a-las-denuncias-de-arca\/"},"wordCount":258,"publisher":{"@id":"https:\/\/diariotextual.com\/inicio\/#organization"},"image":{"@id":"https:\/\/diariotextual.com\/inicio\/index.php\/2026\/02\/23\/la-afa-convoco-a-un-paro-en-el-futbol-en-rechazo-a-las-denuncias-de-arca\/#primaryimage"},"thumbnailUrl":"https:\/\/diariotextual.com\/inicio\/wp-content\/uploads\/2026\/02\/tapiaclaudiotapiachiqui2026-77.jpg","articleSection":["A - ES NOTICIA (van abajo)","SOCIEDAD"],"inLanguage":"es"},{"@type":"WebPage","@id":"https:\/\/diariotextual.com\/inicio\/index.php\/2026\/02\/23\/la-afa-convoco-a-un-paro-en-el-futbol-en-rechazo-a-las-denuncias-de-arca\/","url":"https:\/\/diariotextual.com\/inicio\/index.php\/2026\/02\/23\/la-afa-convoco-a-un-paro-en-el-futbol-en-rechazo-a-las-denuncias-de-arca\/","name":"La AFA convoc\u00f3 a un paro en el f\u00fatbol en rechazo a las denuncias de ARCA - Diario Textual","isPartOf":{"@id":"https:\/\/diariotextual.com\/inicio\/#website"},"primaryImageOfPage":{"@id":"https:\/\/diariotextual.com\/inicio\/index.php\/2026\/02\/23\/la-afa-convoco-a-un-paro-en-el-futbol-en-rechazo-a-las-denuncias-de-arca\/#primaryimage"},"image":{"@id":"https:\/\/diariotextual.com\/inicio\/index.php\/2026\/02\/23\/la-afa-convoco-a-un-paro-en-el-futbol-en-rechazo-a-las-denuncias-de-arca\/#primaryimage"},"thumbnailUrl":"https:\/\/diariotextual.com\/inicio\/wp-content\/uploads\/2026\/02\/tapiaclaudiotapiachiqui2026-77.jpg","datePublished":"2026-02-23T19:57:29+00:00","dateModified":"2026-02-23T20:41:43+00:00","breadcrumb":{"@id":"https:\/\/diariotextual.com\/inicio\/index.php\/2026\/02\/23\/la-afa-convoco-a-un-paro-en-el-futbol-en-rechazo-a-las-denuncias-de-arca\/#breadcrumb"},"inLanguage":"es","potentialAction":[{"@type":"ReadAction","target":["https:\/\/diariotextual.com\/inicio\/index.php\/2026\/02\/23\/la-afa-convoco-a-un-paro-en-el-futbol-en-rechazo-a-las-denuncias-de-arca\/"]}]},{"@type":"ImageObject","inLanguage":"es","@id":"https:\/\/diariotextual.com\/inicio\/index.php\/2026\/02\/23\/la-afa-convoco-a-un-paro-en-el-futbol-en-rechazo-a-las-denuncias-de-arca\/#primaryimage","url":"https:\/\/diariotextual.com\/inicio\/wp-content\/uploads\/2026\/02\/tapiaclaudiotapiachiqui2026-77.jpg","contentUrl":"https:\/\/diariotextual.com\/inicio\/wp-content\/uploads\/2026\/02\/tapiaclaudiotapiachiqui2026-77.jpg","width":1440,"height":806},{"@type":"BreadcrumbList","@id":"https:\/\/diariotextual.com\/inicio\/index.php\/2026\/02\/23\/la-afa-convoco-a-un-paro-en-el-futbol-en-rechazo-a-las-denuncias-de-arca\/#breadcrumb","itemListElement":[{"@type":"ListItem","position":1,"name":"Portada","item":"https:\/\/diariotextual.com\/inicio\/"},{"@type":"ListItem","position":2,"name":"La AFA convoc\u00f3 a un paro en el f\u00fatbol en rechazo a las denuncias de ARCA"}]},{"@type":"WebSite","@id":"https:\/\/diariotextual.com\/inicio\/#website","url":"https:\/\/diariotextual.com\/inicio\/","name":"Diario Textual","description":"","publisher":{"@id":"https:\/\/diariotextual.com\/inicio\/#organization"},"potentialAction":[{"@type":"SearchAction","target":{"@type":"EntryPoint","urlTemplate":"https:\/\/diariotextual.com\/inicio\/?s={search_term_string}"},"query-input":{"@type":"PropertyValueSpecification","valueRequired":true,"valueName":"search_term_string"}}],"inLanguage":"es"},{"@type":"Organization","@id":"https:\/\/diariotextual.com\/inicio\/#organization","name":"Diario Textual","url":"https:\/\/diariotextual.com\/inicio\/","logo":{"@type":"ImageObject","inLanguage":"es","@id":"https:\/\/diariotextual.com\/inicio\/#\/schema\/logo\/image\/","url":"https:\/\/diariotextual.com\/inicio\/wp-content\/uploads\/2023\/05\/logotextual1.jpg","contentUrl":"https:\/\/diariotextual.com\/inicio\/wp-content\/uploads\/2023\/05\/logotextual1.jpg","width":516,"height":76,"caption":"Diario Textual"},"image":{"@id":"https:\/\/diariotextual.com\/inicio\/#\/schema\/logo\/image\/"},"sameAs":["https:\/\/www.facebook.com\/eltextual","https:\/\/x.com\/eltextual","http:\/\/www.instagram.com\/eltextual"]},{"@type":"Person","@id":"https:\/\/diariotextual.com\/inicio\/#\/schema\/person\/a1b6f563e0ee944c60f98119389a4d9f","name":"diario3","image":{"@type":"ImageObject","inLanguage":"es","@id":"https:\/\/secure.gravatar.com\/avatar\/5e7ee62c82fc04d9dd79d746a390d93c69c43223e5faeeb3ea9461ef752bfc5d?s=96&d=mm&r=g","url":"https:\/\/secure.gravatar.com\/avatar\/5e7ee62c82fc04d9dd79d746a390d93c69c43223e5faeeb3ea9461ef752bfc5d?s=96&d=mm&r=g","contentUrl":"https:\/\/secure.gravatar.com\/avatar\/5e7ee62c82fc04d9dd79d746a390d93c69c43223e5faeeb3ea9461ef752bfc5d?s=96&d=mm&r=g","caption":"diario3"},"url":"https:\/\/diariotextual.com\/inicio\/index.php\/author\/diario3\/"}]}},"_links":{"self":[{"href":"https:\/\/diariotextual.com\/inicio\/index.php\/wp-json\/wp\/v2\/posts\/320502","targetHints":{"allow":["GET"]}}],"collection":[{"href":"https:\/\/diariotextual.com\/inicio\/index.php\/wp-json\/wp\/v2\/posts"}],"about":[{"href":"https:\/\/diariotextual.com\/inicio\/index.php\/wp-json\/wp\/v2\/types\/post"}],"author":[{"embeddable":true,"href":"https:\/\/diariotextual.com\/inicio\/index.php\/wp-json\/wp\/v2\/users\/5"}],"replies":[{"embeddable":true,"href":"https:\/\/diariotextual.com\/inicio\/index.php\/wp-json\/wp\/v2\/comments?post=320502"}],"version-history":[{"count":1,"href":"https:\/\/diariotextual.com\/inicio\/index.php\/wp-json\/wp\/v2\/posts\/320502\/revisions"}],"predecessor-version":[{"id":320503,"href":"https:\/\/diariotextual.com\/inicio\/index.php\/wp-json\/wp\/v2\/posts\/320502\/revisions\/320503"}],"wp:featuredmedia":[{"embeddable":true,"href":"https:\/\/diariotextual.com\/inicio\/index.php\/wp-json\/wp\/v2\/media\/320108"}],"wp:attachment":[{"href":"https:\/\/diariotextual.com\/inicio\/index.php\/wp-json\/wp\/v2\/media?parent=320502"}],"wp:term":[{"taxonomy":"category","embeddable":true,"href":"https:\/\/diariotextual.com\/inicio\/index.php\/wp-json\/wp\/v2\/categories?post=320502"},{"taxonomy":"post_tag","embeddable":true,"href":"https:\/\/diariotextual.com\/inicio\/index.php\/wp-json\/wp\/v2\/tags?post=320502"}],"curies":[{"name":"wp","href":"https:\/\/api.w.org\/{rel}","templated":true}]}}