{"id":320571,"date":"2026-02-24T17:07:50","date_gmt":"2026-02-24T20:07:50","guid":{"rendered":"https:\/\/diariotextual.com\/inicio\/?p=320571"},"modified":"2026-02-25T07:37:51","modified_gmt":"2026-02-25T10:37:51","slug":"ruta-nacional-5-nacion-subio-las-tarifas-de-los-peajes","status":"publish","type":"post","link":"https:\/\/diariotextual.com\/inicio\/index.php\/2026\/02\/24\/ruta-nacional-5-nacion-subio-las-tarifas-de-los-peajes\/","title":{"rendered":"Ruta nacional 5: Naci\u00f3n subi\u00f3 las tarifas de los peajes"},"content":{"rendered":"\n<p>El Gobierno nacional estableci\u00f3 un <strong>nuevo esquema de tarifas para rutas y autopistas nacionales de todo el pa\u00eds bajo la operaci\u00f3n de la empresa concesionaria Corredores Viales<\/strong>. Los aumentos, seg\u00fan inform\u00f3 Vialidad Nacional, <strong>empezar\u00e1n a regir desde la 0 horas de este jueves 26.<\/strong><\/p>\n\n\n\n<p>Las nuevas tarifas alcanzan a las estaciones de peaje ubicadas en los tramos del I al X de la concesionaria, incluyendo <strong>distintos tramos de las rutas 3, 205, 5, 7,<\/strong> <strong>8, 9 y 12<\/strong>, entre otras.<\/p>\n\n\n\n<p>La <strong>suba alcanzar\u00e1 un 15,4% del valor vigente en los principales peajes del pa\u00eds<\/strong>. La normativa abarca a todos los tramos que opera la empresa estatal Corredores Viales S.A., actualmente en proceso de privatizaci\u00f3n.<\/p>\n\n\n\n<p>La actualizaci\u00f3n tarifaria no introduce diferencias entre el pago en efectivo y el sistema autom\u00e1tico TelePASE. A partir de esta modificaci\u00f3n, el monto a abonar ser\u00e1 id\u00e9ntico en todas las franjas horarias y para todas las categor\u00edas de veh\u00edculos, sin distinci\u00f3n por m\u00e9todo de pago. No obstante, la Direcci\u00f3n Nacional de Vialidad promueve el uso de TelePASE con el argumento de que agiliza el cobro y reduce los tiempos de viaje en las estaciones de peaje.<\/p>\n\n\n\n<p>De acuerdo con el comunicado oficial de Vialidad Nacional, la resoluci\u00f3n que habilita este nuevo cuadro tarifario se public\u00f3 en el Bolet\u00edn Oficial bajo el n\u00famero 248\/2026. La actualizaci\u00f3n se realiz\u00f3 tras la instancia de participaci\u00f3n ciudadana, un proceso que Corredores Viales S.A. desarroll\u00f3 en cumplimiento de la Resoluci\u00f3n 42\/2026. Durante ese per\u00edodo, los interesados accedieron al detalle del proyecto, analizaron el tarifario propuesto y tuvieron la posibilidad de presentar observaciones formales.<\/p>\n\n\n\n<p>En las rutas nacionales bajo concesi\u00f3n de Corredores Viales S.A., los precios tambi\u00e9n experimentan una suba significativa. <strong>Los veh\u00edculos de hasta dos ejes y hasta 2,30 metros de altura pasar\u00e1n a pagar $1.500<\/strong>. Para los que superan esa altura o cuentan con rueda doble, el nuevo valor ser\u00e1 de $3.000. <\/p>\n\n\n\n<p>Las tarifas para unidades de tres o cuatro ejes y hasta 2,30 metros de altura se ubican en $4.500, y en $6.000 si el veh\u00edculo excede esa altura o incorpora rueda doble. Los veh\u00edculos de cinco o seis ejes abonar\u00e1n $7.500, y aquellos con m\u00e1s de seis ejes deber\u00e1n pagar $9.000.<\/p>\n","protected":false},"excerpt":{"rendered":"<p>El Gobierno nacional estableci\u00f3 un nuevo esquema de tarifas para rutas y autopistas nacionales de todo el pa\u00eds bajo la operaci\u00f3n de la empresa concesionaria Corredores Viales. Los aumentos, seg\u00fan&hellip;<\/p>\n","protected":false},"author":5,"featured_media":320572,"comment_status":"closed","ping_status":"open","sticky":false,"template":"","format":"standard","meta":{"_acf_changed":false,"footnotes":""},"categories":[1,12],"tags":[],"class_list":["post-320571","post","type-post","status-publish","format-standard","has-post-thumbnail","hentry","category-es-noticia","category-sociedad"],"acf":[],"yoast_head":"<!-- This site is optimized with the Yoast SEO plugin v27.4 - https:\/\/yoast.com\/product\/yoast-seo-wordpress\/ -->\n<title>Ruta nacional 5: Naci\u00f3n subi\u00f3 las tarifas de los peajes - Diario Textual<\/title>\n<meta name=\"robots\" content=\"index, follow, max-snippet:-1, max-image-preview:large, max-video-preview:-1\" \/>\n<link rel=\"canonical\" href=\"https:\/\/diariotextual.com\/inicio\/index.php\/2026\/02\/24\/ruta-nacional-5-nacion-subio-las-tarifas-de-los-peajes\/\" \/>\n<meta property=\"og:locale\" content=\"es_ES\" \/>\n<meta property=\"og:type\" content=\"article\" \/>\n<meta property=\"og:title\" content=\"Ruta nacional 5: Naci\u00f3n subi\u00f3 las tarifas de los peajes - Diario Textual\" \/>\n<meta property=\"og:description\" content=\"El Gobierno nacional estableci\u00f3 un nuevo esquema de tarifas para rutas y autopistas nacionales de todo el pa\u00eds bajo la operaci\u00f3n de la empresa concesionaria Corredores Viales. Los aumentos, seg\u00fan&hellip;\" \/>\n<meta property=\"og:url\" content=\"https:\/\/diariotextual.com\/inicio\/index.php\/2026\/02\/24\/ruta-nacional-5-nacion-subio-las-tarifas-de-los-peajes\/\" \/>\n<meta property=\"og:site_name\" content=\"Diario Textual\" \/>\n<meta property=\"article:publisher\" content=\"https:\/\/www.facebook.com\/eltextual\" \/>\n<meta property=\"article:published_time\" content=\"2026-02-24T20:07:50+00:00\" \/>\n<meta property=\"article:modified_time\" content=\"2026-02-25T10:37:51+00:00\" \/>\n<meta property=\"og:image\" content=\"https:\/\/diariotextual.com\/inicio\/wp-content\/uploads\/2026\/02\/peajerutanacional52026.webp\" \/>\n\t<meta property=\"og:image:width\" content=\"1000\" \/>\n\t<meta property=\"og:image:height\" content=\"620\" \/>\n\t<meta property=\"og:image:type\" content=\"image\/webp\" \/>\n<meta name=\"author\" content=\"diario3\" \/>\n<meta name=\"twitter:card\" content=\"summary_large_image\" \/>\n<meta name=\"twitter:creator\" content=\"@eltextual\" \/>\n<meta name=\"twitter:site\" content=\"@eltextual\" \/>\n<meta name=\"twitter:label1\" content=\"Escrito por\" \/>\n\t<meta name=\"twitter:data1\" content=\"diario3\" \/>\n\t<meta name=\"twitter:label2\" content=\"Tiempo de lectura\" \/>\n\t<meta name=\"twitter:data2\" content=\"2 minutos\" \/>\n<script type=\"application\/ld+json\" class=\"yoast-schema-graph\">{\"@context\":\"https:\\\/\\\/schema.org\",\"@graph\":[{\"@type\":\"Article\",\"@id\":\"https:\\\/\\\/diariotextual.com\\\/inicio\\\/index.php\\\/2026\\\/02\\\/24\\\/ruta-nacional-5-nacion-subio-las-tarifas-de-los-peajes\\\/#article\",\"isPartOf\":{\"@id\":\"https:\\\/\\\/diariotextual.com\\\/inicio\\\/index.php\\\/2026\\\/02\\\/24\\\/ruta-nacional-5-nacion-subio-las-tarifas-de-los-peajes\\\/\"},\"author\":{\"name\":\"diario3\",\"@id\":\"https:\\\/\\\/diariotextual.com\\\/inicio\\\/#\\\/schema\\\/person\\\/a1b6f563e0ee944c60f98119389a4d9f\"},\"headline\":\"Ruta nacional 5: Naci\u00f3n subi\u00f3 las tarifas de los peajes\",\"datePublished\":\"2026-02-24T20:07:50+00:00\",\"dateModified\":\"2026-02-25T10:37:51+00:00\",\"mainEntityOfPage\":{\"@id\":\"https:\\\/\\\/diariotextual.com\\\/inicio\\\/index.php\\\/2026\\\/02\\\/24\\\/ruta-nacional-5-nacion-subio-las-tarifas-de-los-peajes\\\/\"},\"wordCount\":387,\"publisher\":{\"@id\":\"https:\\\/\\\/diariotextual.com\\\/inicio\\\/#organization\"},\"image\":{\"@id\":\"https:\\\/\\\/diariotextual.com\\\/inicio\\\/index.php\\\/2026\\\/02\\\/24\\\/ruta-nacional-5-nacion-subio-las-tarifas-de-los-peajes\\\/#primaryimage\"},\"thumbnailUrl\":\"https:\\\/\\\/diariotextual.com\\\/inicio\\\/wp-content\\\/uploads\\\/2026\\\/02\\\/peajerutanacional52026.webp\",\"articleSection\":[\"A - ES NOTICIA (van abajo)\",\"SOCIEDAD\"],\"inLanguage\":\"es\"},{\"@type\":\"WebPage\",\"@id\":\"https:\\\/\\\/diariotextual.com\\\/inicio\\\/index.php\\\/2026\\\/02\\\/24\\\/ruta-nacional-5-nacion-subio-las-tarifas-de-los-peajes\\\/\",\"url\":\"https:\\\/\\\/diariotextual.com\\\/inicio\\\/index.php\\\/2026\\\/02\\\/24\\\/ruta-nacional-5-nacion-subio-las-tarifas-de-los-peajes\\\/\",\"name\":\"Ruta nacional 5: Naci\u00f3n subi\u00f3 las tarifas de los peajes - Diario Textual\",\"isPartOf\":{\"@id\":\"https:\\\/\\\/diariotextual.com\\\/inicio\\\/#website\"},\"primaryImageOfPage\":{\"@id\":\"https:\\\/\\\/diariotextual.com\\\/inicio\\\/index.php\\\/2026\\\/02\\\/24\\\/ruta-nacional-5-nacion-subio-las-tarifas-de-los-peajes\\\/#primaryimage\"},\"image\":{\"@id\":\"https:\\\/\\\/diariotextual.com\\\/inicio\\\/index.php\\\/2026\\\/02\\\/24\\\/ruta-nacional-5-nacion-subio-las-tarifas-de-los-peajes\\\/#primaryimage\"},\"thumbnailUrl\":\"https:\\\/\\\/diariotextual.com\\\/inicio\\\/wp-content\\\/uploads\\\/2026\\\/02\\\/peajerutanacional52026.webp\",\"datePublished\":\"2026-02-24T20:07:50+00:00\",\"dateModified\":\"2026-02-25T10:37:51+00:00\",\"breadcrumb\":{\"@id\":\"https:\\\/\\\/diariotextual.com\\\/inicio\\\/index.php\\\/2026\\\/02\\\/24\\\/ruta-nacional-5-nacion-subio-las-tarifas-de-los-peajes\\\/#breadcrumb\"},\"inLanguage\":\"es\",\"potentialAction\":[{\"@type\":\"ReadAction\",\"target\":[\"https:\\\/\\\/diariotextual.com\\\/inicio\\\/index.php\\\/2026\\\/02\\\/24\\\/ruta-nacional-5-nacion-subio-las-tarifas-de-los-peajes\\\/\"]}]},{\"@type\":\"ImageObject\",\"inLanguage\":\"es\",\"@id\":\"https:\\\/\\\/diariotextual.com\\\/inicio\\\/index.php\\\/2026\\\/02\\\/24\\\/ruta-nacional-5-nacion-subio-las-tarifas-de-los-peajes\\\/#primaryimage\",\"url\":\"https:\\\/\\\/diariotextual.com\\\/inicio\\\/wp-content\\\/uploads\\\/2026\\\/02\\\/peajerutanacional52026.webp\",\"contentUrl\":\"https:\\\/\\\/diariotextual.com\\\/inicio\\\/wp-content\\\/uploads\\\/2026\\\/02\\\/peajerutanacional52026.webp\",\"width\":1000,\"height\":620},{\"@type\":\"BreadcrumbList\",\"@id\":\"https:\\\/\\\/diariotextual.com\\\/inicio\\\/index.php\\\/2026\\\/02\\\/24\\\/ruta-nacional-5-nacion-subio-las-tarifas-de-los-peajes\\\/#breadcrumb\",\"itemListElement\":[{\"@type\":\"ListItem\",\"position\":1,\"name\":\"Portada\",\"item\":\"https:\\\/\\\/diariotextual.com\\\/inicio\\\/\"},{\"@type\":\"ListItem\",\"position\":2,\"name\":\"Ruta nacional 5: Naci\u00f3n subi\u00f3 las tarifas de los peajes\"}]},{\"@type\":\"WebSite\",\"@id\":\"https:\\\/\\\/diariotextual.com\\\/inicio\\\/#website\",\"url\":\"https:\\\/\\\/diariotextual.com\\\/inicio\\\/\",\"name\":\"Diario Textual\",\"description\":\"\",\"publisher\":{\"@id\":\"https:\\\/\\\/diariotextual.com\\\/inicio\\\/#organization\"},\"potentialAction\":[{\"@type\":\"SearchAction\",\"target\":{\"@type\":\"EntryPoint\",\"urlTemplate\":\"https:\\\/\\\/diariotextual.com\\\/inicio\\\/?s={search_term_string}\"},\"query-input\":{\"@type\":\"PropertyValueSpecification\",\"valueRequired\":true,\"valueName\":\"search_term_string\"}}],\"inLanguage\":\"es\"},{\"@type\":\"Organization\",\"@id\":\"https:\\\/\\\/diariotextual.com\\\/inicio\\\/#organization\",\"name\":\"Diario Textual\",\"url\":\"https:\\\/\\\/diariotextual.com\\\/inicio\\\/\",\"logo\":{\"@type\":\"ImageObject\",\"inLanguage\":\"es\",\"@id\":\"https:\\\/\\\/diariotextual.com\\\/inicio\\\/#\\\/schema\\\/logo\\\/image\\\/\",\"url\":\"https:\\\/\\\/diariotextual.com\\\/inicio\\\/wp-content\\\/uploads\\\/2023\\\/05\\\/logotextual1.jpg\",\"contentUrl\":\"https:\\\/\\\/diariotextual.com\\\/inicio\\\/wp-content\\\/uploads\\\/2023\\\/05\\\/logotextual1.jpg\",\"width\":516,\"height\":76,\"caption\":\"Diario Textual\"},\"image\":{\"@id\":\"https:\\\/\\\/diariotextual.com\\\/inicio\\\/#\\\/schema\\\/logo\\\/image\\\/\"},\"sameAs\":[\"https:\\\/\\\/www.facebook.com\\\/eltextual\",\"https:\\\/\\\/x.com\\\/eltextual\",\"http:\\\/\\\/www.instagram.com\\\/eltextual\"]},{\"@type\":\"Person\",\"@id\":\"https:\\\/\\\/diariotextual.com\\\/inicio\\\/#\\\/schema\\\/person\\\/a1b6f563e0ee944c60f98119389a4d9f\",\"name\":\"diario3\",\"image\":{\"@type\":\"ImageObject\",\"inLanguage\":\"es\",\"@id\":\"https:\\\/\\\/secure.gravatar.com\\\/avatar\\\/5e7ee62c82fc04d9dd79d746a390d93c69c43223e5faeeb3ea9461ef752bfc5d?s=96&d=mm&r=g\",\"url\":\"https:\\\/\\\/secure.gravatar.com\\\/avatar\\\/5e7ee62c82fc04d9dd79d746a390d93c69c43223e5faeeb3ea9461ef752bfc5d?s=96&d=mm&r=g\",\"contentUrl\":\"https:\\\/\\\/secure.gravatar.com\\\/avatar\\\/5e7ee62c82fc04d9dd79d746a390d93c69c43223e5faeeb3ea9461ef752bfc5d?s=96&d=mm&r=g\",\"caption\":\"diario3\"},\"url\":\"https:\\\/\\\/diariotextual.com\\\/inicio\\\/index.php\\\/author\\\/diario3\\\/\"}]}<\/script>\n<!-- \/ Yoast SEO plugin. -->","yoast_head_json":{"title":"Ruta nacional 5: Naci\u00f3n subi\u00f3 las tarifas de los peajes - Diario Textual","robots":{"index":"index","follow":"follow","max-snippet":"max-snippet:-1","max-image-preview":"max-image-preview:large","max-video-preview":"max-video-preview:-1"},"canonical":"https:\/\/diariotextual.com\/inicio\/index.php\/2026\/02\/24\/ruta-nacional-5-nacion-subio-las-tarifas-de-los-peajes\/","og_locale":"es_ES","og_type":"article","og_title":"Ruta nacional 5: Naci\u00f3n subi\u00f3 las tarifas de los peajes - Diario Textual","og_description":"El Gobierno nacional estableci\u00f3 un nuevo esquema de tarifas para rutas y autopistas nacionales de todo el pa\u00eds bajo la operaci\u00f3n de la empresa concesionaria Corredores Viales. Los aumentos, seg\u00fan&hellip;","og_url":"https:\/\/diariotextual.com\/inicio\/index.php\/2026\/02\/24\/ruta-nacional-5-nacion-subio-las-tarifas-de-los-peajes\/","og_site_name":"Diario Textual","article_publisher":"https:\/\/www.facebook.com\/eltextual","article_published_time":"2026-02-24T20:07:50+00:00","article_modified_time":"2026-02-25T10:37:51+00:00","og_image":[{"width":1000,"height":620,"url":"https:\/\/diariotextual.com\/inicio\/wp-content\/uploads\/2026\/02\/peajerutanacional52026.webp","type":"image\/webp"}],"author":"diario3","twitter_card":"summary_large_image","twitter_creator":"@eltextual","twitter_site":"@eltextual","twitter_misc":{"Escrito por":"diario3","Tiempo de lectura":"2 minutos"},"schema":{"@context":"https:\/\/schema.org","@graph":[{"@type":"Article","@id":"https:\/\/diariotextual.com\/inicio\/index.php\/2026\/02\/24\/ruta-nacional-5-nacion-subio-las-tarifas-de-los-peajes\/#article","isPartOf":{"@id":"https:\/\/diariotextual.com\/inicio\/index.php\/2026\/02\/24\/ruta-nacional-5-nacion-subio-las-tarifas-de-los-peajes\/"},"author":{"name":"diario3","@id":"https:\/\/diariotextual.com\/inicio\/#\/schema\/person\/a1b6f563e0ee944c60f98119389a4d9f"},"headline":"Ruta nacional 5: Naci\u00f3n subi\u00f3 las tarifas de los peajes","datePublished":"2026-02-24T20:07:50+00:00","dateModified":"2026-02-25T10:37:51+00:00","mainEntityOfPage":{"@id":"https:\/\/diariotextual.com\/inicio\/index.php\/2026\/02\/24\/ruta-nacional-5-nacion-subio-las-tarifas-de-los-peajes\/"},"wordCount":387,"publisher":{"@id":"https:\/\/diariotextual.com\/inicio\/#organization"},"image":{"@id":"https:\/\/diariotextual.com\/inicio\/index.php\/2026\/02\/24\/ruta-nacional-5-nacion-subio-las-tarifas-de-los-peajes\/#primaryimage"},"thumbnailUrl":"https:\/\/diariotextual.com\/inicio\/wp-content\/uploads\/2026\/02\/peajerutanacional52026.webp","articleSection":["A - ES NOTICIA (van abajo)","SOCIEDAD"],"inLanguage":"es"},{"@type":"WebPage","@id":"https:\/\/diariotextual.com\/inicio\/index.php\/2026\/02\/24\/ruta-nacional-5-nacion-subio-las-tarifas-de-los-peajes\/","url":"https:\/\/diariotextual.com\/inicio\/index.php\/2026\/02\/24\/ruta-nacional-5-nacion-subio-las-tarifas-de-los-peajes\/","name":"Ruta nacional 5: Naci\u00f3n subi\u00f3 las tarifas de los peajes - Diario Textual","isPartOf":{"@id":"https:\/\/diariotextual.com\/inicio\/#website"},"primaryImageOfPage":{"@id":"https:\/\/diariotextual.com\/inicio\/index.php\/2026\/02\/24\/ruta-nacional-5-nacion-subio-las-tarifas-de-los-peajes\/#primaryimage"},"image":{"@id":"https:\/\/diariotextual.com\/inicio\/index.php\/2026\/02\/24\/ruta-nacional-5-nacion-subio-las-tarifas-de-los-peajes\/#primaryimage"},"thumbnailUrl":"https:\/\/diariotextual.com\/inicio\/wp-content\/uploads\/2026\/02\/peajerutanacional52026.webp","datePublished":"2026-02-24T20:07:50+00:00","dateModified":"2026-02-25T10:37:51+00:00","breadcrumb":{"@id":"https:\/\/diariotextual.com\/inicio\/index.php\/2026\/02\/24\/ruta-nacional-5-nacion-subio-las-tarifas-de-los-peajes\/#breadcrumb"},"inLanguage":"es","potentialAction":[{"@type":"ReadAction","target":["https:\/\/diariotextual.com\/inicio\/index.php\/2026\/02\/24\/ruta-nacional-5-nacion-subio-las-tarifas-de-los-peajes\/"]}]},{"@type":"ImageObject","inLanguage":"es","@id":"https:\/\/diariotextual.com\/inicio\/index.php\/2026\/02\/24\/ruta-nacional-5-nacion-subio-las-tarifas-de-los-peajes\/#primaryimage","url":"https:\/\/diariotextual.com\/inicio\/wp-content\/uploads\/2026\/02\/peajerutanacional52026.webp","contentUrl":"https:\/\/diariotextual.com\/inicio\/wp-content\/uploads\/2026\/02\/peajerutanacional52026.webp","width":1000,"height":620},{"@type":"BreadcrumbList","@id":"https:\/\/diariotextual.com\/inicio\/index.php\/2026\/02\/24\/ruta-nacional-5-nacion-subio-las-tarifas-de-los-peajes\/#breadcrumb","itemListElement":[{"@type":"ListItem","position":1,"name":"Portada","item":"https:\/\/diariotextual.com\/inicio\/"},{"@type":"ListItem","position":2,"name":"Ruta nacional 5: Naci\u00f3n subi\u00f3 las tarifas de los peajes"}]},{"@type":"WebSite","@id":"https:\/\/diariotextual.com\/inicio\/#website","url":"https:\/\/diariotextual.com\/inicio\/","name":"Diario Textual","description":"","publisher":{"@id":"https:\/\/diariotextual.com\/inicio\/#organization"},"potentialAction":[{"@type":"SearchAction","target":{"@type":"EntryPoint","urlTemplate":"https:\/\/diariotextual.com\/inicio\/?s={search_term_string}"},"query-input":{"@type":"PropertyValueSpecification","valueRequired":true,"valueName":"search_term_string"}}],"inLanguage":"es"},{"@type":"Organization","@id":"https:\/\/diariotextual.com\/inicio\/#organization","name":"Diario Textual","url":"https:\/\/diariotextual.com\/inicio\/","logo":{"@type":"ImageObject","inLanguage":"es","@id":"https:\/\/diariotextual.com\/inicio\/#\/schema\/logo\/image\/","url":"https:\/\/diariotextual.com\/inicio\/wp-content\/uploads\/2023\/05\/logotextual1.jpg","contentUrl":"https:\/\/diariotextual.com\/inicio\/wp-content\/uploads\/2023\/05\/logotextual1.jpg","width":516,"height":76,"caption":"Diario Textual"},"image":{"@id":"https:\/\/diariotextual.com\/inicio\/#\/schema\/logo\/image\/"},"sameAs":["https:\/\/www.facebook.com\/eltextual","https:\/\/x.com\/eltextual","http:\/\/www.instagram.com\/eltextual"]},{"@type":"Person","@id":"https:\/\/diariotextual.com\/inicio\/#\/schema\/person\/a1b6f563e0ee944c60f98119389a4d9f","name":"diario3","image":{"@type":"ImageObject","inLanguage":"es","@id":"https:\/\/secure.gravatar.com\/avatar\/5e7ee62c82fc04d9dd79d746a390d93c69c43223e5faeeb3ea9461ef752bfc5d?s=96&d=mm&r=g","url":"https:\/\/secure.gravatar.com\/avatar\/5e7ee62c82fc04d9dd79d746a390d93c69c43223e5faeeb3ea9461ef752bfc5d?s=96&d=mm&r=g","contentUrl":"https:\/\/secure.gravatar.com\/avatar\/5e7ee62c82fc04d9dd79d746a390d93c69c43223e5faeeb3ea9461ef752bfc5d?s=96&d=mm&r=g","caption":"diario3"},"url":"https:\/\/diariotextual.com\/inicio\/index.php\/author\/diario3\/"}]}},"_links":{"self":[{"href":"https:\/\/diariotextual.com\/inicio\/index.php\/wp-json\/wp\/v2\/posts\/320571","targetHints":{"allow":["GET"]}}],"collection":[{"href":"https:\/\/diariotextual.com\/inicio\/index.php\/wp-json\/wp\/v2\/posts"}],"about":[{"href":"https:\/\/diariotextual.com\/inicio\/index.php\/wp-json\/wp\/v2\/types\/post"}],"author":[{"embeddable":true,"href":"https:\/\/diariotextual.com\/inicio\/index.php\/wp-json\/wp\/v2\/users\/5"}],"replies":[{"embeddable":true,"href":"https:\/\/diariotextual.com\/inicio\/index.php\/wp-json\/wp\/v2\/comments?post=320571"}],"version-history":[{"count":1,"href":"https:\/\/diariotextual.com\/inicio\/index.php\/wp-json\/wp\/v2\/posts\/320571\/revisions"}],"predecessor-version":[{"id":320573,"href":"https:\/\/diariotextual.com\/inicio\/index.php\/wp-json\/wp\/v2\/posts\/320571\/revisions\/320573"}],"wp:featuredmedia":[{"embeddable":true,"href":"https:\/\/diariotextual.com\/inicio\/index.php\/wp-json\/wp\/v2\/media\/320572"}],"wp:attachment":[{"href":"https:\/\/diariotextual.com\/inicio\/index.php\/wp-json\/wp\/v2\/media?parent=320571"}],"wp:term":[{"taxonomy":"category","embeddable":true,"href":"https:\/\/diariotextual.com\/inicio\/index.php\/wp-json\/wp\/v2\/categories?post=320571"},{"taxonomy":"post_tag","embeddable":true,"href":"https:\/\/diariotextual.com\/inicio\/index.php\/wp-json\/wp\/v2\/tags?post=320571"}],"curies":[{"name":"wp","href":"https:\/\/api.w.org\/{rel}","templated":true}]}}