{"id":320574,"date":"2026-02-24T17:29:10","date_gmt":"2026-02-24T20:29:10","guid":{"rendered":"https:\/\/diariotextual.com\/inicio\/?p=320574"},"modified":"2026-02-24T17:29:13","modified_gmt":"2026-02-24T20:29:13","slug":"provincia-avanza-con-la-ruta-que-une-norte-pampeano-y-sur-cordobes","status":"publish","type":"post","link":"https:\/\/diariotextual.com\/inicio\/index.php\/2026\/02\/24\/provincia-avanza-con-la-ruta-que-une-norte-pampeano-y-sur-cordobes\/","title":{"rendered":"Provincia avanza con la ruta que une norte pampeano y sur cordob\u00e9s"},"content":{"rendered":"\n<p>El Gobierno provincial detall\u00f3 los avances de pavimentaci\u00f3n de la ruta provincial 9, <strong>desde la ruta nacional 188 hasta el l\u00edmite con C\u00f3rdoba y conectar\u00e1 con localidades cordobesas como Villa Huidobro<\/strong>, entre otras.<\/p>\n\n\n\n<p>El proyecto, impulsado por el gobernador Sergio Ziliotto y promovido por la diputada provincial Silvia Larreta, fue licitado y ya se encuentra en ejecuci\u00f3n.<\/p>\n\n\n\n<p>\u201cEl corredor vial se est\u00e1 ejecutando y representa una obra estrat\u00e9gica para el norte de La Pampa\u201d, dijo el ministro de Obras y Servicios P\u00fablicos, Alfredo Intronati a la Agencia Provincial de Noticias y agreg\u00f3: \u201cEstamos construyendo una ruta que mejora la seguridad vial, facilita el transporte de las producciones regionales y potencia la integraci\u00f3n interprovincial con C\u00f3rdoba\u201d.<\/p>\n\n\n\n<p>El director de la Direcci\u00f3n Provincial de Vialidad (DPV), Rodrigo Cadenas, detall\u00f3 que <strong>la intervenci\u00f3n se desarrolla de norte a sur, desde la ruta nacional 188 hasta el l\u00edmite con C\u00f3rdoba. El incluye tramo 6.900 metros lineales de calzada de 6,90 metros<\/strong>, un intercambiador en la RN 188, iluminaci\u00f3n y se\u00f1alizaci\u00f3n horizontal, vertical y de seguridad. La nueva traza consolidar\u00e1 el actual camino vecinal de tierra como una ruta pavimentada provincial.<\/p>\n\n\n\n<figure class=\"wp-block-image size-full\"><img fetchpriority=\"high\" decoding=\"async\" width=\"900\" height=\"525\" src=\"https:\/\/diariotextual.com\/inicio\/wp-content\/uploads\/2026\/02\/rutaprovincial9lapam2026.jpg\" alt=\"\" class=\"wp-image-320576\" srcset=\"https:\/\/diariotextual.com\/inicio\/wp-content\/uploads\/2026\/02\/rutaprovincial9lapam2026.jpg 900w, https:\/\/diariotextual.com\/inicio\/wp-content\/uploads\/2026\/02\/rutaprovincial9lapam2026-300x175.jpg 300w, https:\/\/diariotextual.com\/inicio\/wp-content\/uploads\/2026\/02\/rutaprovincial9lapam2026-768x448.jpg 768w, https:\/\/diariotextual.com\/inicio\/wp-content\/uploads\/2026\/02\/rutaprovincial9lapam2026-585x341.jpg 585w\" sizes=\"(max-width: 900px) 100vw, 900px\" \/><\/figure>\n\n\n\n<p>Un trabajador de Carro Quemado, N\u00e9stor Gatica, que presta servicios para la empresa Jubete explic\u00f3 la importancia personal y comunitaria de la obra. \u201c<strong>Ac\u00e1 faltaban siete kil\u00f3metros de pavimentaci\u00f3n para unir la Provincia con el l\u00edmite de C\u00f3rdoba. Es una obra importante para la producci\u00f3n rural <\/strong>y para la gente de los pueblos que viajan hacia Villa Huidobro o Ca\u00f1ada\u201d, expres\u00f3.<\/p>\n\n\n\n<p>Las autoridades provinciales sostienen que la obra no solo mejora la movilidad y la seguridad vial, sino que adem\u00e1s <strong>impulsa el desarrollo productivo y tur\u00edstico del noreste pampeano, reforzando la conexi\u00f3n interprovincial con C\u00f3rdoba.<\/strong><\/p>\n","protected":false},"excerpt":{"rendered":"<p>El Gobierno provincial detall\u00f3 los avances de pavimentaci\u00f3n de la ruta provincial 9, desde la ruta nacional 188 hasta el l\u00edmite con C\u00f3rdoba y conectar\u00e1 con localidades cordobesas como Villa&hellip;<\/p>\n","protected":false},"author":5,"featured_media":320575,"comment_status":"closed","ping_status":"open","sticky":false,"template":"","format":"standard","meta":{"_acf_changed":false,"footnotes":""},"categories":[1,12],"tags":[],"class_list":["post-320574","post","type-post","status-publish","format-standard","has-post-thumbnail","hentry","category-es-noticia","category-sociedad"],"acf":[],"yoast_head":"<!-- This site is optimized with the Yoast SEO plugin v27.4 - https:\/\/yoast.com\/product\/yoast-seo-wordpress\/ -->\n<title>Provincia avanza con la ruta que une norte pampeano y sur cordob\u00e9s - Diario Textual<\/title>\n<meta name=\"robots\" content=\"index, follow, max-snippet:-1, max-image-preview:large, max-video-preview:-1\" \/>\n<link rel=\"canonical\" href=\"https:\/\/diariotextual.com\/inicio\/index.php\/2026\/02\/24\/provincia-avanza-con-la-ruta-que-une-norte-pampeano-y-sur-cordobes\/\" \/>\n<meta property=\"og:locale\" content=\"es_ES\" \/>\n<meta property=\"og:type\" content=\"article\" \/>\n<meta property=\"og:title\" content=\"Provincia avanza con la ruta que une norte pampeano y sur cordob\u00e9s - Diario Textual\" \/>\n<meta property=\"og:description\" content=\"El Gobierno provincial detall\u00f3 los avances de pavimentaci\u00f3n de la ruta provincial 9, desde la ruta nacional 188 hasta el l\u00edmite con C\u00f3rdoba y conectar\u00e1 con localidades cordobesas como Villa&hellip;\" \/>\n<meta property=\"og:url\" content=\"https:\/\/diariotextual.com\/inicio\/index.php\/2026\/02\/24\/provincia-avanza-con-la-ruta-que-une-norte-pampeano-y-sur-cordobes\/\" \/>\n<meta property=\"og:site_name\" content=\"Diario Textual\" \/>\n<meta property=\"article:publisher\" content=\"https:\/\/www.facebook.com\/eltextual\" \/>\n<meta property=\"article:published_time\" content=\"2026-02-24T20:29:10+00:00\" \/>\n<meta property=\"article:modified_time\" content=\"2026-02-24T20:29:13+00:00\" \/>\n<meta property=\"og:image\" content=\"https:\/\/diariotextual.com\/inicio\/wp-content\/uploads\/2026\/02\/rutaprovincial9lapampa2026.jpg\" \/>\n\t<meta property=\"og:image:width\" content=\"900\" \/>\n\t<meta property=\"og:image:height\" content=\"490\" \/>\n\t<meta property=\"og:image:type\" content=\"image\/jpeg\" \/>\n<meta name=\"author\" content=\"diario3\" \/>\n<meta name=\"twitter:card\" content=\"summary_large_image\" \/>\n<meta name=\"twitter:creator\" content=\"@eltextual\" \/>\n<meta name=\"twitter:site\" content=\"@eltextual\" \/>\n<meta name=\"twitter:label1\" content=\"Escrito por\" \/>\n\t<meta name=\"twitter:data1\" content=\"diario3\" \/>\n\t<meta name=\"twitter:label2\" content=\"Tiempo de lectura\" \/>\n\t<meta name=\"twitter:data2\" content=\"2 minutos\" \/>\n<script type=\"application\/ld+json\" class=\"yoast-schema-graph\">{\"@context\":\"https:\\\/\\\/schema.org\",\"@graph\":[{\"@type\":\"Article\",\"@id\":\"https:\\\/\\\/diariotextual.com\\\/inicio\\\/index.php\\\/2026\\\/02\\\/24\\\/provincia-avanza-con-la-ruta-que-une-norte-pampeano-y-sur-cordobes\\\/#article\",\"isPartOf\":{\"@id\":\"https:\\\/\\\/diariotextual.com\\\/inicio\\\/index.php\\\/2026\\\/02\\\/24\\\/provincia-avanza-con-la-ruta-que-une-norte-pampeano-y-sur-cordobes\\\/\"},\"author\":{\"name\":\"diario3\",\"@id\":\"https:\\\/\\\/diariotextual.com\\\/inicio\\\/#\\\/schema\\\/person\\\/a1b6f563e0ee944c60f98119389a4d9f\"},\"headline\":\"Provincia avanza con la ruta que une norte pampeano y sur cordob\u00e9s\",\"datePublished\":\"2026-02-24T20:29:10+00:00\",\"dateModified\":\"2026-02-24T20:29:13+00:00\",\"mainEntityOfPage\":{\"@id\":\"https:\\\/\\\/diariotextual.com\\\/inicio\\\/index.php\\\/2026\\\/02\\\/24\\\/provincia-avanza-con-la-ruta-que-une-norte-pampeano-y-sur-cordobes\\\/\"},\"wordCount\":314,\"publisher\":{\"@id\":\"https:\\\/\\\/diariotextual.com\\\/inicio\\\/#organization\"},\"image\":{\"@id\":\"https:\\\/\\\/diariotextual.com\\\/inicio\\\/index.php\\\/2026\\\/02\\\/24\\\/provincia-avanza-con-la-ruta-que-une-norte-pampeano-y-sur-cordobes\\\/#primaryimage\"},\"thumbnailUrl\":\"https:\\\/\\\/diariotextual.com\\\/inicio\\\/wp-content\\\/uploads\\\/2026\\\/02\\\/rutaprovincial9lapampa2026.jpg\",\"articleSection\":[\"A - ES NOTICIA (van abajo)\",\"SOCIEDAD\"],\"inLanguage\":\"es\"},{\"@type\":\"WebPage\",\"@id\":\"https:\\\/\\\/diariotextual.com\\\/inicio\\\/index.php\\\/2026\\\/02\\\/24\\\/provincia-avanza-con-la-ruta-que-une-norte-pampeano-y-sur-cordobes\\\/\",\"url\":\"https:\\\/\\\/diariotextual.com\\\/inicio\\\/index.php\\\/2026\\\/02\\\/24\\\/provincia-avanza-con-la-ruta-que-une-norte-pampeano-y-sur-cordobes\\\/\",\"name\":\"Provincia avanza con la ruta que une norte pampeano y sur cordob\u00e9s - Diario Textual\",\"isPartOf\":{\"@id\":\"https:\\\/\\\/diariotextual.com\\\/inicio\\\/#website\"},\"primaryImageOfPage\":{\"@id\":\"https:\\\/\\\/diariotextual.com\\\/inicio\\\/index.php\\\/2026\\\/02\\\/24\\\/provincia-avanza-con-la-ruta-que-une-norte-pampeano-y-sur-cordobes\\\/#primaryimage\"},\"image\":{\"@id\":\"https:\\\/\\\/diariotextual.com\\\/inicio\\\/index.php\\\/2026\\\/02\\\/24\\\/provincia-avanza-con-la-ruta-que-une-norte-pampeano-y-sur-cordobes\\\/#primaryimage\"},\"thumbnailUrl\":\"https:\\\/\\\/diariotextual.com\\\/inicio\\\/wp-content\\\/uploads\\\/2026\\\/02\\\/rutaprovincial9lapampa2026.jpg\",\"datePublished\":\"2026-02-24T20:29:10+00:00\",\"dateModified\":\"2026-02-24T20:29:13+00:00\",\"breadcrumb\":{\"@id\":\"https:\\\/\\\/diariotextual.com\\\/inicio\\\/index.php\\\/2026\\\/02\\\/24\\\/provincia-avanza-con-la-ruta-que-une-norte-pampeano-y-sur-cordobes\\\/#breadcrumb\"},\"inLanguage\":\"es\",\"potentialAction\":[{\"@type\":\"ReadAction\",\"target\":[\"https:\\\/\\\/diariotextual.com\\\/inicio\\\/index.php\\\/2026\\\/02\\\/24\\\/provincia-avanza-con-la-ruta-que-une-norte-pampeano-y-sur-cordobes\\\/\"]}]},{\"@type\":\"ImageObject\",\"inLanguage\":\"es\",\"@id\":\"https:\\\/\\\/diariotextual.com\\\/inicio\\\/index.php\\\/2026\\\/02\\\/24\\\/provincia-avanza-con-la-ruta-que-une-norte-pampeano-y-sur-cordobes\\\/#primaryimage\",\"url\":\"https:\\\/\\\/diariotextual.com\\\/inicio\\\/wp-content\\\/uploads\\\/2026\\\/02\\\/rutaprovincial9lapampa2026.jpg\",\"contentUrl\":\"https:\\\/\\\/diariotextual.com\\\/inicio\\\/wp-content\\\/uploads\\\/2026\\\/02\\\/rutaprovincial9lapampa2026.jpg\",\"width\":900,\"height\":490},{\"@type\":\"BreadcrumbList\",\"@id\":\"https:\\\/\\\/diariotextual.com\\\/inicio\\\/index.php\\\/2026\\\/02\\\/24\\\/provincia-avanza-con-la-ruta-que-une-norte-pampeano-y-sur-cordobes\\\/#breadcrumb\",\"itemListElement\":[{\"@type\":\"ListItem\",\"position\":1,\"name\":\"Portada\",\"item\":\"https:\\\/\\\/diariotextual.com\\\/inicio\\\/\"},{\"@type\":\"ListItem\",\"position\":2,\"name\":\"Provincia avanza con la ruta que une norte pampeano y sur cordob\u00e9s\"}]},{\"@type\":\"WebSite\",\"@id\":\"https:\\\/\\\/diariotextual.com\\\/inicio\\\/#website\",\"url\":\"https:\\\/\\\/diariotextual.com\\\/inicio\\\/\",\"name\":\"Diario Textual\",\"description\":\"\",\"publisher\":{\"@id\":\"https:\\\/\\\/diariotextual.com\\\/inicio\\\/#organization\"},\"potentialAction\":[{\"@type\":\"SearchAction\",\"target\":{\"@type\":\"EntryPoint\",\"urlTemplate\":\"https:\\\/\\\/diariotextual.com\\\/inicio\\\/?s={search_term_string}\"},\"query-input\":{\"@type\":\"PropertyValueSpecification\",\"valueRequired\":true,\"valueName\":\"search_term_string\"}}],\"inLanguage\":\"es\"},{\"@type\":\"Organization\",\"@id\":\"https:\\\/\\\/diariotextual.com\\\/inicio\\\/#organization\",\"name\":\"Diario Textual\",\"url\":\"https:\\\/\\\/diariotextual.com\\\/inicio\\\/\",\"logo\":{\"@type\":\"ImageObject\",\"inLanguage\":\"es\",\"@id\":\"https:\\\/\\\/diariotextual.com\\\/inicio\\\/#\\\/schema\\\/logo\\\/image\\\/\",\"url\":\"https:\\\/\\\/diariotextual.com\\\/inicio\\\/wp-content\\\/uploads\\\/2023\\\/05\\\/logotextual1.jpg\",\"contentUrl\":\"https:\\\/\\\/diariotextual.com\\\/inicio\\\/wp-content\\\/uploads\\\/2023\\\/05\\\/logotextual1.jpg\",\"width\":516,\"height\":76,\"caption\":\"Diario Textual\"},\"image\":{\"@id\":\"https:\\\/\\\/diariotextual.com\\\/inicio\\\/#\\\/schema\\\/logo\\\/image\\\/\"},\"sameAs\":[\"https:\\\/\\\/www.facebook.com\\\/eltextual\",\"https:\\\/\\\/x.com\\\/eltextual\",\"http:\\\/\\\/www.instagram.com\\\/eltextual\"]},{\"@type\":\"Person\",\"@id\":\"https:\\\/\\\/diariotextual.com\\\/inicio\\\/#\\\/schema\\\/person\\\/a1b6f563e0ee944c60f98119389a4d9f\",\"name\":\"diario3\",\"image\":{\"@type\":\"ImageObject\",\"inLanguage\":\"es\",\"@id\":\"https:\\\/\\\/secure.gravatar.com\\\/avatar\\\/5e7ee62c82fc04d9dd79d746a390d93c69c43223e5faeeb3ea9461ef752bfc5d?s=96&d=mm&r=g\",\"url\":\"https:\\\/\\\/secure.gravatar.com\\\/avatar\\\/5e7ee62c82fc04d9dd79d746a390d93c69c43223e5faeeb3ea9461ef752bfc5d?s=96&d=mm&r=g\",\"contentUrl\":\"https:\\\/\\\/secure.gravatar.com\\\/avatar\\\/5e7ee62c82fc04d9dd79d746a390d93c69c43223e5faeeb3ea9461ef752bfc5d?s=96&d=mm&r=g\",\"caption\":\"diario3\"},\"url\":\"https:\\\/\\\/diariotextual.com\\\/inicio\\\/index.php\\\/author\\\/diario3\\\/\"}]}<\/script>\n<!-- \/ Yoast SEO plugin. -->","yoast_head_json":{"title":"Provincia avanza con la ruta que une norte pampeano y sur cordob\u00e9s - Diario Textual","robots":{"index":"index","follow":"follow","max-snippet":"max-snippet:-1","max-image-preview":"max-image-preview:large","max-video-preview":"max-video-preview:-1"},"canonical":"https:\/\/diariotextual.com\/inicio\/index.php\/2026\/02\/24\/provincia-avanza-con-la-ruta-que-une-norte-pampeano-y-sur-cordobes\/","og_locale":"es_ES","og_type":"article","og_title":"Provincia avanza con la ruta que une norte pampeano y sur cordob\u00e9s - Diario Textual","og_description":"El Gobierno provincial detall\u00f3 los avances de pavimentaci\u00f3n de la ruta provincial 9, desde la ruta nacional 188 hasta el l\u00edmite con C\u00f3rdoba y conectar\u00e1 con localidades cordobesas como Villa&hellip;","og_url":"https:\/\/diariotextual.com\/inicio\/index.php\/2026\/02\/24\/provincia-avanza-con-la-ruta-que-une-norte-pampeano-y-sur-cordobes\/","og_site_name":"Diario Textual","article_publisher":"https:\/\/www.facebook.com\/eltextual","article_published_time":"2026-02-24T20:29:10+00:00","article_modified_time":"2026-02-24T20:29:13+00:00","og_image":[{"width":900,"height":490,"url":"https:\/\/diariotextual.com\/inicio\/wp-content\/uploads\/2026\/02\/rutaprovincial9lapampa2026.jpg","type":"image\/jpeg"}],"author":"diario3","twitter_card":"summary_large_image","twitter_creator":"@eltextual","twitter_site":"@eltextual","twitter_misc":{"Escrito por":"diario3","Tiempo de lectura":"2 minutos"},"schema":{"@context":"https:\/\/schema.org","@graph":[{"@type":"Article","@id":"https:\/\/diariotextual.com\/inicio\/index.php\/2026\/02\/24\/provincia-avanza-con-la-ruta-que-une-norte-pampeano-y-sur-cordobes\/#article","isPartOf":{"@id":"https:\/\/diariotextual.com\/inicio\/index.php\/2026\/02\/24\/provincia-avanza-con-la-ruta-que-une-norte-pampeano-y-sur-cordobes\/"},"author":{"name":"diario3","@id":"https:\/\/diariotextual.com\/inicio\/#\/schema\/person\/a1b6f563e0ee944c60f98119389a4d9f"},"headline":"Provincia avanza con la ruta que une norte pampeano y sur cordob\u00e9s","datePublished":"2026-02-24T20:29:10+00:00","dateModified":"2026-02-24T20:29:13+00:00","mainEntityOfPage":{"@id":"https:\/\/diariotextual.com\/inicio\/index.php\/2026\/02\/24\/provincia-avanza-con-la-ruta-que-une-norte-pampeano-y-sur-cordobes\/"},"wordCount":314,"publisher":{"@id":"https:\/\/diariotextual.com\/inicio\/#organization"},"image":{"@id":"https:\/\/diariotextual.com\/inicio\/index.php\/2026\/02\/24\/provincia-avanza-con-la-ruta-que-une-norte-pampeano-y-sur-cordobes\/#primaryimage"},"thumbnailUrl":"https:\/\/diariotextual.com\/inicio\/wp-content\/uploads\/2026\/02\/rutaprovincial9lapampa2026.jpg","articleSection":["A - ES NOTICIA (van abajo)","SOCIEDAD"],"inLanguage":"es"},{"@type":"WebPage","@id":"https:\/\/diariotextual.com\/inicio\/index.php\/2026\/02\/24\/provincia-avanza-con-la-ruta-que-une-norte-pampeano-y-sur-cordobes\/","url":"https:\/\/diariotextual.com\/inicio\/index.php\/2026\/02\/24\/provincia-avanza-con-la-ruta-que-une-norte-pampeano-y-sur-cordobes\/","name":"Provincia avanza con la ruta que une norte pampeano y sur cordob\u00e9s - Diario Textual","isPartOf":{"@id":"https:\/\/diariotextual.com\/inicio\/#website"},"primaryImageOfPage":{"@id":"https:\/\/diariotextual.com\/inicio\/index.php\/2026\/02\/24\/provincia-avanza-con-la-ruta-que-une-norte-pampeano-y-sur-cordobes\/#primaryimage"},"image":{"@id":"https:\/\/diariotextual.com\/inicio\/index.php\/2026\/02\/24\/provincia-avanza-con-la-ruta-que-une-norte-pampeano-y-sur-cordobes\/#primaryimage"},"thumbnailUrl":"https:\/\/diariotextual.com\/inicio\/wp-content\/uploads\/2026\/02\/rutaprovincial9lapampa2026.jpg","datePublished":"2026-02-24T20:29:10+00:00","dateModified":"2026-02-24T20:29:13+00:00","breadcrumb":{"@id":"https:\/\/diariotextual.com\/inicio\/index.php\/2026\/02\/24\/provincia-avanza-con-la-ruta-que-une-norte-pampeano-y-sur-cordobes\/#breadcrumb"},"inLanguage":"es","potentialAction":[{"@type":"ReadAction","target":["https:\/\/diariotextual.com\/inicio\/index.php\/2026\/02\/24\/provincia-avanza-con-la-ruta-que-une-norte-pampeano-y-sur-cordobes\/"]}]},{"@type":"ImageObject","inLanguage":"es","@id":"https:\/\/diariotextual.com\/inicio\/index.php\/2026\/02\/24\/provincia-avanza-con-la-ruta-que-une-norte-pampeano-y-sur-cordobes\/#primaryimage","url":"https:\/\/diariotextual.com\/inicio\/wp-content\/uploads\/2026\/02\/rutaprovincial9lapampa2026.jpg","contentUrl":"https:\/\/diariotextual.com\/inicio\/wp-content\/uploads\/2026\/02\/rutaprovincial9lapampa2026.jpg","width":900,"height":490},{"@type":"BreadcrumbList","@id":"https:\/\/diariotextual.com\/inicio\/index.php\/2026\/02\/24\/provincia-avanza-con-la-ruta-que-une-norte-pampeano-y-sur-cordobes\/#breadcrumb","itemListElement":[{"@type":"ListItem","position":1,"name":"Portada","item":"https:\/\/diariotextual.com\/inicio\/"},{"@type":"ListItem","position":2,"name":"Provincia avanza con la ruta que une norte pampeano y sur cordob\u00e9s"}]},{"@type":"WebSite","@id":"https:\/\/diariotextual.com\/inicio\/#website","url":"https:\/\/diariotextual.com\/inicio\/","name":"Diario Textual","description":"","publisher":{"@id":"https:\/\/diariotextual.com\/inicio\/#organization"},"potentialAction":[{"@type":"SearchAction","target":{"@type":"EntryPoint","urlTemplate":"https:\/\/diariotextual.com\/inicio\/?s={search_term_string}"},"query-input":{"@type":"PropertyValueSpecification","valueRequired":true,"valueName":"search_term_string"}}],"inLanguage":"es"},{"@type":"Organization","@id":"https:\/\/diariotextual.com\/inicio\/#organization","name":"Diario Textual","url":"https:\/\/diariotextual.com\/inicio\/","logo":{"@type":"ImageObject","inLanguage":"es","@id":"https:\/\/diariotextual.com\/inicio\/#\/schema\/logo\/image\/","url":"https:\/\/diariotextual.com\/inicio\/wp-content\/uploads\/2023\/05\/logotextual1.jpg","contentUrl":"https:\/\/diariotextual.com\/inicio\/wp-content\/uploads\/2023\/05\/logotextual1.jpg","width":516,"height":76,"caption":"Diario Textual"},"image":{"@id":"https:\/\/diariotextual.com\/inicio\/#\/schema\/logo\/image\/"},"sameAs":["https:\/\/www.facebook.com\/eltextual","https:\/\/x.com\/eltextual","http:\/\/www.instagram.com\/eltextual"]},{"@type":"Person","@id":"https:\/\/diariotextual.com\/inicio\/#\/schema\/person\/a1b6f563e0ee944c60f98119389a4d9f","name":"diario3","image":{"@type":"ImageObject","inLanguage":"es","@id":"https:\/\/secure.gravatar.com\/avatar\/5e7ee62c82fc04d9dd79d746a390d93c69c43223e5faeeb3ea9461ef752bfc5d?s=96&d=mm&r=g","url":"https:\/\/secure.gravatar.com\/avatar\/5e7ee62c82fc04d9dd79d746a390d93c69c43223e5faeeb3ea9461ef752bfc5d?s=96&d=mm&r=g","contentUrl":"https:\/\/secure.gravatar.com\/avatar\/5e7ee62c82fc04d9dd79d746a390d93c69c43223e5faeeb3ea9461ef752bfc5d?s=96&d=mm&r=g","caption":"diario3"},"url":"https:\/\/diariotextual.com\/inicio\/index.php\/author\/diario3\/"}]}},"_links":{"self":[{"href":"https:\/\/diariotextual.com\/inicio\/index.php\/wp-json\/wp\/v2\/posts\/320574","targetHints":{"allow":["GET"]}}],"collection":[{"href":"https:\/\/diariotextual.com\/inicio\/index.php\/wp-json\/wp\/v2\/posts"}],"about":[{"href":"https:\/\/diariotextual.com\/inicio\/index.php\/wp-json\/wp\/v2\/types\/post"}],"author":[{"embeddable":true,"href":"https:\/\/diariotextual.com\/inicio\/index.php\/wp-json\/wp\/v2\/users\/5"}],"replies":[{"embeddable":true,"href":"https:\/\/diariotextual.com\/inicio\/index.php\/wp-json\/wp\/v2\/comments?post=320574"}],"version-history":[{"count":1,"href":"https:\/\/diariotextual.com\/inicio\/index.php\/wp-json\/wp\/v2\/posts\/320574\/revisions"}],"predecessor-version":[{"id":320577,"href":"https:\/\/diariotextual.com\/inicio\/index.php\/wp-json\/wp\/v2\/posts\/320574\/revisions\/320577"}],"wp:featuredmedia":[{"embeddable":true,"href":"https:\/\/diariotextual.com\/inicio\/index.php\/wp-json\/wp\/v2\/media\/320575"}],"wp:attachment":[{"href":"https:\/\/diariotextual.com\/inicio\/index.php\/wp-json\/wp\/v2\/media?parent=320574"}],"wp:term":[{"taxonomy":"category","embeddable":true,"href":"https:\/\/diariotextual.com\/inicio\/index.php\/wp-json\/wp\/v2\/categories?post=320574"},{"taxonomy":"post_tag","embeddable":true,"href":"https:\/\/diariotextual.com\/inicio\/index.php\/wp-json\/wp\/v2\/tags?post=320574"}],"curies":[{"name":"wp","href":"https:\/\/api.w.org\/{rel}","templated":true}]}}