{"id":320578,"date":"2026-02-24T17:59:51","date_gmt":"2026-02-24T20:59:51","guid":{"rendered":"https:\/\/diariotextual.com\/inicio\/?p=320578"},"modified":"2026-02-25T07:40:14","modified_gmt":"2026-02-25T10:40:14","slug":"justicia-de-uruguay-reconocio-la-existencia-de-una-relacion-laboral-entre-chofer-y-uber","status":"publish","type":"post","link":"https:\/\/diariotextual.com\/inicio\/index.php\/2026\/02\/24\/justicia-de-uruguay-reconocio-la-existencia-de-una-relacion-laboral-entre-chofer-y-uber\/","title":{"rendered":"Justicia de Uruguay reconoci\u00f3 la existencia de una relaci\u00f3n laboral entre chofer y Uber"},"content":{"rendered":"\n<p>La <strong>Suprema Corte de Justicia (SCJ) de Uruguay<\/strong> emiti\u00f3 un fallo a favor de un conductor de una aplicaci\u00f3n de viajes que marca un <strong>precedente en materia de protecci\u00f3n laboral<\/strong> y podr\u00eda implicar un cambio en las reglas de funcionamiento de las plataformas digitales de servicios en el vecino pa\u00eds.<\/p>\n\n\n\n<p>El m\u00e1ximo tribunal afirm\u00f3 que,<strong> en determinadas condiciones, existe relaci\u00f3n laboral entre plataformas como Uber y sus choferes,<\/strong> y que la \u201cautonom\u00eda del socio conductor es solo te\u00f3rica\u201d cuando la realidad demuestra subordinaci\u00f3n.<\/p>\n\n\n\n<p>El caso, caratulado como \u201c<strong>Guizado Baldoceda, Cristhian c\/ Uber Technologies Uruguay S.A. y otro<\/strong>\u201d, se origin\u00f3 a partir de una demanda laboral presentada por <strong>Cristian Guisado Baldoceda, quien reclam\u00f3 el reconocimiento de una relaci\u00f3n de dependencia desde 2017.<\/strong><\/p>\n\n\n\n<p>Entre los conceptos <strong>reclamados por el demandante se encontraban licencias, salario vacacional y aguinaldo<\/strong>, todo bajo el argumento de que exist\u00eda subordinaci\u00f3n, dependencia econ\u00f3mica y control por parte de la aplicaci\u00f3n sobre su actividad.<\/p>\n\n\n\n<p>En mayo de 2024, la demanda fue rechazada en primera instancia por la Justicia uruguaya, que consider\u00f3 que no exist\u00eda v\u00ednculo laboral. Sin embargo, seis meses despu\u00e9s, el Tribunal de Apelaciones del Trabajo de 2\u00ba Turno revoc\u00f3 esa decisi\u00f3n y conden\u00f3 a la empresa a abonar aproximadamente $947.022 por concepto de licencia, salario vacacional y aguinaldo, entre otros rubros.<\/p>\n\n\n\n<p>Ante ese fallo, la compa\u00f1\u00eda interpuso un recurso de casaci\u00f3n. En ese marco, la SCJ analiz\u00f3 la cl\u00e1usula arbitral incluida en el contrato de servicios entre el conductor y la empresa, que establec\u00eda la resoluci\u00f3n de controversias mediante arbitraje internacional en \u00c1msterdam, Pa\u00edses Bajos.<\/p>\n\n\n\n<p>No obstante, <strong>recientemente el m\u00e1ximo tribunal rechaz\u00f3 la aplicaci\u00f3n del arbitraje extranjero y sostuvo la competencia de los tribunales uruguayos<\/strong>, en virtud del <strong>art\u00edculo 9 de la Ley 20.396<\/strong>, que atribuye jurisdicci\u00f3n a la Justicia local en casos de trabajadores domiciliados en Uruguay.<\/p>\n\n\n\n<p>De esta manera, la Corte ratific\u00f3 la existencia de una relaci\u00f3n de dependencia laboral entre la plataforma y el conductor, sentando un precedente relevante para el sector.<\/p>\n\n\n\n<p>Esa misma <strong>ley, promulgada en febrero de 2025, fue la que estableci\u00f3 niveles m\u00ednimos de protecci\u00f3n para quienes trabajan mediante plataformas digitales,<\/strong> fijando un piso de derechos tanto para trabajadores dependientes como independientes.<\/p>\n\n\n\n<p>El abogado uruguayo Federico Rosenbaum explic\u00f3 que el control ejercido a trav\u00e9s de la aplicaci\u00f3n \u2013mediante calificaciones de usuarios, algoritmos y tarifas predeterminadas\u2013 equivale a un poder de direcci\u00f3n empresarial. En ese sentido, afirm\u00f3 que la supuesta \u201cautonom\u00eda\u201d de los conductores es \u201cmeramente te\u00f3rica\u201d.<\/p>\n\n\n\n<p>Asimismo, el fallo enfatiza principios como la gratuidad del proceso laboral, el acceso efectivo a la justicia como derecho humano y la irrenunciabilidad de garant\u00edas procesales.<\/p>\n\n\n\n<p>A trav\u00e9s de una publicaci\u00f3n en su cuenta de X, Rosenbaum destac\u00f3 que la sentencia aplica la norma procesal de forma inmediata a los procesos en tr\u00e1mite y evita la derivaci\u00f3n obligatoria de conflictos laborales hacia arbitrajes en el extranjero.<\/p>\n\n\n\n<p>\u201cCelebro que la jurisprudencia de nuestra SCJ se alinee con las tendencias globales de protecci\u00f3n al trabajo en plataformas. Es un aporte fundamental que enriquece el debate que sostenemos desde la investigaci\u00f3n universitaria\u201d, expres\u00f3 el abogado.<\/p>\n","protected":false},"excerpt":{"rendered":"<p>La Suprema Corte de Justicia (SCJ) de Uruguay emiti\u00f3 un fallo a favor de un conductor de una aplicaci\u00f3n de viajes que marca un precedente en materia de protecci\u00f3n laboral&hellip;<\/p>\n","protected":false},"author":5,"featured_media":268410,"comment_status":"closed","ping_status":"open","sticky":false,"template":"","format":"standard","meta":{"_acf_changed":false,"footnotes":""},"categories":[1,12],"tags":[],"class_list":["post-320578","post","type-post","status-publish","format-standard","has-post-thumbnail","hentry","category-es-noticia","category-sociedad"],"acf":[],"yoast_head":"<!-- This site is optimized with the Yoast SEO plugin v27.4 - https:\/\/yoast.com\/product\/yoast-seo-wordpress\/ -->\n<title>Justicia de Uruguay reconoci\u00f3 la existencia de una relaci\u00f3n laboral entre chofer y Uber - Diario Textual<\/title>\n<meta name=\"robots\" content=\"index, follow, max-snippet:-1, max-image-preview:large, max-video-preview:-1\" \/>\n<link rel=\"canonical\" href=\"https:\/\/diariotextual.com\/inicio\/index.php\/2026\/02\/24\/justicia-de-uruguay-reconocio-la-existencia-de-una-relacion-laboral-entre-chofer-y-uber\/\" \/>\n<meta property=\"og:locale\" content=\"es_ES\" \/>\n<meta property=\"og:type\" content=\"article\" \/>\n<meta property=\"og:title\" content=\"Justicia de Uruguay reconoci\u00f3 la existencia de una relaci\u00f3n laboral entre chofer y Uber - Diario Textual\" \/>\n<meta property=\"og:description\" content=\"La Suprema Corte de Justicia (SCJ) de Uruguay emiti\u00f3 un fallo a favor de un conductor de una aplicaci\u00f3n de viajes que marca un precedente en materia de protecci\u00f3n laboral&hellip;\" \/>\n<meta property=\"og:url\" content=\"https:\/\/diariotextual.com\/inicio\/index.php\/2026\/02\/24\/justicia-de-uruguay-reconocio-la-existencia-de-una-relacion-laboral-entre-chofer-y-uber\/\" \/>\n<meta property=\"og:site_name\" content=\"Diario Textual\" \/>\n<meta property=\"article:publisher\" content=\"https:\/\/www.facebook.com\/eltextual\" \/>\n<meta property=\"article:published_time\" content=\"2026-02-24T20:59:51+00:00\" \/>\n<meta property=\"article:modified_time\" content=\"2026-02-25T10:40:14+00:00\" \/>\n<meta property=\"og:image\" content=\"https:\/\/diariotextual.com\/inicio\/wp-content\/uploads\/2024\/07\/uber2024-3.webp\" \/>\n\t<meta property=\"og:image:width\" content=\"770\" \/>\n\t<meta property=\"og:image:height\" content=\"533\" \/>\n\t<meta property=\"og:image:type\" content=\"image\/webp\" \/>\n<meta name=\"author\" content=\"diario3\" \/>\n<meta name=\"twitter:card\" content=\"summary_large_image\" \/>\n<meta name=\"twitter:creator\" content=\"@eltextual\" \/>\n<meta name=\"twitter:site\" content=\"@eltextual\" \/>\n<meta name=\"twitter:label1\" content=\"Escrito por\" \/>\n\t<meta name=\"twitter:data1\" content=\"diario3\" \/>\n\t<meta name=\"twitter:label2\" content=\"Tiempo de lectura\" \/>\n\t<meta name=\"twitter:data2\" content=\"3 minutos\" \/>\n<script type=\"application\/ld+json\" class=\"yoast-schema-graph\">{\"@context\":\"https:\\\/\\\/schema.org\",\"@graph\":[{\"@type\":\"Article\",\"@id\":\"https:\\\/\\\/diariotextual.com\\\/inicio\\\/index.php\\\/2026\\\/02\\\/24\\\/justicia-de-uruguay-reconocio-la-existencia-de-una-relacion-laboral-entre-chofer-y-uber\\\/#article\",\"isPartOf\":{\"@id\":\"https:\\\/\\\/diariotextual.com\\\/inicio\\\/index.php\\\/2026\\\/02\\\/24\\\/justicia-de-uruguay-reconocio-la-existencia-de-una-relacion-laboral-entre-chofer-y-uber\\\/\"},\"author\":{\"name\":\"diario3\",\"@id\":\"https:\\\/\\\/diariotextual.com\\\/inicio\\\/#\\\/schema\\\/person\\\/a1b6f563e0ee944c60f98119389a4d9f\"},\"headline\":\"Justicia de Uruguay reconoci\u00f3 la existencia de una relaci\u00f3n laboral entre chofer y Uber\",\"datePublished\":\"2026-02-24T20:59:51+00:00\",\"dateModified\":\"2026-02-25T10:40:14+00:00\",\"mainEntityOfPage\":{\"@id\":\"https:\\\/\\\/diariotextual.com\\\/inicio\\\/index.php\\\/2026\\\/02\\\/24\\\/justicia-de-uruguay-reconocio-la-existencia-de-una-relacion-laboral-entre-chofer-y-uber\\\/\"},\"wordCount\":559,\"publisher\":{\"@id\":\"https:\\\/\\\/diariotextual.com\\\/inicio\\\/#organization\"},\"image\":{\"@id\":\"https:\\\/\\\/diariotextual.com\\\/inicio\\\/index.php\\\/2026\\\/02\\\/24\\\/justicia-de-uruguay-reconocio-la-existencia-de-una-relacion-laboral-entre-chofer-y-uber\\\/#primaryimage\"},\"thumbnailUrl\":\"https:\\\/\\\/diariotextual.com\\\/inicio\\\/wp-content\\\/uploads\\\/2024\\\/07\\\/uber2024-3.webp\",\"articleSection\":[\"A - ES NOTICIA (van abajo)\",\"SOCIEDAD\"],\"inLanguage\":\"es\"},{\"@type\":\"WebPage\",\"@id\":\"https:\\\/\\\/diariotextual.com\\\/inicio\\\/index.php\\\/2026\\\/02\\\/24\\\/justicia-de-uruguay-reconocio-la-existencia-de-una-relacion-laboral-entre-chofer-y-uber\\\/\",\"url\":\"https:\\\/\\\/diariotextual.com\\\/inicio\\\/index.php\\\/2026\\\/02\\\/24\\\/justicia-de-uruguay-reconocio-la-existencia-de-una-relacion-laboral-entre-chofer-y-uber\\\/\",\"name\":\"Justicia de Uruguay reconoci\u00f3 la existencia de una relaci\u00f3n laboral entre chofer y Uber - Diario Textual\",\"isPartOf\":{\"@id\":\"https:\\\/\\\/diariotextual.com\\\/inicio\\\/#website\"},\"primaryImageOfPage\":{\"@id\":\"https:\\\/\\\/diariotextual.com\\\/inicio\\\/index.php\\\/2026\\\/02\\\/24\\\/justicia-de-uruguay-reconocio-la-existencia-de-una-relacion-laboral-entre-chofer-y-uber\\\/#primaryimage\"},\"image\":{\"@id\":\"https:\\\/\\\/diariotextual.com\\\/inicio\\\/index.php\\\/2026\\\/02\\\/24\\\/justicia-de-uruguay-reconocio-la-existencia-de-una-relacion-laboral-entre-chofer-y-uber\\\/#primaryimage\"},\"thumbnailUrl\":\"https:\\\/\\\/diariotextual.com\\\/inicio\\\/wp-content\\\/uploads\\\/2024\\\/07\\\/uber2024-3.webp\",\"datePublished\":\"2026-02-24T20:59:51+00:00\",\"dateModified\":\"2026-02-25T10:40:14+00:00\",\"breadcrumb\":{\"@id\":\"https:\\\/\\\/diariotextual.com\\\/inicio\\\/index.php\\\/2026\\\/02\\\/24\\\/justicia-de-uruguay-reconocio-la-existencia-de-una-relacion-laboral-entre-chofer-y-uber\\\/#breadcrumb\"},\"inLanguage\":\"es\",\"potentialAction\":[{\"@type\":\"ReadAction\",\"target\":[\"https:\\\/\\\/diariotextual.com\\\/inicio\\\/index.php\\\/2026\\\/02\\\/24\\\/justicia-de-uruguay-reconocio-la-existencia-de-una-relacion-laboral-entre-chofer-y-uber\\\/\"]}]},{\"@type\":\"ImageObject\",\"inLanguage\":\"es\",\"@id\":\"https:\\\/\\\/diariotextual.com\\\/inicio\\\/index.php\\\/2026\\\/02\\\/24\\\/justicia-de-uruguay-reconocio-la-existencia-de-una-relacion-laboral-entre-chofer-y-uber\\\/#primaryimage\",\"url\":\"https:\\\/\\\/diariotextual.com\\\/inicio\\\/wp-content\\\/uploads\\\/2024\\\/07\\\/uber2024-3.webp\",\"contentUrl\":\"https:\\\/\\\/diariotextual.com\\\/inicio\\\/wp-content\\\/uploads\\\/2024\\\/07\\\/uber2024-3.webp\",\"width\":770,\"height\":533},{\"@type\":\"BreadcrumbList\",\"@id\":\"https:\\\/\\\/diariotextual.com\\\/inicio\\\/index.php\\\/2026\\\/02\\\/24\\\/justicia-de-uruguay-reconocio-la-existencia-de-una-relacion-laboral-entre-chofer-y-uber\\\/#breadcrumb\",\"itemListElement\":[{\"@type\":\"ListItem\",\"position\":1,\"name\":\"Portada\",\"item\":\"https:\\\/\\\/diariotextual.com\\\/inicio\\\/\"},{\"@type\":\"ListItem\",\"position\":2,\"name\":\"Justicia de Uruguay reconoci\u00f3 la existencia de una relaci\u00f3n laboral entre chofer y Uber\"}]},{\"@type\":\"WebSite\",\"@id\":\"https:\\\/\\\/diariotextual.com\\\/inicio\\\/#website\",\"url\":\"https:\\\/\\\/diariotextual.com\\\/inicio\\\/\",\"name\":\"Diario Textual\",\"description\":\"\",\"publisher\":{\"@id\":\"https:\\\/\\\/diariotextual.com\\\/inicio\\\/#organization\"},\"potentialAction\":[{\"@type\":\"SearchAction\",\"target\":{\"@type\":\"EntryPoint\",\"urlTemplate\":\"https:\\\/\\\/diariotextual.com\\\/inicio\\\/?s={search_term_string}\"},\"query-input\":{\"@type\":\"PropertyValueSpecification\",\"valueRequired\":true,\"valueName\":\"search_term_string\"}}],\"inLanguage\":\"es\"},{\"@type\":\"Organization\",\"@id\":\"https:\\\/\\\/diariotextual.com\\\/inicio\\\/#organization\",\"name\":\"Diario Textual\",\"url\":\"https:\\\/\\\/diariotextual.com\\\/inicio\\\/\",\"logo\":{\"@type\":\"ImageObject\",\"inLanguage\":\"es\",\"@id\":\"https:\\\/\\\/diariotextual.com\\\/inicio\\\/#\\\/schema\\\/logo\\\/image\\\/\",\"url\":\"https:\\\/\\\/diariotextual.com\\\/inicio\\\/wp-content\\\/uploads\\\/2023\\\/05\\\/logotextual1.jpg\",\"contentUrl\":\"https:\\\/\\\/diariotextual.com\\\/inicio\\\/wp-content\\\/uploads\\\/2023\\\/05\\\/logotextual1.jpg\",\"width\":516,\"height\":76,\"caption\":\"Diario Textual\"},\"image\":{\"@id\":\"https:\\\/\\\/diariotextual.com\\\/inicio\\\/#\\\/schema\\\/logo\\\/image\\\/\"},\"sameAs\":[\"https:\\\/\\\/www.facebook.com\\\/eltextual\",\"https:\\\/\\\/x.com\\\/eltextual\",\"http:\\\/\\\/www.instagram.com\\\/eltextual\"]},{\"@type\":\"Person\",\"@id\":\"https:\\\/\\\/diariotextual.com\\\/inicio\\\/#\\\/schema\\\/person\\\/a1b6f563e0ee944c60f98119389a4d9f\",\"name\":\"diario3\",\"image\":{\"@type\":\"ImageObject\",\"inLanguage\":\"es\",\"@id\":\"https:\\\/\\\/secure.gravatar.com\\\/avatar\\\/5e7ee62c82fc04d9dd79d746a390d93c69c43223e5faeeb3ea9461ef752bfc5d?s=96&d=mm&r=g\",\"url\":\"https:\\\/\\\/secure.gravatar.com\\\/avatar\\\/5e7ee62c82fc04d9dd79d746a390d93c69c43223e5faeeb3ea9461ef752bfc5d?s=96&d=mm&r=g\",\"contentUrl\":\"https:\\\/\\\/secure.gravatar.com\\\/avatar\\\/5e7ee62c82fc04d9dd79d746a390d93c69c43223e5faeeb3ea9461ef752bfc5d?s=96&d=mm&r=g\",\"caption\":\"diario3\"},\"url\":\"https:\\\/\\\/diariotextual.com\\\/inicio\\\/index.php\\\/author\\\/diario3\\\/\"}]}<\/script>\n<!-- \/ Yoast SEO plugin. -->","yoast_head_json":{"title":"Justicia de Uruguay reconoci\u00f3 la existencia de una relaci\u00f3n laboral entre chofer y Uber - Diario Textual","robots":{"index":"index","follow":"follow","max-snippet":"max-snippet:-1","max-image-preview":"max-image-preview:large","max-video-preview":"max-video-preview:-1"},"canonical":"https:\/\/diariotextual.com\/inicio\/index.php\/2026\/02\/24\/justicia-de-uruguay-reconocio-la-existencia-de-una-relacion-laboral-entre-chofer-y-uber\/","og_locale":"es_ES","og_type":"article","og_title":"Justicia de Uruguay reconoci\u00f3 la existencia de una relaci\u00f3n laboral entre chofer y Uber - Diario Textual","og_description":"La Suprema Corte de Justicia (SCJ) de Uruguay emiti\u00f3 un fallo a favor de un conductor de una aplicaci\u00f3n de viajes que marca un precedente en materia de protecci\u00f3n laboral&hellip;","og_url":"https:\/\/diariotextual.com\/inicio\/index.php\/2026\/02\/24\/justicia-de-uruguay-reconocio-la-existencia-de-una-relacion-laboral-entre-chofer-y-uber\/","og_site_name":"Diario Textual","article_publisher":"https:\/\/www.facebook.com\/eltextual","article_published_time":"2026-02-24T20:59:51+00:00","article_modified_time":"2026-02-25T10:40:14+00:00","og_image":[{"width":770,"height":533,"url":"https:\/\/diariotextual.com\/inicio\/wp-content\/uploads\/2024\/07\/uber2024-3.webp","type":"image\/webp"}],"author":"diario3","twitter_card":"summary_large_image","twitter_creator":"@eltextual","twitter_site":"@eltextual","twitter_misc":{"Escrito por":"diario3","Tiempo de lectura":"3 minutos"},"schema":{"@context":"https:\/\/schema.org","@graph":[{"@type":"Article","@id":"https:\/\/diariotextual.com\/inicio\/index.php\/2026\/02\/24\/justicia-de-uruguay-reconocio-la-existencia-de-una-relacion-laboral-entre-chofer-y-uber\/#article","isPartOf":{"@id":"https:\/\/diariotextual.com\/inicio\/index.php\/2026\/02\/24\/justicia-de-uruguay-reconocio-la-existencia-de-una-relacion-laboral-entre-chofer-y-uber\/"},"author":{"name":"diario3","@id":"https:\/\/diariotextual.com\/inicio\/#\/schema\/person\/a1b6f563e0ee944c60f98119389a4d9f"},"headline":"Justicia de Uruguay reconoci\u00f3 la existencia de una relaci\u00f3n laboral entre chofer y Uber","datePublished":"2026-02-24T20:59:51+00:00","dateModified":"2026-02-25T10:40:14+00:00","mainEntityOfPage":{"@id":"https:\/\/diariotextual.com\/inicio\/index.php\/2026\/02\/24\/justicia-de-uruguay-reconocio-la-existencia-de-una-relacion-laboral-entre-chofer-y-uber\/"},"wordCount":559,"publisher":{"@id":"https:\/\/diariotextual.com\/inicio\/#organization"},"image":{"@id":"https:\/\/diariotextual.com\/inicio\/index.php\/2026\/02\/24\/justicia-de-uruguay-reconocio-la-existencia-de-una-relacion-laboral-entre-chofer-y-uber\/#primaryimage"},"thumbnailUrl":"https:\/\/diariotextual.com\/inicio\/wp-content\/uploads\/2024\/07\/uber2024-3.webp","articleSection":["A - ES NOTICIA (van abajo)","SOCIEDAD"],"inLanguage":"es"},{"@type":"WebPage","@id":"https:\/\/diariotextual.com\/inicio\/index.php\/2026\/02\/24\/justicia-de-uruguay-reconocio-la-existencia-de-una-relacion-laboral-entre-chofer-y-uber\/","url":"https:\/\/diariotextual.com\/inicio\/index.php\/2026\/02\/24\/justicia-de-uruguay-reconocio-la-existencia-de-una-relacion-laboral-entre-chofer-y-uber\/","name":"Justicia de Uruguay reconoci\u00f3 la existencia de una relaci\u00f3n laboral entre chofer y Uber - Diario Textual","isPartOf":{"@id":"https:\/\/diariotextual.com\/inicio\/#website"},"primaryImageOfPage":{"@id":"https:\/\/diariotextual.com\/inicio\/index.php\/2026\/02\/24\/justicia-de-uruguay-reconocio-la-existencia-de-una-relacion-laboral-entre-chofer-y-uber\/#primaryimage"},"image":{"@id":"https:\/\/diariotextual.com\/inicio\/index.php\/2026\/02\/24\/justicia-de-uruguay-reconocio-la-existencia-de-una-relacion-laboral-entre-chofer-y-uber\/#primaryimage"},"thumbnailUrl":"https:\/\/diariotextual.com\/inicio\/wp-content\/uploads\/2024\/07\/uber2024-3.webp","datePublished":"2026-02-24T20:59:51+00:00","dateModified":"2026-02-25T10:40:14+00:00","breadcrumb":{"@id":"https:\/\/diariotextual.com\/inicio\/index.php\/2026\/02\/24\/justicia-de-uruguay-reconocio-la-existencia-de-una-relacion-laboral-entre-chofer-y-uber\/#breadcrumb"},"inLanguage":"es","potentialAction":[{"@type":"ReadAction","target":["https:\/\/diariotextual.com\/inicio\/index.php\/2026\/02\/24\/justicia-de-uruguay-reconocio-la-existencia-de-una-relacion-laboral-entre-chofer-y-uber\/"]}]},{"@type":"ImageObject","inLanguage":"es","@id":"https:\/\/diariotextual.com\/inicio\/index.php\/2026\/02\/24\/justicia-de-uruguay-reconocio-la-existencia-de-una-relacion-laboral-entre-chofer-y-uber\/#primaryimage","url":"https:\/\/diariotextual.com\/inicio\/wp-content\/uploads\/2024\/07\/uber2024-3.webp","contentUrl":"https:\/\/diariotextual.com\/inicio\/wp-content\/uploads\/2024\/07\/uber2024-3.webp","width":770,"height":533},{"@type":"BreadcrumbList","@id":"https:\/\/diariotextual.com\/inicio\/index.php\/2026\/02\/24\/justicia-de-uruguay-reconocio-la-existencia-de-una-relacion-laboral-entre-chofer-y-uber\/#breadcrumb","itemListElement":[{"@type":"ListItem","position":1,"name":"Portada","item":"https:\/\/diariotextual.com\/inicio\/"},{"@type":"ListItem","position":2,"name":"Justicia de Uruguay reconoci\u00f3 la existencia de una relaci\u00f3n laboral entre chofer y Uber"}]},{"@type":"WebSite","@id":"https:\/\/diariotextual.com\/inicio\/#website","url":"https:\/\/diariotextual.com\/inicio\/","name":"Diario Textual","description":"","publisher":{"@id":"https:\/\/diariotextual.com\/inicio\/#organization"},"potentialAction":[{"@type":"SearchAction","target":{"@type":"EntryPoint","urlTemplate":"https:\/\/diariotextual.com\/inicio\/?s={search_term_string}"},"query-input":{"@type":"PropertyValueSpecification","valueRequired":true,"valueName":"search_term_string"}}],"inLanguage":"es"},{"@type":"Organization","@id":"https:\/\/diariotextual.com\/inicio\/#organization","name":"Diario Textual","url":"https:\/\/diariotextual.com\/inicio\/","logo":{"@type":"ImageObject","inLanguage":"es","@id":"https:\/\/diariotextual.com\/inicio\/#\/schema\/logo\/image\/","url":"https:\/\/diariotextual.com\/inicio\/wp-content\/uploads\/2023\/05\/logotextual1.jpg","contentUrl":"https:\/\/diariotextual.com\/inicio\/wp-content\/uploads\/2023\/05\/logotextual1.jpg","width":516,"height":76,"caption":"Diario Textual"},"image":{"@id":"https:\/\/diariotextual.com\/inicio\/#\/schema\/logo\/image\/"},"sameAs":["https:\/\/www.facebook.com\/eltextual","https:\/\/x.com\/eltextual","http:\/\/www.instagram.com\/eltextual"]},{"@type":"Person","@id":"https:\/\/diariotextual.com\/inicio\/#\/schema\/person\/a1b6f563e0ee944c60f98119389a4d9f","name":"diario3","image":{"@type":"ImageObject","inLanguage":"es","@id":"https:\/\/secure.gravatar.com\/avatar\/5e7ee62c82fc04d9dd79d746a390d93c69c43223e5faeeb3ea9461ef752bfc5d?s=96&d=mm&r=g","url":"https:\/\/secure.gravatar.com\/avatar\/5e7ee62c82fc04d9dd79d746a390d93c69c43223e5faeeb3ea9461ef752bfc5d?s=96&d=mm&r=g","contentUrl":"https:\/\/secure.gravatar.com\/avatar\/5e7ee62c82fc04d9dd79d746a390d93c69c43223e5faeeb3ea9461ef752bfc5d?s=96&d=mm&r=g","caption":"diario3"},"url":"https:\/\/diariotextual.com\/inicio\/index.php\/author\/diario3\/"}]}},"_links":{"self":[{"href":"https:\/\/diariotextual.com\/inicio\/index.php\/wp-json\/wp\/v2\/posts\/320578","targetHints":{"allow":["GET"]}}],"collection":[{"href":"https:\/\/diariotextual.com\/inicio\/index.php\/wp-json\/wp\/v2\/posts"}],"about":[{"href":"https:\/\/diariotextual.com\/inicio\/index.php\/wp-json\/wp\/v2\/types\/post"}],"author":[{"embeddable":true,"href":"https:\/\/diariotextual.com\/inicio\/index.php\/wp-json\/wp\/v2\/users\/5"}],"replies":[{"embeddable":true,"href":"https:\/\/diariotextual.com\/inicio\/index.php\/wp-json\/wp\/v2\/comments?post=320578"}],"version-history":[{"count":1,"href":"https:\/\/diariotextual.com\/inicio\/index.php\/wp-json\/wp\/v2\/posts\/320578\/revisions"}],"predecessor-version":[{"id":320579,"href":"https:\/\/diariotextual.com\/inicio\/index.php\/wp-json\/wp\/v2\/posts\/320578\/revisions\/320579"}],"wp:featuredmedia":[{"embeddable":true,"href":"https:\/\/diariotextual.com\/inicio\/index.php\/wp-json\/wp\/v2\/media\/268410"}],"wp:attachment":[{"href":"https:\/\/diariotextual.com\/inicio\/index.php\/wp-json\/wp\/v2\/media?parent=320578"}],"wp:term":[{"taxonomy":"category","embeddable":true,"href":"https:\/\/diariotextual.com\/inicio\/index.php\/wp-json\/wp\/v2\/categories?post=320578"},{"taxonomy":"post_tag","embeddable":true,"href":"https:\/\/diariotextual.com\/inicio\/index.php\/wp-json\/wp\/v2\/tags?post=320578"}],"curies":[{"name":"wp","href":"https:\/\/api.w.org\/{rel}","templated":true}]}}