{"id":320583,"date":"2026-02-24T18:27:35","date_gmt":"2026-02-24T21:27:35","guid":{"rendered":"https:\/\/diariotextual.com\/inicio\/?p=320583"},"modified":"2026-02-24T18:39:31","modified_gmt":"2026-02-24T21:39:31","slug":"huala-parte-de-un-nuevo-interbloque-en-el-senado-que-se-llamara-impulso-pais","status":"publish","type":"post","link":"https:\/\/diariotextual.com\/inicio\/index.php\/2026\/02\/24\/huala-parte-de-un-nuevo-interbloque-en-el-senado-que-se-llamara-impulso-pais\/","title":{"rendered":"M\u00e1s movimientos en el Senado: \u201cVicky\u201d Huala se suma a un interbloque \u201cdialoguista\u201d con LLA"},"content":{"rendered":"\n<p>Bajo el nombre \u201cImpulso Pa\u00eds\u201d, se constituy\u00f3 el nuevo espacio integrado por legisladores de distintas provincias y entre las que se encuentra la <strong>senadora pampeana Victoria Huala del Pro.<\/strong> Adem\u00e1s, de ese partido, forman parte el misionero Mart\u00edn Goerling Lara y la chubutense Andrea Cristina.<\/p>\n\n\n\n<p>Tambi\u00e9n se encuentran por Provincias Unidas -un espacio que en la C\u00e1mara de Diputados es parte de otro interbloque completamente distinto al que integra el Pro- el correntino Carlos \u201cCamau\u201d Esp\u00ednola y la cordobesa Alejandra Vigo, quien fue ratificada como vicepresidenta segunda del Senado en la sesi\u00f3n preparatoria.<\/p>\n\n\n\n<p>Completan el interbloque la chubutense Edith Terenzi, de origen radical y referenciada en el gobernador Ignacio \u201cNacho\u201d Torres; y la tucumana Beatriz \u00c1vila, una exJuntos por el Cambio que hoy juega del lado del gobernador Osvaldo Jaldo, aliado de Casa Rosada.<\/p>\n\n\n\n<p>De esta manera, hasta el momento, teniendo en cuenta la cantidad de integrantes por interbloque, <strong>la primera minor\u00eda es Popular, conducido por Jos\u00e9 Mayans, con 25<\/strong> (un piso hist\u00f3ricamente bajo para el peronismo); <strong>seguido por La Libertad Avanza, bloque \u00fanico con 21; la Uni\u00f3n C\u00edvica Radical, con 10<\/strong>; y ahora el <strong>interbloque Impulso Pa\u00eds, con 7<\/strong>.<\/p>\n\n\n\n<p>\u201cEl objetivo es coordinar una agenda legislativa que priorice el desarrollo regional, el trabajo y la b\u00fasqueda de consensos racionales en el Congreso\u201d, se expres\u00f3 desde Impulso Pa\u00eds. \u201cEste <strong>interbloque se posiciona como un actor clave en la b\u00fasqueda de consensos racionales que permitan superar el estancamiento<\/strong> y proyectar a la Argentina hacia un futuro de desarrollo sostenible\u201d.<\/p>\n","protected":false},"excerpt":{"rendered":"<p>Bajo el nombre \u201cImpulso Pa\u00eds\u201d, se constituy\u00f3 el nuevo espacio integrado por legisladores de distintas provincias y entre las que se encuentra la senadora pampeana Victoria Huala del Pro. Adem\u00e1s,&hellip;<\/p>\n","protected":false},"author":5,"featured_media":320584,"comment_status":"closed","ping_status":"open","sticky":false,"template":"","format":"standard","meta":{"_acf_changed":false,"footnotes":""},"categories":[1,8],"tags":[],"class_list":["post-320583","post","type-post","status-publish","format-standard","has-post-thumbnail","hentry","category-es-noticia","category-politica"],"acf":[],"yoast_head":"<!-- This site is optimized with the Yoast SEO plugin v27.4 - https:\/\/yoast.com\/product\/yoast-seo-wordpress\/ -->\n<title>M\u00e1s movimientos en el Senado: \u201cVicky\u201d Huala se suma a un interbloque \u201cdialoguista\u201d con LLA - Diario Textual<\/title>\n<meta name=\"robots\" content=\"index, follow, max-snippet:-1, max-image-preview:large, max-video-preview:-1\" \/>\n<link rel=\"canonical\" href=\"https:\/\/diariotextual.com\/inicio\/index.php\/2026\/02\/24\/huala-parte-de-un-nuevo-interbloque-en-el-senado-que-se-llamara-impulso-pais\/\" \/>\n<meta property=\"og:locale\" content=\"es_ES\" \/>\n<meta property=\"og:type\" content=\"article\" \/>\n<meta property=\"og:title\" content=\"M\u00e1s movimientos en el Senado: \u201cVicky\u201d Huala se suma a un interbloque \u201cdialoguista\u201d con LLA - Diario Textual\" \/>\n<meta property=\"og:description\" content=\"Bajo el nombre \u201cImpulso Pa\u00eds\u201d, se constituy\u00f3 el nuevo espacio integrado por legisladores de distintas provincias y entre las que se encuentra la senadora pampeana Victoria Huala del Pro. Adem\u00e1s,&hellip;\" \/>\n<meta property=\"og:url\" content=\"https:\/\/diariotextual.com\/inicio\/index.php\/2026\/02\/24\/huala-parte-de-un-nuevo-interbloque-en-el-senado-que-se-llamara-impulso-pais\/\" \/>\n<meta property=\"og:site_name\" content=\"Diario Textual\" \/>\n<meta property=\"article:publisher\" content=\"https:\/\/www.facebook.com\/eltextual\" \/>\n<meta property=\"article:published_time\" content=\"2026-02-24T21:27:35+00:00\" \/>\n<meta property=\"article:modified_time\" content=\"2026-02-24T21:39:31+00:00\" \/>\n<meta property=\"og:image\" content=\"https:\/\/diariotextual.com\/inicio\/wp-content\/uploads\/2026\/02\/hualaimpulsopais2026.webp\" \/>\n\t<meta property=\"og:image:width\" content=\"750\" \/>\n\t<meta property=\"og:image:height\" content=\"500\" \/>\n\t<meta property=\"og:image:type\" content=\"image\/webp\" \/>\n<meta name=\"author\" content=\"diario3\" \/>\n<meta name=\"twitter:card\" content=\"summary_large_image\" \/>\n<meta name=\"twitter:creator\" content=\"@eltextual\" \/>\n<meta name=\"twitter:site\" content=\"@eltextual\" \/>\n<meta name=\"twitter:label1\" content=\"Escrito por\" \/>\n\t<meta name=\"twitter:data1\" content=\"diario3\" \/>\n\t<meta name=\"twitter:label2\" content=\"Tiempo de lectura\" \/>\n\t<meta name=\"twitter:data2\" content=\"2 minutos\" \/>\n<script type=\"application\/ld+json\" class=\"yoast-schema-graph\">{\"@context\":\"https:\\\/\\\/schema.org\",\"@graph\":[{\"@type\":\"Article\",\"@id\":\"https:\\\/\\\/diariotextual.com\\\/inicio\\\/index.php\\\/2026\\\/02\\\/24\\\/huala-parte-de-un-nuevo-interbloque-en-el-senado-que-se-llamara-impulso-pais\\\/#article\",\"isPartOf\":{\"@id\":\"https:\\\/\\\/diariotextual.com\\\/inicio\\\/index.php\\\/2026\\\/02\\\/24\\\/huala-parte-de-un-nuevo-interbloque-en-el-senado-que-se-llamara-impulso-pais\\\/\"},\"author\":{\"name\":\"diario3\",\"@id\":\"https:\\\/\\\/diariotextual.com\\\/inicio\\\/#\\\/schema\\\/person\\\/a1b6f563e0ee944c60f98119389a4d9f\"},\"headline\":\"M\u00e1s movimientos en el Senado: \u201cVicky\u201d Huala se suma a un interbloque \u201cdialoguista\u201d con LLA\",\"datePublished\":\"2026-02-24T21:27:35+00:00\",\"dateModified\":\"2026-02-24T21:39:31+00:00\",\"mainEntityOfPage\":{\"@id\":\"https:\\\/\\\/diariotextual.com\\\/inicio\\\/index.php\\\/2026\\\/02\\\/24\\\/huala-parte-de-un-nuevo-interbloque-en-el-senado-que-se-llamara-impulso-pais\\\/\"},\"wordCount\":275,\"publisher\":{\"@id\":\"https:\\\/\\\/diariotextual.com\\\/inicio\\\/#organization\"},\"image\":{\"@id\":\"https:\\\/\\\/diariotextual.com\\\/inicio\\\/index.php\\\/2026\\\/02\\\/24\\\/huala-parte-de-un-nuevo-interbloque-en-el-senado-que-se-llamara-impulso-pais\\\/#primaryimage\"},\"thumbnailUrl\":\"https:\\\/\\\/diariotextual.com\\\/inicio\\\/wp-content\\\/uploads\\\/2026\\\/02\\\/hualaimpulsopais2026.webp\",\"articleSection\":[\"A - ES NOTICIA (van abajo)\",\"POLITICA\"],\"inLanguage\":\"es\"},{\"@type\":\"WebPage\",\"@id\":\"https:\\\/\\\/diariotextual.com\\\/inicio\\\/index.php\\\/2026\\\/02\\\/24\\\/huala-parte-de-un-nuevo-interbloque-en-el-senado-que-se-llamara-impulso-pais\\\/\",\"url\":\"https:\\\/\\\/diariotextual.com\\\/inicio\\\/index.php\\\/2026\\\/02\\\/24\\\/huala-parte-de-un-nuevo-interbloque-en-el-senado-que-se-llamara-impulso-pais\\\/\",\"name\":\"M\u00e1s movimientos en el Senado: \u201cVicky\u201d Huala se suma a un interbloque \u201cdialoguista\u201d con LLA - Diario Textual\",\"isPartOf\":{\"@id\":\"https:\\\/\\\/diariotextual.com\\\/inicio\\\/#website\"},\"primaryImageOfPage\":{\"@id\":\"https:\\\/\\\/diariotextual.com\\\/inicio\\\/index.php\\\/2026\\\/02\\\/24\\\/huala-parte-de-un-nuevo-interbloque-en-el-senado-que-se-llamara-impulso-pais\\\/#primaryimage\"},\"image\":{\"@id\":\"https:\\\/\\\/diariotextual.com\\\/inicio\\\/index.php\\\/2026\\\/02\\\/24\\\/huala-parte-de-un-nuevo-interbloque-en-el-senado-que-se-llamara-impulso-pais\\\/#primaryimage\"},\"thumbnailUrl\":\"https:\\\/\\\/diariotextual.com\\\/inicio\\\/wp-content\\\/uploads\\\/2026\\\/02\\\/hualaimpulsopais2026.webp\",\"datePublished\":\"2026-02-24T21:27:35+00:00\",\"dateModified\":\"2026-02-24T21:39:31+00:00\",\"breadcrumb\":{\"@id\":\"https:\\\/\\\/diariotextual.com\\\/inicio\\\/index.php\\\/2026\\\/02\\\/24\\\/huala-parte-de-un-nuevo-interbloque-en-el-senado-que-se-llamara-impulso-pais\\\/#breadcrumb\"},\"inLanguage\":\"es\",\"potentialAction\":[{\"@type\":\"ReadAction\",\"target\":[\"https:\\\/\\\/diariotextual.com\\\/inicio\\\/index.php\\\/2026\\\/02\\\/24\\\/huala-parte-de-un-nuevo-interbloque-en-el-senado-que-se-llamara-impulso-pais\\\/\"]}]},{\"@type\":\"ImageObject\",\"inLanguage\":\"es\",\"@id\":\"https:\\\/\\\/diariotextual.com\\\/inicio\\\/index.php\\\/2026\\\/02\\\/24\\\/huala-parte-de-un-nuevo-interbloque-en-el-senado-que-se-llamara-impulso-pais\\\/#primaryimage\",\"url\":\"https:\\\/\\\/diariotextual.com\\\/inicio\\\/wp-content\\\/uploads\\\/2026\\\/02\\\/hualaimpulsopais2026.webp\",\"contentUrl\":\"https:\\\/\\\/diariotextual.com\\\/inicio\\\/wp-content\\\/uploads\\\/2026\\\/02\\\/hualaimpulsopais2026.webp\",\"width\":750,\"height\":500},{\"@type\":\"BreadcrumbList\",\"@id\":\"https:\\\/\\\/diariotextual.com\\\/inicio\\\/index.php\\\/2026\\\/02\\\/24\\\/huala-parte-de-un-nuevo-interbloque-en-el-senado-que-se-llamara-impulso-pais\\\/#breadcrumb\",\"itemListElement\":[{\"@type\":\"ListItem\",\"position\":1,\"name\":\"Portada\",\"item\":\"https:\\\/\\\/diariotextual.com\\\/inicio\\\/\"},{\"@type\":\"ListItem\",\"position\":2,\"name\":\"M\u00e1s movimientos en el Senado: \u201cVicky\u201d Huala se suma a un interbloque \u201cdialoguista\u201d con LLA\"}]},{\"@type\":\"WebSite\",\"@id\":\"https:\\\/\\\/diariotextual.com\\\/inicio\\\/#website\",\"url\":\"https:\\\/\\\/diariotextual.com\\\/inicio\\\/\",\"name\":\"Diario Textual\",\"description\":\"\",\"publisher\":{\"@id\":\"https:\\\/\\\/diariotextual.com\\\/inicio\\\/#organization\"},\"potentialAction\":[{\"@type\":\"SearchAction\",\"target\":{\"@type\":\"EntryPoint\",\"urlTemplate\":\"https:\\\/\\\/diariotextual.com\\\/inicio\\\/?s={search_term_string}\"},\"query-input\":{\"@type\":\"PropertyValueSpecification\",\"valueRequired\":true,\"valueName\":\"search_term_string\"}}],\"inLanguage\":\"es\"},{\"@type\":\"Organization\",\"@id\":\"https:\\\/\\\/diariotextual.com\\\/inicio\\\/#organization\",\"name\":\"Diario Textual\",\"url\":\"https:\\\/\\\/diariotextual.com\\\/inicio\\\/\",\"logo\":{\"@type\":\"ImageObject\",\"inLanguage\":\"es\",\"@id\":\"https:\\\/\\\/diariotextual.com\\\/inicio\\\/#\\\/schema\\\/logo\\\/image\\\/\",\"url\":\"https:\\\/\\\/diariotextual.com\\\/inicio\\\/wp-content\\\/uploads\\\/2023\\\/05\\\/logotextual1.jpg\",\"contentUrl\":\"https:\\\/\\\/diariotextual.com\\\/inicio\\\/wp-content\\\/uploads\\\/2023\\\/05\\\/logotextual1.jpg\",\"width\":516,\"height\":76,\"caption\":\"Diario Textual\"},\"image\":{\"@id\":\"https:\\\/\\\/diariotextual.com\\\/inicio\\\/#\\\/schema\\\/logo\\\/image\\\/\"},\"sameAs\":[\"https:\\\/\\\/www.facebook.com\\\/eltextual\",\"https:\\\/\\\/x.com\\\/eltextual\",\"http:\\\/\\\/www.instagram.com\\\/eltextual\"]},{\"@type\":\"Person\",\"@id\":\"https:\\\/\\\/diariotextual.com\\\/inicio\\\/#\\\/schema\\\/person\\\/a1b6f563e0ee944c60f98119389a4d9f\",\"name\":\"diario3\",\"image\":{\"@type\":\"ImageObject\",\"inLanguage\":\"es\",\"@id\":\"https:\\\/\\\/secure.gravatar.com\\\/avatar\\\/5e7ee62c82fc04d9dd79d746a390d93c69c43223e5faeeb3ea9461ef752bfc5d?s=96&d=mm&r=g\",\"url\":\"https:\\\/\\\/secure.gravatar.com\\\/avatar\\\/5e7ee62c82fc04d9dd79d746a390d93c69c43223e5faeeb3ea9461ef752bfc5d?s=96&d=mm&r=g\",\"contentUrl\":\"https:\\\/\\\/secure.gravatar.com\\\/avatar\\\/5e7ee62c82fc04d9dd79d746a390d93c69c43223e5faeeb3ea9461ef752bfc5d?s=96&d=mm&r=g\",\"caption\":\"diario3\"},\"url\":\"https:\\\/\\\/diariotextual.com\\\/inicio\\\/index.php\\\/author\\\/diario3\\\/\"}]}<\/script>\n<!-- \/ Yoast SEO plugin. -->","yoast_head_json":{"title":"M\u00e1s movimientos en el Senado: \u201cVicky\u201d Huala se suma a un interbloque \u201cdialoguista\u201d con LLA - Diario Textual","robots":{"index":"index","follow":"follow","max-snippet":"max-snippet:-1","max-image-preview":"max-image-preview:large","max-video-preview":"max-video-preview:-1"},"canonical":"https:\/\/diariotextual.com\/inicio\/index.php\/2026\/02\/24\/huala-parte-de-un-nuevo-interbloque-en-el-senado-que-se-llamara-impulso-pais\/","og_locale":"es_ES","og_type":"article","og_title":"M\u00e1s movimientos en el Senado: \u201cVicky\u201d Huala se suma a un interbloque \u201cdialoguista\u201d con LLA - Diario Textual","og_description":"Bajo el nombre \u201cImpulso Pa\u00eds\u201d, se constituy\u00f3 el nuevo espacio integrado por legisladores de distintas provincias y entre las que se encuentra la senadora pampeana Victoria Huala del Pro. Adem\u00e1s,&hellip;","og_url":"https:\/\/diariotextual.com\/inicio\/index.php\/2026\/02\/24\/huala-parte-de-un-nuevo-interbloque-en-el-senado-que-se-llamara-impulso-pais\/","og_site_name":"Diario Textual","article_publisher":"https:\/\/www.facebook.com\/eltextual","article_published_time":"2026-02-24T21:27:35+00:00","article_modified_time":"2026-02-24T21:39:31+00:00","og_image":[{"width":750,"height":500,"url":"https:\/\/diariotextual.com\/inicio\/wp-content\/uploads\/2026\/02\/hualaimpulsopais2026.webp","type":"image\/webp"}],"author":"diario3","twitter_card":"summary_large_image","twitter_creator":"@eltextual","twitter_site":"@eltextual","twitter_misc":{"Escrito por":"diario3","Tiempo de lectura":"2 minutos"},"schema":{"@context":"https:\/\/schema.org","@graph":[{"@type":"Article","@id":"https:\/\/diariotextual.com\/inicio\/index.php\/2026\/02\/24\/huala-parte-de-un-nuevo-interbloque-en-el-senado-que-se-llamara-impulso-pais\/#article","isPartOf":{"@id":"https:\/\/diariotextual.com\/inicio\/index.php\/2026\/02\/24\/huala-parte-de-un-nuevo-interbloque-en-el-senado-que-se-llamara-impulso-pais\/"},"author":{"name":"diario3","@id":"https:\/\/diariotextual.com\/inicio\/#\/schema\/person\/a1b6f563e0ee944c60f98119389a4d9f"},"headline":"M\u00e1s movimientos en el Senado: \u201cVicky\u201d Huala se suma a un interbloque \u201cdialoguista\u201d con LLA","datePublished":"2026-02-24T21:27:35+00:00","dateModified":"2026-02-24T21:39:31+00:00","mainEntityOfPage":{"@id":"https:\/\/diariotextual.com\/inicio\/index.php\/2026\/02\/24\/huala-parte-de-un-nuevo-interbloque-en-el-senado-que-se-llamara-impulso-pais\/"},"wordCount":275,"publisher":{"@id":"https:\/\/diariotextual.com\/inicio\/#organization"},"image":{"@id":"https:\/\/diariotextual.com\/inicio\/index.php\/2026\/02\/24\/huala-parte-de-un-nuevo-interbloque-en-el-senado-que-se-llamara-impulso-pais\/#primaryimage"},"thumbnailUrl":"https:\/\/diariotextual.com\/inicio\/wp-content\/uploads\/2026\/02\/hualaimpulsopais2026.webp","articleSection":["A - ES NOTICIA (van abajo)","POLITICA"],"inLanguage":"es"},{"@type":"WebPage","@id":"https:\/\/diariotextual.com\/inicio\/index.php\/2026\/02\/24\/huala-parte-de-un-nuevo-interbloque-en-el-senado-que-se-llamara-impulso-pais\/","url":"https:\/\/diariotextual.com\/inicio\/index.php\/2026\/02\/24\/huala-parte-de-un-nuevo-interbloque-en-el-senado-que-se-llamara-impulso-pais\/","name":"M\u00e1s movimientos en el Senado: \u201cVicky\u201d Huala se suma a un interbloque \u201cdialoguista\u201d con LLA - Diario Textual","isPartOf":{"@id":"https:\/\/diariotextual.com\/inicio\/#website"},"primaryImageOfPage":{"@id":"https:\/\/diariotextual.com\/inicio\/index.php\/2026\/02\/24\/huala-parte-de-un-nuevo-interbloque-en-el-senado-que-se-llamara-impulso-pais\/#primaryimage"},"image":{"@id":"https:\/\/diariotextual.com\/inicio\/index.php\/2026\/02\/24\/huala-parte-de-un-nuevo-interbloque-en-el-senado-que-se-llamara-impulso-pais\/#primaryimage"},"thumbnailUrl":"https:\/\/diariotextual.com\/inicio\/wp-content\/uploads\/2026\/02\/hualaimpulsopais2026.webp","datePublished":"2026-02-24T21:27:35+00:00","dateModified":"2026-02-24T21:39:31+00:00","breadcrumb":{"@id":"https:\/\/diariotextual.com\/inicio\/index.php\/2026\/02\/24\/huala-parte-de-un-nuevo-interbloque-en-el-senado-que-se-llamara-impulso-pais\/#breadcrumb"},"inLanguage":"es","potentialAction":[{"@type":"ReadAction","target":["https:\/\/diariotextual.com\/inicio\/index.php\/2026\/02\/24\/huala-parte-de-un-nuevo-interbloque-en-el-senado-que-se-llamara-impulso-pais\/"]}]},{"@type":"ImageObject","inLanguage":"es","@id":"https:\/\/diariotextual.com\/inicio\/index.php\/2026\/02\/24\/huala-parte-de-un-nuevo-interbloque-en-el-senado-que-se-llamara-impulso-pais\/#primaryimage","url":"https:\/\/diariotextual.com\/inicio\/wp-content\/uploads\/2026\/02\/hualaimpulsopais2026.webp","contentUrl":"https:\/\/diariotextual.com\/inicio\/wp-content\/uploads\/2026\/02\/hualaimpulsopais2026.webp","width":750,"height":500},{"@type":"BreadcrumbList","@id":"https:\/\/diariotextual.com\/inicio\/index.php\/2026\/02\/24\/huala-parte-de-un-nuevo-interbloque-en-el-senado-que-se-llamara-impulso-pais\/#breadcrumb","itemListElement":[{"@type":"ListItem","position":1,"name":"Portada","item":"https:\/\/diariotextual.com\/inicio\/"},{"@type":"ListItem","position":2,"name":"M\u00e1s movimientos en el Senado: \u201cVicky\u201d Huala se suma a un interbloque \u201cdialoguista\u201d con LLA"}]},{"@type":"WebSite","@id":"https:\/\/diariotextual.com\/inicio\/#website","url":"https:\/\/diariotextual.com\/inicio\/","name":"Diario Textual","description":"","publisher":{"@id":"https:\/\/diariotextual.com\/inicio\/#organization"},"potentialAction":[{"@type":"SearchAction","target":{"@type":"EntryPoint","urlTemplate":"https:\/\/diariotextual.com\/inicio\/?s={search_term_string}"},"query-input":{"@type":"PropertyValueSpecification","valueRequired":true,"valueName":"search_term_string"}}],"inLanguage":"es"},{"@type":"Organization","@id":"https:\/\/diariotextual.com\/inicio\/#organization","name":"Diario Textual","url":"https:\/\/diariotextual.com\/inicio\/","logo":{"@type":"ImageObject","inLanguage":"es","@id":"https:\/\/diariotextual.com\/inicio\/#\/schema\/logo\/image\/","url":"https:\/\/diariotextual.com\/inicio\/wp-content\/uploads\/2023\/05\/logotextual1.jpg","contentUrl":"https:\/\/diariotextual.com\/inicio\/wp-content\/uploads\/2023\/05\/logotextual1.jpg","width":516,"height":76,"caption":"Diario Textual"},"image":{"@id":"https:\/\/diariotextual.com\/inicio\/#\/schema\/logo\/image\/"},"sameAs":["https:\/\/www.facebook.com\/eltextual","https:\/\/x.com\/eltextual","http:\/\/www.instagram.com\/eltextual"]},{"@type":"Person","@id":"https:\/\/diariotextual.com\/inicio\/#\/schema\/person\/a1b6f563e0ee944c60f98119389a4d9f","name":"diario3","image":{"@type":"ImageObject","inLanguage":"es","@id":"https:\/\/secure.gravatar.com\/avatar\/5e7ee62c82fc04d9dd79d746a390d93c69c43223e5faeeb3ea9461ef752bfc5d?s=96&d=mm&r=g","url":"https:\/\/secure.gravatar.com\/avatar\/5e7ee62c82fc04d9dd79d746a390d93c69c43223e5faeeb3ea9461ef752bfc5d?s=96&d=mm&r=g","contentUrl":"https:\/\/secure.gravatar.com\/avatar\/5e7ee62c82fc04d9dd79d746a390d93c69c43223e5faeeb3ea9461ef752bfc5d?s=96&d=mm&r=g","caption":"diario3"},"url":"https:\/\/diariotextual.com\/inicio\/index.php\/author\/diario3\/"}]}},"_links":{"self":[{"href":"https:\/\/diariotextual.com\/inicio\/index.php\/wp-json\/wp\/v2\/posts\/320583","targetHints":{"allow":["GET"]}}],"collection":[{"href":"https:\/\/diariotextual.com\/inicio\/index.php\/wp-json\/wp\/v2\/posts"}],"about":[{"href":"https:\/\/diariotextual.com\/inicio\/index.php\/wp-json\/wp\/v2\/types\/post"}],"author":[{"embeddable":true,"href":"https:\/\/diariotextual.com\/inicio\/index.php\/wp-json\/wp\/v2\/users\/5"}],"replies":[{"embeddable":true,"href":"https:\/\/diariotextual.com\/inicio\/index.php\/wp-json\/wp\/v2\/comments?post=320583"}],"version-history":[{"count":2,"href":"https:\/\/diariotextual.com\/inicio\/index.php\/wp-json\/wp\/v2\/posts\/320583\/revisions"}],"predecessor-version":[{"id":320586,"href":"https:\/\/diariotextual.com\/inicio\/index.php\/wp-json\/wp\/v2\/posts\/320583\/revisions\/320586"}],"wp:featuredmedia":[{"embeddable":true,"href":"https:\/\/diariotextual.com\/inicio\/index.php\/wp-json\/wp\/v2\/media\/320584"}],"wp:attachment":[{"href":"https:\/\/diariotextual.com\/inicio\/index.php\/wp-json\/wp\/v2\/media?parent=320583"}],"wp:term":[{"taxonomy":"category","embeddable":true,"href":"https:\/\/diariotextual.com\/inicio\/index.php\/wp-json\/wp\/v2\/categories?post=320583"},{"taxonomy":"post_tag","embeddable":true,"href":"https:\/\/diariotextual.com\/inicio\/index.php\/wp-json\/wp\/v2\/tags?post=320583"}],"curies":[{"name":"wp","href":"https:\/\/api.w.org\/{rel}","templated":true}]}}