{"id":321062,"date":"2026-03-01T19:11:59","date_gmt":"2026-03-01T22:11:59","guid":{"rendered":"https:\/\/diariotextual.com\/inicio\/?p=321062"},"modified":"2026-03-02T09:48:48","modified_gmt":"2026-03-02T12:48:48","slug":"el-medanito-ziliotto-reitero-que-la-decision-esta-en-manos-de-los-legisladores","status":"publish","type":"post","link":"https:\/\/diariotextual.com\/inicio\/index.php\/2026\/03\/01\/el-medanito-ziliotto-reitero-que-la-decision-esta-en-manos-de-los-legisladores\/","title":{"rendered":"El Medanito: Ziliotto reiter\u00f3 que la decisi\u00f3n est\u00e1 en manos de los legisladores"},"content":{"rendered":"\n<p>El gobernador<strong> Sergio Ziliotto<\/strong> ratific\u00f3 este domingo que la <strong>explotaci\u00f3n hidrocarbur\u00edfera<\/strong> es \u201cuna pol\u00edtica de Estado\u201d, subray\u00f3 que<strong> las regal\u00edas constituyen una fuente clave de recursos para el fisco provincial<\/strong> y <strong>los municipios<\/strong>, y resalt\u00f3 que<strong> la Legislatura ser\u00e1 la que tenga que definir el futuro del \u00e1rea El Medanito.<\/strong><\/p>\n\n\n\n<p>En ese marco, record\u00f3 que la ley 26.741 establece que toda decisi\u00f3n sobre la explotaci\u00f3n del recurso exige mayor\u00eda calificada en la Legislatura. Bajo ese mandato, el Poder Ejecutivo ingres\u00f3 una nueva propuesta para avanzar con la explotaci\u00f3n del \u00e1rea <strong>El Medanito. \u201cSer\u00e1 la Legislatura la que fije las condiciones\u201d<\/strong>, record\u00f3.<\/p>\n\n\n\n<p>\u201cLa nueva propuesta (del Ejecutivo) contiene un esquema de transici\u00f3n que resulte imprescindible&nbsp;para evitar cualquier vacancia en la explotaci\u00f3n del yacimiento&nbsp;y la desocupaci\u00f3n de casi 400 personas ante la cercana finalizaci\u00f3n&nbsp;de la concesi\u00f3n vigente en junio pr\u00f3ximo.&nbsp;Dicha transici\u00f3n, como prev\u00e9 taxativamente el nuevo proyecto de ley,&nbsp;no invalida ninguna otra decisi\u00f3n destacada,&nbsp;y su duraci\u00f3n est\u00e1 sujeta a dicha decisi\u00f3n.&nbsp;El Poder Ejecutivo estar\u00e1 conteste para brindar toda la informaci\u00f3n necesaria&nbsp;para tomar la mejor decisi\u00f3n\u201d, dijo.<\/p>\n\n\n\n<p>Ziliotto fue recibido por la <strong>vicegobernadora Alicia Mayoral<\/strong> y, junto a la <strong>comisi\u00f3n de recepci\u00f3n<\/strong> integrada por legisladoras y legisladores, ingres\u00f3 al recinto donde, tras sus palabras, se dio por iniciado el <strong>a\u00f1o legislativo<\/strong>. En el recinto de sesiones se ubicaron <strong>funcionarios del Poder Judicial<\/strong>, <strong>legisladores nacionales<\/strong>, <strong>intendentes e intendentas<\/strong> y representantes de las <strong>fuerzas de seguridad provinciales y nacionales<\/strong> con asiento en <strong>La Pampa<\/strong>, entre otros invitados.<\/p>\n\n\n\n<p>En la <strong>apertura del per\u00edodo de sesiones ordinarias<\/strong> de la <strong>C\u00e1mara de Diputados<\/strong>, el gobernador centr\u00f3 su mensaje en el <strong>impulso a la producci\u00f3n<\/strong> como eje del <strong>desarrollo<\/strong> y la <strong>generaci\u00f3n de empleo<\/strong> en <strong>La Pampa<\/strong>.<\/p>\n\n\n\n<p>Entre los principales anuncios, confirm\u00f3 que desde el <strong>1\u00b0 de abril<\/strong> todos los <strong>nuevos cr\u00e9ditos<\/strong> destinados a <strong>inversi\u00f3n productiva<\/strong> que se tomen en el <strong>Banco de La Pampa<\/strong> ser\u00e1n <strong>bonificados<\/strong> y quedar\u00e1n <strong>exentos de Ingresos Brutos y Sellos<\/strong>. La medida implicar\u00e1 \u201cuna <strong>reducci\u00f3n real del 10 %<\/strong> en el costo del financiamiento para producir, disminuyendo el peso de las tasas bancarias y promoviendo mayor <strong>competitividad<\/strong>\u201d.<\/p>\n\n\n\n<p>Adem\u00e1s, adelant\u00f3 <strong>incentivos fiscales<\/strong> para el desarrollo del <strong>software<\/strong> y la provisi\u00f3n de insumos vinculados a la <strong>energ\u00eda distribuida<\/strong>. \u201cEstas actividades podr\u00e1n compensar la totalidad de los <strong>impuestos provinciales<\/strong> con lo abonado en <strong>salarios<\/strong> a trav\u00e9s del banco provincial, lo que permitir\u00e1 reducir a cero la <strong>presi\u00f3n tributaria efectiva<\/strong> en el \u00e1mbito provincial\u201d, detall\u00f3.<\/p>\n\n\n\n<p>El gobernador inform\u00f3 la creaci\u00f3n del <strong>R\u00e9gimen Provincial de Cr\u00e9dito Fiscal<\/strong> para el <strong>Fortalecimiento de la Educaci\u00f3n T\u00e9cnico Profesional<\/strong>. A trav\u00e9s de este esquema, \u201cel sector privado podr\u00e1 aportar recursos para la formaci\u00f3n de <strong>recurso humano calificado<\/strong>, alineado con las nuevas demandas tecnol\u00f3gicas, y computar esos aportes como <strong>cr\u00e9dito fiscal<\/strong> para pagar <strong>tributos provinciales<\/strong>\u201d.<\/p>\n\n\n\n<p>Tambi\u00e9n anunci\u00f3 <strong>financiamiento para pymes<\/strong> involucradas en la <strong>innovaci\u00f3n productiva<\/strong> y en la <strong>transici\u00f3n energ\u00e9tica<\/strong>, <strong>becas<\/strong> a estudiantes de la <strong>UNLPam<\/strong> en empresas de la <strong>econom\u00eda del conocimiento<\/strong>, y <strong>aportes<\/strong> para proyectos productivos surgidos del \u00e1mbito educativo.<\/p>\n\n\n\n<p>Agreg\u00f3 que se ampliar\u00e1 el <strong>Parque Alimentario de Santa Rosa<\/strong> y se crear\u00e1 el <strong>Parque de Actividades Econ\u00f3micas<\/strong> en <strong>General Pico<\/strong>.<\/p>\n\n\n\n<p>As\u00ed, el mandatario pampeano dio inicio este domingo al <strong>per\u00edodo de sesiones<\/strong> de la <strong>C\u00e1mara de Diputados de La Pampa<\/strong> correspondiente al <strong>ejercicio 2026<\/strong>.<\/p>\n\n\n\n<div style=\"height:100px\" aria-hidden=\"true\" class=\"wp-block-spacer\"><\/div>\n\n\n\n<p><strong>Dos proyectos y un posible anteproyecto<\/strong><\/p>\n\n\n\n<p>En la Legislatura ya hay, en rigor, dos proyectos de ley por El Medanito. Uno fue firmado por el gobernador Ziliotto, con los pedidos de los 15 diputados del peronismo, que solicitan autorizaci\u00f3n para que Pampetrol se haga cargo del \u00e1rea, transitoriamente, por dos a\u00f1os, hasta llamar a una nueva liciaci\u00f3n. El otro es de los dos legisladores de Comunidad Organizada, que pide por un nuevo llamado a licitaci\u00f3n.<\/p>\n\n\n\n<p>Adem\u00e1s, como public\u00f3 Diario Textual, se espera para los pr\u00f3ximos d\u00edas que el intendente de 25 de Mayo, <strong>Leonel Monsalve<\/strong> (Pro), presente un anteproyecto de ley en la Legislatura provincial para impulsar una <strong>licitaci\u00f3n expr\u00e9s<\/strong> del \u00e1rea hidrocarbur\u00edfera <strong>El Medanito<\/strong>. La movida confronta con la postura del sector del vernismo, que promueve que la empresa estatal Pampetrol asuma la operaci\u00f3n durante <strong>dos a\u00f1os<\/strong>.<\/p>\n\n\n\n<p>El jefe comunal sostiene que una concesi\u00f3n a una empresa privada permitir\u00eda <strong>garantizar inversiones fuertes y sostenidas<\/strong>, con impacto directo en <strong>los puestos de trabajo<\/strong> y en la <strong>econom\u00eda de 25 de Mayo<\/strong>. El contrato vigente con Petroqu\u00edmica Comodoro Rivadavia (PCR) vence el <strong>19 de junio<\/strong> y los plazos aparecen ajustados.<\/p>\n\n\n\n<p>El <strong>9 de febrero<\/strong> la licitaci\u00f3n convocada por el Ejecutivo se declar\u00f3 <strong>desierta<\/strong>. La \u00fanica firma que intent\u00f3 presentarse fue PCR, pero no obtuvo el <strong>Certificado de Aptitud Ambiental<\/strong> debido a <strong>pasivos sin remediar<\/strong>.<\/p>\n\n\n\n<p>La idea de Monsalve cobr\u00f3 fuerza luego de la <strong>asamblea realizada en 25 de Mayo, el mi\u00e9rcoles pasado<\/strong>. El intendente prev\u00e9 acompa\u00f1ar el eventual anteproyecto con un <strong>petitorio de 11 puntos<\/strong>, consensuado con sectores pol\u00edticos, sindicales y empresariales de la localidad.<\/p>\n\n\n\n<p>El borrador en an\u00e1lisis incluir\u00eda <strong>regal\u00edas m\u00e1s bajas, de entre 12% y 15%<\/strong>, y un <strong>bono de ingreso menor<\/strong> al previsto en el pliego anterior. Tambi\u00e9n propondr\u00eda modificar el <strong>art\u00edculo 16 de la Ley de Hidrocarburos provincial<\/strong>, con el objetivo de permitir que empresas que hoy operan \u00e1reas en La Pampa puedan participar en futuras licitaciones.<\/p>\n\n\n\n<p>El pliego que no convalid\u00f3 el mercado establec\u00eda <strong>regal\u00edas m\u00f3viles del 15% al 20%<\/strong>, un <strong>bono m\u00ednimo de 50 millones de d\u00f3lares<\/strong> -con destino parcial a municipios y a un parque fotovoltaico en 25 de Mayo- y la obligaci\u00f3n de que el <strong>80% de la mano de obra fuera pampeana<\/strong>.<\/p>\n\n\n\n<figure class=\"wp-block-embed is-type-wp-embed is-provider-diario-textual wp-block-embed-diario-textual\"><div class=\"wp-block-embed__wrapper\">\n<blockquote class=\"wp-embedded-content\" data-secret=\"Zw3GfAnoXe\"><a href=\"https:\/\/diariotextual.com\/inicio\/index.php\/2026\/03\/01\/las-10-medidas-economicas-que-anuncio-ziliotto-exencion-de-iibb-para-creditos-capital-semilla-y-consorcios-viales\/\">Las 10 medidas econ\u00f3micas que anunci\u00f3 Ziliotto: exenci\u00f3n de IIBB para cr\u00e9ditos, capital semilla y consorcios viales<\/a><\/blockquote><iframe class=\"wp-embedded-content\" sandbox=\"allow-scripts\" security=\"restricted\" style=\"position: absolute; visibility: hidden;\" title=\"\u00abLas 10 medidas econ\u00f3micas que anunci\u00f3 Ziliotto: exenci\u00f3n de IIBB para cr\u00e9ditos, capital semilla y consorcios viales\u00bb \u2014 Diario Textual\" src=\"https:\/\/diariotextual.com\/inicio\/index.php\/2026\/03\/01\/las-10-medidas-economicas-que-anuncio-ziliotto-exencion-de-iibb-para-creditos-capital-semilla-y-consorcios-viales\/embed\/#?secret=aHDsx3PKCX#?secret=Zw3GfAnoXe\" data-secret=\"Zw3GfAnoXe\" width=\"600\" height=\"338\" frameborder=\"0\" marginwidth=\"0\" marginheight=\"0\" scrolling=\"no\"><\/iframe>\n<\/div><\/figure>\n\n\n\n<div style=\"height:100px\" aria-hidden=\"true\" class=\"wp-block-spacer\"><\/div>\n\n\n\n<p><strong>Cruce pol\u00edtico y divisi\u00f3n en la C\u00e1mara<\/strong><\/p>\n\n\n\n<p>La <strong>Legislatura<\/strong> aparece dividida en partes iguales. Los <strong>15 diputados del peronismo<\/strong> impulsan que Pampetrol asuma la operaci\u00f3n desde el 19 de junio y por el t\u00e9rmino de dos a\u00f1os. Los <strong>15 legisladores opositores<\/strong> -UCR, Pro-MID y Comunidad Organizada- prefieren avanzar con una <strong>nueva licitaci\u00f3n<\/strong>, aunque difieren en las condiciones, en especial en el nivel de regal\u00edas.<\/p>\n\n\n\n<p>En 25 de Mayo advierten que cualquier retracci\u00f3n en la actividad impactar\u00e1 en <strong>pymes proveedoras<\/strong>, en el <strong>empleo directo e indirecto<\/strong> y en los <strong>ingresos vinculados al sector hidrocarbur\u00edfero<\/strong>, eje central de la econom\u00eda local.<\/p>\n\n\n\n<div style=\"height:100px\" aria-hidden=\"true\" class=\"wp-block-spacer\"><\/div>\n\n\n\n<p><strong>El argumento oficial: \u201cno hay tiempo\u201d<\/strong><\/p>\n\n\n\n<p>Con la licitaci\u00f3n ca\u00edda, el exgobernador Carlos Verna impuls\u00f3, a trav\u00e9s de seis legisladores alineados con su sector, que Pampetrol se haga cargo del \u00e1rea. La iniciativa sum\u00f3 el respaldo de los otros nueve diputados del peronismo. Los 15 opositores restantes no acompa\u00f1an o mantienen objeciones.<\/p>\n\n\n\n<p>Con el aval del bloque oficialista, el gobernador Sergio Ziliotto envi\u00f3 un <strong>proyecto de ley<\/strong> a la Legislatura para que la estatal tome el control por dos a\u00f1os. Sostuvo que \u201c<strong>no existe tiempo suficiente para alternativas mejores<\/strong>\u201d y advirti\u00f3 que, sin una decisi\u00f3n r\u00e1pida, podr\u00eda <strong>perderse producci\u00f3n en el corto plazo<\/strong>.<\/p>\n\n\n\n<p>El proyecto prev\u00e9 una <strong>reorganizaci\u00f3n de \u00e1reas<\/strong> y autoriza a incorporar El Medanito junto con <strong>Medanito Sur, Salina Grande 1 y Rinconada Puesto Morales<\/strong>. Tambi\u00e9n habilita la <strong>contrataci\u00f3n de un operador transitorio<\/strong> y la <strong>toma de cr\u00e9ditos para capital de trabajo<\/strong>.<\/p>\n\n\n\n<p>Seg\u00fan el texto oficial, en esta etapa <strong>no habr\u00e1 exploraci\u00f3n<\/strong>. Se contemplan <strong>inversiones m\u00ednimas<\/strong> para garantizar la operaci\u00f3n, la continuidad laboral y el cuidado ambiental, mientras se define un <strong>r\u00e9gimen concesional de largo plazo<\/strong>.<\/p>\n\n\n\n<div style=\"height:100px\" aria-hidden=\"true\" class=\"wp-block-spacer\"><\/div>\n\n\n\n<p><strong>Qu\u00e9 es El Medanito<\/strong><\/p>\n\n\n\n<p>El \u00e1rea se ubica a 40 kil\u00f3metros de 25 de Mayo y abarca <strong>834,3 kil\u00f3metros cuadrados<\/strong>. Es el <strong>principal yacimiento hidrocarbur\u00edfero de La Pampa<\/strong>: cuenta con <strong>267 pozos activos<\/strong>, aporta el <strong>34% de la producci\u00f3n provincial<\/strong> y representa cerca del <strong>10% de los ingresos fiscales pampeanos<\/strong>.<\/p>\n\n\n\n<p>PCR opera el \u00e1rea desde 1992. En 2016 obtuvo una pr\u00f3rroga por diez a\u00f1os, con <strong>regal\u00edas que rondan el 35%<\/strong>, seg\u00fan el precio del crudo, y una <strong>participaci\u00f3n del 20% de Pampetrol<\/strong>. El contrato vence a mediados de junio.<\/p>\n\n\n\n<p><\/p>\n","protected":false},"excerpt":{"rendered":"<p>El gobernador Sergio Ziliotto ratific\u00f3 este domingo que la explotaci\u00f3n hidrocarbur\u00edfera es \u201cuna pol\u00edtica de Estado\u201d, subray\u00f3 que las regal\u00edas constituyen una fuente clave de recursos para el fisco provincial&hellip;<\/p>\n","protected":false},"author":3,"featured_media":321106,"comment_status":"closed","ping_status":"open","sticky":false,"template":"","format":"standard","meta":{"_acf_changed":false,"footnotes":""},"categories":[1,8],"tags":[],"class_list":["post-321062","post","type-post","status-publish","format-standard","has-post-thumbnail","hentry","category-es-noticia","category-politica"],"acf":[],"yoast_head":"<!-- This site is optimized with the Yoast SEO plugin v27.4 - https:\/\/yoast.com\/product\/yoast-seo-wordpress\/ -->\n<title>El Medanito: Ziliotto reiter\u00f3 que la decisi\u00f3n est\u00e1 en manos de los legisladores - Diario Textual<\/title>\n<meta name=\"robots\" content=\"index, follow, max-snippet:-1, max-image-preview:large, max-video-preview:-1\" \/>\n<link rel=\"canonical\" href=\"https:\/\/diariotextual.com\/inicio\/index.php\/2026\/03\/01\/el-medanito-ziliotto-reitero-que-la-decision-esta-en-manos-de-los-legisladores\/\" \/>\n<meta property=\"og:locale\" content=\"es_ES\" \/>\n<meta property=\"og:type\" content=\"article\" \/>\n<meta property=\"og:title\" content=\"El Medanito: Ziliotto reiter\u00f3 que la decisi\u00f3n est\u00e1 en manos de los legisladores - Diario Textual\" \/>\n<meta property=\"og:description\" content=\"El gobernador Sergio Ziliotto ratific\u00f3 este domingo que la explotaci\u00f3n hidrocarbur\u00edfera es \u201cuna pol\u00edtica de Estado\u201d, subray\u00f3 que las regal\u00edas constituyen una fuente clave de recursos para el fisco provincial&hellip;\" \/>\n<meta property=\"og:url\" content=\"https:\/\/diariotextual.com\/inicio\/index.php\/2026\/03\/01\/el-medanito-ziliotto-reitero-que-la-decision-esta-en-manos-de-los-legisladores\/\" \/>\n<meta property=\"og:site_name\" content=\"Diario Textual\" \/>\n<meta property=\"article:publisher\" content=\"https:\/\/www.facebook.com\/eltextual\" \/>\n<meta property=\"article:published_time\" content=\"2026-03-01T22:11:59+00:00\" \/>\n<meta property=\"article:modified_time\" content=\"2026-03-02T12:48:48+00:00\" \/>\n<meta property=\"og:image\" content=\"https:\/\/diariotextual.com\/inicio\/wp-content\/uploads\/2026\/03\/ziliottosergiomayoralalicialegislaturaaperturasesiones2026-10.jpg\" \/>\n\t<meta property=\"og:image:width\" content=\"1300\" \/>\n\t<meta property=\"og:image:height\" content=\"867\" \/>\n\t<meta property=\"og:image:type\" content=\"image\/jpeg\" \/>\n<meta name=\"author\" content=\"Diario1 Diario1\" \/>\n<meta name=\"twitter:card\" content=\"summary_large_image\" \/>\n<meta name=\"twitter:creator\" content=\"@eltextual\" \/>\n<meta name=\"twitter:site\" content=\"@eltextual\" \/>\n<meta name=\"twitter:label1\" content=\"Escrito por\" \/>\n\t<meta name=\"twitter:data1\" content=\"Diario1 Diario1\" \/>\n\t<meta name=\"twitter:label2\" content=\"Tiempo de lectura\" \/>\n\t<meta name=\"twitter:data2\" content=\"7 minutos\" \/>\n<script type=\"application\/ld+json\" class=\"yoast-schema-graph\">{\"@context\":\"https:\\\/\\\/schema.org\",\"@graph\":[{\"@type\":\"Article\",\"@id\":\"https:\\\/\\\/diariotextual.com\\\/inicio\\\/index.php\\\/2026\\\/03\\\/01\\\/el-medanito-ziliotto-reitero-que-la-decision-esta-en-manos-de-los-legisladores\\\/#article\",\"isPartOf\":{\"@id\":\"https:\\\/\\\/diariotextual.com\\\/inicio\\\/index.php\\\/2026\\\/03\\\/01\\\/el-medanito-ziliotto-reitero-que-la-decision-esta-en-manos-de-los-legisladores\\\/\"},\"author\":{\"name\":\"Diario1 Diario1\",\"@id\":\"https:\\\/\\\/diariotextual.com\\\/inicio\\\/#\\\/schema\\\/person\\\/418fc4093c33e86ed41562db3508f958\"},\"headline\":\"El Medanito: Ziliotto reiter\u00f3 que la decisi\u00f3n est\u00e1 en manos de los legisladores\",\"datePublished\":\"2026-03-01T22:11:59+00:00\",\"dateModified\":\"2026-03-02T12:48:48+00:00\",\"mainEntityOfPage\":{\"@id\":\"https:\\\/\\\/diariotextual.com\\\/inicio\\\/index.php\\\/2026\\\/03\\\/01\\\/el-medanito-ziliotto-reitero-que-la-decision-esta-en-manos-de-los-legisladores\\\/\"},\"wordCount\":1396,\"publisher\":{\"@id\":\"https:\\\/\\\/diariotextual.com\\\/inicio\\\/#organization\"},\"image\":{\"@id\":\"https:\\\/\\\/diariotextual.com\\\/inicio\\\/index.php\\\/2026\\\/03\\\/01\\\/el-medanito-ziliotto-reitero-que-la-decision-esta-en-manos-de-los-legisladores\\\/#primaryimage\"},\"thumbnailUrl\":\"https:\\\/\\\/diariotextual.com\\\/inicio\\\/wp-content\\\/uploads\\\/2026\\\/03\\\/ziliottosergiomayoralalicialegislaturaaperturasesiones2026-10.jpg\",\"articleSection\":[\"A - ES NOTICIA (van abajo)\",\"POLITICA\"],\"inLanguage\":\"es\"},{\"@type\":\"WebPage\",\"@id\":\"https:\\\/\\\/diariotextual.com\\\/inicio\\\/index.php\\\/2026\\\/03\\\/01\\\/el-medanito-ziliotto-reitero-que-la-decision-esta-en-manos-de-los-legisladores\\\/\",\"url\":\"https:\\\/\\\/diariotextual.com\\\/inicio\\\/index.php\\\/2026\\\/03\\\/01\\\/el-medanito-ziliotto-reitero-que-la-decision-esta-en-manos-de-los-legisladores\\\/\",\"name\":\"El Medanito: Ziliotto reiter\u00f3 que la decisi\u00f3n est\u00e1 en manos de los legisladores - Diario Textual\",\"isPartOf\":{\"@id\":\"https:\\\/\\\/diariotextual.com\\\/inicio\\\/#website\"},\"primaryImageOfPage\":{\"@id\":\"https:\\\/\\\/diariotextual.com\\\/inicio\\\/index.php\\\/2026\\\/03\\\/01\\\/el-medanito-ziliotto-reitero-que-la-decision-esta-en-manos-de-los-legisladores\\\/#primaryimage\"},\"image\":{\"@id\":\"https:\\\/\\\/diariotextual.com\\\/inicio\\\/index.php\\\/2026\\\/03\\\/01\\\/el-medanito-ziliotto-reitero-que-la-decision-esta-en-manos-de-los-legisladores\\\/#primaryimage\"},\"thumbnailUrl\":\"https:\\\/\\\/diariotextual.com\\\/inicio\\\/wp-content\\\/uploads\\\/2026\\\/03\\\/ziliottosergiomayoralalicialegislaturaaperturasesiones2026-10.jpg\",\"datePublished\":\"2026-03-01T22:11:59+00:00\",\"dateModified\":\"2026-03-02T12:48:48+00:00\",\"breadcrumb\":{\"@id\":\"https:\\\/\\\/diariotextual.com\\\/inicio\\\/index.php\\\/2026\\\/03\\\/01\\\/el-medanito-ziliotto-reitero-que-la-decision-esta-en-manos-de-los-legisladores\\\/#breadcrumb\"},\"inLanguage\":\"es\",\"potentialAction\":[{\"@type\":\"ReadAction\",\"target\":[\"https:\\\/\\\/diariotextual.com\\\/inicio\\\/index.php\\\/2026\\\/03\\\/01\\\/el-medanito-ziliotto-reitero-que-la-decision-esta-en-manos-de-los-legisladores\\\/\"]}]},{\"@type\":\"ImageObject\",\"inLanguage\":\"es\",\"@id\":\"https:\\\/\\\/diariotextual.com\\\/inicio\\\/index.php\\\/2026\\\/03\\\/01\\\/el-medanito-ziliotto-reitero-que-la-decision-esta-en-manos-de-los-legisladores\\\/#primaryimage\",\"url\":\"https:\\\/\\\/diariotextual.com\\\/inicio\\\/wp-content\\\/uploads\\\/2026\\\/03\\\/ziliottosergiomayoralalicialegislaturaaperturasesiones2026-10.jpg\",\"contentUrl\":\"https:\\\/\\\/diariotextual.com\\\/inicio\\\/wp-content\\\/uploads\\\/2026\\\/03\\\/ziliottosergiomayoralalicialegislaturaaperturasesiones2026-10.jpg\",\"width\":1300,\"height\":867},{\"@type\":\"BreadcrumbList\",\"@id\":\"https:\\\/\\\/diariotextual.com\\\/inicio\\\/index.php\\\/2026\\\/03\\\/01\\\/el-medanito-ziliotto-reitero-que-la-decision-esta-en-manos-de-los-legisladores\\\/#breadcrumb\",\"itemListElement\":[{\"@type\":\"ListItem\",\"position\":1,\"name\":\"Portada\",\"item\":\"https:\\\/\\\/diariotextual.com\\\/inicio\\\/\"},{\"@type\":\"ListItem\",\"position\":2,\"name\":\"El Medanito: Ziliotto reiter\u00f3 que la decisi\u00f3n est\u00e1 en manos de los legisladores\"}]},{\"@type\":\"WebSite\",\"@id\":\"https:\\\/\\\/diariotextual.com\\\/inicio\\\/#website\",\"url\":\"https:\\\/\\\/diariotextual.com\\\/inicio\\\/\",\"name\":\"Diario Textual\",\"description\":\"\",\"publisher\":{\"@id\":\"https:\\\/\\\/diariotextual.com\\\/inicio\\\/#organization\"},\"potentialAction\":[{\"@type\":\"SearchAction\",\"target\":{\"@type\":\"EntryPoint\",\"urlTemplate\":\"https:\\\/\\\/diariotextual.com\\\/inicio\\\/?s={search_term_string}\"},\"query-input\":{\"@type\":\"PropertyValueSpecification\",\"valueRequired\":true,\"valueName\":\"search_term_string\"}}],\"inLanguage\":\"es\"},{\"@type\":\"Organization\",\"@id\":\"https:\\\/\\\/diariotextual.com\\\/inicio\\\/#organization\",\"name\":\"Diario Textual\",\"url\":\"https:\\\/\\\/diariotextual.com\\\/inicio\\\/\",\"logo\":{\"@type\":\"ImageObject\",\"inLanguage\":\"es\",\"@id\":\"https:\\\/\\\/diariotextual.com\\\/inicio\\\/#\\\/schema\\\/logo\\\/image\\\/\",\"url\":\"https:\\\/\\\/diariotextual.com\\\/inicio\\\/wp-content\\\/uploads\\\/2023\\\/05\\\/logotextual1.jpg\",\"contentUrl\":\"https:\\\/\\\/diariotextual.com\\\/inicio\\\/wp-content\\\/uploads\\\/2023\\\/05\\\/logotextual1.jpg\",\"width\":516,\"height\":76,\"caption\":\"Diario Textual\"},\"image\":{\"@id\":\"https:\\\/\\\/diariotextual.com\\\/inicio\\\/#\\\/schema\\\/logo\\\/image\\\/\"},\"sameAs\":[\"https:\\\/\\\/www.facebook.com\\\/eltextual\",\"https:\\\/\\\/x.com\\\/eltextual\",\"http:\\\/\\\/www.instagram.com\\\/eltextual\"]},{\"@type\":\"Person\",\"@id\":\"https:\\\/\\\/diariotextual.com\\\/inicio\\\/#\\\/schema\\\/person\\\/418fc4093c33e86ed41562db3508f958\",\"name\":\"Diario1 Diario1\",\"image\":{\"@type\":\"ImageObject\",\"inLanguage\":\"es\",\"@id\":\"https:\\\/\\\/secure.gravatar.com\\\/avatar\\\/9167d280179c85bc18be67aa7eda765854300033af4896dd779b608640f2ef7a?s=96&d=mm&r=g\",\"url\":\"https:\\\/\\\/secure.gravatar.com\\\/avatar\\\/9167d280179c85bc18be67aa7eda765854300033af4896dd779b608640f2ef7a?s=96&d=mm&r=g\",\"contentUrl\":\"https:\\\/\\\/secure.gravatar.com\\\/avatar\\\/9167d280179c85bc18be67aa7eda765854300033af4896dd779b608640f2ef7a?s=96&d=mm&r=g\",\"caption\":\"Diario1 Diario1\"},\"url\":\"https:\\\/\\\/diariotextual.com\\\/inicio\\\/index.php\\\/author\\\/diario1\\\/\"}]}<\/script>\n<!-- \/ Yoast SEO plugin. -->","yoast_head_json":{"title":"El Medanito: Ziliotto reiter\u00f3 que la decisi\u00f3n est\u00e1 en manos de los legisladores - Diario Textual","robots":{"index":"index","follow":"follow","max-snippet":"max-snippet:-1","max-image-preview":"max-image-preview:large","max-video-preview":"max-video-preview:-1"},"canonical":"https:\/\/diariotextual.com\/inicio\/index.php\/2026\/03\/01\/el-medanito-ziliotto-reitero-que-la-decision-esta-en-manos-de-los-legisladores\/","og_locale":"es_ES","og_type":"article","og_title":"El Medanito: Ziliotto reiter\u00f3 que la decisi\u00f3n est\u00e1 en manos de los legisladores - Diario Textual","og_description":"El gobernador Sergio Ziliotto ratific\u00f3 este domingo que la explotaci\u00f3n hidrocarbur\u00edfera es \u201cuna pol\u00edtica de Estado\u201d, subray\u00f3 que las regal\u00edas constituyen una fuente clave de recursos para el fisco provincial&hellip;","og_url":"https:\/\/diariotextual.com\/inicio\/index.php\/2026\/03\/01\/el-medanito-ziliotto-reitero-que-la-decision-esta-en-manos-de-los-legisladores\/","og_site_name":"Diario Textual","article_publisher":"https:\/\/www.facebook.com\/eltextual","article_published_time":"2026-03-01T22:11:59+00:00","article_modified_time":"2026-03-02T12:48:48+00:00","og_image":[{"width":1300,"height":867,"url":"https:\/\/diariotextual.com\/inicio\/wp-content\/uploads\/2026\/03\/ziliottosergiomayoralalicialegislaturaaperturasesiones2026-10.jpg","type":"image\/jpeg"}],"author":"Diario1 Diario1","twitter_card":"summary_large_image","twitter_creator":"@eltextual","twitter_site":"@eltextual","twitter_misc":{"Escrito por":"Diario1 Diario1","Tiempo de lectura":"7 minutos"},"schema":{"@context":"https:\/\/schema.org","@graph":[{"@type":"Article","@id":"https:\/\/diariotextual.com\/inicio\/index.php\/2026\/03\/01\/el-medanito-ziliotto-reitero-que-la-decision-esta-en-manos-de-los-legisladores\/#article","isPartOf":{"@id":"https:\/\/diariotextual.com\/inicio\/index.php\/2026\/03\/01\/el-medanito-ziliotto-reitero-que-la-decision-esta-en-manos-de-los-legisladores\/"},"author":{"name":"Diario1 Diario1","@id":"https:\/\/diariotextual.com\/inicio\/#\/schema\/person\/418fc4093c33e86ed41562db3508f958"},"headline":"El Medanito: Ziliotto reiter\u00f3 que la decisi\u00f3n est\u00e1 en manos de los legisladores","datePublished":"2026-03-01T22:11:59+00:00","dateModified":"2026-03-02T12:48:48+00:00","mainEntityOfPage":{"@id":"https:\/\/diariotextual.com\/inicio\/index.php\/2026\/03\/01\/el-medanito-ziliotto-reitero-que-la-decision-esta-en-manos-de-los-legisladores\/"},"wordCount":1396,"publisher":{"@id":"https:\/\/diariotextual.com\/inicio\/#organization"},"image":{"@id":"https:\/\/diariotextual.com\/inicio\/index.php\/2026\/03\/01\/el-medanito-ziliotto-reitero-que-la-decision-esta-en-manos-de-los-legisladores\/#primaryimage"},"thumbnailUrl":"https:\/\/diariotextual.com\/inicio\/wp-content\/uploads\/2026\/03\/ziliottosergiomayoralalicialegislaturaaperturasesiones2026-10.jpg","articleSection":["A - ES NOTICIA (van abajo)","POLITICA"],"inLanguage":"es"},{"@type":"WebPage","@id":"https:\/\/diariotextual.com\/inicio\/index.php\/2026\/03\/01\/el-medanito-ziliotto-reitero-que-la-decision-esta-en-manos-de-los-legisladores\/","url":"https:\/\/diariotextual.com\/inicio\/index.php\/2026\/03\/01\/el-medanito-ziliotto-reitero-que-la-decision-esta-en-manos-de-los-legisladores\/","name":"El Medanito: Ziliotto reiter\u00f3 que la decisi\u00f3n est\u00e1 en manos de los legisladores - Diario Textual","isPartOf":{"@id":"https:\/\/diariotextual.com\/inicio\/#website"},"primaryImageOfPage":{"@id":"https:\/\/diariotextual.com\/inicio\/index.php\/2026\/03\/01\/el-medanito-ziliotto-reitero-que-la-decision-esta-en-manos-de-los-legisladores\/#primaryimage"},"image":{"@id":"https:\/\/diariotextual.com\/inicio\/index.php\/2026\/03\/01\/el-medanito-ziliotto-reitero-que-la-decision-esta-en-manos-de-los-legisladores\/#primaryimage"},"thumbnailUrl":"https:\/\/diariotextual.com\/inicio\/wp-content\/uploads\/2026\/03\/ziliottosergiomayoralalicialegislaturaaperturasesiones2026-10.jpg","datePublished":"2026-03-01T22:11:59+00:00","dateModified":"2026-03-02T12:48:48+00:00","breadcrumb":{"@id":"https:\/\/diariotextual.com\/inicio\/index.php\/2026\/03\/01\/el-medanito-ziliotto-reitero-que-la-decision-esta-en-manos-de-los-legisladores\/#breadcrumb"},"inLanguage":"es","potentialAction":[{"@type":"ReadAction","target":["https:\/\/diariotextual.com\/inicio\/index.php\/2026\/03\/01\/el-medanito-ziliotto-reitero-que-la-decision-esta-en-manos-de-los-legisladores\/"]}]},{"@type":"ImageObject","inLanguage":"es","@id":"https:\/\/diariotextual.com\/inicio\/index.php\/2026\/03\/01\/el-medanito-ziliotto-reitero-que-la-decision-esta-en-manos-de-los-legisladores\/#primaryimage","url":"https:\/\/diariotextual.com\/inicio\/wp-content\/uploads\/2026\/03\/ziliottosergiomayoralalicialegislaturaaperturasesiones2026-10.jpg","contentUrl":"https:\/\/diariotextual.com\/inicio\/wp-content\/uploads\/2026\/03\/ziliottosergiomayoralalicialegislaturaaperturasesiones2026-10.jpg","width":1300,"height":867},{"@type":"BreadcrumbList","@id":"https:\/\/diariotextual.com\/inicio\/index.php\/2026\/03\/01\/el-medanito-ziliotto-reitero-que-la-decision-esta-en-manos-de-los-legisladores\/#breadcrumb","itemListElement":[{"@type":"ListItem","position":1,"name":"Portada","item":"https:\/\/diariotextual.com\/inicio\/"},{"@type":"ListItem","position":2,"name":"El Medanito: Ziliotto reiter\u00f3 que la decisi\u00f3n est\u00e1 en manos de los legisladores"}]},{"@type":"WebSite","@id":"https:\/\/diariotextual.com\/inicio\/#website","url":"https:\/\/diariotextual.com\/inicio\/","name":"Diario Textual","description":"","publisher":{"@id":"https:\/\/diariotextual.com\/inicio\/#organization"},"potentialAction":[{"@type":"SearchAction","target":{"@type":"EntryPoint","urlTemplate":"https:\/\/diariotextual.com\/inicio\/?s={search_term_string}"},"query-input":{"@type":"PropertyValueSpecification","valueRequired":true,"valueName":"search_term_string"}}],"inLanguage":"es"},{"@type":"Organization","@id":"https:\/\/diariotextual.com\/inicio\/#organization","name":"Diario Textual","url":"https:\/\/diariotextual.com\/inicio\/","logo":{"@type":"ImageObject","inLanguage":"es","@id":"https:\/\/diariotextual.com\/inicio\/#\/schema\/logo\/image\/","url":"https:\/\/diariotextual.com\/inicio\/wp-content\/uploads\/2023\/05\/logotextual1.jpg","contentUrl":"https:\/\/diariotextual.com\/inicio\/wp-content\/uploads\/2023\/05\/logotextual1.jpg","width":516,"height":76,"caption":"Diario Textual"},"image":{"@id":"https:\/\/diariotextual.com\/inicio\/#\/schema\/logo\/image\/"},"sameAs":["https:\/\/www.facebook.com\/eltextual","https:\/\/x.com\/eltextual","http:\/\/www.instagram.com\/eltextual"]},{"@type":"Person","@id":"https:\/\/diariotextual.com\/inicio\/#\/schema\/person\/418fc4093c33e86ed41562db3508f958","name":"Diario1 Diario1","image":{"@type":"ImageObject","inLanguage":"es","@id":"https:\/\/secure.gravatar.com\/avatar\/9167d280179c85bc18be67aa7eda765854300033af4896dd779b608640f2ef7a?s=96&d=mm&r=g","url":"https:\/\/secure.gravatar.com\/avatar\/9167d280179c85bc18be67aa7eda765854300033af4896dd779b608640f2ef7a?s=96&d=mm&r=g","contentUrl":"https:\/\/secure.gravatar.com\/avatar\/9167d280179c85bc18be67aa7eda765854300033af4896dd779b608640f2ef7a?s=96&d=mm&r=g","caption":"Diario1 Diario1"},"url":"https:\/\/diariotextual.com\/inicio\/index.php\/author\/diario1\/"}]}},"_links":{"self":[{"href":"https:\/\/diariotextual.com\/inicio\/index.php\/wp-json\/wp\/v2\/posts\/321062","targetHints":{"allow":["GET"]}}],"collection":[{"href":"https:\/\/diariotextual.com\/inicio\/index.php\/wp-json\/wp\/v2\/posts"}],"about":[{"href":"https:\/\/diariotextual.com\/inicio\/index.php\/wp-json\/wp\/v2\/types\/post"}],"author":[{"embeddable":true,"href":"https:\/\/diariotextual.com\/inicio\/index.php\/wp-json\/wp\/v2\/users\/3"}],"replies":[{"embeddable":true,"href":"https:\/\/diariotextual.com\/inicio\/index.php\/wp-json\/wp\/v2\/comments?post=321062"}],"version-history":[{"count":4,"href":"https:\/\/diariotextual.com\/inicio\/index.php\/wp-json\/wp\/v2\/posts\/321062\/revisions"}],"predecessor-version":[{"id":321110,"href":"https:\/\/diariotextual.com\/inicio\/index.php\/wp-json\/wp\/v2\/posts\/321062\/revisions\/321110"}],"wp:featuredmedia":[{"embeddable":true,"href":"https:\/\/diariotextual.com\/inicio\/index.php\/wp-json\/wp\/v2\/media\/321106"}],"wp:attachment":[{"href":"https:\/\/diariotextual.com\/inicio\/index.php\/wp-json\/wp\/v2\/media?parent=321062"}],"wp:term":[{"taxonomy":"category","embeddable":true,"href":"https:\/\/diariotextual.com\/inicio\/index.php\/wp-json\/wp\/v2\/categories?post=321062"},{"taxonomy":"post_tag","embeddable":true,"href":"https:\/\/diariotextual.com\/inicio\/index.php\/wp-json\/wp\/v2\/tags?post=321062"}],"curies":[{"name":"wp","href":"https:\/\/api.w.org\/{rel}","templated":true}]}}