{"id":321068,"date":"2026-03-01T18:26:41","date_gmt":"2026-03-01T21:26:41","guid":{"rendered":"https:\/\/diariotextual.com\/inicio\/?p=321068"},"modified":"2026-03-01T19:22:26","modified_gmt":"2026-03-01T22:22:26","slug":"ziliotto-dijo-que-en-la-pampa-el-estado-sigue-presente-con-orden-fiscal-la-libertad-por-si-sola-no-iguala","status":"publish","type":"post","link":"https:\/\/diariotextual.com\/inicio\/index.php\/2026\/03\/01\/ziliotto-dijo-que-en-la-pampa-el-estado-sigue-presente-con-orden-fiscal-la-libertad-por-si-sola-no-iguala\/","title":{"rendered":"Ziliotto dijo que en La Pampa el Estado sigue presente con orden fiscal: \u201cLa libertad, por s\u00ed sola, no iguala\u201d"},"content":{"rendered":"\n<p>El gobernador <strong>Sergio Ziliotto<\/strong> hizo este domingo, en su discurso de apertura de las sesiones ordinarias de la Legislatura,<strong> una defensa de la presencia del Estado en La Pampa<\/strong>, junto al sector productivo privado, en un claro mensaje al presidente<em> <\/em><strong>Javier Milei <\/strong>y otras autoridades del Gobierno nacional que est\u00e1n propugnando el avance del mercado sobre lo p\u00fablico. \u201cUno de los debates centrales que hoy atraviesa a la sociedad argentina es el rol que debe asumir el Estado. Conviven distintas visiones: desde quienes sostienen un Estado omnipresente hasta quienes propician su m\u00ednima expresi\u00f3n o incluso su retiro de funciones esenciales. Y, en el medio \u2014muchas veces padeciendo las consecuencias de esas tensiones\u2014, se encuentra la sociedad\u201d, dijo.<\/p>\n\n\n\n<p>\u201cSe discute la razonabilidad de pol\u00edticas p\u00fablicas basadas en miradas colectivas y en esquemas solidarios, incluso aquellas vinculadas con la salud, la educaci\u00f3n, la protecci\u00f3n social y la promoci\u00f3n productiva. Mientras se estigmatiza al Estado, se proponen soluciones individuales e intentan presentar como libertad absoluta lo que, en los hechos, puede convertirse en desigualdad consolidada\u201d, sostuvo. \u201cEsa es, a nuestro entender, una mirada equivocada. La libertad, por s\u00ed sola, no iguala: siempre tendr\u00e1 mayores oportunidades quien parte de una posici\u00f3n ventajosa. Si no se equilibra el punto de partida, esa libertad no ser\u00e1 para todos, y mucho menos para los sectores m\u00e1s vulnerables\u201d, expres\u00f3.<\/p>\n\n\n\n<figure class=\"wp-block-embed is-type-wp-embed is-provider-diario-textual wp-block-embed-diario-textual\"><div class=\"wp-block-embed__wrapper\">\n<blockquote class=\"wp-embedded-content\" data-secret=\"yCT9jXBfws\"><a href=\"https:\/\/diariotextual.com\/inicio\/index.php\/2026\/03\/01\/las-10-medidas-economicas-que-anuncio-ziliotto-exencion-de-iibb-para-creditos-capital-semilla-y-consorcios-viales\/\">Las 10 medidas econ\u00f3micas que anunci\u00f3 Ziliotto: exenci\u00f3n de IIBB para cr\u00e9ditos, capital semilla y consorcios viales<\/a><\/blockquote><iframe class=\"wp-embedded-content\" sandbox=\"allow-scripts\" security=\"restricted\" style=\"position: absolute; visibility: hidden;\" title=\"\u00abLas 10 medidas econ\u00f3micas que anunci\u00f3 Ziliotto: exenci\u00f3n de IIBB para cr\u00e9ditos, capital semilla y consorcios viales\u00bb \u2014 Diario Textual\" src=\"https:\/\/diariotextual.com\/inicio\/index.php\/2026\/03\/01\/las-10-medidas-economicas-que-anuncio-ziliotto-exencion-de-iibb-para-creditos-capital-semilla-y-consorcios-viales\/embed\/#?secret=OSuj4ZC2mp#?secret=yCT9jXBfws\" data-secret=\"yCT9jXBfws\" width=\"600\" height=\"338\" frameborder=\"0\" marginwidth=\"0\" marginheight=\"0\" scrolling=\"no\"><\/iframe>\n<\/div><\/figure>\n\n\n\n<p>\u201cEl \u00fanico actor con capacidad de garantizar condiciones de igualdad es el Estado. Esto no implica rechazar el mercado. En La Pampa lo promovemos activamente. No planteamos una dicotom\u00eda excluyente entre uno u otro: concebimos un esquema en el que Estado y mercado se complementan. Reconocemos al mercado como herramienta de crecimiento, de generaci\u00f3n de empleo y como impulsor del desarrollo\u201d, resalt\u00f3 Ziliotto.<\/p>\n\n\n\n<p>\u201cSin embargo, cuando surge una necesidad, la primera puerta que se golpea es la del Estado y, en muchos casos, es la \u00fanica disponible. Esta realidad se ha profundizado ante la creciente p\u00e9rdida del poder adquisitivo de los ingresos de la mayor\u00eda de la poblaci\u00f3n. Por eso, tambi\u00e9n en 2026 nuestras pol\u00edticas p\u00fablicas \u2014sociales y productivas\u2014 seguir\u00e1n ocupando un lugar central en la vida de la sociedad pampeana. Lo haremos, como siempre, con orden fiscal, compromiso social y una clara concepci\u00f3n productiva\u201d, dijo.<\/p>\n","protected":false},"excerpt":{"rendered":"<p>El gobernador Sergio Ziliotto hizo este domingo, en su discurso de apertura de las sesiones ordinarias de la Legislatura, una defensa de la presencia del Estado en La Pampa, junto&hellip;<\/p>\n","protected":false},"author":3,"featured_media":321103,"comment_status":"closed","ping_status":"open","sticky":false,"template":"","format":"standard","meta":{"_acf_changed":false,"footnotes":""},"categories":[10,8],"tags":[],"class_list":["post-321068","post","type-post","status-publish","format-standard","has-post-thumbnail","hentry","category-portada-2","category-politica"],"acf":[],"yoast_head":"<!-- This site is optimized with the Yoast SEO plugin v27.4 - https:\/\/yoast.com\/product\/yoast-seo-wordpress\/ -->\n<title>Ziliotto dijo que en La Pampa el Estado sigue presente con orden fiscal: \u201cLa libertad, por s\u00ed sola, no iguala\u201d - Diario Textual<\/title>\n<meta name=\"robots\" content=\"index, follow, max-snippet:-1, max-image-preview:large, max-video-preview:-1\" \/>\n<link rel=\"canonical\" href=\"https:\/\/diariotextual.com\/inicio\/index.php\/2026\/03\/01\/ziliotto-dijo-que-en-la-pampa-el-estado-sigue-presente-con-orden-fiscal-la-libertad-por-si-sola-no-iguala\/\" \/>\n<meta property=\"og:locale\" content=\"es_ES\" \/>\n<meta property=\"og:type\" content=\"article\" \/>\n<meta property=\"og:title\" content=\"Ziliotto dijo que en La Pampa el Estado sigue presente con orden fiscal: \u201cLa libertad, por s\u00ed sola, no iguala\u201d - Diario Textual\" \/>\n<meta property=\"og:description\" content=\"El gobernador Sergio Ziliotto hizo este domingo, en su discurso de apertura de las sesiones ordinarias de la Legislatura, una defensa de la presencia del Estado en La Pampa, junto&hellip;\" \/>\n<meta property=\"og:url\" content=\"https:\/\/diariotextual.com\/inicio\/index.php\/2026\/03\/01\/ziliotto-dijo-que-en-la-pampa-el-estado-sigue-presente-con-orden-fiscal-la-libertad-por-si-sola-no-iguala\/\" \/>\n<meta property=\"og:site_name\" content=\"Diario Textual\" \/>\n<meta property=\"article:publisher\" content=\"https:\/\/www.facebook.com\/eltextual\" \/>\n<meta property=\"article:published_time\" content=\"2026-03-01T21:26:41+00:00\" \/>\n<meta property=\"article:modified_time\" content=\"2026-03-01T22:22:26+00:00\" \/>\n<meta property=\"og:image\" content=\"https:\/\/diariotextual.com\/inicio\/wp-content\/uploads\/2026\/03\/ziliottosergiolegislaturaaperturasesiones2026-7.jpg\" \/>\n\t<meta property=\"og:image:width\" content=\"1300\" \/>\n\t<meta property=\"og:image:height\" content=\"867\" \/>\n\t<meta property=\"og:image:type\" content=\"image\/jpeg\" \/>\n<meta name=\"author\" content=\"Diario1 Diario1\" \/>\n<meta name=\"twitter:card\" content=\"summary_large_image\" \/>\n<meta name=\"twitter:creator\" content=\"@eltextual\" \/>\n<meta name=\"twitter:site\" content=\"@eltextual\" \/>\n<meta name=\"twitter:label1\" content=\"Escrito por\" \/>\n\t<meta name=\"twitter:data1\" content=\"Diario1 Diario1\" \/>\n\t<meta name=\"twitter:label2\" content=\"Tiempo de lectura\" \/>\n\t<meta name=\"twitter:data2\" content=\"2 minutos\" \/>\n<script type=\"application\/ld+json\" class=\"yoast-schema-graph\">{\"@context\":\"https:\\\/\\\/schema.org\",\"@graph\":[{\"@type\":\"Article\",\"@id\":\"https:\\\/\\\/diariotextual.com\\\/inicio\\\/index.php\\\/2026\\\/03\\\/01\\\/ziliotto-dijo-que-en-la-pampa-el-estado-sigue-presente-con-orden-fiscal-la-libertad-por-si-sola-no-iguala\\\/#article\",\"isPartOf\":{\"@id\":\"https:\\\/\\\/diariotextual.com\\\/inicio\\\/index.php\\\/2026\\\/03\\\/01\\\/ziliotto-dijo-que-en-la-pampa-el-estado-sigue-presente-con-orden-fiscal-la-libertad-por-si-sola-no-iguala\\\/\"},\"author\":{\"name\":\"Diario1 Diario1\",\"@id\":\"https:\\\/\\\/diariotextual.com\\\/inicio\\\/#\\\/schema\\\/person\\\/418fc4093c33e86ed41562db3508f958\"},\"headline\":\"Ziliotto dijo que en La Pampa el Estado sigue presente con orden fiscal: \u201cLa libertad, por s\u00ed sola, no iguala\u201d\",\"datePublished\":\"2026-03-01T21:26:41+00:00\",\"dateModified\":\"2026-03-01T22:22:26+00:00\",\"mainEntityOfPage\":{\"@id\":\"https:\\\/\\\/diariotextual.com\\\/inicio\\\/index.php\\\/2026\\\/03\\\/01\\\/ziliotto-dijo-que-en-la-pampa-el-estado-sigue-presente-con-orden-fiscal-la-libertad-por-si-sola-no-iguala\\\/\"},\"wordCount\":415,\"publisher\":{\"@id\":\"https:\\\/\\\/diariotextual.com\\\/inicio\\\/#organization\"},\"image\":{\"@id\":\"https:\\\/\\\/diariotextual.com\\\/inicio\\\/index.php\\\/2026\\\/03\\\/01\\\/ziliotto-dijo-que-en-la-pampa-el-estado-sigue-presente-con-orden-fiscal-la-libertad-por-si-sola-no-iguala\\\/#primaryimage\"},\"thumbnailUrl\":\"https:\\\/\\\/diariotextual.com\\\/inicio\\\/wp-content\\\/uploads\\\/2026\\\/03\\\/ziliottosergiolegislaturaaperturasesiones2026-7.jpg\",\"articleSection\":[\"A - PORTADA2\",\"POLITICA\"],\"inLanguage\":\"es\"},{\"@type\":\"WebPage\",\"@id\":\"https:\\\/\\\/diariotextual.com\\\/inicio\\\/index.php\\\/2026\\\/03\\\/01\\\/ziliotto-dijo-que-en-la-pampa-el-estado-sigue-presente-con-orden-fiscal-la-libertad-por-si-sola-no-iguala\\\/\",\"url\":\"https:\\\/\\\/diariotextual.com\\\/inicio\\\/index.php\\\/2026\\\/03\\\/01\\\/ziliotto-dijo-que-en-la-pampa-el-estado-sigue-presente-con-orden-fiscal-la-libertad-por-si-sola-no-iguala\\\/\",\"name\":\"Ziliotto dijo que en La Pampa el Estado sigue presente con orden fiscal: \u201cLa libertad, por s\u00ed sola, no iguala\u201d - Diario Textual\",\"isPartOf\":{\"@id\":\"https:\\\/\\\/diariotextual.com\\\/inicio\\\/#website\"},\"primaryImageOfPage\":{\"@id\":\"https:\\\/\\\/diariotextual.com\\\/inicio\\\/index.php\\\/2026\\\/03\\\/01\\\/ziliotto-dijo-que-en-la-pampa-el-estado-sigue-presente-con-orden-fiscal-la-libertad-por-si-sola-no-iguala\\\/#primaryimage\"},\"image\":{\"@id\":\"https:\\\/\\\/diariotextual.com\\\/inicio\\\/index.php\\\/2026\\\/03\\\/01\\\/ziliotto-dijo-que-en-la-pampa-el-estado-sigue-presente-con-orden-fiscal-la-libertad-por-si-sola-no-iguala\\\/#primaryimage\"},\"thumbnailUrl\":\"https:\\\/\\\/diariotextual.com\\\/inicio\\\/wp-content\\\/uploads\\\/2026\\\/03\\\/ziliottosergiolegislaturaaperturasesiones2026-7.jpg\",\"datePublished\":\"2026-03-01T21:26:41+00:00\",\"dateModified\":\"2026-03-01T22:22:26+00:00\",\"breadcrumb\":{\"@id\":\"https:\\\/\\\/diariotextual.com\\\/inicio\\\/index.php\\\/2026\\\/03\\\/01\\\/ziliotto-dijo-que-en-la-pampa-el-estado-sigue-presente-con-orden-fiscal-la-libertad-por-si-sola-no-iguala\\\/#breadcrumb\"},\"inLanguage\":\"es\",\"potentialAction\":[{\"@type\":\"ReadAction\",\"target\":[\"https:\\\/\\\/diariotextual.com\\\/inicio\\\/index.php\\\/2026\\\/03\\\/01\\\/ziliotto-dijo-que-en-la-pampa-el-estado-sigue-presente-con-orden-fiscal-la-libertad-por-si-sola-no-iguala\\\/\"]}]},{\"@type\":\"ImageObject\",\"inLanguage\":\"es\",\"@id\":\"https:\\\/\\\/diariotextual.com\\\/inicio\\\/index.php\\\/2026\\\/03\\\/01\\\/ziliotto-dijo-que-en-la-pampa-el-estado-sigue-presente-con-orden-fiscal-la-libertad-por-si-sola-no-iguala\\\/#primaryimage\",\"url\":\"https:\\\/\\\/diariotextual.com\\\/inicio\\\/wp-content\\\/uploads\\\/2026\\\/03\\\/ziliottosergiolegislaturaaperturasesiones2026-7.jpg\",\"contentUrl\":\"https:\\\/\\\/diariotextual.com\\\/inicio\\\/wp-content\\\/uploads\\\/2026\\\/03\\\/ziliottosergiolegislaturaaperturasesiones2026-7.jpg\",\"width\":1300,\"height\":867},{\"@type\":\"BreadcrumbList\",\"@id\":\"https:\\\/\\\/diariotextual.com\\\/inicio\\\/index.php\\\/2026\\\/03\\\/01\\\/ziliotto-dijo-que-en-la-pampa-el-estado-sigue-presente-con-orden-fiscal-la-libertad-por-si-sola-no-iguala\\\/#breadcrumb\",\"itemListElement\":[{\"@type\":\"ListItem\",\"position\":1,\"name\":\"Portada\",\"item\":\"https:\\\/\\\/diariotextual.com\\\/inicio\\\/\"},{\"@type\":\"ListItem\",\"position\":2,\"name\":\"Ziliotto dijo que en La Pampa el Estado sigue presente con orden fiscal: \u201cLa libertad, por s\u00ed sola, no iguala\u201d\"}]},{\"@type\":\"WebSite\",\"@id\":\"https:\\\/\\\/diariotextual.com\\\/inicio\\\/#website\",\"url\":\"https:\\\/\\\/diariotextual.com\\\/inicio\\\/\",\"name\":\"Diario Textual\",\"description\":\"\",\"publisher\":{\"@id\":\"https:\\\/\\\/diariotextual.com\\\/inicio\\\/#organization\"},\"potentialAction\":[{\"@type\":\"SearchAction\",\"target\":{\"@type\":\"EntryPoint\",\"urlTemplate\":\"https:\\\/\\\/diariotextual.com\\\/inicio\\\/?s={search_term_string}\"},\"query-input\":{\"@type\":\"PropertyValueSpecification\",\"valueRequired\":true,\"valueName\":\"search_term_string\"}}],\"inLanguage\":\"es\"},{\"@type\":\"Organization\",\"@id\":\"https:\\\/\\\/diariotextual.com\\\/inicio\\\/#organization\",\"name\":\"Diario Textual\",\"url\":\"https:\\\/\\\/diariotextual.com\\\/inicio\\\/\",\"logo\":{\"@type\":\"ImageObject\",\"inLanguage\":\"es\",\"@id\":\"https:\\\/\\\/diariotextual.com\\\/inicio\\\/#\\\/schema\\\/logo\\\/image\\\/\",\"url\":\"https:\\\/\\\/diariotextual.com\\\/inicio\\\/wp-content\\\/uploads\\\/2023\\\/05\\\/logotextual1.jpg\",\"contentUrl\":\"https:\\\/\\\/diariotextual.com\\\/inicio\\\/wp-content\\\/uploads\\\/2023\\\/05\\\/logotextual1.jpg\",\"width\":516,\"height\":76,\"caption\":\"Diario Textual\"},\"image\":{\"@id\":\"https:\\\/\\\/diariotextual.com\\\/inicio\\\/#\\\/schema\\\/logo\\\/image\\\/\"},\"sameAs\":[\"https:\\\/\\\/www.facebook.com\\\/eltextual\",\"https:\\\/\\\/x.com\\\/eltextual\",\"http:\\\/\\\/www.instagram.com\\\/eltextual\"]},{\"@type\":\"Person\",\"@id\":\"https:\\\/\\\/diariotextual.com\\\/inicio\\\/#\\\/schema\\\/person\\\/418fc4093c33e86ed41562db3508f958\",\"name\":\"Diario1 Diario1\",\"image\":{\"@type\":\"ImageObject\",\"inLanguage\":\"es\",\"@id\":\"https:\\\/\\\/secure.gravatar.com\\\/avatar\\\/9167d280179c85bc18be67aa7eda765854300033af4896dd779b608640f2ef7a?s=96&d=mm&r=g\",\"url\":\"https:\\\/\\\/secure.gravatar.com\\\/avatar\\\/9167d280179c85bc18be67aa7eda765854300033af4896dd779b608640f2ef7a?s=96&d=mm&r=g\",\"contentUrl\":\"https:\\\/\\\/secure.gravatar.com\\\/avatar\\\/9167d280179c85bc18be67aa7eda765854300033af4896dd779b608640f2ef7a?s=96&d=mm&r=g\",\"caption\":\"Diario1 Diario1\"},\"url\":\"https:\\\/\\\/diariotextual.com\\\/inicio\\\/index.php\\\/author\\\/diario1\\\/\"}]}<\/script>\n<!-- \/ Yoast SEO plugin. -->","yoast_head_json":{"title":"Ziliotto dijo que en La Pampa el Estado sigue presente con orden fiscal: \u201cLa libertad, por s\u00ed sola, no iguala\u201d - Diario Textual","robots":{"index":"index","follow":"follow","max-snippet":"max-snippet:-1","max-image-preview":"max-image-preview:large","max-video-preview":"max-video-preview:-1"},"canonical":"https:\/\/diariotextual.com\/inicio\/index.php\/2026\/03\/01\/ziliotto-dijo-que-en-la-pampa-el-estado-sigue-presente-con-orden-fiscal-la-libertad-por-si-sola-no-iguala\/","og_locale":"es_ES","og_type":"article","og_title":"Ziliotto dijo que en La Pampa el Estado sigue presente con orden fiscal: \u201cLa libertad, por s\u00ed sola, no iguala\u201d - Diario Textual","og_description":"El gobernador Sergio Ziliotto hizo este domingo, en su discurso de apertura de las sesiones ordinarias de la Legislatura, una defensa de la presencia del Estado en La Pampa, junto&hellip;","og_url":"https:\/\/diariotextual.com\/inicio\/index.php\/2026\/03\/01\/ziliotto-dijo-que-en-la-pampa-el-estado-sigue-presente-con-orden-fiscal-la-libertad-por-si-sola-no-iguala\/","og_site_name":"Diario Textual","article_publisher":"https:\/\/www.facebook.com\/eltextual","article_published_time":"2026-03-01T21:26:41+00:00","article_modified_time":"2026-03-01T22:22:26+00:00","og_image":[{"width":1300,"height":867,"url":"https:\/\/diariotextual.com\/inicio\/wp-content\/uploads\/2026\/03\/ziliottosergiolegislaturaaperturasesiones2026-7.jpg","type":"image\/jpeg"}],"author":"Diario1 Diario1","twitter_card":"summary_large_image","twitter_creator":"@eltextual","twitter_site":"@eltextual","twitter_misc":{"Escrito por":"Diario1 Diario1","Tiempo de lectura":"2 minutos"},"schema":{"@context":"https:\/\/schema.org","@graph":[{"@type":"Article","@id":"https:\/\/diariotextual.com\/inicio\/index.php\/2026\/03\/01\/ziliotto-dijo-que-en-la-pampa-el-estado-sigue-presente-con-orden-fiscal-la-libertad-por-si-sola-no-iguala\/#article","isPartOf":{"@id":"https:\/\/diariotextual.com\/inicio\/index.php\/2026\/03\/01\/ziliotto-dijo-que-en-la-pampa-el-estado-sigue-presente-con-orden-fiscal-la-libertad-por-si-sola-no-iguala\/"},"author":{"name":"Diario1 Diario1","@id":"https:\/\/diariotextual.com\/inicio\/#\/schema\/person\/418fc4093c33e86ed41562db3508f958"},"headline":"Ziliotto dijo que en La Pampa el Estado sigue presente con orden fiscal: \u201cLa libertad, por s\u00ed sola, no iguala\u201d","datePublished":"2026-03-01T21:26:41+00:00","dateModified":"2026-03-01T22:22:26+00:00","mainEntityOfPage":{"@id":"https:\/\/diariotextual.com\/inicio\/index.php\/2026\/03\/01\/ziliotto-dijo-que-en-la-pampa-el-estado-sigue-presente-con-orden-fiscal-la-libertad-por-si-sola-no-iguala\/"},"wordCount":415,"publisher":{"@id":"https:\/\/diariotextual.com\/inicio\/#organization"},"image":{"@id":"https:\/\/diariotextual.com\/inicio\/index.php\/2026\/03\/01\/ziliotto-dijo-que-en-la-pampa-el-estado-sigue-presente-con-orden-fiscal-la-libertad-por-si-sola-no-iguala\/#primaryimage"},"thumbnailUrl":"https:\/\/diariotextual.com\/inicio\/wp-content\/uploads\/2026\/03\/ziliottosergiolegislaturaaperturasesiones2026-7.jpg","articleSection":["A - PORTADA2","POLITICA"],"inLanguage":"es"},{"@type":"WebPage","@id":"https:\/\/diariotextual.com\/inicio\/index.php\/2026\/03\/01\/ziliotto-dijo-que-en-la-pampa-el-estado-sigue-presente-con-orden-fiscal-la-libertad-por-si-sola-no-iguala\/","url":"https:\/\/diariotextual.com\/inicio\/index.php\/2026\/03\/01\/ziliotto-dijo-que-en-la-pampa-el-estado-sigue-presente-con-orden-fiscal-la-libertad-por-si-sola-no-iguala\/","name":"Ziliotto dijo que en La Pampa el Estado sigue presente con orden fiscal: \u201cLa libertad, por s\u00ed sola, no iguala\u201d - Diario Textual","isPartOf":{"@id":"https:\/\/diariotextual.com\/inicio\/#website"},"primaryImageOfPage":{"@id":"https:\/\/diariotextual.com\/inicio\/index.php\/2026\/03\/01\/ziliotto-dijo-que-en-la-pampa-el-estado-sigue-presente-con-orden-fiscal-la-libertad-por-si-sola-no-iguala\/#primaryimage"},"image":{"@id":"https:\/\/diariotextual.com\/inicio\/index.php\/2026\/03\/01\/ziliotto-dijo-que-en-la-pampa-el-estado-sigue-presente-con-orden-fiscal-la-libertad-por-si-sola-no-iguala\/#primaryimage"},"thumbnailUrl":"https:\/\/diariotextual.com\/inicio\/wp-content\/uploads\/2026\/03\/ziliottosergiolegislaturaaperturasesiones2026-7.jpg","datePublished":"2026-03-01T21:26:41+00:00","dateModified":"2026-03-01T22:22:26+00:00","breadcrumb":{"@id":"https:\/\/diariotextual.com\/inicio\/index.php\/2026\/03\/01\/ziliotto-dijo-que-en-la-pampa-el-estado-sigue-presente-con-orden-fiscal-la-libertad-por-si-sola-no-iguala\/#breadcrumb"},"inLanguage":"es","potentialAction":[{"@type":"ReadAction","target":["https:\/\/diariotextual.com\/inicio\/index.php\/2026\/03\/01\/ziliotto-dijo-que-en-la-pampa-el-estado-sigue-presente-con-orden-fiscal-la-libertad-por-si-sola-no-iguala\/"]}]},{"@type":"ImageObject","inLanguage":"es","@id":"https:\/\/diariotextual.com\/inicio\/index.php\/2026\/03\/01\/ziliotto-dijo-que-en-la-pampa-el-estado-sigue-presente-con-orden-fiscal-la-libertad-por-si-sola-no-iguala\/#primaryimage","url":"https:\/\/diariotextual.com\/inicio\/wp-content\/uploads\/2026\/03\/ziliottosergiolegislaturaaperturasesiones2026-7.jpg","contentUrl":"https:\/\/diariotextual.com\/inicio\/wp-content\/uploads\/2026\/03\/ziliottosergiolegislaturaaperturasesiones2026-7.jpg","width":1300,"height":867},{"@type":"BreadcrumbList","@id":"https:\/\/diariotextual.com\/inicio\/index.php\/2026\/03\/01\/ziliotto-dijo-que-en-la-pampa-el-estado-sigue-presente-con-orden-fiscal-la-libertad-por-si-sola-no-iguala\/#breadcrumb","itemListElement":[{"@type":"ListItem","position":1,"name":"Portada","item":"https:\/\/diariotextual.com\/inicio\/"},{"@type":"ListItem","position":2,"name":"Ziliotto dijo que en La Pampa el Estado sigue presente con orden fiscal: \u201cLa libertad, por s\u00ed sola, no iguala\u201d"}]},{"@type":"WebSite","@id":"https:\/\/diariotextual.com\/inicio\/#website","url":"https:\/\/diariotextual.com\/inicio\/","name":"Diario Textual","description":"","publisher":{"@id":"https:\/\/diariotextual.com\/inicio\/#organization"},"potentialAction":[{"@type":"SearchAction","target":{"@type":"EntryPoint","urlTemplate":"https:\/\/diariotextual.com\/inicio\/?s={search_term_string}"},"query-input":{"@type":"PropertyValueSpecification","valueRequired":true,"valueName":"search_term_string"}}],"inLanguage":"es"},{"@type":"Organization","@id":"https:\/\/diariotextual.com\/inicio\/#organization","name":"Diario Textual","url":"https:\/\/diariotextual.com\/inicio\/","logo":{"@type":"ImageObject","inLanguage":"es","@id":"https:\/\/diariotextual.com\/inicio\/#\/schema\/logo\/image\/","url":"https:\/\/diariotextual.com\/inicio\/wp-content\/uploads\/2023\/05\/logotextual1.jpg","contentUrl":"https:\/\/diariotextual.com\/inicio\/wp-content\/uploads\/2023\/05\/logotextual1.jpg","width":516,"height":76,"caption":"Diario Textual"},"image":{"@id":"https:\/\/diariotextual.com\/inicio\/#\/schema\/logo\/image\/"},"sameAs":["https:\/\/www.facebook.com\/eltextual","https:\/\/x.com\/eltextual","http:\/\/www.instagram.com\/eltextual"]},{"@type":"Person","@id":"https:\/\/diariotextual.com\/inicio\/#\/schema\/person\/418fc4093c33e86ed41562db3508f958","name":"Diario1 Diario1","image":{"@type":"ImageObject","inLanguage":"es","@id":"https:\/\/secure.gravatar.com\/avatar\/9167d280179c85bc18be67aa7eda765854300033af4896dd779b608640f2ef7a?s=96&d=mm&r=g","url":"https:\/\/secure.gravatar.com\/avatar\/9167d280179c85bc18be67aa7eda765854300033af4896dd779b608640f2ef7a?s=96&d=mm&r=g","contentUrl":"https:\/\/secure.gravatar.com\/avatar\/9167d280179c85bc18be67aa7eda765854300033af4896dd779b608640f2ef7a?s=96&d=mm&r=g","caption":"Diario1 Diario1"},"url":"https:\/\/diariotextual.com\/inicio\/index.php\/author\/diario1\/"}]}},"_links":{"self":[{"href":"https:\/\/diariotextual.com\/inicio\/index.php\/wp-json\/wp\/v2\/posts\/321068","targetHints":{"allow":["GET"]}}],"collection":[{"href":"https:\/\/diariotextual.com\/inicio\/index.php\/wp-json\/wp\/v2\/posts"}],"about":[{"href":"https:\/\/diariotextual.com\/inicio\/index.php\/wp-json\/wp\/v2\/types\/post"}],"author":[{"embeddable":true,"href":"https:\/\/diariotextual.com\/inicio\/index.php\/wp-json\/wp\/v2\/users\/3"}],"replies":[{"embeddable":true,"href":"https:\/\/diariotextual.com\/inicio\/index.php\/wp-json\/wp\/v2\/comments?post=321068"}],"version-history":[{"count":5,"href":"https:\/\/diariotextual.com\/inicio\/index.php\/wp-json\/wp\/v2\/posts\/321068\/revisions"}],"predecessor-version":[{"id":321091,"href":"https:\/\/diariotextual.com\/inicio\/index.php\/wp-json\/wp\/v2\/posts\/321068\/revisions\/321091"}],"wp:featuredmedia":[{"embeddable":true,"href":"https:\/\/diariotextual.com\/inicio\/index.php\/wp-json\/wp\/v2\/media\/321103"}],"wp:attachment":[{"href":"https:\/\/diariotextual.com\/inicio\/index.php\/wp-json\/wp\/v2\/media?parent=321068"}],"wp:term":[{"taxonomy":"category","embeddable":true,"href":"https:\/\/diariotextual.com\/inicio\/index.php\/wp-json\/wp\/v2\/categories?post=321068"},{"taxonomy":"post_tag","embeddable":true,"href":"https:\/\/diariotextual.com\/inicio\/index.php\/wp-json\/wp\/v2\/tags?post=321068"}],"curies":[{"name":"wp","href":"https:\/\/api.w.org\/{rel}","templated":true}]}}