{"id":321083,"date":"2026-03-01T18:46:28","date_gmt":"2026-03-01T21:46:28","guid":{"rendered":"https:\/\/diariotextual.com\/inicio\/?p=321083"},"modified":"2026-03-02T08:43:59","modified_gmt":"2026-03-02T11:43:59","slug":"las-10-medidas-economicas-que-anuncio-ziliotto-exencion-de-iibb-para-creditos-capital-semilla-y-consorcios-viales","status":"publish","type":"post","link":"https:\/\/diariotextual.com\/inicio\/index.php\/2026\/03\/01\/las-10-medidas-economicas-que-anuncio-ziliotto-exencion-de-iibb-para-creditos-capital-semilla-y-consorcios-viales\/","title":{"rendered":"Las 10 medidas econ\u00f3micas que anunci\u00f3 Ziliotto: exenci\u00f3n de IIBB para cr\u00e9ditos, capital semilla y consorcios viales"},"content":{"rendered":"\n<p>El gobernador <strong>Sergio Ziliotto<\/strong> anunci\u00f3 este domingo, en su discurso de apertura de sesiones de la Legislatura provincial, una bater\u00eda de <strong>medidas fiscales, financieras y productivas<\/strong> para reducir el costo de invertir, fortalecer la <strong>articulaci\u00f3n p\u00fablico-privada<\/strong> y promover la <strong>innovaci\u00f3n<\/strong>, la <strong>transici\u00f3n energ\u00e9tica<\/strong> y el <strong>desarrollo industrial<\/strong>. Desde el 1\u00b0 de abril, los nuevos <strong>cr\u00e9ditos para inversi\u00f3n productiva<\/strong> otorgados por el <strong>Banco de La Pampa<\/strong> ser\u00e1n bonificados y dejar\u00e1n de tributar <strong>Ingresos Brutos y Sellos<\/strong>, lo que implicar\u00e1 una reducci\u00f3n real del <strong>10% en el costo del financiamiento<\/strong>. Adem\u00e1s, se enviar\u00e1 un proyecto de ley para otorgar <strong>incentivos fiscales<\/strong> al <strong>desarrollo de software<\/strong> y a la provisi\u00f3n de insumos vinculados a la <strong>energ\u00eda distribuida<\/strong>.<\/p>\n\n\n\n<figure class=\"wp-block-embed is-type-wp-embed is-provider-diario-textual wp-block-embed-diario-textual\"><div class=\"wp-block-embed__wrapper\">\n<blockquote class=\"wp-embedded-content\" data-secret=\"sIoMAoJe2v\"><a href=\"https:\/\/diariotextual.com\/inicio\/index.php\/2026\/03\/01\/ziliotto-la-deuda-que-nacion-mantiene-con-la-pampa-se-destinara-a-arreglar-las-rutas-nacionales\/\">Ziliotto: la deuda que Naci\u00f3n mantiene con La Pampa se destinar\u00e1 a arreglar las rutas nacionales<\/a><\/blockquote><iframe class=\"wp-embedded-content\" sandbox=\"allow-scripts\" security=\"restricted\" style=\"position: absolute; visibility: hidden;\" title=\"\u00abZiliotto: la deuda que Naci\u00f3n mantiene con La Pampa se destinar\u00e1 a arreglar las rutas nacionales\u00bb \u2014 Diario Textual\" src=\"https:\/\/diariotextual.com\/inicio\/index.php\/2026\/03\/01\/ziliotto-la-deuda-que-nacion-mantiene-con-la-pampa-se-destinara-a-arreglar-las-rutas-nacionales\/embed\/#?secret=s6keIzOmbB#?secret=sIoMAoJe2v\" data-secret=\"sIoMAoJe2v\" width=\"600\" height=\"338\" frameborder=\"0\" marginwidth=\"0\" marginheight=\"0\" scrolling=\"no\"><\/iframe>\n<\/div><\/figure>\n\n\n\n<p><\/p>\n\n\n\n<p>Ambas actividades podr\u00e1n compensar <strong>impuestos provinciales<\/strong> con lo abonado en salarios, reduciendo hasta cero la <strong>carga tributaria efectiva<\/strong>. Tambi\u00e9n se crear\u00e1 un <strong>r\u00e9gimen de cr\u00e9dito fiscal<\/strong> para fortalecer la <strong>educaci\u00f3n t\u00e9cnica<\/strong>, permitiendo que empresas financien formaci\u00f3n de <strong>mano de obra calificada<\/strong> a cambio de beneficios impositivos.<\/p>\n\n\n\n<p>Adem\u00e1s, se impulsar\u00e1 la figura de <strong>consorcios camineros<\/strong> para mejorar la <strong>red rural<\/strong>, se ampliar\u00e1 el <strong>parque agroalimentario de Santa Rosa<\/strong> y se enviar\u00e1 a la Legislatura un proyecto para crear el <strong>Parque de Actividades Econ\u00f3micas de General Pico<\/strong>, articulado con el <strong>parque fotovoltaico<\/strong> en desarrollo.<\/p>\n\n\n\n<p>Asimismo, se promover\u00e1n <strong>cr\u00e9ditos para pymes<\/strong> orientados a la <strong>transici\u00f3n energ\u00e9tica<\/strong> y proyectos de <strong>triple impacto<\/strong>. Se pondr\u00e1 en marcha el programa <strong>Proyectos Provinciales de Innovaci\u00f3n Productiva<\/strong> y el programa <strong>Becas Iniciar<\/strong>, articulando al <strong>Ministerio de la Producci\u00f3n<\/strong>, la <strong>Fundaci\u00f3n Banco de La Pampa<\/strong> y la <strong>Universidad Nacional de La Pampa<\/strong> para vincular estudiantes avanzados con empresas locales.<\/p>\n\n\n\n<p>Finalmente, se implementar\u00e1 una l\u00ednea de <strong>capital semilla<\/strong> para emprendimientos productivos surgidos del sistema educativo.<\/p>\n\n\n\n<p>Ziliotto fue recibido por la <strong>vicegobernadora Alicia Mayoral<\/strong> y, junto a la <strong>comisi\u00f3n de recepci\u00f3n<\/strong> integrada por legisladoras y legisladores, ingres\u00f3 al recinto donde, tras sus palabras, se dio por iniciado el <strong>a\u00f1o legislativo<\/strong>. En el recinto de sesiones se ubicaron <strong>funcionarios del Poder Judicial<\/strong>, <strong>legisladores nacionales<\/strong>, <strong>intendentes e intendentas<\/strong> y representantes de las <strong>fuerzas de seguridad provinciales y nacionales<\/strong> con asiento en <strong>La Pampa<\/strong>, entre otros invitados.<\/p>\n\n\n\n<p>Centr\u00f3 su mensaje en el <strong>impulso a la producci\u00f3n<\/strong> como eje del <strong>desarrollo<\/strong> y la <strong>generaci\u00f3n de empleo<\/strong> en <strong>La Pampa<\/strong>.<\/p>\n\n\n\n<p>Tambi\u00e9n anunci\u00f3 <strong>financiamiento para pymes<\/strong> involucradas en la <strong>innovaci\u00f3n productiva<\/strong> y en la <strong>transici\u00f3n energ\u00e9tica<\/strong>, <strong>becas<\/strong> a estudiantes de la <strong>UNLPam<\/strong> en empresas de la <strong>econom\u00eda del conocimiento<\/strong>, y <strong>aportes<\/strong> para proyectos productivos surgidos del \u00e1mbito educativo.<\/p>\n\n\n\n<p>Agreg\u00f3 que se ampliar\u00e1 el <strong>Parque Alimentario de Santa Rosa<\/strong> y se crear\u00e1 el <strong>Parque de Actividades Econ\u00f3micas<\/strong> en <strong>General Pico<\/strong>.<\/p>\n\n\n\n<p><\/p>\n\n\n\n<p><\/p>\n\n\n\n<div style=\"height:100px\" aria-hidden=\"true\" class=\"wp-block-spacer\"><\/div>\n\n\n\n<p><strong>Inversi\u00f3n<\/strong><\/p>\n\n\n\n<p>\u201cNo apostamos a la retracci\u00f3n de la <strong>inversi\u00f3n p\u00fablica<\/strong>, sino a propiciar un mayor crecimiento de la econom\u00eda provincial. Por ello, durante 2025 asumimos la tarea de actualizar el <strong>modelo de desarrollo econ\u00f3mico<\/strong> de la provincia de La Pampa. No modificamos el objetivo: no hay desarrollo geogr\u00e1ficamente arm\u00f3nico ni socialmente inclusivo sin producci\u00f3n y trabajo, y menos a\u00fan si no sostenemos la articulaci\u00f3n p\u00fablico-privada\u201d, dijo en su discurso.<\/p>\n\n\n\n<p>\u201cEn ese marco, dise\u00f1amos el <strong>Plan de Desarrollo Econ\u00f3mico y Productivo 2026-2030<\/strong>, una herramienta que apuesta a una mayor <strong>diversificaci\u00f3n productiva<\/strong>, m\u00e1s <strong>valor agregado<\/strong>, m\u00e1s <strong>exportaciones<\/strong>, m\u00e1s producci\u00f3n, mejor infraestructura y reglas claras que otorguen previsibilidad a la inversi\u00f3n y al empleo. Un plan estructurado sobre dos conceptos centrales: <strong>continuidad e innovaci\u00f3n<\/strong>. Continuidad para sostener lo que funciona \u2014y La Pampa crece porque su modelo productivo funciona, tal como lo certifican las estad\u00edsticas oficiales\u2014 e innovaci\u00f3n para potenciarlo\u201d, expres\u00f3.<\/p>\n\n\n\n<p>\u201cUna vez m\u00e1s, seg\u00fan datos de la <strong>Cepal<\/strong>, entre 2004 y 2024 La Pampa increment\u00f3 su <strong>valor agregado bruto<\/strong> un 61%, con un crecimiento econ\u00f3mico anual promedio del 2,5% en los \u00faltimos 20 a\u00f1os, muy por encima del 42% acumulado a nivel nacional. Nos ubicamos en el quinto lugar entre las provincias con mayor crecimiento del pa\u00eds, superando incluso a todas las que nos rodean. Puntualmente, en 2024, mientras el promedio nacional registr\u00f3 una ca\u00edda del 1,4%, en La Pampa crecimos un 0,4%, posicion\u00e1ndonos entre las \u00fanicas cinco provincias que mostraron crecimiento en el pa\u00eds\u201d, resalt\u00f3. \u201cEn otro informe, m\u00e1s reciente, el <strong>Indec<\/strong> ubica a La Pampa durante el tercer trimestre de 2025 en el segundo lugar entre las provincias argentinas con mayor <strong>tasa de actividad econ\u00f3mica y empleo<\/strong>. Mucho tiene que ver en ello la conjunci\u00f3n entre el fuerte compromiso empresarial y la decisi\u00f3n del Estado de reconocerlo e incentivarlo. No nos relajamos ante lo conseguido y, mucho menos, lo abandonaremos\u201d.<\/p>\n\n\n\n<p>\u201cLa estrategia ser\u00e1 integral: continuar para sostener e innovar para sumar. Incentivaremos <strong>sectores emergentes<\/strong> como la energ\u00eda, la tecnolog\u00eda y la <strong>econom\u00eda del conocimiento<\/strong>. Una mayor diversificaci\u00f3n de nuestra matriz productiva ser\u00e1 determinante para morigerar los efectos de una econom\u00eda provincial a\u00fan muy vinculada a <strong>actividades primarias<\/strong> y, por ello, expuesta al <strong>cambio clim\u00e1tico<\/strong>\u201d, dijo.<\/p>\n\n\n\n<p>\u201cParalelamente, ser\u00e1 clave seguir abriendo nuevos mercados m\u00e1s all\u00e1 de nuestra geograf\u00eda e <strong>internacionalizar nuestra producci\u00f3n<\/strong>. El dise\u00f1o de este plan \u2014cuyos detalles presentaremos p\u00fablicamente en los pr\u00f3ximos d\u00edas\u2014 se inici\u00f3 en el \u00e1mbito del Gobierno e incorpor\u00f3 en los \u00faltimos meses los aportes del sector privado. Su mirada, su experiencia y su contacto cotidiano con la complejidad productiva enriquecieron la versi\u00f3n final de este desaf\u00edo\u201d, expres\u00f3.<\/p>\n\n\n\n<p>\u201cLa coyuntura nos impone un escenario particular en un contexto nacional e internacional marcado por la <strong>incertidumbre<\/strong>, los <strong>conflictos<\/strong> y los <strong>cambios acelerados<\/strong>. A ese escenario global se suma una econom\u00eda nacional paralizada y con niveles de <strong>inversi\u00f3n productiva muy bajos<\/strong>. Una realidad que no es abstracta\u201d, dijo.<\/p>\n\n\n\n<p>\u201cEn ese camino continuaremos con pol\u00edticas concretas: menos <strong>carga impositiva<\/strong> mediante la <strong>Ley de Incentivos Fiscales<\/strong>, cesi\u00f3n de garant\u00edas para cr\u00e9ditos por parte del <strong>Fogapam<\/strong> y m\u00e1s mercados a trav\u00e9s de la <strong>Agencia I-Comex<\/strong>. Asimismo, el <strong>Banco de La Pampa<\/strong> mantendr\u00e1 su presencia imprescindible para apuntalar la actividad econ\u00f3mica y sostener el consumo. Haber dise\u00f1ado este plan nos permite actualizar las demandas del sector privado\u201d, dijo.<\/p>\n\n\n\n<figure class=\"wp-block-embed is-type-wp-embed is-provider-diario-textual wp-block-embed-diario-textual\"><div class=\"wp-block-embed__wrapper\">\n<blockquote class=\"wp-embedded-content\" data-secret=\"Tz65x490fC\"><a href=\"https:\/\/diariotextual.com\/inicio\/index.php\/2026\/03\/01\/el-medanito-ziliotto-reitero-que-la-decision-esta-en-manos-de-los-legisladores\/\">El Medanito: Ziliotto reiter\u00f3 que la decisi\u00f3n est\u00e1 en manos de los legisladores<\/a><\/blockquote><iframe class=\"wp-embedded-content\" sandbox=\"allow-scripts\" security=\"restricted\" style=\"position: absolute; visibility: hidden;\" title=\"\u00abEl Medanito: Ziliotto reiter\u00f3 que la decisi\u00f3n est\u00e1 en manos de los legisladores\u00bb \u2014 Diario Textual\" src=\"https:\/\/diariotextual.com\/inicio\/index.php\/2026\/03\/01\/el-medanito-ziliotto-reitero-que-la-decision-esta-en-manos-de-los-legisladores\/embed\/#?secret=Fhuyn5LKLL#?secret=Tz65x490fC\" data-secret=\"Tz65x490fC\" width=\"600\" height=\"338\" frameborder=\"0\" marginwidth=\"0\" marginheight=\"0\" scrolling=\"no\"><\/iframe>\n<\/div><\/figure>\n\n\n\n<p><\/p>\n\n\n\n<div style=\"height:100px\" aria-hidden=\"true\" class=\"wp-block-spacer\"><\/div>\n\n\n\n<p><strong>Diez medidas<\/strong><\/p>\n\n\n\n<p>\u201cEn esta primera etapa incorporaremos diez nuevas medidas para reducir el costo de producir y fortalecer la <strong>sostenibilidad<\/strong>, la <strong>eficiencia<\/strong> y la <strong>competitividad<\/strong> de la econom\u00eda provincial\u201d, dijo.<\/p>\n\n\n\n<p>\u201cDesde el 1 de abril, todos los nuevos cr\u00e9ditos vinculados a operatorias de <strong>inversi\u00f3n productiva<\/strong> tomadas en el <strong>Banco de La Pampa<\/strong> ser\u00e1n bonificados. Dejar\u00e1n de tributar los impuestos sobre los <strong>ingresos brutos y de sellos<\/strong>\u201d, sostuvo.<\/p>\n\n\n\n<p>\u201cDe esta manera, el costo del financiamiento para la inversi\u00f3n productiva tendr\u00e1 una disminuci\u00f3n real del <strong>10%<\/strong>. Se trata de una medida concreta que reduce el costo del cr\u00e9dito, en un contexto de tasas elevadas fijadas por el <strong>Banco Central<\/strong> para el sistema financiero. En un proyecto de ley propondremos, adem\u00e1s, beneficiar con <strong>incentivos fiscales<\/strong> al desarrollo de software y a la provisi\u00f3n de insumos vinculados a la energ\u00eda distribuida\u201d, manifest\u00f3.<\/p>\n\n\n\n<p>\u201cAmbas actividades podr\u00e1n compensar los <strong>impuestos provinciales<\/strong> que deban tributar con lo abonado en sueldos a trav\u00e9s de nuestro banco provincial. As\u00ed, podr\u00e1n reducir a cero la <strong>presi\u00f3n tributaria efectiva<\/strong> en relaci\u00f3n con el fisco provincial. Tambi\u00e9n incentivaremos al sector privado que articule con nuestra <strong>educaci\u00f3n t\u00e9cnica<\/strong>\u201d, dijo.<\/p>\n\n\n\n<p>\u201cLas empresas podr\u00e1n aportar recursos para formar <strong>mano de obra calificada<\/strong>, en l\u00ednea con las nuevas demandas que genera la <strong>innovaci\u00f3n tecnol\u00f3gica<\/strong>. Estos aportes ser\u00e1n reconocidos como <strong>cr\u00e9dito fiscal<\/strong> para cancelar tributos provinciales, en el marco de la creaci\u00f3n del <strong>R\u00e9gimen Provincial de Cr\u00e9dito Fiscal para el Fortalecimiento de la Educaci\u00f3n T\u00e9cnica Profesional<\/strong>. Adem\u00e1s, enviaremos a esta Legislatura una iniciativa que crea la figura de los <strong>consorcios camineros<\/strong>\u201d, sostuvo.<\/p>\n\n\n\n<p>\u201cSu principal fortaleza ser\u00e1 la asociaci\u00f3n virtuosa y la complementaci\u00f3n entre el Estado y el sector privado. Su objetivo ser\u00e1 la conservaci\u00f3n, el mejoramiento y la ampliaci\u00f3n de los caminos de la <strong>red rural<\/strong>, insumo estrat\u00e9gico para la promoci\u00f3n productiva. Ampliaremos tambi\u00e9n el <strong>parque agroalimentario de Santa Rosa<\/strong>\u201d, resalt\u00f3.<\/p>\n\n\n\n<p>\u201cSer\u00e1 una respuesta a la creciente demanda de aprobaci\u00f3n de proyectos, incorporando nuevos rubros y consolidando un polo estrat\u00e9gico de <strong>valor agregado en origen<\/strong>. Enviaremos a esta Legislatura un proyecto de ley para la creaci\u00f3n del <strong>Parque de Actividades Econ\u00f3micas de General Pico<\/strong>. Articulado con el <strong>parque fotovoltaico en desarrollo<\/strong>, con un enfoque moderno e integral y esquemas de <strong>participaci\u00f3n p\u00fablico-privada<\/strong>, apalancar\u00e1 el desarrollo industrial del norte provincial\u201d.<\/p>\n\n\n\n<p>\u201cPropiciaremos <strong>cr\u00e9ditos para pymes<\/strong> con foco en la <strong>transici\u00f3n energ\u00e9tica<\/strong> y en proyectos de <strong>triple impacto: econ\u00f3mico, social y ambiental<\/strong>. Estas iniciativas estar\u00e1n orientadas a inversiones en <strong>energ\u00edas renovables<\/strong> y <strong>eficiencia energ\u00e9tica<\/strong>, especialmente para aquellas radicadas en parques industriales. Implementaremos el programa <strong>Proyectos Provinciales de Innovaci\u00f3n Productiva<\/strong>, orientado a fomentar la <strong>innovaci\u00f3n tecnol\u00f3gica<\/strong> mediante la articulaci\u00f3n entre el sistema cient\u00edfico-acad\u00e9mico, el sector productivo y el sector p\u00fablico\u201d, dijo.<\/p>\n\n\n\n<p><\/p>\n\n\n\n<figure class=\"wp-block-embed is-type-wp-embed is-provider-diario-textual wp-block-embed-diario-textual\"><div class=\"wp-block-embed__wrapper\">\n<blockquote class=\"wp-embedded-content\" data-secret=\"okFaqQwcF2\"><a href=\"https:\/\/diariotextual.com\/inicio\/index.php\/2026\/03\/01\/ziliotto-dijo-que-en-la-pampa-el-estado-sigue-presente-con-orden-fiscal-la-libertad-por-si-sola-no-iguala\/\">Ziliotto dijo que en La Pampa el Estado sigue presente con orden fiscal: \u201cLa libertad, por s\u00ed sola, no iguala\u201d<\/a><\/blockquote><iframe class=\"wp-embedded-content\" sandbox=\"allow-scripts\" security=\"restricted\" style=\"position: absolute; visibility: hidden;\" title=\"\u00abZiliotto dijo que en La Pampa el Estado sigue presente con orden fiscal: \u201cLa libertad, por s\u00ed sola, no iguala\u201d\u00bb \u2014 Diario Textual\" src=\"https:\/\/diariotextual.com\/inicio\/index.php\/2026\/03\/01\/ziliotto-dijo-que-en-la-pampa-el-estado-sigue-presente-con-orden-fiscal-la-libertad-por-si-sola-no-iguala\/embed\/#?secret=3S1fgU71RU#?secret=okFaqQwcF2\" data-secret=\"okFaqQwcF2\" width=\"600\" height=\"338\" frameborder=\"0\" marginwidth=\"0\" marginheight=\"0\" scrolling=\"no\"><\/iframe>\n<\/div><\/figure>\n\n\n\n<p><\/p>\n\n\n\n<p>\u201cEl programa financiar\u00e1 proyectos que promuevan la <strong>transferencia de conocimiento<\/strong>, el desarrollo de <strong>soluciones innovadoras<\/strong> y el fortalecimiento de las <strong>capacidades productivas<\/strong> del territorio provincial. Mediante la articulaci\u00f3n entre el <strong>Ministerio de la Producci\u00f3n<\/strong>, la <strong>Fundaci\u00f3n Banco de La Pampa<\/strong> y la <strong>Universidad Nacional de La Pampa<\/strong>, impulsaremos el programa <strong>Becas Iniciar<\/strong> destinado a estudiantes universitarios. A trav\u00e9s de este convenio, estudiantes avanzados se vincular\u00e1n, acompa\u00f1ados por tutores, con empresas locales para desarrollar soluciones aplicadas en \u00e1reas como <strong>econom\u00eda del conocimiento<\/strong>, <strong>industria 4.0<\/strong>, <strong>transformaci\u00f3n digital<\/strong>, <strong>eficiencia energ\u00e9tica<\/strong>, <strong>sostenibilidad<\/strong> e <strong>innovaci\u00f3n productiva<\/strong>\u201d, manifest\u00f3.<\/p>\n\n\n\n<p>\u201cPor \u00faltimo, implementaremos una operatoria de aportes de <strong>capital semilla<\/strong> destinada a acompa\u00f1ar <strong>proyectos productivos en etapas tempranas de desarrollo<\/strong>, surgidos del \u00e1mbito educativo: escuelas secundarias, escuelas t\u00e9cnicas, centros de formaci\u00f3n profesional y universidades\u201d, expres\u00f3 Ziliotto.<\/p>\n\n\n\n<p><\/p>\n","protected":false},"excerpt":{"rendered":"<p>El gobernador Sergio Ziliotto anunci\u00f3 este domingo, en su discurso de apertura de sesiones de la Legislatura provincial, una bater\u00eda de medidas fiscales, financieras y productivas para reducir el costo&hellip;<\/p>\n","protected":false},"author":3,"featured_media":321105,"comment_status":"closed","ping_status":"open","sticky":false,"template":"","format":"standard","meta":{"_acf_changed":false,"footnotes":""},"categories":[10,8],"tags":[],"class_list":["post-321083","post","type-post","status-publish","format-standard","has-post-thumbnail","hentry","category-portada-2","category-politica"],"acf":[],"yoast_head":"<!-- This site is optimized with the Yoast SEO plugin v27.4 - https:\/\/yoast.com\/product\/yoast-seo-wordpress\/ -->\n<title>Las 10 medidas econ\u00f3micas que anunci\u00f3 Ziliotto: exenci\u00f3n de IIBB para cr\u00e9ditos, capital semilla y consorcios viales - Diario Textual<\/title>\n<meta name=\"robots\" content=\"index, follow, max-snippet:-1, max-image-preview:large, max-video-preview:-1\" \/>\n<link rel=\"canonical\" href=\"https:\/\/diariotextual.com\/inicio\/index.php\/2026\/03\/01\/las-10-medidas-economicas-que-anuncio-ziliotto-exencion-de-iibb-para-creditos-capital-semilla-y-consorcios-viales\/\" \/>\n<meta property=\"og:locale\" content=\"es_ES\" \/>\n<meta property=\"og:type\" content=\"article\" \/>\n<meta property=\"og:title\" content=\"Las 10 medidas econ\u00f3micas que anunci\u00f3 Ziliotto: exenci\u00f3n de IIBB para cr\u00e9ditos, capital semilla y consorcios viales - Diario Textual\" \/>\n<meta property=\"og:description\" content=\"El gobernador Sergio Ziliotto anunci\u00f3 este domingo, en su discurso de apertura de sesiones de la Legislatura provincial, una bater\u00eda de medidas fiscales, financieras y productivas para reducir el costo&hellip;\" \/>\n<meta property=\"og:url\" content=\"https:\/\/diariotextual.com\/inicio\/index.php\/2026\/03\/01\/las-10-medidas-economicas-que-anuncio-ziliotto-exencion-de-iibb-para-creditos-capital-semilla-y-consorcios-viales\/\" \/>\n<meta property=\"og:site_name\" content=\"Diario Textual\" \/>\n<meta property=\"article:publisher\" content=\"https:\/\/www.facebook.com\/eltextual\" \/>\n<meta property=\"article:published_time\" content=\"2026-03-01T21:46:28+00:00\" \/>\n<meta property=\"article:modified_time\" content=\"2026-03-02T11:43:59+00:00\" \/>\n<meta property=\"og:image\" content=\"https:\/\/diariotextual.com\/inicio\/wp-content\/uploads\/2026\/03\/ziliottosergiolegislaturaaperturasesiones2026-8-1.jpg\" \/>\n\t<meta property=\"og:image:width\" content=\"1300\" \/>\n\t<meta property=\"og:image:height\" content=\"867\" \/>\n\t<meta property=\"og:image:type\" content=\"image\/jpeg\" \/>\n<meta name=\"author\" content=\"Diario1 Diario1\" \/>\n<meta name=\"twitter:card\" content=\"summary_large_image\" \/>\n<meta name=\"twitter:creator\" content=\"@eltextual\" \/>\n<meta name=\"twitter:site\" content=\"@eltextual\" \/>\n<meta name=\"twitter:label1\" content=\"Escrito por\" \/>\n\t<meta name=\"twitter:data1\" content=\"Diario1 Diario1\" \/>\n\t<meta name=\"twitter:label2\" content=\"Tiempo de lectura\" \/>\n\t<meta name=\"twitter:data2\" content=\"8 minutos\" \/>\n<script type=\"application\/ld+json\" class=\"yoast-schema-graph\">{\"@context\":\"https:\\\/\\\/schema.org\",\"@graph\":[{\"@type\":\"Article\",\"@id\":\"https:\\\/\\\/diariotextual.com\\\/inicio\\\/index.php\\\/2026\\\/03\\\/01\\\/las-10-medidas-economicas-que-anuncio-ziliotto-exencion-de-iibb-para-creditos-capital-semilla-y-consorcios-viales\\\/#article\",\"isPartOf\":{\"@id\":\"https:\\\/\\\/diariotextual.com\\\/inicio\\\/index.php\\\/2026\\\/03\\\/01\\\/las-10-medidas-economicas-que-anuncio-ziliotto-exencion-de-iibb-para-creditos-capital-semilla-y-consorcios-viales\\\/\"},\"author\":{\"name\":\"Diario1 Diario1\",\"@id\":\"https:\\\/\\\/diariotextual.com\\\/inicio\\\/#\\\/schema\\\/person\\\/418fc4093c33e86ed41562db3508f958\"},\"headline\":\"Las 10 medidas econ\u00f3micas que anunci\u00f3 Ziliotto: exenci\u00f3n de IIBB para cr\u00e9ditos, capital semilla y consorcios viales\",\"datePublished\":\"2026-03-01T21:46:28+00:00\",\"dateModified\":\"2026-03-02T11:43:59+00:00\",\"mainEntityOfPage\":{\"@id\":\"https:\\\/\\\/diariotextual.com\\\/inicio\\\/index.php\\\/2026\\\/03\\\/01\\\/las-10-medidas-economicas-que-anuncio-ziliotto-exencion-de-iibb-para-creditos-capital-semilla-y-consorcios-viales\\\/\"},\"wordCount\":1738,\"publisher\":{\"@id\":\"https:\\\/\\\/diariotextual.com\\\/inicio\\\/#organization\"},\"image\":{\"@id\":\"https:\\\/\\\/diariotextual.com\\\/inicio\\\/index.php\\\/2026\\\/03\\\/01\\\/las-10-medidas-economicas-que-anuncio-ziliotto-exencion-de-iibb-para-creditos-capital-semilla-y-consorcios-viales\\\/#primaryimage\"},\"thumbnailUrl\":\"https:\\\/\\\/diariotextual.com\\\/inicio\\\/wp-content\\\/uploads\\\/2026\\\/03\\\/ziliottosergiolegislaturaaperturasesiones2026-8-1.jpg\",\"articleSection\":[\"A - PORTADA2\",\"POLITICA\"],\"inLanguage\":\"es\"},{\"@type\":\"WebPage\",\"@id\":\"https:\\\/\\\/diariotextual.com\\\/inicio\\\/index.php\\\/2026\\\/03\\\/01\\\/las-10-medidas-economicas-que-anuncio-ziliotto-exencion-de-iibb-para-creditos-capital-semilla-y-consorcios-viales\\\/\",\"url\":\"https:\\\/\\\/diariotextual.com\\\/inicio\\\/index.php\\\/2026\\\/03\\\/01\\\/las-10-medidas-economicas-que-anuncio-ziliotto-exencion-de-iibb-para-creditos-capital-semilla-y-consorcios-viales\\\/\",\"name\":\"Las 10 medidas econ\u00f3micas que anunci\u00f3 Ziliotto: exenci\u00f3n de IIBB para cr\u00e9ditos, capital semilla y consorcios viales - Diario Textual\",\"isPartOf\":{\"@id\":\"https:\\\/\\\/diariotextual.com\\\/inicio\\\/#website\"},\"primaryImageOfPage\":{\"@id\":\"https:\\\/\\\/diariotextual.com\\\/inicio\\\/index.php\\\/2026\\\/03\\\/01\\\/las-10-medidas-economicas-que-anuncio-ziliotto-exencion-de-iibb-para-creditos-capital-semilla-y-consorcios-viales\\\/#primaryimage\"},\"image\":{\"@id\":\"https:\\\/\\\/diariotextual.com\\\/inicio\\\/index.php\\\/2026\\\/03\\\/01\\\/las-10-medidas-economicas-que-anuncio-ziliotto-exencion-de-iibb-para-creditos-capital-semilla-y-consorcios-viales\\\/#primaryimage\"},\"thumbnailUrl\":\"https:\\\/\\\/diariotextual.com\\\/inicio\\\/wp-content\\\/uploads\\\/2026\\\/03\\\/ziliottosergiolegislaturaaperturasesiones2026-8-1.jpg\",\"datePublished\":\"2026-03-01T21:46:28+00:00\",\"dateModified\":\"2026-03-02T11:43:59+00:00\",\"breadcrumb\":{\"@id\":\"https:\\\/\\\/diariotextual.com\\\/inicio\\\/index.php\\\/2026\\\/03\\\/01\\\/las-10-medidas-economicas-que-anuncio-ziliotto-exencion-de-iibb-para-creditos-capital-semilla-y-consorcios-viales\\\/#breadcrumb\"},\"inLanguage\":\"es\",\"potentialAction\":[{\"@type\":\"ReadAction\",\"target\":[\"https:\\\/\\\/diariotextual.com\\\/inicio\\\/index.php\\\/2026\\\/03\\\/01\\\/las-10-medidas-economicas-que-anuncio-ziliotto-exencion-de-iibb-para-creditos-capital-semilla-y-consorcios-viales\\\/\"]}]},{\"@type\":\"ImageObject\",\"inLanguage\":\"es\",\"@id\":\"https:\\\/\\\/diariotextual.com\\\/inicio\\\/index.php\\\/2026\\\/03\\\/01\\\/las-10-medidas-economicas-que-anuncio-ziliotto-exencion-de-iibb-para-creditos-capital-semilla-y-consorcios-viales\\\/#primaryimage\",\"url\":\"https:\\\/\\\/diariotextual.com\\\/inicio\\\/wp-content\\\/uploads\\\/2026\\\/03\\\/ziliottosergiolegislaturaaperturasesiones2026-8-1.jpg\",\"contentUrl\":\"https:\\\/\\\/diariotextual.com\\\/inicio\\\/wp-content\\\/uploads\\\/2026\\\/03\\\/ziliottosergiolegislaturaaperturasesiones2026-8-1.jpg\",\"width\":1300,\"height\":867},{\"@type\":\"BreadcrumbList\",\"@id\":\"https:\\\/\\\/diariotextual.com\\\/inicio\\\/index.php\\\/2026\\\/03\\\/01\\\/las-10-medidas-economicas-que-anuncio-ziliotto-exencion-de-iibb-para-creditos-capital-semilla-y-consorcios-viales\\\/#breadcrumb\",\"itemListElement\":[{\"@type\":\"ListItem\",\"position\":1,\"name\":\"Portada\",\"item\":\"https:\\\/\\\/diariotextual.com\\\/inicio\\\/\"},{\"@type\":\"ListItem\",\"position\":2,\"name\":\"Las 10 medidas econ\u00f3micas que anunci\u00f3 Ziliotto: exenci\u00f3n de IIBB para cr\u00e9ditos, capital semilla y consorcios viales\"}]},{\"@type\":\"WebSite\",\"@id\":\"https:\\\/\\\/diariotextual.com\\\/inicio\\\/#website\",\"url\":\"https:\\\/\\\/diariotextual.com\\\/inicio\\\/\",\"name\":\"Diario Textual\",\"description\":\"\",\"publisher\":{\"@id\":\"https:\\\/\\\/diariotextual.com\\\/inicio\\\/#organization\"},\"potentialAction\":[{\"@type\":\"SearchAction\",\"target\":{\"@type\":\"EntryPoint\",\"urlTemplate\":\"https:\\\/\\\/diariotextual.com\\\/inicio\\\/?s={search_term_string}\"},\"query-input\":{\"@type\":\"PropertyValueSpecification\",\"valueRequired\":true,\"valueName\":\"search_term_string\"}}],\"inLanguage\":\"es\"},{\"@type\":\"Organization\",\"@id\":\"https:\\\/\\\/diariotextual.com\\\/inicio\\\/#organization\",\"name\":\"Diario Textual\",\"url\":\"https:\\\/\\\/diariotextual.com\\\/inicio\\\/\",\"logo\":{\"@type\":\"ImageObject\",\"inLanguage\":\"es\",\"@id\":\"https:\\\/\\\/diariotextual.com\\\/inicio\\\/#\\\/schema\\\/logo\\\/image\\\/\",\"url\":\"https:\\\/\\\/diariotextual.com\\\/inicio\\\/wp-content\\\/uploads\\\/2023\\\/05\\\/logotextual1.jpg\",\"contentUrl\":\"https:\\\/\\\/diariotextual.com\\\/inicio\\\/wp-content\\\/uploads\\\/2023\\\/05\\\/logotextual1.jpg\",\"width\":516,\"height\":76,\"caption\":\"Diario Textual\"},\"image\":{\"@id\":\"https:\\\/\\\/diariotextual.com\\\/inicio\\\/#\\\/schema\\\/logo\\\/image\\\/\"},\"sameAs\":[\"https:\\\/\\\/www.facebook.com\\\/eltextual\",\"https:\\\/\\\/x.com\\\/eltextual\",\"http:\\\/\\\/www.instagram.com\\\/eltextual\"]},{\"@type\":\"Person\",\"@id\":\"https:\\\/\\\/diariotextual.com\\\/inicio\\\/#\\\/schema\\\/person\\\/418fc4093c33e86ed41562db3508f958\",\"name\":\"Diario1 Diario1\",\"image\":{\"@type\":\"ImageObject\",\"inLanguage\":\"es\",\"@id\":\"https:\\\/\\\/secure.gravatar.com\\\/avatar\\\/9167d280179c85bc18be67aa7eda765854300033af4896dd779b608640f2ef7a?s=96&d=mm&r=g\",\"url\":\"https:\\\/\\\/secure.gravatar.com\\\/avatar\\\/9167d280179c85bc18be67aa7eda765854300033af4896dd779b608640f2ef7a?s=96&d=mm&r=g\",\"contentUrl\":\"https:\\\/\\\/secure.gravatar.com\\\/avatar\\\/9167d280179c85bc18be67aa7eda765854300033af4896dd779b608640f2ef7a?s=96&d=mm&r=g\",\"caption\":\"Diario1 Diario1\"},\"url\":\"https:\\\/\\\/diariotextual.com\\\/inicio\\\/index.php\\\/author\\\/diario1\\\/\"}]}<\/script>\n<!-- \/ Yoast SEO plugin. -->","yoast_head_json":{"title":"Las 10 medidas econ\u00f3micas que anunci\u00f3 Ziliotto: exenci\u00f3n de IIBB para cr\u00e9ditos, capital semilla y consorcios viales - Diario Textual","robots":{"index":"index","follow":"follow","max-snippet":"max-snippet:-1","max-image-preview":"max-image-preview:large","max-video-preview":"max-video-preview:-1"},"canonical":"https:\/\/diariotextual.com\/inicio\/index.php\/2026\/03\/01\/las-10-medidas-economicas-que-anuncio-ziliotto-exencion-de-iibb-para-creditos-capital-semilla-y-consorcios-viales\/","og_locale":"es_ES","og_type":"article","og_title":"Las 10 medidas econ\u00f3micas que anunci\u00f3 Ziliotto: exenci\u00f3n de IIBB para cr\u00e9ditos, capital semilla y consorcios viales - Diario Textual","og_description":"El gobernador Sergio Ziliotto anunci\u00f3 este domingo, en su discurso de apertura de sesiones de la Legislatura provincial, una bater\u00eda de medidas fiscales, financieras y productivas para reducir el costo&hellip;","og_url":"https:\/\/diariotextual.com\/inicio\/index.php\/2026\/03\/01\/las-10-medidas-economicas-que-anuncio-ziliotto-exencion-de-iibb-para-creditos-capital-semilla-y-consorcios-viales\/","og_site_name":"Diario Textual","article_publisher":"https:\/\/www.facebook.com\/eltextual","article_published_time":"2026-03-01T21:46:28+00:00","article_modified_time":"2026-03-02T11:43:59+00:00","og_image":[{"width":1300,"height":867,"url":"https:\/\/diariotextual.com\/inicio\/wp-content\/uploads\/2026\/03\/ziliottosergiolegislaturaaperturasesiones2026-8-1.jpg","type":"image\/jpeg"}],"author":"Diario1 Diario1","twitter_card":"summary_large_image","twitter_creator":"@eltextual","twitter_site":"@eltextual","twitter_misc":{"Escrito por":"Diario1 Diario1","Tiempo de lectura":"8 minutos"},"schema":{"@context":"https:\/\/schema.org","@graph":[{"@type":"Article","@id":"https:\/\/diariotextual.com\/inicio\/index.php\/2026\/03\/01\/las-10-medidas-economicas-que-anuncio-ziliotto-exencion-de-iibb-para-creditos-capital-semilla-y-consorcios-viales\/#article","isPartOf":{"@id":"https:\/\/diariotextual.com\/inicio\/index.php\/2026\/03\/01\/las-10-medidas-economicas-que-anuncio-ziliotto-exencion-de-iibb-para-creditos-capital-semilla-y-consorcios-viales\/"},"author":{"name":"Diario1 Diario1","@id":"https:\/\/diariotextual.com\/inicio\/#\/schema\/person\/418fc4093c33e86ed41562db3508f958"},"headline":"Las 10 medidas econ\u00f3micas que anunci\u00f3 Ziliotto: exenci\u00f3n de IIBB para cr\u00e9ditos, capital semilla y consorcios viales","datePublished":"2026-03-01T21:46:28+00:00","dateModified":"2026-03-02T11:43:59+00:00","mainEntityOfPage":{"@id":"https:\/\/diariotextual.com\/inicio\/index.php\/2026\/03\/01\/las-10-medidas-economicas-que-anuncio-ziliotto-exencion-de-iibb-para-creditos-capital-semilla-y-consorcios-viales\/"},"wordCount":1738,"publisher":{"@id":"https:\/\/diariotextual.com\/inicio\/#organization"},"image":{"@id":"https:\/\/diariotextual.com\/inicio\/index.php\/2026\/03\/01\/las-10-medidas-economicas-que-anuncio-ziliotto-exencion-de-iibb-para-creditos-capital-semilla-y-consorcios-viales\/#primaryimage"},"thumbnailUrl":"https:\/\/diariotextual.com\/inicio\/wp-content\/uploads\/2026\/03\/ziliottosergiolegislaturaaperturasesiones2026-8-1.jpg","articleSection":["A - PORTADA2","POLITICA"],"inLanguage":"es"},{"@type":"WebPage","@id":"https:\/\/diariotextual.com\/inicio\/index.php\/2026\/03\/01\/las-10-medidas-economicas-que-anuncio-ziliotto-exencion-de-iibb-para-creditos-capital-semilla-y-consorcios-viales\/","url":"https:\/\/diariotextual.com\/inicio\/index.php\/2026\/03\/01\/las-10-medidas-economicas-que-anuncio-ziliotto-exencion-de-iibb-para-creditos-capital-semilla-y-consorcios-viales\/","name":"Las 10 medidas econ\u00f3micas que anunci\u00f3 Ziliotto: exenci\u00f3n de IIBB para cr\u00e9ditos, capital semilla y consorcios viales - Diario Textual","isPartOf":{"@id":"https:\/\/diariotextual.com\/inicio\/#website"},"primaryImageOfPage":{"@id":"https:\/\/diariotextual.com\/inicio\/index.php\/2026\/03\/01\/las-10-medidas-economicas-que-anuncio-ziliotto-exencion-de-iibb-para-creditos-capital-semilla-y-consorcios-viales\/#primaryimage"},"image":{"@id":"https:\/\/diariotextual.com\/inicio\/index.php\/2026\/03\/01\/las-10-medidas-economicas-que-anuncio-ziliotto-exencion-de-iibb-para-creditos-capital-semilla-y-consorcios-viales\/#primaryimage"},"thumbnailUrl":"https:\/\/diariotextual.com\/inicio\/wp-content\/uploads\/2026\/03\/ziliottosergiolegislaturaaperturasesiones2026-8-1.jpg","datePublished":"2026-03-01T21:46:28+00:00","dateModified":"2026-03-02T11:43:59+00:00","breadcrumb":{"@id":"https:\/\/diariotextual.com\/inicio\/index.php\/2026\/03\/01\/las-10-medidas-economicas-que-anuncio-ziliotto-exencion-de-iibb-para-creditos-capital-semilla-y-consorcios-viales\/#breadcrumb"},"inLanguage":"es","potentialAction":[{"@type":"ReadAction","target":["https:\/\/diariotextual.com\/inicio\/index.php\/2026\/03\/01\/las-10-medidas-economicas-que-anuncio-ziliotto-exencion-de-iibb-para-creditos-capital-semilla-y-consorcios-viales\/"]}]},{"@type":"ImageObject","inLanguage":"es","@id":"https:\/\/diariotextual.com\/inicio\/index.php\/2026\/03\/01\/las-10-medidas-economicas-que-anuncio-ziliotto-exencion-de-iibb-para-creditos-capital-semilla-y-consorcios-viales\/#primaryimage","url":"https:\/\/diariotextual.com\/inicio\/wp-content\/uploads\/2026\/03\/ziliottosergiolegislaturaaperturasesiones2026-8-1.jpg","contentUrl":"https:\/\/diariotextual.com\/inicio\/wp-content\/uploads\/2026\/03\/ziliottosergiolegislaturaaperturasesiones2026-8-1.jpg","width":1300,"height":867},{"@type":"BreadcrumbList","@id":"https:\/\/diariotextual.com\/inicio\/index.php\/2026\/03\/01\/las-10-medidas-economicas-que-anuncio-ziliotto-exencion-de-iibb-para-creditos-capital-semilla-y-consorcios-viales\/#breadcrumb","itemListElement":[{"@type":"ListItem","position":1,"name":"Portada","item":"https:\/\/diariotextual.com\/inicio\/"},{"@type":"ListItem","position":2,"name":"Las 10 medidas econ\u00f3micas que anunci\u00f3 Ziliotto: exenci\u00f3n de IIBB para cr\u00e9ditos, capital semilla y consorcios viales"}]},{"@type":"WebSite","@id":"https:\/\/diariotextual.com\/inicio\/#website","url":"https:\/\/diariotextual.com\/inicio\/","name":"Diario Textual","description":"","publisher":{"@id":"https:\/\/diariotextual.com\/inicio\/#organization"},"potentialAction":[{"@type":"SearchAction","target":{"@type":"EntryPoint","urlTemplate":"https:\/\/diariotextual.com\/inicio\/?s={search_term_string}"},"query-input":{"@type":"PropertyValueSpecification","valueRequired":true,"valueName":"search_term_string"}}],"inLanguage":"es"},{"@type":"Organization","@id":"https:\/\/diariotextual.com\/inicio\/#organization","name":"Diario Textual","url":"https:\/\/diariotextual.com\/inicio\/","logo":{"@type":"ImageObject","inLanguage":"es","@id":"https:\/\/diariotextual.com\/inicio\/#\/schema\/logo\/image\/","url":"https:\/\/diariotextual.com\/inicio\/wp-content\/uploads\/2023\/05\/logotextual1.jpg","contentUrl":"https:\/\/diariotextual.com\/inicio\/wp-content\/uploads\/2023\/05\/logotextual1.jpg","width":516,"height":76,"caption":"Diario Textual"},"image":{"@id":"https:\/\/diariotextual.com\/inicio\/#\/schema\/logo\/image\/"},"sameAs":["https:\/\/www.facebook.com\/eltextual","https:\/\/x.com\/eltextual","http:\/\/www.instagram.com\/eltextual"]},{"@type":"Person","@id":"https:\/\/diariotextual.com\/inicio\/#\/schema\/person\/418fc4093c33e86ed41562db3508f958","name":"Diario1 Diario1","image":{"@type":"ImageObject","inLanguage":"es","@id":"https:\/\/secure.gravatar.com\/avatar\/9167d280179c85bc18be67aa7eda765854300033af4896dd779b608640f2ef7a?s=96&d=mm&r=g","url":"https:\/\/secure.gravatar.com\/avatar\/9167d280179c85bc18be67aa7eda765854300033af4896dd779b608640f2ef7a?s=96&d=mm&r=g","contentUrl":"https:\/\/secure.gravatar.com\/avatar\/9167d280179c85bc18be67aa7eda765854300033af4896dd779b608640f2ef7a?s=96&d=mm&r=g","caption":"Diario1 Diario1"},"url":"https:\/\/diariotextual.com\/inicio\/index.php\/author\/diario1\/"}]}},"_links":{"self":[{"href":"https:\/\/diariotextual.com\/inicio\/index.php\/wp-json\/wp\/v2\/posts\/321083","targetHints":{"allow":["GET"]}}],"collection":[{"href":"https:\/\/diariotextual.com\/inicio\/index.php\/wp-json\/wp\/v2\/posts"}],"about":[{"href":"https:\/\/diariotextual.com\/inicio\/index.php\/wp-json\/wp\/v2\/types\/post"}],"author":[{"embeddable":true,"href":"https:\/\/diariotextual.com\/inicio\/index.php\/wp-json\/wp\/v2\/users\/3"}],"replies":[{"embeddable":true,"href":"https:\/\/diariotextual.com\/inicio\/index.php\/wp-json\/wp\/v2\/comments?post=321083"}],"version-history":[{"count":5,"href":"https:\/\/diariotextual.com\/inicio\/index.php\/wp-json\/wp\/v2\/posts\/321083\/revisions"}],"predecessor-version":[{"id":321108,"href":"https:\/\/diariotextual.com\/inicio\/index.php\/wp-json\/wp\/v2\/posts\/321083\/revisions\/321108"}],"wp:featuredmedia":[{"embeddable":true,"href":"https:\/\/diariotextual.com\/inicio\/index.php\/wp-json\/wp\/v2\/media\/321105"}],"wp:attachment":[{"href":"https:\/\/diariotextual.com\/inicio\/index.php\/wp-json\/wp\/v2\/media?parent=321083"}],"wp:term":[{"taxonomy":"category","embeddable":true,"href":"https:\/\/diariotextual.com\/inicio\/index.php\/wp-json\/wp\/v2\/categories?post=321083"},{"taxonomy":"post_tag","embeddable":true,"href":"https:\/\/diariotextual.com\/inicio\/index.php\/wp-json\/wp\/v2\/tags?post=321083"}],"curies":[{"name":"wp","href":"https:\/\/api.w.org\/{rel}","templated":true}]}}