{"id":321092,"date":"2026-03-01T19:01:09","date_gmt":"2026-03-01T22:01:09","guid":{"rendered":"https:\/\/diariotextual.com\/inicio\/?p=321092"},"modified":"2026-03-01T22:22:39","modified_gmt":"2026-03-02T01:22:39","slug":"ziliotto-la-deuda-que-nacion-mantiene-con-la-pampa-se-destinara-a-arreglar-las-rutas-nacionales","status":"publish","type":"post","link":"https:\/\/diariotextual.com\/inicio\/index.php\/2026\/03\/01\/ziliotto-la-deuda-que-nacion-mantiene-con-la-pampa-se-destinara-a-arreglar-las-rutas-nacionales\/","title":{"rendered":"Ziliotto: la deuda que Naci\u00f3n mantiene con La Pampa se destinar\u00e1 a arreglar las rutas nacionales"},"content":{"rendered":"\n<p>El gobernador <strong>Sergio Ziliotto<\/strong> dijo este domingo, en su discurso de apertura de las sesiones ordinarias de la Legislatura, que la deuda que mantiene el Gobierno nacional con la provincia de La Pampa se destine a la reparaci\u00f3n de las rutas nacionales.&nbsp;<\/p>\n\n\n\n<p>&nbsp;\u201cEl grave y creciente deterioro de las rutas nacionales, que deriva el tr\u00e1nsito y sobrecarga a las provinciales, nos ocupan desde hace mucho tiempo. <strong>Ante ello, dise\u00f1amos un proyecto de un sistema de gesti\u00f3n vial estrat\u00e9gica para la provincia de La Pampa.<\/strong> Sobre un conjunto vial de 1400 kil\u00f3metros, de los cuales 600 son nacionales, y sobre las cuales circula el 80 % del tr\u00e1nsito vehicular\u201d, resalt\u00f3.<\/p>\n\n\n\n<p>&nbsp;En ese sentido, Ziliotto explic\u00f3 que recientemente se coincidi\u00f3 con el Gobierno nacional en \u201cdiscutir los t\u00e9rminos de un acuerdo que determine tareas y responsabilidades que asumir\u00eda\u201d cada parte. <strong>\u201cEl pago de la deuda con La Pampa originada en concepto de obras p\u00fablicas, ser\u00e1 destinado a la reparaci\u00f3n de nuestras rutas\u201d<\/strong>, resalt\u00f3.<\/p>\n\n\n\n<p>Ziliotto, adem\u00e1s, hizo <strong>una defensa de la presencia del Estado, en conjunto con el mercado, en La Pampa, en un mensaje al presidente Javier Milei y otras autoridades del Gobierno nacional que est\u00e1n propugnando el avance del mercado sobre lo p\u00fablico.<\/strong><\/p>\n\n\n\n<p><br>\u201cUno de los debates centrales que hoy atraviesa a la sociedad argentina es el rol que debe asumir el Estado. Conviven distintas visiones: desde quienes sostienen un Estado omnipresente hasta quienes propician su m\u00ednima expresi\u00f3n o incluso su retiro de funciones esenciales. Y, en el medio \u2014muchas veces padeciendo las consecuencias de esas tensiones\u2014, se encuentra la sociedad\u201d, dijo.<\/p>\n\n\n\n<p><br>\u201cSe discute la razonabilidad de pol\u00edticas p\u00fablicas basadas en miradas colectivas y en esquemas solidarios, incluso aquellas vinculadas con la salud, la educaci\u00f3n, la protecci\u00f3n social y la promoci\u00f3n productiva. Mientras se estigmatiza al Estado, se proponen soluciones individuales e intentan presentar como libertad absoluta lo que, en los hechos, puede convertirse en desigualdad consolidada\u201d, sostuvo. \u201cEsa es, a nuestro entender, una mirada equivocada. La libertad, por s\u00ed sola, no iguala: siempre tendr\u00e1 mayores oportunidades quien parte de una posici\u00f3n ventajosa. Si no se equilibra el punto de partida, esa libertad no ser\u00e1 para todos, y mucho menos para los sectores m\u00e1s vulnerables\u201d, expres\u00f3.<\/p>\n\n\n\n<p><br>\u201cEl \u00fanico actor con capacidad de garantizar condiciones de igualdad es el Estado. Esto no implica rechazar el mercado. En La Pampa lo promovemos activamente. No planteamos una dicotom\u00eda excluyente entre uno u otro: concebimos un esquema en el que Estado y mercado se complementan. Reconocemos al mercado como herramienta de crecimiento, de generaci\u00f3n de empleo y como impulsor del desarrollo\u201d, resalt\u00f3 Ziliotto.<\/p>\n\n\n\n<p><br>\u201cSin embargo, cuando surge una necesidad, la primera puerta que se golpea es la del Estado y, en muchos casos, es la \u00fanica disponible. Esta realidad se ha profundizado ante la creciente p\u00e9rdida del poder adquisitivo de los ingresos de la mayor\u00eda de la poblaci\u00f3n. Por eso, tambi\u00e9n en 2026 nuestras pol\u00edticas p\u00fablicas \u2014sociales y productivas\u2014 seguir\u00e1n ocupando un lugar central en la vida de la sociedad pampeana. Lo haremos, como siempre, con orden fiscal, compromiso social y una clara concepci\u00f3n productiva\u201d, dijo.<\/p>\n\n\n\n<p>Ziliotto fue recibido por la <strong>vicegobernadora Alicia Mayoral<\/strong> y, junto a la <strong>comisi\u00f3n de recepci\u00f3n<\/strong> integrada por legisladoras y legisladores, ingres\u00f3 al recinto donde, tras sus palabras, se dio por iniciado el <strong>a\u00f1o legislativo<\/strong>. En el recinto de sesiones se ubicaron <strong>funcionarios del Poder Judicial<\/strong>, <strong>legisladores nacionales<\/strong>, <strong>intendentes e intendentas<\/strong> y representantes de las <strong>fuerzas de seguridad provinciales y nacionales<\/strong> con asiento en <strong>La Pampa<\/strong>, entre otros invitados.<\/p>\n\n\n\n<p>En la <strong>apertura del per\u00edodo de sesiones ordinarias<\/strong> de la <strong>C\u00e1mara de Diputados<\/strong>, el gobernador centr\u00f3 su mensaje en el <strong>impulso a la producci\u00f3n<\/strong> como eje del <strong>desarrollo<\/strong> y la <strong>generaci\u00f3n de empleo<\/strong> en <strong>La Pampa<\/strong>.<\/p>\n\n\n\n<p>Entre los principales anuncios, confirm\u00f3 que desde el <strong>1\u00b0 de abril<\/strong> todos los <strong>nuevos cr\u00e9ditos<\/strong> destinados a <strong>inversi\u00f3n productiva<\/strong> que se tomen en el <strong>Banco de La Pampa<\/strong> ser\u00e1n <strong>bonificados<\/strong> y quedar\u00e1n <strong>exentos de Ingresos Brutos y Sellos<\/strong>. La medida implicar\u00e1 \u201cuna <strong>reducci\u00f3n real del 10 %<\/strong> en el costo del financiamiento para producir, disminuyendo el peso de las tasas bancarias y promoviendo mayor <strong>competitividad<\/strong>\u201d.<\/p>\n\n\n\n<p>Adem\u00e1s, adelant\u00f3 <strong>incentivos fiscales<\/strong> para el desarrollo del <strong>software<\/strong> y la provisi\u00f3n de insumos vinculados a la <strong>energ\u00eda distribuida<\/strong>. \u201cEstas actividades podr\u00e1n compensar la totalidad de los <strong>impuestos provinciales<\/strong> con lo abonado en <strong>salarios<\/strong> a trav\u00e9s del banco provincial, lo que permitir\u00e1 reducir a cero la <strong>presi\u00f3n tributaria efectiva<\/strong> en el \u00e1mbito provincial\u201d, detall\u00f3.<\/p>\n\n\n\n<p>El gobernador inform\u00f3 la creaci\u00f3n del <strong>R\u00e9gimen Provincial de Cr\u00e9dito Fiscal<\/strong> para el <strong>Fortalecimiento de la Educaci\u00f3n T\u00e9cnico Profesional<\/strong>. A trav\u00e9s de este esquema, \u201cel sector privado podr\u00e1 aportar recursos para la formaci\u00f3n de <strong>recurso humano calificado<\/strong>, alineado con las nuevas demandas tecnol\u00f3gicas, y computar esos aportes como <strong>cr\u00e9dito fiscal<\/strong> para pagar <strong>tributos provinciales<\/strong>\u201d.<\/p>\n\n\n\n<p>Tambi\u00e9n anunci\u00f3 <strong>financiamiento para pymes<\/strong> involucradas en la <strong>innovaci\u00f3n productiva<\/strong> y en la <strong>transici\u00f3n energ\u00e9tica<\/strong>, <strong>becas<\/strong> a estudiantes de la <strong>UNLPam<\/strong> en empresas de la <strong>econom\u00eda del conocimiento<\/strong>, y <strong>aportes<\/strong> para proyectos productivos surgidos del \u00e1mbito educativo.<\/p>\n\n\n\n<p>Agreg\u00f3 que se ampliar\u00e1 el <strong>Parque Alimentario de Santa Rosa<\/strong> y se crear\u00e1 el <strong>Parque de Actividades Econ\u00f3micas<\/strong> en <strong>General Pico<\/strong>.<\/p>\n\n\n\n<p>As\u00ed, el mandatario pampeano dio inicio este domingo al <strong>per\u00edodo de sesiones<\/strong> de la <strong>C\u00e1mara de Diputados de La Pampa<\/strong> correspondiente al <strong>ejercicio 2026<\/strong>.<\/p>\n\n\n\n<p><\/p>\n\n\n\n<figure class=\"wp-block-embed is-type-wp-embed is-provider-diario-textual wp-block-embed-diario-textual\"><div class=\"wp-block-embed__wrapper\">\n<blockquote class=\"wp-embedded-content\" data-secret=\"bDLdynNRsW\"><a href=\"https:\/\/diariotextual.com\/inicio\/index.php\/2026\/03\/01\/las-10-medidas-economicas-que-anuncio-ziliotto-exencion-de-iibb-para-creditos-capital-semilla-y-consorcios-viales\/\">Las 10 medidas econ\u00f3micas que anunci\u00f3 Ziliotto: exenci\u00f3n de IIBB para cr\u00e9ditos, capital semilla y consorcios viales<\/a><\/blockquote><iframe class=\"wp-embedded-content\" sandbox=\"allow-scripts\" security=\"restricted\" style=\"position: absolute; visibility: hidden;\" title=\"\u00abLas 10 medidas econ\u00f3micas que anunci\u00f3 Ziliotto: exenci\u00f3n de IIBB para cr\u00e9ditos, capital semilla y consorcios viales\u00bb \u2014 Diario Textual\" src=\"https:\/\/diariotextual.com\/inicio\/index.php\/2026\/03\/01\/las-10-medidas-economicas-que-anuncio-ziliotto-exencion-de-iibb-para-creditos-capital-semilla-y-consorcios-viales\/embed\/#?secret=r9xuZOtX7x#?secret=bDLdynNRsW\" data-secret=\"bDLdynNRsW\" width=\"600\" height=\"338\" frameborder=\"0\" marginwidth=\"0\" marginheight=\"0\" scrolling=\"no\"><\/iframe>\n<\/div><\/figure>\n\n\n\n<div class=\"wp-block-group is-nowrap is-layout-flex wp-container-core-group-is-layout-ad2f72ca wp-block-group-is-layout-flex\">\n<p><\/p>\n<\/div>\n\n\n\n<p><\/p>\n","protected":false},"excerpt":{"rendered":"<p>El gobernador Sergio Ziliotto dijo este domingo, en su discurso de apertura de las sesiones ordinarias de la Legislatura, que la deuda que mantiene el Gobierno nacional con la provincia&hellip;<\/p>\n","protected":false},"author":3,"featured_media":290328,"comment_status":"closed","ping_status":"open","sticky":false,"template":"","format":"standard","meta":{"_acf_changed":false,"footnotes":""},"categories":[10,12],"tags":[],"class_list":["post-321092","post","type-post","status-publish","format-standard","has-post-thumbnail","hentry","category-portada-2","category-sociedad"],"acf":[],"yoast_head":"<!-- This site is optimized with the Yoast SEO plugin v27.4 - https:\/\/yoast.com\/product\/yoast-seo-wordpress\/ -->\n<title>Ziliotto: la deuda que Naci\u00f3n mantiene con La Pampa se destinar\u00e1 a arreglar las rutas nacionales - Diario Textual<\/title>\n<meta name=\"robots\" content=\"index, follow, max-snippet:-1, max-image-preview:large, max-video-preview:-1\" \/>\n<link rel=\"canonical\" href=\"https:\/\/diariotextual.com\/inicio\/index.php\/2026\/03\/01\/ziliotto-la-deuda-que-nacion-mantiene-con-la-pampa-se-destinara-a-arreglar-las-rutas-nacionales\/\" \/>\n<meta property=\"og:locale\" content=\"es_ES\" \/>\n<meta property=\"og:type\" content=\"article\" \/>\n<meta property=\"og:title\" content=\"Ziliotto: la deuda que Naci\u00f3n mantiene con La Pampa se destinar\u00e1 a arreglar las rutas nacionales - Diario Textual\" \/>\n<meta property=\"og:description\" content=\"El gobernador Sergio Ziliotto dijo este domingo, en su discurso de apertura de las sesiones ordinarias de la Legislatura, que la deuda que mantiene el Gobierno nacional con la provincia&hellip;\" \/>\n<meta property=\"og:url\" content=\"https:\/\/diariotextual.com\/inicio\/index.php\/2026\/03\/01\/ziliotto-la-deuda-que-nacion-mantiene-con-la-pampa-se-destinara-a-arreglar-las-rutas-nacionales\/\" \/>\n<meta property=\"og:site_name\" content=\"Diario Textual\" \/>\n<meta property=\"article:publisher\" content=\"https:\/\/www.facebook.com\/eltextual\" \/>\n<meta property=\"article:published_time\" content=\"2026-03-01T22:01:09+00:00\" \/>\n<meta property=\"article:modified_time\" content=\"2026-03-02T01:22:39+00:00\" \/>\n<meta property=\"og:image\" content=\"https:\/\/diariotextual.com\/inicio\/wp-content\/uploads\/2025\/03\/rutanacional151rutarota2025-77.jpg\" \/>\n\t<meta property=\"og:image:width\" content=\"1300\" \/>\n\t<meta property=\"og:image:height\" content=\"975\" \/>\n\t<meta property=\"og:image:type\" content=\"image\/jpeg\" \/>\n<meta name=\"author\" content=\"Diario1 Diario1\" \/>\n<meta name=\"twitter:card\" content=\"summary_large_image\" \/>\n<meta name=\"twitter:creator\" content=\"@eltextual\" \/>\n<meta name=\"twitter:site\" content=\"@eltextual\" \/>\n<meta name=\"twitter:label1\" content=\"Escrito por\" \/>\n\t<meta name=\"twitter:data1\" content=\"Diario1 Diario1\" \/>\n\t<meta name=\"twitter:label2\" content=\"Tiempo de lectura\" \/>\n\t<meta name=\"twitter:data2\" content=\"5 minutos\" \/>\n<script type=\"application\/ld+json\" class=\"yoast-schema-graph\">{\"@context\":\"https:\\\/\\\/schema.org\",\"@graph\":[{\"@type\":\"Article\",\"@id\":\"https:\\\/\\\/diariotextual.com\\\/inicio\\\/index.php\\\/2026\\\/03\\\/01\\\/ziliotto-la-deuda-que-nacion-mantiene-con-la-pampa-se-destinara-a-arreglar-las-rutas-nacionales\\\/#article\",\"isPartOf\":{\"@id\":\"https:\\\/\\\/diariotextual.com\\\/inicio\\\/index.php\\\/2026\\\/03\\\/01\\\/ziliotto-la-deuda-que-nacion-mantiene-con-la-pampa-se-destinara-a-arreglar-las-rutas-nacionales\\\/\"},\"author\":{\"name\":\"Diario1 Diario1\",\"@id\":\"https:\\\/\\\/diariotextual.com\\\/inicio\\\/#\\\/schema\\\/person\\\/418fc4093c33e86ed41562db3508f958\"},\"headline\":\"Ziliotto: la deuda que Naci\u00f3n mantiene con La Pampa se destinar\u00e1 a arreglar las rutas nacionales\",\"datePublished\":\"2026-03-01T22:01:09+00:00\",\"dateModified\":\"2026-03-02T01:22:39+00:00\",\"mainEntityOfPage\":{\"@id\":\"https:\\\/\\\/diariotextual.com\\\/inicio\\\/index.php\\\/2026\\\/03\\\/01\\\/ziliotto-la-deuda-que-nacion-mantiene-con-la-pampa-se-destinara-a-arreglar-las-rutas-nacionales\\\/\"},\"wordCount\":957,\"publisher\":{\"@id\":\"https:\\\/\\\/diariotextual.com\\\/inicio\\\/#organization\"},\"image\":{\"@id\":\"https:\\\/\\\/diariotextual.com\\\/inicio\\\/index.php\\\/2026\\\/03\\\/01\\\/ziliotto-la-deuda-que-nacion-mantiene-con-la-pampa-se-destinara-a-arreglar-las-rutas-nacionales\\\/#primaryimage\"},\"thumbnailUrl\":\"https:\\\/\\\/diariotextual.com\\\/inicio\\\/wp-content\\\/uploads\\\/2025\\\/03\\\/rutanacional151rutarota2025-77.jpg\",\"articleSection\":[\"A - PORTADA2\",\"SOCIEDAD\"],\"inLanguage\":\"es\"},{\"@type\":\"WebPage\",\"@id\":\"https:\\\/\\\/diariotextual.com\\\/inicio\\\/index.php\\\/2026\\\/03\\\/01\\\/ziliotto-la-deuda-que-nacion-mantiene-con-la-pampa-se-destinara-a-arreglar-las-rutas-nacionales\\\/\",\"url\":\"https:\\\/\\\/diariotextual.com\\\/inicio\\\/index.php\\\/2026\\\/03\\\/01\\\/ziliotto-la-deuda-que-nacion-mantiene-con-la-pampa-se-destinara-a-arreglar-las-rutas-nacionales\\\/\",\"name\":\"Ziliotto: la deuda que Naci\u00f3n mantiene con La Pampa se destinar\u00e1 a arreglar las rutas nacionales - Diario Textual\",\"isPartOf\":{\"@id\":\"https:\\\/\\\/diariotextual.com\\\/inicio\\\/#website\"},\"primaryImageOfPage\":{\"@id\":\"https:\\\/\\\/diariotextual.com\\\/inicio\\\/index.php\\\/2026\\\/03\\\/01\\\/ziliotto-la-deuda-que-nacion-mantiene-con-la-pampa-se-destinara-a-arreglar-las-rutas-nacionales\\\/#primaryimage\"},\"image\":{\"@id\":\"https:\\\/\\\/diariotextual.com\\\/inicio\\\/index.php\\\/2026\\\/03\\\/01\\\/ziliotto-la-deuda-que-nacion-mantiene-con-la-pampa-se-destinara-a-arreglar-las-rutas-nacionales\\\/#primaryimage\"},\"thumbnailUrl\":\"https:\\\/\\\/diariotextual.com\\\/inicio\\\/wp-content\\\/uploads\\\/2025\\\/03\\\/rutanacional151rutarota2025-77.jpg\",\"datePublished\":\"2026-03-01T22:01:09+00:00\",\"dateModified\":\"2026-03-02T01:22:39+00:00\",\"breadcrumb\":{\"@id\":\"https:\\\/\\\/diariotextual.com\\\/inicio\\\/index.php\\\/2026\\\/03\\\/01\\\/ziliotto-la-deuda-que-nacion-mantiene-con-la-pampa-se-destinara-a-arreglar-las-rutas-nacionales\\\/#breadcrumb\"},\"inLanguage\":\"es\",\"potentialAction\":[{\"@type\":\"ReadAction\",\"target\":[\"https:\\\/\\\/diariotextual.com\\\/inicio\\\/index.php\\\/2026\\\/03\\\/01\\\/ziliotto-la-deuda-que-nacion-mantiene-con-la-pampa-se-destinara-a-arreglar-las-rutas-nacionales\\\/\"]}]},{\"@type\":\"ImageObject\",\"inLanguage\":\"es\",\"@id\":\"https:\\\/\\\/diariotextual.com\\\/inicio\\\/index.php\\\/2026\\\/03\\\/01\\\/ziliotto-la-deuda-que-nacion-mantiene-con-la-pampa-se-destinara-a-arreglar-las-rutas-nacionales\\\/#primaryimage\",\"url\":\"https:\\\/\\\/diariotextual.com\\\/inicio\\\/wp-content\\\/uploads\\\/2025\\\/03\\\/rutanacional151rutarota2025-77.jpg\",\"contentUrl\":\"https:\\\/\\\/diariotextual.com\\\/inicio\\\/wp-content\\\/uploads\\\/2025\\\/03\\\/rutanacional151rutarota2025-77.jpg\",\"width\":1300,\"height\":975},{\"@type\":\"BreadcrumbList\",\"@id\":\"https:\\\/\\\/diariotextual.com\\\/inicio\\\/index.php\\\/2026\\\/03\\\/01\\\/ziliotto-la-deuda-que-nacion-mantiene-con-la-pampa-se-destinara-a-arreglar-las-rutas-nacionales\\\/#breadcrumb\",\"itemListElement\":[{\"@type\":\"ListItem\",\"position\":1,\"name\":\"Portada\",\"item\":\"https:\\\/\\\/diariotextual.com\\\/inicio\\\/\"},{\"@type\":\"ListItem\",\"position\":2,\"name\":\"Ziliotto: la deuda que Naci\u00f3n mantiene con La Pampa se destinar\u00e1 a arreglar las rutas nacionales\"}]},{\"@type\":\"WebSite\",\"@id\":\"https:\\\/\\\/diariotextual.com\\\/inicio\\\/#website\",\"url\":\"https:\\\/\\\/diariotextual.com\\\/inicio\\\/\",\"name\":\"Diario Textual\",\"description\":\"\",\"publisher\":{\"@id\":\"https:\\\/\\\/diariotextual.com\\\/inicio\\\/#organization\"},\"potentialAction\":[{\"@type\":\"SearchAction\",\"target\":{\"@type\":\"EntryPoint\",\"urlTemplate\":\"https:\\\/\\\/diariotextual.com\\\/inicio\\\/?s={search_term_string}\"},\"query-input\":{\"@type\":\"PropertyValueSpecification\",\"valueRequired\":true,\"valueName\":\"search_term_string\"}}],\"inLanguage\":\"es\"},{\"@type\":\"Organization\",\"@id\":\"https:\\\/\\\/diariotextual.com\\\/inicio\\\/#organization\",\"name\":\"Diario Textual\",\"url\":\"https:\\\/\\\/diariotextual.com\\\/inicio\\\/\",\"logo\":{\"@type\":\"ImageObject\",\"inLanguage\":\"es\",\"@id\":\"https:\\\/\\\/diariotextual.com\\\/inicio\\\/#\\\/schema\\\/logo\\\/image\\\/\",\"url\":\"https:\\\/\\\/diariotextual.com\\\/inicio\\\/wp-content\\\/uploads\\\/2023\\\/05\\\/logotextual1.jpg\",\"contentUrl\":\"https:\\\/\\\/diariotextual.com\\\/inicio\\\/wp-content\\\/uploads\\\/2023\\\/05\\\/logotextual1.jpg\",\"width\":516,\"height\":76,\"caption\":\"Diario Textual\"},\"image\":{\"@id\":\"https:\\\/\\\/diariotextual.com\\\/inicio\\\/#\\\/schema\\\/logo\\\/image\\\/\"},\"sameAs\":[\"https:\\\/\\\/www.facebook.com\\\/eltextual\",\"https:\\\/\\\/x.com\\\/eltextual\",\"http:\\\/\\\/www.instagram.com\\\/eltextual\"]},{\"@type\":\"Person\",\"@id\":\"https:\\\/\\\/diariotextual.com\\\/inicio\\\/#\\\/schema\\\/person\\\/418fc4093c33e86ed41562db3508f958\",\"name\":\"Diario1 Diario1\",\"image\":{\"@type\":\"ImageObject\",\"inLanguage\":\"es\",\"@id\":\"https:\\\/\\\/secure.gravatar.com\\\/avatar\\\/9167d280179c85bc18be67aa7eda765854300033af4896dd779b608640f2ef7a?s=96&d=mm&r=g\",\"url\":\"https:\\\/\\\/secure.gravatar.com\\\/avatar\\\/9167d280179c85bc18be67aa7eda765854300033af4896dd779b608640f2ef7a?s=96&d=mm&r=g\",\"contentUrl\":\"https:\\\/\\\/secure.gravatar.com\\\/avatar\\\/9167d280179c85bc18be67aa7eda765854300033af4896dd779b608640f2ef7a?s=96&d=mm&r=g\",\"caption\":\"Diario1 Diario1\"},\"url\":\"https:\\\/\\\/diariotextual.com\\\/inicio\\\/index.php\\\/author\\\/diario1\\\/\"}]}<\/script>\n<!-- \/ Yoast SEO plugin. -->","yoast_head_json":{"title":"Ziliotto: la deuda que Naci\u00f3n mantiene con La Pampa se destinar\u00e1 a arreglar las rutas nacionales - Diario Textual","robots":{"index":"index","follow":"follow","max-snippet":"max-snippet:-1","max-image-preview":"max-image-preview:large","max-video-preview":"max-video-preview:-1"},"canonical":"https:\/\/diariotextual.com\/inicio\/index.php\/2026\/03\/01\/ziliotto-la-deuda-que-nacion-mantiene-con-la-pampa-se-destinara-a-arreglar-las-rutas-nacionales\/","og_locale":"es_ES","og_type":"article","og_title":"Ziliotto: la deuda que Naci\u00f3n mantiene con La Pampa se destinar\u00e1 a arreglar las rutas nacionales - Diario Textual","og_description":"El gobernador Sergio Ziliotto dijo este domingo, en su discurso de apertura de las sesiones ordinarias de la Legislatura, que la deuda que mantiene el Gobierno nacional con la provincia&hellip;","og_url":"https:\/\/diariotextual.com\/inicio\/index.php\/2026\/03\/01\/ziliotto-la-deuda-que-nacion-mantiene-con-la-pampa-se-destinara-a-arreglar-las-rutas-nacionales\/","og_site_name":"Diario Textual","article_publisher":"https:\/\/www.facebook.com\/eltextual","article_published_time":"2026-03-01T22:01:09+00:00","article_modified_time":"2026-03-02T01:22:39+00:00","og_image":[{"width":1300,"height":975,"url":"https:\/\/diariotextual.com\/inicio\/wp-content\/uploads\/2025\/03\/rutanacional151rutarota2025-77.jpg","type":"image\/jpeg"}],"author":"Diario1 Diario1","twitter_card":"summary_large_image","twitter_creator":"@eltextual","twitter_site":"@eltextual","twitter_misc":{"Escrito por":"Diario1 Diario1","Tiempo de lectura":"5 minutos"},"schema":{"@context":"https:\/\/schema.org","@graph":[{"@type":"Article","@id":"https:\/\/diariotextual.com\/inicio\/index.php\/2026\/03\/01\/ziliotto-la-deuda-que-nacion-mantiene-con-la-pampa-se-destinara-a-arreglar-las-rutas-nacionales\/#article","isPartOf":{"@id":"https:\/\/diariotextual.com\/inicio\/index.php\/2026\/03\/01\/ziliotto-la-deuda-que-nacion-mantiene-con-la-pampa-se-destinara-a-arreglar-las-rutas-nacionales\/"},"author":{"name":"Diario1 Diario1","@id":"https:\/\/diariotextual.com\/inicio\/#\/schema\/person\/418fc4093c33e86ed41562db3508f958"},"headline":"Ziliotto: la deuda que Naci\u00f3n mantiene con La Pampa se destinar\u00e1 a arreglar las rutas nacionales","datePublished":"2026-03-01T22:01:09+00:00","dateModified":"2026-03-02T01:22:39+00:00","mainEntityOfPage":{"@id":"https:\/\/diariotextual.com\/inicio\/index.php\/2026\/03\/01\/ziliotto-la-deuda-que-nacion-mantiene-con-la-pampa-se-destinara-a-arreglar-las-rutas-nacionales\/"},"wordCount":957,"publisher":{"@id":"https:\/\/diariotextual.com\/inicio\/#organization"},"image":{"@id":"https:\/\/diariotextual.com\/inicio\/index.php\/2026\/03\/01\/ziliotto-la-deuda-que-nacion-mantiene-con-la-pampa-se-destinara-a-arreglar-las-rutas-nacionales\/#primaryimage"},"thumbnailUrl":"https:\/\/diariotextual.com\/inicio\/wp-content\/uploads\/2025\/03\/rutanacional151rutarota2025-77.jpg","articleSection":["A - PORTADA2","SOCIEDAD"],"inLanguage":"es"},{"@type":"WebPage","@id":"https:\/\/diariotextual.com\/inicio\/index.php\/2026\/03\/01\/ziliotto-la-deuda-que-nacion-mantiene-con-la-pampa-se-destinara-a-arreglar-las-rutas-nacionales\/","url":"https:\/\/diariotextual.com\/inicio\/index.php\/2026\/03\/01\/ziliotto-la-deuda-que-nacion-mantiene-con-la-pampa-se-destinara-a-arreglar-las-rutas-nacionales\/","name":"Ziliotto: la deuda que Naci\u00f3n mantiene con La Pampa se destinar\u00e1 a arreglar las rutas nacionales - Diario Textual","isPartOf":{"@id":"https:\/\/diariotextual.com\/inicio\/#website"},"primaryImageOfPage":{"@id":"https:\/\/diariotextual.com\/inicio\/index.php\/2026\/03\/01\/ziliotto-la-deuda-que-nacion-mantiene-con-la-pampa-se-destinara-a-arreglar-las-rutas-nacionales\/#primaryimage"},"image":{"@id":"https:\/\/diariotextual.com\/inicio\/index.php\/2026\/03\/01\/ziliotto-la-deuda-que-nacion-mantiene-con-la-pampa-se-destinara-a-arreglar-las-rutas-nacionales\/#primaryimage"},"thumbnailUrl":"https:\/\/diariotextual.com\/inicio\/wp-content\/uploads\/2025\/03\/rutanacional151rutarota2025-77.jpg","datePublished":"2026-03-01T22:01:09+00:00","dateModified":"2026-03-02T01:22:39+00:00","breadcrumb":{"@id":"https:\/\/diariotextual.com\/inicio\/index.php\/2026\/03\/01\/ziliotto-la-deuda-que-nacion-mantiene-con-la-pampa-se-destinara-a-arreglar-las-rutas-nacionales\/#breadcrumb"},"inLanguage":"es","potentialAction":[{"@type":"ReadAction","target":["https:\/\/diariotextual.com\/inicio\/index.php\/2026\/03\/01\/ziliotto-la-deuda-que-nacion-mantiene-con-la-pampa-se-destinara-a-arreglar-las-rutas-nacionales\/"]}]},{"@type":"ImageObject","inLanguage":"es","@id":"https:\/\/diariotextual.com\/inicio\/index.php\/2026\/03\/01\/ziliotto-la-deuda-que-nacion-mantiene-con-la-pampa-se-destinara-a-arreglar-las-rutas-nacionales\/#primaryimage","url":"https:\/\/diariotextual.com\/inicio\/wp-content\/uploads\/2025\/03\/rutanacional151rutarota2025-77.jpg","contentUrl":"https:\/\/diariotextual.com\/inicio\/wp-content\/uploads\/2025\/03\/rutanacional151rutarota2025-77.jpg","width":1300,"height":975},{"@type":"BreadcrumbList","@id":"https:\/\/diariotextual.com\/inicio\/index.php\/2026\/03\/01\/ziliotto-la-deuda-que-nacion-mantiene-con-la-pampa-se-destinara-a-arreglar-las-rutas-nacionales\/#breadcrumb","itemListElement":[{"@type":"ListItem","position":1,"name":"Portada","item":"https:\/\/diariotextual.com\/inicio\/"},{"@type":"ListItem","position":2,"name":"Ziliotto: la deuda que Naci\u00f3n mantiene con La Pampa se destinar\u00e1 a arreglar las rutas nacionales"}]},{"@type":"WebSite","@id":"https:\/\/diariotextual.com\/inicio\/#website","url":"https:\/\/diariotextual.com\/inicio\/","name":"Diario Textual","description":"","publisher":{"@id":"https:\/\/diariotextual.com\/inicio\/#organization"},"potentialAction":[{"@type":"SearchAction","target":{"@type":"EntryPoint","urlTemplate":"https:\/\/diariotextual.com\/inicio\/?s={search_term_string}"},"query-input":{"@type":"PropertyValueSpecification","valueRequired":true,"valueName":"search_term_string"}}],"inLanguage":"es"},{"@type":"Organization","@id":"https:\/\/diariotextual.com\/inicio\/#organization","name":"Diario Textual","url":"https:\/\/diariotextual.com\/inicio\/","logo":{"@type":"ImageObject","inLanguage":"es","@id":"https:\/\/diariotextual.com\/inicio\/#\/schema\/logo\/image\/","url":"https:\/\/diariotextual.com\/inicio\/wp-content\/uploads\/2023\/05\/logotextual1.jpg","contentUrl":"https:\/\/diariotextual.com\/inicio\/wp-content\/uploads\/2023\/05\/logotextual1.jpg","width":516,"height":76,"caption":"Diario Textual"},"image":{"@id":"https:\/\/diariotextual.com\/inicio\/#\/schema\/logo\/image\/"},"sameAs":["https:\/\/www.facebook.com\/eltextual","https:\/\/x.com\/eltextual","http:\/\/www.instagram.com\/eltextual"]},{"@type":"Person","@id":"https:\/\/diariotextual.com\/inicio\/#\/schema\/person\/418fc4093c33e86ed41562db3508f958","name":"Diario1 Diario1","image":{"@type":"ImageObject","inLanguage":"es","@id":"https:\/\/secure.gravatar.com\/avatar\/9167d280179c85bc18be67aa7eda765854300033af4896dd779b608640f2ef7a?s=96&d=mm&r=g","url":"https:\/\/secure.gravatar.com\/avatar\/9167d280179c85bc18be67aa7eda765854300033af4896dd779b608640f2ef7a?s=96&d=mm&r=g","contentUrl":"https:\/\/secure.gravatar.com\/avatar\/9167d280179c85bc18be67aa7eda765854300033af4896dd779b608640f2ef7a?s=96&d=mm&r=g","caption":"Diario1 Diario1"},"url":"https:\/\/diariotextual.com\/inicio\/index.php\/author\/diario1\/"}]}},"_links":{"self":[{"href":"https:\/\/diariotextual.com\/inicio\/index.php\/wp-json\/wp\/v2\/posts\/321092","targetHints":{"allow":["GET"]}}],"collection":[{"href":"https:\/\/diariotextual.com\/inicio\/index.php\/wp-json\/wp\/v2\/posts"}],"about":[{"href":"https:\/\/diariotextual.com\/inicio\/index.php\/wp-json\/wp\/v2\/types\/post"}],"author":[{"embeddable":true,"href":"https:\/\/diariotextual.com\/inicio\/index.php\/wp-json\/wp\/v2\/users\/3"}],"replies":[{"embeddable":true,"href":"https:\/\/diariotextual.com\/inicio\/index.php\/wp-json\/wp\/v2\/comments?post=321092"}],"version-history":[{"count":2,"href":"https:\/\/diariotextual.com\/inicio\/index.php\/wp-json\/wp\/v2\/posts\/321092\/revisions"}],"predecessor-version":[{"id":321111,"href":"https:\/\/diariotextual.com\/inicio\/index.php\/wp-json\/wp\/v2\/posts\/321092\/revisions\/321111"}],"wp:featuredmedia":[{"embeddable":true,"href":"https:\/\/diariotextual.com\/inicio\/index.php\/wp-json\/wp\/v2\/media\/290328"}],"wp:attachment":[{"href":"https:\/\/diariotextual.com\/inicio\/index.php\/wp-json\/wp\/v2\/media?parent=321092"}],"wp:term":[{"taxonomy":"category","embeddable":true,"href":"https:\/\/diariotextual.com\/inicio\/index.php\/wp-json\/wp\/v2\/categories?post=321092"},{"taxonomy":"post_tag","embeddable":true,"href":"https:\/\/diariotextual.com\/inicio\/index.php\/wp-json\/wp\/v2\/tags?post=321092"}],"curies":[{"name":"wp","href":"https:\/\/api.w.org\/{rel}","templated":true}]}}