{"id":321178,"date":"2026-03-02T12:10:36","date_gmt":"2026-03-02T15:10:36","guid":{"rendered":"https:\/\/diariotextual.com\/inicio\/?p=321178"},"modified":"2026-03-03T09:43:48","modified_gmt":"2026-03-03T12:43:48","slug":"pico-alonso-abrio-el-periodo-de-sesiones-del-concejo-y-estos-son-sus-10-anuncios-mas-importantes","status":"publish","type":"post","link":"https:\/\/diariotextual.com\/inicio\/index.php\/2026\/03\/02\/pico-alonso-abrio-el-periodo-de-sesiones-del-concejo-y-estos-son-sus-10-anuncios-mas-importantes\/","title":{"rendered":"Pico: Alonso abri\u00f3 el periodo de sesiones del concejo y estos son sus 10 anuncios m\u00e1s importantes"},"content":{"rendered":"\n<p>La intendenta Fernanda Alonso encabez\u00f3 en la ma\u00f1ana de este lunes 2 la apertura del per\u00edodo de sesiones ordinarias que se llev\u00f3 a cabo en el Concejo Deliberante de General Pico. La misma pudo ser seguida a trav\u00e9s de una pantalla ubicada en el exterior del recinto y de las redes sociales del cuerpo deliberativo.<\/p>\n\n\n\n<p>La jefa comunal ofreci\u00f3 en su alocuci\u00f3n un balance de los logros alcanzados durante 2025 y expuso lo que se proyecta para el presente a\u00f1o desde el Poder Ejecutivo.<\/p>\n\n\n\n<p>Estuvieron presentes junto a la mandataria piquense, la vicegobernadora de La Pampa, Alicia Mayoral; diputados y diputadas provinciales; el presidente del Concejo Deliberante, Alberto Campo; intendentes de localidades aleda\u00f1as; concejales y concejalas; autoridades policiales, militares y del Poder Judicial; funcionarios del Departamento Ejecutivo provincial y municipal; representantes de instituciones intermedias; y p\u00fablico en general.<\/p>\n\n\n\n<p>Estos son los 10 anuncios m\u00e1s destacados que marcar\u00e1n la agenda de la Municipalidad de General Pico durante este 2026:<\/p>\n\n\n\n<p><strong>1. Nueva infraestructura en espacios verdes<br><\/strong>Se construir\u00e1 e iluminar\u00e1 un&nbsp;<strong>sendero principal en el Paseo Ferroviario<\/strong>. Adem\u00e1s, se incorporar\u00e1n estaciones sustentables y una nueva estaci\u00f3n transformadora en el Parque Urbano, consolidando estos pulmones verdes de la ciudad.<\/p>\n\n\n\n<p><strong>2. Puesta en valor de la Avenida San Mart\u00edn<br><\/strong>Tal como se realiz\u00f3 en otros tramos, el municipio avanzar\u00e1 con la&nbsp;<strong>renovaci\u00f3n y puesta en valor del bulevar de la Avenida San Mart\u00edn<\/strong>, abarcando los sectores que van desde las calles 21 a 27 y de 1 a 107.<\/p>\n\n\n\n<p><strong>3. M\u00e1s iluminaci\u00f3n LED para los barrios<br><\/strong>Con el objetivo de mejorar la seguridad y la eficiencia energ\u00e9tica, se colocar\u00e1n&nbsp;<strong>400 nuevas columnas de iluminaci\u00f3n LED<\/strong>, lo que se traducir\u00e1 en m\u00e1s de 130 nuevas cuadras iluminadas con esta tecnolog\u00eda en distintos puntos de General Pico.<\/p>\n\n\n\n<p><strong>4. Gesti\u00f3n de obras de saneamiento ante el CFI<br><\/strong>La intendenta se comprometi\u00f3 a gestionar ante el Consejo Federal de Inversiones (CFI) los proyectos t\u00e9cnicos necesarios para ejecutar&nbsp;<strong>obras de cloacas, agua potable y desag\u00fces pluviales<\/strong>&nbsp;que beneficiar\u00e1n a los sectores norte, sur, este y oeste de la ciudad.<\/p>\n\n\n\n<p><strong>5. Creaci\u00f3n del primer Centro de D\u00eda para personas mayores<br><\/strong>En respuesta a los cambios demogr\u00e1ficos, se crear\u00e1 un espacio orientado al envejecimiento activo y al abordaje de la soledad no deseada, brindando contenci\u00f3n a un sector que representa el 18% de la poblaci\u00f3n piquense.<\/p>\n\n\n\n<p><strong>6. Programa de Alquiler Social y Solidario (PAS)<br><\/strong>Para hacer frente al d\u00e9ficit habitacional, el municipio pondr\u00e1 en marcha este nuevo programa. Se tratar\u00e1 de un&nbsp;<strong>esquema tripartito entre familias, propietarios y el Estado municipal<\/strong>&nbsp;dise\u00f1ado para sortear las barreras econ\u00f3micas en el acceso a una vivienda de alquiler.<\/p>\n\n\n\n<p><strong>7. Modernizaci\u00f3n del tr\u00e1nsito y 24 nuevas c\u00e1maras de fotomultas<br><\/strong>En materia de seguridad vial, se anunci\u00f3 la&nbsp;<strong>incorporaci\u00f3n de 24 nuevas c\u00e1maras de fotomultas<\/strong>, la ampliaci\u00f3n del sistema de estacionamiento medido y la centralizaci\u00f3n del tr\u00e1mite de la Licencia de Conducir. Alonso aclar\u00f3 enf\u00e1ticamente que estas medidas \u201cno tienen un fin recaudatorio, sino preventivo\u201d.<\/p>\n\n\n\n<p><strong>8. Digitalizaci\u00f3n total de expedientes<br><\/strong>Avanzando en el plan de modernizaci\u00f3n del Estado y despapelizaci\u00f3n, a partir de este a\u00f1o&nbsp;<strong>la totalidad de los expedientes que ingresen o salgan del municipio ser\u00e1n 100% digitales<\/strong>, lo que agilizar\u00e1 los tiempos administrativos y reducir\u00e1 costos.<\/p>\n\n\n\n<p><strong>9. Nuevo patio gastron\u00f3mico en Plaza de los Leones<br><\/strong>Para fomentar el desarrollo econ\u00f3mico local y ordenar la actividad en el espacio p\u00fablico, se habilitar\u00e1 un&nbsp;<strong>patio gastron\u00f3mico con capacidad para 9&nbsp;<em>food trucks<\/em><\/strong>&nbsp;en la emblem\u00e1tica Plaza de los Leones.<\/p>\n\n\n\n<p><strong>10. Digitalizaci\u00f3n de habilitaciones y nuevo sistema en el cementerio<br><\/strong>El municipio digitalizar\u00e1 todo el proceso de&nbsp;<strong>habilitaciones comerciales<\/strong>&nbsp;para facilitar la radicaci\u00f3n de negocios. A su vez, se desarrollar\u00e1 un&nbsp;<strong>nuevo sistema de gesti\u00f3n integral para el cementerio municipal<\/strong>, el cual agilizar\u00e1 la b\u00fasqueda, los arrendamientos y los tr\u00e1mites para las familias.<\/p>\n\n\n\n<p><\/p>\n","protected":false},"excerpt":{"rendered":"<p>La intendenta Fernanda Alonso encabez\u00f3 en la ma\u00f1ana de este lunes 2 la apertura del per\u00edodo de sesiones ordinarias que se llev\u00f3 a cabo en el Concejo Deliberante de General&hellip;<\/p>\n","protected":false},"author":3,"featured_media":321180,"comment_status":"closed","ping_status":"open","sticky":false,"template":"","format":"standard","meta":{"_acf_changed":false,"footnotes":""},"categories":[1,8],"tags":[],"class_list":["post-321178","post","type-post","status-publish","format-standard","has-post-thumbnail","hentry","category-es-noticia","category-politica"],"acf":[],"yoast_head":"<!-- This site is optimized with the Yoast SEO plugin v27.5 - https:\/\/yoast.com\/product\/yoast-seo-wordpress\/ -->\n<title>Pico: Alonso abri\u00f3 el periodo de sesiones del concejo y estos son sus 10 anuncios m\u00e1s importantes - Diario Textual<\/title>\n<meta name=\"robots\" content=\"index, follow, max-snippet:-1, max-image-preview:large, max-video-preview:-1\" \/>\n<link rel=\"canonical\" href=\"https:\/\/diariotextual.com\/inicio\/index.php\/2026\/03\/02\/pico-alonso-abrio-el-periodo-de-sesiones-del-concejo-y-estos-son-sus-10-anuncios-mas-importantes\/\" \/>\n<meta property=\"og:locale\" content=\"es_ES\" \/>\n<meta property=\"og:type\" content=\"article\" \/>\n<meta property=\"og:title\" content=\"Pico: Alonso abri\u00f3 el periodo de sesiones del concejo y estos son sus 10 anuncios m\u00e1s importantes - Diario Textual\" \/>\n<meta property=\"og:description\" content=\"La intendenta Fernanda Alonso encabez\u00f3 en la ma\u00f1ana de este lunes 2 la apertura del per\u00edodo de sesiones ordinarias que se llev\u00f3 a cabo en el Concejo Deliberante de General&hellip;\" \/>\n<meta property=\"og:url\" content=\"https:\/\/diariotextual.com\/inicio\/index.php\/2026\/03\/02\/pico-alonso-abrio-el-periodo-de-sesiones-del-concejo-y-estos-son-sus-10-anuncios-mas-importantes\/\" \/>\n<meta property=\"og:site_name\" content=\"Diario Textual\" \/>\n<meta property=\"article:publisher\" content=\"https:\/\/www.facebook.com\/eltextual\" \/>\n<meta property=\"article:published_time\" content=\"2026-03-02T15:10:36+00:00\" \/>\n<meta property=\"article:modified_time\" content=\"2026-03-03T12:43:48+00:00\" \/>\n<meta property=\"og:image\" content=\"https:\/\/diariotextual.com\/inicio\/wp-content\/uploads\/2026\/03\/alonsofernanda2026-100.jpg\" \/>\n\t<meta property=\"og:image:width\" content=\"1200\" \/>\n\t<meta property=\"og:image:height\" content=\"798\" \/>\n\t<meta property=\"og:image:type\" content=\"image\/jpeg\" \/>\n<meta name=\"author\" content=\"Diario1 Diario1\" \/>\n<meta name=\"twitter:card\" content=\"summary_large_image\" \/>\n<meta name=\"twitter:creator\" content=\"@eltextual\" \/>\n<meta name=\"twitter:site\" content=\"@eltextual\" \/>\n<meta name=\"twitter:label1\" content=\"Escrito por\" \/>\n\t<meta name=\"twitter:data1\" content=\"Diario1 Diario1\" \/>\n\t<meta name=\"twitter:label2\" content=\"Tiempo de lectura\" \/>\n\t<meta name=\"twitter:data2\" content=\"4 minutos\" \/>\n<script type=\"application\/ld+json\" class=\"yoast-schema-graph\">{\"@context\":\"https:\\\/\\\/schema.org\",\"@graph\":[{\"@type\":\"Article\",\"@id\":\"https:\\\/\\\/diariotextual.com\\\/inicio\\\/index.php\\\/2026\\\/03\\\/02\\\/pico-alonso-abrio-el-periodo-de-sesiones-del-concejo-y-estos-son-sus-10-anuncios-mas-importantes\\\/#article\",\"isPartOf\":{\"@id\":\"https:\\\/\\\/diariotextual.com\\\/inicio\\\/index.php\\\/2026\\\/03\\\/02\\\/pico-alonso-abrio-el-periodo-de-sesiones-del-concejo-y-estos-son-sus-10-anuncios-mas-importantes\\\/\"},\"author\":{\"name\":\"Diario1 Diario1\",\"@id\":\"https:\\\/\\\/diariotextual.com\\\/inicio\\\/#\\\/schema\\\/person\\\/418fc4093c33e86ed41562db3508f958\"},\"headline\":\"Pico: Alonso abri\u00f3 el periodo de sesiones del concejo y estos son sus 10 anuncios m\u00e1s importantes\",\"datePublished\":\"2026-03-02T15:10:36+00:00\",\"dateModified\":\"2026-03-03T12:43:48+00:00\",\"mainEntityOfPage\":{\"@id\":\"https:\\\/\\\/diariotextual.com\\\/inicio\\\/index.php\\\/2026\\\/03\\\/02\\\/pico-alonso-abrio-el-periodo-de-sesiones-del-concejo-y-estos-son-sus-10-anuncios-mas-importantes\\\/\"},\"wordCount\":691,\"publisher\":{\"@id\":\"https:\\\/\\\/diariotextual.com\\\/inicio\\\/#organization\"},\"image\":{\"@id\":\"https:\\\/\\\/diariotextual.com\\\/inicio\\\/index.php\\\/2026\\\/03\\\/02\\\/pico-alonso-abrio-el-periodo-de-sesiones-del-concejo-y-estos-son-sus-10-anuncios-mas-importantes\\\/#primaryimage\"},\"thumbnailUrl\":\"https:\\\/\\\/diariotextual.com\\\/inicio\\\/wp-content\\\/uploads\\\/2026\\\/03\\\/alonsofernanda2026-100.jpg\",\"articleSection\":[\"A - ES NOTICIA (van abajo)\",\"POLITICA\"],\"inLanguage\":\"es\"},{\"@type\":\"WebPage\",\"@id\":\"https:\\\/\\\/diariotextual.com\\\/inicio\\\/index.php\\\/2026\\\/03\\\/02\\\/pico-alonso-abrio-el-periodo-de-sesiones-del-concejo-y-estos-son-sus-10-anuncios-mas-importantes\\\/\",\"url\":\"https:\\\/\\\/diariotextual.com\\\/inicio\\\/index.php\\\/2026\\\/03\\\/02\\\/pico-alonso-abrio-el-periodo-de-sesiones-del-concejo-y-estos-son-sus-10-anuncios-mas-importantes\\\/\",\"name\":\"Pico: Alonso abri\u00f3 el periodo de sesiones del concejo y estos son sus 10 anuncios m\u00e1s importantes - Diario Textual\",\"isPartOf\":{\"@id\":\"https:\\\/\\\/diariotextual.com\\\/inicio\\\/#website\"},\"primaryImageOfPage\":{\"@id\":\"https:\\\/\\\/diariotextual.com\\\/inicio\\\/index.php\\\/2026\\\/03\\\/02\\\/pico-alonso-abrio-el-periodo-de-sesiones-del-concejo-y-estos-son-sus-10-anuncios-mas-importantes\\\/#primaryimage\"},\"image\":{\"@id\":\"https:\\\/\\\/diariotextual.com\\\/inicio\\\/index.php\\\/2026\\\/03\\\/02\\\/pico-alonso-abrio-el-periodo-de-sesiones-del-concejo-y-estos-son-sus-10-anuncios-mas-importantes\\\/#primaryimage\"},\"thumbnailUrl\":\"https:\\\/\\\/diariotextual.com\\\/inicio\\\/wp-content\\\/uploads\\\/2026\\\/03\\\/alonsofernanda2026-100.jpg\",\"datePublished\":\"2026-03-02T15:10:36+00:00\",\"dateModified\":\"2026-03-03T12:43:48+00:00\",\"breadcrumb\":{\"@id\":\"https:\\\/\\\/diariotextual.com\\\/inicio\\\/index.php\\\/2026\\\/03\\\/02\\\/pico-alonso-abrio-el-periodo-de-sesiones-del-concejo-y-estos-son-sus-10-anuncios-mas-importantes\\\/#breadcrumb\"},\"inLanguage\":\"es\",\"potentialAction\":[{\"@type\":\"ReadAction\",\"target\":[\"https:\\\/\\\/diariotextual.com\\\/inicio\\\/index.php\\\/2026\\\/03\\\/02\\\/pico-alonso-abrio-el-periodo-de-sesiones-del-concejo-y-estos-son-sus-10-anuncios-mas-importantes\\\/\"]}]},{\"@type\":\"ImageObject\",\"inLanguage\":\"es\",\"@id\":\"https:\\\/\\\/diariotextual.com\\\/inicio\\\/index.php\\\/2026\\\/03\\\/02\\\/pico-alonso-abrio-el-periodo-de-sesiones-del-concejo-y-estos-son-sus-10-anuncios-mas-importantes\\\/#primaryimage\",\"url\":\"https:\\\/\\\/diariotextual.com\\\/inicio\\\/wp-content\\\/uploads\\\/2026\\\/03\\\/alonsofernanda2026-100.jpg\",\"contentUrl\":\"https:\\\/\\\/diariotextual.com\\\/inicio\\\/wp-content\\\/uploads\\\/2026\\\/03\\\/alonsofernanda2026-100.jpg\",\"width\":1200,\"height\":798},{\"@type\":\"BreadcrumbList\",\"@id\":\"https:\\\/\\\/diariotextual.com\\\/inicio\\\/index.php\\\/2026\\\/03\\\/02\\\/pico-alonso-abrio-el-periodo-de-sesiones-del-concejo-y-estos-son-sus-10-anuncios-mas-importantes\\\/#breadcrumb\",\"itemListElement\":[{\"@type\":\"ListItem\",\"position\":1,\"name\":\"Portada\",\"item\":\"https:\\\/\\\/diariotextual.com\\\/inicio\\\/\"},{\"@type\":\"ListItem\",\"position\":2,\"name\":\"Pico: Alonso abri\u00f3 el periodo de sesiones del concejo y estos son sus 10 anuncios m\u00e1s importantes\"}]},{\"@type\":\"WebSite\",\"@id\":\"https:\\\/\\\/diariotextual.com\\\/inicio\\\/#website\",\"url\":\"https:\\\/\\\/diariotextual.com\\\/inicio\\\/\",\"name\":\"Diario Textual\",\"description\":\"\",\"publisher\":{\"@id\":\"https:\\\/\\\/diariotextual.com\\\/inicio\\\/#organization\"},\"potentialAction\":[{\"@type\":\"SearchAction\",\"target\":{\"@type\":\"EntryPoint\",\"urlTemplate\":\"https:\\\/\\\/diariotextual.com\\\/inicio\\\/?s={search_term_string}\"},\"query-input\":{\"@type\":\"PropertyValueSpecification\",\"valueRequired\":true,\"valueName\":\"search_term_string\"}}],\"inLanguage\":\"es\"},{\"@type\":\"Organization\",\"@id\":\"https:\\\/\\\/diariotextual.com\\\/inicio\\\/#organization\",\"name\":\"Diario Textual\",\"url\":\"https:\\\/\\\/diariotextual.com\\\/inicio\\\/\",\"logo\":{\"@type\":\"ImageObject\",\"inLanguage\":\"es\",\"@id\":\"https:\\\/\\\/diariotextual.com\\\/inicio\\\/#\\\/schema\\\/logo\\\/image\\\/\",\"url\":\"https:\\\/\\\/diariotextual.com\\\/inicio\\\/wp-content\\\/uploads\\\/2023\\\/05\\\/logotextual1.jpg\",\"contentUrl\":\"https:\\\/\\\/diariotextual.com\\\/inicio\\\/wp-content\\\/uploads\\\/2023\\\/05\\\/logotextual1.jpg\",\"width\":516,\"height\":76,\"caption\":\"Diario Textual\"},\"image\":{\"@id\":\"https:\\\/\\\/diariotextual.com\\\/inicio\\\/#\\\/schema\\\/logo\\\/image\\\/\"},\"sameAs\":[\"https:\\\/\\\/www.facebook.com\\\/eltextual\",\"https:\\\/\\\/x.com\\\/eltextual\",\"http:\\\/\\\/www.instagram.com\\\/eltextual\"]},{\"@type\":\"Person\",\"@id\":\"https:\\\/\\\/diariotextual.com\\\/inicio\\\/#\\\/schema\\\/person\\\/418fc4093c33e86ed41562db3508f958\",\"name\":\"Diario1 Diario1\",\"image\":{\"@type\":\"ImageObject\",\"inLanguage\":\"es\",\"@id\":\"https:\\\/\\\/secure.gravatar.com\\\/avatar\\\/9167d280179c85bc18be67aa7eda765854300033af4896dd779b608640f2ef7a?s=96&d=mm&r=g\",\"url\":\"https:\\\/\\\/secure.gravatar.com\\\/avatar\\\/9167d280179c85bc18be67aa7eda765854300033af4896dd779b608640f2ef7a?s=96&d=mm&r=g\",\"contentUrl\":\"https:\\\/\\\/secure.gravatar.com\\\/avatar\\\/9167d280179c85bc18be67aa7eda765854300033af4896dd779b608640f2ef7a?s=96&d=mm&r=g\",\"caption\":\"Diario1 Diario1\"},\"url\":\"https:\\\/\\\/diariotextual.com\\\/inicio\\\/index.php\\\/author\\\/diario1\\\/\"}]}<\/script>\n<!-- \/ Yoast SEO plugin. -->","yoast_head_json":{"title":"Pico: Alonso abri\u00f3 el periodo de sesiones del concejo y estos son sus 10 anuncios m\u00e1s importantes - Diario Textual","robots":{"index":"index","follow":"follow","max-snippet":"max-snippet:-1","max-image-preview":"max-image-preview:large","max-video-preview":"max-video-preview:-1"},"canonical":"https:\/\/diariotextual.com\/inicio\/index.php\/2026\/03\/02\/pico-alonso-abrio-el-periodo-de-sesiones-del-concejo-y-estos-son-sus-10-anuncios-mas-importantes\/","og_locale":"es_ES","og_type":"article","og_title":"Pico: Alonso abri\u00f3 el periodo de sesiones del concejo y estos son sus 10 anuncios m\u00e1s importantes - Diario Textual","og_description":"La intendenta Fernanda Alonso encabez\u00f3 en la ma\u00f1ana de este lunes 2 la apertura del per\u00edodo de sesiones ordinarias que se llev\u00f3 a cabo en el Concejo Deliberante de General&hellip;","og_url":"https:\/\/diariotextual.com\/inicio\/index.php\/2026\/03\/02\/pico-alonso-abrio-el-periodo-de-sesiones-del-concejo-y-estos-son-sus-10-anuncios-mas-importantes\/","og_site_name":"Diario Textual","article_publisher":"https:\/\/www.facebook.com\/eltextual","article_published_time":"2026-03-02T15:10:36+00:00","article_modified_time":"2026-03-03T12:43:48+00:00","og_image":[{"width":1200,"height":798,"url":"https:\/\/diariotextual.com\/inicio\/wp-content\/uploads\/2026\/03\/alonsofernanda2026-100.jpg","type":"image\/jpeg"}],"author":"Diario1 Diario1","twitter_card":"summary_large_image","twitter_creator":"@eltextual","twitter_site":"@eltextual","twitter_misc":{"Escrito por":"Diario1 Diario1","Tiempo de lectura":"4 minutos"},"schema":{"@context":"https:\/\/schema.org","@graph":[{"@type":"Article","@id":"https:\/\/diariotextual.com\/inicio\/index.php\/2026\/03\/02\/pico-alonso-abrio-el-periodo-de-sesiones-del-concejo-y-estos-son-sus-10-anuncios-mas-importantes\/#article","isPartOf":{"@id":"https:\/\/diariotextual.com\/inicio\/index.php\/2026\/03\/02\/pico-alonso-abrio-el-periodo-de-sesiones-del-concejo-y-estos-son-sus-10-anuncios-mas-importantes\/"},"author":{"name":"Diario1 Diario1","@id":"https:\/\/diariotextual.com\/inicio\/#\/schema\/person\/418fc4093c33e86ed41562db3508f958"},"headline":"Pico: Alonso abri\u00f3 el periodo de sesiones del concejo y estos son sus 10 anuncios m\u00e1s importantes","datePublished":"2026-03-02T15:10:36+00:00","dateModified":"2026-03-03T12:43:48+00:00","mainEntityOfPage":{"@id":"https:\/\/diariotextual.com\/inicio\/index.php\/2026\/03\/02\/pico-alonso-abrio-el-periodo-de-sesiones-del-concejo-y-estos-son-sus-10-anuncios-mas-importantes\/"},"wordCount":691,"publisher":{"@id":"https:\/\/diariotextual.com\/inicio\/#organization"},"image":{"@id":"https:\/\/diariotextual.com\/inicio\/index.php\/2026\/03\/02\/pico-alonso-abrio-el-periodo-de-sesiones-del-concejo-y-estos-son-sus-10-anuncios-mas-importantes\/#primaryimage"},"thumbnailUrl":"https:\/\/diariotextual.com\/inicio\/wp-content\/uploads\/2026\/03\/alonsofernanda2026-100.jpg","articleSection":["A - ES NOTICIA (van abajo)","POLITICA"],"inLanguage":"es"},{"@type":"WebPage","@id":"https:\/\/diariotextual.com\/inicio\/index.php\/2026\/03\/02\/pico-alonso-abrio-el-periodo-de-sesiones-del-concejo-y-estos-son-sus-10-anuncios-mas-importantes\/","url":"https:\/\/diariotextual.com\/inicio\/index.php\/2026\/03\/02\/pico-alonso-abrio-el-periodo-de-sesiones-del-concejo-y-estos-son-sus-10-anuncios-mas-importantes\/","name":"Pico: Alonso abri\u00f3 el periodo de sesiones del concejo y estos son sus 10 anuncios m\u00e1s importantes - Diario Textual","isPartOf":{"@id":"https:\/\/diariotextual.com\/inicio\/#website"},"primaryImageOfPage":{"@id":"https:\/\/diariotextual.com\/inicio\/index.php\/2026\/03\/02\/pico-alonso-abrio-el-periodo-de-sesiones-del-concejo-y-estos-son-sus-10-anuncios-mas-importantes\/#primaryimage"},"image":{"@id":"https:\/\/diariotextual.com\/inicio\/index.php\/2026\/03\/02\/pico-alonso-abrio-el-periodo-de-sesiones-del-concejo-y-estos-son-sus-10-anuncios-mas-importantes\/#primaryimage"},"thumbnailUrl":"https:\/\/diariotextual.com\/inicio\/wp-content\/uploads\/2026\/03\/alonsofernanda2026-100.jpg","datePublished":"2026-03-02T15:10:36+00:00","dateModified":"2026-03-03T12:43:48+00:00","breadcrumb":{"@id":"https:\/\/diariotextual.com\/inicio\/index.php\/2026\/03\/02\/pico-alonso-abrio-el-periodo-de-sesiones-del-concejo-y-estos-son-sus-10-anuncios-mas-importantes\/#breadcrumb"},"inLanguage":"es","potentialAction":[{"@type":"ReadAction","target":["https:\/\/diariotextual.com\/inicio\/index.php\/2026\/03\/02\/pico-alonso-abrio-el-periodo-de-sesiones-del-concejo-y-estos-son-sus-10-anuncios-mas-importantes\/"]}]},{"@type":"ImageObject","inLanguage":"es","@id":"https:\/\/diariotextual.com\/inicio\/index.php\/2026\/03\/02\/pico-alonso-abrio-el-periodo-de-sesiones-del-concejo-y-estos-son-sus-10-anuncios-mas-importantes\/#primaryimage","url":"https:\/\/diariotextual.com\/inicio\/wp-content\/uploads\/2026\/03\/alonsofernanda2026-100.jpg","contentUrl":"https:\/\/diariotextual.com\/inicio\/wp-content\/uploads\/2026\/03\/alonsofernanda2026-100.jpg","width":1200,"height":798},{"@type":"BreadcrumbList","@id":"https:\/\/diariotextual.com\/inicio\/index.php\/2026\/03\/02\/pico-alonso-abrio-el-periodo-de-sesiones-del-concejo-y-estos-son-sus-10-anuncios-mas-importantes\/#breadcrumb","itemListElement":[{"@type":"ListItem","position":1,"name":"Portada","item":"https:\/\/diariotextual.com\/inicio\/"},{"@type":"ListItem","position":2,"name":"Pico: Alonso abri\u00f3 el periodo de sesiones del concejo y estos son sus 10 anuncios m\u00e1s importantes"}]},{"@type":"WebSite","@id":"https:\/\/diariotextual.com\/inicio\/#website","url":"https:\/\/diariotextual.com\/inicio\/","name":"Diario Textual","description":"","publisher":{"@id":"https:\/\/diariotextual.com\/inicio\/#organization"},"potentialAction":[{"@type":"SearchAction","target":{"@type":"EntryPoint","urlTemplate":"https:\/\/diariotextual.com\/inicio\/?s={search_term_string}"},"query-input":{"@type":"PropertyValueSpecification","valueRequired":true,"valueName":"search_term_string"}}],"inLanguage":"es"},{"@type":"Organization","@id":"https:\/\/diariotextual.com\/inicio\/#organization","name":"Diario Textual","url":"https:\/\/diariotextual.com\/inicio\/","logo":{"@type":"ImageObject","inLanguage":"es","@id":"https:\/\/diariotextual.com\/inicio\/#\/schema\/logo\/image\/","url":"https:\/\/diariotextual.com\/inicio\/wp-content\/uploads\/2023\/05\/logotextual1.jpg","contentUrl":"https:\/\/diariotextual.com\/inicio\/wp-content\/uploads\/2023\/05\/logotextual1.jpg","width":516,"height":76,"caption":"Diario Textual"},"image":{"@id":"https:\/\/diariotextual.com\/inicio\/#\/schema\/logo\/image\/"},"sameAs":["https:\/\/www.facebook.com\/eltextual","https:\/\/x.com\/eltextual","http:\/\/www.instagram.com\/eltextual"]},{"@type":"Person","@id":"https:\/\/diariotextual.com\/inicio\/#\/schema\/person\/418fc4093c33e86ed41562db3508f958","name":"Diario1 Diario1","image":{"@type":"ImageObject","inLanguage":"es","@id":"https:\/\/secure.gravatar.com\/avatar\/9167d280179c85bc18be67aa7eda765854300033af4896dd779b608640f2ef7a?s=96&d=mm&r=g","url":"https:\/\/secure.gravatar.com\/avatar\/9167d280179c85bc18be67aa7eda765854300033af4896dd779b608640f2ef7a?s=96&d=mm&r=g","contentUrl":"https:\/\/secure.gravatar.com\/avatar\/9167d280179c85bc18be67aa7eda765854300033af4896dd779b608640f2ef7a?s=96&d=mm&r=g","caption":"Diario1 Diario1"},"url":"https:\/\/diariotextual.com\/inicio\/index.php\/author\/diario1\/"}]}},"_links":{"self":[{"href":"https:\/\/diariotextual.com\/inicio\/index.php\/wp-json\/wp\/v2\/posts\/321178","targetHints":{"allow":["GET"]}}],"collection":[{"href":"https:\/\/diariotextual.com\/inicio\/index.php\/wp-json\/wp\/v2\/posts"}],"about":[{"href":"https:\/\/diariotextual.com\/inicio\/index.php\/wp-json\/wp\/v2\/types\/post"}],"author":[{"embeddable":true,"href":"https:\/\/diariotextual.com\/inicio\/index.php\/wp-json\/wp\/v2\/users\/3"}],"replies":[{"embeddable":true,"href":"https:\/\/diariotextual.com\/inicio\/index.php\/wp-json\/wp\/v2\/comments?post=321178"}],"version-history":[{"count":1,"href":"https:\/\/diariotextual.com\/inicio\/index.php\/wp-json\/wp\/v2\/posts\/321178\/revisions"}],"predecessor-version":[{"id":321179,"href":"https:\/\/diariotextual.com\/inicio\/index.php\/wp-json\/wp\/v2\/posts\/321178\/revisions\/321179"}],"wp:featuredmedia":[{"embeddable":true,"href":"https:\/\/diariotextual.com\/inicio\/index.php\/wp-json\/wp\/v2\/media\/321180"}],"wp:attachment":[{"href":"https:\/\/diariotextual.com\/inicio\/index.php\/wp-json\/wp\/v2\/media?parent=321178"}],"wp:term":[{"taxonomy":"category","embeddable":true,"href":"https:\/\/diariotextual.com\/inicio\/index.php\/wp-json\/wp\/v2\/categories?post=321178"},{"taxonomy":"post_tag","embeddable":true,"href":"https:\/\/diariotextual.com\/inicio\/index.php\/wp-json\/wp\/v2\/tags?post=321178"}],"curies":[{"name":"wp","href":"https:\/\/api.w.org\/{rel}","templated":true}]}}